{"id":100283,"date":"2025-05-09T17:30:30","date_gmt":"2025-05-09T21:30:30","guid":{"rendered":"https:\/\/infoelnuevonorte.com\/?p=100283"},"modified":"2025-05-09T17:30:31","modified_gmt":"2025-05-09T21:30:31","slug":"se-acerca-la-llegada-de-la-princesa-leonor-a-republica-dominicana","status":"publish","type":"post","link":"https:\/\/infoelnuevonorte.com\/?p=100283","title":{"rendered":"Se acerca la llegada de la princesa Leonor a Rep\u00fablica Dominicana"},"content":{"rendered":"<!--[if lt IE 9]><script>document.createElement('audio');<\/script><![endif]-->\n<audio class=\"wp-audio-shortcode\" id=\"audio-100283-1\" preload=\"none\" style=\"width: 100%;\" controls=\"controls\"><source type=\"audio\/mpeg\" src=\"https:\/\/infoelnuevonorte.com\/wp-content\/uploads\/2025\/05\/ttsmaker-vip-file-2025-5-9-17-30-1.mp3?_=1\" \/><a href=\"https:\/\/infoelnuevonorte.com\/wp-content\/uploads\/2025\/05\/ttsmaker-vip-file-2025-5-9-17-30-1.mp3\">https:\/\/infoelnuevonorte.com\/wp-content\/uploads\/2025\/05\/ttsmaker-vip-file-2025-5-9-17-30-1.mp3<\/a><\/audio>\n<p style=\"text-align: justify;\">La\u00a0<strong>princesa<\/strong>\u00a0de Asturias,\u00a0<strong>Leonor<\/strong>\u00a0de Borb\u00f3n, heredera al trono de Espa\u00f1a, se prepara para su visita a Rep\u00fablica Dominicana a bordo del\u00a0<strong>buque escuela<\/strong>\u00a0<strong>Juan Sebasti\u00e1n de Elcano<\/strong>, como parte de su\u00a0<strong>formaci\u00f3n<\/strong>\u00a0militar con la\u00a0<strong>Armada<\/strong>\u00a0<strong>Espa\u00f1ola<\/strong>.<\/p>\n<p style=\"text-align: justify;\">El emblem\u00e1tico nav\u00edo, que zarp\u00f3 desde C\u00e1diz, Espa\u00f1a, en enero con una tripulaci\u00f3n de aproximadamente 240 personas (entre oficiales, suboficiales,\u00a0<strong>marineros<\/strong>, guardiamarinas y personal\u00a0<strong>civil<\/strong>), ha hecho escala en varios puertos del continente americano.<\/p>\n<p style=\"text-align: justify;\">Tras sus visitas a ciudades colombianas como Cartagena de Indias y Santa Marta, el buque se dirigir\u00e1 a\u00a0<strong>Santo<\/strong>\u00a0<strong>Domingo<\/strong>, donde tiene previsto arribar el 19 de mayo y permanecer hasta el d\u00eda 24.<\/p>\n<p style=\"text-align: justify;\">Durante su estancia en territorio dominicano, se espera que la\u00a0<strong>princesa<\/strong>\u00a0<strong>Leonor<\/strong>\u00a0participe en actividades protocolares y culturales que contribuir\u00e1n a fortalecer los lazos hist\u00f3ricos y diplom\u00e1ticos entre Espa\u00f1a y Rep\u00fablica Dominicana.<\/p>\n<figure class=\"my-12 component infografia\" style=\"text-align: justify;\">\n<div class=\"expand-img-placeholder\"><img loading=\"lazy\" decoding=\"async\" src=\"https:\/\/resources.diariolibre.com\/images\/expand.svg\" alt=\"Expandir imagen\" width=\"20\" height=\"20\" \/><\/div>\n<picture><img decoding=\"async\" class=\"mx-auto lazy loaded\" src=\"https:\/\/resources.diariolibre.com\/images\/2025\/05\/09\/leonor-elcano-cdfb295d.jpg\" alt=\"Infograf\u00eda\" width=\"auto\" height=\"350\" data-src=\"https:\/\/resources.diariolibre.com\/images\/2025\/05\/09\/leonor-elcano-cdfb295d.jpg\" data-was-processed=\"true\" \/><\/picture><\/figure>\n<h2 style=\"text-align: justify;\">Formaci\u00f3n\u00a0<strong>integral<\/strong>\u00a0en\u00a0<strong>alta<\/strong>\u00a0<strong>mar<\/strong><\/h2>\n<p style=\"text-align: justify;\">El viaje del\u00a0<strong>Juan Sebasti\u00e1n de Elcano<\/strong>, que concluir\u00e1 en julio tras escalas en\u00a0<strong>Santo<\/strong>\u00a0<strong>Domingo<\/strong>\u00a0y Nueva York, forma parte de un programa intensivo de\u00a0<strong>formaci\u00f3n<\/strong>\u00a0para los guardiamarinas.<\/p>\n<p style=\"text-align: justify;\">Aproximadamente el 75 % del crucero se desarrolla en\u00a0<strong>alta<\/strong>\u00a0<strong>mar<\/strong>, mientras que el 25 % restante ocurre en distintos puertos del mundo.<\/p>\n<p style=\"text-align: justify;\">Durante estos seis meses, los j\u00f3venes reciben entre cinco y ocho horas de clase al d\u00eda, abarcando tanto contenidos\u00a0<strong>navales<\/strong>\u00a0y militares como acad\u00e9micos y human\u00edsticos, en una experiencia comparable a la vida universitaria, pero en un entorno\u00a0<strong>mar<\/strong>\u00edtimo.<\/p>\n<h2 style=\"text-align: justify;\">Un\u00a0<strong>emotivo<\/strong>\u00a0<strong>reencuentro<\/strong><\/h2>\n<div class=\"social-embed mb-4\" style=\"text-align: justify;\"><iframe id=\"instagram-embed-0\" class=\"instagram-media instagram-media-rendered\" src=\"https:\/\/www.instagram.com\/p\/DJMrOUws3-H\/embed\/captioned\/?cr=1&amp;v=14&amp;wp=675&amp;rd=https%3A%2F%2Fwww.diariolibre.com&amp;rp=%2Frevista%2Fcultura%2F2025%2F05%2F09%2Fcuando-llegara-la-princesa-leonor-a-republica-dominicana%2F3105926%3Futm_source%3Donesignal%26utm_medium%3Dpush#%7B%22ci%22%3A0%2C%22os%22%3A278517.8999999985%2C%22ls%22%3A278512.19999999925%2C%22le%22%3A278513.5999999996%7D\" height=\"1095\" frameborder=\"0\" scrolling=\"no\" allowfullscreen=\"allowfullscreen\" data-instgrm-payload-id=\"instagram-media-payload-0\" data-mce-fragment=\"1\"><\/iframe><\/p>\n<div class=\" lazyloaded\" data-script=\"https:\/\/www.instagram.com\/embed.js\"><\/div>\n<\/div>\n<p style=\"text-align: justify;\">Uno de los momentos m\u00e1s destacados del viaje hasta ahora se vivi\u00f3 en la ciudad de Panam\u00e1, donde\u00a0<strong>Leonor<\/strong>\u00a0se reencontr\u00f3 con su madre, la reina Letizia. Fue la primera vez que madre e hija se vieron desde el inicio del\u00a0<strong>viaje<\/strong>\u00a0en enero.<\/p>\n<p style=\"text-align: justify;\">El\u00a0<strong>emotivo<\/strong>\u00a0abrazo que compartieron fue captado por la prensa internacional, en un gesto de cercan\u00eda y afecto que humaniz\u00f3 a\u00fan m\u00e1s el exigente trayecto de la\u00a0<strong>princesa<\/strong>.<\/p>\n","protected":false},"excerpt":{"rendered":"<p>La\u00a0princesa\u00a0de Asturias,\u00a0Leonor\u00a0de Borb\u00f3n, heredera al trono de Espa\u00f1a, se prepara para su visita a Rep\u00fablica Dominicana a bordo del\u00a0buque escuela\u00a0Juan Sebasti\u00e1n de Elcano, como parte de su\u00a0formaci\u00f3n\u00a0militar con la\u00a0Armada\u00a0Espa\u00f1ola. El emblem\u00e1tico nav\u00edo, que zarp\u00f3 desde C\u00e1diz, Espa\u00f1a, en enero con una tripulaci\u00f3n de aproximadamente 240 personas (entre oficiales, suboficiales,\u00a0marineros, guardiamarinas y personal\u00a0civil), ha hecho escala [&hellip;]<\/p>\n","protected":false},"author":2,"featured_media":0,"comment_status":"closed","ping_status":"open","sticky":false,"template":"","format":"standard","meta":{"footnotes":""},"categories":[9],"tags":[],"yoast_head":"<!-- This site is optimized with the Yoast SEO plugin v24.5 - https:\/\/yoast.com\/wordpress\/plugins\/seo\/ -->\n<title>Se acerca la llegada de la princesa Leonor a Rep\u00fablica Dominicana | El Nuevo Norte<\/title>\n<meta name=\"robots\" content=\"index, follow, max-snippet:-1, max-image-preview:large, max-video-preview:-1\" \/>\n<link rel=\"canonical\" href=\"https:\/\/infoelnuevonorte.com\/?p=100283\" \/>\n<meta property=\"og:locale\" content=\"es_ES\" \/>\n<meta property=\"og:type\" content=\"article\" \/>\n<meta property=\"og:title\" content=\"Se acerca la llegada de la princesa Leonor a Rep\u00fablica Dominicana | El Nuevo Norte\" \/>\n<meta property=\"og:description\" content=\"La\u00a0princesa\u00a0de Asturias,\u00a0Leonor\u00a0de Borb\u00f3n, heredera al trono de Espa\u00f1a, se prepara para su visita a Rep\u00fablica Dominicana a bordo del\u00a0buque escuela\u00a0Juan Sebasti\u00e1n de Elcano, como parte de su\u00a0formaci\u00f3n\u00a0militar con la\u00a0Armada\u00a0Espa\u00f1ola. El emblem\u00e1tico nav\u00edo, que zarp\u00f3 desde C\u00e1diz, Espa\u00f1a, en enero con una tripulaci\u00f3n de aproximadamente 240 personas (entre oficiales, suboficiales,\u00a0marineros, guardiamarinas y personal\u00a0civil), ha hecho escala [&hellip;]\" \/>\n<meta property=\"og:url\" content=\"https:\/\/infoelnuevonorte.com\/?p=100283\" \/>\n<meta property=\"og:site_name\" content=\"El Nuevo Norte\" \/>\n<meta property=\"article:publisher\" content=\"https:\/\/www.facebook.com\/infoenn\" \/>\n<meta property=\"article:published_time\" content=\"2025-05-09T21:30:30+00:00\" \/>\n<meta property=\"article:modified_time\" content=\"2025-05-09T21:30:31+00:00\" \/>\n<meta property=\"og:image\" content=\"https:\/\/infoelnuevonorte.com\/wp-content\/uploads\/2025\/05\/princesa-leonor-buque-553ce967-focus-0.01-0.06-896-504.png\" \/>\n\t<meta property=\"og:image:width\" content=\"896\" \/>\n\t<meta property=\"og:image:height\" content=\"504\" \/>\n\t<meta property=\"og:image:type\" content=\"image\/png\" \/>\n<meta name=\"author\" content=\"T. R.\" \/>\n<meta name=\"twitter:card\" content=\"summary_large_image\" \/>\n<meta name=\"twitter:creator\" content=\"@Elnuevo_norte\" \/>\n<meta name=\"twitter:site\" content=\"@Elnuevo_norte\" \/>\n<meta name=\"twitter:label1\" content=\"Written by\" \/>\n\t<meta name=\"twitter:data1\" content=\"T. R.\" \/>\n\t<meta name=\"twitter:label2\" content=\"Est. reading time\" \/>\n\t<meta name=\"twitter:data2\" content=\"3 minutos\" \/>\n<script type=\"application\/ld+json\" class=\"yoast-schema-graph\">{\"@context\":\"https:\/\/schema.org\",\"@graph\":[{\"@type\":\"Article\",\"@id\":\"https:\/\/infoelnuevonorte.com\/?p=100283#article\",\"isPartOf\":{\"@id\":\"https:\/\/infoelnuevonorte.com\/?p=100283\"},\"author\":{\"name\":\"T. R.\",\"@id\":\"https:\/\/infoelnuevonorte.com\/#\/schema\/person\/3accb35eb55f55e96c492b52d085a403\"},\"headline\":\"Se acerca la llegada de la princesa Leonor a Rep\u00fablica Dominicana\",\"datePublished\":\"2025-05-09T21:30:30+00:00\",\"dateModified\":\"2025-05-09T21:30:31+00:00\",\"mainEntityOfPage\":{\"@id\":\"https:\/\/infoelnuevonorte.com\/?p=100283\"},\"wordCount\":360,\"publisher\":{\"@id\":\"https:\/\/infoelnuevonorte.com\/#organization\"},\"image\":{\"@id\":\"https:\/\/infoelnuevonorte.com\/?p=100283#primaryimage\"},\"thumbnailUrl\":\"https:\/\/resources.diariolibre.com\/images\/expand.svg\",\"articleSection\":[\"Mundiales\"],\"inLanguage\":\"es-DO\"},{\"@type\":\"WebPage\",\"@id\":\"https:\/\/infoelnuevonorte.com\/?p=100283\",\"url\":\"https:\/\/infoelnuevonorte.com\/?p=100283\",\"name\":\"Se acerca la llegada de la princesa Leonor a Rep\u00fablica Dominicana | El Nuevo Norte\",\"isPartOf\":{\"@id\":\"https:\/\/infoelnuevonorte.com\/#website\"},\"primaryImageOfPage\":{\"@id\":\"https:\/\/infoelnuevonorte.com\/?p=100283#primaryimage\"},\"image\":{\"@id\":\"https:\/\/infoelnuevonorte.com\/?p=100283#primaryimage\"},\"thumbnailUrl\":\"https:\/\/resources.diariolibre.com\/images\/expand.svg\",\"datePublished\":\"2025-05-09T21:30:30+00:00\",\"dateModified\":\"2025-05-09T21:30:31+00:00\",\"breadcrumb\":{\"@id\":\"https:\/\/infoelnuevonorte.com\/?p=100283#breadcrumb\"},\"inLanguage\":\"es-DO\",\"potentialAction\":[{\"@type\":\"ReadAction\",\"target\":[\"https:\/\/infoelnuevonorte.com\/?p=100283\"]}]},{\"@type\":\"ImageObject\",\"inLanguage\":\"es-DO\",\"@id\":\"https:\/\/infoelnuevonorte.com\/?p=100283#primaryimage\",\"url\":\"https:\/\/resources.diariolibre.com\/images\/expand.svg\",\"contentUrl\":\"https:\/\/resources.diariolibre.com\/images\/expand.svg\"},{\"@type\":\"BreadcrumbList\",\"@id\":\"https:\/\/infoelnuevonorte.com\/?p=100283#breadcrumb\",\"itemListElement\":[{\"@type\":\"ListItem\",\"position\":1,\"name\":\"Home\",\"item\":\"https:\/\/infoelnuevonorte.com\/\"},{\"@type\":\"ListItem\",\"position\":2,\"name\":\"Se acerca la llegada de la princesa Leonor a Rep\u00fablica Dominicana\"}]},{\"@type\":\"WebSite\",\"@id\":\"https:\/\/infoelnuevonorte.com\/#website\",\"url\":\"https:\/\/infoelnuevonorte.com\/\",\"name\":\"InfoEnn\",\"description\":\"Tu Voz, tu Verdad, tu Diario!!!\",\"publisher\":{\"@id\":\"https:\/\/infoelnuevonorte.com\/#organization\"},\"alternateName\":\"El Nuevo Norte\",\"potentialAction\":[{\"@type\":\"SearchAction\",\"target\":{\"@type\":\"EntryPoint\",\"urlTemplate\":\"https:\/\/infoelnuevonorte.com\/?s={search_term_string}\"},\"query-input\":{\"@type\":\"PropertyValueSpecification\",\"valueRequired\":true,\"valueName\":\"search_term_string\"}}],\"inLanguage\":\"es-DO\"},{\"@type\":\"Organization\",\"@id\":\"https:\/\/infoelnuevonorte.com\/#organization\",\"name\":\"Info El Nuevo Norte\",\"alternateName\":\"El Nuevo Norte\",\"url\":\"https:\/\/infoelnuevonorte.com\/\",\"logo\":{\"@type\":\"ImageObject\",\"inLanguage\":\"es-DO\",\"@id\":\"https:\/\/infoelnuevonorte.com\/#\/schema\/logo\/image\/\",\"url\":\"https:\/\/infoelnuevonorte.com\/wp-content\/uploads\/2026\/02\/Logo-Info-enn-3d-20ani.jpeg\",\"contentUrl\":\"https:\/\/infoelnuevonorte.com\/wp-content\/uploads\/2026\/02\/Logo-Info-enn-3d-20ani.jpeg\",\"width\":2046,\"height\":736,\"caption\":\"Info El Nuevo Norte\"},\"image\":{\"@id\":\"https:\/\/infoelnuevonorte.com\/#\/schema\/logo\/image\/\"},\"sameAs\":[\"https:\/\/www.facebook.com\/infoenn\",\"https:\/\/x.com\/Elnuevo_norte\",\"https:\/\/www.instagram.com\/infoenn\",\"https:\/\/www.facebook.com\/ENNRD\"]},{\"@type\":\"Person\",\"@id\":\"https:\/\/infoelnuevonorte.com\/#\/schema\/person\/3accb35eb55f55e96c492b52d085a403\",\"name\":\"T. R.\",\"image\":{\"@type\":\"ImageObject\",\"inLanguage\":\"es-DO\",\"@id\":\"https:\/\/infoelnuevonorte.com\/#\/schema\/person\/image\/\",\"url\":\"https:\/\/secure.gravatar.com\/avatar\/40543a038bda97abdb765b1662e9677d?s=96&d=robohash&r=g\",\"contentUrl\":\"https:\/\/secure.gravatar.com\/avatar\/40543a038bda97abdb765b1662e9677d?s=96&d=robohash&r=g\",\"caption\":\"T. R.\"},\"url\":\"https:\/\/infoelnuevonorte.com\/?author=2\"}]}<\/script>\n<!-- \/ Yoast SEO plugin. -->","yoast_head_json":{"title":"Se acerca la llegada de la princesa Leonor a Rep\u00fablica Dominicana | El Nuevo Norte","robots":{"index":"index","follow":"follow","max-snippet":"max-snippet:-1","max-image-preview":"max-image-preview:large","max-video-preview":"max-video-preview:-1"},"canonical":"https:\/\/infoelnuevonorte.com\/?p=100283","og_locale":"es_ES","og_type":"article","og_title":"Se acerca la llegada de la princesa Leonor a Rep\u00fablica Dominicana | El Nuevo Norte","og_description":"La\u00a0princesa\u00a0de Asturias,\u00a0Leonor\u00a0de Borb\u00f3n, heredera al trono de Espa\u00f1a, se prepara para su visita a Rep\u00fablica Dominicana a bordo del\u00a0buque escuela\u00a0Juan Sebasti\u00e1n de Elcano, como parte de su\u00a0formaci\u00f3n\u00a0militar con la\u00a0Armada\u00a0Espa\u00f1ola. El emblem\u00e1tico nav\u00edo, que zarp\u00f3 desde C\u00e1diz, Espa\u00f1a, en enero con una tripulaci\u00f3n de aproximadamente 240 personas (entre oficiales, suboficiales,\u00a0marineros, guardiamarinas y personal\u00a0civil), ha hecho escala [&hellip;]","og_url":"https:\/\/infoelnuevonorte.com\/?p=100283","og_site_name":"El Nuevo Norte","article_publisher":"https:\/\/www.facebook.com\/infoenn","article_published_time":"2025-05-09T21:30:30+00:00","article_modified_time":"2025-05-09T21:30:31+00:00","og_image":[{"width":896,"height":504,"url":"https:\/\/infoelnuevonorte.com\/wp-content\/uploads\/2025\/05\/princesa-leonor-buque-553ce967-focus-0.01-0.06-896-504.png","type":"image\/png"}],"author":"T. R.","twitter_card":"summary_large_image","twitter_creator":"@Elnuevo_norte","twitter_site":"@Elnuevo_norte","twitter_misc":{"Written by":"T. R.","Est. reading time":"3 minutos"},"schema":{"@context":"https:\/\/schema.org","@graph":[{"@type":"Article","@id":"https:\/\/infoelnuevonorte.com\/?p=100283#article","isPartOf":{"@id":"https:\/\/infoelnuevonorte.com\/?p=100283"},"author":{"name":"T. R.","@id":"https:\/\/infoelnuevonorte.com\/#\/schema\/person\/3accb35eb55f55e96c492b52d085a403"},"headline":"Se acerca la llegada de la princesa Leonor a Rep\u00fablica Dominicana","datePublished":"2025-05-09T21:30:30+00:00","dateModified":"2025-05-09T21:30:31+00:00","mainEntityOfPage":{"@id":"https:\/\/infoelnuevonorte.com\/?p=100283"},"wordCount":360,"publisher":{"@id":"https:\/\/infoelnuevonorte.com\/#organization"},"image":{"@id":"https:\/\/infoelnuevonorte.com\/?p=100283#primaryimage"},"thumbnailUrl":"https:\/\/resources.diariolibre.com\/images\/expand.svg","articleSection":["Mundiales"],"inLanguage":"es-DO"},{"@type":"WebPage","@id":"https:\/\/infoelnuevonorte.com\/?p=100283","url":"https:\/\/infoelnuevonorte.com\/?p=100283","name":"Se acerca la llegada de la princesa Leonor a Rep\u00fablica Dominicana | El Nuevo Norte","isPartOf":{"@id":"https:\/\/infoelnuevonorte.com\/#website"},"primaryImageOfPage":{"@id":"https:\/\/infoelnuevonorte.com\/?p=100283#primaryimage"},"image":{"@id":"https:\/\/infoelnuevonorte.com\/?p=100283#primaryimage"},"thumbnailUrl":"https:\/\/resources.diariolibre.com\/images\/expand.svg","datePublished":"2025-05-09T21:30:30+00:00","dateModified":"2025-05-09T21:30:31+00:00","breadcrumb":{"@id":"https:\/\/infoelnuevonorte.com\/?p=100283#breadcrumb"},"inLanguage":"es-DO","potentialAction":[{"@type":"ReadAction","target":["https:\/\/infoelnuevonorte.com\/?p=100283"]}]},{"@type":"ImageObject","inLanguage":"es-DO","@id":"https:\/\/infoelnuevonorte.com\/?p=100283#primaryimage","url":"https:\/\/resources.diariolibre.com\/images\/expand.svg","contentUrl":"https:\/\/resources.diariolibre.com\/images\/expand.svg"},{"@type":"BreadcrumbList","@id":"https:\/\/infoelnuevonorte.com\/?p=100283#breadcrumb","itemListElement":[{"@type":"ListItem","position":1,"name":"Home","item":"https:\/\/infoelnuevonorte.com\/"},{"@type":"ListItem","position":2,"name":"Se acerca la llegada de la princesa Leonor a Rep\u00fablica Dominicana"}]},{"@type":"WebSite","@id":"https:\/\/infoelnuevonorte.com\/#website","url":"https:\/\/infoelnuevonorte.com\/","name":"InfoEnn","description":"Tu Voz, tu Verdad, tu Diario!!!","publisher":{"@id":"https:\/\/infoelnuevonorte.com\/#organization"},"alternateName":"El Nuevo Norte","potentialAction":[{"@type":"SearchAction","target":{"@type":"EntryPoint","urlTemplate":"https:\/\/infoelnuevonorte.com\/?s={search_term_string}"},"query-input":{"@type":"PropertyValueSpecification","valueRequired":true,"valueName":"search_term_string"}}],"inLanguage":"es-DO"},{"@type":"Organization","@id":"https:\/\/infoelnuevonorte.com\/#organization","name":"Info El Nuevo Norte","alternateName":"El Nuevo Norte","url":"https:\/\/infoelnuevonorte.com\/","logo":{"@type":"ImageObject","inLanguage":"es-DO","@id":"https:\/\/infoelnuevonorte.com\/#\/schema\/logo\/image\/","url":"https:\/\/infoelnuevonorte.com\/wp-content\/uploads\/2026\/02\/Logo-Info-enn-3d-20ani.jpeg","contentUrl":"https:\/\/infoelnuevonorte.com\/wp-content\/uploads\/2026\/02\/Logo-Info-enn-3d-20ani.jpeg","width":2046,"height":736,"caption":"Info El Nuevo Norte"},"image":{"@id":"https:\/\/infoelnuevonorte.com\/#\/schema\/logo\/image\/"},"sameAs":["https:\/\/www.facebook.com\/infoenn","https:\/\/x.com\/Elnuevo_norte","https:\/\/www.instagram.com\/infoenn","https:\/\/www.facebook.com\/ENNRD"]},{"@type":"Person","@id":"https:\/\/infoelnuevonorte.com\/#\/schema\/person\/3accb35eb55f55e96c492b52d085a403","name":"T. R.","image":{"@type":"ImageObject","inLanguage":"es-DO","@id":"https:\/\/infoelnuevonorte.com\/#\/schema\/person\/image\/","url":"https:\/\/secure.gravatar.com\/avatar\/40543a038bda97abdb765b1662e9677d?s=96&d=robohash&r=g","contentUrl":"https:\/\/secure.gravatar.com\/avatar\/40543a038bda97abdb765b1662e9677d?s=96&d=robohash&r=g","caption":"T. R."},"url":"https:\/\/infoelnuevonorte.com\/?author=2"}]}},"_links":{"self":[{"href":"https:\/\/infoelnuevonorte.com\/index.php?rest_route=\/wp\/v2\/posts\/100283"}],"collection":[{"href":"https:\/\/infoelnuevonorte.com\/index.php?rest_route=\/wp\/v2\/posts"}],"about":[{"href":"https:\/\/infoelnuevonorte.com\/index.php?rest_route=\/wp\/v2\/types\/post"}],"author":[{"embeddable":true,"href":"https:\/\/infoelnuevonorte.com\/index.php?rest_route=\/wp\/v2\/users\/2"}],"replies":[{"embeddable":true,"href":"https:\/\/infoelnuevonorte.com\/index.php?rest_route=%2Fwp%2Fv2%2Fcomments&post=100283"}],"version-history":[{"count":1,"href":"https:\/\/infoelnuevonorte.com\/index.php?rest_route=\/wp\/v2\/posts\/100283\/revisions"}],"predecessor-version":[{"id":100286,"href":"https:\/\/infoelnuevonorte.com\/index.php?rest_route=\/wp\/v2\/posts\/100283\/revisions\/100286"}],"wp:attachment":[{"href":"https:\/\/infoelnuevonorte.com\/index.php?rest_route=%2Fwp%2Fv2%2Fmedia&parent=100283"}],"wp:term":[{"taxonomy":"category","embeddable":true,"href":"https:\/\/infoelnuevonorte.com\/index.php?rest_route=%2Fwp%2Fv2%2Fcategories&post=100283"},{"taxonomy":"post_tag","embeddable":true,"href":"https:\/\/infoelnuevonorte.com\/index.php?rest_route=%2Fwp%2Fv2%2Ftags&post=100283"}],"curies":[{"name":"wp","href":"https:\/\/api.w.org\/{rel}","templated":true}]}}