{"id":102377,"date":"2025-05-16T18:30:35","date_gmt":"2025-05-16T22:30:35","guid":{"rendered":"https:\/\/infoelnuevonorte.com\/?p=102377"},"modified":"2025-05-16T18:30:37","modified_gmt":"2025-05-16T22:30:37","slug":"presidente-abinader-recibe-la-declaracion-de-santo-domingo-tras-culminar-la-xxii-cumbre-judicial-iberoamericana","status":"publish","type":"post","link":"https:\/\/infoelnuevonorte.com\/?p=102377","title":{"rendered":"Presidente Abinader recibe la Declaraci\u00f3n de Santo Domingo tras culminar la XXII Cumbre Judicial Iberoamericana"},"content":{"rendered":"<!--[if lt IE 9]><script>document.createElement('audio');<\/script><![endif]-->\n<audio class=\"wp-audio-shortcode\" id=\"audio-102377-1\" preload=\"none\" style=\"width: 100%;\" controls=\"controls\"><source type=\"audio\/mpeg\" src=\"https:\/\/infoelnuevonorte.com\/wp-content\/uploads\/2025\/05\/ttsmaker-vip-file-2025-5-16-18-28-46.mp3?_=1\" \/><a href=\"https:\/\/infoelnuevonorte.com\/wp-content\/uploads\/2025\/05\/ttsmaker-vip-file-2025-5-16-18-28-46.mp3\">https:\/\/infoelnuevonorte.com\/wp-content\/uploads\/2025\/05\/ttsmaker-vip-file-2025-5-16-18-28-46.mp3<\/a><\/audio>\n<p style=\"text-align: justify;\">Santo Domingo. \u2013 El presidente Luis Abinader recibi\u00f3 este viernes la Declaraci\u00f3n de Santo Domingo, al cierre de la XXII Cumbre Judicial Iberoamericana, en la que 23 pa\u00edses reafirmaron su compromiso con una justicia m\u00e1s independiente, accesible y centrada en la dignidad humana, consolidando a Rep\u00fablica Dominicana como epicentro del di\u00e1logo judicial regional.<\/p>\n<p style=\"text-align: justify;\">El presidente de la Suprema Corte de Justicia, Henry Molina Pe\u00f1a , quien habl\u00f3 en nombre de los participantes de 23 pa\u00edses en la cumbre, hizo la entrega en nombre de todos los presidentes de Supremas Cortes de Justicia y del Consejo del Poder Judicial los cuales firmaron el acuerdo.<img loading=\"lazy\" decoding=\"async\" class=\"aligncenter size-full wp-image-102385\" src=\"https:\/\/infoelnuevonorte.com\/wp-content\/uploads\/2025\/05\/WhatsApp-Image-2025-05-16-at-5.48.25-PM.jpeg\" alt=\"\" width=\"1600\" height=\"1418\" \/><\/p>\n<p style=\"text-align: justify;\">Entre las acciones en el documento se encuentran, incorporar los Productos Axiol\u00f3gicos en la Planificaci\u00f3n Estrat\u00e9gica; actualizar el Mapa Judicial Iberoamericano, Innovar y Digitalizar; Atender el impacto de la Inteligencia Artificial; Fomentar la Cooperaci\u00f3n Solidaria; Promover la Educaci\u00f3n y Capacitaci\u00f3n Judicial; Garantizar la Igualdad de G\u00e9nero y Promover la protecci\u00f3n de los derechos ambientales<\/p>\n<p style=\"text-align: justify;\">A trav\u00e9s de la Declaraci\u00f3n de Santo Domingo se hizo una invitaci\u00f3n a los Poderes Judiciales de Iberoam\u00e9rica a adoptar estos principios y compromisos, integrando los productos axiol\u00f3gicos en sus procesos de planificaci\u00f3n y administraci\u00f3n, garantizando su implementaci\u00f3n efectiva para fortalecer el Estado democr\u00e1tico de derecho y construir una justicia que responda a las necesidades de todas las personas.<img loading=\"lazy\" decoding=\"async\" class=\"aligncenter size-full wp-image-102384\" src=\"https:\/\/infoelnuevonorte.com\/wp-content\/uploads\/2025\/05\/WhatsApp-Image-2025-05-16-at-5.48.25-PM1.jpeg\" alt=\"\" width=\"1600\" height=\"1066\" \/><\/p>\n<p style=\"text-align: justify;\">La Declaraci\u00f3n llama a la acci\u00f3n transformadora, as\u00ed como una invitaci\u00f3n y un reclamo a continuar fortaleciendo la democracia y el Estado de derecho en un tiempo donde instituciones y derechos enfrentan cuestionamientos m\u00faltiples que ponen en riesgo las grandes conquistas de\u202flos pueblos iberoamericanos.<\/p>\n<p style=\"text-align: justify;\">\u201cEs tambi\u00e9n una promesa de que los Poderes Judiciales de Iberoam\u00e9rica trabajar\u00e1n sin descanso para garantizar una justicia que responda a las necesidades de las personas, respete la libertad, proteja la igualdad, promueva la equidad procesal y sustantiva, fomente la solidaridad y honre la dignidad de cada persona\u201d.<\/p>\n<p style=\"text-align: justify;\">Los firmantes creen en la fuerza de la Justicia como herramienta de cambio social y ambiental. Y se comprometen a trabajar con \u00e9tica y visi\u00f3n para consolidar poderes judiciales modelo, que sean faros de esperanza, confianza, excelencia y garant\u00eda de derechos para las generaciones presentes y futuras.<\/p>\n<p style=\"text-align: justify;\">El documento lo firman representantes de Andorra, Argentina, Bolivia, Brasil, Chile, Colombia, Costa Rica, Cuba, Ecuador, El Salvador, Espa\u00f1a, Guatemala, Honduras, M\u00e9xico, Panam\u00e1, Paraguay, Per\u00fa, Portugal, Estado Libre y Asociado de Puerto Rico y Uruguay.<\/p>\n<p style=\"text-align: justify;\">Direcci\u00f3n de Prensa del Presidente<\/p>\n","protected":false},"excerpt":{"rendered":"<p>Santo Domingo. \u2013 El presidente Luis Abinader recibi\u00f3 este viernes la Declaraci\u00f3n de Santo Domingo, al cierre de la XXII Cumbre Judicial Iberoamericana, en la que 23 pa\u00edses reafirmaron su compromiso con una justicia m\u00e1s independiente, accesible y centrada en la dignidad humana, consolidando a Rep\u00fablica Dominicana como epicentro del di\u00e1logo judicial regional. El presidente [&hellip;]<\/p>\n","protected":false},"author":1,"featured_media":0,"comment_status":"closed","ping_status":"open","sticky":false,"template":"","format":"standard","meta":{"footnotes":""},"categories":[8],"tags":[],"yoast_head":"<!-- This site is optimized with the Yoast SEO plugin v24.5 - https:\/\/yoast.com\/wordpress\/plugins\/seo\/ -->\n<title>Presidente Abinader recibe la Declaraci\u00f3n de Santo Domingo tras culminar la XXII Cumbre Judicial Iberoamericana | El Nuevo Norte<\/title>\n<meta name=\"robots\" content=\"index, follow, max-snippet:-1, max-image-preview:large, max-video-preview:-1\" \/>\n<link rel=\"canonical\" href=\"https:\/\/infoelnuevonorte.com\/?p=102377\" \/>\n<meta property=\"og:locale\" content=\"es_ES\" \/>\n<meta property=\"og:type\" content=\"article\" \/>\n<meta property=\"og:title\" content=\"Presidente Abinader recibe la Declaraci\u00f3n de Santo Domingo tras culminar la XXII Cumbre Judicial Iberoamericana | El Nuevo Norte\" \/>\n<meta property=\"og:description\" content=\"Santo Domingo. \u2013 El presidente Luis Abinader recibi\u00f3 este viernes la Declaraci\u00f3n de Santo Domingo, al cierre de la XXII Cumbre Judicial Iberoamericana, en la que 23 pa\u00edses reafirmaron su compromiso con una justicia m\u00e1s independiente, accesible y centrada en la dignidad humana, consolidando a Rep\u00fablica Dominicana como epicentro del di\u00e1logo judicial regional. El presidente [&hellip;]\" \/>\n<meta property=\"og:url\" content=\"https:\/\/infoelnuevonorte.com\/?p=102377\" \/>\n<meta property=\"og:site_name\" content=\"El Nuevo Norte\" \/>\n<meta property=\"article:publisher\" content=\"https:\/\/www.facebook.com\/infoenn\" \/>\n<meta property=\"article:published_time\" content=\"2025-05-16T22:30:35+00:00\" \/>\n<meta property=\"article:modified_time\" content=\"2025-05-16T22:30:37+00:00\" \/>\n<meta property=\"og:image\" content=\"https:\/\/infoelnuevonorte.com\/wp-content\/uploads\/2025\/05\/WhatsApp-Image-2025-05-16-at-5.48.25-PM2.jpeg\" \/>\n\t<meta property=\"og:image:width\" content=\"1600\" \/>\n\t<meta property=\"og:image:height\" content=\"1098\" \/>\n\t<meta property=\"og:image:type\" content=\"image\/jpeg\" \/>\n<meta name=\"author\" content=\"InfoEnn\" \/>\n<meta name=\"twitter:card\" content=\"summary_large_image\" \/>\n<meta name=\"twitter:creator\" content=\"@Elnuevo_norte\" \/>\n<meta name=\"twitter:site\" content=\"@Elnuevo_norte\" \/>\n<meta name=\"twitter:label1\" content=\"Written by\" \/>\n\t<meta name=\"twitter:data1\" content=\"InfoEnn\" \/>\n\t<meta name=\"twitter:label2\" content=\"Est. reading time\" \/>\n\t<meta name=\"twitter:data2\" content=\"3 minutos\" \/>\n<script type=\"application\/ld+json\" class=\"yoast-schema-graph\">{\"@context\":\"https:\/\/schema.org\",\"@graph\":[{\"@type\":\"Article\",\"@id\":\"https:\/\/infoelnuevonorte.com\/?p=102377#article\",\"isPartOf\":{\"@id\":\"https:\/\/infoelnuevonorte.com\/?p=102377\"},\"author\":{\"name\":\"InfoEnn\",\"@id\":\"https:\/\/infoelnuevonorte.com\/#\/schema\/person\/fd4f6d90afe41260818b4ea94ad8ab84\"},\"headline\":\"Presidente Abinader recibe la Declaraci\u00f3n de Santo Domingo tras culminar la XXII Cumbre Judicial Iberoamericana\",\"datePublished\":\"2025-05-16T22:30:35+00:00\",\"dateModified\":\"2025-05-16T22:30:37+00:00\",\"mainEntityOfPage\":{\"@id\":\"https:\/\/infoelnuevonorte.com\/?p=102377\"},\"wordCount\":459,\"publisher\":{\"@id\":\"https:\/\/infoelnuevonorte.com\/#organization\"},\"image\":{\"@id\":\"https:\/\/infoelnuevonorte.com\/?p=102377#primaryimage\"},\"thumbnailUrl\":\"https:\/\/infoelnuevonorte.com\/wp-content\/uploads\/2025\/05\/WhatsApp-Image-2025-05-16-at-5.48.25-PM.jpeg\",\"articleSection\":[\"Nacionales\"],\"inLanguage\":\"es-DO\"},{\"@type\":\"WebPage\",\"@id\":\"https:\/\/infoelnuevonorte.com\/?p=102377\",\"url\":\"https:\/\/infoelnuevonorte.com\/?p=102377\",\"name\":\"Presidente Abinader recibe la Declaraci\u00f3n de Santo Domingo tras culminar la XXII Cumbre Judicial Iberoamericana | El Nuevo Norte\",\"isPartOf\":{\"@id\":\"https:\/\/infoelnuevonorte.com\/#website\"},\"primaryImageOfPage\":{\"@id\":\"https:\/\/infoelnuevonorte.com\/?p=102377#primaryimage\"},\"image\":{\"@id\":\"https:\/\/infoelnuevonorte.com\/?p=102377#primaryimage\"},\"thumbnailUrl\":\"https:\/\/infoelnuevonorte.com\/wp-content\/uploads\/2025\/05\/WhatsApp-Image-2025-05-16-at-5.48.25-PM.jpeg\",\"datePublished\":\"2025-05-16T22:30:35+00:00\",\"dateModified\":\"2025-05-16T22:30:37+00:00\",\"breadcrumb\":{\"@id\":\"https:\/\/infoelnuevonorte.com\/?p=102377#breadcrumb\"},\"inLanguage\":\"es-DO\",\"potentialAction\":[{\"@type\":\"ReadAction\",\"target\":[\"https:\/\/infoelnuevonorte.com\/?p=102377\"]}]},{\"@type\":\"ImageObject\",\"inLanguage\":\"es-DO\",\"@id\":\"https:\/\/infoelnuevonorte.com\/?p=102377#primaryimage\",\"url\":\"\",\"contentUrl\":\"\"},{\"@type\":\"BreadcrumbList\",\"@id\":\"https:\/\/infoelnuevonorte.com\/?p=102377#breadcrumb\",\"itemListElement\":[{\"@type\":\"ListItem\",\"position\":1,\"name\":\"Home\",\"item\":\"https:\/\/infoelnuevonorte.com\/\"},{\"@type\":\"ListItem\",\"position\":2,\"name\":\"Presidente Abinader recibe la Declaraci\u00f3n de Santo Domingo tras culminar la XXII Cumbre Judicial Iberoamericana\"}]},{\"@type\":\"WebSite\",\"@id\":\"https:\/\/infoelnuevonorte.com\/#website\",\"url\":\"https:\/\/infoelnuevonorte.com\/\",\"name\":\"InfoEnn\",\"description\":\"Tu Voz, tu Verdad, tu Diario!!!\",\"publisher\":{\"@id\":\"https:\/\/infoelnuevonorte.com\/#organization\"},\"alternateName\":\"El Nuevo Norte\",\"potentialAction\":[{\"@type\":\"SearchAction\",\"target\":{\"@type\":\"EntryPoint\",\"urlTemplate\":\"https:\/\/infoelnuevonorte.com\/?s={search_term_string}\"},\"query-input\":{\"@type\":\"PropertyValueSpecification\",\"valueRequired\":true,\"valueName\":\"search_term_string\"}}],\"inLanguage\":\"es-DO\"},{\"@type\":\"Organization\",\"@id\":\"https:\/\/infoelnuevonorte.com\/#organization\",\"name\":\"Info El Nuevo Norte\",\"alternateName\":\"El Nuevo Norte\",\"url\":\"https:\/\/infoelnuevonorte.com\/\",\"logo\":{\"@type\":\"ImageObject\",\"inLanguage\":\"es-DO\",\"@id\":\"https:\/\/infoelnuevonorte.com\/#\/schema\/logo\/image\/\",\"url\":\"https:\/\/infoelnuevonorte.com\/wp-content\/uploads\/2026\/02\/Logo-Info-enn-3d-20ani.jpeg\",\"contentUrl\":\"https:\/\/infoelnuevonorte.com\/wp-content\/uploads\/2026\/02\/Logo-Info-enn-3d-20ani.jpeg\",\"width\":2046,\"height\":736,\"caption\":\"Info El Nuevo Norte\"},\"image\":{\"@id\":\"https:\/\/infoelnuevonorte.com\/#\/schema\/logo\/image\/\"},\"sameAs\":[\"https:\/\/www.facebook.com\/infoenn\",\"https:\/\/x.com\/Elnuevo_norte\",\"https:\/\/www.instagram.com\/infoenn\",\"https:\/\/www.facebook.com\/ENNRD\"]},{\"@type\":\"Person\",\"@id\":\"https:\/\/infoelnuevonorte.com\/#\/schema\/person\/fd4f6d90afe41260818b4ea94ad8ab84\",\"name\":\"InfoEnn\",\"image\":{\"@type\":\"ImageObject\",\"inLanguage\":\"es-DO\",\"@id\":\"https:\/\/infoelnuevonorte.com\/#\/schema\/person\/image\/\",\"url\":\"https:\/\/secure.gravatar.com\/avatar\/d4d760a41a48ba9db0a82bfb63bb0783?s=96&d=robohash&r=g\",\"contentUrl\":\"https:\/\/secure.gravatar.com\/avatar\/d4d760a41a48ba9db0a82bfb63bb0783?s=96&d=robohash&r=g\",\"caption\":\"InfoEnn\"},\"sameAs\":[\"https:\/\/infoelnuevonorte.com\"],\"url\":\"https:\/\/infoelnuevonorte.com\/?author=1\"}]}<\/script>\n<!-- \/ Yoast SEO plugin. -->","yoast_head_json":{"title":"Presidente Abinader recibe la Declaraci\u00f3n de Santo Domingo tras culminar la XXII Cumbre Judicial Iberoamericana | El Nuevo Norte","robots":{"index":"index","follow":"follow","max-snippet":"max-snippet:-1","max-image-preview":"max-image-preview:large","max-video-preview":"max-video-preview:-1"},"canonical":"https:\/\/infoelnuevonorte.com\/?p=102377","og_locale":"es_ES","og_type":"article","og_title":"Presidente Abinader recibe la Declaraci\u00f3n de Santo Domingo tras culminar la XXII Cumbre Judicial Iberoamericana | El Nuevo Norte","og_description":"Santo Domingo. \u2013 El presidente Luis Abinader recibi\u00f3 este viernes la Declaraci\u00f3n de Santo Domingo, al cierre de la XXII Cumbre Judicial Iberoamericana, en la que 23 pa\u00edses reafirmaron su compromiso con una justicia m\u00e1s independiente, accesible y centrada en la dignidad humana, consolidando a Rep\u00fablica Dominicana como epicentro del di\u00e1logo judicial regional. El presidente [&hellip;]","og_url":"https:\/\/infoelnuevonorte.com\/?p=102377","og_site_name":"El Nuevo Norte","article_publisher":"https:\/\/www.facebook.com\/infoenn","article_published_time":"2025-05-16T22:30:35+00:00","article_modified_time":"2025-05-16T22:30:37+00:00","og_image":[{"width":1600,"height":1098,"url":"https:\/\/infoelnuevonorte.com\/wp-content\/uploads\/2025\/05\/WhatsApp-Image-2025-05-16-at-5.48.25-PM2.jpeg","type":"image\/jpeg"}],"author":"InfoEnn","twitter_card":"summary_large_image","twitter_creator":"@Elnuevo_norte","twitter_site":"@Elnuevo_norte","twitter_misc":{"Written by":"InfoEnn","Est. reading time":"3 minutos"},"schema":{"@context":"https:\/\/schema.org","@graph":[{"@type":"Article","@id":"https:\/\/infoelnuevonorte.com\/?p=102377#article","isPartOf":{"@id":"https:\/\/infoelnuevonorte.com\/?p=102377"},"author":{"name":"InfoEnn","@id":"https:\/\/infoelnuevonorte.com\/#\/schema\/person\/fd4f6d90afe41260818b4ea94ad8ab84"},"headline":"Presidente Abinader recibe la Declaraci\u00f3n de Santo Domingo tras culminar la XXII Cumbre Judicial Iberoamericana","datePublished":"2025-05-16T22:30:35+00:00","dateModified":"2025-05-16T22:30:37+00:00","mainEntityOfPage":{"@id":"https:\/\/infoelnuevonorte.com\/?p=102377"},"wordCount":459,"publisher":{"@id":"https:\/\/infoelnuevonorte.com\/#organization"},"image":{"@id":"https:\/\/infoelnuevonorte.com\/?p=102377#primaryimage"},"thumbnailUrl":"https:\/\/infoelnuevonorte.com\/wp-content\/uploads\/2025\/05\/WhatsApp-Image-2025-05-16-at-5.48.25-PM.jpeg","articleSection":["Nacionales"],"inLanguage":"es-DO"},{"@type":"WebPage","@id":"https:\/\/infoelnuevonorte.com\/?p=102377","url":"https:\/\/infoelnuevonorte.com\/?p=102377","name":"Presidente Abinader recibe la Declaraci\u00f3n de Santo Domingo tras culminar la XXII Cumbre Judicial Iberoamericana | El Nuevo Norte","isPartOf":{"@id":"https:\/\/infoelnuevonorte.com\/#website"},"primaryImageOfPage":{"@id":"https:\/\/infoelnuevonorte.com\/?p=102377#primaryimage"},"image":{"@id":"https:\/\/infoelnuevonorte.com\/?p=102377#primaryimage"},"thumbnailUrl":"https:\/\/infoelnuevonorte.com\/wp-content\/uploads\/2025\/05\/WhatsApp-Image-2025-05-16-at-5.48.25-PM.jpeg","datePublished":"2025-05-16T22:30:35+00:00","dateModified":"2025-05-16T22:30:37+00:00","breadcrumb":{"@id":"https:\/\/infoelnuevonorte.com\/?p=102377#breadcrumb"},"inLanguage":"es-DO","potentialAction":[{"@type":"ReadAction","target":["https:\/\/infoelnuevonorte.com\/?p=102377"]}]},{"@type":"ImageObject","inLanguage":"es-DO","@id":"https:\/\/infoelnuevonorte.com\/?p=102377#primaryimage","url":"","contentUrl":""},{"@type":"BreadcrumbList","@id":"https:\/\/infoelnuevonorte.com\/?p=102377#breadcrumb","itemListElement":[{"@type":"ListItem","position":1,"name":"Home","item":"https:\/\/infoelnuevonorte.com\/"},{"@type":"ListItem","position":2,"name":"Presidente Abinader recibe la Declaraci\u00f3n de Santo Domingo tras culminar la XXII Cumbre Judicial Iberoamericana"}]},{"@type":"WebSite","@id":"https:\/\/infoelnuevonorte.com\/#website","url":"https:\/\/infoelnuevonorte.com\/","name":"InfoEnn","description":"Tu Voz, tu Verdad, tu Diario!!!","publisher":{"@id":"https:\/\/infoelnuevonorte.com\/#organization"},"alternateName":"El Nuevo Norte","potentialAction":[{"@type":"SearchAction","target":{"@type":"EntryPoint","urlTemplate":"https:\/\/infoelnuevonorte.com\/?s={search_term_string}"},"query-input":{"@type":"PropertyValueSpecification","valueRequired":true,"valueName":"search_term_string"}}],"inLanguage":"es-DO"},{"@type":"Organization","@id":"https:\/\/infoelnuevonorte.com\/#organization","name":"Info El Nuevo Norte","alternateName":"El Nuevo Norte","url":"https:\/\/infoelnuevonorte.com\/","logo":{"@type":"ImageObject","inLanguage":"es-DO","@id":"https:\/\/infoelnuevonorte.com\/#\/schema\/logo\/image\/","url":"https:\/\/infoelnuevonorte.com\/wp-content\/uploads\/2026\/02\/Logo-Info-enn-3d-20ani.jpeg","contentUrl":"https:\/\/infoelnuevonorte.com\/wp-content\/uploads\/2026\/02\/Logo-Info-enn-3d-20ani.jpeg","width":2046,"height":736,"caption":"Info El Nuevo Norte"},"image":{"@id":"https:\/\/infoelnuevonorte.com\/#\/schema\/logo\/image\/"},"sameAs":["https:\/\/www.facebook.com\/infoenn","https:\/\/x.com\/Elnuevo_norte","https:\/\/www.instagram.com\/infoenn","https:\/\/www.facebook.com\/ENNRD"]},{"@type":"Person","@id":"https:\/\/infoelnuevonorte.com\/#\/schema\/person\/fd4f6d90afe41260818b4ea94ad8ab84","name":"InfoEnn","image":{"@type":"ImageObject","inLanguage":"es-DO","@id":"https:\/\/infoelnuevonorte.com\/#\/schema\/person\/image\/","url":"https:\/\/secure.gravatar.com\/avatar\/d4d760a41a48ba9db0a82bfb63bb0783?s=96&d=robohash&r=g","contentUrl":"https:\/\/secure.gravatar.com\/avatar\/d4d760a41a48ba9db0a82bfb63bb0783?s=96&d=robohash&r=g","caption":"InfoEnn"},"sameAs":["https:\/\/infoelnuevonorte.com"],"url":"https:\/\/infoelnuevonorte.com\/?author=1"}]}},"_links":{"self":[{"href":"https:\/\/infoelnuevonorte.com\/index.php?rest_route=\/wp\/v2\/posts\/102377"}],"collection":[{"href":"https:\/\/infoelnuevonorte.com\/index.php?rest_route=\/wp\/v2\/posts"}],"about":[{"href":"https:\/\/infoelnuevonorte.com\/index.php?rest_route=\/wp\/v2\/types\/post"}],"author":[{"embeddable":true,"href":"https:\/\/infoelnuevonorte.com\/index.php?rest_route=\/wp\/v2\/users\/1"}],"replies":[{"embeddable":true,"href":"https:\/\/infoelnuevonorte.com\/index.php?rest_route=%2Fwp%2Fv2%2Fcomments&post=102377"}],"version-history":[{"count":1,"href":"https:\/\/infoelnuevonorte.com\/index.php?rest_route=\/wp\/v2\/posts\/102377\/revisions"}],"predecessor-version":[{"id":102386,"href":"https:\/\/infoelnuevonorte.com\/index.php?rest_route=\/wp\/v2\/posts\/102377\/revisions\/102386"}],"wp:attachment":[{"href":"https:\/\/infoelnuevonorte.com\/index.php?rest_route=%2Fwp%2Fv2%2Fmedia&parent=102377"}],"wp:term":[{"taxonomy":"category","embeddable":true,"href":"https:\/\/infoelnuevonorte.com\/index.php?rest_route=%2Fwp%2Fv2%2Fcategories&post=102377"},{"taxonomy":"post_tag","embeddable":true,"href":"https:\/\/infoelnuevonorte.com\/index.php?rest_route=%2Fwp%2Fv2%2Ftags&post=102377"}],"curies":[{"name":"wp","href":"https:\/\/api.w.org\/{rel}","templated":true}]}}