{"id":102378,"date":"2025-05-16T17:31:41","date_gmt":"2025-05-16T21:31:41","guid":{"rendered":"https:\/\/infoelnuevonorte.com\/?p=102378"},"modified":"2025-05-16T17:31:42","modified_gmt":"2025-05-16T21:31:42","slug":"sebastian-yatra-agradece-los-milagros-cotidianos-en-su-nuevo-album","status":"publish","type":"post","link":"https:\/\/infoelnuevonorte.com\/?p=102378","title":{"rendered":"Sebasti\u00e1n Yatra agradece los milagros cotidianos en su nuevo \u00e1lbum"},"content":{"rendered":"<!--[if lt IE 9]><script>document.createElement('audio');<\/script><![endif]-->\n<audio class=\"wp-audio-shortcode\" id=\"audio-102378-1\" preload=\"none\" style=\"width: 100%;\" controls=\"controls\"><source type=\"audio\/mpeg\" src=\"https:\/\/infoelnuevonorte.com\/wp-content\/uploads\/2025\/05\/ttsmaker-vip-file-2025-5-16-17-31-13.mp3?_=1\" \/><a href=\"https:\/\/infoelnuevonorte.com\/wp-content\/uploads\/2025\/05\/ttsmaker-vip-file-2025-5-16-17-31-13.mp3\">https:\/\/infoelnuevonorte.com\/wp-content\/uploads\/2025\/05\/ttsmaker-vip-file-2025-5-16-17-31-13.mp3<\/a><\/audio>\n<p style=\"text-align: justify;\">Para el\u00a0<strong>cantautor colombiano<\/strong>\u00a0<strong>Sebasti\u00e1n Yatra<\/strong>\u00a0la\u00a0<strong>vida<\/strong>\u00a0est\u00e1 llena de peque\u00f1os\u00a0<strong>milagros<\/strong>\u00a0que llegan desde el baile, la familia y la\u00a0<strong>libertad<\/strong>.<\/p>\n<p style=\"text-align: justify;\">\"Yo ve\u00eda la felicidad de peque\u00f1o como mi meta m\u00e1s a largo plazo, alg\u00fan d\u00eda ser feliz, pero lo ve\u00eda como algo bien lejano y ahora lo siento en cada cosa que hago\", dijo en una entrevista reciente desde la<strong>\u00a0Ciudad de M\u00e9xico<\/strong>.<\/p>\n<p style=\"text-align: justify;\">\"Lo que m\u00e1s me motiva es compartir esa filosof\u00eda de\u00a0<strong>vida<\/strong>\u00a0y esa forma de ver las cosas y '<strong>Milagro<\/strong>' es como eso, es mi forma de expresar esa\u00a0<strong>perspectiva<\/strong>, ese cambio de\u00a0<strong>perspectiva<\/strong>\u00a0que me ayuda a vivir todo desde el agradecimiento y del\u00a0<strong>amor<\/strong>\", agreg\u00f3.<\/p>\n<p style=\"text-align: justify;\">\"<strong>Milagro<\/strong>\" es su cuarto \u00e1lbum y llega tres a\u00f1os despu\u00e9s de su anterior producci\u00f3n, \"Dharma\".<\/p>\n<p style=\"text-align: justify;\">\"Todos estos \u00e1lbumes y estas\u00a0<strong>canciones<\/strong>\u00a0me han acompa\u00f1ado en un momento de\u00a0<strong>crecimiento<\/strong> muy grande que es desde los 18 o 19 hasta los 30, donde uno vive un mont\u00f3n de cosas y realmente terminas de definir mucho m\u00e1s, no s\u00e9 si qui\u00e9n eres, pero qui\u00e9n quieres ser\", se\u00f1al\u00f3 el artista<\/p>\n<ul class=\"list-text\" style=\"text-align: justify;\">\n<li>El nombre del \u00e1lbum surgi\u00f3, en parte, por una frase del m\u00e1s reciente libro de su<strong>\u00a0hermano<\/strong>\u00a0Andr\u00e9s quien es novelista y afirma que la\u00a0<strong>vida<\/strong>\u00a0niega los\u00a0<strong>milagros<\/strong>\u00a0hasta que uno se da cuenta de que todo es un milagro.<\/li>\n<li><strong>Yatra<\/strong>\u00a0destac\u00f3 que cambiar su\u00a0<strong>perspectiva<\/strong>\u00a0del mundo le facilit\u00f3 encontrar cada vez m\u00e1s\u00a0<strong>milagros<\/strong>, desde dar un abrazo y recibir una llamada de sus padres a tomarse un caf\u00e9 por la ma\u00f1ana.<\/li>\n<\/ul>\n<p style=\"text-align: justify;\">\"Me encanta reenfocar eso a mirar un milagro como tambi\u00e9n lo simple, lo cotidiano, las cosas que vemos que podemos dar por hecho, pero que son\u00a0<strong>milagros<\/strong>\u00a0todas\", se\u00f1al\u00f3. \"Entonces cuando ves todo como un milagro, empiezas a agradecer cada cosita del universo y le encuentras su magia\".<\/p>\n<p style=\"text-align: justify;\">El \u00e1lbum incluye algunas\u00a0<strong>canciones<\/strong>\u00a0que Yatra ha lanzado previamente como \"Vagabundo\" con Manuel Turizo y Be\u00e9le, \"Los domingos\" y \"La pelirroja\", pero tambi\u00e9n tiene sorpresas como un\u00a0<strong>cover<\/strong>\u00a0de \"\u00d3leo de mujer con sombrero\" de\u00a0<strong>Silvio Rodr\u00edguez<\/strong>\u00a0que Yatra interpreta con su\u00a0<strong>padre<\/strong>, An\u00edbal Obando Agudelo.<\/p>\n<figure class=\"inline-block\" style=\"text-align: justify;\">\n<div class=\"expand-img-placeholder\"><img loading=\"lazy\" decoding=\"async\" src=\"https:\/\/resources.diariolibre.com\/images\/expand.svg\" alt=\"Expandir imagen\" width=\"20\" height=\"20\" \/><\/div>\n<p><figure style=\"width: 652px\" class=\"wp-caption alignnone\"><img loading=\"lazy\" decoding=\"async\" class=\"mx-auto lazy loaded\" src=\"https:\/\/resources.diariolibre.com\/images\/2025\/05\/16\/ap25135641650621-c3c2d23c.jpg\" alt=\"Infograf\u00eda\" width=\"652\" height=\"869\" data-src=\"https:\/\/resources.diariolibre.com\/images\/2025\/05\/16\/ap25135641650621-c3c2d23c.jpg\" data-was-processed=\"true\" \/><figcaption class=\"wp-caption-text\">El cantante colombiano Sebasti\u00e1n Yatra posa para una foto durante una entrevista en la Ciudad de M\u00e9xico, el jueves 8 de mayo de 2025.\u00a0<\/figcaption><\/figure><figcaption><\/figcaption><\/figure>\n<div class=\"mb-5 component cita\" style=\"text-align: justify;\"><i>\"Es la letra que he hecho en toda mi vida, en mi carrera, que m\u00e1s propone algo distinto y que m\u00e1s une y resignifica la palabra am\u00e9n\"<\/i><span class=\"author\"><strong>Sebasti\u00e1n Yatra<\/strong><\/span><span class=\"status\">Cantante<\/span><span class=\"cita-icon\">\u201c<\/span><\/div>\n<h2 style=\"text-align: justify;\">Influencia<\/h2>\n<p style=\"text-align: justify;\">\"Yo crec\u00ed escuchando a\u00a0<strong>Silvio Rodr\u00edguez<\/strong>, a Pablo Milan\u00e9s, a (Joan Manuel) Serrat, pero no crec\u00ed escuch\u00e1ndolos en las voces de ellos, crec\u00ed escuch\u00e1ndolos en la voz de mi\u00a0<strong>padre<\/strong>, porque yo ten\u00eda, y todav\u00eda tengo, un gran artista en casa\", se\u00f1al\u00f3.<\/p>\n<p style=\"text-align: justify;\">\"Con la\u00a0<strong>guitarra<\/strong>\u00a0\u00e9l hac\u00eda mucha magia, y todav\u00eda la hace, y en todas las<strong>\u00a0reuniones<\/strong>\u00a0era el que animaba cualquier fiesta y vos te quedabas enganchado escuch\u00e1ndolo\".<\/p>\n<p style=\"text-align: justify;\">Yatra confes\u00f3 que incluso pens\u00f3 en\u00a0<strong>componer<\/strong>\u00a0algo al estilo de\u00a0<strong>Rodr\u00edguez\u00a0<\/strong>y Milan\u00e9s para quiz\u00e1 interpretarlo con su pap\u00e1, \"pero es imposible replicar eso, no hay forma\".<\/p>\n<p style=\"text-align: justify;\">La\u00a0<strong>versi\u00f3n<\/strong>\u00a0del tema de Rodr\u00edguez que incluy\u00f3 en el \u00e1lbum fue grabada en la finca de su familia en Medell\u00edn, Colombia, y es la \u00faltima\u00a0<strong>canci\u00f3n<\/strong>\u00a0del \u00e1lbum.<\/p>\n<p style=\"text-align: justify;\">En los videos del \u00e1lbum grabados en Argentina, Yatra incluy\u00f3 una mini\u00a0<strong>historia de amor<\/strong>\u00a0de dos chicas que descubren lo que sienten en una\u00a0<strong>pijamada<\/strong>\u00a0con otras amigas.<\/p>\n<p style=\"text-align: justify;\">\"Me encanta retratar esas historias de\u00a0<strong>amor<\/strong>\u00a0de todo tipo de\u00a0<strong>amor<\/strong>, el\u00a0<strong>amor<\/strong>\u00a0que sentimos entre todos es igual, simplemente tenemos diferentes gustos\", se\u00f1al\u00f3 Yatra. \"Y todo es mega aceptable y todo es hermoso, porque si lo sent\u00eds aqu\u00ed en el coraz\u00f3n es porque es de verdad y es parte de esta creaci\u00f3n\".<\/p>\n<p style=\"text-align: justify;\">La historia comienza con el tema \"Templo de Piceas\", que interpreta con el artista mexicano Humbe, y en el que surge este\u00a0<strong>amor<\/strong>\u00a0inocente y emocionante con el milagro de la valent\u00eda, y contin\u00faa con \"2AM\", que interpreta con la artista catalana Bad Gyal, donde encuentran el milagro de la\u00a0<strong>libertad<\/strong>.<\/p>\n<p style=\"text-align: justify;\">Yatra, quien ha sido galardonado con el\u00a0<strong>Grammy<\/strong>\u00a0y el Latin\u00a0<strong>Grammy<\/strong>, espera que sus\u00a0<strong>canciones<\/strong>\u00a0den a otros la valent\u00eda que necesitan para \"vivir el\u00a0<strong>amor<\/strong>\u00a0como lo quieren vivir\".<\/p>\n<p style=\"text-align: justify;\">Si pudiera definir el\u00a0<strong>sonido<\/strong>\u00a0de su \u00e1lbum, Yatra dijo que ser\u00eda una\u00a0<strong>experiencia celestial<\/strong>, especialmente por su tema \"Amen\" en el que busca la uni\u00f3n y el\u00a0<strong>amor<\/strong>\u00a0universal.<\/p>\n<p style=\"text-align: justify;\">\"Es la letra que he hecho en toda mi\u00a0<strong>vida<\/strong>, en mi carrera, que m\u00e1s propone algo distinto y que m\u00e1s une y resignifica la palabra am\u00e9n\", se\u00f1al\u00f3.<\/p>\n<p style=\"text-align: justify;\">Yatra dijo que creci\u00f3 en una\u00a0<strong>familia cat\u00f3lica<\/strong>\u00a0y suele ir a la Bas\u00edlica cuando visita M\u00e9xico. Afirm\u00f3 estar emocionado por la reciente elecci\u00f3n del\u00a0<strong>papa Le\u00f3n XIV<\/strong>, conocido previamente como Robert Prevost, el primer papa estadounidense-peruano.<\/p>\n<p style=\"text-align: justify;\">\"Es muy emocionante\", dijo. \"Es algo que viene desde tantas generaciones, que sent\u00eds como la emoci\u00f3n de a\u00f1os y a\u00f1os de gente para quien eso ha significado mucho\".<\/p>\n<p style=\"text-align: justify;\">Al mismo tiempo reconoci\u00f3 el legado del\u00a0<strong>papa Francisco<\/strong>, a quien dijo extra\u00f1ar.<\/p>\n<p style=\"text-align: justify;\">\"Creo que fue una persona que uni\u00f3 un mont\u00f3n y tambi\u00e9n no tuvo miedo a quitarle un poco las reglas m\u00e1s cerradas a la\u00a0<strong>religi\u00f3n cat\u00f3lica<\/strong>, sino que se abri\u00f3 al resto del mundo a aceptar tambi\u00e9n a todas las personas por como son, tanto la gente que tiene otras visiones espirituales, como la gente que vive el\u00a0<strong>amor<\/strong>\u00a0desde otro lugar\".<\/p>\n","protected":false},"excerpt":{"rendered":"<p>Para el\u00a0cantautor colombiano\u00a0Sebasti\u00e1n Yatra\u00a0la\u00a0vida\u00a0est\u00e1 llena de peque\u00f1os\u00a0milagros\u00a0que llegan desde el baile, la familia y la\u00a0libertad. \"Yo ve\u00eda la felicidad de peque\u00f1o como mi meta m\u00e1s a largo plazo, alg\u00fan d\u00eda ser feliz, pero lo ve\u00eda como algo bien lejano y ahora lo siento en cada cosa que hago\", dijo en una entrevista reciente desde la\u00a0Ciudad [&hellip;]<\/p>\n","protected":false},"author":2,"featured_media":0,"comment_status":"closed","ping_status":"open","sticky":false,"template":"","format":"standard","meta":{"footnotes":""},"categories":[11,12],"tags":[],"yoast_head":"<!-- This site is optimized with the Yoast SEO plugin v24.5 - https:\/\/yoast.com\/wordpress\/plugins\/seo\/ -->\n<title>Sebasti\u00e1n Yatra agradece los milagros cotidianos en su nuevo \u00e1lbum | El Nuevo Norte<\/title>\n<meta name=\"robots\" content=\"index, follow, max-snippet:-1, max-image-preview:large, max-video-preview:-1\" \/>\n<link rel=\"canonical\" href=\"https:\/\/infoelnuevonorte.com\/?p=102378\" \/>\n<meta property=\"og:locale\" content=\"es_ES\" \/>\n<meta property=\"og:type\" content=\"article\" \/>\n<meta property=\"og:title\" content=\"Sebasti\u00e1n Yatra agradece los milagros cotidianos en su nuevo \u00e1lbum | El Nuevo Norte\" \/>\n<meta property=\"og:description\" content=\"Para el\u00a0cantautor colombiano\u00a0Sebasti\u00e1n Yatra\u00a0la\u00a0vida\u00a0est\u00e1 llena de peque\u00f1os\u00a0milagros\u00a0que llegan desde el baile, la familia y la\u00a0libertad. &quot;Yo ve\u00eda la felicidad de peque\u00f1o como mi meta m\u00e1s a largo plazo, alg\u00fan d\u00eda ser feliz, pero lo ve\u00eda como algo bien lejano y ahora lo siento en cada cosa que hago&quot;, dijo en una entrevista reciente desde la\u00a0Ciudad [&hellip;]\" \/>\n<meta property=\"og:url\" content=\"https:\/\/infoelnuevonorte.com\/?p=102378\" \/>\n<meta property=\"og:site_name\" content=\"El Nuevo Norte\" \/>\n<meta property=\"article:publisher\" content=\"https:\/\/www.facebook.com\/infoenn\" \/>\n<meta property=\"article:published_time\" content=\"2025-05-16T21:31:41+00:00\" \/>\n<meta property=\"article:modified_time\" content=\"2025-05-16T21:31:42+00:00\" \/>\n<meta property=\"og:image\" content=\"https:\/\/infoelnuevonorte.com\/wp-content\/uploads\/2025\/05\/sebastian-yatra-24-gala-premios-latin-grammy-2023-sevilla-pasado-16-noviembre_98.png\" \/>\n\t<meta property=\"og:image:width\" content=\"1900\" \/>\n\t<meta property=\"og:image:height\" content=\"1069\" \/>\n\t<meta property=\"og:image:type\" content=\"image\/png\" \/>\n<meta name=\"author\" content=\"T. R.\" \/>\n<meta name=\"twitter:card\" content=\"summary_large_image\" \/>\n<meta name=\"twitter:creator\" content=\"@Elnuevo_norte\" \/>\n<meta name=\"twitter:site\" content=\"@Elnuevo_norte\" \/>\n<meta name=\"twitter:label1\" content=\"Written by\" \/>\n\t<meta name=\"twitter:data1\" content=\"T. R.\" \/>\n\t<meta name=\"twitter:label2\" content=\"Est. reading time\" \/>\n\t<meta name=\"twitter:data2\" content=\"5 minutos\" \/>\n<script type=\"application\/ld+json\" class=\"yoast-schema-graph\">{\"@context\":\"https:\/\/schema.org\",\"@graph\":[{\"@type\":\"Article\",\"@id\":\"https:\/\/infoelnuevonorte.com\/?p=102378#article\",\"isPartOf\":{\"@id\":\"https:\/\/infoelnuevonorte.com\/?p=102378\"},\"author\":{\"name\":\"T. R.\",\"@id\":\"https:\/\/infoelnuevonorte.com\/#\/schema\/person\/3accb35eb55f55e96c492b52d085a403\"},\"headline\":\"Sebasti\u00e1n Yatra agradece los milagros cotidianos en su nuevo \u00e1lbum\",\"datePublished\":\"2025-05-16T21:31:41+00:00\",\"dateModified\":\"2025-05-16T21:31:42+00:00\",\"mainEntityOfPage\":{\"@id\":\"https:\/\/infoelnuevonorte.com\/?p=102378\"},\"wordCount\":1002,\"publisher\":{\"@id\":\"https:\/\/infoelnuevonorte.com\/#organization\"},\"image\":{\"@id\":\"https:\/\/infoelnuevonorte.com\/?p=102378#primaryimage\"},\"thumbnailUrl\":\"https:\/\/resources.diariolibre.com\/images\/expand.svg\",\"articleSection\":[\"Entretenimiento\",\"Musica &amp; Far\u00e1ndula\"],\"inLanguage\":\"es-DO\"},{\"@type\":\"WebPage\",\"@id\":\"https:\/\/infoelnuevonorte.com\/?p=102378\",\"url\":\"https:\/\/infoelnuevonorte.com\/?p=102378\",\"name\":\"Sebasti\u00e1n Yatra agradece los milagros cotidianos en su nuevo \u00e1lbum | El Nuevo Norte\",\"isPartOf\":{\"@id\":\"https:\/\/infoelnuevonorte.com\/#website\"},\"primaryImageOfPage\":{\"@id\":\"https:\/\/infoelnuevonorte.com\/?p=102378#primaryimage\"},\"image\":{\"@id\":\"https:\/\/infoelnuevonorte.com\/?p=102378#primaryimage\"},\"thumbnailUrl\":\"https:\/\/resources.diariolibre.com\/images\/expand.svg\",\"datePublished\":\"2025-05-16T21:31:41+00:00\",\"dateModified\":\"2025-05-16T21:31:42+00:00\",\"breadcrumb\":{\"@id\":\"https:\/\/infoelnuevonorte.com\/?p=102378#breadcrumb\"},\"inLanguage\":\"es-DO\",\"potentialAction\":[{\"@type\":\"ReadAction\",\"target\":[\"https:\/\/infoelnuevonorte.com\/?p=102378\"]}]},{\"@type\":\"ImageObject\",\"inLanguage\":\"es-DO\",\"@id\":\"https:\/\/infoelnuevonorte.com\/?p=102378#primaryimage\",\"url\":\"https:\/\/resources.diariolibre.com\/images\/expand.svg\",\"contentUrl\":\"https:\/\/resources.diariolibre.com\/images\/expand.svg\"},{\"@type\":\"BreadcrumbList\",\"@id\":\"https:\/\/infoelnuevonorte.com\/?p=102378#breadcrumb\",\"itemListElement\":[{\"@type\":\"ListItem\",\"position\":1,\"name\":\"Home\",\"item\":\"https:\/\/infoelnuevonorte.com\/\"},{\"@type\":\"ListItem\",\"position\":2,\"name\":\"Sebasti\u00e1n Yatra agradece los milagros cotidianos en su nuevo \u00e1lbum\"}]},{\"@type\":\"WebSite\",\"@id\":\"https:\/\/infoelnuevonorte.com\/#website\",\"url\":\"https:\/\/infoelnuevonorte.com\/\",\"name\":\"InfoEnn\",\"description\":\"Tu Voz, tu Verdad, tu Diario!!!\",\"publisher\":{\"@id\":\"https:\/\/infoelnuevonorte.com\/#organization\"},\"alternateName\":\"El Nuevo Norte\",\"potentialAction\":[{\"@type\":\"SearchAction\",\"target\":{\"@type\":\"EntryPoint\",\"urlTemplate\":\"https:\/\/infoelnuevonorte.com\/?s={search_term_string}\"},\"query-input\":{\"@type\":\"PropertyValueSpecification\",\"valueRequired\":true,\"valueName\":\"search_term_string\"}}],\"inLanguage\":\"es-DO\"},{\"@type\":\"Organization\",\"@id\":\"https:\/\/infoelnuevonorte.com\/#organization\",\"name\":\"Info El Nuevo Norte\",\"alternateName\":\"El Nuevo Norte\",\"url\":\"https:\/\/infoelnuevonorte.com\/\",\"logo\":{\"@type\":\"ImageObject\",\"inLanguage\":\"es-DO\",\"@id\":\"https:\/\/infoelnuevonorte.com\/#\/schema\/logo\/image\/\",\"url\":\"https:\/\/infoelnuevonorte.com\/wp-content\/uploads\/2026\/02\/Logo-Info-enn-3d-20ani.jpeg\",\"contentUrl\":\"https:\/\/infoelnuevonorte.com\/wp-content\/uploads\/2026\/02\/Logo-Info-enn-3d-20ani.jpeg\",\"width\":2046,\"height\":736,\"caption\":\"Info El Nuevo Norte\"},\"image\":{\"@id\":\"https:\/\/infoelnuevonorte.com\/#\/schema\/logo\/image\/\"},\"sameAs\":[\"https:\/\/www.facebook.com\/infoenn\",\"https:\/\/x.com\/Elnuevo_norte\",\"https:\/\/www.instagram.com\/infoenn\",\"https:\/\/www.facebook.com\/ENNRD\"]},{\"@type\":\"Person\",\"@id\":\"https:\/\/infoelnuevonorte.com\/#\/schema\/person\/3accb35eb55f55e96c492b52d085a403\",\"name\":\"T. R.\",\"image\":{\"@type\":\"ImageObject\",\"inLanguage\":\"es-DO\",\"@id\":\"https:\/\/infoelnuevonorte.com\/#\/schema\/person\/image\/\",\"url\":\"https:\/\/secure.gravatar.com\/avatar\/40543a038bda97abdb765b1662e9677d?s=96&d=robohash&r=g\",\"contentUrl\":\"https:\/\/secure.gravatar.com\/avatar\/40543a038bda97abdb765b1662e9677d?s=96&d=robohash&r=g\",\"caption\":\"T. R.\"},\"url\":\"https:\/\/infoelnuevonorte.com\/?author=2\"}]}<\/script>\n<!-- \/ Yoast SEO plugin. -->","yoast_head_json":{"title":"Sebasti\u00e1n Yatra agradece los milagros cotidianos en su nuevo \u00e1lbum | El Nuevo Norte","robots":{"index":"index","follow":"follow","max-snippet":"max-snippet:-1","max-image-preview":"max-image-preview:large","max-video-preview":"max-video-preview:-1"},"canonical":"https:\/\/infoelnuevonorte.com\/?p=102378","og_locale":"es_ES","og_type":"article","og_title":"Sebasti\u00e1n Yatra agradece los milagros cotidianos en su nuevo \u00e1lbum | El Nuevo Norte","og_description":"Para el\u00a0cantautor colombiano\u00a0Sebasti\u00e1n Yatra\u00a0la\u00a0vida\u00a0est\u00e1 llena de peque\u00f1os\u00a0milagros\u00a0que llegan desde el baile, la familia y la\u00a0libertad. \"Yo ve\u00eda la felicidad de peque\u00f1o como mi meta m\u00e1s a largo plazo, alg\u00fan d\u00eda ser feliz, pero lo ve\u00eda como algo bien lejano y ahora lo siento en cada cosa que hago\", dijo en una entrevista reciente desde la\u00a0Ciudad [&hellip;]","og_url":"https:\/\/infoelnuevonorte.com\/?p=102378","og_site_name":"El Nuevo Norte","article_publisher":"https:\/\/www.facebook.com\/infoenn","article_published_time":"2025-05-16T21:31:41+00:00","article_modified_time":"2025-05-16T21:31:42+00:00","og_image":[{"width":1900,"height":1069,"url":"https:\/\/infoelnuevonorte.com\/wp-content\/uploads\/2025\/05\/sebastian-yatra-24-gala-premios-latin-grammy-2023-sevilla-pasado-16-noviembre_98.png","type":"image\/png"}],"author":"T. R.","twitter_card":"summary_large_image","twitter_creator":"@Elnuevo_norte","twitter_site":"@Elnuevo_norte","twitter_misc":{"Written by":"T. R.","Est. reading time":"5 minutos"},"schema":{"@context":"https:\/\/schema.org","@graph":[{"@type":"Article","@id":"https:\/\/infoelnuevonorte.com\/?p=102378#article","isPartOf":{"@id":"https:\/\/infoelnuevonorte.com\/?p=102378"},"author":{"name":"T. R.","@id":"https:\/\/infoelnuevonorte.com\/#\/schema\/person\/3accb35eb55f55e96c492b52d085a403"},"headline":"Sebasti\u00e1n Yatra agradece los milagros cotidianos en su nuevo \u00e1lbum","datePublished":"2025-05-16T21:31:41+00:00","dateModified":"2025-05-16T21:31:42+00:00","mainEntityOfPage":{"@id":"https:\/\/infoelnuevonorte.com\/?p=102378"},"wordCount":1002,"publisher":{"@id":"https:\/\/infoelnuevonorte.com\/#organization"},"image":{"@id":"https:\/\/infoelnuevonorte.com\/?p=102378#primaryimage"},"thumbnailUrl":"https:\/\/resources.diariolibre.com\/images\/expand.svg","articleSection":["Entretenimiento","Musica &amp; Far\u00e1ndula"],"inLanguage":"es-DO"},{"@type":"WebPage","@id":"https:\/\/infoelnuevonorte.com\/?p=102378","url":"https:\/\/infoelnuevonorte.com\/?p=102378","name":"Sebasti\u00e1n Yatra agradece los milagros cotidianos en su nuevo \u00e1lbum | El Nuevo Norte","isPartOf":{"@id":"https:\/\/infoelnuevonorte.com\/#website"},"primaryImageOfPage":{"@id":"https:\/\/infoelnuevonorte.com\/?p=102378#primaryimage"},"image":{"@id":"https:\/\/infoelnuevonorte.com\/?p=102378#primaryimage"},"thumbnailUrl":"https:\/\/resources.diariolibre.com\/images\/expand.svg","datePublished":"2025-05-16T21:31:41+00:00","dateModified":"2025-05-16T21:31:42+00:00","breadcrumb":{"@id":"https:\/\/infoelnuevonorte.com\/?p=102378#breadcrumb"},"inLanguage":"es-DO","potentialAction":[{"@type":"ReadAction","target":["https:\/\/infoelnuevonorte.com\/?p=102378"]}]},{"@type":"ImageObject","inLanguage":"es-DO","@id":"https:\/\/infoelnuevonorte.com\/?p=102378#primaryimage","url":"https:\/\/resources.diariolibre.com\/images\/expand.svg","contentUrl":"https:\/\/resources.diariolibre.com\/images\/expand.svg"},{"@type":"BreadcrumbList","@id":"https:\/\/infoelnuevonorte.com\/?p=102378#breadcrumb","itemListElement":[{"@type":"ListItem","position":1,"name":"Home","item":"https:\/\/infoelnuevonorte.com\/"},{"@type":"ListItem","position":2,"name":"Sebasti\u00e1n Yatra agradece los milagros cotidianos en su nuevo \u00e1lbum"}]},{"@type":"WebSite","@id":"https:\/\/infoelnuevonorte.com\/#website","url":"https:\/\/infoelnuevonorte.com\/","name":"InfoEnn","description":"Tu Voz, tu Verdad, tu Diario!!!","publisher":{"@id":"https:\/\/infoelnuevonorte.com\/#organization"},"alternateName":"El Nuevo Norte","potentialAction":[{"@type":"SearchAction","target":{"@type":"EntryPoint","urlTemplate":"https:\/\/infoelnuevonorte.com\/?s={search_term_string}"},"query-input":{"@type":"PropertyValueSpecification","valueRequired":true,"valueName":"search_term_string"}}],"inLanguage":"es-DO"},{"@type":"Organization","@id":"https:\/\/infoelnuevonorte.com\/#organization","name":"Info El Nuevo Norte","alternateName":"El Nuevo Norte","url":"https:\/\/infoelnuevonorte.com\/","logo":{"@type":"ImageObject","inLanguage":"es-DO","@id":"https:\/\/infoelnuevonorte.com\/#\/schema\/logo\/image\/","url":"https:\/\/infoelnuevonorte.com\/wp-content\/uploads\/2026\/02\/Logo-Info-enn-3d-20ani.jpeg","contentUrl":"https:\/\/infoelnuevonorte.com\/wp-content\/uploads\/2026\/02\/Logo-Info-enn-3d-20ani.jpeg","width":2046,"height":736,"caption":"Info El Nuevo Norte"},"image":{"@id":"https:\/\/infoelnuevonorte.com\/#\/schema\/logo\/image\/"},"sameAs":["https:\/\/www.facebook.com\/infoenn","https:\/\/x.com\/Elnuevo_norte","https:\/\/www.instagram.com\/infoenn","https:\/\/www.facebook.com\/ENNRD"]},{"@type":"Person","@id":"https:\/\/infoelnuevonorte.com\/#\/schema\/person\/3accb35eb55f55e96c492b52d085a403","name":"T. R.","image":{"@type":"ImageObject","inLanguage":"es-DO","@id":"https:\/\/infoelnuevonorte.com\/#\/schema\/person\/image\/","url":"https:\/\/secure.gravatar.com\/avatar\/40543a038bda97abdb765b1662e9677d?s=96&d=robohash&r=g","contentUrl":"https:\/\/secure.gravatar.com\/avatar\/40543a038bda97abdb765b1662e9677d?s=96&d=robohash&r=g","caption":"T. R."},"url":"https:\/\/infoelnuevonorte.com\/?author=2"}]}},"_links":{"self":[{"href":"https:\/\/infoelnuevonorte.com\/index.php?rest_route=\/wp\/v2\/posts\/102378"}],"collection":[{"href":"https:\/\/infoelnuevonorte.com\/index.php?rest_route=\/wp\/v2\/posts"}],"about":[{"href":"https:\/\/infoelnuevonorte.com\/index.php?rest_route=\/wp\/v2\/types\/post"}],"author":[{"embeddable":true,"href":"https:\/\/infoelnuevonorte.com\/index.php?rest_route=\/wp\/v2\/users\/2"}],"replies":[{"embeddable":true,"href":"https:\/\/infoelnuevonorte.com\/index.php?rest_route=%2Fwp%2Fv2%2Fcomments&post=102378"}],"version-history":[{"count":1,"href":"https:\/\/infoelnuevonorte.com\/index.php?rest_route=\/wp\/v2\/posts\/102378\/revisions"}],"predecessor-version":[{"id":102381,"href":"https:\/\/infoelnuevonorte.com\/index.php?rest_route=\/wp\/v2\/posts\/102378\/revisions\/102381"}],"wp:attachment":[{"href":"https:\/\/infoelnuevonorte.com\/index.php?rest_route=%2Fwp%2Fv2%2Fmedia&parent=102378"}],"wp:term":[{"taxonomy":"category","embeddable":true,"href":"https:\/\/infoelnuevonorte.com\/index.php?rest_route=%2Fwp%2Fv2%2Fcategories&post=102378"},{"taxonomy":"post_tag","embeddable":true,"href":"https:\/\/infoelnuevonorte.com\/index.php?rest_route=%2Fwp%2Fv2%2Ftags&post=102378"}],"curies":[{"name":"wp","href":"https:\/\/api.w.org\/{rel}","templated":true}]}}