{"id":103148,"date":"2025-05-19T14:48:44","date_gmt":"2025-05-19T18:48:44","guid":{"rendered":"https:\/\/infoelnuevonorte.com\/?p=103148"},"modified":"2025-05-19T14:48:44","modified_gmt":"2025-05-19T18:48:44","slug":"carlos-alcaraz-se-hace-con-el-numero-2-del-ranking-antes-de-roland-garros","status":"publish","type":"post","link":"https:\/\/infoelnuevonorte.com\/?p=103148","title":{"rendered":"Carlos Alcaraz se hace con el n\u00famero 2 del r\u00e1nking antes de Roland Garros"},"content":{"rendered":"\n<p><a href=\"https:\/\/deultimominuto.net\/deportes\/tenis\/\"><\/a><\/p>\n\n\n<div class=\"td_block_wrap tdb_single_content tdi_231 td-pb-border-top td_block_template_1 td-post-content tagdiv-type\" data-td-block-uid=\"tdi_231\">\n<div class=\"tdb-block-inner td-fix-index\">\n<!--[if lt IE 9]><script>document.createElement('audio');<\/script><![endif]-->\n<audio class=\"wp-audio-shortcode\" id=\"audio-103148-1\" preload=\"none\" style=\"width: 100%;\" controls=\"controls\"><source type=\"audio\/mpeg\" src=\"https:\/\/infoelnuevonorte.com\/wp-content\/uploads\/2025\/05\/ttsmaker-vip-file-2025-5-19-14-48-0.mp3?_=1\" \/><a href=\"https:\/\/infoelnuevonorte.com\/wp-content\/uploads\/2025\/05\/ttsmaker-vip-file-2025-5-19-14-48-0.mp3\">https:\/\/infoelnuevonorte.com\/wp-content\/uploads\/2025\/05\/ttsmaker-vip-file-2025-5-19-14-48-0.mp3<\/a><\/audio>\n<p style=\"text-align: justify;\">Madrid (EFE).- El tenista espa\u00f1ol Carlos Alcaraz, con 8.850 puntos, se alz\u00f3 hasta el n\u00famero 2 del r\u00e1nking ATP justo antes de defender su t\u00edtulo en el Grand Slam de Roland Garros tras ganar en la final del Masters 1000 de Roma al local\u00a0Jannik Sinner, situado en primera posici\u00f3n con 10.380 puntos.<\/p>\n<p style=\"text-align: justify;\">De esta manera el murciano supera al alem\u00e1n Alexander Zverev, que se queda en tercer lugar con 7.285 puntos. No es el \u00fanico cambio en el top-10 de la clasificaci\u00f3n ya que el italiano Lorenzo Musetti es ahora octavo superado al australiano \u00c1lex de Mi\u00f1aur.<\/p>\n<div id=\"deult-723075362\" class=\"deult-entre-noticias\" style=\"text-align: justify;\">\u00a0<\/div>\n<figure class=\"wp-block-image\" style=\"text-align: justify;\"><img decoding=\"async\" class=\"wp-image-1885788 entered lazyloaded\" title=\"Carlos Alcaraz se hace con el n\u00famero 2 del r\u00e1nking antes de Roland Garros | 2 |\" src=\"https:\/\/i0.wp.com\/efe.com\/wp-content\/uploads\/2025\/05\/alcaraz-numero-dos-atp.webp?resize=900%2C600&amp;ssl=1\" alt=\"El espa\u00f1ol Carlos Alcaraz, que recuper\u00f3 el n\u00famero 2 del mundo, venci\u00f3 este domingo al italiano Jannik Sinner (1) y gan\u00f3 el Masters 1.000 de Roma.\" data-lazy-src=\"https:\/\/i0.wp.com\/efe.com\/wp-content\/uploads\/2025\/05\/alcaraz-numero-dos-atp.webp?resize=900%2C600&amp;ssl=1\" data-ll-status=\"loaded\" \/>\n<figcaption class=\"wp-element-caption\">El espa\u00f1ol Carlos Alcaraz, que recuper\u00f3 el n\u00famero 2 del mundo, venci\u00f3 este domingo al italiano Jannik Sinner (1) y gan\u00f3 el Masters 1.000 de Roma.\u00a0<\/figcaption>\n<\/figure>\n<p style=\"text-align: justify;\">Por lo dem\u00e1s el estadounidense Taylor Fritz es cuarto, el brit\u00e1nico Jack Draper quinto, el serbio Novak Djokovic sexto, el noruego Casper Ruud s\u00e9ptimo y el dan\u00e9s Holger Rune, d\u00e9cimo.<\/p>\n<p style=\"text-align: justify;\">En lo que respecta a las cien mejores raquetas del mundo, nadie sube m\u00e1s que el kazajo Alexander Bublik, quien tras imponerse en Tur\u00edn ganando la final al chino Bu Yunchaokete, sube 25 puestos hasta el 51. En sentido opuesto el chileno Alejandro Tabilo es quien m\u00e1s baja, dieciocho lugares hasta el 61.<\/p>\n<\/div>\n<\/div>\n<div class=\"td_block_wrap tdb_single_tags tdi_232 td-pb-border-top td_block_template_1\" style=\"text-align: justify;\" data-td-block-uid=\"tdi_232\">\u00a0<\/div>","protected":false},"excerpt":{"rendered":"<p>Madrid (EFE).- El tenista espa\u00f1ol Carlos Alcaraz, con 8.850 puntos, se alz\u00f3 hasta el n\u00famero 2 del r\u00e1nking ATP justo antes de defender su t\u00edtulo en el Grand Slam de Roland Garros tras ganar en la final del Masters 1000 de Roma al local\u00a0Jannik Sinner, situado en primera posici\u00f3n con 10.380 puntos. De esta manera [&hellip;]<\/p>\n","protected":false},"author":2,"featured_media":0,"comment_status":"closed","ping_status":"open","sticky":false,"template":"","format":"standard","meta":{"footnotes":""},"categories":[6,111],"tags":[],"yoast_head":"<!-- This site is optimized with the Yoast SEO plugin v24.5 - https:\/\/yoast.com\/wordpress\/plugins\/seo\/ -->\n<title>Carlos Alcaraz se hace con el n\u00famero 2 del r\u00e1nking antes de Roland Garros | El Nuevo Norte<\/title>\n<meta name=\"robots\" content=\"index, follow, max-snippet:-1, max-image-preview:large, max-video-preview:-1\" \/>\n<link rel=\"canonical\" href=\"https:\/\/infoelnuevonorte.com\/?p=103148\" \/>\n<meta property=\"og:locale\" content=\"es_ES\" \/>\n<meta property=\"og:type\" content=\"article\" \/>\n<meta property=\"og:title\" content=\"Carlos Alcaraz se hace con el n\u00famero 2 del r\u00e1nking antes de Roland Garros | El Nuevo Norte\" \/>\n<meta property=\"og:description\" content=\"Madrid (EFE).- El tenista espa\u00f1ol Carlos Alcaraz, con 8.850 puntos, se alz\u00f3 hasta el n\u00famero 2 del r\u00e1nking ATP justo antes de defender su t\u00edtulo en el Grand Slam de Roland Garros tras ganar en la final del Masters 1000 de Roma al local\u00a0Jannik Sinner, situado en primera posici\u00f3n con 10.380 puntos. De esta manera [&hellip;]\" \/>\n<meta property=\"og:url\" content=\"https:\/\/infoelnuevonorte.com\/?p=103148\" \/>\n<meta property=\"og:site_name\" content=\"El Nuevo Norte\" \/>\n<meta property=\"article:publisher\" content=\"https:\/\/www.facebook.com\/infoenn\" \/>\n<meta property=\"article:published_time\" content=\"2025-05-19T18:48:44+00:00\" \/>\n<meta property=\"og:image\" content=\"https:\/\/infoelnuevonorte.com\/wp-content\/uploads\/2025\/07\/logo_2025_con_eslogan-sin-fondo.png\" \/>\n\t<meta property=\"og:image:width\" content=\"651\" \/>\n\t<meta property=\"og:image:height\" content=\"383\" \/>\n\t<meta property=\"og:image:type\" content=\"image\/png\" \/>\n<meta name=\"author\" content=\"T. R.\" \/>\n<meta name=\"twitter:card\" content=\"summary_large_image\" \/>\n<meta name=\"twitter:creator\" content=\"@Elnuevo_norte\" \/>\n<meta name=\"twitter:site\" content=\"@Elnuevo_norte\" \/>\n<meta name=\"twitter:label1\" content=\"Written by\" \/>\n\t<meta name=\"twitter:data1\" content=\"T. R.\" \/>\n\t<meta name=\"twitter:label2\" content=\"Est. reading time\" \/>\n\t<meta name=\"twitter:data2\" content=\"1 minuto\" \/>\n<script type=\"application\/ld+json\" class=\"yoast-schema-graph\">{\"@context\":\"https:\/\/schema.org\",\"@graph\":[{\"@type\":\"Article\",\"@id\":\"https:\/\/infoelnuevonorte.com\/?p=103148#article\",\"isPartOf\":{\"@id\":\"https:\/\/infoelnuevonorte.com\/?p=103148\"},\"author\":{\"name\":\"T. R.\",\"@id\":\"https:\/\/infoelnuevonorte.com\/#\/schema\/person\/3accb35eb55f55e96c492b52d085a403\"},\"headline\":\"Carlos Alcaraz se hace con el n\u00famero 2 del r\u00e1nking antes de Roland Garros\",\"datePublished\":\"2025-05-19T18:48:44+00:00\",\"mainEntityOfPage\":{\"@id\":\"https:\/\/infoelnuevonorte.com\/?p=103148\"},\"wordCount\":245,\"publisher\":{\"@id\":\"https:\/\/infoelnuevonorte.com\/#organization\"},\"image\":{\"@id\":\"https:\/\/infoelnuevonorte.com\/?p=103148#primaryimage\"},\"thumbnailUrl\":\"https:\/\/i0.wp.com\/efe.com\/wp-content\/uploads\/2025\/05\/alcaraz-numero-dos-atp.webp?resize=900%2C600&amp;ssl=1\",\"articleSection\":[\"Deporte\",\"Tenis\"],\"inLanguage\":\"es-DO\"},{\"@type\":\"WebPage\",\"@id\":\"https:\/\/infoelnuevonorte.com\/?p=103148\",\"url\":\"https:\/\/infoelnuevonorte.com\/?p=103148\",\"name\":\"Carlos Alcaraz se hace con el n\u00famero 2 del r\u00e1nking antes de Roland Garros | El Nuevo Norte\",\"isPartOf\":{\"@id\":\"https:\/\/infoelnuevonorte.com\/#website\"},\"primaryImageOfPage\":{\"@id\":\"https:\/\/infoelnuevonorte.com\/?p=103148#primaryimage\"},\"image\":{\"@id\":\"https:\/\/infoelnuevonorte.com\/?p=103148#primaryimage\"},\"thumbnailUrl\":\"https:\/\/i0.wp.com\/efe.com\/wp-content\/uploads\/2025\/05\/alcaraz-numero-dos-atp.webp?resize=900%2C600&amp;ssl=1\",\"datePublished\":\"2025-05-19T18:48:44+00:00\",\"breadcrumb\":{\"@id\":\"https:\/\/infoelnuevonorte.com\/?p=103148#breadcrumb\"},\"inLanguage\":\"es-DO\",\"potentialAction\":[{\"@type\":\"ReadAction\",\"target\":[\"https:\/\/infoelnuevonorte.com\/?p=103148\"]}]},{\"@type\":\"ImageObject\",\"inLanguage\":\"es-DO\",\"@id\":\"https:\/\/infoelnuevonorte.com\/?p=103148#primaryimage\",\"url\":\"https:\/\/i0.wp.com\/efe.com\/wp-content\/uploads\/2025\/05\/alcaraz-numero-dos-atp.webp?resize=900%2C600&amp;ssl=1\",\"contentUrl\":\"https:\/\/i0.wp.com\/efe.com\/wp-content\/uploads\/2025\/05\/alcaraz-numero-dos-atp.webp?resize=900%2C600&amp;ssl=1\"},{\"@type\":\"BreadcrumbList\",\"@id\":\"https:\/\/infoelnuevonorte.com\/?p=103148#breadcrumb\",\"itemListElement\":[{\"@type\":\"ListItem\",\"position\":1,\"name\":\"Home\",\"item\":\"https:\/\/infoelnuevonorte.com\/\"},{\"@type\":\"ListItem\",\"position\":2,\"name\":\"Carlos Alcaraz se hace con el n\u00famero 2 del r\u00e1nking antes de Roland Garros\"}]},{\"@type\":\"WebSite\",\"@id\":\"https:\/\/infoelnuevonorte.com\/#website\",\"url\":\"https:\/\/infoelnuevonorte.com\/\",\"name\":\"InfoEnn\",\"description\":\"Tu Voz, tu Verdad, tu Diario!!!\",\"publisher\":{\"@id\":\"https:\/\/infoelnuevonorte.com\/#organization\"},\"alternateName\":\"El Nuevo Norte\",\"potentialAction\":[{\"@type\":\"SearchAction\",\"target\":{\"@type\":\"EntryPoint\",\"urlTemplate\":\"https:\/\/infoelnuevonorte.com\/?s={search_term_string}\"},\"query-input\":{\"@type\":\"PropertyValueSpecification\",\"valueRequired\":true,\"valueName\":\"search_term_string\"}}],\"inLanguage\":\"es-DO\"},{\"@type\":\"Organization\",\"@id\":\"https:\/\/infoelnuevonorte.com\/#organization\",\"name\":\"Info El Nuevo Norte\",\"alternateName\":\"El Nuevo Norte\",\"url\":\"https:\/\/infoelnuevonorte.com\/\",\"logo\":{\"@type\":\"ImageObject\",\"inLanguage\":\"es-DO\",\"@id\":\"https:\/\/infoelnuevonorte.com\/#\/schema\/logo\/image\/\",\"url\":\"https:\/\/infoelnuevonorte.com\/wp-content\/uploads\/2026\/02\/Logo-Info-enn-3d-20ani.jpeg\",\"contentUrl\":\"https:\/\/infoelnuevonorte.com\/wp-content\/uploads\/2026\/02\/Logo-Info-enn-3d-20ani.jpeg\",\"width\":2046,\"height\":736,\"caption\":\"Info El Nuevo Norte\"},\"image\":{\"@id\":\"https:\/\/infoelnuevonorte.com\/#\/schema\/logo\/image\/\"},\"sameAs\":[\"https:\/\/www.facebook.com\/infoenn\",\"https:\/\/x.com\/Elnuevo_norte\",\"https:\/\/www.instagram.com\/infoenn\",\"https:\/\/www.facebook.com\/ENNRD\"]},{\"@type\":\"Person\",\"@id\":\"https:\/\/infoelnuevonorte.com\/#\/schema\/person\/3accb35eb55f55e96c492b52d085a403\",\"name\":\"T. R.\",\"image\":{\"@type\":\"ImageObject\",\"inLanguage\":\"es-DO\",\"@id\":\"https:\/\/infoelnuevonorte.com\/#\/schema\/person\/image\/\",\"url\":\"https:\/\/secure.gravatar.com\/avatar\/40543a038bda97abdb765b1662e9677d?s=96&d=robohash&r=g\",\"contentUrl\":\"https:\/\/secure.gravatar.com\/avatar\/40543a038bda97abdb765b1662e9677d?s=96&d=robohash&r=g\",\"caption\":\"T. R.\"},\"url\":\"https:\/\/infoelnuevonorte.com\/?author=2\"}]}<\/script>\n<!-- \/ Yoast SEO plugin. -->","yoast_head_json":{"title":"Carlos Alcaraz se hace con el n\u00famero 2 del r\u00e1nking antes de Roland Garros | El Nuevo Norte","robots":{"index":"index","follow":"follow","max-snippet":"max-snippet:-1","max-image-preview":"max-image-preview:large","max-video-preview":"max-video-preview:-1"},"canonical":"https:\/\/infoelnuevonorte.com\/?p=103148","og_locale":"es_ES","og_type":"article","og_title":"Carlos Alcaraz se hace con el n\u00famero 2 del r\u00e1nking antes de Roland Garros | El Nuevo Norte","og_description":"Madrid (EFE).- El tenista espa\u00f1ol Carlos Alcaraz, con 8.850 puntos, se alz\u00f3 hasta el n\u00famero 2 del r\u00e1nking ATP justo antes de defender su t\u00edtulo en el Grand Slam de Roland Garros tras ganar en la final del Masters 1000 de Roma al local\u00a0Jannik Sinner, situado en primera posici\u00f3n con 10.380 puntos. De esta manera [&hellip;]","og_url":"https:\/\/infoelnuevonorte.com\/?p=103148","og_site_name":"El Nuevo Norte","article_publisher":"https:\/\/www.facebook.com\/infoenn","article_published_time":"2025-05-19T18:48:44+00:00","og_image":[{"width":651,"height":383,"url":"https:\/\/infoelnuevonorte.com\/wp-content\/uploads\/2025\/07\/logo_2025_con_eslogan-sin-fondo.png","type":"image\/png"}],"author":"T. R.","twitter_card":"summary_large_image","twitter_creator":"@Elnuevo_norte","twitter_site":"@Elnuevo_norte","twitter_misc":{"Written by":"T. R.","Est. reading time":"1 minuto"},"schema":{"@context":"https:\/\/schema.org","@graph":[{"@type":"Article","@id":"https:\/\/infoelnuevonorte.com\/?p=103148#article","isPartOf":{"@id":"https:\/\/infoelnuevonorte.com\/?p=103148"},"author":{"name":"T. R.","@id":"https:\/\/infoelnuevonorte.com\/#\/schema\/person\/3accb35eb55f55e96c492b52d085a403"},"headline":"Carlos Alcaraz se hace con el n\u00famero 2 del r\u00e1nking antes de Roland Garros","datePublished":"2025-05-19T18:48:44+00:00","mainEntityOfPage":{"@id":"https:\/\/infoelnuevonorte.com\/?p=103148"},"wordCount":245,"publisher":{"@id":"https:\/\/infoelnuevonorte.com\/#organization"},"image":{"@id":"https:\/\/infoelnuevonorte.com\/?p=103148#primaryimage"},"thumbnailUrl":"https:\/\/i0.wp.com\/efe.com\/wp-content\/uploads\/2025\/05\/alcaraz-numero-dos-atp.webp?resize=900%2C600&amp;ssl=1","articleSection":["Deporte","Tenis"],"inLanguage":"es-DO"},{"@type":"WebPage","@id":"https:\/\/infoelnuevonorte.com\/?p=103148","url":"https:\/\/infoelnuevonorte.com\/?p=103148","name":"Carlos Alcaraz se hace con el n\u00famero 2 del r\u00e1nking antes de Roland Garros | El Nuevo Norte","isPartOf":{"@id":"https:\/\/infoelnuevonorte.com\/#website"},"primaryImageOfPage":{"@id":"https:\/\/infoelnuevonorte.com\/?p=103148#primaryimage"},"image":{"@id":"https:\/\/infoelnuevonorte.com\/?p=103148#primaryimage"},"thumbnailUrl":"https:\/\/i0.wp.com\/efe.com\/wp-content\/uploads\/2025\/05\/alcaraz-numero-dos-atp.webp?resize=900%2C600&amp;ssl=1","datePublished":"2025-05-19T18:48:44+00:00","breadcrumb":{"@id":"https:\/\/infoelnuevonorte.com\/?p=103148#breadcrumb"},"inLanguage":"es-DO","potentialAction":[{"@type":"ReadAction","target":["https:\/\/infoelnuevonorte.com\/?p=103148"]}]},{"@type":"ImageObject","inLanguage":"es-DO","@id":"https:\/\/infoelnuevonorte.com\/?p=103148#primaryimage","url":"https:\/\/i0.wp.com\/efe.com\/wp-content\/uploads\/2025\/05\/alcaraz-numero-dos-atp.webp?resize=900%2C600&amp;ssl=1","contentUrl":"https:\/\/i0.wp.com\/efe.com\/wp-content\/uploads\/2025\/05\/alcaraz-numero-dos-atp.webp?resize=900%2C600&amp;ssl=1"},{"@type":"BreadcrumbList","@id":"https:\/\/infoelnuevonorte.com\/?p=103148#breadcrumb","itemListElement":[{"@type":"ListItem","position":1,"name":"Home","item":"https:\/\/infoelnuevonorte.com\/"},{"@type":"ListItem","position":2,"name":"Carlos Alcaraz se hace con el n\u00famero 2 del r\u00e1nking antes de Roland Garros"}]},{"@type":"WebSite","@id":"https:\/\/infoelnuevonorte.com\/#website","url":"https:\/\/infoelnuevonorte.com\/","name":"InfoEnn","description":"Tu Voz, tu Verdad, tu Diario!!!","publisher":{"@id":"https:\/\/infoelnuevonorte.com\/#organization"},"alternateName":"El Nuevo Norte","potentialAction":[{"@type":"SearchAction","target":{"@type":"EntryPoint","urlTemplate":"https:\/\/infoelnuevonorte.com\/?s={search_term_string}"},"query-input":{"@type":"PropertyValueSpecification","valueRequired":true,"valueName":"search_term_string"}}],"inLanguage":"es-DO"},{"@type":"Organization","@id":"https:\/\/infoelnuevonorte.com\/#organization","name":"Info El Nuevo Norte","alternateName":"El Nuevo Norte","url":"https:\/\/infoelnuevonorte.com\/","logo":{"@type":"ImageObject","inLanguage":"es-DO","@id":"https:\/\/infoelnuevonorte.com\/#\/schema\/logo\/image\/","url":"https:\/\/infoelnuevonorte.com\/wp-content\/uploads\/2026\/02\/Logo-Info-enn-3d-20ani.jpeg","contentUrl":"https:\/\/infoelnuevonorte.com\/wp-content\/uploads\/2026\/02\/Logo-Info-enn-3d-20ani.jpeg","width":2046,"height":736,"caption":"Info El Nuevo Norte"},"image":{"@id":"https:\/\/infoelnuevonorte.com\/#\/schema\/logo\/image\/"},"sameAs":["https:\/\/www.facebook.com\/infoenn","https:\/\/x.com\/Elnuevo_norte","https:\/\/www.instagram.com\/infoenn","https:\/\/www.facebook.com\/ENNRD"]},{"@type":"Person","@id":"https:\/\/infoelnuevonorte.com\/#\/schema\/person\/3accb35eb55f55e96c492b52d085a403","name":"T. R.","image":{"@type":"ImageObject","inLanguage":"es-DO","@id":"https:\/\/infoelnuevonorte.com\/#\/schema\/person\/image\/","url":"https:\/\/secure.gravatar.com\/avatar\/40543a038bda97abdb765b1662e9677d?s=96&d=robohash&r=g","contentUrl":"https:\/\/secure.gravatar.com\/avatar\/40543a038bda97abdb765b1662e9677d?s=96&d=robohash&r=g","caption":"T. R."},"url":"https:\/\/infoelnuevonorte.com\/?author=2"}]}},"_links":{"self":[{"href":"https:\/\/infoelnuevonorte.com\/index.php?rest_route=\/wp\/v2\/posts\/103148"}],"collection":[{"href":"https:\/\/infoelnuevonorte.com\/index.php?rest_route=\/wp\/v2\/posts"}],"about":[{"href":"https:\/\/infoelnuevonorte.com\/index.php?rest_route=\/wp\/v2\/types\/post"}],"author":[{"embeddable":true,"href":"https:\/\/infoelnuevonorte.com\/index.php?rest_route=\/wp\/v2\/users\/2"}],"replies":[{"embeddable":true,"href":"https:\/\/infoelnuevonorte.com\/index.php?rest_route=%2Fwp%2Fv2%2Fcomments&post=103148"}],"version-history":[{"count":1,"href":"https:\/\/infoelnuevonorte.com\/index.php?rest_route=\/wp\/v2\/posts\/103148\/revisions"}],"predecessor-version":[{"id":103154,"href":"https:\/\/infoelnuevonorte.com\/index.php?rest_route=\/wp\/v2\/posts\/103148\/revisions\/103154"}],"wp:attachment":[{"href":"https:\/\/infoelnuevonorte.com\/index.php?rest_route=%2Fwp%2Fv2%2Fmedia&parent=103148"}],"wp:term":[{"taxonomy":"category","embeddable":true,"href":"https:\/\/infoelnuevonorte.com\/index.php?rest_route=%2Fwp%2Fv2%2Fcategories&post=103148"},{"taxonomy":"post_tag","embeddable":true,"href":"https:\/\/infoelnuevonorte.com\/index.php?rest_route=%2Fwp%2Fv2%2Ftags&post=103148"}],"curies":[{"name":"wp","href":"https:\/\/api.w.org\/{rel}","templated":true}]}}