{"id":105579,"date":"2025-05-27T14:24:58","date_gmt":"2025-05-27T18:24:58","guid":{"rendered":"https:\/\/infoelnuevonorte.com\/?p=105579"},"modified":"2025-05-27T14:24:58","modified_gmt":"2025-05-27T18:24:58","slug":"el-centenario-djokovic-vuelve-victorioso-a-la-central-de-paris","status":"publish","type":"post","link":"https:\/\/infoelnuevonorte.com\/?p=105579","title":{"rendered":"El \u2018centenario\u2019 Djokovic vuelve victorioso a la central de Par\u00eds"},"content":{"rendered":"\n<p><a href=\"https:\/\/deultimominuto.net\/deportes\/tenis\/\"><\/a><\/p>\n\n\n<div class=\"td_block_wrap tdb_single_content tdi_232 td-pb-border-top td_block_template_1 td-post-content tagdiv-type\" data-td-block-uid=\"tdi_232\">\n<div class=\"tdb-block-inner td-fix-index\">\n<!--[if lt IE 9]><script>document.createElement('audio');<\/script><![endif]-->\n<audio class=\"wp-audio-shortcode\" id=\"audio-105579-1\" preload=\"none\" style=\"width: 100%;\" controls=\"controls\"><source type=\"audio\/mpeg\" src=\"https:\/\/infoelnuevonorte.com\/wp-content\/uploads\/2025\/05\/ttsmaker-vip-file-2025-5-27-14-24-15.mp3?_=1\" \/><a href=\"https:\/\/infoelnuevonorte.com\/wp-content\/uploads\/2025\/05\/ttsmaker-vip-file-2025-5-27-14-24-15.mp3\">https:\/\/infoelnuevonorte.com\/wp-content\/uploads\/2025\/05\/ttsmaker-vip-file-2025-5-27-14-24-15.mp3<\/a><\/audio>\n<p style=\"text-align: justify;\">Par\u00eds (EFE).- El serbio Novak Djokovic estren\u00f3 su condici\u00f3n de \u2018centenario\u2019, adquirida el pasado s\u00e1bado al alzarse en Ginebra con su cent\u00e9simo t\u00edtulo, con un triunfo en la primera ronda de Roland Garros contra el estadounidense Mackenzie McDonald, 6-3, 6-3 y 6-3 en casi dos horas de partido.<\/p>\n<p style=\"text-align: justify;\">Relegado al puesto 6 del r\u00e1nking en una temporada muy irregular en la que hasta el de las orillas del lago Leman no hab\u00eda levantado ning\u00fan t\u00edtulo desde el oro ol\u00edmpico de Par\u00eds 2024, el serbio ha recuperado parte del aura de ganador encadenando su quinta victoria consecutiva del a\u00f1o.<\/p>\n<p style=\"text-align: justify;\">Una buena serie para el hombre de todos los r\u00e9cords, que no hab\u00eda sido capaz de avanzar un ronda ni en Montecarlo\u00a0ni en Madrid\u00a0y que se salt\u00f3 la cita de Roma.<br \/><br \/>\u00abHa sido una bonita sensaci\u00f3n regresar a esta pista un a\u00f1o m\u00e1s, donde gan\u00e9 el oro ol\u00edmpico, me trae buenos recuerdos\u00bb, dijo el serbio nada m\u00e1s conseguir la victoria, al tiempo que record\u00f3 que la medalla la guarda su padre, como la mayor parte de sus trofeos.<\/p>\n<h2 id=\"h-trato-de-disfrutar-cada-partido-que-todavia-pueda-jugar\" class=\"wp-block-heading\" style=\"text-align: justify;\">\u00abTrato de disfrutar cada partido que todav\u00eda pueda jugar\u00bb<\/h2>\n<p style=\"text-align: justify;\">\u00abNo s\u00e9 cu\u00e1ntos Grand Slam me quedan en el cuerpo, pero trato de disfrutar de cada partido que todav\u00eda pueda jugar\u00bb, agreg\u00f3 el tenista de 38 a\u00f1os.<br \/><br \/>El ex n\u00famero 1 del mundo se refiri\u00f3 a la consecuci\u00f3n de su cent\u00e9simo trofeo el pasado s\u00e1bado: \u00abYo trato de marcar la historia de este deporte que me lo ha dado todo. Cada partido que juego, sobre todo en los torneos m\u00e1s importantes, trato de escribir una nueva p\u00e1gina. Esa es mi mayor motivaci\u00f3n, poder mejorar cada d\u00eda\u00bb.<br \/><br \/>En busca de su vig\u00e9simo quinto Grand Slam, que le colocar\u00eda en la cima de todos los tiempos, superando por uno a la australiana Margaert Court, Djokovic va cobrando el rodaje necesario para volver a ser, a sus 38 a\u00f1os, el de antes.<\/p>\n<h2 id=\"h-record-en-paris\" class=\"wp-block-heading\" style=\"text-align: justify;\">R\u00e9cord en Par\u00eds<\/h2>\n<p style=\"text-align: justify;\">Por el momento, en Par\u00eds firm\u00f3 su vig\u00e9sima victoria en una primera ronda, un r\u00e9cord que ning\u00fan otro tenista, ni siquiera el espa\u00f1ol Rafa Nadal, tiene, y su triunfo n\u00famero 97, a 15 de los conseguidos por el espa\u00f1ol, a cuyo homenaje asisti\u00f3 el pasado domingo como invitado de excepci\u00f3n.<\/p>\n<p style=\"text-align: justify;\">En Par\u00eds no pierde desde los m\u00edticos cuartos de final de 2022 contra Nadal, cuando el espa\u00f1ol se impuso, a altas horas de la noche, en cuatro sets, antes de sumar su decimocuarta corona.<\/p>\n<figure class=\"wp-block-image\" style=\"text-align: justify;\"><img decoding=\"async\" class=\"wp-image-1905756 entered lazyloaded\" title=\"El \u2018centenario\u2019 Djokovic vuelve victorioso a la central de Par\u00eds | 2 |\" src=\"https:\/\/i0.wp.com\/efe.com\/wp-content\/uploads\/2025\/05\/djokovic-roland-garros-1.webp?resize=900%2C607&amp;ssl=1\" alt=\"Djokovic estrecha la mano a Mackenzie Mcdonald. \" data-lazy-src=\"https:\/\/i0.wp.com\/efe.com\/wp-content\/uploads\/2025\/05\/djokovic-roland-garros-1.webp?resize=900%2C607&amp;ssl=1\" data-ll-status=\"loaded\" \/>\n<figcaption class=\"wp-element-caption\">Djokovic estrecha la mano a Mackenzie Mcdonald.\u00a0<\/figcaption>\n<\/figure>\n<p style=\"text-align: justify;\">Al a\u00f1o siguiente, el serbio se alz\u00f3 con el trofeo derrotando al noruego Casper Ruud en la final, la tercera que levantaba en Par\u00eds, y el a\u00f1o pasado, tras vencer al argentino Francisco Cer\u00fandolo en un asfixiante duelo a cinco sets, su rodilla se resinti\u00f3 y no se present\u00f3 a los cuartos de final contra el escandinavo.<br \/><br \/>Unos meses m\u00e1s tarde, y tras pasar por el quir\u00f3fano, algo a lo que siempre se hab\u00eda resistido, compareci\u00f3 de nuevo en Par\u00eds para acabar colg\u00e1ndose el oro ol\u00edmpico, derrotando en la final al espa\u00f1ol Carlos Alcaraz, completando un palmar\u00e9s \u00fanico.<\/p>\n<h2 id=\"h-djokovic-no-pierde-un-primer-partido-en-grand-slam-desde-2006\" class=\"wp-block-heading\" style=\"text-align: justify;\">Djokovic no pierde un primer partido en Grand Slam desde 2006<\/h2>\n<p style=\"text-align: justify;\">Djokovic no pierde un primer partido en Grand Slam desde 2006 y, despu\u00e9s de haber perdido dos de los tres priemros, encadena ya 73 triunfos consecutivos en el debut de un grande.<br \/><br \/>Su actuaci\u00f3n en un d\u00eda desapacible, que empez\u00f3 al aire libre y acab\u00f3 con el techo de la central, no dej\u00f3 lugar a las dudas.<br \/><br \/>McDonald, 98 del r\u00e1nking a sus 30 a\u00f1os, que cuenta en su rev\u00f3lver con la muesca de haber vencido a Nadal en el Abierto de Australia de 2023, no puso problemas al serbio, que sigui\u00f3 los pasos del alem\u00e1n Alexander Zverev, tercer cabeza de serie y finalista de la pasada edici\u00f3n, que unos minutos antes hab\u00eda conseguido el pase a segunda ronda contra el estadounidense Learner Tien.<br \/><br \/>La v\u00edspera lo hab\u00edan conseguido el italiano Jannik Sinner, n\u00famero 1 del mundo, y el espa\u00f1ol Alcaraz, defensor del t\u00edtulo<\/p>\n<\/div>\n<\/div>\n<div class=\"td_block_wrap tdb_single_tags tdi_233 td-pb-border-top td_block_template_1\" style=\"text-align: justify;\" data-td-block-uid=\"tdi_233\">\u00a0<\/div>","protected":false},"excerpt":{"rendered":"<p>Par\u00eds (EFE).- El serbio Novak Djokovic estren\u00f3 su condici\u00f3n de \u2018centenario\u2019, adquirida el pasado s\u00e1bado al alzarse en Ginebra con su cent\u00e9simo t\u00edtulo, con un triunfo en la primera ronda de Roland Garros contra el estadounidense Mackenzie McDonald, 6-3, 6-3 y 6-3 en casi dos horas de partido. Relegado al puesto 6 del r\u00e1nking en [&hellip;]<\/p>\n","protected":false},"author":2,"featured_media":0,"comment_status":"closed","ping_status":"open","sticky":false,"template":"","format":"standard","meta":{"footnotes":""},"categories":[6,111],"tags":[],"yoast_head":"<!-- This site is optimized with the Yoast SEO plugin v24.5 - https:\/\/yoast.com\/wordpress\/plugins\/seo\/ -->\n<title>El \u2018centenario\u2019 Djokovic vuelve victorioso a la central de Par\u00eds | El Nuevo Norte<\/title>\n<meta name=\"robots\" content=\"index, follow, max-snippet:-1, max-image-preview:large, max-video-preview:-1\" \/>\n<link rel=\"canonical\" href=\"https:\/\/infoelnuevonorte.com\/?p=105579\" \/>\n<meta property=\"og:locale\" content=\"es_ES\" \/>\n<meta property=\"og:type\" content=\"article\" \/>\n<meta property=\"og:title\" content=\"El \u2018centenario\u2019 Djokovic vuelve victorioso a la central de Par\u00eds | El Nuevo Norte\" \/>\n<meta property=\"og:description\" content=\"Par\u00eds (EFE).- El serbio Novak Djokovic estren\u00f3 su condici\u00f3n de \u2018centenario\u2019, adquirida el pasado s\u00e1bado al alzarse en Ginebra con su cent\u00e9simo t\u00edtulo, con un triunfo en la primera ronda de Roland Garros contra el estadounidense Mackenzie McDonald, 6-3, 6-3 y 6-3 en casi dos horas de partido. Relegado al puesto 6 del r\u00e1nking en [&hellip;]\" \/>\n<meta property=\"og:url\" content=\"https:\/\/infoelnuevonorte.com\/?p=105579\" \/>\n<meta property=\"og:site_name\" content=\"El Nuevo Norte\" \/>\n<meta property=\"article:publisher\" content=\"https:\/\/www.facebook.com\/infoenn\" \/>\n<meta property=\"article:published_time\" content=\"2025-05-27T18:24:58+00:00\" \/>\n<meta property=\"og:image\" content=\"https:\/\/infoelnuevonorte.com\/wp-content\/uploads\/2025\/07\/logo_2025_con_eslogan-sin-fondo.png\" \/>\n\t<meta property=\"og:image:width\" content=\"651\" \/>\n\t<meta property=\"og:image:height\" content=\"383\" \/>\n\t<meta property=\"og:image:type\" content=\"image\/png\" \/>\n<meta name=\"author\" content=\"T. R.\" \/>\n<meta name=\"twitter:card\" content=\"summary_large_image\" \/>\n<meta name=\"twitter:creator\" content=\"@Elnuevo_norte\" \/>\n<meta name=\"twitter:site\" content=\"@Elnuevo_norte\" \/>\n<meta name=\"twitter:label1\" content=\"Written by\" \/>\n\t<meta name=\"twitter:data1\" content=\"T. R.\" \/>\n\t<meta name=\"twitter:label2\" content=\"Est. reading time\" \/>\n\t<meta name=\"twitter:data2\" content=\"4 minutos\" \/>\n<script type=\"application\/ld+json\" class=\"yoast-schema-graph\">{\"@context\":\"https:\/\/schema.org\",\"@graph\":[{\"@type\":\"Article\",\"@id\":\"https:\/\/infoelnuevonorte.com\/?p=105579#article\",\"isPartOf\":{\"@id\":\"https:\/\/infoelnuevonorte.com\/?p=105579\"},\"author\":{\"name\":\"T. R.\",\"@id\":\"https:\/\/infoelnuevonorte.com\/#\/schema\/person\/3accb35eb55f55e96c492b52d085a403\"},\"headline\":\"El \u2018centenario\u2019 Djokovic vuelve victorioso a la central de Par\u00eds\",\"datePublished\":\"2025-05-27T18:24:58+00:00\",\"mainEntityOfPage\":{\"@id\":\"https:\/\/infoelnuevonorte.com\/?p=105579\"},\"wordCount\":748,\"publisher\":{\"@id\":\"https:\/\/infoelnuevonorte.com\/#organization\"},\"image\":{\"@id\":\"https:\/\/infoelnuevonorte.com\/?p=105579#primaryimage\"},\"thumbnailUrl\":\"https:\/\/i0.wp.com\/efe.com\/wp-content\/uploads\/2025\/05\/djokovic-roland-garros-1.webp?resize=900%2C607&amp;ssl=1\",\"articleSection\":[\"Deporte\",\"Tenis\"],\"inLanguage\":\"es-DO\"},{\"@type\":\"WebPage\",\"@id\":\"https:\/\/infoelnuevonorte.com\/?p=105579\",\"url\":\"https:\/\/infoelnuevonorte.com\/?p=105579\",\"name\":\"El \u2018centenario\u2019 Djokovic vuelve victorioso a la central de Par\u00eds | El Nuevo Norte\",\"isPartOf\":{\"@id\":\"https:\/\/infoelnuevonorte.com\/#website\"},\"primaryImageOfPage\":{\"@id\":\"https:\/\/infoelnuevonorte.com\/?p=105579#primaryimage\"},\"image\":{\"@id\":\"https:\/\/infoelnuevonorte.com\/?p=105579#primaryimage\"},\"thumbnailUrl\":\"https:\/\/i0.wp.com\/efe.com\/wp-content\/uploads\/2025\/05\/djokovic-roland-garros-1.webp?resize=900%2C607&amp;ssl=1\",\"datePublished\":\"2025-05-27T18:24:58+00:00\",\"breadcrumb\":{\"@id\":\"https:\/\/infoelnuevonorte.com\/?p=105579#breadcrumb\"},\"inLanguage\":\"es-DO\",\"potentialAction\":[{\"@type\":\"ReadAction\",\"target\":[\"https:\/\/infoelnuevonorte.com\/?p=105579\"]}]},{\"@type\":\"ImageObject\",\"inLanguage\":\"es-DO\",\"@id\":\"https:\/\/infoelnuevonorte.com\/?p=105579#primaryimage\",\"url\":\"https:\/\/i0.wp.com\/efe.com\/wp-content\/uploads\/2025\/05\/djokovic-roland-garros-1.webp?resize=900%2C607&amp;ssl=1\",\"contentUrl\":\"https:\/\/i0.wp.com\/efe.com\/wp-content\/uploads\/2025\/05\/djokovic-roland-garros-1.webp?resize=900%2C607&amp;ssl=1\"},{\"@type\":\"BreadcrumbList\",\"@id\":\"https:\/\/infoelnuevonorte.com\/?p=105579#breadcrumb\",\"itemListElement\":[{\"@type\":\"ListItem\",\"position\":1,\"name\":\"Home\",\"item\":\"https:\/\/infoelnuevonorte.com\/\"},{\"@type\":\"ListItem\",\"position\":2,\"name\":\"El \u2018centenario\u2019 Djokovic vuelve victorioso a la central de Par\u00eds\"}]},{\"@type\":\"WebSite\",\"@id\":\"https:\/\/infoelnuevonorte.com\/#website\",\"url\":\"https:\/\/infoelnuevonorte.com\/\",\"name\":\"InfoEnn\",\"description\":\"Tu Voz, tu Verdad, tu Diario!!!\",\"publisher\":{\"@id\":\"https:\/\/infoelnuevonorte.com\/#organization\"},\"alternateName\":\"El Nuevo Norte\",\"potentialAction\":[{\"@type\":\"SearchAction\",\"target\":{\"@type\":\"EntryPoint\",\"urlTemplate\":\"https:\/\/infoelnuevonorte.com\/?s={search_term_string}\"},\"query-input\":{\"@type\":\"PropertyValueSpecification\",\"valueRequired\":true,\"valueName\":\"search_term_string\"}}],\"inLanguage\":\"es-DO\"},{\"@type\":\"Organization\",\"@id\":\"https:\/\/infoelnuevonorte.com\/#organization\",\"name\":\"Info El Nuevo Norte\",\"alternateName\":\"El Nuevo Norte\",\"url\":\"https:\/\/infoelnuevonorte.com\/\",\"logo\":{\"@type\":\"ImageObject\",\"inLanguage\":\"es-DO\",\"@id\":\"https:\/\/infoelnuevonorte.com\/#\/schema\/logo\/image\/\",\"url\":\"https:\/\/infoelnuevonorte.com\/wp-content\/uploads\/2026\/02\/Logo-Info-enn-3d-20ani.jpeg\",\"contentUrl\":\"https:\/\/infoelnuevonorte.com\/wp-content\/uploads\/2026\/02\/Logo-Info-enn-3d-20ani.jpeg\",\"width\":2046,\"height\":736,\"caption\":\"Info El Nuevo Norte\"},\"image\":{\"@id\":\"https:\/\/infoelnuevonorte.com\/#\/schema\/logo\/image\/\"},\"sameAs\":[\"https:\/\/www.facebook.com\/infoenn\",\"https:\/\/x.com\/Elnuevo_norte\",\"https:\/\/www.instagram.com\/infoenn\",\"https:\/\/www.facebook.com\/ENNRD\"]},{\"@type\":\"Person\",\"@id\":\"https:\/\/infoelnuevonorte.com\/#\/schema\/person\/3accb35eb55f55e96c492b52d085a403\",\"name\":\"T. R.\",\"image\":{\"@type\":\"ImageObject\",\"inLanguage\":\"es-DO\",\"@id\":\"https:\/\/infoelnuevonorte.com\/#\/schema\/person\/image\/\",\"url\":\"https:\/\/secure.gravatar.com\/avatar\/40543a038bda97abdb765b1662e9677d?s=96&d=robohash&r=g\",\"contentUrl\":\"https:\/\/secure.gravatar.com\/avatar\/40543a038bda97abdb765b1662e9677d?s=96&d=robohash&r=g\",\"caption\":\"T. R.\"},\"url\":\"https:\/\/infoelnuevonorte.com\/?author=2\"}]}<\/script>\n<!-- \/ Yoast SEO plugin. -->","yoast_head_json":{"title":"El \u2018centenario\u2019 Djokovic vuelve victorioso a la central de Par\u00eds | El Nuevo Norte","robots":{"index":"index","follow":"follow","max-snippet":"max-snippet:-1","max-image-preview":"max-image-preview:large","max-video-preview":"max-video-preview:-1"},"canonical":"https:\/\/infoelnuevonorte.com\/?p=105579","og_locale":"es_ES","og_type":"article","og_title":"El \u2018centenario\u2019 Djokovic vuelve victorioso a la central de Par\u00eds | El Nuevo Norte","og_description":"Par\u00eds (EFE).- El serbio Novak Djokovic estren\u00f3 su condici\u00f3n de \u2018centenario\u2019, adquirida el pasado s\u00e1bado al alzarse en Ginebra con su cent\u00e9simo t\u00edtulo, con un triunfo en la primera ronda de Roland Garros contra el estadounidense Mackenzie McDonald, 6-3, 6-3 y 6-3 en casi dos horas de partido. Relegado al puesto 6 del r\u00e1nking en [&hellip;]","og_url":"https:\/\/infoelnuevonorte.com\/?p=105579","og_site_name":"El Nuevo Norte","article_publisher":"https:\/\/www.facebook.com\/infoenn","article_published_time":"2025-05-27T18:24:58+00:00","og_image":[{"width":651,"height":383,"url":"https:\/\/infoelnuevonorte.com\/wp-content\/uploads\/2025\/07\/logo_2025_con_eslogan-sin-fondo.png","type":"image\/png"}],"author":"T. R.","twitter_card":"summary_large_image","twitter_creator":"@Elnuevo_norte","twitter_site":"@Elnuevo_norte","twitter_misc":{"Written by":"T. R.","Est. reading time":"4 minutos"},"schema":{"@context":"https:\/\/schema.org","@graph":[{"@type":"Article","@id":"https:\/\/infoelnuevonorte.com\/?p=105579#article","isPartOf":{"@id":"https:\/\/infoelnuevonorte.com\/?p=105579"},"author":{"name":"T. R.","@id":"https:\/\/infoelnuevonorte.com\/#\/schema\/person\/3accb35eb55f55e96c492b52d085a403"},"headline":"El \u2018centenario\u2019 Djokovic vuelve victorioso a la central de Par\u00eds","datePublished":"2025-05-27T18:24:58+00:00","mainEntityOfPage":{"@id":"https:\/\/infoelnuevonorte.com\/?p=105579"},"wordCount":748,"publisher":{"@id":"https:\/\/infoelnuevonorte.com\/#organization"},"image":{"@id":"https:\/\/infoelnuevonorte.com\/?p=105579#primaryimage"},"thumbnailUrl":"https:\/\/i0.wp.com\/efe.com\/wp-content\/uploads\/2025\/05\/djokovic-roland-garros-1.webp?resize=900%2C607&amp;ssl=1","articleSection":["Deporte","Tenis"],"inLanguage":"es-DO"},{"@type":"WebPage","@id":"https:\/\/infoelnuevonorte.com\/?p=105579","url":"https:\/\/infoelnuevonorte.com\/?p=105579","name":"El \u2018centenario\u2019 Djokovic vuelve victorioso a la central de Par\u00eds | El Nuevo Norte","isPartOf":{"@id":"https:\/\/infoelnuevonorte.com\/#website"},"primaryImageOfPage":{"@id":"https:\/\/infoelnuevonorte.com\/?p=105579#primaryimage"},"image":{"@id":"https:\/\/infoelnuevonorte.com\/?p=105579#primaryimage"},"thumbnailUrl":"https:\/\/i0.wp.com\/efe.com\/wp-content\/uploads\/2025\/05\/djokovic-roland-garros-1.webp?resize=900%2C607&amp;ssl=1","datePublished":"2025-05-27T18:24:58+00:00","breadcrumb":{"@id":"https:\/\/infoelnuevonorte.com\/?p=105579#breadcrumb"},"inLanguage":"es-DO","potentialAction":[{"@type":"ReadAction","target":["https:\/\/infoelnuevonorte.com\/?p=105579"]}]},{"@type":"ImageObject","inLanguage":"es-DO","@id":"https:\/\/infoelnuevonorte.com\/?p=105579#primaryimage","url":"https:\/\/i0.wp.com\/efe.com\/wp-content\/uploads\/2025\/05\/djokovic-roland-garros-1.webp?resize=900%2C607&amp;ssl=1","contentUrl":"https:\/\/i0.wp.com\/efe.com\/wp-content\/uploads\/2025\/05\/djokovic-roland-garros-1.webp?resize=900%2C607&amp;ssl=1"},{"@type":"BreadcrumbList","@id":"https:\/\/infoelnuevonorte.com\/?p=105579#breadcrumb","itemListElement":[{"@type":"ListItem","position":1,"name":"Home","item":"https:\/\/infoelnuevonorte.com\/"},{"@type":"ListItem","position":2,"name":"El \u2018centenario\u2019 Djokovic vuelve victorioso a la central de Par\u00eds"}]},{"@type":"WebSite","@id":"https:\/\/infoelnuevonorte.com\/#website","url":"https:\/\/infoelnuevonorte.com\/","name":"InfoEnn","description":"Tu Voz, tu Verdad, tu Diario!!!","publisher":{"@id":"https:\/\/infoelnuevonorte.com\/#organization"},"alternateName":"El Nuevo Norte","potentialAction":[{"@type":"SearchAction","target":{"@type":"EntryPoint","urlTemplate":"https:\/\/infoelnuevonorte.com\/?s={search_term_string}"},"query-input":{"@type":"PropertyValueSpecification","valueRequired":true,"valueName":"search_term_string"}}],"inLanguage":"es-DO"},{"@type":"Organization","@id":"https:\/\/infoelnuevonorte.com\/#organization","name":"Info El Nuevo Norte","alternateName":"El Nuevo Norte","url":"https:\/\/infoelnuevonorte.com\/","logo":{"@type":"ImageObject","inLanguage":"es-DO","@id":"https:\/\/infoelnuevonorte.com\/#\/schema\/logo\/image\/","url":"https:\/\/infoelnuevonorte.com\/wp-content\/uploads\/2026\/02\/Logo-Info-enn-3d-20ani.jpeg","contentUrl":"https:\/\/infoelnuevonorte.com\/wp-content\/uploads\/2026\/02\/Logo-Info-enn-3d-20ani.jpeg","width":2046,"height":736,"caption":"Info El Nuevo Norte"},"image":{"@id":"https:\/\/infoelnuevonorte.com\/#\/schema\/logo\/image\/"},"sameAs":["https:\/\/www.facebook.com\/infoenn","https:\/\/x.com\/Elnuevo_norte","https:\/\/www.instagram.com\/infoenn","https:\/\/www.facebook.com\/ENNRD"]},{"@type":"Person","@id":"https:\/\/infoelnuevonorte.com\/#\/schema\/person\/3accb35eb55f55e96c492b52d085a403","name":"T. R.","image":{"@type":"ImageObject","inLanguage":"es-DO","@id":"https:\/\/infoelnuevonorte.com\/#\/schema\/person\/image\/","url":"https:\/\/secure.gravatar.com\/avatar\/40543a038bda97abdb765b1662e9677d?s=96&d=robohash&r=g","contentUrl":"https:\/\/secure.gravatar.com\/avatar\/40543a038bda97abdb765b1662e9677d?s=96&d=robohash&r=g","caption":"T. R."},"url":"https:\/\/infoelnuevonorte.com\/?author=2"}]}},"_links":{"self":[{"href":"https:\/\/infoelnuevonorte.com\/index.php?rest_route=\/wp\/v2\/posts\/105579"}],"collection":[{"href":"https:\/\/infoelnuevonorte.com\/index.php?rest_route=\/wp\/v2\/posts"}],"about":[{"href":"https:\/\/infoelnuevonorte.com\/index.php?rest_route=\/wp\/v2\/types\/post"}],"author":[{"embeddable":true,"href":"https:\/\/infoelnuevonorte.com\/index.php?rest_route=\/wp\/v2\/users\/2"}],"replies":[{"embeddable":true,"href":"https:\/\/infoelnuevonorte.com\/index.php?rest_route=%2Fwp%2Fv2%2Fcomments&post=105579"}],"version-history":[{"count":1,"href":"https:\/\/infoelnuevonorte.com\/index.php?rest_route=\/wp\/v2\/posts\/105579\/revisions"}],"predecessor-version":[{"id":105582,"href":"https:\/\/infoelnuevonorte.com\/index.php?rest_route=\/wp\/v2\/posts\/105579\/revisions\/105582"}],"wp:attachment":[{"href":"https:\/\/infoelnuevonorte.com\/index.php?rest_route=%2Fwp%2Fv2%2Fmedia&parent=105579"}],"wp:term":[{"taxonomy":"category","embeddable":true,"href":"https:\/\/infoelnuevonorte.com\/index.php?rest_route=%2Fwp%2Fv2%2Fcategories&post=105579"},{"taxonomy":"post_tag","embeddable":true,"href":"https:\/\/infoelnuevonorte.com\/index.php?rest_route=%2Fwp%2Fv2%2Ftags&post=105579"}],"curies":[{"name":"wp","href":"https:\/\/api.w.org\/{rel}","templated":true}]}}