{"id":106123,"date":"2025-05-29T12:37:28","date_gmt":"2025-05-29T16:37:28","guid":{"rendered":"https:\/\/infoelnuevonorte.com\/?p=106123"},"modified":"2025-05-29T12:37:29","modified_gmt":"2025-05-29T16:37:29","slug":"casi-todos-los-diputados-de-la-fp-apoyamos-a-omar-fernandez-afirma-rafelin-perez","status":"publish","type":"post","link":"https:\/\/infoelnuevonorte.com\/?p=106123","title":{"rendered":"\u201cCasi todos los diputados de la FP apoyamos a Omar Fern\u00e1ndez\u201d, afirma Rafelin P\u00e9rez"},"content":{"rendered":"<!--[if lt IE 9]><script>document.createElement('audio');<\/script><![endif]-->\n<audio class=\"wp-audio-shortcode\" id=\"audio-106123-1\" preload=\"none\" style=\"width: 100%;\" controls=\"controls\"><source type=\"audio\/mpeg\" src=\"https:\/\/infoelnuevonorte.com\/wp-content\/uploads\/2025\/05\/ttsmaker-vip-file-2025-5-29-12-36-14.mp3?_=1\" \/><a href=\"https:\/\/infoelnuevonorte.com\/wp-content\/uploads\/2025\/05\/ttsmaker-vip-file-2025-5-29-12-36-14.mp3\">https:\/\/infoelnuevonorte.com\/wp-content\/uploads\/2025\/05\/ttsmaker-vip-file-2025-5-29-12-36-14.mp3<\/a><\/audio>\n<p style=\"text-align: justify;\">El diputado por la Fuerza del Pueblo (FP) Rafelin P\u00e9rez afirm\u00f3 este mi\u00e9rcoles que casi todos sus colegas en la C\u00e1mara de diputados est\u00e1n de acuerdo con que Omar Fern\u00e1ndez sea el candidato presidencial.<\/p>\n<p style=\"text-align: justify;\">\u201cCasi todos los diputados de la Fuerza del Pueblo apoyamos a Omar Fern\u00e1ndez\u2026 son m\u00e1s de los 29 que tenemos, porque incluso hay algunos del PRM que quieren apoyarlo si termina siendo el candidato\u201d, afirm\u00f3 el congresista.<\/p>\n<p style=\"text-align: justify;\">Rafelin explic\u00f3 que ha sido fiel seguidor de Leonel Fern\u00e1ndez, pero que lo m\u00e1s conveniente a la oposici\u00f3n es respaldar a Omar de cara a 2028.<\/p>\n<p style=\"text-align: justify;\">\u201cEstamos frente al politico del momento, un liderazgo encarnado en las fuerzas vivas de la naci\u00f3n\u201d, enfatiz\u00f3 Rafael, quien adem\u00e1s es miembro de la Direcci\u00f3n Central del partido Fuerza del Pueblo.<\/p>\n<p style=\"text-align: justify;\">El legislador indic\u00f3 que n o trata de desafiar al Gobierno, pero considera que la Rep\u00fablica Dominicana requiere de un liderazgo fresco y joven.<\/p>\n\n\n<figure class=\"wp-block-video\"><video controls src=\"https:\/\/infoelnuevonorte.com\/wp-content\/uploads\/2025\/05\/DIPUTADO-DE-LA-FUERZA-DEL-PUEBLO-APOYA-A-OMAR.mp4\"><\/video><\/figure>\n","protected":false},"excerpt":{"rendered":"<p>El diputado por la Fuerza del Pueblo (FP) Rafelin P\u00e9rez afirm\u00f3 este mi\u00e9rcoles que casi todos sus colegas en la C\u00e1mara de diputados est\u00e1n de acuerdo con que Omar Fern\u00e1ndez sea el candidato presidencial. \u201cCasi todos los diputados de la Fuerza del Pueblo apoyamos a Omar Fern\u00e1ndez\u2026 son m\u00e1s de los 29 que tenemos, porque [&hellip;]<\/p>\n","protected":false},"author":1,"featured_media":0,"comment_status":"closed","ping_status":"open","sticky":false,"template":"","format":"standard","meta":{"footnotes":""},"categories":[8,18],"tags":[],"yoast_head":"<!-- This site is optimized with the Yoast SEO plugin v24.5 - https:\/\/yoast.com\/wordpress\/plugins\/seo\/ -->\n<title>\u201cCasi todos los diputados de la FP apoyamos a Omar Fern\u00e1ndez\u201d, afirma Rafelin P\u00e9rez | El Nuevo Norte<\/title>\n<meta name=\"robots\" content=\"index, follow, max-snippet:-1, max-image-preview:large, max-video-preview:-1\" \/>\n<link rel=\"canonical\" href=\"https:\/\/infoelnuevonorte.com\/?p=106123\" \/>\n<meta property=\"og:locale\" content=\"es_ES\" \/>\n<meta property=\"og:type\" content=\"article\" \/>\n<meta property=\"og:title\" content=\"\u201cCasi todos los diputados de la FP apoyamos a Omar Fern\u00e1ndez\u201d, afirma Rafelin P\u00e9rez | El Nuevo Norte\" \/>\n<meta property=\"og:description\" content=\"El diputado por la Fuerza del Pueblo (FP) Rafelin P\u00e9rez afirm\u00f3 este mi\u00e9rcoles que casi todos sus colegas en la C\u00e1mara de diputados est\u00e1n de acuerdo con que Omar Fern\u00e1ndez sea el candidato presidencial. \u201cCasi todos los diputados de la Fuerza del Pueblo apoyamos a Omar Fern\u00e1ndez\u2026 son m\u00e1s de los 29 que tenemos, porque [&hellip;]\" \/>\n<meta property=\"og:url\" content=\"https:\/\/infoelnuevonorte.com\/?p=106123\" \/>\n<meta property=\"og:site_name\" content=\"El Nuevo Norte\" \/>\n<meta property=\"article:publisher\" content=\"https:\/\/www.facebook.com\/infoenn\" \/>\n<meta property=\"article:published_time\" content=\"2025-05-29T16:37:28+00:00\" \/>\n<meta property=\"article:modified_time\" content=\"2025-05-29T16:37:29+00:00\" \/>\n<meta property=\"og:image\" content=\"https:\/\/infoelnuevonorte.com\/wp-content\/uploads\/2025\/05\/DIPUTADO-DE-LA-FUERZA-DEL-PUBLO.png\" \/>\n\t<meta property=\"og:image:width\" content=\"645\" \/>\n\t<meta property=\"og:image:height\" content=\"442\" \/>\n\t<meta property=\"og:image:type\" content=\"image\/png\" \/>\n<meta name=\"author\" content=\"InfoEnn\" \/>\n<meta name=\"twitter:card\" content=\"summary_large_image\" \/>\n<meta name=\"twitter:creator\" content=\"@Elnuevo_norte\" \/>\n<meta name=\"twitter:site\" content=\"@Elnuevo_norte\" \/>\n<meta name=\"twitter:label1\" content=\"Written by\" \/>\n\t<meta name=\"twitter:data1\" content=\"InfoEnn\" \/>\n\t<meta name=\"twitter:label2\" content=\"Est. reading time\" \/>\n\t<meta name=\"twitter:data2\" content=\"1 minuto\" \/>\n<script type=\"application\/ld+json\" class=\"yoast-schema-graph\">{\"@context\":\"https:\/\/schema.org\",\"@graph\":[{\"@type\":\"Article\",\"@id\":\"https:\/\/infoelnuevonorte.com\/?p=106123#article\",\"isPartOf\":{\"@id\":\"https:\/\/infoelnuevonorte.com\/?p=106123\"},\"author\":{\"name\":\"InfoEnn\",\"@id\":\"https:\/\/infoelnuevonorte.com\/#\/schema\/person\/fd4f6d90afe41260818b4ea94ad8ab84\"},\"headline\":\"\u201cCasi todos los diputados de la FP apoyamos a Omar Fern\u00e1ndez\u201d, afirma Rafelin P\u00e9rez\",\"datePublished\":\"2025-05-29T16:37:28+00:00\",\"dateModified\":\"2025-05-29T16:37:29+00:00\",\"mainEntityOfPage\":{\"@id\":\"https:\/\/infoelnuevonorte.com\/?p=106123\"},\"wordCount\":195,\"publisher\":{\"@id\":\"https:\/\/infoelnuevonorte.com\/#organization\"},\"articleSection\":[\"Nacionales\",\"Video\"],\"inLanguage\":\"es-DO\"},{\"@type\":\"WebPage\",\"@id\":\"https:\/\/infoelnuevonorte.com\/?p=106123\",\"url\":\"https:\/\/infoelnuevonorte.com\/?p=106123\",\"name\":\"\u201cCasi todos los diputados de la FP apoyamos a Omar Fern\u00e1ndez\u201d, afirma Rafelin P\u00e9rez | El Nuevo Norte\",\"isPartOf\":{\"@id\":\"https:\/\/infoelnuevonorte.com\/#website\"},\"datePublished\":\"2025-05-29T16:37:28+00:00\",\"dateModified\":\"2025-05-29T16:37:29+00:00\",\"breadcrumb\":{\"@id\":\"https:\/\/infoelnuevonorte.com\/?p=106123#breadcrumb\"},\"inLanguage\":\"es-DO\",\"potentialAction\":[{\"@type\":\"ReadAction\",\"target\":[\"https:\/\/infoelnuevonorte.com\/?p=106123\"]}]},{\"@type\":\"BreadcrumbList\",\"@id\":\"https:\/\/infoelnuevonorte.com\/?p=106123#breadcrumb\",\"itemListElement\":[{\"@type\":\"ListItem\",\"position\":1,\"name\":\"Home\",\"item\":\"https:\/\/infoelnuevonorte.com\/\"},{\"@type\":\"ListItem\",\"position\":2,\"name\":\"\u201cCasi todos los diputados de la FP apoyamos a Omar Fern\u00e1ndez\u201d, afirma Rafelin P\u00e9rez\"}]},{\"@type\":\"WebSite\",\"@id\":\"https:\/\/infoelnuevonorte.com\/#website\",\"url\":\"https:\/\/infoelnuevonorte.com\/\",\"name\":\"InfoEnn\",\"description\":\"Tu Voz, tu Verdad, tu Diario!!!\",\"publisher\":{\"@id\":\"https:\/\/infoelnuevonorte.com\/#organization\"},\"alternateName\":\"El Nuevo Norte\",\"potentialAction\":[{\"@type\":\"SearchAction\",\"target\":{\"@type\":\"EntryPoint\",\"urlTemplate\":\"https:\/\/infoelnuevonorte.com\/?s={search_term_string}\"},\"query-input\":{\"@type\":\"PropertyValueSpecification\",\"valueRequired\":true,\"valueName\":\"search_term_string\"}}],\"inLanguage\":\"es-DO\"},{\"@type\":\"Organization\",\"@id\":\"https:\/\/infoelnuevonorte.com\/#organization\",\"name\":\"Info El Nuevo Norte\",\"alternateName\":\"El Nuevo Norte\",\"url\":\"https:\/\/infoelnuevonorte.com\/\",\"logo\":{\"@type\":\"ImageObject\",\"inLanguage\":\"es-DO\",\"@id\":\"https:\/\/infoelnuevonorte.com\/#\/schema\/logo\/image\/\",\"url\":\"https:\/\/infoelnuevonorte.com\/wp-content\/uploads\/2026\/02\/Logo-Info-enn-3d-20ani.jpeg\",\"contentUrl\":\"https:\/\/infoelnuevonorte.com\/wp-content\/uploads\/2026\/02\/Logo-Info-enn-3d-20ani.jpeg\",\"width\":2046,\"height\":736,\"caption\":\"Info El Nuevo Norte\"},\"image\":{\"@id\":\"https:\/\/infoelnuevonorte.com\/#\/schema\/logo\/image\/\"},\"sameAs\":[\"https:\/\/www.facebook.com\/infoenn\",\"https:\/\/x.com\/Elnuevo_norte\",\"https:\/\/www.instagram.com\/infoenn\",\"https:\/\/www.facebook.com\/ENNRD\"]},{\"@type\":\"Person\",\"@id\":\"https:\/\/infoelnuevonorte.com\/#\/schema\/person\/fd4f6d90afe41260818b4ea94ad8ab84\",\"name\":\"InfoEnn\",\"image\":{\"@type\":\"ImageObject\",\"inLanguage\":\"es-DO\",\"@id\":\"https:\/\/infoelnuevonorte.com\/#\/schema\/person\/image\/\",\"url\":\"https:\/\/secure.gravatar.com\/avatar\/d4d760a41a48ba9db0a82bfb63bb0783?s=96&d=robohash&r=g\",\"contentUrl\":\"https:\/\/secure.gravatar.com\/avatar\/d4d760a41a48ba9db0a82bfb63bb0783?s=96&d=robohash&r=g\",\"caption\":\"InfoEnn\"},\"sameAs\":[\"https:\/\/infoelnuevonorte.com\"],\"url\":\"https:\/\/infoelnuevonorte.com\/?author=1\"}]}<\/script>\n<!-- \/ Yoast SEO plugin. -->","yoast_head_json":{"title":"\u201cCasi todos los diputados de la FP apoyamos a Omar Fern\u00e1ndez\u201d, afirma Rafelin P\u00e9rez | El Nuevo Norte","robots":{"index":"index","follow":"follow","max-snippet":"max-snippet:-1","max-image-preview":"max-image-preview:large","max-video-preview":"max-video-preview:-1"},"canonical":"https:\/\/infoelnuevonorte.com\/?p=106123","og_locale":"es_ES","og_type":"article","og_title":"\u201cCasi todos los diputados de la FP apoyamos a Omar Fern\u00e1ndez\u201d, afirma Rafelin P\u00e9rez | El Nuevo Norte","og_description":"El diputado por la Fuerza del Pueblo (FP) Rafelin P\u00e9rez afirm\u00f3 este mi\u00e9rcoles que casi todos sus colegas en la C\u00e1mara de diputados est\u00e1n de acuerdo con que Omar Fern\u00e1ndez sea el candidato presidencial. \u201cCasi todos los diputados de la Fuerza del Pueblo apoyamos a Omar Fern\u00e1ndez\u2026 son m\u00e1s de los 29 que tenemos, porque [&hellip;]","og_url":"https:\/\/infoelnuevonorte.com\/?p=106123","og_site_name":"El Nuevo Norte","article_publisher":"https:\/\/www.facebook.com\/infoenn","article_published_time":"2025-05-29T16:37:28+00:00","article_modified_time":"2025-05-29T16:37:29+00:00","og_image":[{"width":645,"height":442,"url":"https:\/\/infoelnuevonorte.com\/wp-content\/uploads\/2025\/05\/DIPUTADO-DE-LA-FUERZA-DEL-PUBLO.png","type":"image\/png"}],"author":"InfoEnn","twitter_card":"summary_large_image","twitter_creator":"@Elnuevo_norte","twitter_site":"@Elnuevo_norte","twitter_misc":{"Written by":"InfoEnn","Est. reading time":"1 minuto"},"schema":{"@context":"https:\/\/schema.org","@graph":[{"@type":"Article","@id":"https:\/\/infoelnuevonorte.com\/?p=106123#article","isPartOf":{"@id":"https:\/\/infoelnuevonorte.com\/?p=106123"},"author":{"name":"InfoEnn","@id":"https:\/\/infoelnuevonorte.com\/#\/schema\/person\/fd4f6d90afe41260818b4ea94ad8ab84"},"headline":"\u201cCasi todos los diputados de la FP apoyamos a Omar Fern\u00e1ndez\u201d, afirma Rafelin P\u00e9rez","datePublished":"2025-05-29T16:37:28+00:00","dateModified":"2025-05-29T16:37:29+00:00","mainEntityOfPage":{"@id":"https:\/\/infoelnuevonorte.com\/?p=106123"},"wordCount":195,"publisher":{"@id":"https:\/\/infoelnuevonorte.com\/#organization"},"articleSection":["Nacionales","Video"],"inLanguage":"es-DO"},{"@type":"WebPage","@id":"https:\/\/infoelnuevonorte.com\/?p=106123","url":"https:\/\/infoelnuevonorte.com\/?p=106123","name":"\u201cCasi todos los diputados de la FP apoyamos a Omar Fern\u00e1ndez\u201d, afirma Rafelin P\u00e9rez | El Nuevo Norte","isPartOf":{"@id":"https:\/\/infoelnuevonorte.com\/#website"},"datePublished":"2025-05-29T16:37:28+00:00","dateModified":"2025-05-29T16:37:29+00:00","breadcrumb":{"@id":"https:\/\/infoelnuevonorte.com\/?p=106123#breadcrumb"},"inLanguage":"es-DO","potentialAction":[{"@type":"ReadAction","target":["https:\/\/infoelnuevonorte.com\/?p=106123"]}]},{"@type":"BreadcrumbList","@id":"https:\/\/infoelnuevonorte.com\/?p=106123#breadcrumb","itemListElement":[{"@type":"ListItem","position":1,"name":"Home","item":"https:\/\/infoelnuevonorte.com\/"},{"@type":"ListItem","position":2,"name":"\u201cCasi todos los diputados de la FP apoyamos a Omar Fern\u00e1ndez\u201d, afirma Rafelin P\u00e9rez"}]},{"@type":"WebSite","@id":"https:\/\/infoelnuevonorte.com\/#website","url":"https:\/\/infoelnuevonorte.com\/","name":"InfoEnn","description":"Tu Voz, tu Verdad, tu Diario!!!","publisher":{"@id":"https:\/\/infoelnuevonorte.com\/#organization"},"alternateName":"El Nuevo Norte","potentialAction":[{"@type":"SearchAction","target":{"@type":"EntryPoint","urlTemplate":"https:\/\/infoelnuevonorte.com\/?s={search_term_string}"},"query-input":{"@type":"PropertyValueSpecification","valueRequired":true,"valueName":"search_term_string"}}],"inLanguage":"es-DO"},{"@type":"Organization","@id":"https:\/\/infoelnuevonorte.com\/#organization","name":"Info El Nuevo Norte","alternateName":"El Nuevo Norte","url":"https:\/\/infoelnuevonorte.com\/","logo":{"@type":"ImageObject","inLanguage":"es-DO","@id":"https:\/\/infoelnuevonorte.com\/#\/schema\/logo\/image\/","url":"https:\/\/infoelnuevonorte.com\/wp-content\/uploads\/2026\/02\/Logo-Info-enn-3d-20ani.jpeg","contentUrl":"https:\/\/infoelnuevonorte.com\/wp-content\/uploads\/2026\/02\/Logo-Info-enn-3d-20ani.jpeg","width":2046,"height":736,"caption":"Info El Nuevo Norte"},"image":{"@id":"https:\/\/infoelnuevonorte.com\/#\/schema\/logo\/image\/"},"sameAs":["https:\/\/www.facebook.com\/infoenn","https:\/\/x.com\/Elnuevo_norte","https:\/\/www.instagram.com\/infoenn","https:\/\/www.facebook.com\/ENNRD"]},{"@type":"Person","@id":"https:\/\/infoelnuevonorte.com\/#\/schema\/person\/fd4f6d90afe41260818b4ea94ad8ab84","name":"InfoEnn","image":{"@type":"ImageObject","inLanguage":"es-DO","@id":"https:\/\/infoelnuevonorte.com\/#\/schema\/person\/image\/","url":"https:\/\/secure.gravatar.com\/avatar\/d4d760a41a48ba9db0a82bfb63bb0783?s=96&d=robohash&r=g","contentUrl":"https:\/\/secure.gravatar.com\/avatar\/d4d760a41a48ba9db0a82bfb63bb0783?s=96&d=robohash&r=g","caption":"InfoEnn"},"sameAs":["https:\/\/infoelnuevonorte.com"],"url":"https:\/\/infoelnuevonorte.com\/?author=1"}]}},"_links":{"self":[{"href":"https:\/\/infoelnuevonorte.com\/index.php?rest_route=\/wp\/v2\/posts\/106123"}],"collection":[{"href":"https:\/\/infoelnuevonorte.com\/index.php?rest_route=\/wp\/v2\/posts"}],"about":[{"href":"https:\/\/infoelnuevonorte.com\/index.php?rest_route=\/wp\/v2\/types\/post"}],"author":[{"embeddable":true,"href":"https:\/\/infoelnuevonorte.com\/index.php?rest_route=\/wp\/v2\/users\/1"}],"replies":[{"embeddable":true,"href":"https:\/\/infoelnuevonorte.com\/index.php?rest_route=%2Fwp%2Fv2%2Fcomments&post=106123"}],"version-history":[{"count":1,"href":"https:\/\/infoelnuevonorte.com\/index.php?rest_route=\/wp\/v2\/posts\/106123\/revisions"}],"predecessor-version":[{"id":106127,"href":"https:\/\/infoelnuevonorte.com\/index.php?rest_route=\/wp\/v2\/posts\/106123\/revisions\/106127"}],"wp:attachment":[{"href":"https:\/\/infoelnuevonorte.com\/index.php?rest_route=%2Fwp%2Fv2%2Fmedia&parent=106123"}],"wp:term":[{"taxonomy":"category","embeddable":true,"href":"https:\/\/infoelnuevonorte.com\/index.php?rest_route=%2Fwp%2Fv2%2Fcategories&post=106123"},{"taxonomy":"post_tag","embeddable":true,"href":"https:\/\/infoelnuevonorte.com\/index.php?rest_route=%2Fwp%2Fv2%2Ftags&post=106123"}],"curies":[{"name":"wp","href":"https:\/\/api.w.org\/{rel}","templated":true}]}}