{"id":10633,"date":"2024-02-01T06:22:20","date_gmt":"2024-02-01T10:22:20","guid":{"rendered":"https:\/\/infoelnuevonorte.com\/?p=10633"},"modified":"2024-02-01T09:08:41","modified_gmt":"2024-02-01T13:08:41","slug":"zuckerberg-pide-perdon-a-los-padres-de-victimas-de-abuso-infantil-en-redes-sociales","status":"publish","type":"post","link":"https:\/\/infoelnuevonorte.com\/?p=10633","title":{"rendered":"Zuckerberg pide perd\u00f3n a los padres de v\u00edctimas de abuso infantil en redes sociales"},"content":{"rendered":"<!--[if lt IE 9]><script>document.createElement('audio');<\/script><![endif]-->\n<audio class=\"wp-audio-shortcode\" id=\"audio-10633-1\" preload=\"none\" style=\"width: 100%;\" controls=\"controls\"><source type=\"audio\/mpeg\" src=\"https:\/\/infoelnuevonorte.com\/wp-content\/uploads\/2024\/02\/ttsmaker-file-2024-2-1-9-8-16.mp3?_=1\" \/><a href=\"https:\/\/infoelnuevonorte.com\/wp-content\/uploads\/2024\/02\/ttsmaker-file-2024-2-1-9-8-16.mp3\">https:\/\/infoelnuevonorte.com\/wp-content\/uploads\/2024\/02\/ttsmaker-file-2024-2-1-9-8-16.mp3<\/a><\/audio>\n<p style=\"text-align: justify;\">El director ejecutivo de Meta,<strong> Mark Zuckerberg,<\/strong> pidi\u00f3 este mi\u00e9rcoles perd\u00f3n a un grupo de familiares que aseguran que sus hijos fueron v\u00edctimas de abuso sexual por culpa de internet, pero neg\u00f3 que el uso de redes sociales da\u00f1e a la salud mental de los menores.<\/p>\n<p style=\"text-align: justify;\">As\u00ed lo dijo durante una audiencia en el Senado de Estados Unidos, en la que tambi\u00e9n testificaron los <strong>directores ejecutivos de Snap, X, Discord y TikTok<\/strong> para analizar las acciones que los gigantes tecnol\u00f3gicos llevan a cabo para detener el abuso sexual infantil en sus plataformas.<\/p>\n<p style=\"text-align: justify;\">Zuckenberg defendi\u00f3 a Meta de las acusaciones sobre abuso, puntualizando que no existe prueba cient\u00edfica que relacione el uso de redes sociales con una peor salud mental.<\/p>\n<p style=\"text-align: justify;\">\u201cUn reciente informe de las Academias Nacionales de Ciencias,<strong> que evalu\u00f3 m\u00e1s de 300 estudios,<\/strong> no apoya la conclusi\u00f3n de que las redes sociales causan cambios en la salud mental de los adolescentes\u201d, sentenci\u00f3 el directivo de Meta.<\/p>\n<p style=\"text-align: justify;\">Una afirmaci\u00f3n que caus\u00f3 revuelo entre el p\u00fablico, en el que hab\u00eda familiares de v\u00edctimas de acoso en redes sociales, a los que Zuckerberg acab\u00f3 pidiendo perd\u00f3n p\u00fablicamente, a petici\u00f3n de los congresistas.<\/p>\n<p style=\"text-align: justify;\"><strong>\u201cSiento por todo lo que han pasado<\/strong>\u201d, dijo el l\u00edder de Meta, quien a\u00f1adi\u00f3 que nadie tendr\u00eda que haber sufrido esta \u201cterrible\u201d situaci\u00f3n.<\/p>\n<p style=\"text-align: justify;\">El senador republicano Lindsey Graham acus\u00f3 a Zuckerberg de tener \u201clas manos manchadas de sangre\u201d porque las redes sociales son <strong>\u201cproductos peligrosos que est\u00e1n destruyendo vidas y amenazando la propia democracia\u201d.<\/strong><\/p>\n<p style=\"text-align: justify;\">En sus intervenciones, los cinco testigos reconocieron su responsabilidad en mantener seguras sus respectivas comunidades, por lo que se mostraron abiertos a trabajar en esta cuesti\u00f3n y a colaborar con los legisladores.<\/p>\n<p style=\"text-align: justify;\">Pero preguntados por su apoyo en los proyectos de ley que se est\u00e1n impulsando, ninguno de ellos respondi\u00f3 de forma clara, por lo que los congresistas castigaron su \u201csilencio sepulcral\u201d.<\/p>\n<p style=\"text-align: justify;\">\u201cSi esperamos que estos tipos resuelvan el problema<strong>, vamos a morir esperando\u201d,<\/strong> reproch\u00f3 Graham.<\/p>\n<p style=\"text-align: justify;\">En nombre de X, su directora ejecutiva, Linda Yaccarino, justific\u00f3 que \u201cmenos del 1 % de los usuarios de <strong>X tienen entre 13 y 17 a\u00f1os\u201d,<\/strong> por lo que se alej\u00f3 de la problem\u00e1tica tratada.<\/p>\n<p style=\"text-align: justify;\">Por su parte, el director ejecutivo de TikTok, Shou Chew, se\u00f1al\u00f3 que \u201ctiene la intenci\u00f3n de invertir m\u00e1s d<strong>e 2.000 millones de d\u00f3lares solo este a\u00f1o<\/strong>\u201d en seguridad y que cuenta con 40.000 profesionales en este \u00e1mbito, entre los que hay especialistas en seguridad infantil.<\/p>\n<p style=\"text-align: justify;\">El director ejecutivo de Discord, Jason Citron, explic\u00f3 que usan Inteligencia Artificial para detectar a criminales en su red y, el CEO de Snap, Evan Spiegel, dijo que, aunque el contenido de su aplicaci\u00f3n se borre por defecto, quedan registradas copias por si hace falta \u201crendir cuentas\u201d.<\/p>\n<p style=\"text-align: justify;\">\u201cSi todo esto funcionara, no estar\u00edamos aqu\u00ed hoy\u201d, concluy\u00f3 el senador dem\u00f3crata Richard Durbin.<\/p>\n<p style=\"text-align: justify;\">El Congreso tiene ante s\u00ed varios proyectos de ley de protecci\u00f3n de la infancia, como es el caso de \u2018Stop CSAM Act\u2019, que tiene la voluntad de reprimir la proliferaci\u00f3n de material de abuso sexual infantil en l\u00ednea, apoyar a las v\u00edctimas y aumentar la responsabilidad de las plataformas.<\/p>\n","protected":false},"excerpt":{"rendered":"<p>El director ejecutivo de Meta, Mark Zuckerberg, pidi\u00f3 este mi\u00e9rcoles perd\u00f3n a un grupo de familiares que aseguran que sus hijos fueron v\u00edctimas de abuso sexual por culpa de internet, pero neg\u00f3 que el uso de redes sociales da\u00f1e a la salud mental de los menores. As\u00ed lo dijo durante una audiencia en el Senado [&hellip;]<\/p>\n","protected":false},"author":1,"featured_media":0,"comment_status":"closed","ping_status":"open","sticky":false,"template":"","format":"standard","meta":{"footnotes":""},"categories":[2,19,11],"tags":[],"yoast_head":"<!-- This site is optimized with the Yoast SEO plugin v24.5 - https:\/\/yoast.com\/wordpress\/plugins\/seo\/ -->\n<title>Zuckerberg pide perd\u00f3n a los padres de v\u00edctimas de abuso infantil en redes sociales | El Nuevo Norte<\/title>\n<meta name=\"robots\" content=\"index, follow, max-snippet:-1, max-image-preview:large, max-video-preview:-1\" \/>\n<link rel=\"canonical\" href=\"https:\/\/infoelnuevonorte.com\/?p=10633\" \/>\n<meta property=\"og:locale\" content=\"es_ES\" \/>\n<meta property=\"og:type\" content=\"article\" \/>\n<meta property=\"og:title\" content=\"Zuckerberg pide perd\u00f3n a los padres de v\u00edctimas de abuso infantil en redes sociales | El Nuevo Norte\" \/>\n<meta property=\"og:description\" content=\"El director ejecutivo de Meta, Mark Zuckerberg, pidi\u00f3 este mi\u00e9rcoles perd\u00f3n a un grupo de familiares que aseguran que sus hijos fueron v\u00edctimas de abuso sexual por culpa de internet, pero neg\u00f3 que el uso de redes sociales da\u00f1e a la salud mental de los menores. As\u00ed lo dijo durante una audiencia en el Senado [&hellip;]\" \/>\n<meta property=\"og:url\" content=\"https:\/\/infoelnuevonorte.com\/?p=10633\" \/>\n<meta property=\"og:site_name\" content=\"El Nuevo Norte\" \/>\n<meta property=\"article:publisher\" content=\"https:\/\/www.facebook.com\/infoenn\" \/>\n<meta property=\"article:published_time\" content=\"2024-02-01T10:22:20+00:00\" \/>\n<meta property=\"article:modified_time\" content=\"2024-02-01T13:08:41+00:00\" \/>\n<meta property=\"og:image\" content=\"https:\/\/infoelnuevonorte.com\/wp-content\/uploads\/2024\/02\/image46.png\" \/>\n\t<meta property=\"og:image:width\" content=\"1140\" \/>\n\t<meta property=\"og:image:height\" content=\"694\" \/>\n\t<meta property=\"og:image:type\" content=\"image\/png\" \/>\n<meta name=\"author\" content=\"InfoEnn\" \/>\n<meta name=\"twitter:card\" content=\"summary_large_image\" \/>\n<meta name=\"twitter:creator\" content=\"@Elnuevo_norte\" \/>\n<meta name=\"twitter:site\" content=\"@Elnuevo_norte\" \/>\n<meta name=\"twitter:label1\" content=\"Written by\" \/>\n\t<meta name=\"twitter:data1\" content=\"InfoEnn\" \/>\n\t<meta name=\"twitter:label2\" content=\"Est. reading time\" \/>\n\t<meta name=\"twitter:data2\" content=\"3 minutos\" \/>\n<script type=\"application\/ld+json\" class=\"yoast-schema-graph\">{\"@context\":\"https:\/\/schema.org\",\"@graph\":[{\"@type\":\"Article\",\"@id\":\"https:\/\/infoelnuevonorte.com\/?p=10633#article\",\"isPartOf\":{\"@id\":\"https:\/\/infoelnuevonorte.com\/?p=10633\"},\"author\":{\"name\":\"InfoEnn\",\"@id\":\"https:\/\/infoelnuevonorte.com\/#\/schema\/person\/fd4f6d90afe41260818b4ea94ad8ab84\"},\"headline\":\"Zuckerberg pide perd\u00f3n a los padres de v\u00edctimas de abuso infantil en redes sociales\",\"datePublished\":\"2024-02-01T10:22:20+00:00\",\"dateModified\":\"2024-02-01T13:08:41+00:00\",\"mainEntityOfPage\":{\"@id\":\"https:\/\/infoelnuevonorte.com\/?p=10633\"},\"wordCount\":571,\"publisher\":{\"@id\":\"https:\/\/infoelnuevonorte.com\/#organization\"},\"articleSection\":[\"Actualidad |\",\"Ciencia &amp; Tecnolog\u00eda\",\"Entretenimiento\"],\"inLanguage\":\"es-DO\"},{\"@type\":\"WebPage\",\"@id\":\"https:\/\/infoelnuevonorte.com\/?p=10633\",\"url\":\"https:\/\/infoelnuevonorte.com\/?p=10633\",\"name\":\"Zuckerberg pide perd\u00f3n a los padres de v\u00edctimas de abuso infantil en redes sociales | El Nuevo Norte\",\"isPartOf\":{\"@id\":\"https:\/\/infoelnuevonorte.com\/#website\"},\"datePublished\":\"2024-02-01T10:22:20+00:00\",\"dateModified\":\"2024-02-01T13:08:41+00:00\",\"breadcrumb\":{\"@id\":\"https:\/\/infoelnuevonorte.com\/?p=10633#breadcrumb\"},\"inLanguage\":\"es-DO\",\"potentialAction\":[{\"@type\":\"ReadAction\",\"target\":[\"https:\/\/infoelnuevonorte.com\/?p=10633\"]}]},{\"@type\":\"BreadcrumbList\",\"@id\":\"https:\/\/infoelnuevonorte.com\/?p=10633#breadcrumb\",\"itemListElement\":[{\"@type\":\"ListItem\",\"position\":1,\"name\":\"Home\",\"item\":\"https:\/\/infoelnuevonorte.com\/\"},{\"@type\":\"ListItem\",\"position\":2,\"name\":\"Zuckerberg pide perd\u00f3n a los padres de v\u00edctimas de abuso infantil en redes sociales\"}]},{\"@type\":\"WebSite\",\"@id\":\"https:\/\/infoelnuevonorte.com\/#website\",\"url\":\"https:\/\/infoelnuevonorte.com\/\",\"name\":\"InfoEnn\",\"description\":\"Tu Voz, tu Verdad, tu Diario!!!\",\"publisher\":{\"@id\":\"https:\/\/infoelnuevonorte.com\/#organization\"},\"alternateName\":\"El Nuevo Norte\",\"potentialAction\":[{\"@type\":\"SearchAction\",\"target\":{\"@type\":\"EntryPoint\",\"urlTemplate\":\"https:\/\/infoelnuevonorte.com\/?s={search_term_string}\"},\"query-input\":{\"@type\":\"PropertyValueSpecification\",\"valueRequired\":true,\"valueName\":\"search_term_string\"}}],\"inLanguage\":\"es-DO\"},{\"@type\":\"Organization\",\"@id\":\"https:\/\/infoelnuevonorte.com\/#organization\",\"name\":\"Info El Nuevo Norte\",\"alternateName\":\"El Nuevo Norte\",\"url\":\"https:\/\/infoelnuevonorte.com\/\",\"logo\":{\"@type\":\"ImageObject\",\"inLanguage\":\"es-DO\",\"@id\":\"https:\/\/infoelnuevonorte.com\/#\/schema\/logo\/image\/\",\"url\":\"https:\/\/infoelnuevonorte.com\/wp-content\/uploads\/2026\/02\/Logo-Info-enn-3d-20ani.jpeg\",\"contentUrl\":\"https:\/\/infoelnuevonorte.com\/wp-content\/uploads\/2026\/02\/Logo-Info-enn-3d-20ani.jpeg\",\"width\":2046,\"height\":736,\"caption\":\"Info El Nuevo Norte\"},\"image\":{\"@id\":\"https:\/\/infoelnuevonorte.com\/#\/schema\/logo\/image\/\"},\"sameAs\":[\"https:\/\/www.facebook.com\/infoenn\",\"https:\/\/x.com\/Elnuevo_norte\",\"https:\/\/www.instagram.com\/infoenn\",\"https:\/\/www.facebook.com\/ENNRD\"]},{\"@type\":\"Person\",\"@id\":\"https:\/\/infoelnuevonorte.com\/#\/schema\/person\/fd4f6d90afe41260818b4ea94ad8ab84\",\"name\":\"InfoEnn\",\"image\":{\"@type\":\"ImageObject\",\"inLanguage\":\"es-DO\",\"@id\":\"https:\/\/infoelnuevonorte.com\/#\/schema\/person\/image\/\",\"url\":\"https:\/\/secure.gravatar.com\/avatar\/d4d760a41a48ba9db0a82bfb63bb0783?s=96&d=robohash&r=g\",\"contentUrl\":\"https:\/\/secure.gravatar.com\/avatar\/d4d760a41a48ba9db0a82bfb63bb0783?s=96&d=robohash&r=g\",\"caption\":\"InfoEnn\"},\"sameAs\":[\"https:\/\/infoelnuevonorte.com\"],\"url\":\"https:\/\/infoelnuevonorte.com\/?author=1\"}]}<\/script>\n<!-- \/ Yoast SEO plugin. -->","yoast_head_json":{"title":"Zuckerberg pide perd\u00f3n a los padres de v\u00edctimas de abuso infantil en redes sociales | El Nuevo Norte","robots":{"index":"index","follow":"follow","max-snippet":"max-snippet:-1","max-image-preview":"max-image-preview:large","max-video-preview":"max-video-preview:-1"},"canonical":"https:\/\/infoelnuevonorte.com\/?p=10633","og_locale":"es_ES","og_type":"article","og_title":"Zuckerberg pide perd\u00f3n a los padres de v\u00edctimas de abuso infantil en redes sociales | El Nuevo Norte","og_description":"El director ejecutivo de Meta, Mark Zuckerberg, pidi\u00f3 este mi\u00e9rcoles perd\u00f3n a un grupo de familiares que aseguran que sus hijos fueron v\u00edctimas de abuso sexual por culpa de internet, pero neg\u00f3 que el uso de redes sociales da\u00f1e a la salud mental de los menores. As\u00ed lo dijo durante una audiencia en el Senado [&hellip;]","og_url":"https:\/\/infoelnuevonorte.com\/?p=10633","og_site_name":"El Nuevo Norte","article_publisher":"https:\/\/www.facebook.com\/infoenn","article_published_time":"2024-02-01T10:22:20+00:00","article_modified_time":"2024-02-01T13:08:41+00:00","og_image":[{"width":1140,"height":694,"url":"https:\/\/infoelnuevonorte.com\/wp-content\/uploads\/2024\/02\/image46.png","type":"image\/png"}],"author":"InfoEnn","twitter_card":"summary_large_image","twitter_creator":"@Elnuevo_norte","twitter_site":"@Elnuevo_norte","twitter_misc":{"Written by":"InfoEnn","Est. reading time":"3 minutos"},"schema":{"@context":"https:\/\/schema.org","@graph":[{"@type":"Article","@id":"https:\/\/infoelnuevonorte.com\/?p=10633#article","isPartOf":{"@id":"https:\/\/infoelnuevonorte.com\/?p=10633"},"author":{"name":"InfoEnn","@id":"https:\/\/infoelnuevonorte.com\/#\/schema\/person\/fd4f6d90afe41260818b4ea94ad8ab84"},"headline":"Zuckerberg pide perd\u00f3n a los padres de v\u00edctimas de abuso infantil en redes sociales","datePublished":"2024-02-01T10:22:20+00:00","dateModified":"2024-02-01T13:08:41+00:00","mainEntityOfPage":{"@id":"https:\/\/infoelnuevonorte.com\/?p=10633"},"wordCount":571,"publisher":{"@id":"https:\/\/infoelnuevonorte.com\/#organization"},"articleSection":["Actualidad |","Ciencia &amp; Tecnolog\u00eda","Entretenimiento"],"inLanguage":"es-DO"},{"@type":"WebPage","@id":"https:\/\/infoelnuevonorte.com\/?p=10633","url":"https:\/\/infoelnuevonorte.com\/?p=10633","name":"Zuckerberg pide perd\u00f3n a los padres de v\u00edctimas de abuso infantil en redes sociales | El Nuevo Norte","isPartOf":{"@id":"https:\/\/infoelnuevonorte.com\/#website"},"datePublished":"2024-02-01T10:22:20+00:00","dateModified":"2024-02-01T13:08:41+00:00","breadcrumb":{"@id":"https:\/\/infoelnuevonorte.com\/?p=10633#breadcrumb"},"inLanguage":"es-DO","potentialAction":[{"@type":"ReadAction","target":["https:\/\/infoelnuevonorte.com\/?p=10633"]}]},{"@type":"BreadcrumbList","@id":"https:\/\/infoelnuevonorte.com\/?p=10633#breadcrumb","itemListElement":[{"@type":"ListItem","position":1,"name":"Home","item":"https:\/\/infoelnuevonorte.com\/"},{"@type":"ListItem","position":2,"name":"Zuckerberg pide perd\u00f3n a los padres de v\u00edctimas de abuso infantil en redes sociales"}]},{"@type":"WebSite","@id":"https:\/\/infoelnuevonorte.com\/#website","url":"https:\/\/infoelnuevonorte.com\/","name":"InfoEnn","description":"Tu Voz, tu Verdad, tu Diario!!!","publisher":{"@id":"https:\/\/infoelnuevonorte.com\/#organization"},"alternateName":"El Nuevo Norte","potentialAction":[{"@type":"SearchAction","target":{"@type":"EntryPoint","urlTemplate":"https:\/\/infoelnuevonorte.com\/?s={search_term_string}"},"query-input":{"@type":"PropertyValueSpecification","valueRequired":true,"valueName":"search_term_string"}}],"inLanguage":"es-DO"},{"@type":"Organization","@id":"https:\/\/infoelnuevonorte.com\/#organization","name":"Info El Nuevo Norte","alternateName":"El Nuevo Norte","url":"https:\/\/infoelnuevonorte.com\/","logo":{"@type":"ImageObject","inLanguage":"es-DO","@id":"https:\/\/infoelnuevonorte.com\/#\/schema\/logo\/image\/","url":"https:\/\/infoelnuevonorte.com\/wp-content\/uploads\/2026\/02\/Logo-Info-enn-3d-20ani.jpeg","contentUrl":"https:\/\/infoelnuevonorte.com\/wp-content\/uploads\/2026\/02\/Logo-Info-enn-3d-20ani.jpeg","width":2046,"height":736,"caption":"Info El Nuevo Norte"},"image":{"@id":"https:\/\/infoelnuevonorte.com\/#\/schema\/logo\/image\/"},"sameAs":["https:\/\/www.facebook.com\/infoenn","https:\/\/x.com\/Elnuevo_norte","https:\/\/www.instagram.com\/infoenn","https:\/\/www.facebook.com\/ENNRD"]},{"@type":"Person","@id":"https:\/\/infoelnuevonorte.com\/#\/schema\/person\/fd4f6d90afe41260818b4ea94ad8ab84","name":"InfoEnn","image":{"@type":"ImageObject","inLanguage":"es-DO","@id":"https:\/\/infoelnuevonorte.com\/#\/schema\/person\/image\/","url":"https:\/\/secure.gravatar.com\/avatar\/d4d760a41a48ba9db0a82bfb63bb0783?s=96&d=robohash&r=g","contentUrl":"https:\/\/secure.gravatar.com\/avatar\/d4d760a41a48ba9db0a82bfb63bb0783?s=96&d=robohash&r=g","caption":"InfoEnn"},"sameAs":["https:\/\/infoelnuevonorte.com"],"url":"https:\/\/infoelnuevonorte.com\/?author=1"}]}},"_links":{"self":[{"href":"https:\/\/infoelnuevonorte.com\/index.php?rest_route=\/wp\/v2\/posts\/10633"}],"collection":[{"href":"https:\/\/infoelnuevonorte.com\/index.php?rest_route=\/wp\/v2\/posts"}],"about":[{"href":"https:\/\/infoelnuevonorte.com\/index.php?rest_route=\/wp\/v2\/types\/post"}],"author":[{"embeddable":true,"href":"https:\/\/infoelnuevonorte.com\/index.php?rest_route=\/wp\/v2\/users\/1"}],"replies":[{"embeddable":true,"href":"https:\/\/infoelnuevonorte.com\/index.php?rest_route=%2Fwp%2Fv2%2Fcomments&post=10633"}],"version-history":[{"count":0,"href":"https:\/\/infoelnuevonorte.com\/index.php?rest_route=\/wp\/v2\/posts\/10633\/revisions"}],"wp:attachment":[{"href":"https:\/\/infoelnuevonorte.com\/index.php?rest_route=%2Fwp%2Fv2%2Fmedia&parent=10633"}],"wp:term":[{"taxonomy":"category","embeddable":true,"href":"https:\/\/infoelnuevonorte.com\/index.php?rest_route=%2Fwp%2Fv2%2Fcategories&post=10633"},{"taxonomy":"post_tag","embeddable":true,"href":"https:\/\/infoelnuevonorte.com\/index.php?rest_route=%2Fwp%2Fv2%2Ftags&post=10633"}],"curies":[{"name":"wp","href":"https:\/\/api.w.org\/{rel}","templated":true}]}}