{"id":10653,"date":"2024-02-01T06:49:53","date_gmt":"2024-02-01T10:49:53","guid":{"rendered":"https:\/\/infoelnuevonorte.com\/?p=10653"},"modified":"2024-02-01T08:52:02","modified_gmt":"2024-02-01T12:52:02","slug":"hijo-de-cruz-jiminian-recibe-maximo-galardon-del-premio-nacional-de-la-juventud","status":"publish","type":"post","link":"https:\/\/infoelnuevonorte.com\/?p=10653","title":{"rendered":"Hijo de Cruz Jimini\u00e1n recibe m\u00e1ximo galard\u00f3n del Premio Nacional de la Juventud"},"content":{"rendered":"<div class=\"tdb-block-inner td-fix-index\">\n<!--[if lt IE 9]><script>document.createElement('audio');<\/script><![endif]-->\n<audio class=\"wp-audio-shortcode\" id=\"audio-10653-1\" preload=\"none\" style=\"width: 100%;\" controls=\"controls\"><source type=\"audio\/mpeg\" src=\"https:\/\/infoelnuevonorte.com\/wp-content\/uploads\/2024\/02\/ttsmaker-file-2024-2-1-8-49-33.mp3?_=1\" \/><a href=\"https:\/\/infoelnuevonorte.com\/wp-content\/uploads\/2024\/02\/ttsmaker-file-2024-2-1-8-49-33.mp3\">https:\/\/infoelnuevonorte.com\/wp-content\/uploads\/2024\/02\/ttsmaker-file-2024-2-1-8-49-33.mp3<\/a><\/audio>\n<p style=\"text-align: justify;\">Santiago.- Este mi\u00e9rcoles se celebr\u00f3 por primera vez en Santiago de los Caballeros el Premio Nacional de la Juventud, dedicado a la protecci\u00f3n del medioambiente frente al cambio clim\u00e1tico.<\/p>\n<p style=\"text-align: justify;\"><strong>Luis Cruz Camacho<\/strong> Subdirector General de <strong>Cl\u00ednica Cruz Jimini\u00e1n &amp; Fundaci\u00f3n Cruz Jimini\u00e1n<\/strong> e hijo del reconocido m\u00e9dico <strong>Antonio Cruz Jimini\u00e1n<\/strong>, recibi\u00f3 el m\u00e1ximo galard\u00f3n, el gran premio Padre Rosario, en un acto encabezado por la vicepresidenta de la Rep\u00fablica Dominicana, Raquel Pe\u00f1a y el Ministro de la Juventud, Rafael Jes\u00fas Feliz Garc\u00eda.<\/p>\n<div id=\"deult-319162683\" class=\"deult-entre-noticias\" style=\"text-align: justify;\">\n<div id=\"deult-174472452\" class=\"deult-target\" data-advadstrackid=\"124255\" data-advadstrackbid=\"1\"><img loading=\"lazy\" decoding=\"async\" class=\"entered lazyloaded\" src=\"https:\/\/cdn.deultimominuto.net\/wp-content\/uploads\/2022\/09\/728x90-01.jpg\" sizes=\"(max-width: 728px) 100vw, 728px\" srcset=\"https:\/\/cdn.deultimominuto.net\/wp-content\/uploads\/2022\/09\/728x90-01.jpg 728w, https:\/\/cdn.deultimominuto.net\/wp-content\/uploads\/2022\/09\/728x90-01-392x48.jpg 392w, https:\/\/cdn.deultimominuto.net\/wp-content\/uploads\/2022\/09\/728x90-01-96x12.jpg 96w, https:\/\/cdn.deultimominuto.net\/wp-content\/uploads\/2022\/09\/728x90-01-192x24.jpg 192w, https:\/\/cdn.deultimominuto.net\/wp-content\/uploads\/2022\/09\/728x90-01-150x19.jpg 150w, https:\/\/cdn.deultimominuto.net\/wp-content\/uploads\/2022\/09\/728x90-01-300x37.jpg 300w, https:\/\/cdn.deultimominuto.net\/wp-content\/uploads\/2022\/09\/728x90-01-696x86.jpg 696w\" alt=\"Cada Rincon Banner turismo\" width=\"728\" height=\"90\" data-lazy-srcset=\"https:\/\/cdn.deultimominuto.net\/wp-content\/uploads\/2022\/09\/728x90-01.jpg 728w, https:\/\/cdn.deultimominuto.net\/wp-content\/uploads\/2022\/09\/728x90-01-392x48.jpg 392w, https:\/\/cdn.deultimominuto.net\/wp-content\/uploads\/2022\/09\/728x90-01-96x12.jpg 96w, https:\/\/cdn.deultimominuto.net\/wp-content\/uploads\/2022\/09\/728x90-01-192x24.jpg 192w, https:\/\/cdn.deultimominuto.net\/wp-content\/uploads\/2022\/09\/728x90-01-150x19.jpg 150w, https:\/\/cdn.deultimominuto.net\/wp-content\/uploads\/2022\/09\/728x90-01-300x37.jpg 300w, https:\/\/cdn.deultimominuto.net\/wp-content\/uploads\/2022\/09\/728x90-01-696x86.jpg 696w\" data-lazy-sizes=\"(max-width: 728px) 100vw, 728px\" data-lazy-src=\"https:\/\/cdn.deultimominuto.net\/wp-content\/uploads\/2022\/09\/728x90-01.jpg\" data-ll-status=\"loaded\" \/><\/div>\n<\/div>\n<p style=\"text-align: justify;\">En el evento tambi\u00e9n fueron homenajeados Arturo Enrique Bison\u00f3, en el rengl\u00f3n \u201cAportes a la Comunidad Campesina\u201d, Betania Rosario Ozuna, en la categor\u00eda Aportes a los Derechos Humanos (Ni\u00f1ez, Adolescencia y Juventud), por sus aporte en \u201cDeporte Internacional\u201d result\u00f3 galardonado, Esmery Mart\u00ednez; Malcolm Mateo Disla, en la categor\u00eda \u201cDeporte Nacional\u201d, Adelso Reinoso en la categor\u00eda \u201cDesarrollo Cultural (Arte y Cultura)\u201d, Karina \u00c1lvarez en \u201cDesarrollo Empresarial y Emprendimiento\u201d, Olfanny M\u00e9ndez en el rengl\u00f3n \u201cLiderazgo Pol\u00edtico\u201d.<\/p>\n<p style=\"text-align: justify;\">Tambi\u00e9n, el joven <strong>Wilson Antonio Garc\u00eda Hidalgo<\/strong> en la categor\u00eda \u201cLiderazgo Religioso\u201d, Tai Sha Legros por \u201cM\u00e9rito Estudiantil Pre-Universitario\u201d ; Gabriela Liranzo Encarnaci\u00f3n \u201cM\u00e9rito Estudiantil Universitario\u201d, en cuanto que, Ana Nicolle Javier result\u00f3 ser la galardonada en la categor\u00eda \u201cPreservaci\u00f3n y Fomento de los Recursos Naturales\u201d, en \u201cServicios Sociales Voluntarios a Favor de la Comunidad\u201d, Darlyn Antonio Bueno Abreu, el joven Johan Carlos Valenzuela en \u201cSuperaci\u00f3n Profesional\u201d, Mar\u00eda del Carmen Guerrero en \u201cSuperaci\u00f3n y Logros Personales\u201d y Taina Almod\u00f3var tras postularse en la categor\u00eda \u201cAporte a la Comunidad Dominicana en el Exterior\u201d.<\/p>\n<\/div>\n","protected":false},"excerpt":{"rendered":"<p>Santiago.- Este mi\u00e9rcoles se celebr\u00f3 por primera vez en Santiago de los Caballeros el Premio Nacional de la Juventud, dedicado a la protecci\u00f3n del medioambiente frente al cambio clim\u00e1tico. Luis Cruz Camacho Subdirector General de Cl\u00ednica Cruz Jimini\u00e1n &amp; Fundaci\u00f3n Cruz Jimini\u00e1n e hijo del reconocido m\u00e9dico Antonio Cruz Jimini\u00e1n, recibi\u00f3 el m\u00e1ximo galard\u00f3n, el [&hellip;]<\/p>\n","protected":false},"author":1,"featured_media":0,"comment_status":"closed","ping_status":"open","sticky":false,"template":"","format":"standard","meta":{"footnotes":""},"categories":[2,11,14],"tags":[],"yoast_head":"<!-- This site is optimized with the Yoast SEO plugin v24.5 - https:\/\/yoast.com\/wordpress\/plugins\/seo\/ -->\n<title>Hijo de Cruz Jimini\u00e1n recibe m\u00e1ximo galard\u00f3n del Premio Nacional de la Juventud | El Nuevo Norte<\/title>\n<meta name=\"robots\" content=\"index, follow, max-snippet:-1, max-image-preview:large, max-video-preview:-1\" \/>\n<link rel=\"canonical\" href=\"https:\/\/infoelnuevonorte.com\/?p=10653\" \/>\n<meta property=\"og:locale\" content=\"es_ES\" \/>\n<meta property=\"og:type\" content=\"article\" \/>\n<meta property=\"og:title\" content=\"Hijo de Cruz Jimini\u00e1n recibe m\u00e1ximo galard\u00f3n del Premio Nacional de la Juventud | El Nuevo Norte\" \/>\n<meta property=\"og:description\" content=\"Santiago.- Este mi\u00e9rcoles se celebr\u00f3 por primera vez en Santiago de los Caballeros el Premio Nacional de la Juventud, dedicado a la protecci\u00f3n del medioambiente frente al cambio clim\u00e1tico. Luis Cruz Camacho Subdirector General de Cl\u00ednica Cruz Jimini\u00e1n &amp; Fundaci\u00f3n Cruz Jimini\u00e1n e hijo del reconocido m\u00e9dico Antonio Cruz Jimini\u00e1n, recibi\u00f3 el m\u00e1ximo galard\u00f3n, el [&hellip;]\" \/>\n<meta property=\"og:url\" content=\"https:\/\/infoelnuevonorte.com\/?p=10653\" \/>\n<meta property=\"og:site_name\" content=\"El Nuevo Norte\" \/>\n<meta property=\"article:publisher\" content=\"https:\/\/www.facebook.com\/infoenn\" \/>\n<meta property=\"article:published_time\" content=\"2024-02-01T10:49:53+00:00\" \/>\n<meta property=\"article:modified_time\" content=\"2024-02-01T12:52:02+00:00\" \/>\n<meta property=\"og:image\" content=\"https:\/\/infoelnuevonorte.com\/wp-content\/uploads\/2024\/02\/jiminian-hijo-jpeg.webp\" \/>\n\t<meta property=\"og:image:width\" content=\"1030\" \/>\n\t<meta property=\"og:image:height\" content=\"686\" \/>\n\t<meta property=\"og:image:type\" content=\"image\/jpeg\" \/>\n<meta name=\"author\" content=\"InfoEnn\" \/>\n<meta name=\"twitter:card\" content=\"summary_large_image\" \/>\n<meta name=\"twitter:creator\" content=\"@Elnuevo_norte\" \/>\n<meta name=\"twitter:site\" content=\"@Elnuevo_norte\" \/>\n<meta name=\"twitter:label1\" content=\"Written by\" \/>\n\t<meta name=\"twitter:data1\" content=\"InfoEnn\" \/>\n\t<meta name=\"twitter:label2\" content=\"Est. reading time\" \/>\n\t<meta name=\"twitter:data2\" content=\"2 minutos\" \/>\n<script type=\"application\/ld+json\" class=\"yoast-schema-graph\">{\"@context\":\"https:\/\/schema.org\",\"@graph\":[{\"@type\":\"Article\",\"@id\":\"https:\/\/infoelnuevonorte.com\/?p=10653#article\",\"isPartOf\":{\"@id\":\"https:\/\/infoelnuevonorte.com\/?p=10653\"},\"author\":{\"name\":\"InfoEnn\",\"@id\":\"https:\/\/infoelnuevonorte.com\/#\/schema\/person\/fd4f6d90afe41260818b4ea94ad8ab84\"},\"headline\":\"Hijo de Cruz Jimini\u00e1n recibe m\u00e1ximo galard\u00f3n del Premio Nacional de la Juventud\",\"datePublished\":\"2024-02-01T10:49:53+00:00\",\"dateModified\":\"2024-02-01T12:52:02+00:00\",\"mainEntityOfPage\":{\"@id\":\"https:\/\/infoelnuevonorte.com\/?p=10653\"},\"wordCount\":317,\"publisher\":{\"@id\":\"https:\/\/infoelnuevonorte.com\/#organization\"},\"image\":{\"@id\":\"https:\/\/infoelnuevonorte.com\/?p=10653#primaryimage\"},\"thumbnailUrl\":\"https:\/\/cdn.deultimominuto.net\/wp-content\/uploads\/2022\/09\/728x90-01.jpg\",\"articleSection\":[\"Actualidad |\",\"Entretenimiento\",\"Sociales\"],\"inLanguage\":\"es-DO\"},{\"@type\":\"WebPage\",\"@id\":\"https:\/\/infoelnuevonorte.com\/?p=10653\",\"url\":\"https:\/\/infoelnuevonorte.com\/?p=10653\",\"name\":\"Hijo de Cruz Jimini\u00e1n recibe m\u00e1ximo galard\u00f3n del Premio Nacional de la Juventud | El Nuevo Norte\",\"isPartOf\":{\"@id\":\"https:\/\/infoelnuevonorte.com\/#website\"},\"primaryImageOfPage\":{\"@id\":\"https:\/\/infoelnuevonorte.com\/?p=10653#primaryimage\"},\"image\":{\"@id\":\"https:\/\/infoelnuevonorte.com\/?p=10653#primaryimage\"},\"thumbnailUrl\":\"https:\/\/cdn.deultimominuto.net\/wp-content\/uploads\/2022\/09\/728x90-01.jpg\",\"datePublished\":\"2024-02-01T10:49:53+00:00\",\"dateModified\":\"2024-02-01T12:52:02+00:00\",\"breadcrumb\":{\"@id\":\"https:\/\/infoelnuevonorte.com\/?p=10653#breadcrumb\"},\"inLanguage\":\"es-DO\",\"potentialAction\":[{\"@type\":\"ReadAction\",\"target\":[\"https:\/\/infoelnuevonorte.com\/?p=10653\"]}]},{\"@type\":\"ImageObject\",\"inLanguage\":\"es-DO\",\"@id\":\"https:\/\/infoelnuevonorte.com\/?p=10653#primaryimage\",\"url\":\"https:\/\/cdn.deultimominuto.net\/wp-content\/uploads\/2022\/09\/728x90-01.jpg\",\"contentUrl\":\"https:\/\/cdn.deultimominuto.net\/wp-content\/uploads\/2022\/09\/728x90-01.jpg\"},{\"@type\":\"BreadcrumbList\",\"@id\":\"https:\/\/infoelnuevonorte.com\/?p=10653#breadcrumb\",\"itemListElement\":[{\"@type\":\"ListItem\",\"position\":1,\"name\":\"Home\",\"item\":\"https:\/\/infoelnuevonorte.com\/\"},{\"@type\":\"ListItem\",\"position\":2,\"name\":\"Hijo de Cruz Jimini\u00e1n recibe m\u00e1ximo galard\u00f3n del Premio Nacional de la Juventud\"}]},{\"@type\":\"WebSite\",\"@id\":\"https:\/\/infoelnuevonorte.com\/#website\",\"url\":\"https:\/\/infoelnuevonorte.com\/\",\"name\":\"InfoEnn\",\"description\":\"Tu Voz, tu Verdad, tu Diario!!!\",\"publisher\":{\"@id\":\"https:\/\/infoelnuevonorte.com\/#organization\"},\"alternateName\":\"El Nuevo Norte\",\"potentialAction\":[{\"@type\":\"SearchAction\",\"target\":{\"@type\":\"EntryPoint\",\"urlTemplate\":\"https:\/\/infoelnuevonorte.com\/?s={search_term_string}\"},\"query-input\":{\"@type\":\"PropertyValueSpecification\",\"valueRequired\":true,\"valueName\":\"search_term_string\"}}],\"inLanguage\":\"es-DO\"},{\"@type\":\"Organization\",\"@id\":\"https:\/\/infoelnuevonorte.com\/#organization\",\"name\":\"Info El Nuevo Norte\",\"alternateName\":\"El Nuevo Norte\",\"url\":\"https:\/\/infoelnuevonorte.com\/\",\"logo\":{\"@type\":\"ImageObject\",\"inLanguage\":\"es-DO\",\"@id\":\"https:\/\/infoelnuevonorte.com\/#\/schema\/logo\/image\/\",\"url\":\"https:\/\/infoelnuevonorte.com\/wp-content\/uploads\/2026\/02\/Logo-Info-enn-3d-20ani.jpeg\",\"contentUrl\":\"https:\/\/infoelnuevonorte.com\/wp-content\/uploads\/2026\/02\/Logo-Info-enn-3d-20ani.jpeg\",\"width\":2046,\"height\":736,\"caption\":\"Info El Nuevo Norte\"},\"image\":{\"@id\":\"https:\/\/infoelnuevonorte.com\/#\/schema\/logo\/image\/\"},\"sameAs\":[\"https:\/\/www.facebook.com\/infoenn\",\"https:\/\/x.com\/Elnuevo_norte\",\"https:\/\/www.instagram.com\/infoenn\",\"https:\/\/www.facebook.com\/ENNRD\"]},{\"@type\":\"Person\",\"@id\":\"https:\/\/infoelnuevonorte.com\/#\/schema\/person\/fd4f6d90afe41260818b4ea94ad8ab84\",\"name\":\"InfoEnn\",\"image\":{\"@type\":\"ImageObject\",\"inLanguage\":\"es-DO\",\"@id\":\"https:\/\/infoelnuevonorte.com\/#\/schema\/person\/image\/\",\"url\":\"https:\/\/secure.gravatar.com\/avatar\/d4d760a41a48ba9db0a82bfb63bb0783?s=96&d=robohash&r=g\",\"contentUrl\":\"https:\/\/secure.gravatar.com\/avatar\/d4d760a41a48ba9db0a82bfb63bb0783?s=96&d=robohash&r=g\",\"caption\":\"InfoEnn\"},\"sameAs\":[\"https:\/\/infoelnuevonorte.com\"],\"url\":\"https:\/\/infoelnuevonorte.com\/?author=1\"}]}<\/script>\n<!-- \/ Yoast SEO plugin. -->","yoast_head_json":{"title":"Hijo de Cruz Jimini\u00e1n recibe m\u00e1ximo galard\u00f3n del Premio Nacional de la Juventud | El Nuevo Norte","robots":{"index":"index","follow":"follow","max-snippet":"max-snippet:-1","max-image-preview":"max-image-preview:large","max-video-preview":"max-video-preview:-1"},"canonical":"https:\/\/infoelnuevonorte.com\/?p=10653","og_locale":"es_ES","og_type":"article","og_title":"Hijo de Cruz Jimini\u00e1n recibe m\u00e1ximo galard\u00f3n del Premio Nacional de la Juventud | El Nuevo Norte","og_description":"Santiago.- Este mi\u00e9rcoles se celebr\u00f3 por primera vez en Santiago de los Caballeros el Premio Nacional de la Juventud, dedicado a la protecci\u00f3n del medioambiente frente al cambio clim\u00e1tico. Luis Cruz Camacho Subdirector General de Cl\u00ednica Cruz Jimini\u00e1n &amp; Fundaci\u00f3n Cruz Jimini\u00e1n e hijo del reconocido m\u00e9dico Antonio Cruz Jimini\u00e1n, recibi\u00f3 el m\u00e1ximo galard\u00f3n, el [&hellip;]","og_url":"https:\/\/infoelnuevonorte.com\/?p=10653","og_site_name":"El Nuevo Norte","article_publisher":"https:\/\/www.facebook.com\/infoenn","article_published_time":"2024-02-01T10:49:53+00:00","article_modified_time":"2024-02-01T12:52:02+00:00","og_image":[{"width":1030,"height":686,"url":"https:\/\/infoelnuevonorte.com\/wp-content\/uploads\/2024\/02\/jiminian-hijo-jpeg.webp","type":"image\/jpeg"}],"author":"InfoEnn","twitter_card":"summary_large_image","twitter_creator":"@Elnuevo_norte","twitter_site":"@Elnuevo_norte","twitter_misc":{"Written by":"InfoEnn","Est. reading time":"2 minutos"},"schema":{"@context":"https:\/\/schema.org","@graph":[{"@type":"Article","@id":"https:\/\/infoelnuevonorte.com\/?p=10653#article","isPartOf":{"@id":"https:\/\/infoelnuevonorte.com\/?p=10653"},"author":{"name":"InfoEnn","@id":"https:\/\/infoelnuevonorte.com\/#\/schema\/person\/fd4f6d90afe41260818b4ea94ad8ab84"},"headline":"Hijo de Cruz Jimini\u00e1n recibe m\u00e1ximo galard\u00f3n del Premio Nacional de la Juventud","datePublished":"2024-02-01T10:49:53+00:00","dateModified":"2024-02-01T12:52:02+00:00","mainEntityOfPage":{"@id":"https:\/\/infoelnuevonorte.com\/?p=10653"},"wordCount":317,"publisher":{"@id":"https:\/\/infoelnuevonorte.com\/#organization"},"image":{"@id":"https:\/\/infoelnuevonorte.com\/?p=10653#primaryimage"},"thumbnailUrl":"https:\/\/cdn.deultimominuto.net\/wp-content\/uploads\/2022\/09\/728x90-01.jpg","articleSection":["Actualidad |","Entretenimiento","Sociales"],"inLanguage":"es-DO"},{"@type":"WebPage","@id":"https:\/\/infoelnuevonorte.com\/?p=10653","url":"https:\/\/infoelnuevonorte.com\/?p=10653","name":"Hijo de Cruz Jimini\u00e1n recibe m\u00e1ximo galard\u00f3n del Premio Nacional de la Juventud | El Nuevo Norte","isPartOf":{"@id":"https:\/\/infoelnuevonorte.com\/#website"},"primaryImageOfPage":{"@id":"https:\/\/infoelnuevonorte.com\/?p=10653#primaryimage"},"image":{"@id":"https:\/\/infoelnuevonorte.com\/?p=10653#primaryimage"},"thumbnailUrl":"https:\/\/cdn.deultimominuto.net\/wp-content\/uploads\/2022\/09\/728x90-01.jpg","datePublished":"2024-02-01T10:49:53+00:00","dateModified":"2024-02-01T12:52:02+00:00","breadcrumb":{"@id":"https:\/\/infoelnuevonorte.com\/?p=10653#breadcrumb"},"inLanguage":"es-DO","potentialAction":[{"@type":"ReadAction","target":["https:\/\/infoelnuevonorte.com\/?p=10653"]}]},{"@type":"ImageObject","inLanguage":"es-DO","@id":"https:\/\/infoelnuevonorte.com\/?p=10653#primaryimage","url":"https:\/\/cdn.deultimominuto.net\/wp-content\/uploads\/2022\/09\/728x90-01.jpg","contentUrl":"https:\/\/cdn.deultimominuto.net\/wp-content\/uploads\/2022\/09\/728x90-01.jpg"},{"@type":"BreadcrumbList","@id":"https:\/\/infoelnuevonorte.com\/?p=10653#breadcrumb","itemListElement":[{"@type":"ListItem","position":1,"name":"Home","item":"https:\/\/infoelnuevonorte.com\/"},{"@type":"ListItem","position":2,"name":"Hijo de Cruz Jimini\u00e1n recibe m\u00e1ximo galard\u00f3n del Premio Nacional de la Juventud"}]},{"@type":"WebSite","@id":"https:\/\/infoelnuevonorte.com\/#website","url":"https:\/\/infoelnuevonorte.com\/","name":"InfoEnn","description":"Tu Voz, tu Verdad, tu Diario!!!","publisher":{"@id":"https:\/\/infoelnuevonorte.com\/#organization"},"alternateName":"El Nuevo Norte","potentialAction":[{"@type":"SearchAction","target":{"@type":"EntryPoint","urlTemplate":"https:\/\/infoelnuevonorte.com\/?s={search_term_string}"},"query-input":{"@type":"PropertyValueSpecification","valueRequired":true,"valueName":"search_term_string"}}],"inLanguage":"es-DO"},{"@type":"Organization","@id":"https:\/\/infoelnuevonorte.com\/#organization","name":"Info El Nuevo Norte","alternateName":"El Nuevo Norte","url":"https:\/\/infoelnuevonorte.com\/","logo":{"@type":"ImageObject","inLanguage":"es-DO","@id":"https:\/\/infoelnuevonorte.com\/#\/schema\/logo\/image\/","url":"https:\/\/infoelnuevonorte.com\/wp-content\/uploads\/2026\/02\/Logo-Info-enn-3d-20ani.jpeg","contentUrl":"https:\/\/infoelnuevonorte.com\/wp-content\/uploads\/2026\/02\/Logo-Info-enn-3d-20ani.jpeg","width":2046,"height":736,"caption":"Info El Nuevo Norte"},"image":{"@id":"https:\/\/infoelnuevonorte.com\/#\/schema\/logo\/image\/"},"sameAs":["https:\/\/www.facebook.com\/infoenn","https:\/\/x.com\/Elnuevo_norte","https:\/\/www.instagram.com\/infoenn","https:\/\/www.facebook.com\/ENNRD"]},{"@type":"Person","@id":"https:\/\/infoelnuevonorte.com\/#\/schema\/person\/fd4f6d90afe41260818b4ea94ad8ab84","name":"InfoEnn","image":{"@type":"ImageObject","inLanguage":"es-DO","@id":"https:\/\/infoelnuevonorte.com\/#\/schema\/person\/image\/","url":"https:\/\/secure.gravatar.com\/avatar\/d4d760a41a48ba9db0a82bfb63bb0783?s=96&d=robohash&r=g","contentUrl":"https:\/\/secure.gravatar.com\/avatar\/d4d760a41a48ba9db0a82bfb63bb0783?s=96&d=robohash&r=g","caption":"InfoEnn"},"sameAs":["https:\/\/infoelnuevonorte.com"],"url":"https:\/\/infoelnuevonorte.com\/?author=1"}]}},"_links":{"self":[{"href":"https:\/\/infoelnuevonorte.com\/index.php?rest_route=\/wp\/v2\/posts\/10653"}],"collection":[{"href":"https:\/\/infoelnuevonorte.com\/index.php?rest_route=\/wp\/v2\/posts"}],"about":[{"href":"https:\/\/infoelnuevonorte.com\/index.php?rest_route=\/wp\/v2\/types\/post"}],"author":[{"embeddable":true,"href":"https:\/\/infoelnuevonorte.com\/index.php?rest_route=\/wp\/v2\/users\/1"}],"replies":[{"embeddable":true,"href":"https:\/\/infoelnuevonorte.com\/index.php?rest_route=%2Fwp%2Fv2%2Fcomments&post=10653"}],"version-history":[{"count":0,"href":"https:\/\/infoelnuevonorte.com\/index.php?rest_route=\/wp\/v2\/posts\/10653\/revisions"}],"wp:attachment":[{"href":"https:\/\/infoelnuevonorte.com\/index.php?rest_route=%2Fwp%2Fv2%2Fmedia&parent=10653"}],"wp:term":[{"taxonomy":"category","embeddable":true,"href":"https:\/\/infoelnuevonorte.com\/index.php?rest_route=%2Fwp%2Fv2%2Fcategories&post=10653"},{"taxonomy":"post_tag","embeddable":true,"href":"https:\/\/infoelnuevonorte.com\/index.php?rest_route=%2Fwp%2Fv2%2Ftags&post=10653"}],"curies":[{"name":"wp","href":"https:\/\/api.w.org\/{rel}","templated":true}]}}