{"id":106835,"date":"2025-05-31T18:06:01","date_gmt":"2025-05-31T22:06:01","guid":{"rendered":"https:\/\/infoelnuevonorte.com\/?p=106835"},"modified":"2025-05-31T18:06:02","modified_gmt":"2025-05-31T22:06:02","slug":"en-nueva-york-este-ano-el-mes-del-orgullo-lgbtqai-sera-mas-protesta-que-celebracion","status":"publish","type":"post","link":"https:\/\/infoelnuevonorte.com\/?p=106835","title":{"rendered":"En Nueva York este a\u00f1o el Mes del Orgullo LGBTQAI+ ser\u00e1 m\u00e1s protesta que celebraci\u00f3n"},"content":{"rendered":"<!--[if lt IE 9]><script>document.createElement('audio');<\/script><![endif]-->\n<audio class=\"wp-audio-shortcode\" id=\"audio-106835-1\" preload=\"none\" style=\"width: 100%;\" controls=\"controls\"><source type=\"audio\/mpeg\" src=\"https:\/\/infoelnuevonorte.com\/wp-content\/uploads\/2025\/05\/ttsmaker-vip-file-2025-5-31-17-57-29.mp3?_=1\" \/><a href=\"https:\/\/infoelnuevonorte.com\/wp-content\/uploads\/2025\/05\/ttsmaker-vip-file-2025-5-31-17-57-29.mp3\">https:\/\/infoelnuevonorte.com\/wp-content\/uploads\/2025\/05\/ttsmaker-vip-file-2025-5-31-17-57-29.mp3<\/a><\/audio>\n<p style=\"text-align: justify;\">El mes del Orgullo LGBTQAI+, una de las celebraciones m\u00e1s ic\u00f3nicas para la ciudad de Nueva York y el mundo, tendr\u00e1 sin dudas, en su edici\u00f3n 2025, <strong>una carga m\u00e1s reflexiva que festiva.<\/strong><\/p>\n<p style=\"text-align: justify;\">De hecho, el lema de la marcha oficial de Manhattan del pr\u00f3ximo 29 de junio tendr\u00e1 un tono decididamente pol\u00edtico: <strong>\u201cLev\u00e1ntate: Orgullo en Protesta\u201d.<\/strong> Y el <strong>Festival Multicultural de Queens, que es el segundo m\u00e1s antiguo y grande de la Gran Manzana, <\/strong>este a\u00f1o anuncia un r\u00e9cord de m\u00e1s de 140 grupos en su desfile este domingo 1 de junio, en las calles de Jackson Heights, <strong>uno de los ejes de la migraci\u00f3n latinoamericana del pa\u00eds.<\/strong><\/p>\n<p style=\"text-align: justify;\">\u201cEste a\u00f1o ser\u00e1 de alegr\u00eda desafiante y unidad\u201d, coinciden los organizadores de estas actividades, que este a\u00f1o se cruzan en fechas, con las elecciones primarias <strong>en donde se escogen los candidatos dem\u00f3cratas y republicanos, para los comicios municipales de noviembre<\/strong>. Y en un momento pol\u00edtico, muy sensible, en el cual espec\u00edficamente la <strong>comunidad trans<\/strong>, denuncia que ha sido el blanco de muchos ataques por parte de la Administraci\u00f3n Trump.<\/p>\n<p style=\"text-align: justify;\">\u201cNo estamos en el mismo lugar del a\u00f1o pasado. <strong>Hay un retroceso. En muchos sentidos. No solo por parte de la Casa Blanca, sino tambi\u00e9n por parte del Vaticano,<\/strong> para los que somos cat\u00f3licos y hab\u00edamos visto algunos gestos por parte del fallecido Papa Francisco. <strong>Es ahora cuando las autoridades de esta ciudad santuario deben mostrar lo que son<\/strong>\u201d, coment\u00f3 a <strong>El Diario, Karelia del R\u00edo<\/strong>, una mujer trans mexicana, residente de Corona, Queens.<\/p>\n<p style=\"text-align: justify;\">Desde su regreso al poder, el presidente Trump ha firmado <strong>varias \u00f3rdenes ejecutivas que han repercutido en la comunidad transg\u00e9nero.<\/strong> Entre estas, se incluyen iniciativas para revocar la provisi\u00f3n de atenci\u00f3n m\u00e9dica de afirmaci\u00f3n de g\u00e9nero, la prohibici\u00f3n del servicio militar para los miembros de la comunidad trans, la restricci\u00f3n de la participaci\u00f3n de individuos transg\u00e9nero en equipos deportivos que no concuerdan con su sexo asignado al nacer,<strong> la supresi\u00f3n de referencias a personas transg\u00e9nero de los sitios web gubernamentales y la finalizaci\u00f3n de programas educativos que promueven la diversidad.<\/strong><\/p>\n<p style=\"text-align: justify;\">La reciente declaraci\u00f3n del Papa Le\u00f3n XIV ante el cuerpo diplom\u00e1tico de la Santa Sede ha generado un impacto simb\u00f3lico, aunque no legal, en la comunidad hispana LGBTQAI+, <strong>un colectivo con una significativa presencia de personas de origen cat\u00f3lico<\/strong>. En este primer encuentro, el Papa reafirm\u00f3 la doctrina cat\u00f3lica tradicional, sobre el matrimonio al definir a la familia como la <strong>\u201cuni\u00f3n estable entre hombre y mujer\u201d.<\/strong><\/p>\n<h2 id=\"\" class=\"wp-block-contenthub-heading\" style=\"text-align: justify;\"><strong>Organizaciones se mueven<\/strong><\/h2>\n<p style=\"text-align: justify;\">En un a\u00f1o electoral crucial en la ciudad de Nueva York, en donde se renovar\u00e1n las autoridades municipales, <strong>Queers for Action y ocho organizaciones LGBTQIA+<\/strong> organizan este s\u00e1bado un foro para inaugurar el Mes del Orgullo.<\/p>\n<p style=\"text-align: justify;\">\u201cCon las comunidades queer y trans, bajo ataque directo del gobierno federal, vamos a reunirnos con los aspirantes a la Alcald\u00eda, <strong>para exigir que presenten sus planes para proteger a las comunidades queer, trans y otras comunidades vulnerables<\/strong>\u201c, informaron los activistas en un comunicado.<\/p>\n<p style=\"text-align: justify;\">Se precisa que este es un foro para <strong>debatir pol\u00edticas, ideas y temas<\/strong>, no implica ning\u00fan respaldo a un aspirante en espec\u00edfico, pues todos los candidatos que participan en las primarias dem\u00f3cratas fueron invitados.<\/p>\n<figure class=\"wp-block-image ch-image size-full is-resized\" style=\"text-align: justify;\"><img class=\"lazyload generated\" srcset=\"https:\/\/eldiariony.com\/wp-content\/uploads\/sites\/2\/2025\/05\/Eduardo-Sanchez.jpg?resize=675,720&amp;quality=80\" alt=\"\" \/><figcaption class=\"wp-element-caption\">El activista dominicano, Eduardo S\u00e1nchez, pondera que los recortes federales a programas esenciales para la comunidad trans, genera situaciones dram\u00e1ticas en NYC, especialmente para los migrantes. (Foto: Cortes\u00eda)<\/figcaption><\/figure>\n<h2 id=\"\" class=\"wp-block-contenthub-heading\" style=\"text-align: justify;\"><strong>En suspenso<\/strong>: Todo est\u00e1 en revisi\u00f3n<\/h2>\n<p style=\"text-align: justify;\">Por su parte, <strong>el activista dominicano, Eduardo S\u00e1nchez,<\/strong> quien durante d\u00e9cadas ha estado cerca de las <strong>causas del colectivo trans latino en Nueva York,<\/strong> asegura que ahora m\u00e1s que nunca se requiere de autoridades locales, que entiendan los dramas de esta comunidad, en un segmento muy espec\u00edfico:<strong> los indocumentados.<\/strong><\/p>\n<p style=\"text-align: justify;\">\u201cDesde una perspectiva muy personal, y hablo a criterio propio, como mujer trans latina, vivimos un momento muy duro para las personas de nuestro colectivo en la ciudad de Nueva York, pero con m\u00e1s fuerza <strong>quienes son migrantes reci\u00e9n llegados y viven en refugios<\/strong>. El acceso a viviendas y a asesor\u00eda jur\u00eddica, en un clima de tanta discriminaci\u00f3n, s<strong>igue levantando barreras cada vez m\u00e1s altas. Es algo terrible<\/strong>\u201d, perfil\u00f3 Eduardo.<\/p>\n<p style=\"text-align: justify;\">El isle\u00f1o observa que la nueva generaci\u00f3n de mujeres trans inmigrantes, <strong>viven en un clima pol\u00edtico de mucha presi\u00f3n emocional.<\/strong><\/p>\n<p style=\"text-align: justify;\">\u201cTodos los recortes y el fin de los financiamientos federales a organizaciones que manejan el tema de la diversidad sexual, <strong>ha tra\u00eddo muchas consecuencias a programas de salud para nuestra comunidad, especialmente los migrantes<\/strong>. Todo est\u00e1 en reestructuraci\u00f3n. Todo se est\u00e1 revisando. Los recursos son m\u00e1s limitados\u201d, acot\u00f3 el activista.<\/p>\n<p style=\"text-align: justify;\">Los recortes propuestos de $715 mil millones al programa de Medicaid<strong>,<\/strong> a lo largo de la pr\u00f3xima d\u00e9cada, representan una amenaza p<strong>ara m\u00e1s de cuatro millones de residentes de la ciudad<\/strong>, de acuerdo con proyecciones de la contralor\u00eda de NYC. Dentro de esa ecuaci\u00f3n, se encuentra una poblaci\u00f3n particularmente vulnerable: <strong>las mujeres transg\u00e9nero de bajos ingresos.\u00a0<\/strong><\/p>\n<p style=\"text-align: justify;\">Este grupo demogr\u00e1fico depende de manera crucial de Medicaid, para acceder a una amplia gama de servicios m\u00e9dicos esenciales, que incluyen <strong>atenci\u00f3n primaria, medicamentos recetados, servicios de salud mental, tratamientos hormonales y cirug\u00edas de afirmaci\u00f3n de g\u00e9nero.\u00a0<\/strong><\/p>\n<h2 id=\"\" class=\"wp-block-contenthub-heading\" style=\"text-align: justify;\"><strong>El dato:<\/strong><\/h2>\n<ul class=\"wp-block-list\">\n<li style=\"text-align: justify;\"><strong>Las siglas LGBTQAI+<\/strong> significan lesbianas, gays, bisexuales, transg\u00e9nero, queer o en cuestionamiento, ag\u00e9nero o asexuales, e intersexuales. El signo \u201c+\u201d indica que, si bien el acr\u00f3nimo pretende ser inclusivo, abarca, en diversos sentidos, m\u00e1s de lo que indican las etiquetas por separado.<\/li>\n<\/ul>\n","protected":false},"excerpt":{"rendered":"<p>El mes del Orgullo LGBTQAI+, una de las celebraciones m\u00e1s ic\u00f3nicas para la ciudad de Nueva York y el mundo, tendr\u00e1 sin dudas, en su edici\u00f3n 2025, una carga m\u00e1s reflexiva que festiva. De hecho, el lema de la marcha oficial de Manhattan del pr\u00f3ximo 29 de junio tendr\u00e1 un tono decididamente pol\u00edtico: \u201cLev\u00e1ntate: Orgullo [&hellip;]<\/p>\n","protected":false},"author":1,"featured_media":0,"comment_status":"closed","ping_status":"open","sticky":false,"template":"","format":"standard","meta":{"footnotes":""},"categories":[9],"tags":[],"yoast_head":"<!-- This site is optimized with the Yoast SEO plugin v24.5 - https:\/\/yoast.com\/wordpress\/plugins\/seo\/ -->\n<title>En Nueva York este a\u00f1o el Mes del Orgullo LGBTQAI+ ser\u00e1 m\u00e1s protesta que celebraci\u00f3n | El Nuevo Norte<\/title>\n<meta name=\"robots\" content=\"index, follow, max-snippet:-1, max-image-preview:large, max-video-preview:-1\" \/>\n<link rel=\"canonical\" href=\"https:\/\/infoelnuevonorte.com\/?p=106835\" \/>\n<meta property=\"og:locale\" content=\"es_ES\" \/>\n<meta property=\"og:type\" content=\"article\" \/>\n<meta property=\"og:title\" content=\"En Nueva York este a\u00f1o el Mes del Orgullo LGBTQAI+ ser\u00e1 m\u00e1s protesta que celebraci\u00f3n | El Nuevo Norte\" \/>\n<meta property=\"og:description\" content=\"El mes del Orgullo LGBTQAI+, una de las celebraciones m\u00e1s ic\u00f3nicas para la ciudad de Nueva York y el mundo, tendr\u00e1 sin dudas, en su edici\u00f3n 2025, una carga m\u00e1s reflexiva que festiva. De hecho, el lema de la marcha oficial de Manhattan del pr\u00f3ximo 29 de junio tendr\u00e1 un tono decididamente pol\u00edtico: \u201cLev\u00e1ntate: Orgullo [&hellip;]\" \/>\n<meta property=\"og:url\" content=\"https:\/\/infoelnuevonorte.com\/?p=106835\" \/>\n<meta property=\"og:site_name\" content=\"El Nuevo Norte\" \/>\n<meta property=\"article:publisher\" content=\"https:\/\/www.facebook.com\/infoenn\" \/>\n<meta property=\"article:published_time\" content=\"2025-05-31T22:06:01+00:00\" \/>\n<meta property=\"article:modified_time\" content=\"2025-05-31T22:06:02+00:00\" \/>\n<meta property=\"og:image\" content=\"https:\/\/infoelnuevonorte.com\/wp-content\/uploads\/2025\/05\/maricones.webp\" \/>\n\t<meta property=\"og:image:width\" content=\"1316\" \/>\n\t<meta property=\"og:image:height\" content=\"740\" \/>\n\t<meta property=\"og:image:type\" content=\"image\/webp\" \/>\n<meta name=\"author\" content=\"InfoEnn\" \/>\n<meta name=\"twitter:card\" content=\"summary_large_image\" \/>\n<meta name=\"twitter:creator\" content=\"@Elnuevo_norte\" \/>\n<meta name=\"twitter:site\" content=\"@Elnuevo_norte\" \/>\n<meta name=\"twitter:label1\" content=\"Written by\" \/>\n\t<meta name=\"twitter:data1\" content=\"InfoEnn\" \/>\n\t<meta name=\"twitter:label2\" content=\"Est. reading time\" \/>\n\t<meta name=\"twitter:data2\" content=\"5 minutos\" \/>\n<script type=\"application\/ld+json\" class=\"yoast-schema-graph\">{\"@context\":\"https:\/\/schema.org\",\"@graph\":[{\"@type\":\"Article\",\"@id\":\"https:\/\/infoelnuevonorte.com\/?p=106835#article\",\"isPartOf\":{\"@id\":\"https:\/\/infoelnuevonorte.com\/?p=106835\"},\"author\":{\"name\":\"InfoEnn\",\"@id\":\"https:\/\/infoelnuevonorte.com\/#\/schema\/person\/fd4f6d90afe41260818b4ea94ad8ab84\"},\"headline\":\"En Nueva York este a\u00f1o el Mes del Orgullo LGBTQAI+ ser\u00e1 m\u00e1s protesta que celebraci\u00f3n\",\"datePublished\":\"2025-05-31T22:06:01+00:00\",\"dateModified\":\"2025-05-31T22:06:02+00:00\",\"mainEntityOfPage\":{\"@id\":\"https:\/\/infoelnuevonorte.com\/?p=106835\"},\"wordCount\":1003,\"publisher\":{\"@id\":\"https:\/\/infoelnuevonorte.com\/#organization\"},\"articleSection\":[\"Mundiales\"],\"inLanguage\":\"es-DO\"},{\"@type\":\"WebPage\",\"@id\":\"https:\/\/infoelnuevonorte.com\/?p=106835\",\"url\":\"https:\/\/infoelnuevonorte.com\/?p=106835\",\"name\":\"En Nueva York este a\u00f1o el Mes del Orgullo LGBTQAI+ ser\u00e1 m\u00e1s protesta que celebraci\u00f3n | El Nuevo Norte\",\"isPartOf\":{\"@id\":\"https:\/\/infoelnuevonorte.com\/#website\"},\"datePublished\":\"2025-05-31T22:06:01+00:00\",\"dateModified\":\"2025-05-31T22:06:02+00:00\",\"breadcrumb\":{\"@id\":\"https:\/\/infoelnuevonorte.com\/?p=106835#breadcrumb\"},\"inLanguage\":\"es-DO\",\"potentialAction\":[{\"@type\":\"ReadAction\",\"target\":[\"https:\/\/infoelnuevonorte.com\/?p=106835\"]}]},{\"@type\":\"BreadcrumbList\",\"@id\":\"https:\/\/infoelnuevonorte.com\/?p=106835#breadcrumb\",\"itemListElement\":[{\"@type\":\"ListItem\",\"position\":1,\"name\":\"Home\",\"item\":\"https:\/\/infoelnuevonorte.com\/\"},{\"@type\":\"ListItem\",\"position\":2,\"name\":\"En Nueva York este a\u00f1o el Mes del Orgullo LGBTQAI+ ser\u00e1 m\u00e1s protesta que celebraci\u00f3n\"}]},{\"@type\":\"WebSite\",\"@id\":\"https:\/\/infoelnuevonorte.com\/#website\",\"url\":\"https:\/\/infoelnuevonorte.com\/\",\"name\":\"InfoEnn\",\"description\":\"Tu Voz, tu Verdad, tu Diario!!!\",\"publisher\":{\"@id\":\"https:\/\/infoelnuevonorte.com\/#organization\"},\"alternateName\":\"El Nuevo Norte\",\"potentialAction\":[{\"@type\":\"SearchAction\",\"target\":{\"@type\":\"EntryPoint\",\"urlTemplate\":\"https:\/\/infoelnuevonorte.com\/?s={search_term_string}\"},\"query-input\":{\"@type\":\"PropertyValueSpecification\",\"valueRequired\":true,\"valueName\":\"search_term_string\"}}],\"inLanguage\":\"es-DO\"},{\"@type\":\"Organization\",\"@id\":\"https:\/\/infoelnuevonorte.com\/#organization\",\"name\":\"Info El Nuevo Norte\",\"alternateName\":\"El Nuevo Norte\",\"url\":\"https:\/\/infoelnuevonorte.com\/\",\"logo\":{\"@type\":\"ImageObject\",\"inLanguage\":\"es-DO\",\"@id\":\"https:\/\/infoelnuevonorte.com\/#\/schema\/logo\/image\/\",\"url\":\"https:\/\/infoelnuevonorte.com\/wp-content\/uploads\/2026\/02\/Logo-Info-enn-3d-20ani.jpeg\",\"contentUrl\":\"https:\/\/infoelnuevonorte.com\/wp-content\/uploads\/2026\/02\/Logo-Info-enn-3d-20ani.jpeg\",\"width\":2046,\"height\":736,\"caption\":\"Info El Nuevo Norte\"},\"image\":{\"@id\":\"https:\/\/infoelnuevonorte.com\/#\/schema\/logo\/image\/\"},\"sameAs\":[\"https:\/\/www.facebook.com\/infoenn\",\"https:\/\/x.com\/Elnuevo_norte\",\"https:\/\/www.instagram.com\/infoenn\",\"https:\/\/www.facebook.com\/ENNRD\"]},{\"@type\":\"Person\",\"@id\":\"https:\/\/infoelnuevonorte.com\/#\/schema\/person\/fd4f6d90afe41260818b4ea94ad8ab84\",\"name\":\"InfoEnn\",\"image\":{\"@type\":\"ImageObject\",\"inLanguage\":\"es-DO\",\"@id\":\"https:\/\/infoelnuevonorte.com\/#\/schema\/person\/image\/\",\"url\":\"https:\/\/secure.gravatar.com\/avatar\/d4d760a41a48ba9db0a82bfb63bb0783?s=96&d=robohash&r=g\",\"contentUrl\":\"https:\/\/secure.gravatar.com\/avatar\/d4d760a41a48ba9db0a82bfb63bb0783?s=96&d=robohash&r=g\",\"caption\":\"InfoEnn\"},\"sameAs\":[\"https:\/\/infoelnuevonorte.com\"],\"url\":\"https:\/\/infoelnuevonorte.com\/?author=1\"}]}<\/script>\n<!-- \/ Yoast SEO plugin. -->","yoast_head_json":{"title":"En Nueva York este a\u00f1o el Mes del Orgullo LGBTQAI+ ser\u00e1 m\u00e1s protesta que celebraci\u00f3n | El Nuevo Norte","robots":{"index":"index","follow":"follow","max-snippet":"max-snippet:-1","max-image-preview":"max-image-preview:large","max-video-preview":"max-video-preview:-1"},"canonical":"https:\/\/infoelnuevonorte.com\/?p=106835","og_locale":"es_ES","og_type":"article","og_title":"En Nueva York este a\u00f1o el Mes del Orgullo LGBTQAI+ ser\u00e1 m\u00e1s protesta que celebraci\u00f3n | El Nuevo Norte","og_description":"El mes del Orgullo LGBTQAI+, una de las celebraciones m\u00e1s ic\u00f3nicas para la ciudad de Nueva York y el mundo, tendr\u00e1 sin dudas, en su edici\u00f3n 2025, una carga m\u00e1s reflexiva que festiva. De hecho, el lema de la marcha oficial de Manhattan del pr\u00f3ximo 29 de junio tendr\u00e1 un tono decididamente pol\u00edtico: \u201cLev\u00e1ntate: Orgullo [&hellip;]","og_url":"https:\/\/infoelnuevonorte.com\/?p=106835","og_site_name":"El Nuevo Norte","article_publisher":"https:\/\/www.facebook.com\/infoenn","article_published_time":"2025-05-31T22:06:01+00:00","article_modified_time":"2025-05-31T22:06:02+00:00","og_image":[{"width":1316,"height":740,"url":"https:\/\/infoelnuevonorte.com\/wp-content\/uploads\/2025\/05\/maricones.webp","type":"image\/webp"}],"author":"InfoEnn","twitter_card":"summary_large_image","twitter_creator":"@Elnuevo_norte","twitter_site":"@Elnuevo_norte","twitter_misc":{"Written by":"InfoEnn","Est. reading time":"5 minutos"},"schema":{"@context":"https:\/\/schema.org","@graph":[{"@type":"Article","@id":"https:\/\/infoelnuevonorte.com\/?p=106835#article","isPartOf":{"@id":"https:\/\/infoelnuevonorte.com\/?p=106835"},"author":{"name":"InfoEnn","@id":"https:\/\/infoelnuevonorte.com\/#\/schema\/person\/fd4f6d90afe41260818b4ea94ad8ab84"},"headline":"En Nueva York este a\u00f1o el Mes del Orgullo LGBTQAI+ ser\u00e1 m\u00e1s protesta que celebraci\u00f3n","datePublished":"2025-05-31T22:06:01+00:00","dateModified":"2025-05-31T22:06:02+00:00","mainEntityOfPage":{"@id":"https:\/\/infoelnuevonorte.com\/?p=106835"},"wordCount":1003,"publisher":{"@id":"https:\/\/infoelnuevonorte.com\/#organization"},"articleSection":["Mundiales"],"inLanguage":"es-DO"},{"@type":"WebPage","@id":"https:\/\/infoelnuevonorte.com\/?p=106835","url":"https:\/\/infoelnuevonorte.com\/?p=106835","name":"En Nueva York este a\u00f1o el Mes del Orgullo LGBTQAI+ ser\u00e1 m\u00e1s protesta que celebraci\u00f3n | El Nuevo Norte","isPartOf":{"@id":"https:\/\/infoelnuevonorte.com\/#website"},"datePublished":"2025-05-31T22:06:01+00:00","dateModified":"2025-05-31T22:06:02+00:00","breadcrumb":{"@id":"https:\/\/infoelnuevonorte.com\/?p=106835#breadcrumb"},"inLanguage":"es-DO","potentialAction":[{"@type":"ReadAction","target":["https:\/\/infoelnuevonorte.com\/?p=106835"]}]},{"@type":"BreadcrumbList","@id":"https:\/\/infoelnuevonorte.com\/?p=106835#breadcrumb","itemListElement":[{"@type":"ListItem","position":1,"name":"Home","item":"https:\/\/infoelnuevonorte.com\/"},{"@type":"ListItem","position":2,"name":"En Nueva York este a\u00f1o el Mes del Orgullo LGBTQAI+ ser\u00e1 m\u00e1s protesta que celebraci\u00f3n"}]},{"@type":"WebSite","@id":"https:\/\/infoelnuevonorte.com\/#website","url":"https:\/\/infoelnuevonorte.com\/","name":"InfoEnn","description":"Tu Voz, tu Verdad, tu Diario!!!","publisher":{"@id":"https:\/\/infoelnuevonorte.com\/#organization"},"alternateName":"El Nuevo Norte","potentialAction":[{"@type":"SearchAction","target":{"@type":"EntryPoint","urlTemplate":"https:\/\/infoelnuevonorte.com\/?s={search_term_string}"},"query-input":{"@type":"PropertyValueSpecification","valueRequired":true,"valueName":"search_term_string"}}],"inLanguage":"es-DO"},{"@type":"Organization","@id":"https:\/\/infoelnuevonorte.com\/#organization","name":"Info El Nuevo Norte","alternateName":"El Nuevo Norte","url":"https:\/\/infoelnuevonorte.com\/","logo":{"@type":"ImageObject","inLanguage":"es-DO","@id":"https:\/\/infoelnuevonorte.com\/#\/schema\/logo\/image\/","url":"https:\/\/infoelnuevonorte.com\/wp-content\/uploads\/2026\/02\/Logo-Info-enn-3d-20ani.jpeg","contentUrl":"https:\/\/infoelnuevonorte.com\/wp-content\/uploads\/2026\/02\/Logo-Info-enn-3d-20ani.jpeg","width":2046,"height":736,"caption":"Info El Nuevo Norte"},"image":{"@id":"https:\/\/infoelnuevonorte.com\/#\/schema\/logo\/image\/"},"sameAs":["https:\/\/www.facebook.com\/infoenn","https:\/\/x.com\/Elnuevo_norte","https:\/\/www.instagram.com\/infoenn","https:\/\/www.facebook.com\/ENNRD"]},{"@type":"Person","@id":"https:\/\/infoelnuevonorte.com\/#\/schema\/person\/fd4f6d90afe41260818b4ea94ad8ab84","name":"InfoEnn","image":{"@type":"ImageObject","inLanguage":"es-DO","@id":"https:\/\/infoelnuevonorte.com\/#\/schema\/person\/image\/","url":"https:\/\/secure.gravatar.com\/avatar\/d4d760a41a48ba9db0a82bfb63bb0783?s=96&d=robohash&r=g","contentUrl":"https:\/\/secure.gravatar.com\/avatar\/d4d760a41a48ba9db0a82bfb63bb0783?s=96&d=robohash&r=g","caption":"InfoEnn"},"sameAs":["https:\/\/infoelnuevonorte.com"],"url":"https:\/\/infoelnuevonorte.com\/?author=1"}]}},"_links":{"self":[{"href":"https:\/\/infoelnuevonorte.com\/index.php?rest_route=\/wp\/v2\/posts\/106835"}],"collection":[{"href":"https:\/\/infoelnuevonorte.com\/index.php?rest_route=\/wp\/v2\/posts"}],"about":[{"href":"https:\/\/infoelnuevonorte.com\/index.php?rest_route=\/wp\/v2\/types\/post"}],"author":[{"embeddable":true,"href":"https:\/\/infoelnuevonorte.com\/index.php?rest_route=\/wp\/v2\/users\/1"}],"replies":[{"embeddable":true,"href":"https:\/\/infoelnuevonorte.com\/index.php?rest_route=%2Fwp%2Fv2%2Fcomments&post=106835"}],"version-history":[{"count":1,"href":"https:\/\/infoelnuevonorte.com\/index.php?rest_route=\/wp\/v2\/posts\/106835\/revisions"}],"predecessor-version":[{"id":106838,"href":"https:\/\/infoelnuevonorte.com\/index.php?rest_route=\/wp\/v2\/posts\/106835\/revisions\/106838"}],"wp:attachment":[{"href":"https:\/\/infoelnuevonorte.com\/index.php?rest_route=%2Fwp%2Fv2%2Fmedia&parent=106835"}],"wp:term":[{"taxonomy":"category","embeddable":true,"href":"https:\/\/infoelnuevonorte.com\/index.php?rest_route=%2Fwp%2Fv2%2Fcategories&post=106835"},{"taxonomy":"post_tag","embeddable":true,"href":"https:\/\/infoelnuevonorte.com\/index.php?rest_route=%2Fwp%2Fv2%2Ftags&post=106835"}],"curies":[{"name":"wp","href":"https:\/\/api.w.org\/{rel}","templated":true}]}}