{"id":10950,"date":"2024-02-06T06:00:28","date_gmt":"2024-02-06T10:00:28","guid":{"rendered":"https:\/\/infoelnuevonorte.com\/?p=10950"},"modified":"2024-02-06T06:01:42","modified_gmt":"2024-02-06T10:01:42","slug":"mueren-dos-jovenes-al-chocar-de-frente-motocicletas-que-conducian-en-montellano","status":"publish","type":"post","link":"https:\/\/infoelnuevonorte.com\/?p=10950","title":{"rendered":"Mueren dos j\u00f3venes al chocar de frente motocicletas que conduc\u00edan en Montellano"},"content":{"rendered":"<div>\n<div style=\"text-align: justify;\">\n<!--[if lt IE 9]><script>document.createElement('audio');<\/script><![endif]-->\n<audio class=\"wp-audio-shortcode\" id=\"audio-10950-1\" preload=\"none\" style=\"width: 100%;\" controls=\"controls\"><source type=\"audio\/mpeg\" src=\"https:\/\/infoelnuevonorte.com\/wp-content\/uploads\/2024\/02\/ttsmaker-file-2024-2-6-6-1-10.mp3?_=1\" \/><a href=\"https:\/\/infoelnuevonorte.com\/wp-content\/uploads\/2024\/02\/ttsmaker-file-2024-2-6-6-1-10.mp3\">https:\/\/infoelnuevonorte.com\/wp-content\/uploads\/2024\/02\/ttsmaker-file-2024-2-6-6-1-10.mp3<\/a><\/audio>\n<p><strong>PUERTO PLATA.-<\/strong> Al anochecer el lunes, dos j\u00f3venes murieron por los traumas y heridas que recibieron tras chocar de frente las motocicletas donde se desplazaban en la carretera tur\u00edstica Luper\u00f3n.<\/div>\n<div style=\"text-align: justify;\"><\/div>\n<div style=\"text-align: justify;\">Los fallecidos fueron identificados como J\u00fanior Gonz\u00e1lez Fern\u00e1ndez, de 23 a\u00f1os y Carlos Manuel Almonte Mart\u00ednez, de 21 a\u00f1os, seg\u00fan report\u00f3 el destacado comunicador Luis Felipe Fortuna.<\/div>\n<div style=\"text-align: justify;\"><\/div>\n<div style=\"text-align: justify;\">El tr\u00e1gico accidente ocurri\u00f3 exactamente a las 7:15 minutos de la noche, cuando las dos motocicletas colisionaron a gran velocidad en el tramo carretero del paraje Los Ciruelos del municipio Villa Montellano.<\/div>\n<div style=\"text-align: justify;\"><\/div>\n<div style=\"text-align: justify;\">Los cuerpos sin vida de ambos j\u00f3venes yac\u00edan inertes en medio de charcos de sangre, hasta que se presentaron al lugar las autoridades competentes junto al m\u00e9dico legista procedi\u00e9ndose al levantamiento de los cad\u00e1veres.<\/div>\n<div style=\"text-align: justify;\"><\/div>\n<div style=\"text-align: justify;\">Con este caso ya suman cinco los ciudadanos quienes han fallecidos de manera tr\u00e1gica en accidentes viales acontecidos por separado durante las \u00faltimas 72 horas en la provincia Puerto Plata.<\/div>\n<div style=\"text-align: justify;\">La noche del s\u00e1bado muri\u00f3 el joven Juan Carlos S\u00e1nchez Tav\u00e1rez y result\u00f3 gravemente herida su acompa\u00f1ante Katherine Almonte cuando la motocicleta donde viajaban fue arrollada por la yipeta Ford Explorer, placa G439108 que guiaba el nacional canadiense Cristinel Stanciut.<\/div>\n<div style=\"text-align: justify;\"><\/div>\n<div style=\"text-align: justify;\">Asimismo, en el tramo carretero Puerto Plata-Playa Dorada, murieron los estadounidenses Benoit Suitter y Gerson Leonard Tapia, al chocar un autob\u00fas y una yipeta durante la madrugada del domingo.<\/div>\n<\/div>\n","protected":false},"excerpt":{"rendered":"<p>PUERTO PLATA.- Al anochecer el lunes, dos j\u00f3venes murieron por los traumas y heridas que recibieron tras chocar de frente las motocicletas donde se desplazaban en la carretera tur\u00edstica Luper\u00f3n. Los fallecidos fueron identificados como J\u00fanior Gonz\u00e1lez Fern\u00e1ndez, de 23 a\u00f1os y Carlos Manuel Almonte Mart\u00ednez, de 21 a\u00f1os, seg\u00fan report\u00f3 el destacado comunicador Luis [&hellip;]<\/p>\n","protected":false},"author":1,"featured_media":0,"comment_status":"closed","ping_status":"open","sticky":false,"template":"","format":"standard","meta":{"footnotes":""},"categories":[2,5],"tags":[],"yoast_head":"<!-- This site is optimized with the Yoast SEO plugin v24.5 - https:\/\/yoast.com\/wordpress\/plugins\/seo\/ -->\n<title>Mueren dos j\u00f3venes al chocar de frente motocicletas que conduc\u00edan en Montellano | El Nuevo Norte<\/title>\n<meta name=\"robots\" content=\"index, follow, max-snippet:-1, max-image-preview:large, max-video-preview:-1\" \/>\n<link rel=\"canonical\" href=\"https:\/\/infoelnuevonorte.com\/?p=10950\" \/>\n<meta property=\"og:locale\" content=\"es_ES\" \/>\n<meta property=\"og:type\" content=\"article\" \/>\n<meta property=\"og:title\" content=\"Mueren dos j\u00f3venes al chocar de frente motocicletas que conduc\u00edan en Montellano | El Nuevo Norte\" \/>\n<meta property=\"og:description\" content=\"PUERTO PLATA.- Al anochecer el lunes, dos j\u00f3venes murieron por los traumas y heridas que recibieron tras chocar de frente las motocicletas donde se desplazaban en la carretera tur\u00edstica Luper\u00f3n. Los fallecidos fueron identificados como J\u00fanior Gonz\u00e1lez Fern\u00e1ndez, de 23 a\u00f1os y Carlos Manuel Almonte Mart\u00ednez, de 21 a\u00f1os, seg\u00fan report\u00f3 el destacado comunicador Luis [&hellip;]\" \/>\n<meta property=\"og:url\" content=\"https:\/\/infoelnuevonorte.com\/?p=10950\" \/>\n<meta property=\"og:site_name\" content=\"El Nuevo Norte\" \/>\n<meta property=\"article:publisher\" content=\"https:\/\/www.facebook.com\/infoenn\" \/>\n<meta property=\"article:published_time\" content=\"2024-02-06T10:00:28+00:00\" \/>\n<meta property=\"article:modified_time\" content=\"2024-02-06T10:01:42+00:00\" \/>\n<meta property=\"og:image\" content=\"https:\/\/infoelnuevonorte.com\/wp-content\/uploads\/2024\/02\/06-06-01-09-40-0805462-jpg.webp\" \/>\n\t<meta property=\"og:image:width\" content=\"1440\" \/>\n\t<meta property=\"og:image:height\" content=\"1440\" \/>\n\t<meta property=\"og:image:type\" content=\"image\/jpeg\" \/>\n<meta name=\"author\" content=\"InfoEnn\" \/>\n<meta name=\"twitter:card\" content=\"summary_large_image\" \/>\n<meta name=\"twitter:creator\" content=\"@Elnuevo_norte\" \/>\n<meta name=\"twitter:site\" content=\"@Elnuevo_norte\" \/>\n<meta name=\"twitter:label1\" content=\"Written by\" \/>\n\t<meta name=\"twitter:data1\" content=\"InfoEnn\" \/>\n\t<meta name=\"twitter:label2\" content=\"Est. reading time\" \/>\n\t<meta name=\"twitter:data2\" content=\"2 minutos\" \/>\n<script type=\"application\/ld+json\" class=\"yoast-schema-graph\">{\"@context\":\"https:\/\/schema.org\",\"@graph\":[{\"@type\":\"Article\",\"@id\":\"https:\/\/infoelnuevonorte.com\/?p=10950#article\",\"isPartOf\":{\"@id\":\"https:\/\/infoelnuevonorte.com\/?p=10950\"},\"author\":{\"name\":\"InfoEnn\",\"@id\":\"https:\/\/infoelnuevonorte.com\/#\/schema\/person\/fd4f6d90afe41260818b4ea94ad8ab84\"},\"headline\":\"Mueren dos j\u00f3venes al chocar de frente motocicletas que conduc\u00edan en Montellano\",\"datePublished\":\"2024-02-06T10:00:28+00:00\",\"dateModified\":\"2024-02-06T10:01:42+00:00\",\"mainEntityOfPage\":{\"@id\":\"https:\/\/infoelnuevonorte.com\/?p=10950\"},\"wordCount\":270,\"publisher\":{\"@id\":\"https:\/\/infoelnuevonorte.com\/#organization\"},\"articleSection\":[\"Actualidad |\",\"Del Norte\"],\"inLanguage\":\"es-DO\"},{\"@type\":\"WebPage\",\"@id\":\"https:\/\/infoelnuevonorte.com\/?p=10950\",\"url\":\"https:\/\/infoelnuevonorte.com\/?p=10950\",\"name\":\"Mueren dos j\u00f3venes al chocar de frente motocicletas que conduc\u00edan en Montellano | El Nuevo Norte\",\"isPartOf\":{\"@id\":\"https:\/\/infoelnuevonorte.com\/#website\"},\"datePublished\":\"2024-02-06T10:00:28+00:00\",\"dateModified\":\"2024-02-06T10:01:42+00:00\",\"breadcrumb\":{\"@id\":\"https:\/\/infoelnuevonorte.com\/?p=10950#breadcrumb\"},\"inLanguage\":\"es-DO\",\"potentialAction\":[{\"@type\":\"ReadAction\",\"target\":[\"https:\/\/infoelnuevonorte.com\/?p=10950\"]}]},{\"@type\":\"BreadcrumbList\",\"@id\":\"https:\/\/infoelnuevonorte.com\/?p=10950#breadcrumb\",\"itemListElement\":[{\"@type\":\"ListItem\",\"position\":1,\"name\":\"Home\",\"item\":\"https:\/\/infoelnuevonorte.com\/\"},{\"@type\":\"ListItem\",\"position\":2,\"name\":\"Mueren dos j\u00f3venes al chocar de frente motocicletas que conduc\u00edan en Montellano\"}]},{\"@type\":\"WebSite\",\"@id\":\"https:\/\/infoelnuevonorte.com\/#website\",\"url\":\"https:\/\/infoelnuevonorte.com\/\",\"name\":\"InfoEnn\",\"description\":\"Tu Voz, tu Verdad, tu Diario!!!\",\"publisher\":{\"@id\":\"https:\/\/infoelnuevonorte.com\/#organization\"},\"alternateName\":\"El Nuevo Norte\",\"potentialAction\":[{\"@type\":\"SearchAction\",\"target\":{\"@type\":\"EntryPoint\",\"urlTemplate\":\"https:\/\/infoelnuevonorte.com\/?s={search_term_string}\"},\"query-input\":{\"@type\":\"PropertyValueSpecification\",\"valueRequired\":true,\"valueName\":\"search_term_string\"}}],\"inLanguage\":\"es-DO\"},{\"@type\":\"Organization\",\"@id\":\"https:\/\/infoelnuevonorte.com\/#organization\",\"name\":\"Info El Nuevo Norte\",\"alternateName\":\"El Nuevo Norte\",\"url\":\"https:\/\/infoelnuevonorte.com\/\",\"logo\":{\"@type\":\"ImageObject\",\"inLanguage\":\"es-DO\",\"@id\":\"https:\/\/infoelnuevonorte.com\/#\/schema\/logo\/image\/\",\"url\":\"https:\/\/infoelnuevonorte.com\/wp-content\/uploads\/2026\/02\/Logo-Info-enn-3d-20ani.jpeg\",\"contentUrl\":\"https:\/\/infoelnuevonorte.com\/wp-content\/uploads\/2026\/02\/Logo-Info-enn-3d-20ani.jpeg\",\"width\":2046,\"height\":736,\"caption\":\"Info El Nuevo Norte\"},\"image\":{\"@id\":\"https:\/\/infoelnuevonorte.com\/#\/schema\/logo\/image\/\"},\"sameAs\":[\"https:\/\/www.facebook.com\/infoenn\",\"https:\/\/x.com\/Elnuevo_norte\",\"https:\/\/www.instagram.com\/infoenn\",\"https:\/\/www.facebook.com\/ENNRD\"]},{\"@type\":\"Person\",\"@id\":\"https:\/\/infoelnuevonorte.com\/#\/schema\/person\/fd4f6d90afe41260818b4ea94ad8ab84\",\"name\":\"InfoEnn\",\"image\":{\"@type\":\"ImageObject\",\"inLanguage\":\"es-DO\",\"@id\":\"https:\/\/infoelnuevonorte.com\/#\/schema\/person\/image\/\",\"url\":\"https:\/\/secure.gravatar.com\/avatar\/d4d760a41a48ba9db0a82bfb63bb0783?s=96&d=robohash&r=g\",\"contentUrl\":\"https:\/\/secure.gravatar.com\/avatar\/d4d760a41a48ba9db0a82bfb63bb0783?s=96&d=robohash&r=g\",\"caption\":\"InfoEnn\"},\"sameAs\":[\"https:\/\/infoelnuevonorte.com\"],\"url\":\"https:\/\/infoelnuevonorte.com\/?author=1\"}]}<\/script>\n<!-- \/ Yoast SEO plugin. -->","yoast_head_json":{"title":"Mueren dos j\u00f3venes al chocar de frente motocicletas que conduc\u00edan en Montellano | El Nuevo Norte","robots":{"index":"index","follow":"follow","max-snippet":"max-snippet:-1","max-image-preview":"max-image-preview:large","max-video-preview":"max-video-preview:-1"},"canonical":"https:\/\/infoelnuevonorte.com\/?p=10950","og_locale":"es_ES","og_type":"article","og_title":"Mueren dos j\u00f3venes al chocar de frente motocicletas que conduc\u00edan en Montellano | El Nuevo Norte","og_description":"PUERTO PLATA.- Al anochecer el lunes, dos j\u00f3venes murieron por los traumas y heridas que recibieron tras chocar de frente las motocicletas donde se desplazaban en la carretera tur\u00edstica Luper\u00f3n. Los fallecidos fueron identificados como J\u00fanior Gonz\u00e1lez Fern\u00e1ndez, de 23 a\u00f1os y Carlos Manuel Almonte Mart\u00ednez, de 21 a\u00f1os, seg\u00fan report\u00f3 el destacado comunicador Luis [&hellip;]","og_url":"https:\/\/infoelnuevonorte.com\/?p=10950","og_site_name":"El Nuevo Norte","article_publisher":"https:\/\/www.facebook.com\/infoenn","article_published_time":"2024-02-06T10:00:28+00:00","article_modified_time":"2024-02-06T10:01:42+00:00","og_image":[{"width":1440,"height":1440,"url":"https:\/\/infoelnuevonorte.com\/wp-content\/uploads\/2024\/02\/06-06-01-09-40-0805462-jpg.webp","type":"image\/jpeg"}],"author":"InfoEnn","twitter_card":"summary_large_image","twitter_creator":"@Elnuevo_norte","twitter_site":"@Elnuevo_norte","twitter_misc":{"Written by":"InfoEnn","Est. reading time":"2 minutos"},"schema":{"@context":"https:\/\/schema.org","@graph":[{"@type":"Article","@id":"https:\/\/infoelnuevonorte.com\/?p=10950#article","isPartOf":{"@id":"https:\/\/infoelnuevonorte.com\/?p=10950"},"author":{"name":"InfoEnn","@id":"https:\/\/infoelnuevonorte.com\/#\/schema\/person\/fd4f6d90afe41260818b4ea94ad8ab84"},"headline":"Mueren dos j\u00f3venes al chocar de frente motocicletas que conduc\u00edan en Montellano","datePublished":"2024-02-06T10:00:28+00:00","dateModified":"2024-02-06T10:01:42+00:00","mainEntityOfPage":{"@id":"https:\/\/infoelnuevonorte.com\/?p=10950"},"wordCount":270,"publisher":{"@id":"https:\/\/infoelnuevonorte.com\/#organization"},"articleSection":["Actualidad |","Del Norte"],"inLanguage":"es-DO"},{"@type":"WebPage","@id":"https:\/\/infoelnuevonorte.com\/?p=10950","url":"https:\/\/infoelnuevonorte.com\/?p=10950","name":"Mueren dos j\u00f3venes al chocar de frente motocicletas que conduc\u00edan en Montellano | El Nuevo Norte","isPartOf":{"@id":"https:\/\/infoelnuevonorte.com\/#website"},"datePublished":"2024-02-06T10:00:28+00:00","dateModified":"2024-02-06T10:01:42+00:00","breadcrumb":{"@id":"https:\/\/infoelnuevonorte.com\/?p=10950#breadcrumb"},"inLanguage":"es-DO","potentialAction":[{"@type":"ReadAction","target":["https:\/\/infoelnuevonorte.com\/?p=10950"]}]},{"@type":"BreadcrumbList","@id":"https:\/\/infoelnuevonorte.com\/?p=10950#breadcrumb","itemListElement":[{"@type":"ListItem","position":1,"name":"Home","item":"https:\/\/infoelnuevonorte.com\/"},{"@type":"ListItem","position":2,"name":"Mueren dos j\u00f3venes al chocar de frente motocicletas que conduc\u00edan en Montellano"}]},{"@type":"WebSite","@id":"https:\/\/infoelnuevonorte.com\/#website","url":"https:\/\/infoelnuevonorte.com\/","name":"InfoEnn","description":"Tu Voz, tu Verdad, tu Diario!!!","publisher":{"@id":"https:\/\/infoelnuevonorte.com\/#organization"},"alternateName":"El Nuevo Norte","potentialAction":[{"@type":"SearchAction","target":{"@type":"EntryPoint","urlTemplate":"https:\/\/infoelnuevonorte.com\/?s={search_term_string}"},"query-input":{"@type":"PropertyValueSpecification","valueRequired":true,"valueName":"search_term_string"}}],"inLanguage":"es-DO"},{"@type":"Organization","@id":"https:\/\/infoelnuevonorte.com\/#organization","name":"Info El Nuevo Norte","alternateName":"El Nuevo Norte","url":"https:\/\/infoelnuevonorte.com\/","logo":{"@type":"ImageObject","inLanguage":"es-DO","@id":"https:\/\/infoelnuevonorte.com\/#\/schema\/logo\/image\/","url":"https:\/\/infoelnuevonorte.com\/wp-content\/uploads\/2026\/02\/Logo-Info-enn-3d-20ani.jpeg","contentUrl":"https:\/\/infoelnuevonorte.com\/wp-content\/uploads\/2026\/02\/Logo-Info-enn-3d-20ani.jpeg","width":2046,"height":736,"caption":"Info El Nuevo Norte"},"image":{"@id":"https:\/\/infoelnuevonorte.com\/#\/schema\/logo\/image\/"},"sameAs":["https:\/\/www.facebook.com\/infoenn","https:\/\/x.com\/Elnuevo_norte","https:\/\/www.instagram.com\/infoenn","https:\/\/www.facebook.com\/ENNRD"]},{"@type":"Person","@id":"https:\/\/infoelnuevonorte.com\/#\/schema\/person\/fd4f6d90afe41260818b4ea94ad8ab84","name":"InfoEnn","image":{"@type":"ImageObject","inLanguage":"es-DO","@id":"https:\/\/infoelnuevonorte.com\/#\/schema\/person\/image\/","url":"https:\/\/secure.gravatar.com\/avatar\/d4d760a41a48ba9db0a82bfb63bb0783?s=96&d=robohash&r=g","contentUrl":"https:\/\/secure.gravatar.com\/avatar\/d4d760a41a48ba9db0a82bfb63bb0783?s=96&d=robohash&r=g","caption":"InfoEnn"},"sameAs":["https:\/\/infoelnuevonorte.com"],"url":"https:\/\/infoelnuevonorte.com\/?author=1"}]}},"_links":{"self":[{"href":"https:\/\/infoelnuevonorte.com\/index.php?rest_route=\/wp\/v2\/posts\/10950"}],"collection":[{"href":"https:\/\/infoelnuevonorte.com\/index.php?rest_route=\/wp\/v2\/posts"}],"about":[{"href":"https:\/\/infoelnuevonorte.com\/index.php?rest_route=\/wp\/v2\/types\/post"}],"author":[{"embeddable":true,"href":"https:\/\/infoelnuevonorte.com\/index.php?rest_route=\/wp\/v2\/users\/1"}],"replies":[{"embeddable":true,"href":"https:\/\/infoelnuevonorte.com\/index.php?rest_route=%2Fwp%2Fv2%2Fcomments&post=10950"}],"version-history":[{"count":0,"href":"https:\/\/infoelnuevonorte.com\/index.php?rest_route=\/wp\/v2\/posts\/10950\/revisions"}],"wp:attachment":[{"href":"https:\/\/infoelnuevonorte.com\/index.php?rest_route=%2Fwp%2Fv2%2Fmedia&parent=10950"}],"wp:term":[{"taxonomy":"category","embeddable":true,"href":"https:\/\/infoelnuevonorte.com\/index.php?rest_route=%2Fwp%2Fv2%2Fcategories&post=10950"},{"taxonomy":"post_tag","embeddable":true,"href":"https:\/\/infoelnuevonorte.com\/index.php?rest_route=%2Fwp%2Fv2%2Ftags&post=10950"}],"curies":[{"name":"wp","href":"https:\/\/api.w.org\/{rel}","templated":true}]}}