{"id":110,"date":"2023-09-17T22:29:35","date_gmt":"2023-09-17T22:29:35","guid":{"rendered":"http:\/\/tdi_42_fa6"},"modified":"2023-09-29T21:06:15","modified_gmt":"2023-09-29T21:06:15","slug":"sneak-peak-best-smart-home-gadgets-features-to-install-today","status":"publish","type":"post","link":"https:\/\/infoelnuevonorte.com\/?p=110","title":{"rendered":"Iglesia de Jesucristo celebra con \u00e9xito la tercera edici\u00f3n del Premio de Valores Familiares 2023"},"content":{"rendered":"<p style=\"text-align: justify;\">Con el firme prop\u00f3sito\u00a0<span class=\"il\">de<\/span>\u00a0inspirar a las personas a fortalecer sus v\u00ednculos familiares y promover la importancia del matrimonio como la base fundamental\u00a0<span class=\"il\">de<\/span>\u00a0la sociedad, La\u00a0<span class=\"il\">Iglesia<\/span>\u00a0<span class=\"il\">de<\/span>\u00a0<span class=\"il\">Jesucristo<\/span>\u00a0<span class=\"il\">de<\/span>\u00a0los Santos\u00a0<span class=\"il\">de<\/span>\u00a0los \u00daltimos D\u00edas en Rep\u00fablica Dominicana llev\u00f3 a cabo la tercera edici\u00f3n del Premio\u00a0<span class=\"il\">de<\/span>\u00a0Valores Familiares 2023.<\/p>\n<p style=\"text-align: justify;\">Un evento que honra a aquellos que, a trav\u00e9s\u00a0<span class=\"il\">de<\/span>\u00a0sus vidas y contribuciones, han desempe\u00f1ado un papel fundamental en la promoci\u00f3n\u00a0<span class=\"il\">de<\/span>\u00a0la familia como base\u00a0<span class=\"il\">de<\/span>\u00a0la sociedad.<\/p>\n<p style=\"text-align: justify;\">Esta tercera edici\u00f3n reconoci\u00f3 los aportes\u00a0<span class=\"il\">de<\/span>\u00a0tres familias en tres categor\u00edas distintas. El valor\u00a0<span class=\"il\">de<\/span>\u00a0\u201cPaternidad\u201d se otorg\u00f3 al se\u00f1or Magino Corpor\u00e1n, exdirector del CONADIS. El valor\u00a0<span class=\"il\">de<\/span>\u00a0\u201cMaternidad\u201d se concedi\u00f3 a la comunicadora Silvia Callado, creadora\u00a0<span class=\"il\">de<\/span>\u00a0la fundaci\u00f3n \u201cPasitos\u00a0<span class=\"il\">de<\/span>\u00a0Alegr\u00eda\u201d.<\/p>\n<p style=\"text-align: justify;\">Finalmente, en la categor\u00eda\u00a0<span class=\"il\">de<\/span>\u00a0\u201cUnidad Familiar\u201d, se reconoci\u00f3 al comunicador Francisco V\u00e1squez y su esposa, Mayerling Fern\u00e1ndez.<\/p>\n<p style=\"text-align: justify;\">Fue una noche llena\u00a0<span class=\"il\">de<\/span>\u00a0emociones en la que los galardonados hablaron desde el coraz\u00f3n. El se\u00f1or Magino Corpor\u00e1n expres\u00f3 su agradecimiento a la\u00a0<span class=\"il\">Iglesia<\/span>\u00a0por su nominaci\u00f3n y habl\u00f3\u00a0<span class=\"il\">de<\/span>\u00a0lo importante que ha sido su familia en el trayecto\u00a0<span class=\"il\">de<\/span>\u00a0su vida.<\/p>\n<p style=\"text-align: justify;\">Entre la emoci\u00f3n y las l\u00e1grimas al recibir el premio, Silvia Callado dijo:\u00a0<i>\u201cQuiero honrar a La\u00a0<span class=\"il\">Iglesia<\/span>\u00a0<span class=\"il\">de<\/span>\u00a0<span class=\"il\">Jesucristo<\/span>\u00a0<span class=\"il\">de<\/span>\u00a0los Santos\u00a0<span class=\"il\">de<\/span>\u00a0los \u00daltimos D\u00edas por destacar el pilar principal\u00a0<span class=\"il\">de<\/span>\u00a0nuestra sociedad, cuando el mundo estaba convenci\u00e9ndonos\u00a0<span class=\"il\">de<\/span>\u00a0que esto es lo que menos importa, esto es lo que m\u00e1s importa\u2026 nuestras familias\u201d.<\/i><\/p>\n<p style=\"text-align: justify;\">Francisco V\u00e1squez coment\u00f3:\u00a0<i>\u201cEstoy totalmente convencido\u00a0<span class=\"il\">de<\/span>\u00a0que nunca en mis 23 a\u00f1os\u00a0<span class=\"il\">de<\/span>\u00a0carrera he recibido un premio que valore tanto; lo mejor que he logrado en mi vida es mi familia\u201d.<\/i><\/p>\n<p style=\"text-align: justify;\">Para cerrar la noche con broche\u00a0<span class=\"il\">de<\/span>\u00a0oro Manny Cruz ganador en la categor\u00eda\u00a0<span class=\"il\">de<\/span>\u00a0Unidad Familiar en el premio Valores Familiares 2021 hizo gala\u00a0<span class=\"il\">de<\/span>\u00a0su talento musical deleitando al p\u00fablico con su m\u00fasica. La transmisi\u00f3n oficial para el p\u00fablico en general tuvo lugar el s\u00e1bado 23\u00a0<span class=\"il\">de<\/span>\u00a0septiembre a las 8:00 p.m. a trav\u00e9s\u00a0<span class=\"il\">de<\/span>\u00a0los canales digitales\u00a0<span class=\"il\">de<\/span>\u00a0La\u00a0<span class=\"il\">Iglesia<\/span>\u00a0en Facebook y YouTube (@iglesiadejesucristo.caribe), permitiendo a una audiencia global unirse a la celebraci\u00f3n. La\u00a0<span class=\"il\">Iglesia<\/span>\u00a0<span class=\"il\">de<\/span>\u00a0<span class=\"il\">Jesucristo<\/span>\u00a0<span class=\"il\">de<\/span>\u00a0los Santos\u00a0<span class=\"il\">de<\/span>\u00a0los \u00daltimos D\u00edas reafirm\u00f3 su compromiso\u00a0<span class=\"il\">de<\/span>\u00a0mantener este evento y reconocimiento como una tradici\u00f3n anual en la Rep\u00fablica Dominicana.<\/p>\n<p style=\"text-align: justify;\">La\u00a0<span class=\"il\">Iglesia<\/span>\u00a0considera que es fundamental resaltar valores positivos en la sociedad dominicana y proporcionar a las nuevas generaciones un ejemplo a seguir en la promoci\u00f3n\u00a0<span class=\"il\">de<\/span>\u00a0valores familiares s\u00f3lidos y relaciones familiares saludables.<\/p>\n","protected":false},"excerpt":{"rendered":"<p>Con el firme prop\u00f3sito\u00a0de\u00a0inspirar a las personas a fortalecer sus v\u00ednculos familiares y promover la importancia del matrimonio como la base fundamental\u00a0de\u00a0la sociedad, La\u00a0Iglesia\u00a0de\u00a0Jesucristo\u00a0de\u00a0los Santos\u00a0de\u00a0los \u00daltimos D\u00edas en Rep\u00fablica Dominicana llev\u00f3 a cabo la tercera edici\u00f3n del Premio\u00a0de\u00a0Valores Familiares 2023. Un evento que honra a aquellos que, a trav\u00e9s\u00a0de\u00a0sus vidas y contribuciones, han desempe\u00f1ado un [&hellip;]<\/p>\n","protected":false},"author":1,"featured_media":0,"comment_status":"closed","ping_status":"open","sticky":false,"template":"","format":"standard","meta":{"footnotes":""},"categories":[2,11,14],"tags":[],"yoast_head":"<!-- This site is optimized with the Yoast SEO plugin v24.5 - https:\/\/yoast.com\/wordpress\/plugins\/seo\/ -->\n<title>Iglesia de Jesucristo celebra con \u00e9xito la tercera edici\u00f3n del Premio de Valores Familiares 2023 | El Nuevo Norte<\/title>\n<meta name=\"robots\" content=\"index, follow, max-snippet:-1, max-image-preview:large, max-video-preview:-1\" \/>\n<link rel=\"canonical\" href=\"https:\/\/infoelnuevonorte.com\/?p=110\" \/>\n<meta property=\"og:locale\" content=\"es_ES\" \/>\n<meta property=\"og:type\" content=\"article\" \/>\n<meta property=\"og:title\" content=\"Iglesia de Jesucristo celebra con \u00e9xito la tercera edici\u00f3n del Premio de Valores Familiares 2023 | El Nuevo Norte\" \/>\n<meta property=\"og:description\" content=\"Con el firme prop\u00f3sito\u00a0de\u00a0inspirar a las personas a fortalecer sus v\u00ednculos familiares y promover la importancia del matrimonio como la base fundamental\u00a0de\u00a0la sociedad, La\u00a0Iglesia\u00a0de\u00a0Jesucristo\u00a0de\u00a0los Santos\u00a0de\u00a0los \u00daltimos D\u00edas en Rep\u00fablica Dominicana llev\u00f3 a cabo la tercera edici\u00f3n del Premio\u00a0de\u00a0Valores Familiares 2023. Un evento que honra a aquellos que, a trav\u00e9s\u00a0de\u00a0sus vidas y contribuciones, han desempe\u00f1ado un [&hellip;]\" \/>\n<meta property=\"og:url\" content=\"https:\/\/infoelnuevonorte.com\/?p=110\" \/>\n<meta property=\"og:site_name\" content=\"El Nuevo Norte\" \/>\n<meta property=\"article:publisher\" content=\"https:\/\/www.facebook.com\/infoenn\" \/>\n<meta property=\"article:published_time\" content=\"2023-09-17T22:29:35+00:00\" \/>\n<meta property=\"article:modified_time\" content=\"2023-09-29T21:06:15+00:00\" \/>\n<meta property=\"og:image\" content=\"https:\/\/infoelnuevonorte.com\/wp-content\/uploads\/2023\/09\/la-iglesia-de-jesucristo-celebro.png\" \/>\n\t<meta property=\"og:image:width\" content=\"1024\" \/>\n\t<meta property=\"og:image:height\" content=\"682\" \/>\n\t<meta property=\"og:image:type\" content=\"image\/png\" \/>\n<meta name=\"author\" content=\"InfoEnn\" \/>\n<meta name=\"twitter:card\" content=\"summary_large_image\" \/>\n<meta name=\"twitter:creator\" content=\"@Elnuevo_norte\" \/>\n<meta name=\"twitter:site\" content=\"@Elnuevo_norte\" \/>\n<meta name=\"twitter:label1\" content=\"Written by\" \/>\n\t<meta name=\"twitter:data1\" content=\"InfoEnn\" \/>\n\t<meta name=\"twitter:label2\" content=\"Est. reading time\" \/>\n\t<meta name=\"twitter:data2\" content=\"2 minutos\" \/>\n<script type=\"application\/ld+json\" class=\"yoast-schema-graph\">{\"@context\":\"https:\/\/schema.org\",\"@graph\":[{\"@type\":\"Article\",\"@id\":\"https:\/\/infoelnuevonorte.com\/?p=110#article\",\"isPartOf\":{\"@id\":\"https:\/\/infoelnuevonorte.com\/?p=110\"},\"author\":{\"name\":\"InfoEnn\",\"@id\":\"https:\/\/infoelnuevonorte.com\/#\/schema\/person\/fd4f6d90afe41260818b4ea94ad8ab84\"},\"headline\":\"Iglesia de Jesucristo celebra con \u00e9xito la tercera edici\u00f3n del Premio de Valores Familiares 2023\",\"datePublished\":\"2023-09-17T22:29:35+00:00\",\"dateModified\":\"2023-09-29T21:06:15+00:00\",\"mainEntityOfPage\":{\"@id\":\"https:\/\/infoelnuevonorte.com\/?p=110\"},\"wordCount\":470,\"publisher\":{\"@id\":\"https:\/\/infoelnuevonorte.com\/#organization\"},\"articleSection\":[\"Actualidad |\",\"Entretenimiento\",\"Sociales\"],\"inLanguage\":\"es-DO\"},{\"@type\":\"WebPage\",\"@id\":\"https:\/\/infoelnuevonorte.com\/?p=110\",\"url\":\"https:\/\/infoelnuevonorte.com\/?p=110\",\"name\":\"Iglesia de Jesucristo celebra con \u00e9xito la tercera edici\u00f3n del Premio de Valores Familiares 2023 | El Nuevo Norte\",\"isPartOf\":{\"@id\":\"https:\/\/infoelnuevonorte.com\/#website\"},\"datePublished\":\"2023-09-17T22:29:35+00:00\",\"dateModified\":\"2023-09-29T21:06:15+00:00\",\"breadcrumb\":{\"@id\":\"https:\/\/infoelnuevonorte.com\/?p=110#breadcrumb\"},\"inLanguage\":\"es-DO\",\"potentialAction\":[{\"@type\":\"ReadAction\",\"target\":[\"https:\/\/infoelnuevonorte.com\/?p=110\"]}]},{\"@type\":\"BreadcrumbList\",\"@id\":\"https:\/\/infoelnuevonorte.com\/?p=110#breadcrumb\",\"itemListElement\":[{\"@type\":\"ListItem\",\"position\":1,\"name\":\"Home\",\"item\":\"https:\/\/infoelnuevonorte.com\/\"},{\"@type\":\"ListItem\",\"position\":2,\"name\":\"Iglesia de Jesucristo celebra con \u00e9xito la tercera edici\u00f3n del Premio de Valores Familiares 2023\"}]},{\"@type\":\"WebSite\",\"@id\":\"https:\/\/infoelnuevonorte.com\/#website\",\"url\":\"https:\/\/infoelnuevonorte.com\/\",\"name\":\"InfoEnn\",\"description\":\"Tu Voz, tu Verdad, tu Diario!!!\",\"publisher\":{\"@id\":\"https:\/\/infoelnuevonorte.com\/#organization\"},\"alternateName\":\"El Nuevo Norte\",\"potentialAction\":[{\"@type\":\"SearchAction\",\"target\":{\"@type\":\"EntryPoint\",\"urlTemplate\":\"https:\/\/infoelnuevonorte.com\/?s={search_term_string}\"},\"query-input\":{\"@type\":\"PropertyValueSpecification\",\"valueRequired\":true,\"valueName\":\"search_term_string\"}}],\"inLanguage\":\"es-DO\"},{\"@type\":\"Organization\",\"@id\":\"https:\/\/infoelnuevonorte.com\/#organization\",\"name\":\"Info El Nuevo Norte\",\"alternateName\":\"El Nuevo Norte\",\"url\":\"https:\/\/infoelnuevonorte.com\/\",\"logo\":{\"@type\":\"ImageObject\",\"inLanguage\":\"es-DO\",\"@id\":\"https:\/\/infoelnuevonorte.com\/#\/schema\/logo\/image\/\",\"url\":\"https:\/\/infoelnuevonorte.com\/wp-content\/uploads\/2026\/02\/Logo-Info-enn-3d-20ani.jpeg\",\"contentUrl\":\"https:\/\/infoelnuevonorte.com\/wp-content\/uploads\/2026\/02\/Logo-Info-enn-3d-20ani.jpeg\",\"width\":2046,\"height\":736,\"caption\":\"Info El Nuevo Norte\"},\"image\":{\"@id\":\"https:\/\/infoelnuevonorte.com\/#\/schema\/logo\/image\/\"},\"sameAs\":[\"https:\/\/www.facebook.com\/infoenn\",\"https:\/\/x.com\/Elnuevo_norte\",\"https:\/\/www.instagram.com\/infoenn\",\"https:\/\/www.facebook.com\/ENNRD\"]},{\"@type\":\"Person\",\"@id\":\"https:\/\/infoelnuevonorte.com\/#\/schema\/person\/fd4f6d90afe41260818b4ea94ad8ab84\",\"name\":\"InfoEnn\",\"image\":{\"@type\":\"ImageObject\",\"inLanguage\":\"es-DO\",\"@id\":\"https:\/\/infoelnuevonorte.com\/#\/schema\/person\/image\/\",\"url\":\"https:\/\/secure.gravatar.com\/avatar\/d4d760a41a48ba9db0a82bfb63bb0783?s=96&d=robohash&r=g\",\"contentUrl\":\"https:\/\/secure.gravatar.com\/avatar\/d4d760a41a48ba9db0a82bfb63bb0783?s=96&d=robohash&r=g\",\"caption\":\"InfoEnn\"},\"sameAs\":[\"https:\/\/infoelnuevonorte.com\"],\"url\":\"https:\/\/infoelnuevonorte.com\/?author=1\"}]}<\/script>\n<!-- \/ Yoast SEO plugin. -->","yoast_head_json":{"title":"Iglesia de Jesucristo celebra con \u00e9xito la tercera edici\u00f3n del Premio de Valores Familiares 2023 | El Nuevo Norte","robots":{"index":"index","follow":"follow","max-snippet":"max-snippet:-1","max-image-preview":"max-image-preview:large","max-video-preview":"max-video-preview:-1"},"canonical":"https:\/\/infoelnuevonorte.com\/?p=110","og_locale":"es_ES","og_type":"article","og_title":"Iglesia de Jesucristo celebra con \u00e9xito la tercera edici\u00f3n del Premio de Valores Familiares 2023 | El Nuevo Norte","og_description":"Con el firme prop\u00f3sito\u00a0de\u00a0inspirar a las personas a fortalecer sus v\u00ednculos familiares y promover la importancia del matrimonio como la base fundamental\u00a0de\u00a0la sociedad, La\u00a0Iglesia\u00a0de\u00a0Jesucristo\u00a0de\u00a0los Santos\u00a0de\u00a0los \u00daltimos D\u00edas en Rep\u00fablica Dominicana llev\u00f3 a cabo la tercera edici\u00f3n del Premio\u00a0de\u00a0Valores Familiares 2023. Un evento que honra a aquellos que, a trav\u00e9s\u00a0de\u00a0sus vidas y contribuciones, han desempe\u00f1ado un [&hellip;]","og_url":"https:\/\/infoelnuevonorte.com\/?p=110","og_site_name":"El Nuevo Norte","article_publisher":"https:\/\/www.facebook.com\/infoenn","article_published_time":"2023-09-17T22:29:35+00:00","article_modified_time":"2023-09-29T21:06:15+00:00","og_image":[{"width":1024,"height":682,"url":"https:\/\/infoelnuevonorte.com\/wp-content\/uploads\/2023\/09\/la-iglesia-de-jesucristo-celebro.png","type":"image\/png"}],"author":"InfoEnn","twitter_card":"summary_large_image","twitter_creator":"@Elnuevo_norte","twitter_site":"@Elnuevo_norte","twitter_misc":{"Written by":"InfoEnn","Est. reading time":"2 minutos"},"schema":{"@context":"https:\/\/schema.org","@graph":[{"@type":"Article","@id":"https:\/\/infoelnuevonorte.com\/?p=110#article","isPartOf":{"@id":"https:\/\/infoelnuevonorte.com\/?p=110"},"author":{"name":"InfoEnn","@id":"https:\/\/infoelnuevonorte.com\/#\/schema\/person\/fd4f6d90afe41260818b4ea94ad8ab84"},"headline":"Iglesia de Jesucristo celebra con \u00e9xito la tercera edici\u00f3n del Premio de Valores Familiares 2023","datePublished":"2023-09-17T22:29:35+00:00","dateModified":"2023-09-29T21:06:15+00:00","mainEntityOfPage":{"@id":"https:\/\/infoelnuevonorte.com\/?p=110"},"wordCount":470,"publisher":{"@id":"https:\/\/infoelnuevonorte.com\/#organization"},"articleSection":["Actualidad |","Entretenimiento","Sociales"],"inLanguage":"es-DO"},{"@type":"WebPage","@id":"https:\/\/infoelnuevonorte.com\/?p=110","url":"https:\/\/infoelnuevonorte.com\/?p=110","name":"Iglesia de Jesucristo celebra con \u00e9xito la tercera edici\u00f3n del Premio de Valores Familiares 2023 | El Nuevo Norte","isPartOf":{"@id":"https:\/\/infoelnuevonorte.com\/#website"},"datePublished":"2023-09-17T22:29:35+00:00","dateModified":"2023-09-29T21:06:15+00:00","breadcrumb":{"@id":"https:\/\/infoelnuevonorte.com\/?p=110#breadcrumb"},"inLanguage":"es-DO","potentialAction":[{"@type":"ReadAction","target":["https:\/\/infoelnuevonorte.com\/?p=110"]}]},{"@type":"BreadcrumbList","@id":"https:\/\/infoelnuevonorte.com\/?p=110#breadcrumb","itemListElement":[{"@type":"ListItem","position":1,"name":"Home","item":"https:\/\/infoelnuevonorte.com\/"},{"@type":"ListItem","position":2,"name":"Iglesia de Jesucristo celebra con \u00e9xito la tercera edici\u00f3n del Premio de Valores Familiares 2023"}]},{"@type":"WebSite","@id":"https:\/\/infoelnuevonorte.com\/#website","url":"https:\/\/infoelnuevonorte.com\/","name":"InfoEnn","description":"Tu Voz, tu Verdad, tu Diario!!!","publisher":{"@id":"https:\/\/infoelnuevonorte.com\/#organization"},"alternateName":"El Nuevo Norte","potentialAction":[{"@type":"SearchAction","target":{"@type":"EntryPoint","urlTemplate":"https:\/\/infoelnuevonorte.com\/?s={search_term_string}"},"query-input":{"@type":"PropertyValueSpecification","valueRequired":true,"valueName":"search_term_string"}}],"inLanguage":"es-DO"},{"@type":"Organization","@id":"https:\/\/infoelnuevonorte.com\/#organization","name":"Info El Nuevo Norte","alternateName":"El Nuevo Norte","url":"https:\/\/infoelnuevonorte.com\/","logo":{"@type":"ImageObject","inLanguage":"es-DO","@id":"https:\/\/infoelnuevonorte.com\/#\/schema\/logo\/image\/","url":"https:\/\/infoelnuevonorte.com\/wp-content\/uploads\/2026\/02\/Logo-Info-enn-3d-20ani.jpeg","contentUrl":"https:\/\/infoelnuevonorte.com\/wp-content\/uploads\/2026\/02\/Logo-Info-enn-3d-20ani.jpeg","width":2046,"height":736,"caption":"Info El Nuevo Norte"},"image":{"@id":"https:\/\/infoelnuevonorte.com\/#\/schema\/logo\/image\/"},"sameAs":["https:\/\/www.facebook.com\/infoenn","https:\/\/x.com\/Elnuevo_norte","https:\/\/www.instagram.com\/infoenn","https:\/\/www.facebook.com\/ENNRD"]},{"@type":"Person","@id":"https:\/\/infoelnuevonorte.com\/#\/schema\/person\/fd4f6d90afe41260818b4ea94ad8ab84","name":"InfoEnn","image":{"@type":"ImageObject","inLanguage":"es-DO","@id":"https:\/\/infoelnuevonorte.com\/#\/schema\/person\/image\/","url":"https:\/\/secure.gravatar.com\/avatar\/d4d760a41a48ba9db0a82bfb63bb0783?s=96&d=robohash&r=g","contentUrl":"https:\/\/secure.gravatar.com\/avatar\/d4d760a41a48ba9db0a82bfb63bb0783?s=96&d=robohash&r=g","caption":"InfoEnn"},"sameAs":["https:\/\/infoelnuevonorte.com"],"url":"https:\/\/infoelnuevonorte.com\/?author=1"}]}},"_links":{"self":[{"href":"https:\/\/infoelnuevonorte.com\/index.php?rest_route=\/wp\/v2\/posts\/110"}],"collection":[{"href":"https:\/\/infoelnuevonorte.com\/index.php?rest_route=\/wp\/v2\/posts"}],"about":[{"href":"https:\/\/infoelnuevonorte.com\/index.php?rest_route=\/wp\/v2\/types\/post"}],"author":[{"embeddable":true,"href":"https:\/\/infoelnuevonorte.com\/index.php?rest_route=\/wp\/v2\/users\/1"}],"replies":[{"embeddable":true,"href":"https:\/\/infoelnuevonorte.com\/index.php?rest_route=%2Fwp%2Fv2%2Fcomments&post=110"}],"version-history":[{"count":0,"href":"https:\/\/infoelnuevonorte.com\/index.php?rest_route=\/wp\/v2\/posts\/110\/revisions"}],"wp:attachment":[{"href":"https:\/\/infoelnuevonorte.com\/index.php?rest_route=%2Fwp%2Fv2%2Fmedia&parent=110"}],"wp:term":[{"taxonomy":"category","embeddable":true,"href":"https:\/\/infoelnuevonorte.com\/index.php?rest_route=%2Fwp%2Fv2%2Fcategories&post=110"},{"taxonomy":"post_tag","embeddable":true,"href":"https:\/\/infoelnuevonorte.com\/index.php?rest_route=%2Fwp%2Fv2%2Ftags&post=110"}],"curies":[{"name":"wp","href":"https:\/\/api.w.org\/{rel}","templated":true}]}}