{"id":112303,"date":"2025-06-18T11:23:40","date_gmt":"2025-06-18T15:23:40","guid":{"rendered":"https:\/\/infoelnuevonorte.com\/?p=112303"},"modified":"2025-06-18T11:23:41","modified_gmt":"2025-06-18T15:23:41","slug":"ministro-de-agricultura-atribuye-a-la-competencia-externa-la-caida-en-exportaciones-de-banano","status":"publish","type":"post","link":"https:\/\/infoelnuevonorte.com\/?p=112303","title":{"rendered":"Ministro de Agricultura atribuye a la competencia externa la ca\u00edda en exportaciones de banano"},"content":{"rendered":"<!--[if lt IE 9]><script>document.createElement('audio');<\/script><![endif]-->\n<audio class=\"wp-audio-shortcode\" id=\"audio-112303-1\" preload=\"none\" style=\"width: 100%;\" controls=\"controls\"><source type=\"audio\/mpeg\" src=\"https:\/\/infoelnuevonorte.com\/wp-content\/uploads\/2025\/06\/ttsmaker-vip-file-2025-6-18-11-22-33.mp3?_=1\" \/><a href=\"https:\/\/infoelnuevonorte.com\/wp-content\/uploads\/2025\/06\/ttsmaker-vip-file-2025-6-18-11-22-33.mp3\">https:\/\/infoelnuevonorte.com\/wp-content\/uploads\/2025\/06\/ttsmaker-vip-file-2025-6-18-11-22-33.mp3<\/a><\/audio>\n<p style=\"text-align: justify;\">La reducci\u00f3n de las exportaciones de banano durante los \u00faltimos tres a\u00f1os, en especial de la variedad<strong>\u00a0org\u00e1nica<\/strong>\u00a0que se env\u00eda a Europa, tendr\u00eda su explicaci\u00f3n en el aumento de la\u00a0<strong>competencia internacional<\/strong>, seg\u00fan el diagn\u00f3stico del ministro de Agricultura, Limber Cruz.\u00a0<\/p>\n<p style=\"text-align: justify;\">El funcionario entiende que frente a este panorama ha hecho falta adaptaci\u00f3n al cambio y exploraci\u00f3n de otros mercados, principalmente,\u00a0<strong>Estados Unidos<\/strong>.\u00a0<\/p>\n<p style=\"text-align: justify;\">La entrada en la competencia de Ecuador y de otros pa\u00edses de Centroam\u00e9rica habr\u00eda puesto en desventaja a los\u00a0<strong>productores dominicanos<\/strong>\u00a0que, de acuerdo a las cifras del Banco Central, hoy exportan 44.19 % menos pl\u00e1tanos que en 2021.\u00a0<\/p>\n<p style=\"text-align: justify;\">\"<strong>Ecuador<\/strong>\u00a0es el mayor exportador de mus\u00e1cea del mundo, tiene cantidades enormes de extensiones de producci\u00f3n de banano y llegaron a Europa con precios muy competitivo. Pero tambi\u00e9n Panam\u00e1, Costa Rica, los pa\u00edses de\u00a0<strong>Centroam\u00e9rica<\/strong>\u00a0han penetrado y nos han ca\u00eddo atr\u00e1s\", explica.\u00a0<\/p>\n<p style=\"text-align: justify;\"><strong>Rep\u00fablica Dominicana<\/strong>\u00a0descendi\u00f3 del primer al segundo lugar entre los suplidores de\u00a0<strong>banano org\u00e1nico<\/strong>\u00a0a Europa, con ventas que bajaron de 128.7 millones de d\u00f3lares en 2022 a 106.8 millones en 2024, para una reducci\u00f3n cercana al 17 %.\u00a0<\/p>\n<p style=\"text-align: justify;\">El funcionario y empresario agr\u00edcola cree que los bananeros pueden aprovechar la cercan\u00eda con\u00a0<strong>Estados Unidos<\/strong>, tal como se quiere hacer con la uva.<\/p>\n<p style=\"text-align: justify;\">\"Lo que pasa es que la\u00a0<strong>resistencia al cambio<\/strong>\u00a0limita a la gente a tomar decisiones. Ahora mismo yo estoy amarrando una producci\u00f3n de banano con\u00a0<strong>Estados Unidos<\/strong>, y a ellos no les importa si es org\u00e1nico o inorg\u00e1nico\", revela Cruz.\u00a0<\/p>\n<p style=\"text-align: justify;\">Para \u00e9l, el descenso se explica tambi\u00e9n en que los\u00a0<strong>agricultores<\/strong>\u00a0\"no se preocuparon por\u00a0<strong>renovar<\/strong>\u00a0las plantaciones viejas\", lo cual habr\u00eda bajado el rendimiento, en las inundaciones que tumbaron los cultivos en 2017 y otros factores.\u00a0<\/p>\n<p style=\"text-align: justify;\">\"Si t\u00fa no innovas, si te quedas en el pasado, obviamente te deja el tren, como dicen los americanos\", apunta.\u00a0<\/p>\n<h2 style=\"text-align: justify;\">15 mil permisos<\/h2>\n<p style=\"text-align: justify;\">La oposici\u00f3n ha acusado al Gobierno de abandonar a los bananeros y de dejar en la ruina el\u00a0<strong>proyecto La Cruz de Manzanillo<\/strong>, en Montecristi, cuyas tierras estar\u00edan siendo usufructuadas por \"compa\u00f1eros\" del partido de gobierno.\u00a0<\/p>\n<p style=\"text-align: justify;\">Los mismos productores tambi\u00e9n han pedido ayuda y denunciado que se les est\u00e1n quedando los contenedores por falta de mano de la\u00a0<strong>mano de obra extranjera<\/strong>\u00a0que se llevan las redadas migratorias.\u00a0<\/p>\n<p style=\"text-align: justify;\">Limber Cruz asegura que ya se han otorgado\u00a0<strong>permisos<\/strong>\u00a0a los productores para registrar a sus trabajadores y gestionar a trav\u00e9s de las autoridades permisos de trabajo y\u00a0<strong>otorgarles un carn\u00e9<\/strong>.\u00a0<\/p>\n<p style=\"text-align: justify;\">\"Los bananeros me dijeron a m\u00ed 'necesitamos 21,800 extranjeros'. Pero eso es para todo el pa\u00eds. Creo que le aprobaron los primeros 15 mil para que ellos lo depuraran y empezaran a trabajar con eso\", revela el ministro..\u00a0<\/p>\n<h2 style=\"text-align: justify;\">Incendio en el Merca<\/h2>\n<p style=\"text-align: justify;\">El Gobierno eval\u00faa cuatro alternativas para auxiliar a los\u00a0<strong>56 comerciantes<\/strong>\u00a0arruinados por el incendio que destruy\u00f3 la Nave F1 del Merca Santo Domingo y que produjo p\u00e9rdidas que el ministro de Agricultura estima por 282.6 millones de pesos, un monto inferior a los 800 millones que se calcularon al principio.\u00a0<\/p>\n<p style=\"text-align: justify;\">Cruz se\u00f1ala que la primera opci\u00f3n es otorgarles\u00a0<strong>financiamientos blandos<\/strong>, la segunda es darles un \"primer\u00a0<strong>avance econ\u00f3mico<\/strong>\" para capitalizar sus negocios, la tercera es reubicarlos para que sigan trabajando y la cuarta es dar permisos para importar productos.\u00a0<\/p>\n<p style=\"text-align: justify;\">El jefe de la pol\u00edtica agropecuaria del Estado dice que el presidente Luis Abinader ser\u00edan quien decida si ese \"avance\" ser\u00e1 un regalo, pero recuerda que normalmente es as\u00ed cuando se entrega a agricultores que pierden sus cosechas por\u00a0<strong>eventos clim\u00e1ticos<\/strong>.\u00a0<\/p>\n<p style=\"text-align: justify;\">\"Eso yo no lo decido. El Gobierno lo ha hecho otras veces. Por ejemplo, cuando han venido cat\u00e1strofes como Fiona, nosotros le d\u00e1bamos 1,000 pesos por tarea a los que se les arras\u00f3 la tierra, y a los invernaderos les d\u00e1bamos 200 pesos por metro cuadrado, regalado\", recuerda Cruz.\u00a0<\/p>\n\n\n<div class=\"wp-block-group\"><div class=\"wp-block-group__inner-container is-layout-constrained wp-block-group-is-layout-constrained\">\n<div id=\"DenunciayAPP\" class=\"wp-block-group\"><div class=\"wp-block-group__inner-container is-layout-constrained wp-block-group-is-layout-constrained\">\n<p><a href=\"https:\/\/whatsapp.com\/channel\/0029Va88WGP2ER6ZxD6TCa3U\" target=\"_blank\" rel=\"noopener\"><img loading=\"lazy\" decoding=\"async\" class=\"aligncenter size-full wp-image-155512\" src=\"https:\/\/infoelnuevonorte.com\/wp-content\/uploads\/2025\/10\/Canal-whatsapp-infoenn.jpeg\" alt=\"\" width=\"2046\" height=\"554\" srcset=\"https:\/\/infoelnuevonorte.com\/wp-content\/uploads\/2025\/10\/Canal-whatsapp-infoenn.jpeg 2046w, https:\/\/infoelnuevonorte.com\/wp-content\/uploads\/2025\/10\/Canal-whatsapp-infoenn-300x81.jpeg 300w, https:\/\/infoelnuevonorte.com\/wp-content\/uploads\/2025\/10\/Canal-whatsapp-infoenn-1024x277.jpeg 1024w, https:\/\/infoelnuevonorte.com\/wp-content\/uploads\/2025\/10\/Canal-whatsapp-infoenn-768x208.jpeg 768w, https:\/\/infoelnuevonorte.com\/wp-content\/uploads\/2025\/10\/Canal-whatsapp-infoenn-1536x416.jpeg 1536w, https:\/\/infoelnuevonorte.com\/wp-content\/uploads\/2025\/10\/Canal-whatsapp-infoenn-1551x420.jpeg 1551w, https:\/\/infoelnuevonorte.com\/wp-content\/uploads\/2025\/10\/Canal-whatsapp-infoenn-150x41.jpeg 150w, https:\/\/infoelnuevonorte.com\/wp-content\/uploads\/2025\/10\/Canal-whatsapp-infoenn-696x188.jpeg 696w, https:\/\/infoelnuevonorte.com\/wp-content\/uploads\/2025\/10\/Canal-whatsapp-infoenn-1068x289.jpeg 1068w, https:\/\/infoelnuevonorte.com\/wp-content\/uploads\/2025\/10\/Canal-whatsapp-infoenn-1920x520.jpeg 1920w\" sizes=\"(max-width: 2046px) 100vw, 2046px\" \/><\/a><\/p>\n<p>\ud83d\udd17 S\u00edguenos en nuestras redes:<br data-start=\"2686\" data-end=\"2689\" \/><a href=\"https:\/\/x.com\/Elnuevo_norte\">X<\/a> | <a class=\"\" href=\"https:\/\/t.me\/infoenn\" target=\"_new\" rel=\"noopener\" data-start=\"2757\" data-end=\"2789\">Telegram<\/a> | <a class=\"\" href=\"https:\/\/instagram.com\/noticiasenn1?r=nametag\" target=\"_new\" rel=\"noopener\" data-start=\"2792\" data-end=\"2849\">Instagram<\/a><br data-start=\"2849\" data-end=\"2852\" \/><a class=\"\" href=\"https:\/\/www.facebook.com\/infoenn\" target=\"_new\" rel=\"noopener\" data-start=\"2852\" data-end=\"2896\">Facebook<\/a> | <a class=\"\" href=\"https:\/\/www.threads.net\/@noticiasenn1\" target=\"_new\" rel=\"noopener\" data-start=\"2899\" data-end=\"2947\">Threads<\/a> | <a class=\"\" href=\"https:\/\/www.youtube.com\/channel\/UCZZJg_scU1p_c6cvyCHY48A\" target=\"_new\" rel=\"noopener\" data-start=\"2950\" data-end=\"3017\" data-is-last-node=\"\">YouTube<\/a><\/p>\n<p>\ud83d\ude4f \u00a1Tu apoyo es importante!<\/p>\n<p>\ud83d\udd3bDESCARGAR NUESTRA APP \"<span style=\"color: #0000ff;\"><strong>Info ENN<\/strong><\/span>\"<\/p>\n\n\n\n<div class=\"wp-block-buttons is-content-justification-left is-layout-flex wp-container-core-buttons-is-layout-1 wp-block-buttons-is-layout-flex\">\n<div class=\"wp-block-button is-style-3d\"><a class=\"wp-block-button__link has-white-background-color has-background wp-element-button\" href=\"https:\/\/apps.apple.com\/do\/app\/infoenn\/id6503000762\"><img loading=\"lazy\" decoding=\"async\" width=\"150\" height=\"50\" class=\"wp-image-104096\" style=\"width: 150px;\" src=\"https:\/\/infoelnuevonorte.com\/wp-content\/uploads\/2025\/05\/Download_on_the_App_Store_RGB_blk.svg_.png\" alt=\"\" srcset=\"https:\/\/infoelnuevonorte.com\/wp-content\/uploads\/2025\/05\/Download_on_the_App_Store_RGB_blk.svg_.png 1280w, https:\/\/infoelnuevonorte.com\/wp-content\/uploads\/2025\/05\/Download_on_the_App_Store_RGB_blk.svg_-300x100.png 300w, https:\/\/infoelnuevonorte.com\/wp-content\/uploads\/2025\/05\/Download_on_the_App_Store_RGB_blk.svg_-1024x342.png 1024w, https:\/\/infoelnuevonorte.com\/wp-content\/uploads\/2025\/05\/Download_on_the_App_Store_RGB_blk.svg_-768x257.png 768w, https:\/\/infoelnuevonorte.com\/wp-content\/uploads\/2025\/05\/Download_on_the_App_Store_RGB_blk.svg_-1256x420.png 1256w, https:\/\/infoelnuevonorte.com\/wp-content\/uploads\/2025\/05\/Download_on_the_App_Store_RGB_blk.svg_-150x50.png 150w, https:\/\/infoelnuevonorte.com\/wp-content\/uploads\/2025\/05\/Download_on_the_App_Store_RGB_blk.svg_-696x233.png 696w, https:\/\/infoelnuevonorte.com\/wp-content\/uploads\/2025\/05\/Download_on_the_App_Store_RGB_blk.svg_-1068x357.png 1068w, https:\/\/infoelnuevonorte.com\/wp-content\/uploads\/2025\/05\/Download_on_the_App_Store_RGB_blk.svg_-200x67.png 200w\" sizes=\"(max-width: 150px) 100vw, 150px\" \/><\/a><\/div>\n<\/div>\n\n\n\n<div class=\"wp-block-buttons is-layout-flex wp-block-buttons-is-layout-flex\">\n<div class=\"wp-block-button is-style-3d td_btn_large\"><a class=\"wp-block-button__link has-white-background-color has-background wp-element-button\" href=\"https:\/\/mega.nz\/file\/vRhVTJBD#6P0Os8p_y2oJgZIa__7dhjqdpW42XJ_cY3zmbyxVohM\" target=\"_blank\" rel=\"noreferrer noopener\"><mark style=\"background-color:rgba(0, 0, 0, 0)\" class=\"has-inline-color has-light-green-cyan-color\"><img loading=\"lazy\" decoding=\"async\" width=\"150\" height=\"49\" class=\"wp-image-104095\" style=\"width: 150px;\" src=\"https:\/\/infoelnuevonorte.com\/wp-content\/uploads\/2025\/05\/badge-google-play-and-app-store-button-download-free-png.webp\" alt=\"\" srcset=\"https:\/\/infoelnuevonorte.com\/wp-content\/uploads\/2025\/05\/badge-google-play-and-app-store-button-download-free-png.webp 1920w, https:\/\/infoelnuevonorte.com\/wp-content\/uploads\/2025\/05\/badge-google-play-and-app-store-button-download-free-png-300x98.webp 300w, https:\/\/infoelnuevonorte.com\/wp-content\/uploads\/2025\/05\/badge-google-play-and-app-store-button-download-free-png-1024x335.webp 1024w, https:\/\/infoelnuevonorte.com\/wp-content\/uploads\/2025\/05\/badge-google-play-and-app-store-button-download-free-png-768x252.webp 768w, https:\/\/infoelnuevonorte.com\/wp-content\/uploads\/2025\/05\/badge-google-play-and-app-store-button-download-free-png-1536x503.webp 1536w, https:\/\/infoelnuevonorte.com\/wp-content\/uploads\/2025\/05\/badge-google-play-and-app-store-button-download-free-png-1282x420.webp 1282w, https:\/\/infoelnuevonorte.com\/wp-content\/uploads\/2025\/05\/badge-google-play-and-app-store-button-download-free-png-150x49.webp 150w, https:\/\/infoelnuevonorte.com\/wp-content\/uploads\/2025\/05\/badge-google-play-and-app-store-button-download-free-png-696x228.webp 696w, https:\/\/infoelnuevonorte.com\/wp-content\/uploads\/2025\/05\/badge-google-play-and-app-store-button-download-free-png-1068x350.webp 1068w, https:\/\/infoelnuevonorte.com\/wp-content\/uploads\/2025\/05\/badge-google-play-and-app-store-button-download-free-png-200x66.webp 200w\" sizes=\"(max-width: 150px) 100vw, 150px\" \/><\/mark><\/a><\/div>\n<\/div>\n\n\n\n<p style=\"text-align: justify;\"><strong data-start=\"0\" data-end=\"18\" data-is-only-node=\"\"><a href=\"https:\/\/infoelnuevonorte.com\/\"><img loading=\"lazy\" decoding=\"async\" class=\" wp-image-159681 alignleft\" src=\"https:\/\/infoelnuevonorte.com\/wp-content\/uploads\/2025\/11\/Logo-3d-infoenn-con-fondo-blanco.jpg\" alt=\"\" width=\"240\" height=\"86\" srcset=\"https:\/\/infoelnuevonorte.com\/wp-content\/uploads\/2025\/11\/Logo-3d-infoenn-con-fondo-blanco.jpg 1696w, https:\/\/infoelnuevonorte.com\/wp-content\/uploads\/2025\/11\/Logo-3d-infoenn-con-fondo-blanco-300x108.jpg 300w, https:\/\/infoelnuevonorte.com\/wp-content\/uploads\/2025\/11\/Logo-3d-infoenn-con-fondo-blanco-1024x367.jpg 1024w, https:\/\/infoelnuevonorte.com\/wp-content\/uploads\/2025\/11\/Logo-3d-infoenn-con-fondo-blanco-768x275.jpg 768w, https:\/\/infoelnuevonorte.com\/wp-content\/uploads\/2025\/11\/Logo-3d-infoenn-con-fondo-blanco-1536x551.jpg 1536w, https:\/\/infoelnuevonorte.com\/wp-content\/uploads\/2025\/11\/Logo-3d-infoenn-con-fondo-blanco-1172x420.jpg 1172w, https:\/\/infoelnuevonorte.com\/wp-content\/uploads\/2025\/11\/Logo-3d-infoenn-con-fondo-blanco-150x54.jpg 150w, https:\/\/infoelnuevonorte.com\/wp-content\/uploads\/2025\/11\/Logo-3d-infoenn-con-fondo-blanco-696x250.jpg 696w, https:\/\/infoelnuevonorte.com\/wp-content\/uploads\/2025\/11\/Logo-3d-infoenn-con-fondo-blanco-1068x383.jpg 1068w\" sizes=\"(max-width: 240px) 100vw, 240px\" \/><\/a>El Nuevo Norte<\/strong> es un peri\u00f3dico digital dominicano fundado el <strong data-start=\"65\" data-end=\"90\">12 de febrero de 2006<\/strong> por el periodista <strong data-start=\"109\" data-end=\"129\">Junior Henr\u00edquez<\/strong>, quien funge como director y fundador. A trav\u00e9s de la web <strong data-start=\"188\" data-end=\"212\">infoelnuevonorte.com<\/strong>, el medio ofrece informaci\u00f3n veraz y oportuna sobre los acontecimientos sociales, pol\u00edticos, comunitarios y de actualidad general, tanto a nivel nacional como internacional, promoviendo un periodismo responsable, participativo y comprometido con la libre expresi\u00f3n y el fortalecimiento de la democracia informativa.<\/p>\n<\/div><\/div>\n<\/div><\/div>\n","protected":false},"excerpt":{"rendered":"<p>La reducci\u00f3n de las exportaciones de banano durante los \u00faltimos tres a\u00f1os, en especial de la variedad\u00a0org\u00e1nica\u00a0que se env\u00eda a Europa, tendr\u00eda su explicaci\u00f3n en el aumento de la\u00a0competencia internacional, seg\u00fan el diagn\u00f3stico del ministro de Agricultura, Limber Cruz.\u00a0 El funcionario entiende que frente a este panorama ha hecho falta adaptaci\u00f3n al cambio y exploraci\u00f3n [&hellip;]<\/p>\n","protected":false},"author":2,"featured_media":112309,"comment_status":"closed","ping_status":"open","sticky":false,"template":"","format":"standard","meta":{"footnotes":""},"categories":[15],"tags":[],"yoast_head":"<!-- This site is optimized with the Yoast SEO plugin v24.5 - https:\/\/yoast.com\/wordpress\/plugins\/seo\/ -->\n<title>Ministro de Agricultura atribuye a la competencia externa la ca\u00edda en exportaciones de banano | El Nuevo Norte<\/title>\n<meta name=\"robots\" content=\"index, follow, max-snippet:-1, max-image-preview:large, max-video-preview:-1\" \/>\n<link rel=\"canonical\" href=\"https:\/\/infoelnuevonorte.com\/?p=112303\" \/>\n<meta property=\"og:locale\" content=\"es_ES\" \/>\n<meta property=\"og:type\" content=\"article\" \/>\n<meta property=\"og:title\" content=\"Ministro de Agricultura atribuye a la competencia externa la ca\u00edda en exportaciones de banano | El Nuevo Norte\" \/>\n<meta property=\"og:description\" content=\"La reducci\u00f3n de las exportaciones de banano durante los \u00faltimos tres a\u00f1os, en especial de la variedad\u00a0org\u00e1nica\u00a0que se env\u00eda a Europa, tendr\u00eda su explicaci\u00f3n en el aumento de la\u00a0competencia internacional, seg\u00fan el diagn\u00f3stico del ministro de Agricultura, Limber Cruz.\u00a0 El funcionario entiende que frente a este panorama ha hecho falta adaptaci\u00f3n al cambio y exploraci\u00f3n [&hellip;]\" \/>\n<meta property=\"og:url\" content=\"https:\/\/infoelnuevonorte.com\/?p=112303\" \/>\n<meta property=\"og:site_name\" content=\"El Nuevo Norte\" \/>\n<meta property=\"article:publisher\" content=\"https:\/\/www.facebook.com\/infoenn\" \/>\n<meta property=\"article:published_time\" content=\"2025-06-18T15:23:40+00:00\" \/>\n<meta property=\"article:modified_time\" content=\"2025-06-18T15:23:41+00:00\" \/>\n<meta property=\"og:image\" content=\"https:\/\/infoelnuevonorte.com\/wp-content\/uploads\/2025\/06\/descarga-2025-06-18T112256.167.png\" \/>\n\t<meta property=\"og:image:width\" content=\"896\" \/>\n\t<meta property=\"og:image:height\" content=\"504\" \/>\n\t<meta property=\"og:image:type\" content=\"image\/png\" \/>\n<meta name=\"author\" content=\"T. R.\" \/>\n<meta name=\"twitter:card\" content=\"summary_large_image\" \/>\n<meta name=\"twitter:creator\" content=\"@Elnuevo_norte\" \/>\n<meta name=\"twitter:site\" content=\"@Elnuevo_norte\" \/>\n<meta name=\"twitter:label1\" content=\"Written by\" \/>\n\t<meta name=\"twitter:data1\" content=\"T. R.\" \/>\n\t<meta name=\"twitter:label2\" content=\"Est. reading time\" \/>\n\t<meta name=\"twitter:data2\" content=\"4 minutos\" \/>\n<script type=\"application\/ld+json\" class=\"yoast-schema-graph\">{\"@context\":\"https:\/\/schema.org\",\"@graph\":[{\"@type\":\"Article\",\"@id\":\"https:\/\/infoelnuevonorte.com\/?p=112303#article\",\"isPartOf\":{\"@id\":\"https:\/\/infoelnuevonorte.com\/?p=112303\"},\"author\":{\"name\":\"T. R.\",\"@id\":\"https:\/\/infoelnuevonorte.com\/#\/schema\/person\/3accb35eb55f55e96c492b52d085a403\"},\"headline\":\"Ministro de Agricultura atribuye a la competencia externa la ca\u00edda en exportaciones de banano\",\"datePublished\":\"2025-06-18T15:23:40+00:00\",\"dateModified\":\"2025-06-18T15:23:41+00:00\",\"mainEntityOfPage\":{\"@id\":\"https:\/\/infoelnuevonorte.com\/?p=112303\"},\"wordCount\":693,\"publisher\":{\"@id\":\"https:\/\/infoelnuevonorte.com\/#organization\"},\"image\":{\"@id\":\"https:\/\/infoelnuevonorte.com\/?p=112303#primaryimage\"},\"thumbnailUrl\":\"https:\/\/infoelnuevonorte.com\/wp-content\/uploads\/2025\/06\/descarga-2025-06-18T112256.167.png\",\"articleSection\":[\"Economicas\"],\"inLanguage\":\"es-DO\"},{\"@type\":\"WebPage\",\"@id\":\"https:\/\/infoelnuevonorte.com\/?p=112303\",\"url\":\"https:\/\/infoelnuevonorte.com\/?p=112303\",\"name\":\"Ministro de Agricultura atribuye a la competencia externa la ca\u00edda en exportaciones de banano | El Nuevo Norte\",\"isPartOf\":{\"@id\":\"https:\/\/infoelnuevonorte.com\/#website\"},\"primaryImageOfPage\":{\"@id\":\"https:\/\/infoelnuevonorte.com\/?p=112303#primaryimage\"},\"image\":{\"@id\":\"https:\/\/infoelnuevonorte.com\/?p=112303#primaryimage\"},\"thumbnailUrl\":\"https:\/\/infoelnuevonorte.com\/wp-content\/uploads\/2025\/06\/descarga-2025-06-18T112256.167.png\",\"datePublished\":\"2025-06-18T15:23:40+00:00\",\"dateModified\":\"2025-06-18T15:23:41+00:00\",\"breadcrumb\":{\"@id\":\"https:\/\/infoelnuevonorte.com\/?p=112303#breadcrumb\"},\"inLanguage\":\"es-DO\",\"potentialAction\":[{\"@type\":\"ReadAction\",\"target\":[\"https:\/\/infoelnuevonorte.com\/?p=112303\"]}]},{\"@type\":\"ImageObject\",\"inLanguage\":\"es-DO\",\"@id\":\"https:\/\/infoelnuevonorte.com\/?p=112303#primaryimage\",\"url\":\"https:\/\/infoelnuevonorte.com\/wp-content\/uploads\/2025\/06\/descarga-2025-06-18T112256.167.png\",\"contentUrl\":\"https:\/\/infoelnuevonorte.com\/wp-content\/uploads\/2025\/06\/descarga-2025-06-18T112256.167.png\",\"width\":896,\"height\":504},{\"@type\":\"BreadcrumbList\",\"@id\":\"https:\/\/infoelnuevonorte.com\/?p=112303#breadcrumb\",\"itemListElement\":[{\"@type\":\"ListItem\",\"position\":1,\"name\":\"Home\",\"item\":\"https:\/\/infoelnuevonorte.com\/\"},{\"@type\":\"ListItem\",\"position\":2,\"name\":\"Ministro de Agricultura atribuye a la competencia externa la ca\u00edda en exportaciones de banano\"}]},{\"@type\":\"WebSite\",\"@id\":\"https:\/\/infoelnuevonorte.com\/#website\",\"url\":\"https:\/\/infoelnuevonorte.com\/\",\"name\":\"InfoEnn\",\"description\":\"Tu Voz, tu Verdad, tu Diario!!!\",\"publisher\":{\"@id\":\"https:\/\/infoelnuevonorte.com\/#organization\"},\"alternateName\":\"El Nuevo Norte\",\"potentialAction\":[{\"@type\":\"SearchAction\",\"target\":{\"@type\":\"EntryPoint\",\"urlTemplate\":\"https:\/\/infoelnuevonorte.com\/?s={search_term_string}\"},\"query-input\":{\"@type\":\"PropertyValueSpecification\",\"valueRequired\":true,\"valueName\":\"search_term_string\"}}],\"inLanguage\":\"es-DO\"},{\"@type\":\"Organization\",\"@id\":\"https:\/\/infoelnuevonorte.com\/#organization\",\"name\":\"Info El Nuevo Norte\",\"alternateName\":\"El Nuevo Norte\",\"url\":\"https:\/\/infoelnuevonorte.com\/\",\"logo\":{\"@type\":\"ImageObject\",\"inLanguage\":\"es-DO\",\"@id\":\"https:\/\/infoelnuevonorte.com\/#\/schema\/logo\/image\/\",\"url\":\"https:\/\/infoelnuevonorte.com\/wp-content\/uploads\/2026\/02\/Logo-Info-enn-3d-20ani.jpeg\",\"contentUrl\":\"https:\/\/infoelnuevonorte.com\/wp-content\/uploads\/2026\/02\/Logo-Info-enn-3d-20ani.jpeg\",\"width\":2046,\"height\":736,\"caption\":\"Info El Nuevo Norte\"},\"image\":{\"@id\":\"https:\/\/infoelnuevonorte.com\/#\/schema\/logo\/image\/\"},\"sameAs\":[\"https:\/\/www.facebook.com\/infoenn\",\"https:\/\/x.com\/Elnuevo_norte\",\"https:\/\/www.instagram.com\/infoenn\",\"https:\/\/www.facebook.com\/ENNRD\"]},{\"@type\":\"Person\",\"@id\":\"https:\/\/infoelnuevonorte.com\/#\/schema\/person\/3accb35eb55f55e96c492b52d085a403\",\"name\":\"T. R.\",\"image\":{\"@type\":\"ImageObject\",\"inLanguage\":\"es-DO\",\"@id\":\"https:\/\/infoelnuevonorte.com\/#\/schema\/person\/image\/\",\"url\":\"https:\/\/secure.gravatar.com\/avatar\/40543a038bda97abdb765b1662e9677d?s=96&d=robohash&r=g\",\"contentUrl\":\"https:\/\/secure.gravatar.com\/avatar\/40543a038bda97abdb765b1662e9677d?s=96&d=robohash&r=g\",\"caption\":\"T. R.\"},\"url\":\"https:\/\/infoelnuevonorte.com\/?author=2\"}]}<\/script>\n<!-- \/ Yoast SEO plugin. -->","yoast_head_json":{"title":"Ministro de Agricultura atribuye a la competencia externa la ca\u00edda en exportaciones de banano | El Nuevo Norte","robots":{"index":"index","follow":"follow","max-snippet":"max-snippet:-1","max-image-preview":"max-image-preview:large","max-video-preview":"max-video-preview:-1"},"canonical":"https:\/\/infoelnuevonorte.com\/?p=112303","og_locale":"es_ES","og_type":"article","og_title":"Ministro de Agricultura atribuye a la competencia externa la ca\u00edda en exportaciones de banano | El Nuevo Norte","og_description":"La reducci\u00f3n de las exportaciones de banano durante los \u00faltimos tres a\u00f1os, en especial de la variedad\u00a0org\u00e1nica\u00a0que se env\u00eda a Europa, tendr\u00eda su explicaci\u00f3n en el aumento de la\u00a0competencia internacional, seg\u00fan el diagn\u00f3stico del ministro de Agricultura, Limber Cruz.\u00a0 El funcionario entiende que frente a este panorama ha hecho falta adaptaci\u00f3n al cambio y exploraci\u00f3n [&hellip;]","og_url":"https:\/\/infoelnuevonorte.com\/?p=112303","og_site_name":"El Nuevo Norte","article_publisher":"https:\/\/www.facebook.com\/infoenn","article_published_time":"2025-06-18T15:23:40+00:00","article_modified_time":"2025-06-18T15:23:41+00:00","og_image":[{"width":896,"height":504,"url":"https:\/\/infoelnuevonorte.com\/wp-content\/uploads\/2025\/06\/descarga-2025-06-18T112256.167.png","type":"image\/png"}],"author":"T. R.","twitter_card":"summary_large_image","twitter_creator":"@Elnuevo_norte","twitter_site":"@Elnuevo_norte","twitter_misc":{"Written by":"T. R.","Est. reading time":"4 minutos"},"schema":{"@context":"https:\/\/schema.org","@graph":[{"@type":"Article","@id":"https:\/\/infoelnuevonorte.com\/?p=112303#article","isPartOf":{"@id":"https:\/\/infoelnuevonorte.com\/?p=112303"},"author":{"name":"T. R.","@id":"https:\/\/infoelnuevonorte.com\/#\/schema\/person\/3accb35eb55f55e96c492b52d085a403"},"headline":"Ministro de Agricultura atribuye a la competencia externa la ca\u00edda en exportaciones de banano","datePublished":"2025-06-18T15:23:40+00:00","dateModified":"2025-06-18T15:23:41+00:00","mainEntityOfPage":{"@id":"https:\/\/infoelnuevonorte.com\/?p=112303"},"wordCount":693,"publisher":{"@id":"https:\/\/infoelnuevonorte.com\/#organization"},"image":{"@id":"https:\/\/infoelnuevonorte.com\/?p=112303#primaryimage"},"thumbnailUrl":"https:\/\/infoelnuevonorte.com\/wp-content\/uploads\/2025\/06\/descarga-2025-06-18T112256.167.png","articleSection":["Economicas"],"inLanguage":"es-DO"},{"@type":"WebPage","@id":"https:\/\/infoelnuevonorte.com\/?p=112303","url":"https:\/\/infoelnuevonorte.com\/?p=112303","name":"Ministro de Agricultura atribuye a la competencia externa la ca\u00edda en exportaciones de banano | El Nuevo Norte","isPartOf":{"@id":"https:\/\/infoelnuevonorte.com\/#website"},"primaryImageOfPage":{"@id":"https:\/\/infoelnuevonorte.com\/?p=112303#primaryimage"},"image":{"@id":"https:\/\/infoelnuevonorte.com\/?p=112303#primaryimage"},"thumbnailUrl":"https:\/\/infoelnuevonorte.com\/wp-content\/uploads\/2025\/06\/descarga-2025-06-18T112256.167.png","datePublished":"2025-06-18T15:23:40+00:00","dateModified":"2025-06-18T15:23:41+00:00","breadcrumb":{"@id":"https:\/\/infoelnuevonorte.com\/?p=112303#breadcrumb"},"inLanguage":"es-DO","potentialAction":[{"@type":"ReadAction","target":["https:\/\/infoelnuevonorte.com\/?p=112303"]}]},{"@type":"ImageObject","inLanguage":"es-DO","@id":"https:\/\/infoelnuevonorte.com\/?p=112303#primaryimage","url":"https:\/\/infoelnuevonorte.com\/wp-content\/uploads\/2025\/06\/descarga-2025-06-18T112256.167.png","contentUrl":"https:\/\/infoelnuevonorte.com\/wp-content\/uploads\/2025\/06\/descarga-2025-06-18T112256.167.png","width":896,"height":504},{"@type":"BreadcrumbList","@id":"https:\/\/infoelnuevonorte.com\/?p=112303#breadcrumb","itemListElement":[{"@type":"ListItem","position":1,"name":"Home","item":"https:\/\/infoelnuevonorte.com\/"},{"@type":"ListItem","position":2,"name":"Ministro de Agricultura atribuye a la competencia externa la ca\u00edda en exportaciones de banano"}]},{"@type":"WebSite","@id":"https:\/\/infoelnuevonorte.com\/#website","url":"https:\/\/infoelnuevonorte.com\/","name":"InfoEnn","description":"Tu Voz, tu Verdad, tu Diario!!!","publisher":{"@id":"https:\/\/infoelnuevonorte.com\/#organization"},"alternateName":"El Nuevo Norte","potentialAction":[{"@type":"SearchAction","target":{"@type":"EntryPoint","urlTemplate":"https:\/\/infoelnuevonorte.com\/?s={search_term_string}"},"query-input":{"@type":"PropertyValueSpecification","valueRequired":true,"valueName":"search_term_string"}}],"inLanguage":"es-DO"},{"@type":"Organization","@id":"https:\/\/infoelnuevonorte.com\/#organization","name":"Info El Nuevo Norte","alternateName":"El Nuevo Norte","url":"https:\/\/infoelnuevonorte.com\/","logo":{"@type":"ImageObject","inLanguage":"es-DO","@id":"https:\/\/infoelnuevonorte.com\/#\/schema\/logo\/image\/","url":"https:\/\/infoelnuevonorte.com\/wp-content\/uploads\/2026\/02\/Logo-Info-enn-3d-20ani.jpeg","contentUrl":"https:\/\/infoelnuevonorte.com\/wp-content\/uploads\/2026\/02\/Logo-Info-enn-3d-20ani.jpeg","width":2046,"height":736,"caption":"Info El Nuevo Norte"},"image":{"@id":"https:\/\/infoelnuevonorte.com\/#\/schema\/logo\/image\/"},"sameAs":["https:\/\/www.facebook.com\/infoenn","https:\/\/x.com\/Elnuevo_norte","https:\/\/www.instagram.com\/infoenn","https:\/\/www.facebook.com\/ENNRD"]},{"@type":"Person","@id":"https:\/\/infoelnuevonorte.com\/#\/schema\/person\/3accb35eb55f55e96c492b52d085a403","name":"T. R.","image":{"@type":"ImageObject","inLanguage":"es-DO","@id":"https:\/\/infoelnuevonorte.com\/#\/schema\/person\/image\/","url":"https:\/\/secure.gravatar.com\/avatar\/40543a038bda97abdb765b1662e9677d?s=96&d=robohash&r=g","contentUrl":"https:\/\/secure.gravatar.com\/avatar\/40543a038bda97abdb765b1662e9677d?s=96&d=robohash&r=g","caption":"T. R."},"url":"https:\/\/infoelnuevonorte.com\/?author=2"}]}},"_links":{"self":[{"href":"https:\/\/infoelnuevonorte.com\/index.php?rest_route=\/wp\/v2\/posts\/112303"}],"collection":[{"href":"https:\/\/infoelnuevonorte.com\/index.php?rest_route=\/wp\/v2\/posts"}],"about":[{"href":"https:\/\/infoelnuevonorte.com\/index.php?rest_route=\/wp\/v2\/types\/post"}],"author":[{"embeddable":true,"href":"https:\/\/infoelnuevonorte.com\/index.php?rest_route=\/wp\/v2\/users\/2"}],"replies":[{"embeddable":true,"href":"https:\/\/infoelnuevonorte.com\/index.php?rest_route=%2Fwp%2Fv2%2Fcomments&post=112303"}],"version-history":[{"count":1,"href":"https:\/\/infoelnuevonorte.com\/index.php?rest_route=\/wp\/v2\/posts\/112303\/revisions"}],"predecessor-version":[{"id":112310,"href":"https:\/\/infoelnuevonorte.com\/index.php?rest_route=\/wp\/v2\/posts\/112303\/revisions\/112310"}],"wp:featuredmedia":[{"embeddable":true,"href":"https:\/\/infoelnuevonorte.com\/index.php?rest_route=\/wp\/v2\/media\/112309"}],"wp:attachment":[{"href":"https:\/\/infoelnuevonorte.com\/index.php?rest_route=%2Fwp%2Fv2%2Fmedia&parent=112303"}],"wp:term":[{"taxonomy":"category","embeddable":true,"href":"https:\/\/infoelnuevonorte.com\/index.php?rest_route=%2Fwp%2Fv2%2Fcategories&post=112303"},{"taxonomy":"post_tag","embeddable":true,"href":"https:\/\/infoelnuevonorte.com\/index.php?rest_route=%2Fwp%2Fv2%2Ftags&post=112303"}],"curies":[{"name":"wp","href":"https:\/\/api.w.org\/{rel}","templated":true}]}}