{"id":11432,"date":"2024-02-12T06:52:14","date_gmt":"2024-02-12T10:52:14","guid":{"rendered":"https:\/\/infoelnuevonorte.com\/?p=11432"},"modified":"2024-02-12T06:52:16","modified_gmt":"2024-02-12T10:52:16","slug":"boric-calcula-que-la-reconstruccion-por-los-incendios-de-valparaiso-se-alargara-dos-anos","status":"publish","type":"post","link":"https:\/\/infoelnuevonorte.com\/?p=11432","title":{"rendered":"Boric calcula que la reconstrucci\u00f3n por los incendios de Valpara\u00edso se alargar\u00e1 dos a\u00f1os"},"content":{"rendered":"<!--[if lt IE 9]><script>document.createElement('audio');<\/script><![endif]-->\n<audio class=\"wp-audio-shortcode\" id=\"audio-11432-1\" autoplay=\"1\" preload=\"auto\" style=\"width: 100%;\" controls=\"controls\"><source type=\"audio\/mpeg\" src=\"https:\/\/infoelnuevonorte.com\/wp-content\/uploads\/2024\/02\/ttsmaker-file-2024-2-12-6-51-37.mp3?_=1\" \/><a href=\"https:\/\/infoelnuevonorte.com\/wp-content\/uploads\/2024\/02\/ttsmaker-file-2024-2-12-6-51-37.mp3\">https:\/\/infoelnuevonorte.com\/wp-content\/uploads\/2024\/02\/ttsmaker-file-2024-2-12-6-51-37.mp3<\/a><\/audio>\n<p style=\"text-align: justify;\"><strong>Santiago de Chile.-<\/strong> El presidente chileno, Gabriel Boric, reconoci\u00f3 este domingo que la fase reconstrucci\u00f3n por los incendios en la regi\u00f3n de Valpara\u00edso, los m\u00e1s mort\u00edferos de las \u00faltimas d\u00e9cadas en Chile, con 131 personas fallecidas, \u201cno va a ser un proceso f\u00e1cil\u201d y estim\u00f3 que volver a levantar todo lo que el fuego calcin\u00f3 \u201ctomar\u00e1 un par de a\u00f1os\u201d.<\/p>\n<p style=\"text-align: justify;\">\u201cNo generaremos falsas expectativas. Esta es una tarea muy grande\u201d, dijo el mandatario en una rueda de prensa desde el estadio Sausalito de Vi\u00f1a del Mar, una de las zonas m\u00e1s afectadas por los fuegos, unos 120 kil\u00f3metros al noroeste de la capital.<\/p>\n<p style=\"text-align: justify;\">Boric anunci\u00f3 que el lunes se va a constituir el Comit\u00e9 de Reconstrucci\u00f3n, encargado de \u201ccoordinar los esfuerzos de esta tarea ardua y dif\u00edcil\u201d, que ser\u00e1 encabezado por la ministra de Desarrollo Social, Javiera Toro.<\/p>\n<p style=\"text-align: justify;\">Adem\u00e1s, recalc\u00f3 que la reconstrucci\u00f3n se llevar\u00e1 a cabo \u201ccon el apoyo y participaci\u00f3n de vecinos y con las municipalidades\u201d, y a\u00f1adi\u00f3 que entre las labores que se pondr\u00e1n en marcha en los pr\u00f3ximos d\u00edas hay la recogida de 50.000 toneladas de escombros.<\/p>\n<p style=\"text-align: justify;\">\u201cVamos a contar con m\u00e1s m\u00e1quinas, especialmente para trabajar de noche para que haya m\u00e1s presencia del Estado\u201d, precis\u00f3.<\/p>\n<p style=\"text-align: justify;\"><strong>Los incendios causan en Chile una tragedia de grandes magnitudes<\/strong><\/p>\n<p style=\"text-align: justify;\">Los incendios, que afectaron en especial a cuatro comunas de la regi\u00f3n porte\u00f1a -Vi\u00f1a del Mar, Linares, Villa Alemana y Quilpu\u00e9- han calcinado m\u00e1s de 10.000 hect\u00e1reas y han dejado, seg\u00fan cifras oficiales que a\u00fan no est\u00e1n cerradas, unos 12.000 hogares afectados. De estos, 1.930 ya empezaron a recibir las primeras ayudas econ\u00f3micas estatales y la pr\u00f3xima semana se estima la entrega de 6.500 bonificaciones m\u00e1s.<\/p>\n<p style=\"text-align: justify;\">Sobre la b\u00fasqueda e identificaci\u00f3n de los cuerpos, una de las tareas m\u00e1s complejas y que ha avanzado m\u00e1s lentamente debido a las dificultades para reconocer los cad\u00e1veres, el Servicio M\u00e9dico Legal (SML) inform\u00f3 que el n\u00famero de identificados aument\u00f3 a 79 personas.<\/p>\n<p style=\"text-align: justify;\">Los fuegos empezaron el 2 de febrero en la ma\u00f1ana y se propagaron r\u00e1pidamente debido a las fuertes rachas de viento que corr\u00eda aquella tarde en la zona y a las temperaturas extremas de la \u00faltima semana. La alta densidad poblacional en terrenos de dif\u00edcil acceso, sumada a la prolongada sequ\u00eda en Chile dificultaron las tareas de extinci\u00f3n.<\/p>\n","protected":false},"excerpt":{"rendered":"<p>Santiago de Chile.- El presidente chileno, Gabriel Boric, reconoci\u00f3 este domingo que la fase reconstrucci\u00f3n por los incendios en la regi\u00f3n de Valpara\u00edso, los m\u00e1s mort\u00edferos de las \u00faltimas d\u00e9cadas en Chile, con 131 personas fallecidas, \u201cno va a ser un proceso f\u00e1cil\u201d y estim\u00f3 que volver a levantar todo lo que el fuego calcin\u00f3 [&hellip;]<\/p>\n","protected":false},"author":1,"featured_media":0,"comment_status":"closed","ping_status":"open","sticky":false,"template":"","format":"standard","meta":{"footnotes":""},"categories":[2,9],"tags":[],"yoast_head":"<!-- This site is optimized with the Yoast SEO plugin v24.5 - https:\/\/yoast.com\/wordpress\/plugins\/seo\/ -->\n<title>Boric calcula que la reconstrucci\u00f3n por los incendios de Valpara\u00edso se alargar\u00e1 dos a\u00f1os | El Nuevo Norte<\/title>\n<meta name=\"robots\" content=\"index, follow, max-snippet:-1, max-image-preview:large, max-video-preview:-1\" \/>\n<link rel=\"canonical\" href=\"https:\/\/infoelnuevonorte.com\/?p=11432\" \/>\n<meta property=\"og:locale\" content=\"es_ES\" \/>\n<meta property=\"og:type\" content=\"article\" \/>\n<meta property=\"og:title\" content=\"Boric calcula que la reconstrucci\u00f3n por los incendios de Valpara\u00edso se alargar\u00e1 dos a\u00f1os | El Nuevo Norte\" \/>\n<meta property=\"og:description\" content=\"Santiago de Chile.- El presidente chileno, Gabriel Boric, reconoci\u00f3 este domingo que la fase reconstrucci\u00f3n por los incendios en la regi\u00f3n de Valpara\u00edso, los m\u00e1s mort\u00edferos de las \u00faltimas d\u00e9cadas en Chile, con 131 personas fallecidas, \u201cno va a ser un proceso f\u00e1cil\u201d y estim\u00f3 que volver a levantar todo lo que el fuego calcin\u00f3 [&hellip;]\" \/>\n<meta property=\"og:url\" content=\"https:\/\/infoelnuevonorte.com\/?p=11432\" \/>\n<meta property=\"og:site_name\" content=\"El Nuevo Norte\" \/>\n<meta property=\"article:publisher\" content=\"https:\/\/www.facebook.com\/infoenn\" \/>\n<meta property=\"article:published_time\" content=\"2024-02-12T10:52:14+00:00\" \/>\n<meta property=\"article:modified_time\" content=\"2024-02-12T10:52:16+00:00\" \/>\n<meta property=\"og:image\" content=\"https:\/\/infoelnuevonorte.com\/wp-content\/uploads\/2024\/02\/Boric-jpeg.webp\" \/>\n\t<meta property=\"og:image:width\" content=\"768\" \/>\n\t<meta property=\"og:image:height\" content=\"512\" \/>\n\t<meta property=\"og:image:type\" content=\"image\/jpeg\" \/>\n<meta name=\"author\" content=\"InfoEnn\" \/>\n<meta name=\"twitter:card\" content=\"summary_large_image\" \/>\n<meta name=\"twitter:creator\" content=\"@Elnuevo_norte\" \/>\n<meta name=\"twitter:site\" content=\"@Elnuevo_norte\" \/>\n<meta name=\"twitter:label1\" content=\"Written by\" \/>\n\t<meta name=\"twitter:data1\" content=\"InfoEnn\" \/>\n\t<meta name=\"twitter:label2\" content=\"Est. reading time\" \/>\n\t<meta name=\"twitter:data2\" content=\"2 minutos\" \/>\n<script type=\"application\/ld+json\" class=\"yoast-schema-graph\">{\"@context\":\"https:\/\/schema.org\",\"@graph\":[{\"@type\":\"Article\",\"@id\":\"https:\/\/infoelnuevonorte.com\/?p=11432#article\",\"isPartOf\":{\"@id\":\"https:\/\/infoelnuevonorte.com\/?p=11432\"},\"author\":{\"name\":\"InfoEnn\",\"@id\":\"https:\/\/infoelnuevonorte.com\/#\/schema\/person\/fd4f6d90afe41260818b4ea94ad8ab84\"},\"headline\":\"Boric calcula que la reconstrucci\u00f3n por los incendios de Valpara\u00edso se alargar\u00e1 dos a\u00f1os\",\"datePublished\":\"2024-02-12T10:52:14+00:00\",\"dateModified\":\"2024-02-12T10:52:16+00:00\",\"mainEntityOfPage\":{\"@id\":\"https:\/\/infoelnuevonorte.com\/?p=11432\"},\"wordCount\":453,\"publisher\":{\"@id\":\"https:\/\/infoelnuevonorte.com\/#organization\"},\"articleSection\":[\"Actualidad |\",\"Mundiales\"],\"inLanguage\":\"es-DO\"},{\"@type\":\"WebPage\",\"@id\":\"https:\/\/infoelnuevonorte.com\/?p=11432\",\"url\":\"https:\/\/infoelnuevonorte.com\/?p=11432\",\"name\":\"Boric calcula que la reconstrucci\u00f3n por los incendios de Valpara\u00edso se alargar\u00e1 dos a\u00f1os | El Nuevo Norte\",\"isPartOf\":{\"@id\":\"https:\/\/infoelnuevonorte.com\/#website\"},\"datePublished\":\"2024-02-12T10:52:14+00:00\",\"dateModified\":\"2024-02-12T10:52:16+00:00\",\"breadcrumb\":{\"@id\":\"https:\/\/infoelnuevonorte.com\/?p=11432#breadcrumb\"},\"inLanguage\":\"es-DO\",\"potentialAction\":[{\"@type\":\"ReadAction\",\"target\":[\"https:\/\/infoelnuevonorte.com\/?p=11432\"]}]},{\"@type\":\"BreadcrumbList\",\"@id\":\"https:\/\/infoelnuevonorte.com\/?p=11432#breadcrumb\",\"itemListElement\":[{\"@type\":\"ListItem\",\"position\":1,\"name\":\"Home\",\"item\":\"https:\/\/infoelnuevonorte.com\/\"},{\"@type\":\"ListItem\",\"position\":2,\"name\":\"Boric calcula que la reconstrucci\u00f3n por los incendios de Valpara\u00edso se alargar\u00e1 dos a\u00f1os\"}]},{\"@type\":\"WebSite\",\"@id\":\"https:\/\/infoelnuevonorte.com\/#website\",\"url\":\"https:\/\/infoelnuevonorte.com\/\",\"name\":\"InfoEnn\",\"description\":\"Tu Voz, tu Verdad, tu Diario!!!\",\"publisher\":{\"@id\":\"https:\/\/infoelnuevonorte.com\/#organization\"},\"alternateName\":\"El Nuevo Norte\",\"potentialAction\":[{\"@type\":\"SearchAction\",\"target\":{\"@type\":\"EntryPoint\",\"urlTemplate\":\"https:\/\/infoelnuevonorte.com\/?s={search_term_string}\"},\"query-input\":{\"@type\":\"PropertyValueSpecification\",\"valueRequired\":true,\"valueName\":\"search_term_string\"}}],\"inLanguage\":\"es-DO\"},{\"@type\":\"Organization\",\"@id\":\"https:\/\/infoelnuevonorte.com\/#organization\",\"name\":\"Info El Nuevo Norte\",\"alternateName\":\"El Nuevo Norte\",\"url\":\"https:\/\/infoelnuevonorte.com\/\",\"logo\":{\"@type\":\"ImageObject\",\"inLanguage\":\"es-DO\",\"@id\":\"https:\/\/infoelnuevonorte.com\/#\/schema\/logo\/image\/\",\"url\":\"https:\/\/infoelnuevonorte.com\/wp-content\/uploads\/2026\/02\/Logo-Info-enn-3d-20ani.jpeg\",\"contentUrl\":\"https:\/\/infoelnuevonorte.com\/wp-content\/uploads\/2026\/02\/Logo-Info-enn-3d-20ani.jpeg\",\"width\":2046,\"height\":736,\"caption\":\"Info El Nuevo Norte\"},\"image\":{\"@id\":\"https:\/\/infoelnuevonorte.com\/#\/schema\/logo\/image\/\"},\"sameAs\":[\"https:\/\/www.facebook.com\/infoenn\",\"https:\/\/x.com\/Elnuevo_norte\",\"https:\/\/www.instagram.com\/infoenn\",\"https:\/\/www.facebook.com\/ENNRD\"]},{\"@type\":\"Person\",\"@id\":\"https:\/\/infoelnuevonorte.com\/#\/schema\/person\/fd4f6d90afe41260818b4ea94ad8ab84\",\"name\":\"InfoEnn\",\"image\":{\"@type\":\"ImageObject\",\"inLanguage\":\"es-DO\",\"@id\":\"https:\/\/infoelnuevonorte.com\/#\/schema\/person\/image\/\",\"url\":\"https:\/\/secure.gravatar.com\/avatar\/d4d760a41a48ba9db0a82bfb63bb0783?s=96&d=robohash&r=g\",\"contentUrl\":\"https:\/\/secure.gravatar.com\/avatar\/d4d760a41a48ba9db0a82bfb63bb0783?s=96&d=robohash&r=g\",\"caption\":\"InfoEnn\"},\"sameAs\":[\"https:\/\/infoelnuevonorte.com\"],\"url\":\"https:\/\/infoelnuevonorte.com\/?author=1\"}]}<\/script>\n<!-- \/ Yoast SEO plugin. -->","yoast_head_json":{"title":"Boric calcula que la reconstrucci\u00f3n por los incendios de Valpara\u00edso se alargar\u00e1 dos a\u00f1os | El Nuevo Norte","robots":{"index":"index","follow":"follow","max-snippet":"max-snippet:-1","max-image-preview":"max-image-preview:large","max-video-preview":"max-video-preview:-1"},"canonical":"https:\/\/infoelnuevonorte.com\/?p=11432","og_locale":"es_ES","og_type":"article","og_title":"Boric calcula que la reconstrucci\u00f3n por los incendios de Valpara\u00edso se alargar\u00e1 dos a\u00f1os | El Nuevo Norte","og_description":"Santiago de Chile.- El presidente chileno, Gabriel Boric, reconoci\u00f3 este domingo que la fase reconstrucci\u00f3n por los incendios en la regi\u00f3n de Valpara\u00edso, los m\u00e1s mort\u00edferos de las \u00faltimas d\u00e9cadas en Chile, con 131 personas fallecidas, \u201cno va a ser un proceso f\u00e1cil\u201d y estim\u00f3 que volver a levantar todo lo que el fuego calcin\u00f3 [&hellip;]","og_url":"https:\/\/infoelnuevonorte.com\/?p=11432","og_site_name":"El Nuevo Norte","article_publisher":"https:\/\/www.facebook.com\/infoenn","article_published_time":"2024-02-12T10:52:14+00:00","article_modified_time":"2024-02-12T10:52:16+00:00","og_image":[{"width":768,"height":512,"url":"https:\/\/infoelnuevonorte.com\/wp-content\/uploads\/2024\/02\/Boric-jpeg.webp","type":"image\/jpeg"}],"author":"InfoEnn","twitter_card":"summary_large_image","twitter_creator":"@Elnuevo_norte","twitter_site":"@Elnuevo_norte","twitter_misc":{"Written by":"InfoEnn","Est. reading time":"2 minutos"},"schema":{"@context":"https:\/\/schema.org","@graph":[{"@type":"Article","@id":"https:\/\/infoelnuevonorte.com\/?p=11432#article","isPartOf":{"@id":"https:\/\/infoelnuevonorte.com\/?p=11432"},"author":{"name":"InfoEnn","@id":"https:\/\/infoelnuevonorte.com\/#\/schema\/person\/fd4f6d90afe41260818b4ea94ad8ab84"},"headline":"Boric calcula que la reconstrucci\u00f3n por los incendios de Valpara\u00edso se alargar\u00e1 dos a\u00f1os","datePublished":"2024-02-12T10:52:14+00:00","dateModified":"2024-02-12T10:52:16+00:00","mainEntityOfPage":{"@id":"https:\/\/infoelnuevonorte.com\/?p=11432"},"wordCount":453,"publisher":{"@id":"https:\/\/infoelnuevonorte.com\/#organization"},"articleSection":["Actualidad |","Mundiales"],"inLanguage":"es-DO"},{"@type":"WebPage","@id":"https:\/\/infoelnuevonorte.com\/?p=11432","url":"https:\/\/infoelnuevonorte.com\/?p=11432","name":"Boric calcula que la reconstrucci\u00f3n por los incendios de Valpara\u00edso se alargar\u00e1 dos a\u00f1os | El Nuevo Norte","isPartOf":{"@id":"https:\/\/infoelnuevonorte.com\/#website"},"datePublished":"2024-02-12T10:52:14+00:00","dateModified":"2024-02-12T10:52:16+00:00","breadcrumb":{"@id":"https:\/\/infoelnuevonorte.com\/?p=11432#breadcrumb"},"inLanguage":"es-DO","potentialAction":[{"@type":"ReadAction","target":["https:\/\/infoelnuevonorte.com\/?p=11432"]}]},{"@type":"BreadcrumbList","@id":"https:\/\/infoelnuevonorte.com\/?p=11432#breadcrumb","itemListElement":[{"@type":"ListItem","position":1,"name":"Home","item":"https:\/\/infoelnuevonorte.com\/"},{"@type":"ListItem","position":2,"name":"Boric calcula que la reconstrucci\u00f3n por los incendios de Valpara\u00edso se alargar\u00e1 dos a\u00f1os"}]},{"@type":"WebSite","@id":"https:\/\/infoelnuevonorte.com\/#website","url":"https:\/\/infoelnuevonorte.com\/","name":"InfoEnn","description":"Tu Voz, tu Verdad, tu Diario!!!","publisher":{"@id":"https:\/\/infoelnuevonorte.com\/#organization"},"alternateName":"El Nuevo Norte","potentialAction":[{"@type":"SearchAction","target":{"@type":"EntryPoint","urlTemplate":"https:\/\/infoelnuevonorte.com\/?s={search_term_string}"},"query-input":{"@type":"PropertyValueSpecification","valueRequired":true,"valueName":"search_term_string"}}],"inLanguage":"es-DO"},{"@type":"Organization","@id":"https:\/\/infoelnuevonorte.com\/#organization","name":"Info El Nuevo Norte","alternateName":"El Nuevo Norte","url":"https:\/\/infoelnuevonorte.com\/","logo":{"@type":"ImageObject","inLanguage":"es-DO","@id":"https:\/\/infoelnuevonorte.com\/#\/schema\/logo\/image\/","url":"https:\/\/infoelnuevonorte.com\/wp-content\/uploads\/2026\/02\/Logo-Info-enn-3d-20ani.jpeg","contentUrl":"https:\/\/infoelnuevonorte.com\/wp-content\/uploads\/2026\/02\/Logo-Info-enn-3d-20ani.jpeg","width":2046,"height":736,"caption":"Info El Nuevo Norte"},"image":{"@id":"https:\/\/infoelnuevonorte.com\/#\/schema\/logo\/image\/"},"sameAs":["https:\/\/www.facebook.com\/infoenn","https:\/\/x.com\/Elnuevo_norte","https:\/\/www.instagram.com\/infoenn","https:\/\/www.facebook.com\/ENNRD"]},{"@type":"Person","@id":"https:\/\/infoelnuevonorte.com\/#\/schema\/person\/fd4f6d90afe41260818b4ea94ad8ab84","name":"InfoEnn","image":{"@type":"ImageObject","inLanguage":"es-DO","@id":"https:\/\/infoelnuevonorte.com\/#\/schema\/person\/image\/","url":"https:\/\/secure.gravatar.com\/avatar\/d4d760a41a48ba9db0a82bfb63bb0783?s=96&d=robohash&r=g","contentUrl":"https:\/\/secure.gravatar.com\/avatar\/d4d760a41a48ba9db0a82bfb63bb0783?s=96&d=robohash&r=g","caption":"InfoEnn"},"sameAs":["https:\/\/infoelnuevonorte.com"],"url":"https:\/\/infoelnuevonorte.com\/?author=1"}]}},"_links":{"self":[{"href":"https:\/\/infoelnuevonorte.com\/index.php?rest_route=\/wp\/v2\/posts\/11432"}],"collection":[{"href":"https:\/\/infoelnuevonorte.com\/index.php?rest_route=\/wp\/v2\/posts"}],"about":[{"href":"https:\/\/infoelnuevonorte.com\/index.php?rest_route=\/wp\/v2\/types\/post"}],"author":[{"embeddable":true,"href":"https:\/\/infoelnuevonorte.com\/index.php?rest_route=\/wp\/v2\/users\/1"}],"replies":[{"embeddable":true,"href":"https:\/\/infoelnuevonorte.com\/index.php?rest_route=%2Fwp%2Fv2%2Fcomments&post=11432"}],"version-history":[{"count":0,"href":"https:\/\/infoelnuevonorte.com\/index.php?rest_route=\/wp\/v2\/posts\/11432\/revisions"}],"wp:attachment":[{"href":"https:\/\/infoelnuevonorte.com\/index.php?rest_route=%2Fwp%2Fv2%2Fmedia&parent=11432"}],"wp:term":[{"taxonomy":"category","embeddable":true,"href":"https:\/\/infoelnuevonorte.com\/index.php?rest_route=%2Fwp%2Fv2%2Fcategories&post=11432"},{"taxonomy":"post_tag","embeddable":true,"href":"https:\/\/infoelnuevonorte.com\/index.php?rest_route=%2Fwp%2Fv2%2Ftags&post=11432"}],"curies":[{"name":"wp","href":"https:\/\/api.w.org\/{rel}","templated":true}]}}