{"id":11498,"date":"2024-02-13T05:36:25","date_gmt":"2024-02-13T09:36:25","guid":{"rendered":"https:\/\/infoelnuevonorte.com\/?p=11498"},"modified":"2024-02-13T05:36:28","modified_gmt":"2024-02-13T09:36:28","slug":"el-apagon-analogico-y-la-llegada-de-la-television-terrestre-digital-a-republica-dominicana","status":"publish","type":"post","link":"https:\/\/infoelnuevonorte.com\/?p=11498","title":{"rendered":"El apag\u00f3n anal\u00f3gico y la llegada de la Televisi\u00f3n Terrestre Digital a Rep\u00fablica Dominicana"},"content":{"rendered":"<p style=\"text-align: justify;\">El <strong>apag\u00f3n<\/strong> <strong>anal\u00f3gico<\/strong> de la <strong>televisi\u00f3n<\/strong> <strong>nacional<\/strong> ya es un hecho.<\/p>\n<p style=\"text-align: justify;\">As\u00ed lo hizo saber el Instituto Dominicana de las Telecomunicaciones (<strong>Indotel<\/strong>) a trav\u00e9s de un documento en el que se le solicit\u00f3 la informaci\u00f3n sobre c\u00f3mo va el <strong>proceso<\/strong> en que las <strong>televisoras<\/strong> deber\u00e1n ajustar su infraestructura t\u00e9cnica para cumplir con las ordenanzas de la Uni\u00f3n Internacional de las Telecomunicaciones (UIT), entidad de la que el pa\u00eds es signatario.<\/p>\n<p style=\"text-align: justify;\">En 2022, Nelson Arroyo, presidente de <strong>Indotel<\/strong>, concedi\u00f3 una entrevista a Diario Libre en la que habl\u00f3 del inminente <strong>apag\u00f3n<\/strong> <strong>anal\u00f3gico<\/strong>, pero no ha sido hasta este a\u00f1o cuando el presidente Luis Abinader dispuso, mediante el decreto 666-23, que dicho <strong>apag\u00f3n<\/strong> <strong>anal\u00f3gico<\/strong> sea el 31 de julio.<\/p>\n<p style=\"text-align: justify;\">El viejo sistema dar\u00e1 paso a la denominada <strong>Televisi\u00f3n<\/strong> <strong>Terrestre<\/strong> Digital o <strong>TTD<\/strong>, la cual es el resultado de la aplicaci\u00f3n de la tecnolog\u00eda <strong>digital<\/strong> a la <strong>se\u00f1al<\/strong> de <strong>televisi\u00f3n<\/strong> para transmitirla por medio de ondas hercianas terrestres, es decir, se transmiten por la atm\u00f3sfera sin necesidad de cable o sat\u00e9lite y se reciben por medio de antenas UHF (Ultra High Frequency), que significa \"frecuencia ultra alta\".<\/p>\n<p style=\"text-align: justify;\">La <strong>transformaci\u00f3n<\/strong> de la <strong>televisi\u00f3n<\/strong> an\u00e1loga a <strong>digital<\/strong> se anunci\u00f3 hace diez a\u00f1os.<\/p>\n<h2 style=\"text-align: justify;\">\u00bfCu\u00e1ndo es la entrada de la <strong>TTD<\/strong>?<\/h2>\n<p style=\"text-align: justify;\">El presidente Luis Abinader, a trav\u00e9s del decreto 666-23, instruy\u00f3 al Instituto Dominicano de las Telecomunicaciones (<strong>Indotel<\/strong>) a reprogramar el inicio de la <strong>Televisi\u00f3n<\/strong> <strong>Terrestre<\/strong> Digital (<strong>TTD<\/strong>) en RD para el 30 de noviembre de 2024 como <strong>fecha<\/strong> l\u00edmite.<\/p>\n<p style=\"text-align: justify;\">El tiempo que resta antes de su <strong>implementaci\u00f3n<\/strong> permite que el sector de radiodifusi\u00f3n televisiva cumpla con los requisitos para el <strong>apag\u00f3n<\/strong> <strong>anal\u00f3gico<\/strong> y la <strong>transici\u00f3n<\/strong> a la <strong>se\u00f1al<\/strong> <strong>digital<\/strong>.<\/p>\n<p style=\"text-align: justify;\">\"El decreto establece una hoja de ruta que incluye el encendido <strong>digital<\/strong> para las concesionarias del servicio de radiodifusi\u00f3n televisiva antes del 30 de noviembre de 2024, con el <strong>apag\u00f3n<\/strong> <strong>anal\u00f3gico<\/strong> fijado para el 31 de julio. Dichas fechas buscan garantizar una <strong>transici\u00f3n<\/strong> fluida hacia la <strong>TTD<\/strong>\", indica.<\/p>\n<h2 style=\"text-align: justify;\">Inversi\u00f3n<\/h2>\n<p style=\"text-align: justify;\">\"Para lograr la meta de la <strong>transici\u00f3n<\/strong> hacia la <strong>Televisi\u00f3n<\/strong> <strong>Terrestre<\/strong> Digital, el <strong>Indotel<\/strong> est\u00e1 en <strong>proceso<\/strong> de la <strong>entrega<\/strong> de las <strong>cajas<\/strong> convertidoras de <strong>se\u00f1al<\/strong>. Para esto, el Estado invirti\u00f3 $9,354,172.91 d\u00f3lares para la compra y concedi\u00f3 450,000 <strong>cajas<\/strong> convertidoras, cuyos fondos provienen de un financiamiento firmado con el Banco Interamericano de Desarrollo (BID)\".<\/p>\n<p style=\"text-align: justify;\">Representantes de <strong>Indotel<\/strong> acompa\u00f1an a la empresa adjudicataria de la licitaci\u00f3n del <strong>proceso<\/strong> \"<strong>Indotel<\/strong>-BID-LPI-001-2022&#8243; en el <strong>proceso<\/strong> de <strong>entrega<\/strong> de las <strong>cajas<\/strong> convertidoras de <strong>se\u00f1al<\/strong> de <strong>televisi\u00f3n<\/strong> <strong>digital<\/strong> a los hogares seleccionados que ven <strong>televisi\u00f3n<\/strong> por antena.<\/p>\n<p style=\"text-align: justify;\">\"La actual administraci\u00f3n del <strong>Indotel<\/strong>, encabezada por el presidente del Consejo Directivo, Nelson Arroyo, tiene como uno de sus principales objetivos lograr la <strong>implementaci\u00f3n<\/strong> de la <strong>Televisi\u00f3n<\/strong> Digital en la Rep\u00fablica Dominicana, un proyecto que ten\u00eda m\u00e1s de 10 a\u00f1os de retraso\", sostiene.<\/p>\n<p style=\"text-align: justify;\">\u00bfCu\u00e1les <strong>ciudades<\/strong> han recibido las <strong>cajas<\/strong> convertidoras?<\/p>\n<p style=\"text-align: justify;\">La distribuci\u00f3n de los <strong>dispositivos<\/strong> inici\u00f3 en julio de 2023 en el<strong> Este del pa\u00eds<\/strong>: San Pedro de Macor\u00eds, Hato Mayor, El Seibo, La Romana y La Altagracia.<\/p>\n<p style=\"text-align: justify;\">\"Una vez terminada toda la parte Este, continuamos las entregas en el Gran Santo Domingo, empezando por el municipio de Santo Domingo Este. Una vez concluido el <strong>Gran Santo Doming<\/strong>o, continuaremos con la Zona Norte del pa\u00eds. A la <strong>fecha<\/strong> del 30 de enero de 2024 se han entregado 166,921 <strong>cajas<\/strong> convertidoras\", indica <strong>Indotel<\/strong>.<\/p>\n<h2 style=\"text-align: justify;\">Los\u00a0<strong>due\u00f1os<\/strong>\u00a0de\u00a0<strong>canales<\/strong><\/h2>\n<p style=\"text-align: justify;\">Seg\u00fan la entidad, los ejecutivos de las\u00a0<strong>televisoras<\/strong>\u00a0han estado involucrados en el\u00a0<strong>proceso<\/strong>; con ellos establecieron mesas t\u00e9cnicas \"que lograron consensuar con el sector de radiodifusi\u00f3n televisiva el est\u00e1ndar a utilizar, normas a implementar y caracter\u00edsticas t\u00e9cnicas.<\/p>\n<p style=\"text-align: justify;\">La\u00a0\u00a0<strong>se\u00f1al<\/strong>\u00a0<strong>digital<\/strong>\u00a0permitir\u00e1 a los\u00a0<strong>canales<\/strong>\u00a0ofrecer una programaci\u00f3n m\u00e1s variada, que incluir\u00e1 la transmisi\u00f3n de hasta dos contenidos diferentes, lo que tendr\u00e1 un impacto positivo en su costo de operaciones.<\/p>\n<figure class=\"inline-block\" style=\"text-align: justify;\">\n<div class=\"expand-img-placeholder\"><img loading=\"lazy\" decoding=\"async\" src=\"https:\/\/resources.diariolibre.com\/images\/expand.svg\" alt=\"Expandir imagen\" width=\"20\" height=\"20\" \/><\/div>\n<picture><img decoding=\"async\" class=\"mx-auto lazy loaded\" src=\"https:\/\/resources.diariolibre.com\/images\/2024\/02\/12\/indotel.jpg\" alt=\"[object HTMLTextAreaElement]\" width=\"auto\" height=\"350\" data-src=\"https:\/\/resources.diariolibre.com\/images\/2024\/02\/12\/indotel.jpg\" data-was-processed=\"true\" \/><\/picture><figcaption>Nelson Arroyo, presidente de Indotel. (<strong>ARCHIVO<\/strong>)<\/figcaption><\/figure>\n<p style=\"text-align: justify;\">\"La\u00a0<strong>implementaci\u00f3n<\/strong>\u00a0de la\u00a0<strong>TTD<\/strong>\u00a0se realiza en el marco del proyecto \"Expansi\u00f3n de la Conectividad para la Transformaci\u00f3n Digital en la Rep\u00fablica Dominicana\", que est\u00e1 siendo ejecutado por el\u00a0<strong>Indotel<\/strong>, en correspondencia con la\u00a0<strong>Ley General de Telecomunicaciones<\/strong>\u00a0n\u00famero 153-98, que le designa como la instituci\u00f3n responsable de garantizar el derecho al acceso universal a los servicios de telecomunicaciones\", sostuvo\u00a0<strong>Indotel<\/strong>.<\/p>\n<p style=\"text-align: justify;\">Expres\u00f3 que los\u00a0<strong>canales<\/strong>\u00a0han hecho una cuantiosa\u00a0<strong>inversi\u00f3n<\/strong>\u00a0para adecuar sus equipos y prepararse para la nueva era de la\u00a0<strong>televisi\u00f3n<\/strong>\u00a0<strong>digital<\/strong>, que ya es una realidad en otras naciones.<\/p>\n<h2 style=\"text-align: justify;\">La <strong>transformaci\u00f3n<\/strong><\/h2>\n<p style=\"text-align: justify;\">Los <strong>canales<\/strong> han hecho una cuantiosa <strong>inversi\u00f3n<\/strong> para adecuar sus equipos y prepararse para la nueva era de la <strong>televisi\u00f3n<\/strong> <strong>digital<\/strong>, que ya es una realidad en otras naciones.<\/p>\n<div class=\"my-12 component web-insert relative border bg-component\"><span class=\"text-xl block my-3 component-title glosa\"><strong>Televisi\u00f3n Terrestre Digital<\/strong><\/span><\/p>\n<p style=\"text-align: justify;\">La Televisi\u00f3n Terrestre Digital (TTD) implica la transmisi\u00f3n y recepci\u00f3n de se\u00f1ales de televisi\u00f3n en digital. A diferencia de la TV tradicional, que codifica de manera anal\u00f3gica, la TTD env\u00eda se\u00f1ales digitales codificadas de forma binaria. Esta tecnolog\u00eda permitir\u00e1 a aquellos que ven televisi\u00f3n abierta, es decir, que no poseen un servicio de cable, recibir mejor calidad de imagen y sonido.<\/p>\n<\/div>\n","protected":false},"excerpt":{"rendered":"<p>El apag\u00f3n anal\u00f3gico de la televisi\u00f3n nacional ya es un hecho. As\u00ed lo hizo saber el Instituto Dominicana de las Telecomunicaciones (Indotel) a trav\u00e9s de un documento en el que se le solicit\u00f3 la informaci\u00f3n sobre c\u00f3mo va el proceso en que las televisoras deber\u00e1n ajustar su infraestructura t\u00e9cnica para cumplir con las ordenanzas de [&hellip;]<\/p>\n","protected":false},"author":1,"featured_media":0,"comment_status":"closed","ping_status":"open","sticky":false,"template":"","format":"standard","meta":{"footnotes":""},"categories":[2,19,11],"tags":[],"yoast_head":"<!-- This site is optimized with the Yoast SEO plugin v24.5 - https:\/\/yoast.com\/wordpress\/plugins\/seo\/ -->\n<title>El apag\u00f3n anal\u00f3gico y la llegada de la Televisi\u00f3n Terrestre Digital a Rep\u00fablica Dominicana | El Nuevo Norte<\/title>\n<meta name=\"robots\" content=\"index, follow, max-snippet:-1, max-image-preview:large, max-video-preview:-1\" \/>\n<link rel=\"canonical\" href=\"https:\/\/infoelnuevonorte.com\/?p=11498\" \/>\n<meta property=\"og:locale\" content=\"es_ES\" \/>\n<meta property=\"og:type\" content=\"article\" \/>\n<meta property=\"og:title\" content=\"El apag\u00f3n anal\u00f3gico y la llegada de la Televisi\u00f3n Terrestre Digital a Rep\u00fablica Dominicana | El Nuevo Norte\" \/>\n<meta property=\"og:description\" content=\"El apag\u00f3n anal\u00f3gico de la televisi\u00f3n nacional ya es un hecho. As\u00ed lo hizo saber el Instituto Dominicana de las Telecomunicaciones (Indotel) a trav\u00e9s de un documento en el que se le solicit\u00f3 la informaci\u00f3n sobre c\u00f3mo va el proceso en que las televisoras deber\u00e1n ajustar su infraestructura t\u00e9cnica para cumplir con las ordenanzas de [&hellip;]\" \/>\n<meta property=\"og:url\" content=\"https:\/\/infoelnuevonorte.com\/?p=11498\" \/>\n<meta property=\"og:site_name\" content=\"El Nuevo Norte\" \/>\n<meta property=\"article:publisher\" content=\"https:\/\/www.facebook.com\/infoenn\" \/>\n<meta property=\"article:published_time\" content=\"2024-02-13T09:36:25+00:00\" \/>\n<meta property=\"article:modified_time\" content=\"2024-02-13T09:36:28+00:00\" \/>\n<meta property=\"og:image\" content=\"https:\/\/infoelnuevonorte.com\/wp-content\/uploads\/2024\/02\/el-gobierno-fija-fecha-para-la-entrada-de-la-television-digital-focus-min0.06-0.13-896-504-jpg.webp\" \/>\n\t<meta property=\"og:image:width\" content=\"896\" \/>\n\t<meta property=\"og:image:height\" content=\"504\" \/>\n\t<meta property=\"og:image:type\" content=\"image\/jpeg\" \/>\n<meta name=\"author\" content=\"InfoEnn\" \/>\n<meta name=\"twitter:card\" content=\"summary_large_image\" \/>\n<meta name=\"twitter:creator\" content=\"@Elnuevo_norte\" \/>\n<meta name=\"twitter:site\" content=\"@Elnuevo_norte\" \/>\n<meta name=\"twitter:label1\" content=\"Written by\" \/>\n\t<meta name=\"twitter:data1\" content=\"InfoEnn\" \/>\n\t<meta name=\"twitter:label2\" content=\"Est. reading time\" \/>\n\t<meta name=\"twitter:data2\" content=\"5 minutos\" \/>\n<script type=\"application\/ld+json\" class=\"yoast-schema-graph\">{\"@context\":\"https:\/\/schema.org\",\"@graph\":[{\"@type\":\"Article\",\"@id\":\"https:\/\/infoelnuevonorte.com\/?p=11498#article\",\"isPartOf\":{\"@id\":\"https:\/\/infoelnuevonorte.com\/?p=11498\"},\"author\":{\"name\":\"InfoEnn\",\"@id\":\"https:\/\/infoelnuevonorte.com\/#\/schema\/person\/fd4f6d90afe41260818b4ea94ad8ab84\"},\"headline\":\"El apag\u00f3n anal\u00f3gico y la llegada de la Televisi\u00f3n Terrestre Digital a Rep\u00fablica Dominicana\",\"datePublished\":\"2024-02-13T09:36:25+00:00\",\"dateModified\":\"2024-02-13T09:36:28+00:00\",\"mainEntityOfPage\":{\"@id\":\"https:\/\/infoelnuevonorte.com\/?p=11498\"},\"wordCount\":914,\"publisher\":{\"@id\":\"https:\/\/infoelnuevonorte.com\/#organization\"},\"image\":{\"@id\":\"https:\/\/infoelnuevonorte.com\/?p=11498#primaryimage\"},\"thumbnailUrl\":\"https:\/\/resources.diariolibre.com\/images\/expand.svg\",\"articleSection\":[\"Actualidad |\",\"Ciencia &amp; Tecnolog\u00eda\",\"Entretenimiento\"],\"inLanguage\":\"es-DO\"},{\"@type\":\"WebPage\",\"@id\":\"https:\/\/infoelnuevonorte.com\/?p=11498\",\"url\":\"https:\/\/infoelnuevonorte.com\/?p=11498\",\"name\":\"El apag\u00f3n anal\u00f3gico y la llegada de la Televisi\u00f3n Terrestre Digital a Rep\u00fablica Dominicana | El Nuevo Norte\",\"isPartOf\":{\"@id\":\"https:\/\/infoelnuevonorte.com\/#website\"},\"primaryImageOfPage\":{\"@id\":\"https:\/\/infoelnuevonorte.com\/?p=11498#primaryimage\"},\"image\":{\"@id\":\"https:\/\/infoelnuevonorte.com\/?p=11498#primaryimage\"},\"thumbnailUrl\":\"https:\/\/resources.diariolibre.com\/images\/expand.svg\",\"datePublished\":\"2024-02-13T09:36:25+00:00\",\"dateModified\":\"2024-02-13T09:36:28+00:00\",\"breadcrumb\":{\"@id\":\"https:\/\/infoelnuevonorte.com\/?p=11498#breadcrumb\"},\"inLanguage\":\"es-DO\",\"potentialAction\":[{\"@type\":\"ReadAction\",\"target\":[\"https:\/\/infoelnuevonorte.com\/?p=11498\"]}]},{\"@type\":\"ImageObject\",\"inLanguage\":\"es-DO\",\"@id\":\"https:\/\/infoelnuevonorte.com\/?p=11498#primaryimage\",\"url\":\"https:\/\/resources.diariolibre.com\/images\/expand.svg\",\"contentUrl\":\"https:\/\/resources.diariolibre.com\/images\/expand.svg\"},{\"@type\":\"BreadcrumbList\",\"@id\":\"https:\/\/infoelnuevonorte.com\/?p=11498#breadcrumb\",\"itemListElement\":[{\"@type\":\"ListItem\",\"position\":1,\"name\":\"Home\",\"item\":\"https:\/\/infoelnuevonorte.com\/\"},{\"@type\":\"ListItem\",\"position\":2,\"name\":\"El apag\u00f3n anal\u00f3gico y la llegada de la Televisi\u00f3n Terrestre Digital a Rep\u00fablica Dominicana\"}]},{\"@type\":\"WebSite\",\"@id\":\"https:\/\/infoelnuevonorte.com\/#website\",\"url\":\"https:\/\/infoelnuevonorte.com\/\",\"name\":\"InfoEnn\",\"description\":\"Tu Voz, tu Verdad, tu Diario!!!\",\"publisher\":{\"@id\":\"https:\/\/infoelnuevonorte.com\/#organization\"},\"alternateName\":\"El Nuevo Norte\",\"potentialAction\":[{\"@type\":\"SearchAction\",\"target\":{\"@type\":\"EntryPoint\",\"urlTemplate\":\"https:\/\/infoelnuevonorte.com\/?s={search_term_string}\"},\"query-input\":{\"@type\":\"PropertyValueSpecification\",\"valueRequired\":true,\"valueName\":\"search_term_string\"}}],\"inLanguage\":\"es-DO\"},{\"@type\":\"Organization\",\"@id\":\"https:\/\/infoelnuevonorte.com\/#organization\",\"name\":\"Info El Nuevo Norte\",\"alternateName\":\"El Nuevo Norte\",\"url\":\"https:\/\/infoelnuevonorte.com\/\",\"logo\":{\"@type\":\"ImageObject\",\"inLanguage\":\"es-DO\",\"@id\":\"https:\/\/infoelnuevonorte.com\/#\/schema\/logo\/image\/\",\"url\":\"https:\/\/infoelnuevonorte.com\/wp-content\/uploads\/2026\/02\/Logo-Info-enn-3d-20ani.jpeg\",\"contentUrl\":\"https:\/\/infoelnuevonorte.com\/wp-content\/uploads\/2026\/02\/Logo-Info-enn-3d-20ani.jpeg\",\"width\":2046,\"height\":736,\"caption\":\"Info El Nuevo Norte\"},\"image\":{\"@id\":\"https:\/\/infoelnuevonorte.com\/#\/schema\/logo\/image\/\"},\"sameAs\":[\"https:\/\/www.facebook.com\/infoenn\",\"https:\/\/x.com\/Elnuevo_norte\",\"https:\/\/www.instagram.com\/infoenn\",\"https:\/\/www.facebook.com\/ENNRD\"]},{\"@type\":\"Person\",\"@id\":\"https:\/\/infoelnuevonorte.com\/#\/schema\/person\/fd4f6d90afe41260818b4ea94ad8ab84\",\"name\":\"InfoEnn\",\"image\":{\"@type\":\"ImageObject\",\"inLanguage\":\"es-DO\",\"@id\":\"https:\/\/infoelnuevonorte.com\/#\/schema\/person\/image\/\",\"url\":\"https:\/\/secure.gravatar.com\/avatar\/d4d760a41a48ba9db0a82bfb63bb0783?s=96&d=robohash&r=g\",\"contentUrl\":\"https:\/\/secure.gravatar.com\/avatar\/d4d760a41a48ba9db0a82bfb63bb0783?s=96&d=robohash&r=g\",\"caption\":\"InfoEnn\"},\"sameAs\":[\"https:\/\/infoelnuevonorte.com\"],\"url\":\"https:\/\/infoelnuevonorte.com\/?author=1\"}]}<\/script>\n<!-- \/ Yoast SEO plugin. -->","yoast_head_json":{"title":"El apag\u00f3n anal\u00f3gico y la llegada de la Televisi\u00f3n Terrestre Digital a Rep\u00fablica Dominicana | El Nuevo Norte","robots":{"index":"index","follow":"follow","max-snippet":"max-snippet:-1","max-image-preview":"max-image-preview:large","max-video-preview":"max-video-preview:-1"},"canonical":"https:\/\/infoelnuevonorte.com\/?p=11498","og_locale":"es_ES","og_type":"article","og_title":"El apag\u00f3n anal\u00f3gico y la llegada de la Televisi\u00f3n Terrestre Digital a Rep\u00fablica Dominicana | El Nuevo Norte","og_description":"El apag\u00f3n anal\u00f3gico de la televisi\u00f3n nacional ya es un hecho. As\u00ed lo hizo saber el Instituto Dominicana de las Telecomunicaciones (Indotel) a trav\u00e9s de un documento en el que se le solicit\u00f3 la informaci\u00f3n sobre c\u00f3mo va el proceso en que las televisoras deber\u00e1n ajustar su infraestructura t\u00e9cnica para cumplir con las ordenanzas de [&hellip;]","og_url":"https:\/\/infoelnuevonorte.com\/?p=11498","og_site_name":"El Nuevo Norte","article_publisher":"https:\/\/www.facebook.com\/infoenn","article_published_time":"2024-02-13T09:36:25+00:00","article_modified_time":"2024-02-13T09:36:28+00:00","og_image":[{"width":896,"height":504,"url":"https:\/\/infoelnuevonorte.com\/wp-content\/uploads\/2024\/02\/el-gobierno-fija-fecha-para-la-entrada-de-la-television-digital-focus-min0.06-0.13-896-504-jpg.webp","type":"image\/jpeg"}],"author":"InfoEnn","twitter_card":"summary_large_image","twitter_creator":"@Elnuevo_norte","twitter_site":"@Elnuevo_norte","twitter_misc":{"Written by":"InfoEnn","Est. reading time":"5 minutos"},"schema":{"@context":"https:\/\/schema.org","@graph":[{"@type":"Article","@id":"https:\/\/infoelnuevonorte.com\/?p=11498#article","isPartOf":{"@id":"https:\/\/infoelnuevonorte.com\/?p=11498"},"author":{"name":"InfoEnn","@id":"https:\/\/infoelnuevonorte.com\/#\/schema\/person\/fd4f6d90afe41260818b4ea94ad8ab84"},"headline":"El apag\u00f3n anal\u00f3gico y la llegada de la Televisi\u00f3n Terrestre Digital a Rep\u00fablica Dominicana","datePublished":"2024-02-13T09:36:25+00:00","dateModified":"2024-02-13T09:36:28+00:00","mainEntityOfPage":{"@id":"https:\/\/infoelnuevonorte.com\/?p=11498"},"wordCount":914,"publisher":{"@id":"https:\/\/infoelnuevonorte.com\/#organization"},"image":{"@id":"https:\/\/infoelnuevonorte.com\/?p=11498#primaryimage"},"thumbnailUrl":"https:\/\/resources.diariolibre.com\/images\/expand.svg","articleSection":["Actualidad |","Ciencia &amp; Tecnolog\u00eda","Entretenimiento"],"inLanguage":"es-DO"},{"@type":"WebPage","@id":"https:\/\/infoelnuevonorte.com\/?p=11498","url":"https:\/\/infoelnuevonorte.com\/?p=11498","name":"El apag\u00f3n anal\u00f3gico y la llegada de la Televisi\u00f3n Terrestre Digital a Rep\u00fablica Dominicana | El Nuevo Norte","isPartOf":{"@id":"https:\/\/infoelnuevonorte.com\/#website"},"primaryImageOfPage":{"@id":"https:\/\/infoelnuevonorte.com\/?p=11498#primaryimage"},"image":{"@id":"https:\/\/infoelnuevonorte.com\/?p=11498#primaryimage"},"thumbnailUrl":"https:\/\/resources.diariolibre.com\/images\/expand.svg","datePublished":"2024-02-13T09:36:25+00:00","dateModified":"2024-02-13T09:36:28+00:00","breadcrumb":{"@id":"https:\/\/infoelnuevonorte.com\/?p=11498#breadcrumb"},"inLanguage":"es-DO","potentialAction":[{"@type":"ReadAction","target":["https:\/\/infoelnuevonorte.com\/?p=11498"]}]},{"@type":"ImageObject","inLanguage":"es-DO","@id":"https:\/\/infoelnuevonorte.com\/?p=11498#primaryimage","url":"https:\/\/resources.diariolibre.com\/images\/expand.svg","contentUrl":"https:\/\/resources.diariolibre.com\/images\/expand.svg"},{"@type":"BreadcrumbList","@id":"https:\/\/infoelnuevonorte.com\/?p=11498#breadcrumb","itemListElement":[{"@type":"ListItem","position":1,"name":"Home","item":"https:\/\/infoelnuevonorte.com\/"},{"@type":"ListItem","position":2,"name":"El apag\u00f3n anal\u00f3gico y la llegada de la Televisi\u00f3n Terrestre Digital a Rep\u00fablica Dominicana"}]},{"@type":"WebSite","@id":"https:\/\/infoelnuevonorte.com\/#website","url":"https:\/\/infoelnuevonorte.com\/","name":"InfoEnn","description":"Tu Voz, tu Verdad, tu Diario!!!","publisher":{"@id":"https:\/\/infoelnuevonorte.com\/#organization"},"alternateName":"El Nuevo Norte","potentialAction":[{"@type":"SearchAction","target":{"@type":"EntryPoint","urlTemplate":"https:\/\/infoelnuevonorte.com\/?s={search_term_string}"},"query-input":{"@type":"PropertyValueSpecification","valueRequired":true,"valueName":"search_term_string"}}],"inLanguage":"es-DO"},{"@type":"Organization","@id":"https:\/\/infoelnuevonorte.com\/#organization","name":"Info El Nuevo Norte","alternateName":"El Nuevo Norte","url":"https:\/\/infoelnuevonorte.com\/","logo":{"@type":"ImageObject","inLanguage":"es-DO","@id":"https:\/\/infoelnuevonorte.com\/#\/schema\/logo\/image\/","url":"https:\/\/infoelnuevonorte.com\/wp-content\/uploads\/2026\/02\/Logo-Info-enn-3d-20ani.jpeg","contentUrl":"https:\/\/infoelnuevonorte.com\/wp-content\/uploads\/2026\/02\/Logo-Info-enn-3d-20ani.jpeg","width":2046,"height":736,"caption":"Info El Nuevo Norte"},"image":{"@id":"https:\/\/infoelnuevonorte.com\/#\/schema\/logo\/image\/"},"sameAs":["https:\/\/www.facebook.com\/infoenn","https:\/\/x.com\/Elnuevo_norte","https:\/\/www.instagram.com\/infoenn","https:\/\/www.facebook.com\/ENNRD"]},{"@type":"Person","@id":"https:\/\/infoelnuevonorte.com\/#\/schema\/person\/fd4f6d90afe41260818b4ea94ad8ab84","name":"InfoEnn","image":{"@type":"ImageObject","inLanguage":"es-DO","@id":"https:\/\/infoelnuevonorte.com\/#\/schema\/person\/image\/","url":"https:\/\/secure.gravatar.com\/avatar\/d4d760a41a48ba9db0a82bfb63bb0783?s=96&d=robohash&r=g","contentUrl":"https:\/\/secure.gravatar.com\/avatar\/d4d760a41a48ba9db0a82bfb63bb0783?s=96&d=robohash&r=g","caption":"InfoEnn"},"sameAs":["https:\/\/infoelnuevonorte.com"],"url":"https:\/\/infoelnuevonorte.com\/?author=1"}]}},"_links":{"self":[{"href":"https:\/\/infoelnuevonorte.com\/index.php?rest_route=\/wp\/v2\/posts\/11498"}],"collection":[{"href":"https:\/\/infoelnuevonorte.com\/index.php?rest_route=\/wp\/v2\/posts"}],"about":[{"href":"https:\/\/infoelnuevonorte.com\/index.php?rest_route=\/wp\/v2\/types\/post"}],"author":[{"embeddable":true,"href":"https:\/\/infoelnuevonorte.com\/index.php?rest_route=\/wp\/v2\/users\/1"}],"replies":[{"embeddable":true,"href":"https:\/\/infoelnuevonorte.com\/index.php?rest_route=%2Fwp%2Fv2%2Fcomments&post=11498"}],"version-history":[{"count":0,"href":"https:\/\/infoelnuevonorte.com\/index.php?rest_route=\/wp\/v2\/posts\/11498\/revisions"}],"wp:attachment":[{"href":"https:\/\/infoelnuevonorte.com\/index.php?rest_route=%2Fwp%2Fv2%2Fmedia&parent=11498"}],"wp:term":[{"taxonomy":"category","embeddable":true,"href":"https:\/\/infoelnuevonorte.com\/index.php?rest_route=%2Fwp%2Fv2%2Fcategories&post=11498"},{"taxonomy":"post_tag","embeddable":true,"href":"https:\/\/infoelnuevonorte.com\/index.php?rest_route=%2Fwp%2Fv2%2Ftags&post=11498"}],"curies":[{"name":"wp","href":"https:\/\/api.w.org\/{rel}","templated":true}]}}