{"id":115258,"date":"2025-06-27T06:58:52","date_gmt":"2025-06-27T10:58:52","guid":{"rendered":"https:\/\/infoelnuevonorte.com\/?p=115258"},"modified":"2025-06-27T06:58:53","modified_gmt":"2025-06-27T10:58:53","slug":"alfredo-pacheco-no-hubo-acuerdo-politico-con-hipolito-mejia","status":"publish","type":"post","link":"https:\/\/infoelnuevonorte.com\/?p=115258","title":{"rendered":"Alfredo Pacheco: \u201cNo hubo acuerdo pol\u00edtico con Hip\u00f3lito Mej\u00eda\u201d"},"content":{"rendered":"<div class=\"entry-content\">\n<!--[if lt IE 9]><script>document.createElement('audio');<\/script><![endif]-->\n<audio class=\"wp-audio-shortcode\" id=\"audio-115258-1\" preload=\"none\" style=\"width: 100%;\" controls=\"controls\"><source type=\"audio\/mpeg\" src=\"https:\/\/infoelnuevonorte.com\/wp-content\/uploads\/2025\/06\/ttsmaker-vip-file-2025-6-27-6-58-38.mp3?_=1\" \/><a href=\"https:\/\/infoelnuevonorte.com\/wp-content\/uploads\/2025\/06\/ttsmaker-vip-file-2025-6-27-6-58-38.mp3\">https:\/\/infoelnuevonorte.com\/wp-content\/uploads\/2025\/06\/ttsmaker-vip-file-2025-6-27-6-58-38.mp3<\/a><\/audio>\n<h3 class=\"wp-block-heading\" style=\"text-align: justify;\"><strong>Santo Domingo.\u2013<\/strong> El presidente de la C\u00e1mara de Diputados, <a href=\"https:\/\/www.instagram.com\/elnacionalrd\/\" target=\"_blank\" rel=\"noopener\"><strong>Alfredo Pacheco<\/strong>, neg\u00f3 este jueves que su reuni\u00f3n con el expresidente <strong>Hip\u00f3lito Mej\u00eda<\/strong><\/a> tuviera como prop\u00f3sito <strong>acordar un respaldo a<\/strong> una eventual precandidatura presidencial de <strong>Carolina Mej\u00eda<\/strong> para las elecciones de 2028.<\/h3>\n<blockquote class=\"wp-block-quote is-layout-flow wp-block-quote-is-layout-flow\"><p>\u201cFui invitado a desayunar a la casa del expresidente Mej\u00eda. Hemos cultivado una buena relaci\u00f3n, no solo con miembros de mi partido, sino tambi\u00e9n con otros sectores. Fue una excelente reuni\u00f3n, en la que agradezco no solo el desayuno, sino tambi\u00e9n la suculenta conversaci\u00f3n que sostuvimos\u201d, expres\u00f3 Pacheco durante una entrevista en el programa <em>El Sol de la Ma\u00f1ana<\/em>, transmitido por Zol 106.5 FM.<\/p><\/blockquote>\n<p style=\"text-align: justify;\">El <strong>legislador<\/strong> enfatiz\u00f3 que <strong>no se lleg\u00f3 a ning\u00fan acuerdo pol\u00edtico<\/strong>, salvo continuar conversando sobre los temas que preocupan al Partido Revolucionario Moderno (PRM) y la situaci\u00f3n pol\u00edtica nacional. \u201cEse fue el \u00fanico acuerdo\u201d, puntualiz\u00f3.<\/p>\n<p style=\"text-align: justify;\"><strong><mark class=\"has-inline-color has-vivid-red-color\">Leer:<\/mark><\/strong> <a href=\"https:\/\/elnacional.com.do\/alfredo-pacheco-alerta-sobre-la-crisis-en-el-prm\/\">Alfredo Pacheco alerta sobre la crisis interna en el PRM<\/a><\/p>\n<p style=\"text-align: justify;\">Cuando se le pregunt\u00f3 si en la conversaci\u00f3n se abord\u00f3 el tema de la <strong>Secretar\u00eda General del PRM<\/strong>, Pacheco opt\u00f3 por no responder directamente, <strong>evadiendo la interrogante.<\/strong><\/p>\n<p style=\"text-align: justify;\">La aclaraci\u00f3n de <strong>Pacheco<\/strong> se produce luego de que el comunicador <strong>Jairo Ortiz<\/strong> revelara la existencia del encuentro entre <strong>ambos pol\u00edticos<\/strong>, lo cual ha generado <strong>diversas interpretaciones<\/strong> dentro del escenario pol\u00edtico, <strong>especialmente por el contexto de recomposici\u00f3n<\/strong> de fuerzas de cara al 2028.<\/p>\n<p style=\"text-align: justify;\">Seg\u00fan Ortiz, al desayuno tambi\u00e9n asistieron otras figuras relevantes, como <strong>Juan Garrig\u00f3<\/strong>, el ministro de Defensa <strong>Carlos Luciano D\u00edaz Morfa<\/strong>, entre otros actores no identificados.<\/p>\n<figure class=\"wp-block-image size-full is-resized\" style=\"text-align: justify;\"><img decoding=\"async\" class=\"wp-image-1828461\" src=\"https:\/\/elnacional.com.do\/wp-content\/uploads\/2025\/06\/PMejia.jpeg\" sizes=\"(max-width: 1000px) 100vw, 1000px\" srcset=\"https:\/\/elnacional.com.do\/wp-content\/uploads\/2025\/06\/PMejia.jpeg 1000w, https:\/\/elnacional.com.do\/wp-content\/uploads\/2025\/06\/PMejia-300x180.jpeg 300w, https:\/\/elnacional.com.do\/wp-content\/uploads\/2025\/06\/PMejia-768x461.jpeg 768w\" alt=\"El expresidente Hip\u00f3lito Mej\u00eda, mantiene una fuerza activa dentro de las filas del PRM, quien, adem\u00e1s, es al promotor de las aspraciones presidencales de su hija, Carolina Mej\u00eda. \" \/><figcaption class=\"wp-element-caption\">El expresidente Hip\u00f3lito Mej\u00eda, mantiene una fuerza activa dentro de las filas del PRM, quien, adem\u00e1s, es al promotor de las aspraciones presidencales de su hija, Carolina Mej\u00eda.<\/figcaption><\/figure>\n<p style=\"text-align: justify;\">Pacheco insisti\u00f3 en que el encuentro tuvo un \u00ab<strong>car\u00e1cter cordial\u00bb,<\/strong> de an\u00e1lisis pol\u00edtico general y sin compromisos de respaldo hacia ning\u00fan aspirante en particular.<\/p>\n<\/div>\n","protected":false},"excerpt":{"rendered":"<p>Santo Domingo.\u2013 El presidente de la C\u00e1mara de Diputados, Alfredo Pacheco, neg\u00f3 este jueves que su reuni\u00f3n con el expresidente Hip\u00f3lito Mej\u00eda tuviera como prop\u00f3sito acordar un respaldo a una eventual precandidatura presidencial de Carolina Mej\u00eda para las elecciones de 2028. \u201cFui invitado a desayunar a la casa del expresidente Mej\u00eda. Hemos cultivado una buena [&hellip;]<\/p>\n","protected":false},"author":1,"featured_media":0,"comment_status":"closed","ping_status":"open","sticky":false,"template":"","format":"standard","meta":{"footnotes":""},"categories":[245],"tags":[],"yoast_head":"<!-- This site is optimized with the Yoast SEO plugin v24.5 - https:\/\/yoast.com\/wordpress\/plugins\/seo\/ -->\n<title>Alfredo Pacheco: \u201cNo hubo acuerdo pol\u00edtico con Hip\u00f3lito Mej\u00eda\u201d | El Nuevo Norte<\/title>\n<meta name=\"robots\" content=\"index, follow, max-snippet:-1, max-image-preview:large, max-video-preview:-1\" \/>\n<link rel=\"canonical\" href=\"https:\/\/infoelnuevonorte.com\/?p=115258\" \/>\n<meta property=\"og:locale\" content=\"es_ES\" \/>\n<meta property=\"og:type\" content=\"article\" \/>\n<meta property=\"og:title\" content=\"Alfredo Pacheco: \u201cNo hubo acuerdo pol\u00edtico con Hip\u00f3lito Mej\u00eda\u201d | El Nuevo Norte\" \/>\n<meta property=\"og:description\" content=\"Santo Domingo.\u2013 El presidente de la C\u00e1mara de Diputados, Alfredo Pacheco, neg\u00f3 este jueves que su reuni\u00f3n con el expresidente Hip\u00f3lito Mej\u00eda tuviera como prop\u00f3sito acordar un respaldo a una eventual precandidatura presidencial de Carolina Mej\u00eda para las elecciones de 2028. \u201cFui invitado a desayunar a la casa del expresidente Mej\u00eda. Hemos cultivado una buena [&hellip;]\" \/>\n<meta property=\"og:url\" content=\"https:\/\/infoelnuevonorte.com\/?p=115258\" \/>\n<meta property=\"og:site_name\" content=\"El Nuevo Norte\" \/>\n<meta property=\"article:publisher\" content=\"https:\/\/www.facebook.com\/infoenn\" \/>\n<meta property=\"article:published_time\" content=\"2025-06-27T10:58:52+00:00\" \/>\n<meta property=\"article:modified_time\" content=\"2025-06-27T10:58:53+00:00\" \/>\n<meta property=\"og:image\" content=\"https:\/\/infoelnuevonorte.com\/wp-content\/uploads\/2025\/06\/Alfredo-Pacheco-2.jpeg\" \/>\n\t<meta property=\"og:image:width\" content=\"770\" \/>\n\t<meta property=\"og:image:height\" content=\"540\" \/>\n\t<meta property=\"og:image:type\" content=\"image\/jpeg\" \/>\n<meta name=\"author\" content=\"InfoEnn\" \/>\n<meta name=\"twitter:card\" content=\"summary_large_image\" \/>\n<meta name=\"twitter:creator\" content=\"@Elnuevo_norte\" \/>\n<meta name=\"twitter:site\" content=\"@Elnuevo_norte\" \/>\n<meta name=\"twitter:label1\" content=\"Written by\" \/>\n\t<meta name=\"twitter:data1\" content=\"InfoEnn\" \/>\n\t<meta name=\"twitter:label2\" content=\"Est. reading time\" \/>\n\t<meta name=\"twitter:data2\" content=\"2 minutos\" \/>\n<script type=\"application\/ld+json\" class=\"yoast-schema-graph\">{\"@context\":\"https:\/\/schema.org\",\"@graph\":[{\"@type\":\"Article\",\"@id\":\"https:\/\/infoelnuevonorte.com\/?p=115258#article\",\"isPartOf\":{\"@id\":\"https:\/\/infoelnuevonorte.com\/?p=115258\"},\"author\":{\"name\":\"InfoEnn\",\"@id\":\"https:\/\/infoelnuevonorte.com\/#\/schema\/person\/fd4f6d90afe41260818b4ea94ad8ab84\"},\"headline\":\"Alfredo Pacheco: \u201cNo hubo acuerdo pol\u00edtico con Hip\u00f3lito Mej\u00eda\u201d\",\"datePublished\":\"2025-06-27T10:58:52+00:00\",\"dateModified\":\"2025-06-27T10:58:53+00:00\",\"mainEntityOfPage\":{\"@id\":\"https:\/\/infoelnuevonorte.com\/?p=115258\"},\"wordCount\":356,\"publisher\":{\"@id\":\"https:\/\/infoelnuevonorte.com\/#organization\"},\"image\":{\"@id\":\"https:\/\/infoelnuevonorte.com\/?p=115258#primaryimage\"},\"thumbnailUrl\":\"https:\/\/elnacional.com.do\/wp-content\/uploads\/2025\/06\/PMejia.jpeg\",\"articleSection\":[\"Politica\"],\"inLanguage\":\"es-DO\"},{\"@type\":\"WebPage\",\"@id\":\"https:\/\/infoelnuevonorte.com\/?p=115258\",\"url\":\"https:\/\/infoelnuevonorte.com\/?p=115258\",\"name\":\"Alfredo Pacheco: \u201cNo hubo acuerdo pol\u00edtico con Hip\u00f3lito Mej\u00eda\u201d | El Nuevo Norte\",\"isPartOf\":{\"@id\":\"https:\/\/infoelnuevonorte.com\/#website\"},\"primaryImageOfPage\":{\"@id\":\"https:\/\/infoelnuevonorte.com\/?p=115258#primaryimage\"},\"image\":{\"@id\":\"https:\/\/infoelnuevonorte.com\/?p=115258#primaryimage\"},\"thumbnailUrl\":\"https:\/\/elnacional.com.do\/wp-content\/uploads\/2025\/06\/PMejia.jpeg\",\"datePublished\":\"2025-06-27T10:58:52+00:00\",\"dateModified\":\"2025-06-27T10:58:53+00:00\",\"breadcrumb\":{\"@id\":\"https:\/\/infoelnuevonorte.com\/?p=115258#breadcrumb\"},\"inLanguage\":\"es-DO\",\"potentialAction\":[{\"@type\":\"ReadAction\",\"target\":[\"https:\/\/infoelnuevonorte.com\/?p=115258\"]}]},{\"@type\":\"ImageObject\",\"inLanguage\":\"es-DO\",\"@id\":\"https:\/\/infoelnuevonorte.com\/?p=115258#primaryimage\",\"url\":\"https:\/\/elnacional.com.do\/wp-content\/uploads\/2025\/06\/PMejia.jpeg\",\"contentUrl\":\"https:\/\/elnacional.com.do\/wp-content\/uploads\/2025\/06\/PMejia.jpeg\"},{\"@type\":\"BreadcrumbList\",\"@id\":\"https:\/\/infoelnuevonorte.com\/?p=115258#breadcrumb\",\"itemListElement\":[{\"@type\":\"ListItem\",\"position\":1,\"name\":\"Home\",\"item\":\"https:\/\/infoelnuevonorte.com\/\"},{\"@type\":\"ListItem\",\"position\":2,\"name\":\"Alfredo Pacheco: \u201cNo hubo acuerdo pol\u00edtico con Hip\u00f3lito Mej\u00eda\u201d\"}]},{\"@type\":\"WebSite\",\"@id\":\"https:\/\/infoelnuevonorte.com\/#website\",\"url\":\"https:\/\/infoelnuevonorte.com\/\",\"name\":\"InfoEnn\",\"description\":\"Tu Voz, tu Verdad, tu Diario!!!\",\"publisher\":{\"@id\":\"https:\/\/infoelnuevonorte.com\/#organization\"},\"alternateName\":\"El Nuevo Norte\",\"potentialAction\":[{\"@type\":\"SearchAction\",\"target\":{\"@type\":\"EntryPoint\",\"urlTemplate\":\"https:\/\/infoelnuevonorte.com\/?s={search_term_string}\"},\"query-input\":{\"@type\":\"PropertyValueSpecification\",\"valueRequired\":true,\"valueName\":\"search_term_string\"}}],\"inLanguage\":\"es-DO\"},{\"@type\":\"Organization\",\"@id\":\"https:\/\/infoelnuevonorte.com\/#organization\",\"name\":\"Info El Nuevo Norte\",\"alternateName\":\"El Nuevo Norte\",\"url\":\"https:\/\/infoelnuevonorte.com\/\",\"logo\":{\"@type\":\"ImageObject\",\"inLanguage\":\"es-DO\",\"@id\":\"https:\/\/infoelnuevonorte.com\/#\/schema\/logo\/image\/\",\"url\":\"https:\/\/infoelnuevonorte.com\/wp-content\/uploads\/2026\/02\/Logo-Info-enn-3d-20ani.jpeg\",\"contentUrl\":\"https:\/\/infoelnuevonorte.com\/wp-content\/uploads\/2026\/02\/Logo-Info-enn-3d-20ani.jpeg\",\"width\":2046,\"height\":736,\"caption\":\"Info El Nuevo Norte\"},\"image\":{\"@id\":\"https:\/\/infoelnuevonorte.com\/#\/schema\/logo\/image\/\"},\"sameAs\":[\"https:\/\/www.facebook.com\/infoenn\",\"https:\/\/x.com\/Elnuevo_norte\",\"https:\/\/www.instagram.com\/infoenn\",\"https:\/\/www.facebook.com\/ENNRD\"]},{\"@type\":\"Person\",\"@id\":\"https:\/\/infoelnuevonorte.com\/#\/schema\/person\/fd4f6d90afe41260818b4ea94ad8ab84\",\"name\":\"InfoEnn\",\"image\":{\"@type\":\"ImageObject\",\"inLanguage\":\"es-DO\",\"@id\":\"https:\/\/infoelnuevonorte.com\/#\/schema\/person\/image\/\",\"url\":\"https:\/\/secure.gravatar.com\/avatar\/d4d760a41a48ba9db0a82bfb63bb0783?s=96&d=robohash&r=g\",\"contentUrl\":\"https:\/\/secure.gravatar.com\/avatar\/d4d760a41a48ba9db0a82bfb63bb0783?s=96&d=robohash&r=g\",\"caption\":\"InfoEnn\"},\"sameAs\":[\"https:\/\/infoelnuevonorte.com\"],\"url\":\"https:\/\/infoelnuevonorte.com\/?author=1\"}]}<\/script>\n<!-- \/ Yoast SEO plugin. -->","yoast_head_json":{"title":"Alfredo Pacheco: \u201cNo hubo acuerdo pol\u00edtico con Hip\u00f3lito Mej\u00eda\u201d | El Nuevo Norte","robots":{"index":"index","follow":"follow","max-snippet":"max-snippet:-1","max-image-preview":"max-image-preview:large","max-video-preview":"max-video-preview:-1"},"canonical":"https:\/\/infoelnuevonorte.com\/?p=115258","og_locale":"es_ES","og_type":"article","og_title":"Alfredo Pacheco: \u201cNo hubo acuerdo pol\u00edtico con Hip\u00f3lito Mej\u00eda\u201d | El Nuevo Norte","og_description":"Santo Domingo.\u2013 El presidente de la C\u00e1mara de Diputados, Alfredo Pacheco, neg\u00f3 este jueves que su reuni\u00f3n con el expresidente Hip\u00f3lito Mej\u00eda tuviera como prop\u00f3sito acordar un respaldo a una eventual precandidatura presidencial de Carolina Mej\u00eda para las elecciones de 2028. \u201cFui invitado a desayunar a la casa del expresidente Mej\u00eda. Hemos cultivado una buena [&hellip;]","og_url":"https:\/\/infoelnuevonorte.com\/?p=115258","og_site_name":"El Nuevo Norte","article_publisher":"https:\/\/www.facebook.com\/infoenn","article_published_time":"2025-06-27T10:58:52+00:00","article_modified_time":"2025-06-27T10:58:53+00:00","og_image":[{"width":770,"height":540,"url":"https:\/\/infoelnuevonorte.com\/wp-content\/uploads\/2025\/06\/Alfredo-Pacheco-2.jpeg","type":"image\/jpeg"}],"author":"InfoEnn","twitter_card":"summary_large_image","twitter_creator":"@Elnuevo_norte","twitter_site":"@Elnuevo_norte","twitter_misc":{"Written by":"InfoEnn","Est. reading time":"2 minutos"},"schema":{"@context":"https:\/\/schema.org","@graph":[{"@type":"Article","@id":"https:\/\/infoelnuevonorte.com\/?p=115258#article","isPartOf":{"@id":"https:\/\/infoelnuevonorte.com\/?p=115258"},"author":{"name":"InfoEnn","@id":"https:\/\/infoelnuevonorte.com\/#\/schema\/person\/fd4f6d90afe41260818b4ea94ad8ab84"},"headline":"Alfredo Pacheco: \u201cNo hubo acuerdo pol\u00edtico con Hip\u00f3lito Mej\u00eda\u201d","datePublished":"2025-06-27T10:58:52+00:00","dateModified":"2025-06-27T10:58:53+00:00","mainEntityOfPage":{"@id":"https:\/\/infoelnuevonorte.com\/?p=115258"},"wordCount":356,"publisher":{"@id":"https:\/\/infoelnuevonorte.com\/#organization"},"image":{"@id":"https:\/\/infoelnuevonorte.com\/?p=115258#primaryimage"},"thumbnailUrl":"https:\/\/elnacional.com.do\/wp-content\/uploads\/2025\/06\/PMejia.jpeg","articleSection":["Politica"],"inLanguage":"es-DO"},{"@type":"WebPage","@id":"https:\/\/infoelnuevonorte.com\/?p=115258","url":"https:\/\/infoelnuevonorte.com\/?p=115258","name":"Alfredo Pacheco: \u201cNo hubo acuerdo pol\u00edtico con Hip\u00f3lito Mej\u00eda\u201d | El Nuevo Norte","isPartOf":{"@id":"https:\/\/infoelnuevonorte.com\/#website"},"primaryImageOfPage":{"@id":"https:\/\/infoelnuevonorte.com\/?p=115258#primaryimage"},"image":{"@id":"https:\/\/infoelnuevonorte.com\/?p=115258#primaryimage"},"thumbnailUrl":"https:\/\/elnacional.com.do\/wp-content\/uploads\/2025\/06\/PMejia.jpeg","datePublished":"2025-06-27T10:58:52+00:00","dateModified":"2025-06-27T10:58:53+00:00","breadcrumb":{"@id":"https:\/\/infoelnuevonorte.com\/?p=115258#breadcrumb"},"inLanguage":"es-DO","potentialAction":[{"@type":"ReadAction","target":["https:\/\/infoelnuevonorte.com\/?p=115258"]}]},{"@type":"ImageObject","inLanguage":"es-DO","@id":"https:\/\/infoelnuevonorte.com\/?p=115258#primaryimage","url":"https:\/\/elnacional.com.do\/wp-content\/uploads\/2025\/06\/PMejia.jpeg","contentUrl":"https:\/\/elnacional.com.do\/wp-content\/uploads\/2025\/06\/PMejia.jpeg"},{"@type":"BreadcrumbList","@id":"https:\/\/infoelnuevonorte.com\/?p=115258#breadcrumb","itemListElement":[{"@type":"ListItem","position":1,"name":"Home","item":"https:\/\/infoelnuevonorte.com\/"},{"@type":"ListItem","position":2,"name":"Alfredo Pacheco: \u201cNo hubo acuerdo pol\u00edtico con Hip\u00f3lito Mej\u00eda\u201d"}]},{"@type":"WebSite","@id":"https:\/\/infoelnuevonorte.com\/#website","url":"https:\/\/infoelnuevonorte.com\/","name":"InfoEnn","description":"Tu Voz, tu Verdad, tu Diario!!!","publisher":{"@id":"https:\/\/infoelnuevonorte.com\/#organization"},"alternateName":"El Nuevo Norte","potentialAction":[{"@type":"SearchAction","target":{"@type":"EntryPoint","urlTemplate":"https:\/\/infoelnuevonorte.com\/?s={search_term_string}"},"query-input":{"@type":"PropertyValueSpecification","valueRequired":true,"valueName":"search_term_string"}}],"inLanguage":"es-DO"},{"@type":"Organization","@id":"https:\/\/infoelnuevonorte.com\/#organization","name":"Info El Nuevo Norte","alternateName":"El Nuevo Norte","url":"https:\/\/infoelnuevonorte.com\/","logo":{"@type":"ImageObject","inLanguage":"es-DO","@id":"https:\/\/infoelnuevonorte.com\/#\/schema\/logo\/image\/","url":"https:\/\/infoelnuevonorte.com\/wp-content\/uploads\/2026\/02\/Logo-Info-enn-3d-20ani.jpeg","contentUrl":"https:\/\/infoelnuevonorte.com\/wp-content\/uploads\/2026\/02\/Logo-Info-enn-3d-20ani.jpeg","width":2046,"height":736,"caption":"Info El Nuevo Norte"},"image":{"@id":"https:\/\/infoelnuevonorte.com\/#\/schema\/logo\/image\/"},"sameAs":["https:\/\/www.facebook.com\/infoenn","https:\/\/x.com\/Elnuevo_norte","https:\/\/www.instagram.com\/infoenn","https:\/\/www.facebook.com\/ENNRD"]},{"@type":"Person","@id":"https:\/\/infoelnuevonorte.com\/#\/schema\/person\/fd4f6d90afe41260818b4ea94ad8ab84","name":"InfoEnn","image":{"@type":"ImageObject","inLanguage":"es-DO","@id":"https:\/\/infoelnuevonorte.com\/#\/schema\/person\/image\/","url":"https:\/\/secure.gravatar.com\/avatar\/d4d760a41a48ba9db0a82bfb63bb0783?s=96&d=robohash&r=g","contentUrl":"https:\/\/secure.gravatar.com\/avatar\/d4d760a41a48ba9db0a82bfb63bb0783?s=96&d=robohash&r=g","caption":"InfoEnn"},"sameAs":["https:\/\/infoelnuevonorte.com"],"url":"https:\/\/infoelnuevonorte.com\/?author=1"}]}},"_links":{"self":[{"href":"https:\/\/infoelnuevonorte.com\/index.php?rest_route=\/wp\/v2\/posts\/115258"}],"collection":[{"href":"https:\/\/infoelnuevonorte.com\/index.php?rest_route=\/wp\/v2\/posts"}],"about":[{"href":"https:\/\/infoelnuevonorte.com\/index.php?rest_route=\/wp\/v2\/types\/post"}],"author":[{"embeddable":true,"href":"https:\/\/infoelnuevonorte.com\/index.php?rest_route=\/wp\/v2\/users\/1"}],"replies":[{"embeddable":true,"href":"https:\/\/infoelnuevonorte.com\/index.php?rest_route=%2Fwp%2Fv2%2Fcomments&post=115258"}],"version-history":[{"count":1,"href":"https:\/\/infoelnuevonorte.com\/index.php?rest_route=\/wp\/v2\/posts\/115258\/revisions"}],"predecessor-version":[{"id":115261,"href":"https:\/\/infoelnuevonorte.com\/index.php?rest_route=\/wp\/v2\/posts\/115258\/revisions\/115261"}],"wp:attachment":[{"href":"https:\/\/infoelnuevonorte.com\/index.php?rest_route=%2Fwp%2Fv2%2Fmedia&parent=115258"}],"wp:term":[{"taxonomy":"category","embeddable":true,"href":"https:\/\/infoelnuevonorte.com\/index.php?rest_route=%2Fwp%2Fv2%2Fcategories&post=115258"},{"taxonomy":"post_tag","embeddable":true,"href":"https:\/\/infoelnuevonorte.com\/index.php?rest_route=%2Fwp%2Fv2%2Ftags&post=115258"}],"curies":[{"name":"wp","href":"https:\/\/api.w.org\/{rel}","templated":true}]}}