{"id":117592,"date":"2025-07-03T18:12:22","date_gmt":"2025-07-03T22:12:22","guid":{"rendered":"https:\/\/infoelnuevonorte.com\/?p=117592"},"modified":"2025-07-03T18:12:23","modified_gmt":"2025-07-03T22:12:23","slug":"euroairlines-lanza-nuevas-rutas-charter-desde-europa-al-caribe-a-partir-de-octubre","status":"publish","type":"post","link":"https:\/\/infoelnuevonorte.com\/?p=117592","title":{"rendered":"Euroairlines lanza nuevas rutas ch\u00e1rter desde Europa al Caribe a partir de octubre"},"content":{"rendered":"<!--[if lt IE 9]><script>document.createElement('audio');<\/script><![endif]-->\n<audio class=\"wp-audio-shortcode\" id=\"audio-117592-1\" preload=\"none\" style=\"width: 100%;\" controls=\"controls\"><source type=\"audio\/mpeg\" src=\"https:\/\/infoelnuevonorte.com\/wp-content\/uploads\/2025\/07\/ttsmaker-vip-file-2025-7-3-18-6-22.mp3?_=1\" \/><a href=\"https:\/\/infoelnuevonorte.com\/wp-content\/uploads\/2025\/07\/ttsmaker-vip-file-2025-7-3-18-6-22.mp3\">https:\/\/infoelnuevonorte.com\/wp-content\/uploads\/2025\/07\/ttsmaker-vip-file-2025-7-3-18-6-22.mp3<\/a><\/audio>\n<p style=\"text-align: justify;\"><strong data-spm-anchor-id=\"a2ty_o01.29997173.0.i22.2dc5c921dn1ifN\">PAR\u00cdS. <\/strong>\u2013 La aerol\u00ednea <strong>Euroairlines <\/strong> anunci\u00f3 el lanzamiento de nuevas rutas ch\u00e1rter que reforzar\u00e1n su presencia internacional, conectando directamente <strong>Europa con destinos claves del Caribe<\/strong>. A partir de <strong>octubre de 2025<\/strong>, comenzar\u00e1n a operar vuelos regulares desde <strong>Bruselas y Par\u00eds <\/strong> hacia <strong>Canc\u00fan (M\u00e9xico) <\/strong> y <strong>Punta Cana (Rep\u00fablica Dominicana)<\/strong>.<\/p>\n<h3 style=\"text-align: justify;\"><strong>Nuevas rutas y frecuencias confirmadas: <\/strong><\/h3>\n<ul style=\"text-align: justify;\">\n<li>\n<p><strong>Bruselas \u2013 Canc\u00fan: <\/strong><br \/>Vuelos semanales a partir del <strong>23 de octubre <\/strong><\/p>\n<\/li>\n<li>\n<p><strong>Bruselas \u2013 Punta Cana: <\/strong><br \/>Salidas todos los <strong>viernes<\/strong>, desde el <strong>24 de octubre <\/strong><\/p>\n<\/li>\n<li>\n<p><strong>Par\u00eds \u2013 Punta Cana: <\/strong><br \/>Una nueva frecuencia semanal cada <strong>s\u00e1bado<\/strong>, a partir de octubre<\/p>\n<\/li>\n<\/ul>\n<p style=\"text-align: justify;\">La flexibilidad en las conexiones permitir\u00e1 a los viajeros dise\u00f1ar itinerarios personalizados. Por ejemplo, es posible volar un viernes desde Bruselas a Punta Cana y regresar el s\u00e1bado desde Par\u00eds, o viceversa, facilitando combinaciones entre ambas capitales europeas y los destinos caribe\u00f1os.<\/p>\n<h3 style=\"text-align: justify;\"><strong>Fortalecimiento de la conectividad internacional <\/strong><\/h3>\n<p style=\"text-align: justify;\">Jos\u00e9 Luis Benito, gerente comercial del Grupo Euroairlines, destac\u00f3 que \u201cestos nuevos vuelos desde dos importantes capitales europeas son un paso clave para consolidar una conectividad directa con destinos estrat\u00e9gicos como Canc\u00fan y Punta Cana\u201d.<\/p>\n<p style=\"text-align: justify;\">Por su parte, Jan Philipp, gerente comercial para Europa, se\u00f1al\u00f3 que \u201cla demanda por destinos tur\u00edsticos en el Caribe sigue creciendo a\u00f1o a a\u00f1o, y nuestra misi\u00f3n es ofrecer soluciones adaptadas a las necesidades de los viajeros\u201d.<\/p>\n<h3 style=\"text-align: justify;\"><strong>Servicios adicionales para una experiencia \u00fanica <\/strong><\/h3>\n<p style=\"text-align: justify;\">Euroairlines ha dise\u00f1ado una oferta integral que permite a sus pasajeros personalizar su experiencia de vuelo, incluyendo:<\/p>\n<ul style=\"text-align: justify;\">\n<li>Transporte de hasta <strong>cuatro maletas por pasajero <\/strong><\/li>\n<li>Opciones sin equipaje para viajeros ligeros<\/li>\n<li>Env\u00edo especializado de <strong>tablas de surf<\/strong>, <strong>equipos de golf <\/strong> y <strong>buceo <\/strong><\/li>\n<li>Servicios a bordo con opciones de confort y atenci\u00f3n personalizada<\/li>\n<\/ul>\n<h3 style=\"text-align: justify;\"><strong>Presentaci\u00f3n oficial con respaldo institucional <\/strong><\/h3>\n<p style=\"text-align: justify;\">El lanzamiento fue presentado oficialmente el pasado <strong>30 de junio <\/strong> en <strong>Bruselas<\/strong>, durante un evento institucional que cont\u00f3 con la participaci\u00f3n de representantes del <strong>Ministerio de Turismo de Rep\u00fablica Dominicana<\/strong>, encabezados por la embajadora <strong>Joan Cedano<\/strong>, y las consejeras <strong>Rosangel Comas <\/strong> y <strong>Samanda Fersobe<\/strong>.<\/p>\n<p style=\"text-align: justify;\">Tambi\u00e9n asistieron touroperadores, agencias de viajes y asociaciones del sector tur\u00edstico internacional, lo que refleja el inter\u00e9s colectivo por fortalecer el flujo tur\u00edstico entre Europa y el Caribe.<\/p>\n<h3 style=\"text-align: justify;\"><strong>Conectividad estrat\u00e9gica y compromiso con el turismo internacional <\/strong><\/h3>\n<p style=\"text-align: justify;\">Con esta iniciativa, <strong>Euroairlines <\/strong> refirma su compromiso con la movilidad internacional y el desarrollo del turismo regional, ampliando las opciones de viaje y fomentando la cooperaci\u00f3n con destinos prioritarios en Am\u00e9rica Latina y el Caribe.<\/p>\n<p style=\"text-align: justify;\">Estas nuevas rutas prometen no solo facilitar el acceso a uno de los destinos m\u00e1s visitados del Caribe, sino tambi\u00e9n impulsar la econom\u00eda local y posicionar a Euroairlines como un actor clave en el transporte a\u00e9reo internacional de ocio.<\/p>\n\n\n<div class=\"wp-block-group\"><div class=\"wp-block-group__inner-container is-layout-constrained wp-block-group-is-layout-constrained\">\n<div id=\"DenunciayAPP\" class=\"wp-block-group\"><div class=\"wp-block-group__inner-container is-layout-constrained wp-block-group-is-layout-constrained\">\n<p><a href=\"https:\/\/whatsapp.com\/channel\/0029Va88WGP2ER6ZxD6TCa3U\" target=\"_blank\" rel=\"noopener\"><img loading=\"lazy\" decoding=\"async\" class=\"aligncenter size-full wp-image-155512\" src=\"https:\/\/infoelnuevonorte.com\/wp-content\/uploads\/2025\/10\/Canal-whatsapp-infoenn.jpeg\" alt=\"\" width=\"2046\" height=\"554\" srcset=\"https:\/\/infoelnuevonorte.com\/wp-content\/uploads\/2025\/10\/Canal-whatsapp-infoenn.jpeg 2046w, https:\/\/infoelnuevonorte.com\/wp-content\/uploads\/2025\/10\/Canal-whatsapp-infoenn-300x81.jpeg 300w, https:\/\/infoelnuevonorte.com\/wp-content\/uploads\/2025\/10\/Canal-whatsapp-infoenn-1024x277.jpeg 1024w, https:\/\/infoelnuevonorte.com\/wp-content\/uploads\/2025\/10\/Canal-whatsapp-infoenn-768x208.jpeg 768w, https:\/\/infoelnuevonorte.com\/wp-content\/uploads\/2025\/10\/Canal-whatsapp-infoenn-1536x416.jpeg 1536w, https:\/\/infoelnuevonorte.com\/wp-content\/uploads\/2025\/10\/Canal-whatsapp-infoenn-1551x420.jpeg 1551w, https:\/\/infoelnuevonorte.com\/wp-content\/uploads\/2025\/10\/Canal-whatsapp-infoenn-150x41.jpeg 150w, https:\/\/infoelnuevonorte.com\/wp-content\/uploads\/2025\/10\/Canal-whatsapp-infoenn-696x188.jpeg 696w, https:\/\/infoelnuevonorte.com\/wp-content\/uploads\/2025\/10\/Canal-whatsapp-infoenn-1068x289.jpeg 1068w, https:\/\/infoelnuevonorte.com\/wp-content\/uploads\/2025\/10\/Canal-whatsapp-infoenn-1920x520.jpeg 1920w\" sizes=\"(max-width: 2046px) 100vw, 2046px\" \/><\/a><\/p>\n<p>\ud83d\udd17 S\u00edguenos en nuestras redes:<br data-start=\"2686\" data-end=\"2689\" \/><a href=\"https:\/\/x.com\/Elnuevo_norte\">X<\/a> | <a class=\"\" href=\"https:\/\/t.me\/infoenn\" target=\"_new\" rel=\"noopener\" data-start=\"2757\" data-end=\"2789\">Telegram<\/a> | <a class=\"\" href=\"https:\/\/instagram.com\/noticiasenn1?r=nametag\" target=\"_new\" rel=\"noopener\" data-start=\"2792\" data-end=\"2849\">Instagram<\/a><br data-start=\"2849\" data-end=\"2852\" \/><a class=\"\" href=\"https:\/\/www.facebook.com\/infoenn\" target=\"_new\" rel=\"noopener\" data-start=\"2852\" data-end=\"2896\">Facebook<\/a> | <a class=\"\" href=\"https:\/\/www.threads.net\/@noticiasenn1\" target=\"_new\" rel=\"noopener\" data-start=\"2899\" data-end=\"2947\">Threads<\/a> | <a class=\"\" href=\"https:\/\/www.youtube.com\/channel\/UCZZJg_scU1p_c6cvyCHY48A\" target=\"_new\" rel=\"noopener\" data-start=\"2950\" data-end=\"3017\" data-is-last-node=\"\">YouTube<\/a><\/p>\n<p>\ud83d\ude4f \u00a1Tu apoyo es importante!<\/p>\n<p>\ud83d\udd3bDESCARGAR NUESTRA APP \"<span style=\"color: #0000ff;\"><strong>Info ENN<\/strong><\/span>\"<\/p>\n\n\n\n<div class=\"wp-block-buttons is-content-justification-left is-layout-flex wp-container-core-buttons-is-layout-1 wp-block-buttons-is-layout-flex\">\n<div class=\"wp-block-button is-style-3d\"><a class=\"wp-block-button__link has-white-background-color has-background wp-element-button\" href=\"https:\/\/apps.apple.com\/do\/app\/infoenn\/id6503000762\"><img loading=\"lazy\" decoding=\"async\" width=\"150\" height=\"50\" class=\"wp-image-104096\" style=\"width: 150px;\" src=\"https:\/\/infoelnuevonorte.com\/wp-content\/uploads\/2025\/05\/Download_on_the_App_Store_RGB_blk.svg_.png\" alt=\"\" srcset=\"https:\/\/infoelnuevonorte.com\/wp-content\/uploads\/2025\/05\/Download_on_the_App_Store_RGB_blk.svg_.png 1280w, https:\/\/infoelnuevonorte.com\/wp-content\/uploads\/2025\/05\/Download_on_the_App_Store_RGB_blk.svg_-300x100.png 300w, https:\/\/infoelnuevonorte.com\/wp-content\/uploads\/2025\/05\/Download_on_the_App_Store_RGB_blk.svg_-1024x342.png 1024w, https:\/\/infoelnuevonorte.com\/wp-content\/uploads\/2025\/05\/Download_on_the_App_Store_RGB_blk.svg_-768x257.png 768w, https:\/\/infoelnuevonorte.com\/wp-content\/uploads\/2025\/05\/Download_on_the_App_Store_RGB_blk.svg_-1256x420.png 1256w, https:\/\/infoelnuevonorte.com\/wp-content\/uploads\/2025\/05\/Download_on_the_App_Store_RGB_blk.svg_-150x50.png 150w, https:\/\/infoelnuevonorte.com\/wp-content\/uploads\/2025\/05\/Download_on_the_App_Store_RGB_blk.svg_-696x233.png 696w, https:\/\/infoelnuevonorte.com\/wp-content\/uploads\/2025\/05\/Download_on_the_App_Store_RGB_blk.svg_-1068x357.png 1068w, https:\/\/infoelnuevonorte.com\/wp-content\/uploads\/2025\/05\/Download_on_the_App_Store_RGB_blk.svg_-200x67.png 200w\" sizes=\"(max-width: 150px) 100vw, 150px\" \/><\/a><\/div>\n<\/div>\n\n\n\n<div class=\"wp-block-buttons is-layout-flex wp-block-buttons-is-layout-flex\">\n<div class=\"wp-block-button is-style-3d td_btn_large\"><a class=\"wp-block-button__link has-white-background-color has-background wp-element-button\" href=\"https:\/\/mega.nz\/file\/vRhVTJBD#6P0Os8p_y2oJgZIa__7dhjqdpW42XJ_cY3zmbyxVohM\" target=\"_blank\" rel=\"noreferrer noopener\"><mark style=\"background-color:rgba(0, 0, 0, 0)\" class=\"has-inline-color has-light-green-cyan-color\"><img loading=\"lazy\" decoding=\"async\" width=\"150\" height=\"49\" class=\"wp-image-104095\" style=\"width: 150px;\" src=\"https:\/\/infoelnuevonorte.com\/wp-content\/uploads\/2025\/05\/badge-google-play-and-app-store-button-download-free-png.webp\" alt=\"\" srcset=\"https:\/\/infoelnuevonorte.com\/wp-content\/uploads\/2025\/05\/badge-google-play-and-app-store-button-download-free-png.webp 1920w, https:\/\/infoelnuevonorte.com\/wp-content\/uploads\/2025\/05\/badge-google-play-and-app-store-button-download-free-png-300x98.webp 300w, https:\/\/infoelnuevonorte.com\/wp-content\/uploads\/2025\/05\/badge-google-play-and-app-store-button-download-free-png-1024x335.webp 1024w, https:\/\/infoelnuevonorte.com\/wp-content\/uploads\/2025\/05\/badge-google-play-and-app-store-button-download-free-png-768x252.webp 768w, https:\/\/infoelnuevonorte.com\/wp-content\/uploads\/2025\/05\/badge-google-play-and-app-store-button-download-free-png-1536x503.webp 1536w, https:\/\/infoelnuevonorte.com\/wp-content\/uploads\/2025\/05\/badge-google-play-and-app-store-button-download-free-png-1282x420.webp 1282w, https:\/\/infoelnuevonorte.com\/wp-content\/uploads\/2025\/05\/badge-google-play-and-app-store-button-download-free-png-150x49.webp 150w, https:\/\/infoelnuevonorte.com\/wp-content\/uploads\/2025\/05\/badge-google-play-and-app-store-button-download-free-png-696x228.webp 696w, https:\/\/infoelnuevonorte.com\/wp-content\/uploads\/2025\/05\/badge-google-play-and-app-store-button-download-free-png-1068x350.webp 1068w, https:\/\/infoelnuevonorte.com\/wp-content\/uploads\/2025\/05\/badge-google-play-and-app-store-button-download-free-png-200x66.webp 200w\" sizes=\"(max-width: 150px) 100vw, 150px\" \/><\/mark><\/a><\/div>\n<\/div>\n\n\n\n<p style=\"text-align: justify;\"><strong data-start=\"0\" data-end=\"18\" data-is-only-node=\"\"><a href=\"https:\/\/infoelnuevonorte.com\/\"><img loading=\"lazy\" decoding=\"async\" class=\" wp-image-159681 alignleft\" src=\"https:\/\/infoelnuevonorte.com\/wp-content\/uploads\/2025\/11\/Logo-3d-infoenn-con-fondo-blanco.jpg\" alt=\"\" width=\"240\" height=\"86\" srcset=\"https:\/\/infoelnuevonorte.com\/wp-content\/uploads\/2025\/11\/Logo-3d-infoenn-con-fondo-blanco.jpg 1696w, https:\/\/infoelnuevonorte.com\/wp-content\/uploads\/2025\/11\/Logo-3d-infoenn-con-fondo-blanco-300x108.jpg 300w, https:\/\/infoelnuevonorte.com\/wp-content\/uploads\/2025\/11\/Logo-3d-infoenn-con-fondo-blanco-1024x367.jpg 1024w, https:\/\/infoelnuevonorte.com\/wp-content\/uploads\/2025\/11\/Logo-3d-infoenn-con-fondo-blanco-768x275.jpg 768w, https:\/\/infoelnuevonorte.com\/wp-content\/uploads\/2025\/11\/Logo-3d-infoenn-con-fondo-blanco-1536x551.jpg 1536w, https:\/\/infoelnuevonorte.com\/wp-content\/uploads\/2025\/11\/Logo-3d-infoenn-con-fondo-blanco-1172x420.jpg 1172w, https:\/\/infoelnuevonorte.com\/wp-content\/uploads\/2025\/11\/Logo-3d-infoenn-con-fondo-blanco-150x54.jpg 150w, https:\/\/infoelnuevonorte.com\/wp-content\/uploads\/2025\/11\/Logo-3d-infoenn-con-fondo-blanco-696x250.jpg 696w, https:\/\/infoelnuevonorte.com\/wp-content\/uploads\/2025\/11\/Logo-3d-infoenn-con-fondo-blanco-1068x383.jpg 1068w\" sizes=\"(max-width: 240px) 100vw, 240px\" \/><\/a>El Nuevo Norte<\/strong> es un peri\u00f3dico digital dominicano fundado el <strong data-start=\"65\" data-end=\"90\">12 de febrero de 2006<\/strong> por el periodista <strong data-start=\"109\" data-end=\"129\">Junior Henr\u00edquez<\/strong>, quien funge como director y fundador. A trav\u00e9s de la web <strong data-start=\"188\" data-end=\"212\">infoelnuevonorte.com<\/strong>, el medio ofrece informaci\u00f3n veraz y oportuna sobre los acontecimientos sociales, pol\u00edticos, comunitarios y de actualidad general, tanto a nivel nacional como internacional, promoviendo un periodismo responsable, participativo y comprometido con la libre expresi\u00f3n y el fortalecimiento de la democracia informativa.<\/p>\n<\/div><\/div>\n<\/div><\/div>\n","protected":false},"excerpt":{"rendered":"<p>PAR\u00cdS. \u2013 La aerol\u00ednea Euroairlines anunci\u00f3 el lanzamiento de nuevas rutas ch\u00e1rter que reforzar\u00e1n su presencia internacional, conectando directamente Europa con destinos claves del Caribe. A partir de octubre de 2025, comenzar\u00e1n a operar vuelos regulares desde Bruselas y Par\u00eds hacia Canc\u00fan (M\u00e9xico) y Punta Cana (Rep\u00fablica Dominicana). Nuevas rutas y frecuencias confirmadas: Bruselas \u2013 [&hellip;]<\/p>\n","protected":false},"author":1,"featured_media":117594,"comment_status":"closed","ping_status":"open","sticky":false,"template":"","format":"standard","meta":{"footnotes":""},"categories":[9],"tags":[],"yoast_head":"<!-- This site is optimized with the Yoast SEO plugin v24.5 - https:\/\/yoast.com\/wordpress\/plugins\/seo\/ -->\n<title>Euroairlines lanza nuevas rutas ch\u00e1rter desde Europa al Caribe a partir de octubre | El Nuevo Norte<\/title>\n<meta name=\"robots\" content=\"index, follow, max-snippet:-1, max-image-preview:large, max-video-preview:-1\" \/>\n<link rel=\"canonical\" href=\"https:\/\/infoelnuevonorte.com\/?p=117592\" \/>\n<meta property=\"og:locale\" content=\"es_ES\" \/>\n<meta property=\"og:type\" content=\"article\" \/>\n<meta property=\"og:title\" content=\"Euroairlines lanza nuevas rutas ch\u00e1rter desde Europa al Caribe a partir de octubre | El Nuevo Norte\" \/>\n<meta property=\"og:description\" content=\"PAR\u00cdS. \u2013 La aerol\u00ednea Euroairlines anunci\u00f3 el lanzamiento de nuevas rutas ch\u00e1rter que reforzar\u00e1n su presencia internacional, conectando directamente Europa con destinos claves del Caribe. A partir de octubre de 2025, comenzar\u00e1n a operar vuelos regulares desde Bruselas y Par\u00eds hacia Canc\u00fan (M\u00e9xico) y Punta Cana (Rep\u00fablica Dominicana). Nuevas rutas y frecuencias confirmadas: Bruselas \u2013 [&hellip;]\" \/>\n<meta property=\"og:url\" content=\"https:\/\/infoelnuevonorte.com\/?p=117592\" \/>\n<meta property=\"og:site_name\" content=\"El Nuevo Norte\" \/>\n<meta property=\"article:publisher\" content=\"https:\/\/www.facebook.com\/infoenn\" \/>\n<meta property=\"article:published_time\" content=\"2025-07-03T22:12:22+00:00\" \/>\n<meta property=\"article:modified_time\" content=\"2025-07-03T22:12:23+00:00\" \/>\n<meta property=\"og:image\" content=\"https:\/\/infoelnuevonorte.com\/wp-content\/uploads\/2025\/07\/Euroairlines-3jul25.jpg\" \/>\n\t<meta property=\"og:image:width\" content=\"1024\" \/>\n\t<meta property=\"og:image:height\" content=\"500\" \/>\n\t<meta property=\"og:image:type\" content=\"image\/jpeg\" \/>\n<meta name=\"author\" content=\"InfoEnn\" \/>\n<meta name=\"twitter:card\" content=\"summary_large_image\" \/>\n<meta name=\"twitter:creator\" content=\"@Elnuevo_norte\" \/>\n<meta name=\"twitter:site\" content=\"@Elnuevo_norte\" \/>\n<meta name=\"twitter:label1\" content=\"Written by\" \/>\n\t<meta name=\"twitter:data1\" content=\"InfoEnn\" \/>\n\t<meta name=\"twitter:label2\" content=\"Est. reading time\" \/>\n\t<meta name=\"twitter:data2\" content=\"3 minutos\" \/>\n<script type=\"application\/ld+json\" class=\"yoast-schema-graph\">{\"@context\":\"https:\/\/schema.org\",\"@graph\":[{\"@type\":\"Article\",\"@id\":\"https:\/\/infoelnuevonorte.com\/?p=117592#article\",\"isPartOf\":{\"@id\":\"https:\/\/infoelnuevonorte.com\/?p=117592\"},\"author\":{\"name\":\"InfoEnn\",\"@id\":\"https:\/\/infoelnuevonorte.com\/#\/schema\/person\/fd4f6d90afe41260818b4ea94ad8ab84\"},\"headline\":\"Euroairlines lanza nuevas rutas ch\u00e1rter desde Europa al Caribe a partir de octubre\",\"datePublished\":\"2025-07-03T22:12:22+00:00\",\"dateModified\":\"2025-07-03T22:12:23+00:00\",\"mainEntityOfPage\":{\"@id\":\"https:\/\/infoelnuevonorte.com\/?p=117592\"},\"wordCount\":487,\"publisher\":{\"@id\":\"https:\/\/infoelnuevonorte.com\/#organization\"},\"image\":{\"@id\":\"https:\/\/infoelnuevonorte.com\/?p=117592#primaryimage\"},\"thumbnailUrl\":\"https:\/\/infoelnuevonorte.com\/wp-content\/uploads\/2025\/07\/Euroairlines-3jul25.jpg\",\"articleSection\":[\"Mundiales\"],\"inLanguage\":\"es-DO\"},{\"@type\":\"WebPage\",\"@id\":\"https:\/\/infoelnuevonorte.com\/?p=117592\",\"url\":\"https:\/\/infoelnuevonorte.com\/?p=117592\",\"name\":\"Euroairlines lanza nuevas rutas ch\u00e1rter desde Europa al Caribe a partir de octubre | El Nuevo Norte\",\"isPartOf\":{\"@id\":\"https:\/\/infoelnuevonorte.com\/#website\"},\"primaryImageOfPage\":{\"@id\":\"https:\/\/infoelnuevonorte.com\/?p=117592#primaryimage\"},\"image\":{\"@id\":\"https:\/\/infoelnuevonorte.com\/?p=117592#primaryimage\"},\"thumbnailUrl\":\"https:\/\/infoelnuevonorte.com\/wp-content\/uploads\/2025\/07\/Euroairlines-3jul25.jpg\",\"datePublished\":\"2025-07-03T22:12:22+00:00\",\"dateModified\":\"2025-07-03T22:12:23+00:00\",\"breadcrumb\":{\"@id\":\"https:\/\/infoelnuevonorte.com\/?p=117592#breadcrumb\"},\"inLanguage\":\"es-DO\",\"potentialAction\":[{\"@type\":\"ReadAction\",\"target\":[\"https:\/\/infoelnuevonorte.com\/?p=117592\"]}]},{\"@type\":\"ImageObject\",\"inLanguage\":\"es-DO\",\"@id\":\"https:\/\/infoelnuevonorte.com\/?p=117592#primaryimage\",\"url\":\"https:\/\/infoelnuevonorte.com\/wp-content\/uploads\/2025\/07\/Euroairlines-3jul25.jpg\",\"contentUrl\":\"https:\/\/infoelnuevonorte.com\/wp-content\/uploads\/2025\/07\/Euroairlines-3jul25.jpg\",\"width\":1024,\"height\":500},{\"@type\":\"BreadcrumbList\",\"@id\":\"https:\/\/infoelnuevonorte.com\/?p=117592#breadcrumb\",\"itemListElement\":[{\"@type\":\"ListItem\",\"position\":1,\"name\":\"Home\",\"item\":\"https:\/\/infoelnuevonorte.com\/\"},{\"@type\":\"ListItem\",\"position\":2,\"name\":\"Euroairlines lanza nuevas rutas ch\u00e1rter desde Europa al Caribe a partir de octubre\"}]},{\"@type\":\"WebSite\",\"@id\":\"https:\/\/infoelnuevonorte.com\/#website\",\"url\":\"https:\/\/infoelnuevonorte.com\/\",\"name\":\"InfoEnn\",\"description\":\"Tu Voz, tu Verdad, tu Diario!!!\",\"publisher\":{\"@id\":\"https:\/\/infoelnuevonorte.com\/#organization\"},\"alternateName\":\"El Nuevo Norte\",\"potentialAction\":[{\"@type\":\"SearchAction\",\"target\":{\"@type\":\"EntryPoint\",\"urlTemplate\":\"https:\/\/infoelnuevonorte.com\/?s={search_term_string}\"},\"query-input\":{\"@type\":\"PropertyValueSpecification\",\"valueRequired\":true,\"valueName\":\"search_term_string\"}}],\"inLanguage\":\"es-DO\"},{\"@type\":\"Organization\",\"@id\":\"https:\/\/infoelnuevonorte.com\/#organization\",\"name\":\"Info El Nuevo Norte\",\"alternateName\":\"El Nuevo Norte\",\"url\":\"https:\/\/infoelnuevonorte.com\/\",\"logo\":{\"@type\":\"ImageObject\",\"inLanguage\":\"es-DO\",\"@id\":\"https:\/\/infoelnuevonorte.com\/#\/schema\/logo\/image\/\",\"url\":\"https:\/\/infoelnuevonorte.com\/wp-content\/uploads\/2026\/02\/Logo-Info-enn-3d-20ani.jpeg\",\"contentUrl\":\"https:\/\/infoelnuevonorte.com\/wp-content\/uploads\/2026\/02\/Logo-Info-enn-3d-20ani.jpeg\",\"width\":2046,\"height\":736,\"caption\":\"Info El Nuevo Norte\"},\"image\":{\"@id\":\"https:\/\/infoelnuevonorte.com\/#\/schema\/logo\/image\/\"},\"sameAs\":[\"https:\/\/www.facebook.com\/infoenn\",\"https:\/\/x.com\/Elnuevo_norte\",\"https:\/\/www.instagram.com\/infoenn\",\"https:\/\/www.facebook.com\/ENNRD\"]},{\"@type\":\"Person\",\"@id\":\"https:\/\/infoelnuevonorte.com\/#\/schema\/person\/fd4f6d90afe41260818b4ea94ad8ab84\",\"name\":\"InfoEnn\",\"image\":{\"@type\":\"ImageObject\",\"inLanguage\":\"es-DO\",\"@id\":\"https:\/\/infoelnuevonorte.com\/#\/schema\/person\/image\/\",\"url\":\"https:\/\/secure.gravatar.com\/avatar\/d4d760a41a48ba9db0a82bfb63bb0783?s=96&d=robohash&r=g\",\"contentUrl\":\"https:\/\/secure.gravatar.com\/avatar\/d4d760a41a48ba9db0a82bfb63bb0783?s=96&d=robohash&r=g\",\"caption\":\"InfoEnn\"},\"sameAs\":[\"https:\/\/infoelnuevonorte.com\"],\"url\":\"https:\/\/infoelnuevonorte.com\/?author=1\"}]}<\/script>\n<!-- \/ Yoast SEO plugin. -->","yoast_head_json":{"title":"Euroairlines lanza nuevas rutas ch\u00e1rter desde Europa al Caribe a partir de octubre | El Nuevo Norte","robots":{"index":"index","follow":"follow","max-snippet":"max-snippet:-1","max-image-preview":"max-image-preview:large","max-video-preview":"max-video-preview:-1"},"canonical":"https:\/\/infoelnuevonorte.com\/?p=117592","og_locale":"es_ES","og_type":"article","og_title":"Euroairlines lanza nuevas rutas ch\u00e1rter desde Europa al Caribe a partir de octubre | El Nuevo Norte","og_description":"PAR\u00cdS. \u2013 La aerol\u00ednea Euroairlines anunci\u00f3 el lanzamiento de nuevas rutas ch\u00e1rter que reforzar\u00e1n su presencia internacional, conectando directamente Europa con destinos claves del Caribe. A partir de octubre de 2025, comenzar\u00e1n a operar vuelos regulares desde Bruselas y Par\u00eds hacia Canc\u00fan (M\u00e9xico) y Punta Cana (Rep\u00fablica Dominicana). Nuevas rutas y frecuencias confirmadas: Bruselas \u2013 [&hellip;]","og_url":"https:\/\/infoelnuevonorte.com\/?p=117592","og_site_name":"El Nuevo Norte","article_publisher":"https:\/\/www.facebook.com\/infoenn","article_published_time":"2025-07-03T22:12:22+00:00","article_modified_time":"2025-07-03T22:12:23+00:00","og_image":[{"width":1024,"height":500,"url":"https:\/\/infoelnuevonorte.com\/wp-content\/uploads\/2025\/07\/Euroairlines-3jul25.jpg","type":"image\/jpeg"}],"author":"InfoEnn","twitter_card":"summary_large_image","twitter_creator":"@Elnuevo_norte","twitter_site":"@Elnuevo_norte","twitter_misc":{"Written by":"InfoEnn","Est. reading time":"3 minutos"},"schema":{"@context":"https:\/\/schema.org","@graph":[{"@type":"Article","@id":"https:\/\/infoelnuevonorte.com\/?p=117592#article","isPartOf":{"@id":"https:\/\/infoelnuevonorte.com\/?p=117592"},"author":{"name":"InfoEnn","@id":"https:\/\/infoelnuevonorte.com\/#\/schema\/person\/fd4f6d90afe41260818b4ea94ad8ab84"},"headline":"Euroairlines lanza nuevas rutas ch\u00e1rter desde Europa al Caribe a partir de octubre","datePublished":"2025-07-03T22:12:22+00:00","dateModified":"2025-07-03T22:12:23+00:00","mainEntityOfPage":{"@id":"https:\/\/infoelnuevonorte.com\/?p=117592"},"wordCount":487,"publisher":{"@id":"https:\/\/infoelnuevonorte.com\/#organization"},"image":{"@id":"https:\/\/infoelnuevonorte.com\/?p=117592#primaryimage"},"thumbnailUrl":"https:\/\/infoelnuevonorte.com\/wp-content\/uploads\/2025\/07\/Euroairlines-3jul25.jpg","articleSection":["Mundiales"],"inLanguage":"es-DO"},{"@type":"WebPage","@id":"https:\/\/infoelnuevonorte.com\/?p=117592","url":"https:\/\/infoelnuevonorte.com\/?p=117592","name":"Euroairlines lanza nuevas rutas ch\u00e1rter desde Europa al Caribe a partir de octubre | El Nuevo Norte","isPartOf":{"@id":"https:\/\/infoelnuevonorte.com\/#website"},"primaryImageOfPage":{"@id":"https:\/\/infoelnuevonorte.com\/?p=117592#primaryimage"},"image":{"@id":"https:\/\/infoelnuevonorte.com\/?p=117592#primaryimage"},"thumbnailUrl":"https:\/\/infoelnuevonorte.com\/wp-content\/uploads\/2025\/07\/Euroairlines-3jul25.jpg","datePublished":"2025-07-03T22:12:22+00:00","dateModified":"2025-07-03T22:12:23+00:00","breadcrumb":{"@id":"https:\/\/infoelnuevonorte.com\/?p=117592#breadcrumb"},"inLanguage":"es-DO","potentialAction":[{"@type":"ReadAction","target":["https:\/\/infoelnuevonorte.com\/?p=117592"]}]},{"@type":"ImageObject","inLanguage":"es-DO","@id":"https:\/\/infoelnuevonorte.com\/?p=117592#primaryimage","url":"https:\/\/infoelnuevonorte.com\/wp-content\/uploads\/2025\/07\/Euroairlines-3jul25.jpg","contentUrl":"https:\/\/infoelnuevonorte.com\/wp-content\/uploads\/2025\/07\/Euroairlines-3jul25.jpg","width":1024,"height":500},{"@type":"BreadcrumbList","@id":"https:\/\/infoelnuevonorte.com\/?p=117592#breadcrumb","itemListElement":[{"@type":"ListItem","position":1,"name":"Home","item":"https:\/\/infoelnuevonorte.com\/"},{"@type":"ListItem","position":2,"name":"Euroairlines lanza nuevas rutas ch\u00e1rter desde Europa al Caribe a partir de octubre"}]},{"@type":"WebSite","@id":"https:\/\/infoelnuevonorte.com\/#website","url":"https:\/\/infoelnuevonorte.com\/","name":"InfoEnn","description":"Tu Voz, tu Verdad, tu Diario!!!","publisher":{"@id":"https:\/\/infoelnuevonorte.com\/#organization"},"alternateName":"El Nuevo Norte","potentialAction":[{"@type":"SearchAction","target":{"@type":"EntryPoint","urlTemplate":"https:\/\/infoelnuevonorte.com\/?s={search_term_string}"},"query-input":{"@type":"PropertyValueSpecification","valueRequired":true,"valueName":"search_term_string"}}],"inLanguage":"es-DO"},{"@type":"Organization","@id":"https:\/\/infoelnuevonorte.com\/#organization","name":"Info El Nuevo Norte","alternateName":"El Nuevo Norte","url":"https:\/\/infoelnuevonorte.com\/","logo":{"@type":"ImageObject","inLanguage":"es-DO","@id":"https:\/\/infoelnuevonorte.com\/#\/schema\/logo\/image\/","url":"https:\/\/infoelnuevonorte.com\/wp-content\/uploads\/2026\/02\/Logo-Info-enn-3d-20ani.jpeg","contentUrl":"https:\/\/infoelnuevonorte.com\/wp-content\/uploads\/2026\/02\/Logo-Info-enn-3d-20ani.jpeg","width":2046,"height":736,"caption":"Info El Nuevo Norte"},"image":{"@id":"https:\/\/infoelnuevonorte.com\/#\/schema\/logo\/image\/"},"sameAs":["https:\/\/www.facebook.com\/infoenn","https:\/\/x.com\/Elnuevo_norte","https:\/\/www.instagram.com\/infoenn","https:\/\/www.facebook.com\/ENNRD"]},{"@type":"Person","@id":"https:\/\/infoelnuevonorte.com\/#\/schema\/person\/fd4f6d90afe41260818b4ea94ad8ab84","name":"InfoEnn","image":{"@type":"ImageObject","inLanguage":"es-DO","@id":"https:\/\/infoelnuevonorte.com\/#\/schema\/person\/image\/","url":"https:\/\/secure.gravatar.com\/avatar\/d4d760a41a48ba9db0a82bfb63bb0783?s=96&d=robohash&r=g","contentUrl":"https:\/\/secure.gravatar.com\/avatar\/d4d760a41a48ba9db0a82bfb63bb0783?s=96&d=robohash&r=g","caption":"InfoEnn"},"sameAs":["https:\/\/infoelnuevonorte.com"],"url":"https:\/\/infoelnuevonorte.com\/?author=1"}]}},"_links":{"self":[{"href":"https:\/\/infoelnuevonorte.com\/index.php?rest_route=\/wp\/v2\/posts\/117592"}],"collection":[{"href":"https:\/\/infoelnuevonorte.com\/index.php?rest_route=\/wp\/v2\/posts"}],"about":[{"href":"https:\/\/infoelnuevonorte.com\/index.php?rest_route=\/wp\/v2\/types\/post"}],"author":[{"embeddable":true,"href":"https:\/\/infoelnuevonorte.com\/index.php?rest_route=\/wp\/v2\/users\/1"}],"replies":[{"embeddable":true,"href":"https:\/\/infoelnuevonorte.com\/index.php?rest_route=%2Fwp%2Fv2%2Fcomments&post=117592"}],"version-history":[{"count":1,"href":"https:\/\/infoelnuevonorte.com\/index.php?rest_route=\/wp\/v2\/posts\/117592\/revisions"}],"predecessor-version":[{"id":117595,"href":"https:\/\/infoelnuevonorte.com\/index.php?rest_route=\/wp\/v2\/posts\/117592\/revisions\/117595"}],"wp:featuredmedia":[{"embeddable":true,"href":"https:\/\/infoelnuevonorte.com\/index.php?rest_route=\/wp\/v2\/media\/117594"}],"wp:attachment":[{"href":"https:\/\/infoelnuevonorte.com\/index.php?rest_route=%2Fwp%2Fv2%2Fmedia&parent=117592"}],"wp:term":[{"taxonomy":"category","embeddable":true,"href":"https:\/\/infoelnuevonorte.com\/index.php?rest_route=%2Fwp%2Fv2%2Fcategories&post=117592"},{"taxonomy":"post_tag","embeddable":true,"href":"https:\/\/infoelnuevonorte.com\/index.php?rest_route=%2Fwp%2Fv2%2Ftags&post=117592"}],"curies":[{"name":"wp","href":"https:\/\/api.w.org\/{rel}","templated":true}]}}