{"id":117819,"date":"2025-07-04T11:40:34","date_gmt":"2025-07-04T15:40:34","guid":{"rendered":"https:\/\/infoelnuevonorte.com\/?p=117819"},"modified":"2025-07-04T11:40:34","modified_gmt":"2025-07-04T15:40:34","slug":"nueva-terminal-en-aeropuerto-las-americas-vendra-con-alza-de-tasas-aeroportuarias","status":"publish","type":"post","link":"https:\/\/infoelnuevonorte.com\/?p=117819","title":{"rendered":"Nueva terminal en Aeropuerto Las Am\u00e9ricas vendr\u00e1 con alza de tasas aeroportuarias"},"content":{"rendered":"<!--[if lt IE 9]><script>document.createElement('audio');<\/script><![endif]-->\n<audio class=\"wp-audio-shortcode\" id=\"audio-117819-1\" preload=\"none\" style=\"width: 100%;\" controls=\"controls\"><source type=\"audio\/mpeg\" src=\"https:\/\/infoelnuevonorte.com\/wp-content\/uploads\/2025\/07\/ttsmaker-vip-file-2025-7-4-11-39-42.mp3?_=1\" \/><a href=\"https:\/\/infoelnuevonorte.com\/wp-content\/uploads\/2025\/07\/ttsmaker-vip-file-2025-7-4-11-39-42.mp3\">https:\/\/infoelnuevonorte.com\/wp-content\/uploads\/2025\/07\/ttsmaker-vip-file-2025-7-4-11-39-42.mp3<\/a><\/audio>\n<p style=\"text-align: justify;\">El\u00a0<strong>Gobierno dominicano<\/strong>\u00a0aprob\u00f3 un\u00a0<strong>incremento en las tasas aeroportuarias<\/strong>\u00a0que se cobran a los pasajeros que ingresan o salen del pa\u00eds a trav\u00e9s de sus\u00a0<strong>aeropuertos internacionales<\/strong>, tanto privados como concesionados. Las nuevas tarifas comenzar\u00e1n a aplicarse a partir del 1 de noviembre de este 2025.<\/p>\n<p style=\"text-align: justify;\">El\u00a0<strong>ajuste tarifario<\/strong>\u00a0fue una de las condiciones establecidas en la\u00a0<strong>renovaci\u00f3n del contrato de concesi\u00f3n<\/strong>\u00a0de los aeropuertos p\u00fablicos, firmado en 2023 entre el Estado y la empresa Aeropuertos Dominicanos Siglo XXI (<strong>Aerodom<\/strong>), como parte del acuerdo que permitir\u00e1 la\u00a0<strong>construcci\u00f3n de una nueva terminal<\/strong>\u00a0en el Aeropuerto Internacional Las Am\u00e9ricas (<strong>AILA<\/strong>).<\/p>\n<p style=\"text-align: justify;\">Esto significa que los\u00a0<strong>pasajeros\u00a0<\/strong>asumir\u00e1n parte del\u00a0<strong>costo\u00a0<\/strong>de la obra a trav\u00e9s del pago de estas\u00a0<strong>tasas<\/strong>.<\/p>\n<p style=\"text-align: justify;\">Seg\u00fan lo establece el considerando octavo de la\u00a0<strong>Resoluci\u00f3n 6948 de la Comisi\u00f3n Aeroportuaria<\/strong>, el pasado 31 de marzo la directora general de\u00a0<strong>Aerodom<\/strong>, Monika Infante, solicit\u00f3 formalmente la aprobaci\u00f3n del aumento mediante una carta dirigida a los miembros de dicho \u00f3rgano. La resoluci\u00f3n deber\u00e1\u00a0<strong>ratificarse por el Poder Ejecutivo<\/strong> por decreto.<\/p>\n<p style=\"text-align: justify;\">A partir del 1 de noviembre, la\u00a0<strong>tasa especializada por uso de infraestructura<\/strong>\u00a0\u2014cobrada por pasajero en entrada y salida\u2014 se incrementar\u00e1 en 1.10 d\u00f3lares, pasando de 19.67 a 20.77 d\u00f3lares.<\/p>\n<div class=\"my-12 component cifra relative border bg-component\" style=\"text-align: justify;\"><span class=\"text-xl block my-3 component-title glosa\"><strong>Las tasas (US$)<\/strong><\/span>\n<div class=\"relative block mb-3\"><span class=\"float-left mr-2 cifra-number glosa\">20.77<\/span><span class=\"cifra-description glosa\"><br \/><\/span><\/div>\n<p>Por uso de infraestructura por cada pasajero transportado en entrada y salida.<\/p>\n<div class=\"relative block mb-3\"><span class=\"float-left mr-2 cifra-number glosa\">3.50<\/span><span class=\"cifra-description glosa\"><br \/><\/span><\/div>\n<p>Por manejo de equipaje por cada pasajero.<\/p>\n<\/div>\n<p style=\"text-align: justify;\">Adem\u00e1s, se establece una\u00a0<strong>nueva tasa de manejo de equipaje<\/strong>\u00a0de 3.50 d\u00f3lares, un alza de 18 centavos respecto a los 3.32 actuales. La medida aplicar\u00e1 tanto a aerol\u00edneas comerciales regulares como a vuelos ch\u00e1rter.<\/p>\n<p style=\"text-align: justify;\">El pasado mi\u00e9rcoles, durante un\u00a0<strong>recorrido por el AILA<\/strong>\u00a0\u2014el segundo aeropuerto con mayor flujo del pa\u00eds\u2014 el\u00a0<strong>ministro de la Presidencia<\/strong>, Jos\u00e9 Ignacio Paliza, y el director del Departamento Aeroportuario, V\u00edctor Pichardo, inspeccionaron los\u00a0<strong>trabajos en curso<\/strong>.\u00a0<\/p>\n<p style=\"text-align: justify;\">La\u00a0<strong>nueva terminal<\/strong>\u00a0requerir\u00e1 una\u00a0<strong>inversi\u00f3n superior a los 250 millones de d\u00f3lares<\/strong>\u00a0y se prev\u00e9 est\u00e9 concluida para el a\u00f1o 2028. Se proyecta que\u00a0<strong>duplicar\u00e1 la capacidad de operaciones<\/strong> del aeropuerto, alcanzando hasta 4 millones de pasajeros al a\u00f1o.<\/p>\n<h2 style=\"text-align: justify;\">Tasas en la regi\u00f3n<\/h2>\n<p style=\"text-align: justify;\">Dominicana mantiene una de las\u00a0<strong>tarifas de uso aeroportuario<\/strong>\u00a0m\u00e1s bajas de\u00a0<strong>Am\u00e9rica Latina<\/strong>, superada \u00fanicamente por Brasil (11 d\u00f3lares) y Belice (15 d\u00f3lares), seg\u00fan el \u00cdndice de Competitividad del Transporte A\u00e9reo en\u00a0<strong>Am\u00e9rica Latina<\/strong>\u00a0y el Caribe, elaborado por ALTA y Amadeus.<\/p>\n<p style=\"text-align: justify;\">Sin embargo, el\u00a0<strong>informe advierte<\/strong>\u00a0que, al incluir otras tasas, impuestos y cargos asociados al boleto a\u00e9reo, el pa\u00eds se sit\u00faa entre las tres naciones con\u00a0<strong>peor desempe\u00f1o en materia de costos<\/strong>, junto a Argentina y Jamaica, y a la par con\u00a0<strong>M\u00e9xico y Colombia<\/strong>.<\/p>\n<div class=\"my-12 component web-insert relative border bg-component\" style=\"text-align: justify;\"><span class=\"text-xl block my-3 component-title glosa\"><strong>Flujo por los aeropuertos<\/strong><\/span>\n<p>Durante los primeros cuatro meses de 2025, los aeropuertos internacionales del pa\u00eds movilizaron 6,848,582 pasajeros en entradas y salidas, un aumento del 2.6 % frente a los 6,671,907 registrados en igual per\u00edodo de 2024.\u00a0<\/p>\n<p>No obstante, el AILA experiment\u00f3 una disminuci\u00f3n del 9.8 % en el flujo de pasajeros: entre enero y abril de 2025 transitaron por esa terminal 1,636,226 personas, frente a los 1,815,500 del mismo periodo del a\u00f1o anterior, seg\u00fan cifras del Banco Central.<\/p>\n<\/div>\n\n\n<div class=\"wp-block-group\"><div class=\"wp-block-group__inner-container is-layout-constrained wp-block-group-is-layout-constrained\">\n<div id=\"DenunciayAPP\" class=\"wp-block-group\"><div class=\"wp-block-group__inner-container is-layout-constrained wp-block-group-is-layout-constrained\">\n<p><a href=\"https:\/\/whatsapp.com\/channel\/0029Va88WGP2ER6ZxD6TCa3U\" target=\"_blank\" rel=\"noopener\"><img loading=\"lazy\" decoding=\"async\" class=\"aligncenter size-full wp-image-155512\" src=\"https:\/\/infoelnuevonorte.com\/wp-content\/uploads\/2025\/10\/Canal-whatsapp-infoenn.jpeg\" alt=\"\" width=\"2046\" height=\"554\" srcset=\"https:\/\/infoelnuevonorte.com\/wp-content\/uploads\/2025\/10\/Canal-whatsapp-infoenn.jpeg 2046w, https:\/\/infoelnuevonorte.com\/wp-content\/uploads\/2025\/10\/Canal-whatsapp-infoenn-300x81.jpeg 300w, https:\/\/infoelnuevonorte.com\/wp-content\/uploads\/2025\/10\/Canal-whatsapp-infoenn-1024x277.jpeg 1024w, https:\/\/infoelnuevonorte.com\/wp-content\/uploads\/2025\/10\/Canal-whatsapp-infoenn-768x208.jpeg 768w, https:\/\/infoelnuevonorte.com\/wp-content\/uploads\/2025\/10\/Canal-whatsapp-infoenn-1536x416.jpeg 1536w, https:\/\/infoelnuevonorte.com\/wp-content\/uploads\/2025\/10\/Canal-whatsapp-infoenn-1551x420.jpeg 1551w, https:\/\/infoelnuevonorte.com\/wp-content\/uploads\/2025\/10\/Canal-whatsapp-infoenn-150x41.jpeg 150w, https:\/\/infoelnuevonorte.com\/wp-content\/uploads\/2025\/10\/Canal-whatsapp-infoenn-696x188.jpeg 696w, https:\/\/infoelnuevonorte.com\/wp-content\/uploads\/2025\/10\/Canal-whatsapp-infoenn-1068x289.jpeg 1068w, https:\/\/infoelnuevonorte.com\/wp-content\/uploads\/2025\/10\/Canal-whatsapp-infoenn-1920x520.jpeg 1920w\" sizes=\"(max-width: 2046px) 100vw, 2046px\" \/><\/a><\/p>\n<p>\ud83d\udd17 S\u00edguenos en nuestras redes:<br data-start=\"2686\" data-end=\"2689\" \/><a href=\"https:\/\/x.com\/Elnuevo_norte\">X<\/a> | <a class=\"\" href=\"https:\/\/t.me\/infoenn\" target=\"_new\" rel=\"noopener\" data-start=\"2757\" data-end=\"2789\">Telegram<\/a> | <a class=\"\" href=\"https:\/\/instagram.com\/noticiasenn1?r=nametag\" target=\"_new\" rel=\"noopener\" data-start=\"2792\" data-end=\"2849\">Instagram<\/a><br data-start=\"2849\" data-end=\"2852\" \/><a class=\"\" href=\"https:\/\/www.facebook.com\/infoenn\" target=\"_new\" rel=\"noopener\" data-start=\"2852\" data-end=\"2896\">Facebook<\/a> | <a class=\"\" href=\"https:\/\/www.threads.net\/@noticiasenn1\" target=\"_new\" rel=\"noopener\" data-start=\"2899\" data-end=\"2947\">Threads<\/a> | <a class=\"\" href=\"https:\/\/www.youtube.com\/channel\/UCZZJg_scU1p_c6cvyCHY48A\" target=\"_new\" rel=\"noopener\" data-start=\"2950\" data-end=\"3017\" data-is-last-node=\"\">YouTube<\/a><\/p>\n<p>\ud83d\ude4f \u00a1Tu apoyo es importante!<\/p>\n<p>\ud83d\udd3bDESCARGAR NUESTRA APP \"<span style=\"color: #0000ff;\"><strong>Info ENN<\/strong><\/span>\"<\/p>\n\n\n\n<div class=\"wp-block-buttons is-content-justification-left is-layout-flex wp-container-core-buttons-is-layout-1 wp-block-buttons-is-layout-flex\">\n<div class=\"wp-block-button is-style-3d\"><a class=\"wp-block-button__link has-white-background-color has-background wp-element-button\" href=\"https:\/\/apps.apple.com\/do\/app\/infoenn\/id6503000762\"><img loading=\"lazy\" decoding=\"async\" width=\"150\" height=\"50\" class=\"wp-image-104096\" style=\"width: 150px;\" src=\"https:\/\/infoelnuevonorte.com\/wp-content\/uploads\/2025\/05\/Download_on_the_App_Store_RGB_blk.svg_.png\" alt=\"\" srcset=\"https:\/\/infoelnuevonorte.com\/wp-content\/uploads\/2025\/05\/Download_on_the_App_Store_RGB_blk.svg_.png 1280w, https:\/\/infoelnuevonorte.com\/wp-content\/uploads\/2025\/05\/Download_on_the_App_Store_RGB_blk.svg_-300x100.png 300w, https:\/\/infoelnuevonorte.com\/wp-content\/uploads\/2025\/05\/Download_on_the_App_Store_RGB_blk.svg_-1024x342.png 1024w, https:\/\/infoelnuevonorte.com\/wp-content\/uploads\/2025\/05\/Download_on_the_App_Store_RGB_blk.svg_-768x257.png 768w, https:\/\/infoelnuevonorte.com\/wp-content\/uploads\/2025\/05\/Download_on_the_App_Store_RGB_blk.svg_-1256x420.png 1256w, https:\/\/infoelnuevonorte.com\/wp-content\/uploads\/2025\/05\/Download_on_the_App_Store_RGB_blk.svg_-150x50.png 150w, https:\/\/infoelnuevonorte.com\/wp-content\/uploads\/2025\/05\/Download_on_the_App_Store_RGB_blk.svg_-696x233.png 696w, https:\/\/infoelnuevonorte.com\/wp-content\/uploads\/2025\/05\/Download_on_the_App_Store_RGB_blk.svg_-1068x357.png 1068w, https:\/\/infoelnuevonorte.com\/wp-content\/uploads\/2025\/05\/Download_on_the_App_Store_RGB_blk.svg_-200x67.png 200w\" sizes=\"(max-width: 150px) 100vw, 150px\" \/><\/a><\/div>\n<\/div>\n\n\n\n<div class=\"wp-block-buttons is-layout-flex wp-block-buttons-is-layout-flex\">\n<div class=\"wp-block-button is-style-3d td_btn_large\"><a class=\"wp-block-button__link has-white-background-color has-background wp-element-button\" href=\"https:\/\/mega.nz\/file\/vRhVTJBD#6P0Os8p_y2oJgZIa__7dhjqdpW42XJ_cY3zmbyxVohM\" target=\"_blank\" rel=\"noreferrer noopener\"><mark style=\"background-color:rgba(0, 0, 0, 0)\" class=\"has-inline-color has-light-green-cyan-color\"><img loading=\"lazy\" decoding=\"async\" width=\"150\" height=\"49\" class=\"wp-image-104095\" style=\"width: 150px;\" src=\"https:\/\/infoelnuevonorte.com\/wp-content\/uploads\/2025\/05\/badge-google-play-and-app-store-button-download-free-png.webp\" alt=\"\" srcset=\"https:\/\/infoelnuevonorte.com\/wp-content\/uploads\/2025\/05\/badge-google-play-and-app-store-button-download-free-png.webp 1920w, https:\/\/infoelnuevonorte.com\/wp-content\/uploads\/2025\/05\/badge-google-play-and-app-store-button-download-free-png-300x98.webp 300w, https:\/\/infoelnuevonorte.com\/wp-content\/uploads\/2025\/05\/badge-google-play-and-app-store-button-download-free-png-1024x335.webp 1024w, https:\/\/infoelnuevonorte.com\/wp-content\/uploads\/2025\/05\/badge-google-play-and-app-store-button-download-free-png-768x252.webp 768w, https:\/\/infoelnuevonorte.com\/wp-content\/uploads\/2025\/05\/badge-google-play-and-app-store-button-download-free-png-1536x503.webp 1536w, https:\/\/infoelnuevonorte.com\/wp-content\/uploads\/2025\/05\/badge-google-play-and-app-store-button-download-free-png-1282x420.webp 1282w, https:\/\/infoelnuevonorte.com\/wp-content\/uploads\/2025\/05\/badge-google-play-and-app-store-button-download-free-png-150x49.webp 150w, https:\/\/infoelnuevonorte.com\/wp-content\/uploads\/2025\/05\/badge-google-play-and-app-store-button-download-free-png-696x228.webp 696w, https:\/\/infoelnuevonorte.com\/wp-content\/uploads\/2025\/05\/badge-google-play-and-app-store-button-download-free-png-1068x350.webp 1068w, https:\/\/infoelnuevonorte.com\/wp-content\/uploads\/2025\/05\/badge-google-play-and-app-store-button-download-free-png-200x66.webp 200w\" sizes=\"(max-width: 150px) 100vw, 150px\" \/><\/mark><\/a><\/div>\n<\/div>\n\n\n\n<p style=\"text-align: justify;\"><strong data-start=\"0\" data-end=\"18\" data-is-only-node=\"\"><a href=\"https:\/\/infoelnuevonorte.com\/\"><img loading=\"lazy\" decoding=\"async\" class=\" wp-image-159681 alignleft\" src=\"https:\/\/infoelnuevonorte.com\/wp-content\/uploads\/2025\/11\/Logo-3d-infoenn-con-fondo-blanco.jpg\" alt=\"\" width=\"240\" height=\"86\" srcset=\"https:\/\/infoelnuevonorte.com\/wp-content\/uploads\/2025\/11\/Logo-3d-infoenn-con-fondo-blanco.jpg 1696w, https:\/\/infoelnuevonorte.com\/wp-content\/uploads\/2025\/11\/Logo-3d-infoenn-con-fondo-blanco-300x108.jpg 300w, https:\/\/infoelnuevonorte.com\/wp-content\/uploads\/2025\/11\/Logo-3d-infoenn-con-fondo-blanco-1024x367.jpg 1024w, https:\/\/infoelnuevonorte.com\/wp-content\/uploads\/2025\/11\/Logo-3d-infoenn-con-fondo-blanco-768x275.jpg 768w, https:\/\/infoelnuevonorte.com\/wp-content\/uploads\/2025\/11\/Logo-3d-infoenn-con-fondo-blanco-1536x551.jpg 1536w, https:\/\/infoelnuevonorte.com\/wp-content\/uploads\/2025\/11\/Logo-3d-infoenn-con-fondo-blanco-1172x420.jpg 1172w, https:\/\/infoelnuevonorte.com\/wp-content\/uploads\/2025\/11\/Logo-3d-infoenn-con-fondo-blanco-150x54.jpg 150w, https:\/\/infoelnuevonorte.com\/wp-content\/uploads\/2025\/11\/Logo-3d-infoenn-con-fondo-blanco-696x250.jpg 696w, https:\/\/infoelnuevonorte.com\/wp-content\/uploads\/2025\/11\/Logo-3d-infoenn-con-fondo-blanco-1068x383.jpg 1068w\" sizes=\"(max-width: 240px) 100vw, 240px\" \/><\/a>El Nuevo Norte<\/strong> es un peri\u00f3dico digital dominicano fundado el <strong data-start=\"65\" data-end=\"90\">12 de febrero de 2006<\/strong> por el periodista <strong data-start=\"109\" data-end=\"129\">Junior Henr\u00edquez<\/strong>, quien funge como director y fundador. A trav\u00e9s de la web <strong data-start=\"188\" data-end=\"212\">infoelnuevonorte.com<\/strong>, el medio ofrece informaci\u00f3n veraz y oportuna sobre los acontecimientos sociales, pol\u00edticos, comunitarios y de actualidad general, tanto a nivel nacional como internacional, promoviendo un periodismo responsable, participativo y comprometido con la libre expresi\u00f3n y el fortalecimiento de la democracia informativa.<\/p>\n<\/div><\/div>\n<\/div><\/div>\n","protected":false},"excerpt":{"rendered":"<p>El\u00a0Gobierno dominicano\u00a0aprob\u00f3 un\u00a0incremento en las tasas aeroportuarias\u00a0que se cobran a los pasajeros que ingresan o salen del pa\u00eds a trav\u00e9s de sus\u00a0aeropuertos internacionales, tanto privados como concesionados. Las nuevas tarifas comenzar\u00e1n a aplicarse a partir del 1 de noviembre de este 2025. El\u00a0ajuste tarifario\u00a0fue una de las condiciones establecidas en la\u00a0renovaci\u00f3n del contrato de concesi\u00f3n\u00a0de [&hellip;]<\/p>\n","protected":false},"author":2,"featured_media":117821,"comment_status":"closed","ping_status":"open","sticky":false,"template":"","format":"standard","meta":{"footnotes":""},"categories":[15],"tags":[],"yoast_head":"<!-- This site is optimized with the Yoast SEO plugin v24.5 - https:\/\/yoast.com\/wordpress\/plugins\/seo\/ -->\n<title>Nueva terminal en Aeropuerto Las Am\u00e9ricas vendr\u00e1 con alza de tasas aeroportuarias | El Nuevo Norte<\/title>\n<meta name=\"robots\" content=\"index, follow, max-snippet:-1, max-image-preview:large, max-video-preview:-1\" \/>\n<link rel=\"canonical\" href=\"https:\/\/infoelnuevonorte.com\/?p=117819\" \/>\n<meta property=\"og:locale\" content=\"es_ES\" \/>\n<meta property=\"og:type\" content=\"article\" \/>\n<meta property=\"og:title\" content=\"Nueva terminal en Aeropuerto Las Am\u00e9ricas vendr\u00e1 con alza de tasas aeroportuarias | El Nuevo Norte\" \/>\n<meta property=\"og:description\" content=\"El\u00a0Gobierno dominicano\u00a0aprob\u00f3 un\u00a0incremento en las tasas aeroportuarias\u00a0que se cobran a los pasajeros que ingresan o salen del pa\u00eds a trav\u00e9s de sus\u00a0aeropuertos internacionales, tanto privados como concesionados. Las nuevas tarifas comenzar\u00e1n a aplicarse a partir del 1 de noviembre de este 2025. El\u00a0ajuste tarifario\u00a0fue una de las condiciones establecidas en la\u00a0renovaci\u00f3n del contrato de concesi\u00f3n\u00a0de [&hellip;]\" \/>\n<meta property=\"og:url\" content=\"https:\/\/infoelnuevonorte.com\/?p=117819\" \/>\n<meta property=\"og:site_name\" content=\"El Nuevo Norte\" \/>\n<meta property=\"article:publisher\" content=\"https:\/\/www.facebook.com\/infoenn\" \/>\n<meta property=\"article:published_time\" content=\"2025-07-04T15:40:34+00:00\" \/>\n<meta property=\"og:image\" content=\"https:\/\/infoelnuevonorte.com\/wp-content\/uploads\/2025\/07\/logo_2025_con_eslogan-sin-fondo.png\" \/>\n\t<meta property=\"og:image:width\" content=\"651\" \/>\n\t<meta property=\"og:image:height\" content=\"383\" \/>\n\t<meta property=\"og:image:type\" content=\"image\/png\" \/>\n<meta name=\"author\" content=\"T. R.\" \/>\n<meta name=\"twitter:card\" content=\"summary_large_image\" \/>\n<meta name=\"twitter:creator\" content=\"@Elnuevo_norte\" \/>\n<meta name=\"twitter:site\" content=\"@Elnuevo_norte\" \/>\n<meta name=\"twitter:label1\" content=\"Written by\" \/>\n\t<meta name=\"twitter:data1\" content=\"T. R.\" \/>\n\t<meta name=\"twitter:label2\" content=\"Est. reading time\" \/>\n\t<meta name=\"twitter:data2\" content=\"3 minutos\" \/>\n<script type=\"application\/ld+json\" class=\"yoast-schema-graph\">{\"@context\":\"https:\/\/schema.org\",\"@graph\":[{\"@type\":\"Article\",\"@id\":\"https:\/\/infoelnuevonorte.com\/?p=117819#article\",\"isPartOf\":{\"@id\":\"https:\/\/infoelnuevonorte.com\/?p=117819\"},\"author\":{\"name\":\"T. R.\",\"@id\":\"https:\/\/infoelnuevonorte.com\/#\/schema\/person\/3accb35eb55f55e96c492b52d085a403\"},\"headline\":\"Nueva terminal en Aeropuerto Las Am\u00e9ricas vendr\u00e1 con alza de tasas aeroportuarias\",\"datePublished\":\"2025-07-04T15:40:34+00:00\",\"mainEntityOfPage\":{\"@id\":\"https:\/\/infoelnuevonorte.com\/?p=117819\"},\"wordCount\":555,\"publisher\":{\"@id\":\"https:\/\/infoelnuevonorte.com\/#organization\"},\"image\":{\"@id\":\"https:\/\/infoelnuevonorte.com\/?p=117819#primaryimage\"},\"thumbnailUrl\":\"https:\/\/infoelnuevonorte.com\/wp-content\/uploads\/2025\/07\/descarga-2025-07-04T113618.591.png\",\"articleSection\":[\"Economicas\"],\"inLanguage\":\"es-DO\"},{\"@type\":\"WebPage\",\"@id\":\"https:\/\/infoelnuevonorte.com\/?p=117819\",\"url\":\"https:\/\/infoelnuevonorte.com\/?p=117819\",\"name\":\"Nueva terminal en Aeropuerto Las Am\u00e9ricas vendr\u00e1 con alza de tasas aeroportuarias | El Nuevo Norte\",\"isPartOf\":{\"@id\":\"https:\/\/infoelnuevonorte.com\/#website\"},\"primaryImageOfPage\":{\"@id\":\"https:\/\/infoelnuevonorte.com\/?p=117819#primaryimage\"},\"image\":{\"@id\":\"https:\/\/infoelnuevonorte.com\/?p=117819#primaryimage\"},\"thumbnailUrl\":\"https:\/\/infoelnuevonorte.com\/wp-content\/uploads\/2025\/07\/descarga-2025-07-04T113618.591.png\",\"datePublished\":\"2025-07-04T15:40:34+00:00\",\"breadcrumb\":{\"@id\":\"https:\/\/infoelnuevonorte.com\/?p=117819#breadcrumb\"},\"inLanguage\":\"es-DO\",\"potentialAction\":[{\"@type\":\"ReadAction\",\"target\":[\"https:\/\/infoelnuevonorte.com\/?p=117819\"]}]},{\"@type\":\"ImageObject\",\"inLanguage\":\"es-DO\",\"@id\":\"https:\/\/infoelnuevonorte.com\/?p=117819#primaryimage\",\"url\":\"https:\/\/infoelnuevonorte.com\/wp-content\/uploads\/2025\/07\/descarga-2025-07-04T113618.591.png\",\"contentUrl\":\"https:\/\/infoelnuevonorte.com\/wp-content\/uploads\/2025\/07\/descarga-2025-07-04T113618.591.png\",\"width\":896,\"height\":504},{\"@type\":\"BreadcrumbList\",\"@id\":\"https:\/\/infoelnuevonorte.com\/?p=117819#breadcrumb\",\"itemListElement\":[{\"@type\":\"ListItem\",\"position\":1,\"name\":\"Home\",\"item\":\"https:\/\/infoelnuevonorte.com\/\"},{\"@type\":\"ListItem\",\"position\":2,\"name\":\"Nueva terminal en Aeropuerto Las Am\u00e9ricas vendr\u00e1 con alza de tasas aeroportuarias\"}]},{\"@type\":\"WebSite\",\"@id\":\"https:\/\/infoelnuevonorte.com\/#website\",\"url\":\"https:\/\/infoelnuevonorte.com\/\",\"name\":\"InfoEnn\",\"description\":\"Tu Voz, tu Verdad, tu Diario!!!\",\"publisher\":{\"@id\":\"https:\/\/infoelnuevonorte.com\/#organization\"},\"alternateName\":\"El Nuevo Norte\",\"potentialAction\":[{\"@type\":\"SearchAction\",\"target\":{\"@type\":\"EntryPoint\",\"urlTemplate\":\"https:\/\/infoelnuevonorte.com\/?s={search_term_string}\"},\"query-input\":{\"@type\":\"PropertyValueSpecification\",\"valueRequired\":true,\"valueName\":\"search_term_string\"}}],\"inLanguage\":\"es-DO\"},{\"@type\":\"Organization\",\"@id\":\"https:\/\/infoelnuevonorte.com\/#organization\",\"name\":\"Info El Nuevo Norte\",\"alternateName\":\"El Nuevo Norte\",\"url\":\"https:\/\/infoelnuevonorte.com\/\",\"logo\":{\"@type\":\"ImageObject\",\"inLanguage\":\"es-DO\",\"@id\":\"https:\/\/infoelnuevonorte.com\/#\/schema\/logo\/image\/\",\"url\":\"https:\/\/infoelnuevonorte.com\/wp-content\/uploads\/2026\/02\/Logo-Info-enn-3d-20ani.jpeg\",\"contentUrl\":\"https:\/\/infoelnuevonorte.com\/wp-content\/uploads\/2026\/02\/Logo-Info-enn-3d-20ani.jpeg\",\"width\":2046,\"height\":736,\"caption\":\"Info El Nuevo Norte\"},\"image\":{\"@id\":\"https:\/\/infoelnuevonorte.com\/#\/schema\/logo\/image\/\"},\"sameAs\":[\"https:\/\/www.facebook.com\/infoenn\",\"https:\/\/x.com\/Elnuevo_norte\",\"https:\/\/www.instagram.com\/infoenn\",\"https:\/\/www.facebook.com\/ENNRD\"]},{\"@type\":\"Person\",\"@id\":\"https:\/\/infoelnuevonorte.com\/#\/schema\/person\/3accb35eb55f55e96c492b52d085a403\",\"name\":\"T. R.\",\"image\":{\"@type\":\"ImageObject\",\"inLanguage\":\"es-DO\",\"@id\":\"https:\/\/infoelnuevonorte.com\/#\/schema\/person\/image\/\",\"url\":\"https:\/\/secure.gravatar.com\/avatar\/40543a038bda97abdb765b1662e9677d?s=96&d=robohash&r=g\",\"contentUrl\":\"https:\/\/secure.gravatar.com\/avatar\/40543a038bda97abdb765b1662e9677d?s=96&d=robohash&r=g\",\"caption\":\"T. R.\"},\"url\":\"https:\/\/infoelnuevonorte.com\/?author=2\"}]}<\/script>\n<!-- \/ Yoast SEO plugin. -->","yoast_head_json":{"title":"Nueva terminal en Aeropuerto Las Am\u00e9ricas vendr\u00e1 con alza de tasas aeroportuarias | El Nuevo Norte","robots":{"index":"index","follow":"follow","max-snippet":"max-snippet:-1","max-image-preview":"max-image-preview:large","max-video-preview":"max-video-preview:-1"},"canonical":"https:\/\/infoelnuevonorte.com\/?p=117819","og_locale":"es_ES","og_type":"article","og_title":"Nueva terminal en Aeropuerto Las Am\u00e9ricas vendr\u00e1 con alza de tasas aeroportuarias | El Nuevo Norte","og_description":"El\u00a0Gobierno dominicano\u00a0aprob\u00f3 un\u00a0incremento en las tasas aeroportuarias\u00a0que se cobran a los pasajeros que ingresan o salen del pa\u00eds a trav\u00e9s de sus\u00a0aeropuertos internacionales, tanto privados como concesionados. Las nuevas tarifas comenzar\u00e1n a aplicarse a partir del 1 de noviembre de este 2025. El\u00a0ajuste tarifario\u00a0fue una de las condiciones establecidas en la\u00a0renovaci\u00f3n del contrato de concesi\u00f3n\u00a0de [&hellip;]","og_url":"https:\/\/infoelnuevonorte.com\/?p=117819","og_site_name":"El Nuevo Norte","article_publisher":"https:\/\/www.facebook.com\/infoenn","article_published_time":"2025-07-04T15:40:34+00:00","og_image":[{"width":651,"height":383,"url":"https:\/\/infoelnuevonorte.com\/wp-content\/uploads\/2025\/07\/logo_2025_con_eslogan-sin-fondo.png","type":"image\/png"}],"author":"T. R.","twitter_card":"summary_large_image","twitter_creator":"@Elnuevo_norte","twitter_site":"@Elnuevo_norte","twitter_misc":{"Written by":"T. R.","Est. reading time":"3 minutos"},"schema":{"@context":"https:\/\/schema.org","@graph":[{"@type":"Article","@id":"https:\/\/infoelnuevonorte.com\/?p=117819#article","isPartOf":{"@id":"https:\/\/infoelnuevonorte.com\/?p=117819"},"author":{"name":"T. R.","@id":"https:\/\/infoelnuevonorte.com\/#\/schema\/person\/3accb35eb55f55e96c492b52d085a403"},"headline":"Nueva terminal en Aeropuerto Las Am\u00e9ricas vendr\u00e1 con alza de tasas aeroportuarias","datePublished":"2025-07-04T15:40:34+00:00","mainEntityOfPage":{"@id":"https:\/\/infoelnuevonorte.com\/?p=117819"},"wordCount":555,"publisher":{"@id":"https:\/\/infoelnuevonorte.com\/#organization"},"image":{"@id":"https:\/\/infoelnuevonorte.com\/?p=117819#primaryimage"},"thumbnailUrl":"https:\/\/infoelnuevonorte.com\/wp-content\/uploads\/2025\/07\/descarga-2025-07-04T113618.591.png","articleSection":["Economicas"],"inLanguage":"es-DO"},{"@type":"WebPage","@id":"https:\/\/infoelnuevonorte.com\/?p=117819","url":"https:\/\/infoelnuevonorte.com\/?p=117819","name":"Nueva terminal en Aeropuerto Las Am\u00e9ricas vendr\u00e1 con alza de tasas aeroportuarias | El Nuevo Norte","isPartOf":{"@id":"https:\/\/infoelnuevonorte.com\/#website"},"primaryImageOfPage":{"@id":"https:\/\/infoelnuevonorte.com\/?p=117819#primaryimage"},"image":{"@id":"https:\/\/infoelnuevonorte.com\/?p=117819#primaryimage"},"thumbnailUrl":"https:\/\/infoelnuevonorte.com\/wp-content\/uploads\/2025\/07\/descarga-2025-07-04T113618.591.png","datePublished":"2025-07-04T15:40:34+00:00","breadcrumb":{"@id":"https:\/\/infoelnuevonorte.com\/?p=117819#breadcrumb"},"inLanguage":"es-DO","potentialAction":[{"@type":"ReadAction","target":["https:\/\/infoelnuevonorte.com\/?p=117819"]}]},{"@type":"ImageObject","inLanguage":"es-DO","@id":"https:\/\/infoelnuevonorte.com\/?p=117819#primaryimage","url":"https:\/\/infoelnuevonorte.com\/wp-content\/uploads\/2025\/07\/descarga-2025-07-04T113618.591.png","contentUrl":"https:\/\/infoelnuevonorte.com\/wp-content\/uploads\/2025\/07\/descarga-2025-07-04T113618.591.png","width":896,"height":504},{"@type":"BreadcrumbList","@id":"https:\/\/infoelnuevonorte.com\/?p=117819#breadcrumb","itemListElement":[{"@type":"ListItem","position":1,"name":"Home","item":"https:\/\/infoelnuevonorte.com\/"},{"@type":"ListItem","position":2,"name":"Nueva terminal en Aeropuerto Las Am\u00e9ricas vendr\u00e1 con alza de tasas aeroportuarias"}]},{"@type":"WebSite","@id":"https:\/\/infoelnuevonorte.com\/#website","url":"https:\/\/infoelnuevonorte.com\/","name":"InfoEnn","description":"Tu Voz, tu Verdad, tu Diario!!!","publisher":{"@id":"https:\/\/infoelnuevonorte.com\/#organization"},"alternateName":"El Nuevo Norte","potentialAction":[{"@type":"SearchAction","target":{"@type":"EntryPoint","urlTemplate":"https:\/\/infoelnuevonorte.com\/?s={search_term_string}"},"query-input":{"@type":"PropertyValueSpecification","valueRequired":true,"valueName":"search_term_string"}}],"inLanguage":"es-DO"},{"@type":"Organization","@id":"https:\/\/infoelnuevonorte.com\/#organization","name":"Info El Nuevo Norte","alternateName":"El Nuevo Norte","url":"https:\/\/infoelnuevonorte.com\/","logo":{"@type":"ImageObject","inLanguage":"es-DO","@id":"https:\/\/infoelnuevonorte.com\/#\/schema\/logo\/image\/","url":"https:\/\/infoelnuevonorte.com\/wp-content\/uploads\/2026\/02\/Logo-Info-enn-3d-20ani.jpeg","contentUrl":"https:\/\/infoelnuevonorte.com\/wp-content\/uploads\/2026\/02\/Logo-Info-enn-3d-20ani.jpeg","width":2046,"height":736,"caption":"Info El Nuevo Norte"},"image":{"@id":"https:\/\/infoelnuevonorte.com\/#\/schema\/logo\/image\/"},"sameAs":["https:\/\/www.facebook.com\/infoenn","https:\/\/x.com\/Elnuevo_norte","https:\/\/www.instagram.com\/infoenn","https:\/\/www.facebook.com\/ENNRD"]},{"@type":"Person","@id":"https:\/\/infoelnuevonorte.com\/#\/schema\/person\/3accb35eb55f55e96c492b52d085a403","name":"T. R.","image":{"@type":"ImageObject","inLanguage":"es-DO","@id":"https:\/\/infoelnuevonorte.com\/#\/schema\/person\/image\/","url":"https:\/\/secure.gravatar.com\/avatar\/40543a038bda97abdb765b1662e9677d?s=96&d=robohash&r=g","contentUrl":"https:\/\/secure.gravatar.com\/avatar\/40543a038bda97abdb765b1662e9677d?s=96&d=robohash&r=g","caption":"T. R."},"url":"https:\/\/infoelnuevonorte.com\/?author=2"}]}},"_links":{"self":[{"href":"https:\/\/infoelnuevonorte.com\/index.php?rest_route=\/wp\/v2\/posts\/117819"}],"collection":[{"href":"https:\/\/infoelnuevonorte.com\/index.php?rest_route=\/wp\/v2\/posts"}],"about":[{"href":"https:\/\/infoelnuevonorte.com\/index.php?rest_route=\/wp\/v2\/types\/post"}],"author":[{"embeddable":true,"href":"https:\/\/infoelnuevonorte.com\/index.php?rest_route=\/wp\/v2\/users\/2"}],"replies":[{"embeddable":true,"href":"https:\/\/infoelnuevonorte.com\/index.php?rest_route=%2Fwp%2Fv2%2Fcomments&post=117819"}],"version-history":[{"count":1,"href":"https:\/\/infoelnuevonorte.com\/index.php?rest_route=\/wp\/v2\/posts\/117819\/revisions"}],"predecessor-version":[{"id":117822,"href":"https:\/\/infoelnuevonorte.com\/index.php?rest_route=\/wp\/v2\/posts\/117819\/revisions\/117822"}],"wp:featuredmedia":[{"embeddable":true,"href":"https:\/\/infoelnuevonorte.com\/index.php?rest_route=\/wp\/v2\/media\/117821"}],"wp:attachment":[{"href":"https:\/\/infoelnuevonorte.com\/index.php?rest_route=%2Fwp%2Fv2%2Fmedia&parent=117819"}],"wp:term":[{"taxonomy":"category","embeddable":true,"href":"https:\/\/infoelnuevonorte.com\/index.php?rest_route=%2Fwp%2Fv2%2Fcategories&post=117819"},{"taxonomy":"post_tag","embeddable":true,"href":"https:\/\/infoelnuevonorte.com\/index.php?rest_route=%2Fwp%2Fv2%2Ftags&post=117819"}],"curies":[{"name":"wp","href":"https:\/\/api.w.org\/{rel}","templated":true}]}}