{"id":1193,"date":"2023-10-05T15:58:19","date_gmt":"2023-10-05T15:58:19","guid":{"rendered":"https:\/\/infoelnuevonorte.com\/?p=1193"},"modified":"2023-10-05T15:58:21","modified_gmt":"2023-10-05T15:58:21","slug":"miles-de-personas-marchan-en-bruselas-para-que-no-se-prohiba-el-derecho-a-manifestarse","status":"publish","type":"post","link":"https:\/\/infoelnuevonorte.com\/?p=1193","title":{"rendered":"Miles de personas marchan en Bruselas para que no se proh\u00edba el derecho a manifestarse"},"content":{"rendered":"<p style=\"text-align: justify;\">BRUSELAS.- Miles de personas marcharon este jueves por el centro de Bruselas en protesta contra un proyecto de ley que prepara el Ministerio de Justicia de B\u00e9lgica, que consideran una amenaza para el derecho a manifestarse.<\/p>\n<p style=\"text-align: justify;\">Organizada por la sociedad civil y los sindicatos socialista (FGTB), cristiano (CSC) y liberal (CGSLB), la marcha reuni\u00f3 a unas 10.000 personas seg\u00fan los sindicatos y 7.000 seg\u00fan la polic\u00eda, inform\u00f3 la agencia Belga.<\/p>\n<p style=\"text-align: justify;\">La acci\u00f3n de protesta ocasion\u00f3 perturbaciones sobre todo en el transporte p\u00fablico de la ciudad, que estuvo pr\u00e1cticamente paralizado.<\/p>\n<p style=\"text-align: justify;\">El proyecto de ley en cuesti\u00f3n, del que es responsable el ministro federal de Justicia, Vincent Van Quickenborne, prev\u00e9 en particular la posibilidad de que un juez que haya condenado a una persona por violencia o degradaci\u00f3n en la v\u00eda p\u00fablica, a\u00f1ada a la pena una prohibici\u00f3n de manifestarse.<\/p>\n<p style=\"text-align: justify;\">El texto legislativo se encuentra en la recta final de su aprobaci\u00f3n.<\/p>\n<p style=\"text-align: justify;\">La manifestaci\u00f3n de este jueves comenz\u00f3 a las 10:00 hora local ante el gabinete del ministro de Justicia.<\/p>\n<p style=\"text-align: justify;\">Durante la marcha, que transcurri\u00f3 en un ambiente festivo, con m\u00fasica y petardos, los manifestantes ofrecieron un inodoro p\u00fablico al titular de Justicia.<\/p>\n<p style=\"text-align: justify;\">La procesi\u00f3n verde, roja y azul con los colores de los sindicatos se dirigi\u00f3 despu\u00e9s a las sedes de los partidos de izquierda del Gobierno federal (ecologistas y socialdem\u00f3cratas) para \u00abhacerles entender que estar\u00edan cometiendo un grave error al votar esta ley liberticida\u00bb, anunciaron los organizadores en un comunicado.<\/p>\n<p style=\"text-align: justify;\">A principios de julio, el texto fue aprobado por el comit\u00e9 de Justicia del parlamento, y est\u00e1 ya solo pendiente del voto en el pleno.<\/p>\n<p style=\"text-align: justify;\">Los opositores al proyecto esperan que los partidos de izquierda de la coalici\u00f3n gubernamental renuncien a darle luz verde en ese momento.<\/p>\n<p style=\"text-align: justify;\">Por su parte, el ministro de Justicia, Vincent Van Quickenborne, record\u00f3 hoy en un comunicado que el proyecto de ley fue elaborado en parte a petici\u00f3n de la polic\u00eda y del alcalde de Bruselas.<\/p>\n<p style=\"text-align: justify;\">Hay manifestaciones que \u00abson secuestradas por alborotadores, matones y hooligans que s\u00f3lo quieren provocar violencia y causar da\u00f1os\u00bb, explica el comunicado de prensa, que pone el ejemplo de los agentes de polic\u00eda heridos durante una manifestaci\u00f3n en enero de 2022.<\/p>\n","protected":false},"excerpt":{"rendered":"<p>BRUSELAS.- Miles de personas marcharon este jueves por el centro de Bruselas en protesta contra un proyecto de ley que prepara el Ministerio de Justicia de B\u00e9lgica, que consideran una amenaza para el derecho a manifestarse. Organizada por la sociedad civil y los sindicatos socialista (FGTB), cristiano (CSC) y liberal (CGSLB), la marcha reuni\u00f3 a [&hellip;]<\/p>\n","protected":false},"author":1,"featured_media":0,"comment_status":"open","ping_status":"open","sticky":false,"template":"","format":"standard","meta":{"footnotes":""},"categories":[2,9],"tags":[],"yoast_head":"<!-- This site is optimized with the Yoast SEO plugin v24.5 - https:\/\/yoast.com\/wordpress\/plugins\/seo\/ -->\n<title>Miles de personas marchan en Bruselas para que no se proh\u00edba el derecho a manifestarse | El Nuevo Norte<\/title>\n<meta name=\"robots\" content=\"index, follow, max-snippet:-1, max-image-preview:large, max-video-preview:-1\" \/>\n<link rel=\"canonical\" href=\"https:\/\/infoelnuevonorte.com\/?p=1193\" \/>\n<meta property=\"og:locale\" content=\"es_ES\" \/>\n<meta property=\"og:type\" content=\"article\" \/>\n<meta property=\"og:title\" content=\"Miles de personas marchan en Bruselas para que no se proh\u00edba el derecho a manifestarse | El Nuevo Norte\" \/>\n<meta property=\"og:description\" content=\"BRUSELAS.- Miles de personas marcharon este jueves por el centro de Bruselas en protesta contra un proyecto de ley que prepara el Ministerio de Justicia de B\u00e9lgica, que consideran una amenaza para el derecho a manifestarse. Organizada por la sociedad civil y los sindicatos socialista (FGTB), cristiano (CSC) y liberal (CGSLB), la marcha reuni\u00f3 a [&hellip;]\" \/>\n<meta property=\"og:url\" content=\"https:\/\/infoelnuevonorte.com\/?p=1193\" \/>\n<meta property=\"og:site_name\" content=\"El Nuevo Norte\" \/>\n<meta property=\"article:publisher\" content=\"https:\/\/www.facebook.com\/infoenn\" \/>\n<meta property=\"article:published_time\" content=\"2023-10-05T15:58:19+00:00\" \/>\n<meta property=\"article:modified_time\" content=\"2023-10-05T15:58:21+00:00\" \/>\n<meta property=\"og:image\" content=\"https:\/\/infoelnuevonorte.com\/wp-content\/uploads\/2023\/10\/Miles-de-personas-marchan-en-Bru.png\" \/>\n\t<meta property=\"og:image:width\" content=\"1300\" \/>\n\t<meta property=\"og:image:height\" content=\"731\" \/>\n\t<meta property=\"og:image:type\" content=\"image\/png\" \/>\n<meta name=\"author\" content=\"InfoEnn\" \/>\n<meta name=\"twitter:card\" content=\"summary_large_image\" \/>\n<meta name=\"twitter:creator\" content=\"@Elnuevo_norte\" \/>\n<meta name=\"twitter:site\" content=\"@Elnuevo_norte\" \/>\n<meta name=\"twitter:label1\" content=\"Written by\" \/>\n\t<meta name=\"twitter:data1\" content=\"InfoEnn\" \/>\n\t<meta name=\"twitter:label2\" content=\"Est. reading time\" \/>\n\t<meta name=\"twitter:data2\" content=\"2 minutos\" \/>\n<script type=\"application\/ld+json\" class=\"yoast-schema-graph\">{\"@context\":\"https:\/\/schema.org\",\"@graph\":[{\"@type\":\"Article\",\"@id\":\"https:\/\/infoelnuevonorte.com\/?p=1193#article\",\"isPartOf\":{\"@id\":\"https:\/\/infoelnuevonorte.com\/?p=1193\"},\"author\":{\"name\":\"InfoEnn\",\"@id\":\"https:\/\/infoelnuevonorte.com\/#\/schema\/person\/fd4f6d90afe41260818b4ea94ad8ab84\"},\"headline\":\"Miles de personas marchan en Bruselas para que no se proh\u00edba el derecho a manifestarse\",\"datePublished\":\"2023-10-05T15:58:19+00:00\",\"dateModified\":\"2023-10-05T15:58:21+00:00\",\"mainEntityOfPage\":{\"@id\":\"https:\/\/infoelnuevonorte.com\/?p=1193\"},\"wordCount\":402,\"commentCount\":0,\"publisher\":{\"@id\":\"https:\/\/infoelnuevonorte.com\/#organization\"},\"articleSection\":[\"Actualidad |\",\"Mundiales\"],\"inLanguage\":\"es-DO\",\"potentialAction\":[{\"@type\":\"CommentAction\",\"name\":\"Comment\",\"target\":[\"https:\/\/infoelnuevonorte.com\/?p=1193#respond\"]}]},{\"@type\":\"WebPage\",\"@id\":\"https:\/\/infoelnuevonorte.com\/?p=1193\",\"url\":\"https:\/\/infoelnuevonorte.com\/?p=1193\",\"name\":\"Miles de personas marchan en Bruselas para que no se proh\u00edba el derecho a manifestarse | El Nuevo Norte\",\"isPartOf\":{\"@id\":\"https:\/\/infoelnuevonorte.com\/#website\"},\"datePublished\":\"2023-10-05T15:58:19+00:00\",\"dateModified\":\"2023-10-05T15:58:21+00:00\",\"breadcrumb\":{\"@id\":\"https:\/\/infoelnuevonorte.com\/?p=1193#breadcrumb\"},\"inLanguage\":\"es-DO\",\"potentialAction\":[{\"@type\":\"ReadAction\",\"target\":[\"https:\/\/infoelnuevonorte.com\/?p=1193\"]}]},{\"@type\":\"BreadcrumbList\",\"@id\":\"https:\/\/infoelnuevonorte.com\/?p=1193#breadcrumb\",\"itemListElement\":[{\"@type\":\"ListItem\",\"position\":1,\"name\":\"Home\",\"item\":\"https:\/\/infoelnuevonorte.com\/\"},{\"@type\":\"ListItem\",\"position\":2,\"name\":\"Miles de personas marchan en Bruselas para que no se proh\u00edba el derecho a manifestarse\"}]},{\"@type\":\"WebSite\",\"@id\":\"https:\/\/infoelnuevonorte.com\/#website\",\"url\":\"https:\/\/infoelnuevonorte.com\/\",\"name\":\"InfoEnn\",\"description\":\"Tu Voz, tu Verdad, tu Diario!!!\",\"publisher\":{\"@id\":\"https:\/\/infoelnuevonorte.com\/#organization\"},\"alternateName\":\"El Nuevo Norte\",\"potentialAction\":[{\"@type\":\"SearchAction\",\"target\":{\"@type\":\"EntryPoint\",\"urlTemplate\":\"https:\/\/infoelnuevonorte.com\/?s={search_term_string}\"},\"query-input\":{\"@type\":\"PropertyValueSpecification\",\"valueRequired\":true,\"valueName\":\"search_term_string\"}}],\"inLanguage\":\"es-DO\"},{\"@type\":\"Organization\",\"@id\":\"https:\/\/infoelnuevonorte.com\/#organization\",\"name\":\"Info El Nuevo Norte\",\"alternateName\":\"El Nuevo Norte\",\"url\":\"https:\/\/infoelnuevonorte.com\/\",\"logo\":{\"@type\":\"ImageObject\",\"inLanguage\":\"es-DO\",\"@id\":\"https:\/\/infoelnuevonorte.com\/#\/schema\/logo\/image\/\",\"url\":\"https:\/\/infoelnuevonorte.com\/wp-content\/uploads\/2026\/02\/Logo-Info-enn-3d-20ani.jpeg\",\"contentUrl\":\"https:\/\/infoelnuevonorte.com\/wp-content\/uploads\/2026\/02\/Logo-Info-enn-3d-20ani.jpeg\",\"width\":2046,\"height\":736,\"caption\":\"Info El Nuevo Norte\"},\"image\":{\"@id\":\"https:\/\/infoelnuevonorte.com\/#\/schema\/logo\/image\/\"},\"sameAs\":[\"https:\/\/www.facebook.com\/infoenn\",\"https:\/\/x.com\/Elnuevo_norte\",\"https:\/\/www.instagram.com\/infoenn\",\"https:\/\/www.facebook.com\/ENNRD\"]},{\"@type\":\"Person\",\"@id\":\"https:\/\/infoelnuevonorte.com\/#\/schema\/person\/fd4f6d90afe41260818b4ea94ad8ab84\",\"name\":\"InfoEnn\",\"image\":{\"@type\":\"ImageObject\",\"inLanguage\":\"es-DO\",\"@id\":\"https:\/\/infoelnuevonorte.com\/#\/schema\/person\/image\/\",\"url\":\"https:\/\/secure.gravatar.com\/avatar\/d4d760a41a48ba9db0a82bfb63bb0783?s=96&d=robohash&r=g\",\"contentUrl\":\"https:\/\/secure.gravatar.com\/avatar\/d4d760a41a48ba9db0a82bfb63bb0783?s=96&d=robohash&r=g\",\"caption\":\"InfoEnn\"},\"sameAs\":[\"https:\/\/infoelnuevonorte.com\"],\"url\":\"https:\/\/infoelnuevonorte.com\/?author=1\"}]}<\/script>\n<!-- \/ Yoast SEO plugin. -->","yoast_head_json":{"title":"Miles de personas marchan en Bruselas para que no se proh\u00edba el derecho a manifestarse | El Nuevo Norte","robots":{"index":"index","follow":"follow","max-snippet":"max-snippet:-1","max-image-preview":"max-image-preview:large","max-video-preview":"max-video-preview:-1"},"canonical":"https:\/\/infoelnuevonorte.com\/?p=1193","og_locale":"es_ES","og_type":"article","og_title":"Miles de personas marchan en Bruselas para que no se proh\u00edba el derecho a manifestarse | El Nuevo Norte","og_description":"BRUSELAS.- Miles de personas marcharon este jueves por el centro de Bruselas en protesta contra un proyecto de ley que prepara el Ministerio de Justicia de B\u00e9lgica, que consideran una amenaza para el derecho a manifestarse. Organizada por la sociedad civil y los sindicatos socialista (FGTB), cristiano (CSC) y liberal (CGSLB), la marcha reuni\u00f3 a [&hellip;]","og_url":"https:\/\/infoelnuevonorte.com\/?p=1193","og_site_name":"El Nuevo Norte","article_publisher":"https:\/\/www.facebook.com\/infoenn","article_published_time":"2023-10-05T15:58:19+00:00","article_modified_time":"2023-10-05T15:58:21+00:00","og_image":[{"width":1300,"height":731,"url":"https:\/\/infoelnuevonorte.com\/wp-content\/uploads\/2023\/10\/Miles-de-personas-marchan-en-Bru.png","type":"image\/png"}],"author":"InfoEnn","twitter_card":"summary_large_image","twitter_creator":"@Elnuevo_norte","twitter_site":"@Elnuevo_norte","twitter_misc":{"Written by":"InfoEnn","Est. reading time":"2 minutos"},"schema":{"@context":"https:\/\/schema.org","@graph":[{"@type":"Article","@id":"https:\/\/infoelnuevonorte.com\/?p=1193#article","isPartOf":{"@id":"https:\/\/infoelnuevonorte.com\/?p=1193"},"author":{"name":"InfoEnn","@id":"https:\/\/infoelnuevonorte.com\/#\/schema\/person\/fd4f6d90afe41260818b4ea94ad8ab84"},"headline":"Miles de personas marchan en Bruselas para que no se proh\u00edba el derecho a manifestarse","datePublished":"2023-10-05T15:58:19+00:00","dateModified":"2023-10-05T15:58:21+00:00","mainEntityOfPage":{"@id":"https:\/\/infoelnuevonorte.com\/?p=1193"},"wordCount":402,"commentCount":0,"publisher":{"@id":"https:\/\/infoelnuevonorte.com\/#organization"},"articleSection":["Actualidad |","Mundiales"],"inLanguage":"es-DO","potentialAction":[{"@type":"CommentAction","name":"Comment","target":["https:\/\/infoelnuevonorte.com\/?p=1193#respond"]}]},{"@type":"WebPage","@id":"https:\/\/infoelnuevonorte.com\/?p=1193","url":"https:\/\/infoelnuevonorte.com\/?p=1193","name":"Miles de personas marchan en Bruselas para que no se proh\u00edba el derecho a manifestarse | El Nuevo Norte","isPartOf":{"@id":"https:\/\/infoelnuevonorte.com\/#website"},"datePublished":"2023-10-05T15:58:19+00:00","dateModified":"2023-10-05T15:58:21+00:00","breadcrumb":{"@id":"https:\/\/infoelnuevonorte.com\/?p=1193#breadcrumb"},"inLanguage":"es-DO","potentialAction":[{"@type":"ReadAction","target":["https:\/\/infoelnuevonorte.com\/?p=1193"]}]},{"@type":"BreadcrumbList","@id":"https:\/\/infoelnuevonorte.com\/?p=1193#breadcrumb","itemListElement":[{"@type":"ListItem","position":1,"name":"Home","item":"https:\/\/infoelnuevonorte.com\/"},{"@type":"ListItem","position":2,"name":"Miles de personas marchan en Bruselas para que no se proh\u00edba el derecho a manifestarse"}]},{"@type":"WebSite","@id":"https:\/\/infoelnuevonorte.com\/#website","url":"https:\/\/infoelnuevonorte.com\/","name":"InfoEnn","description":"Tu Voz, tu Verdad, tu Diario!!!","publisher":{"@id":"https:\/\/infoelnuevonorte.com\/#organization"},"alternateName":"El Nuevo Norte","potentialAction":[{"@type":"SearchAction","target":{"@type":"EntryPoint","urlTemplate":"https:\/\/infoelnuevonorte.com\/?s={search_term_string}"},"query-input":{"@type":"PropertyValueSpecification","valueRequired":true,"valueName":"search_term_string"}}],"inLanguage":"es-DO"},{"@type":"Organization","@id":"https:\/\/infoelnuevonorte.com\/#organization","name":"Info El Nuevo Norte","alternateName":"El Nuevo Norte","url":"https:\/\/infoelnuevonorte.com\/","logo":{"@type":"ImageObject","inLanguage":"es-DO","@id":"https:\/\/infoelnuevonorte.com\/#\/schema\/logo\/image\/","url":"https:\/\/infoelnuevonorte.com\/wp-content\/uploads\/2026\/02\/Logo-Info-enn-3d-20ani.jpeg","contentUrl":"https:\/\/infoelnuevonorte.com\/wp-content\/uploads\/2026\/02\/Logo-Info-enn-3d-20ani.jpeg","width":2046,"height":736,"caption":"Info El Nuevo Norte"},"image":{"@id":"https:\/\/infoelnuevonorte.com\/#\/schema\/logo\/image\/"},"sameAs":["https:\/\/www.facebook.com\/infoenn","https:\/\/x.com\/Elnuevo_norte","https:\/\/www.instagram.com\/infoenn","https:\/\/www.facebook.com\/ENNRD"]},{"@type":"Person","@id":"https:\/\/infoelnuevonorte.com\/#\/schema\/person\/fd4f6d90afe41260818b4ea94ad8ab84","name":"InfoEnn","image":{"@type":"ImageObject","inLanguage":"es-DO","@id":"https:\/\/infoelnuevonorte.com\/#\/schema\/person\/image\/","url":"https:\/\/secure.gravatar.com\/avatar\/d4d760a41a48ba9db0a82bfb63bb0783?s=96&d=robohash&r=g","contentUrl":"https:\/\/secure.gravatar.com\/avatar\/d4d760a41a48ba9db0a82bfb63bb0783?s=96&d=robohash&r=g","caption":"InfoEnn"},"sameAs":["https:\/\/infoelnuevonorte.com"],"url":"https:\/\/infoelnuevonorte.com\/?author=1"}]}},"_links":{"self":[{"href":"https:\/\/infoelnuevonorte.com\/index.php?rest_route=\/wp\/v2\/posts\/1193"}],"collection":[{"href":"https:\/\/infoelnuevonorte.com\/index.php?rest_route=\/wp\/v2\/posts"}],"about":[{"href":"https:\/\/infoelnuevonorte.com\/index.php?rest_route=\/wp\/v2\/types\/post"}],"author":[{"embeddable":true,"href":"https:\/\/infoelnuevonorte.com\/index.php?rest_route=\/wp\/v2\/users\/1"}],"replies":[{"embeddable":true,"href":"https:\/\/infoelnuevonorte.com\/index.php?rest_route=%2Fwp%2Fv2%2Fcomments&post=1193"}],"version-history":[{"count":0,"href":"https:\/\/infoelnuevonorte.com\/index.php?rest_route=\/wp\/v2\/posts\/1193\/revisions"}],"wp:attachment":[{"href":"https:\/\/infoelnuevonorte.com\/index.php?rest_route=%2Fwp%2Fv2%2Fmedia&parent=1193"}],"wp:term":[{"taxonomy":"category","embeddable":true,"href":"https:\/\/infoelnuevonorte.com\/index.php?rest_route=%2Fwp%2Fv2%2Fcategories&post=1193"},{"taxonomy":"post_tag","embeddable":true,"href":"https:\/\/infoelnuevonorte.com\/index.php?rest_route=%2Fwp%2Fv2%2Ftags&post=1193"}],"curies":[{"name":"wp","href":"https:\/\/api.w.org\/{rel}","templated":true}]}}