{"id":11967,"date":"2024-02-16T20:09:40","date_gmt":"2024-02-17T00:09:40","guid":{"rendered":"https:\/\/infoelnuevonorte.com\/?p=11967"},"modified":"2024-02-16T20:09:43","modified_gmt":"2024-02-17T00:09:43","slug":"ricardo-montaner-anuncia-proyectos-turisticos-y-educativos-en-samana","status":"publish","type":"post","link":"https:\/\/infoelnuevonorte.com\/?p=11967","title":{"rendered":"Ricardo Montaner anuncia proyectos tur\u00edsticos y educativos en Saman\u00e1"},"content":{"rendered":"<!--[if lt IE 9]><script>document.createElement('audio');<\/script><![endif]-->\n<audio class=\"wp-audio-shortcode\" id=\"audio-11967-1\" autoplay=\"1\" preload=\"auto\" style=\"width: 100%;\" controls=\"controls\"><source type=\"audio\/mpeg\" src=\"https:\/\/infoelnuevonorte.com\/wp-content\/uploads\/2024\/02\/ttsmaker-file-2024-2-16-20-8-55.mp3?_=1\" \/><a href=\"https:\/\/infoelnuevonorte.com\/wp-content\/uploads\/2024\/02\/ttsmaker-file-2024-2-16-20-8-55.mp3\">https:\/\/infoelnuevonorte.com\/wp-content\/uploads\/2024\/02\/ttsmaker-file-2024-2-16-20-8-55.mp3<\/a><\/audio>\n<p style=\"text-align: justify;\">El <strong>cantante<\/strong> <strong>Ricardo Montaner<\/strong> anunci\u00f3 que tiene \"planes ambiciosos\" destinados a potenciar el <strong>desarrollo<\/strong> integral de la provincia a trav\u00e9s de su fundaci\u00f3n, vinculados a la <strong>educaci\u00f3n<\/strong> y al turismo.<\/p>\n<p style=\"text-align: justify;\">Montaner present\u00f3 el <strong>proyecto<\/strong> \"Bayac\u00fa, <strong>educaci\u00f3n<\/strong> con prop\u00f3sito\", resaltando la importancia de la <strong>educaci\u00f3n<\/strong> como piedra angular para el <strong>progreso<\/strong> sostenible de la comunidad.<\/p>\n<p style=\"text-align: justify;\">\"<strong>Saman\u00e1<\/strong> es nuestra casa. Tenemos muchos proyectos so\u00f1ados para este lugar, entre ellos una aldea y un hotel boutique. Pero, vinimos a presentarles lo que nosotros creemos que es lo m\u00e1s importante para este lugar: la <strong>educaci\u00f3n<\/strong>\", manifest\u00f3 el cantautor argentino nacionalizado dominicano.<\/p>\n<p style=\"text-align: justify;\">Indic\u00f3 que el <strong>proyecto<\/strong> viene tras el <strong>desarrollo<\/strong> de \"a\u00f1os de estudio\" para su viabilidad. \"Esperamos la podamos hacer entre todos los que se quieran unir\", manifest\u00f3 en el marco del IX Encuentro Anual para el <strong>Desarrollo Tur\u00edstico<\/strong> de <strong>Saman\u00e1<\/strong>.<\/p>\n<h2 style=\"text-align: justify;\">Resaltan rol de la <strong>educaci\u00f3n<\/strong> en el <strong>desarrollo<\/strong> humano<\/h2>\n<p style=\"text-align: justify;\">El <strong>presidente<\/strong> de la Asociaci\u00f3n de Hoteles y Empresas Tur\u00edsticas de <strong>Saman\u00e1<\/strong> (Ahetsa), Juan Bancalari, salud\u00f3 la iniciativa del <strong>cantante<\/strong>, entendiendo la importancia de seguir fomentando la <strong>educaci\u00f3n<\/strong> como clave para elevar la <strong>competitividad<\/strong> de su gente.<\/p>\n<p style=\"text-align: justify;\">\"Entendemos que (<strong>Saman\u00e1<\/strong>) puede seguirse desarrollando y mejorando la calidad de vida de sus habitantes, como ha ocurrido en la \u00faltima d\u00e9cada. Es necesario que <strong>suba su nivel educativo<\/strong>, y que la preparaci\u00f3n de su fuerza laboral se equipare a la de competidores de la regi\u00f3n\", indic\u00f3.<\/p>\n<p style=\"text-align: justify;\">En ese tenor, la socia directora de Ackermann Colombia, Ana Mar\u00eda Landucci, resalt\u00f3 la importancia de la <strong>colaboraci\u00f3n<\/strong> <strong>p\u00fablico-privada<\/strong> para que la provincia pueda retener talentos de mayor calidad.<\/p>\n<p style=\"text-align: justify;\">El director ejecutivo de Acci\u00f3n Empresarial por la <strong>Educaci\u00f3n<\/strong> (Educa), Enrique Darwin Caraballo, expuso, por su parte, sobre el estado de la <strong>educaci\u00f3n<\/strong> en la Rep\u00fablica Dominicana y en la provincia de <strong>Saman\u00e1<\/strong>, as\u00ed como las <strong>oportunidades<\/strong> de cambio.<\/p>\n<p style=\"text-align: justify;\">El <strong>evento<\/strong>\u00a0incluy\u00f3 un panel de discusi\u00f3n sobre \"La <strong>educaci\u00f3n<\/strong> como factor clave para la <strong>competitividad<\/strong> de un destino tur\u00edstico\", moderado por la periodista Laura Caminero y con la participaci\u00f3n de destacados l\u00edderes locales.<\/p>\n<h2 style=\"text-align: justify;\">Impulsar <strong>progreso<\/strong> de <strong>Saman\u00e1<\/strong> a trav\u00e9s del <strong>turismo<\/strong><\/h2>\n<p style=\"text-align: justify;\">El <strong>presidente<\/strong> del <strong>Cl\u00faster Tur\u00edstico de Saman\u00e1<\/strong> (CTS), Jes\u00fas Dur\u00e1n, destac\u00f3 el compromiso de este gremio con seguir promocionando la industria tur\u00edstica a trav\u00e9s de eventos como el IX Encuentro Anual para el <strong>Desarrollo Tur\u00edstico<\/strong> de <strong>Saman\u00e1<\/strong>.<\/p>\n<p style=\"text-align: justify;\">\"Nuestro objetivo principal como cl\u00faster es fomentar el <strong>desarrollo<\/strong> tur\u00edstico de la provincia de <strong>Saman\u00e1<\/strong>, de forma tal que la bonanza econ\u00f3mica que la industria del <strong>turismo<\/strong> suele generar en las zonas en las que se implanta, sea, en primer lugar, visualizada por todos sus habitantes y en segundo lugar, disfrutada por ellos\", manifest\u00f3.<\/p>\n<p style=\"text-align: justify;\">El <strong>evento\u00a0<\/strong>cont\u00f3 con el auspicio de diversos <strong>patrocinadores<\/strong> comprometidos con el <strong>desarrollo<\/strong> de <strong>Saman\u00e1<\/strong>, incluyendo al Ministerio de Turismo, Cooperaci\u00f3n Alemana para el Desarrollo (GIZ) y el Banco Popular Dominicano, entre otros.<\/p>\n<div class=\"my-12 component web-insert relative border bg-component\"><span class=\"text-xl block my-3 component-title glosa\"><strong>Reconocimientos<\/strong><\/span><\/p>\n<p style=\"text-align: justify;\">Adem\u00e1s de la presentaci\u00f3n de proyectos y discusiones en el marco del encuentro, se llevaron a cabo reconocimientos a figuras destacadas en la comunidad, como a\u00a0<strong>Milton Ray Guevara<\/strong>, magistrado presidente em\u00e9rito del <strong>Tribunal Constitucional<\/strong> de la Rep\u00fablica Dominicana.<\/p>\n<p style=\"text-align: justify;\">Asimismo, se otorgaron <strong>premios a la excelencia en sostenibilidad tur\u00edstica<\/strong>\u00a0a empresas como Cayo Levantado Resort y la compa\u00f1\u00eda de Luz y Fuerza de Las Terrenas.<\/p>\n<\/div>\n","protected":false},"excerpt":{"rendered":"<p>El cantante Ricardo Montaner anunci\u00f3 que tiene \"planes ambiciosos\" destinados a potenciar el desarrollo integral de la provincia a trav\u00e9s de su fundaci\u00f3n, vinculados a la educaci\u00f3n y al turismo. Montaner present\u00f3 el proyecto \"Bayac\u00fa, educaci\u00f3n con prop\u00f3sito\", resaltando la importancia de la educaci\u00f3n como piedra angular para el progreso sostenible de la comunidad. \"Saman\u00e1 [&hellip;]<\/p>\n","protected":false},"author":1,"featured_media":0,"comment_status":"closed","ping_status":"open","sticky":false,"template":"","format":"standard","meta":{"footnotes":""},"categories":[2,16],"tags":[],"yoast_head":"<!-- This site is optimized with the Yoast SEO plugin v24.5 - https:\/\/yoast.com\/wordpress\/plugins\/seo\/ -->\n<title>Ricardo Montaner anuncia proyectos tur\u00edsticos y educativos en Saman\u00e1 | El Nuevo Norte<\/title>\n<meta name=\"robots\" content=\"index, follow, max-snippet:-1, max-image-preview:large, max-video-preview:-1\" \/>\n<link rel=\"canonical\" href=\"https:\/\/infoelnuevonorte.com\/?p=11967\" \/>\n<meta property=\"og:locale\" content=\"es_ES\" \/>\n<meta property=\"og:type\" content=\"article\" \/>\n<meta property=\"og:title\" content=\"Ricardo Montaner anuncia proyectos tur\u00edsticos y educativos en Saman\u00e1 | El Nuevo Norte\" \/>\n<meta property=\"og:description\" content=\"El cantante Ricardo Montaner anunci\u00f3 que tiene &quot;planes ambiciosos&quot; destinados a potenciar el desarrollo integral de la provincia a trav\u00e9s de su fundaci\u00f3n, vinculados a la educaci\u00f3n y al turismo. Montaner present\u00f3 el proyecto &quot;Bayac\u00fa, educaci\u00f3n con prop\u00f3sito&quot;, resaltando la importancia de la educaci\u00f3n como piedra angular para el progreso sostenible de la comunidad. &quot;Saman\u00e1 [&hellip;]\" \/>\n<meta property=\"og:url\" content=\"https:\/\/infoelnuevonorte.com\/?p=11967\" \/>\n<meta property=\"og:site_name\" content=\"El Nuevo Norte\" \/>\n<meta property=\"article:publisher\" content=\"https:\/\/www.facebook.com\/infoenn\" \/>\n<meta property=\"article:published_time\" content=\"2024-02-17T00:09:40+00:00\" \/>\n<meta property=\"article:modified_time\" content=\"2024-02-17T00:09:43+00:00\" \/>\n<meta property=\"og:image\" content=\"https:\/\/infoelnuevonorte.com\/wp-content\/uploads\/2024\/02\/ricardo-montaner-anuncia-proyectos-turisticos-y-educativos-en-samana-focus-0-0-896-504-jpg.webp\" \/>\n\t<meta property=\"og:image:width\" content=\"896\" \/>\n\t<meta property=\"og:image:height\" content=\"504\" \/>\n\t<meta property=\"og:image:type\" content=\"image\/jpeg\" \/>\n<meta name=\"author\" content=\"InfoEnn\" \/>\n<meta name=\"twitter:card\" content=\"summary_large_image\" \/>\n<meta name=\"twitter:creator\" content=\"@Elnuevo_norte\" \/>\n<meta name=\"twitter:site\" content=\"@Elnuevo_norte\" \/>\n<meta name=\"twitter:label1\" content=\"Written by\" \/>\n\t<meta name=\"twitter:data1\" content=\"InfoEnn\" \/>\n\t<meta name=\"twitter:label2\" content=\"Est. reading time\" \/>\n\t<meta name=\"twitter:data2\" content=\"3 minutos\" \/>\n<script type=\"application\/ld+json\" class=\"yoast-schema-graph\">{\"@context\":\"https:\/\/schema.org\",\"@graph\":[{\"@type\":\"Article\",\"@id\":\"https:\/\/infoelnuevonorte.com\/?p=11967#article\",\"isPartOf\":{\"@id\":\"https:\/\/infoelnuevonorte.com\/?p=11967\"},\"author\":{\"name\":\"InfoEnn\",\"@id\":\"https:\/\/infoelnuevonorte.com\/#\/schema\/person\/fd4f6d90afe41260818b4ea94ad8ab84\"},\"headline\":\"Ricardo Montaner anuncia proyectos tur\u00edsticos y educativos en Saman\u00e1\",\"datePublished\":\"2024-02-17T00:09:40+00:00\",\"dateModified\":\"2024-02-17T00:09:43+00:00\",\"mainEntityOfPage\":{\"@id\":\"https:\/\/infoelnuevonorte.com\/?p=11967\"},\"wordCount\":607,\"publisher\":{\"@id\":\"https:\/\/infoelnuevonorte.com\/#organization\"},\"articleSection\":[\"Actualidad |\",\"Turismo\"],\"inLanguage\":\"es-DO\"},{\"@type\":\"WebPage\",\"@id\":\"https:\/\/infoelnuevonorte.com\/?p=11967\",\"url\":\"https:\/\/infoelnuevonorte.com\/?p=11967\",\"name\":\"Ricardo Montaner anuncia proyectos tur\u00edsticos y educativos en Saman\u00e1 | El Nuevo Norte\",\"isPartOf\":{\"@id\":\"https:\/\/infoelnuevonorte.com\/#website\"},\"datePublished\":\"2024-02-17T00:09:40+00:00\",\"dateModified\":\"2024-02-17T00:09:43+00:00\",\"breadcrumb\":{\"@id\":\"https:\/\/infoelnuevonorte.com\/?p=11967#breadcrumb\"},\"inLanguage\":\"es-DO\",\"potentialAction\":[{\"@type\":\"ReadAction\",\"target\":[\"https:\/\/infoelnuevonorte.com\/?p=11967\"]}]},{\"@type\":\"BreadcrumbList\",\"@id\":\"https:\/\/infoelnuevonorte.com\/?p=11967#breadcrumb\",\"itemListElement\":[{\"@type\":\"ListItem\",\"position\":1,\"name\":\"Home\",\"item\":\"https:\/\/infoelnuevonorte.com\/\"},{\"@type\":\"ListItem\",\"position\":2,\"name\":\"Ricardo Montaner anuncia proyectos tur\u00edsticos y educativos en Saman\u00e1\"}]},{\"@type\":\"WebSite\",\"@id\":\"https:\/\/infoelnuevonorte.com\/#website\",\"url\":\"https:\/\/infoelnuevonorte.com\/\",\"name\":\"InfoEnn\",\"description\":\"Tu Voz, tu Verdad, tu Diario!!!\",\"publisher\":{\"@id\":\"https:\/\/infoelnuevonorte.com\/#organization\"},\"alternateName\":\"El Nuevo Norte\",\"potentialAction\":[{\"@type\":\"SearchAction\",\"target\":{\"@type\":\"EntryPoint\",\"urlTemplate\":\"https:\/\/infoelnuevonorte.com\/?s={search_term_string}\"},\"query-input\":{\"@type\":\"PropertyValueSpecification\",\"valueRequired\":true,\"valueName\":\"search_term_string\"}}],\"inLanguage\":\"es-DO\"},{\"@type\":\"Organization\",\"@id\":\"https:\/\/infoelnuevonorte.com\/#organization\",\"name\":\"Info El Nuevo Norte\",\"alternateName\":\"El Nuevo Norte\",\"url\":\"https:\/\/infoelnuevonorte.com\/\",\"logo\":{\"@type\":\"ImageObject\",\"inLanguage\":\"es-DO\",\"@id\":\"https:\/\/infoelnuevonorte.com\/#\/schema\/logo\/image\/\",\"url\":\"https:\/\/infoelnuevonorte.com\/wp-content\/uploads\/2026\/02\/Logo-Info-enn-3d-20ani.jpeg\",\"contentUrl\":\"https:\/\/infoelnuevonorte.com\/wp-content\/uploads\/2026\/02\/Logo-Info-enn-3d-20ani.jpeg\",\"width\":2046,\"height\":736,\"caption\":\"Info El Nuevo Norte\"},\"image\":{\"@id\":\"https:\/\/infoelnuevonorte.com\/#\/schema\/logo\/image\/\"},\"sameAs\":[\"https:\/\/www.facebook.com\/infoenn\",\"https:\/\/x.com\/Elnuevo_norte\",\"https:\/\/www.instagram.com\/infoenn\",\"https:\/\/www.facebook.com\/ENNRD\"]},{\"@type\":\"Person\",\"@id\":\"https:\/\/infoelnuevonorte.com\/#\/schema\/person\/fd4f6d90afe41260818b4ea94ad8ab84\",\"name\":\"InfoEnn\",\"image\":{\"@type\":\"ImageObject\",\"inLanguage\":\"es-DO\",\"@id\":\"https:\/\/infoelnuevonorte.com\/#\/schema\/person\/image\/\",\"url\":\"https:\/\/secure.gravatar.com\/avatar\/d4d760a41a48ba9db0a82bfb63bb0783?s=96&d=robohash&r=g\",\"contentUrl\":\"https:\/\/secure.gravatar.com\/avatar\/d4d760a41a48ba9db0a82bfb63bb0783?s=96&d=robohash&r=g\",\"caption\":\"InfoEnn\"},\"sameAs\":[\"https:\/\/infoelnuevonorte.com\"],\"url\":\"https:\/\/infoelnuevonorte.com\/?author=1\"}]}<\/script>\n<!-- \/ Yoast SEO plugin. -->","yoast_head_json":{"title":"Ricardo Montaner anuncia proyectos tur\u00edsticos y educativos en Saman\u00e1 | El Nuevo Norte","robots":{"index":"index","follow":"follow","max-snippet":"max-snippet:-1","max-image-preview":"max-image-preview:large","max-video-preview":"max-video-preview:-1"},"canonical":"https:\/\/infoelnuevonorte.com\/?p=11967","og_locale":"es_ES","og_type":"article","og_title":"Ricardo Montaner anuncia proyectos tur\u00edsticos y educativos en Saman\u00e1 | El Nuevo Norte","og_description":"El cantante Ricardo Montaner anunci\u00f3 que tiene \"planes ambiciosos\" destinados a potenciar el desarrollo integral de la provincia a trav\u00e9s de su fundaci\u00f3n, vinculados a la educaci\u00f3n y al turismo. Montaner present\u00f3 el proyecto \"Bayac\u00fa, educaci\u00f3n con prop\u00f3sito\", resaltando la importancia de la educaci\u00f3n como piedra angular para el progreso sostenible de la comunidad. \"Saman\u00e1 [&hellip;]","og_url":"https:\/\/infoelnuevonorte.com\/?p=11967","og_site_name":"El Nuevo Norte","article_publisher":"https:\/\/www.facebook.com\/infoenn","article_published_time":"2024-02-17T00:09:40+00:00","article_modified_time":"2024-02-17T00:09:43+00:00","og_image":[{"width":896,"height":504,"url":"https:\/\/infoelnuevonorte.com\/wp-content\/uploads\/2024\/02\/ricardo-montaner-anuncia-proyectos-turisticos-y-educativos-en-samana-focus-0-0-896-504-jpg.webp","type":"image\/jpeg"}],"author":"InfoEnn","twitter_card":"summary_large_image","twitter_creator":"@Elnuevo_norte","twitter_site":"@Elnuevo_norte","twitter_misc":{"Written by":"InfoEnn","Est. reading time":"3 minutos"},"schema":{"@context":"https:\/\/schema.org","@graph":[{"@type":"Article","@id":"https:\/\/infoelnuevonorte.com\/?p=11967#article","isPartOf":{"@id":"https:\/\/infoelnuevonorte.com\/?p=11967"},"author":{"name":"InfoEnn","@id":"https:\/\/infoelnuevonorte.com\/#\/schema\/person\/fd4f6d90afe41260818b4ea94ad8ab84"},"headline":"Ricardo Montaner anuncia proyectos tur\u00edsticos y educativos en Saman\u00e1","datePublished":"2024-02-17T00:09:40+00:00","dateModified":"2024-02-17T00:09:43+00:00","mainEntityOfPage":{"@id":"https:\/\/infoelnuevonorte.com\/?p=11967"},"wordCount":607,"publisher":{"@id":"https:\/\/infoelnuevonorte.com\/#organization"},"articleSection":["Actualidad |","Turismo"],"inLanguage":"es-DO"},{"@type":"WebPage","@id":"https:\/\/infoelnuevonorte.com\/?p=11967","url":"https:\/\/infoelnuevonorte.com\/?p=11967","name":"Ricardo Montaner anuncia proyectos tur\u00edsticos y educativos en Saman\u00e1 | El Nuevo Norte","isPartOf":{"@id":"https:\/\/infoelnuevonorte.com\/#website"},"datePublished":"2024-02-17T00:09:40+00:00","dateModified":"2024-02-17T00:09:43+00:00","breadcrumb":{"@id":"https:\/\/infoelnuevonorte.com\/?p=11967#breadcrumb"},"inLanguage":"es-DO","potentialAction":[{"@type":"ReadAction","target":["https:\/\/infoelnuevonorte.com\/?p=11967"]}]},{"@type":"BreadcrumbList","@id":"https:\/\/infoelnuevonorte.com\/?p=11967#breadcrumb","itemListElement":[{"@type":"ListItem","position":1,"name":"Home","item":"https:\/\/infoelnuevonorte.com\/"},{"@type":"ListItem","position":2,"name":"Ricardo Montaner anuncia proyectos tur\u00edsticos y educativos en Saman\u00e1"}]},{"@type":"WebSite","@id":"https:\/\/infoelnuevonorte.com\/#website","url":"https:\/\/infoelnuevonorte.com\/","name":"InfoEnn","description":"Tu Voz, tu Verdad, tu Diario!!!","publisher":{"@id":"https:\/\/infoelnuevonorte.com\/#organization"},"alternateName":"El Nuevo Norte","potentialAction":[{"@type":"SearchAction","target":{"@type":"EntryPoint","urlTemplate":"https:\/\/infoelnuevonorte.com\/?s={search_term_string}"},"query-input":{"@type":"PropertyValueSpecification","valueRequired":true,"valueName":"search_term_string"}}],"inLanguage":"es-DO"},{"@type":"Organization","@id":"https:\/\/infoelnuevonorte.com\/#organization","name":"Info El Nuevo Norte","alternateName":"El Nuevo Norte","url":"https:\/\/infoelnuevonorte.com\/","logo":{"@type":"ImageObject","inLanguage":"es-DO","@id":"https:\/\/infoelnuevonorte.com\/#\/schema\/logo\/image\/","url":"https:\/\/infoelnuevonorte.com\/wp-content\/uploads\/2026\/02\/Logo-Info-enn-3d-20ani.jpeg","contentUrl":"https:\/\/infoelnuevonorte.com\/wp-content\/uploads\/2026\/02\/Logo-Info-enn-3d-20ani.jpeg","width":2046,"height":736,"caption":"Info El Nuevo Norte"},"image":{"@id":"https:\/\/infoelnuevonorte.com\/#\/schema\/logo\/image\/"},"sameAs":["https:\/\/www.facebook.com\/infoenn","https:\/\/x.com\/Elnuevo_norte","https:\/\/www.instagram.com\/infoenn","https:\/\/www.facebook.com\/ENNRD"]},{"@type":"Person","@id":"https:\/\/infoelnuevonorte.com\/#\/schema\/person\/fd4f6d90afe41260818b4ea94ad8ab84","name":"InfoEnn","image":{"@type":"ImageObject","inLanguage":"es-DO","@id":"https:\/\/infoelnuevonorte.com\/#\/schema\/person\/image\/","url":"https:\/\/secure.gravatar.com\/avatar\/d4d760a41a48ba9db0a82bfb63bb0783?s=96&d=robohash&r=g","contentUrl":"https:\/\/secure.gravatar.com\/avatar\/d4d760a41a48ba9db0a82bfb63bb0783?s=96&d=robohash&r=g","caption":"InfoEnn"},"sameAs":["https:\/\/infoelnuevonorte.com"],"url":"https:\/\/infoelnuevonorte.com\/?author=1"}]}},"_links":{"self":[{"href":"https:\/\/infoelnuevonorte.com\/index.php?rest_route=\/wp\/v2\/posts\/11967"}],"collection":[{"href":"https:\/\/infoelnuevonorte.com\/index.php?rest_route=\/wp\/v2\/posts"}],"about":[{"href":"https:\/\/infoelnuevonorte.com\/index.php?rest_route=\/wp\/v2\/types\/post"}],"author":[{"embeddable":true,"href":"https:\/\/infoelnuevonorte.com\/index.php?rest_route=\/wp\/v2\/users\/1"}],"replies":[{"embeddable":true,"href":"https:\/\/infoelnuevonorte.com\/index.php?rest_route=%2Fwp%2Fv2%2Fcomments&post=11967"}],"version-history":[{"count":0,"href":"https:\/\/infoelnuevonorte.com\/index.php?rest_route=\/wp\/v2\/posts\/11967\/revisions"}],"wp:attachment":[{"href":"https:\/\/infoelnuevonorte.com\/index.php?rest_route=%2Fwp%2Fv2%2Fmedia&parent=11967"}],"wp:term":[{"taxonomy":"category","embeddable":true,"href":"https:\/\/infoelnuevonorte.com\/index.php?rest_route=%2Fwp%2Fv2%2Fcategories&post=11967"},{"taxonomy":"post_tag","embeddable":true,"href":"https:\/\/infoelnuevonorte.com\/index.php?rest_route=%2Fwp%2Fv2%2Ftags&post=11967"}],"curies":[{"name":"wp","href":"https:\/\/api.w.org\/{rel}","templated":true}]}}