{"id":1200,"date":"2023-10-05T16:11:18","date_gmt":"2023-10-05T16:11:18","guid":{"rendered":"https:\/\/infoelnuevonorte.com\/?p=1200"},"modified":"2023-10-05T16:11:20","modified_gmt":"2023-10-05T16:11:20","slug":"cada-ano-la-meningitis-apaga-290-000-vidas-alrededor-del-mundo","status":"publish","type":"post","link":"https:\/\/infoelnuevonorte.com\/?p=1200","title":{"rendered":"Cada a\u00f1o, la meningitis apaga 290.000 vidas alrededor del mundo"},"content":{"rendered":"<p style=\"text-align: justify;\">Hist\u00f3ricamente, el\u00a0<strong>D\u00eda Mundial Contra la Meningitis<\/strong>\u00a0se conmemoraba en el mes de abril; sin embargo, a partir del 2022, cada 5 de octubre, en articulaci\u00f3n con los lineamientos dados por la Organizaci\u00f3n Mundial de la Salud (OMS) y la hoja de ruta denominada \u201cDerrotar la meningitis en el 2030\u201d , se actualiz\u00f3 esta fecha.<\/p>\n<h3 style=\"text-align: justify;\">La meningitis por meningococo es una enfermedad infecciosa, que provoca la inflamaci\u00f3n de los tejidos que rodean el cerebro y la m\u00e9dula espinal. Suele deberse a una infecci\u00f3n causada por agentes como bacterias, virus, hongos y par\u00e1sitos, puede ser mortal y requiere atenci\u00f3n m\u00e9dica inmediata, as\u00ed lo indica la Organizaci\u00f3n Mundial de la Salud (OMS).<\/h3>\n<div class=\"wp-block-image\" style=\"text-align: justify;\">\n<figure class=\"aligncenter size-full\"><img loading=\"lazy\" decoding=\"async\" class=\"wp-image-2645840 lazyloaded alignleft\" src=\"https:\/\/hoy.com.do\/wp-content\/uploads\/2023\/09\/dolor-de-cabeza.jpg\" sizes=\"(max-width: 470px) 100vw, 470px\" srcset=\"https:\/\/hoy.com.do\/wp-content\/uploads\/2023\/09\/dolor-de-cabeza.jpg 470w, https:\/\/hoy.com.do\/wp-content\/uploads\/2023\/09\/dolor-de-cabeza-300x160.jpg 300w\" alt=\"\" width=\"470\" height=\"250\" data-src=\"https:\/\/hoy.com.do\/wp-content\/uploads\/2023\/09\/dolor-de-cabeza.jpg\" data-srcset=\"https:\/\/hoy.com.do\/wp-content\/uploads\/2023\/09\/dolor-de-cabeza.jpg 470w, https:\/\/hoy.com.do\/wp-content\/uploads\/2023\/09\/dolor-de-cabeza-300x160.jpg 300w\" data-eio-rwidth=\"470\" data-eio-rheight=\"250\" \/><\/figure>\n<\/div>\n<p style=\"text-align: justify;\"><strong>Los s\u00edntomas m\u00e1s frecuentes<\/strong>\u00a0son dolor de cabeza, fiebre, fotosensibilidad, estado somnoliento, erupciones cut\u00e1neas, vomito y dolor articular entre otros; en los beb\u00e9s tambi\u00e9n se pueden presentar s\u00edntomas como inapetencia, irritabilidad y llanto, rigidez en la nuca, presencia de un abultamiento en la parte superior de la cabeza, as\u00ed como rostro p\u00e1lido o manchas en la piel.<\/p>\n<p style=\"text-align: justify;\">Desafortunadamente, la meningitis por meningococo es una condici\u00f3n que es cambiante y su presentaci\u00f3n cl\u00ednica actualmente es inespec\u00edfica, puede confundirse con otros diagn\u00f3sticos ya que puede iniciar con s\u00edntomas como diarrea febril, o s\u00edntomas inespec\u00edficos como de gripe, como malestar general. Lo que genera un reto diagn\u00f3stico a los m\u00e9dicos de urgencias. Y puede llevar al retraso del inicio de una terapia especifica de manera temprana. El punto es que la enfermedad por este agente infeccioso puede llevar a la muerte en menos de 24 horas o a secuelas devastadoras como amputaciones, sordera, epilepsia entre otras.<\/p>\n<p style=\"text-align: justify;\">Por otra parte, la OMS resalta que esta enfermedad es la causante de 5 millones de casos nuevos y 290.000 muertes cada a\u00f1o en todo el mundo, principalmente en el \u00c1frica subsahariana, zona conocida como el \u201ccintur\u00f3n de la meningitis\u201d que va de Senegal al oeste, hasta Etiop\u00eda al este<sup>1<\/sup>, sin embargo es importante destacar que esta enfermedad no se presenta \u00fanicamente en pa\u00edses del tercer mundo, sino que es una problem\u00e1tica que afecta a las personas alrededor del mundo.<\/p>\n<p style=\"text-align: justify;\">En lo que respecta a la situaci\u00f3n en la\u00a0<strong>Rep\u00fablica Dominicana<\/strong>, de acuerdo con el Bolet\u00edn Epidemiol\u00f3gico emitido por el Ministerio de Salud al mes de septiembre de este a\u00f1o, se han registrado<strong>\u00a0cuatro casos de meningitis por meningococo<s>.<\/s><\/strong><\/p>\n<p style=\"text-align: justify;\">Cualquier individuo puede verse afectado por la enfermedad meningoc\u00f3cica, aunque existe un mayor riesgo en ciertos grupos demogr\u00e1ficos: ni\u00f1os, adolescentes, adultos j\u00f3venes entre 16 a 23 a\u00f1os y adultos mayores de 65 a\u00f1os Es importante destacar que, si bien estos grupos son m\u00e1s susceptibles, la enfermedad puede afectar a personas de todas las edades. La enfermedad meningoc\u00f3cica invasiva la cual es devastadora ocurre en el 95 a 99% de pacientes previamente sanos. Por otro lado, se han identificado factores de riesgo de padecer de esta enfermedad en poblaciones cuyo sistema inmunol\u00f3gico este debilitado o mejor conocido como inmunosupresi\u00f3n. Pacientes con afecciones como VIH, uso cr\u00f3nico de corticosteroides, trasplantados, personas con asplenia anat\u00f3mica o pacientes que reciben inhibidores del complemento como medicamento, tambi\u00e9n tienen m\u00e1s probabilidades del contagio En los cuales es imperativa la vacunaci\u00f3n.<\/p>\n<p style=\"text-align: justify;\">Al respecto,\u00a0el<strong>\u00a0Dr. Jos\u00e9 Brea, pediatra infect\u00f3logo<\/strong>\u00a0resalta que \u201cesta enfermedad afecta principalmente a los menores de cinco a\u00f1os; sin embargo,\u00a0los adolescentes y los adultos j\u00f3venes tienen m\u00e1s riesgo de contraer infecciones por meningococo, mientras que las personas de edad corren un riesgo m\u00e1s elevado de contraer infecciones por neumococo<s>s<\/s>, por lo que es importante mantener actualizados los esquemas de vacunaci\u00f3n, as\u00ed como fortalecer las acciones de prevenci\u00f3n, diagn\u00f3stico y tratamiento, evitando de esta manera las cadenas de transmisi\u00f3n que aumentan significativamente de un a\u00f1o a otro\u201d.<\/p>\n<figure class=\"wp-block-image size-large\" style=\"text-align: justify;\"><img loading=\"lazy\" decoding=\"async\" class=\"wp-image-2659881 lazyloaded\" src=\"https:\/\/hoy.com.do\/wp-content\/uploads\/2023\/10\/Sanofi-1-1024x731.jpg\" sizes=\"(max-width: 1024px) 100vw, 1024px\" srcset=\"https:\/\/hoy.com.do\/wp-content\/uploads\/2023\/10\/Sanofi-1-1024x731.jpg 1024w, https:\/\/hoy.com.do\/wp-content\/uploads\/2023\/10\/Sanofi-1-300x214.jpg 300w, https:\/\/hoy.com.do\/wp-content\/uploads\/2023\/10\/Sanofi-1-1536x1097.jpg 1536w, https:\/\/hoy.com.do\/wp-content\/uploads\/2023\/10\/Sanofi-1-2048x1463.jpg 2048w\" alt=\"\" width=\"1024\" height=\"731\" data-src=\"https:\/\/hoy.com.do\/wp-content\/uploads\/2023\/10\/Sanofi-1-1024x731.jpg\" data-srcset=\"https:\/\/hoy.com.do\/wp-content\/uploads\/2023\/10\/Sanofi-1-1024x731.jpg 1024w, https:\/\/hoy.com.do\/wp-content\/uploads\/2023\/10\/Sanofi-1-300x214.jpg 300w, https:\/\/hoy.com.do\/wp-content\/uploads\/2023\/10\/Sanofi-1-1536x1097.jpg 1536w, https:\/\/hoy.com.do\/wp-content\/uploads\/2023\/10\/Sanofi-1-2048x1463.jpg 2048w\" data-eio-rwidth=\"1024\" data-eio-rheight=\"731\" \/><\/figure>\n<p style=\"text-align: justify;\">En la actualidad la\u00a0<a href=\"https:\/\/www.who.int\/es\" target=\"_blank\" rel=\"nofollow noopener\" data-type=\"URL\" data-id=\"https:\/\/www.who.int\/es\">OMS\u00a0<\/a>propone derrotar la meningitis para el 2030, actualmente se encuentran disponibles vacunas que podr\u00edan hacer realidad el objetivo de derrotar y erradicar dicha enfermedad.\u00a0 Muchos pacientes tienen conocimiento de vacunas contra neumococo, contra haemophilus influenzae, la cuales protegen contra diferentes agentes bacterianos que causan meningitis. Sin embargo, la vacuna m\u00e1s olvidada por a\u00f1os ha sido la vacuna contra meningococo, que, como ya se mencion\u00f3 previamente es devastadora por la rapidez en que lleva a los ni\u00f1os y a los adolescentes al descenso o a secuelas devastadoras en menos de 24 horas.<\/p>\n<p style=\"text-align: justify;\">El\u00a0<strong>Centro para el Control y Prevenci\u00f3n de Enfermedades\u00a0<\/strong>recomienda la vacunaci\u00f3n meningoc\u00f3cica contra los serogrupos ACWY en los adolescentes a los 11 y a los 16 a\u00f1os un refuerzo. Ya que son ellos los principales portadores en nasofaringe de esta bacteria tan agresiva.<\/p>\n<p style=\"text-align: justify;\">\u201cSi bien en Rep\u00fablica Dominicana, la vigilancia del comportamiento de la meningitis bacteriana es permanente y esto ha permitido implementar acciones de intervenci\u00f3n en la mayor\u00eda de los casos, no se debe bajar la guardia en coberturas de los esquemas regulares vacunaci\u00f3n para detener los contagios por los agentes que provocan la enfermedad. Las vacunas salvan vidas y son el eje central de la salud p\u00fablica\u201d, concluy\u00f3 Brea.<\/p>\n","protected":false},"excerpt":{"rendered":"<p>Hist\u00f3ricamente, el\u00a0D\u00eda Mundial Contra la Meningitis\u00a0se conmemoraba en el mes de abril; sin embargo, a partir del 2022, cada 5 de octubre, en articulaci\u00f3n con los lineamientos dados por la Organizaci\u00f3n Mundial de la Salud (OMS) y la hoja de ruta denominada \u201cDerrotar la meningitis en el 2030\u201d , se actualiz\u00f3 esta fecha. La meningitis [&hellip;]<\/p>\n","protected":false},"author":1,"featured_media":0,"comment_status":"open","ping_status":"open","sticky":false,"template":"","format":"standard","meta":{"footnotes":""},"categories":[2,13],"tags":[],"yoast_head":"<!-- This site is optimized with the Yoast SEO plugin v24.5 - https:\/\/yoast.com\/wordpress\/plugins\/seo\/ -->\n<title>Cada a\u00f1o, la meningitis apaga 290.000 vidas alrededor del mundo | El Nuevo Norte<\/title>\n<meta name=\"robots\" content=\"index, follow, max-snippet:-1, max-image-preview:large, max-video-preview:-1\" \/>\n<link rel=\"canonical\" href=\"https:\/\/infoelnuevonorte.com\/?p=1200\" \/>\n<meta property=\"og:locale\" content=\"es_ES\" \/>\n<meta property=\"og:type\" content=\"article\" \/>\n<meta property=\"og:title\" content=\"Cada a\u00f1o, la meningitis apaga 290.000 vidas alrededor del mundo | El Nuevo Norte\" \/>\n<meta property=\"og:description\" content=\"Hist\u00f3ricamente, el\u00a0D\u00eda Mundial Contra la Meningitis\u00a0se conmemoraba en el mes de abril; sin embargo, a partir del 2022, cada 5 de octubre, en articulaci\u00f3n con los lineamientos dados por la Organizaci\u00f3n Mundial de la Salud (OMS) y la hoja de ruta denominada \u201cDerrotar la meningitis en el 2030\u201d , se actualiz\u00f3 esta fecha. La meningitis [&hellip;]\" \/>\n<meta property=\"og:url\" content=\"https:\/\/infoelnuevonorte.com\/?p=1200\" \/>\n<meta property=\"og:site_name\" content=\"El Nuevo Norte\" \/>\n<meta property=\"article:publisher\" content=\"https:\/\/www.facebook.com\/infoenn\" \/>\n<meta property=\"article:published_time\" content=\"2023-10-05T16:11:18+00:00\" \/>\n<meta property=\"article:modified_time\" content=\"2023-10-05T16:11:20+00:00\" \/>\n<meta property=\"og:image\" content=\"https:\/\/infoelnuevonorte.com\/wp-content\/uploads\/2023\/10\/Meningitis2.png\" \/>\n\t<meta property=\"og:image:width\" content=\"522\" \/>\n\t<meta property=\"og:image:height\" content=\"348\" \/>\n\t<meta property=\"og:image:type\" content=\"image\/png\" \/>\n<meta name=\"author\" content=\"InfoEnn\" \/>\n<meta name=\"twitter:card\" content=\"summary_large_image\" \/>\n<meta name=\"twitter:creator\" content=\"@Elnuevo_norte\" \/>\n<meta name=\"twitter:site\" content=\"@Elnuevo_norte\" \/>\n<meta name=\"twitter:label1\" content=\"Written by\" \/>\n\t<meta name=\"twitter:data1\" content=\"InfoEnn\" \/>\n\t<meta name=\"twitter:label2\" content=\"Est. reading time\" \/>\n\t<meta name=\"twitter:data2\" content=\"5 minutos\" \/>\n<script type=\"application\/ld+json\" class=\"yoast-schema-graph\">{\"@context\":\"https:\/\/schema.org\",\"@graph\":[{\"@type\":\"Article\",\"@id\":\"https:\/\/infoelnuevonorte.com\/?p=1200#article\",\"isPartOf\":{\"@id\":\"https:\/\/infoelnuevonorte.com\/?p=1200\"},\"author\":{\"name\":\"InfoEnn\",\"@id\":\"https:\/\/infoelnuevonorte.com\/#\/schema\/person\/fd4f6d90afe41260818b4ea94ad8ab84\"},\"headline\":\"Cada a\u00f1o, la meningitis apaga 290.000 vidas alrededor del mundo\",\"datePublished\":\"2023-10-05T16:11:18+00:00\",\"dateModified\":\"2023-10-05T16:11:20+00:00\",\"mainEntityOfPage\":{\"@id\":\"https:\/\/infoelnuevonorte.com\/?p=1200\"},\"wordCount\":883,\"commentCount\":0,\"publisher\":{\"@id\":\"https:\/\/infoelnuevonorte.com\/#organization\"},\"image\":{\"@id\":\"https:\/\/infoelnuevonorte.com\/?p=1200#primaryimage\"},\"thumbnailUrl\":\"https:\/\/hoy.com.do\/wp-content\/uploads\/2023\/09\/dolor-de-cabeza.jpg\",\"articleSection\":[\"Actualidad |\",\"Salud\"],\"inLanguage\":\"es-DO\",\"potentialAction\":[{\"@type\":\"CommentAction\",\"name\":\"Comment\",\"target\":[\"https:\/\/infoelnuevonorte.com\/?p=1200#respond\"]}]},{\"@type\":\"WebPage\",\"@id\":\"https:\/\/infoelnuevonorte.com\/?p=1200\",\"url\":\"https:\/\/infoelnuevonorte.com\/?p=1200\",\"name\":\"Cada a\u00f1o, la meningitis apaga 290.000 vidas alrededor del mundo | El Nuevo Norte\",\"isPartOf\":{\"@id\":\"https:\/\/infoelnuevonorte.com\/#website\"},\"primaryImageOfPage\":{\"@id\":\"https:\/\/infoelnuevonorte.com\/?p=1200#primaryimage\"},\"image\":{\"@id\":\"https:\/\/infoelnuevonorte.com\/?p=1200#primaryimage\"},\"thumbnailUrl\":\"https:\/\/hoy.com.do\/wp-content\/uploads\/2023\/09\/dolor-de-cabeza.jpg\",\"datePublished\":\"2023-10-05T16:11:18+00:00\",\"dateModified\":\"2023-10-05T16:11:20+00:00\",\"breadcrumb\":{\"@id\":\"https:\/\/infoelnuevonorte.com\/?p=1200#breadcrumb\"},\"inLanguage\":\"es-DO\",\"potentialAction\":[{\"@type\":\"ReadAction\",\"target\":[\"https:\/\/infoelnuevonorte.com\/?p=1200\"]}]},{\"@type\":\"ImageObject\",\"inLanguage\":\"es-DO\",\"@id\":\"https:\/\/infoelnuevonorte.com\/?p=1200#primaryimage\",\"url\":\"https:\/\/hoy.com.do\/wp-content\/uploads\/2023\/09\/dolor-de-cabeza.jpg\",\"contentUrl\":\"https:\/\/hoy.com.do\/wp-content\/uploads\/2023\/09\/dolor-de-cabeza.jpg\"},{\"@type\":\"BreadcrumbList\",\"@id\":\"https:\/\/infoelnuevonorte.com\/?p=1200#breadcrumb\",\"itemListElement\":[{\"@type\":\"ListItem\",\"position\":1,\"name\":\"Home\",\"item\":\"https:\/\/infoelnuevonorte.com\/\"},{\"@type\":\"ListItem\",\"position\":2,\"name\":\"Cada a\u00f1o, la meningitis apaga 290.000 vidas alrededor del mundo\"}]},{\"@type\":\"WebSite\",\"@id\":\"https:\/\/infoelnuevonorte.com\/#website\",\"url\":\"https:\/\/infoelnuevonorte.com\/\",\"name\":\"InfoEnn\",\"description\":\"Tu Voz, tu Verdad, tu Diario!!!\",\"publisher\":{\"@id\":\"https:\/\/infoelnuevonorte.com\/#organization\"},\"alternateName\":\"El Nuevo Norte\",\"potentialAction\":[{\"@type\":\"SearchAction\",\"target\":{\"@type\":\"EntryPoint\",\"urlTemplate\":\"https:\/\/infoelnuevonorte.com\/?s={search_term_string}\"},\"query-input\":{\"@type\":\"PropertyValueSpecification\",\"valueRequired\":true,\"valueName\":\"search_term_string\"}}],\"inLanguage\":\"es-DO\"},{\"@type\":\"Organization\",\"@id\":\"https:\/\/infoelnuevonorte.com\/#organization\",\"name\":\"Info El Nuevo Norte\",\"alternateName\":\"El Nuevo Norte\",\"url\":\"https:\/\/infoelnuevonorte.com\/\",\"logo\":{\"@type\":\"ImageObject\",\"inLanguage\":\"es-DO\",\"@id\":\"https:\/\/infoelnuevonorte.com\/#\/schema\/logo\/image\/\",\"url\":\"https:\/\/infoelnuevonorte.com\/wp-content\/uploads\/2026\/02\/Logo-Info-enn-3d-20ani.jpeg\",\"contentUrl\":\"https:\/\/infoelnuevonorte.com\/wp-content\/uploads\/2026\/02\/Logo-Info-enn-3d-20ani.jpeg\",\"width\":2046,\"height\":736,\"caption\":\"Info El Nuevo Norte\"},\"image\":{\"@id\":\"https:\/\/infoelnuevonorte.com\/#\/schema\/logo\/image\/\"},\"sameAs\":[\"https:\/\/www.facebook.com\/infoenn\",\"https:\/\/x.com\/Elnuevo_norte\",\"https:\/\/www.instagram.com\/infoenn\",\"https:\/\/www.facebook.com\/ENNRD\"]},{\"@type\":\"Person\",\"@id\":\"https:\/\/infoelnuevonorte.com\/#\/schema\/person\/fd4f6d90afe41260818b4ea94ad8ab84\",\"name\":\"InfoEnn\",\"image\":{\"@type\":\"ImageObject\",\"inLanguage\":\"es-DO\",\"@id\":\"https:\/\/infoelnuevonorte.com\/#\/schema\/person\/image\/\",\"url\":\"https:\/\/secure.gravatar.com\/avatar\/d4d760a41a48ba9db0a82bfb63bb0783?s=96&d=robohash&r=g\",\"contentUrl\":\"https:\/\/secure.gravatar.com\/avatar\/d4d760a41a48ba9db0a82bfb63bb0783?s=96&d=robohash&r=g\",\"caption\":\"InfoEnn\"},\"sameAs\":[\"https:\/\/infoelnuevonorte.com\"],\"url\":\"https:\/\/infoelnuevonorte.com\/?author=1\"}]}<\/script>\n<!-- \/ Yoast SEO plugin. -->","yoast_head_json":{"title":"Cada a\u00f1o, la meningitis apaga 290.000 vidas alrededor del mundo | El Nuevo Norte","robots":{"index":"index","follow":"follow","max-snippet":"max-snippet:-1","max-image-preview":"max-image-preview:large","max-video-preview":"max-video-preview:-1"},"canonical":"https:\/\/infoelnuevonorte.com\/?p=1200","og_locale":"es_ES","og_type":"article","og_title":"Cada a\u00f1o, la meningitis apaga 290.000 vidas alrededor del mundo | El Nuevo Norte","og_description":"Hist\u00f3ricamente, el\u00a0D\u00eda Mundial Contra la Meningitis\u00a0se conmemoraba en el mes de abril; sin embargo, a partir del 2022, cada 5 de octubre, en articulaci\u00f3n con los lineamientos dados por la Organizaci\u00f3n Mundial de la Salud (OMS) y la hoja de ruta denominada \u201cDerrotar la meningitis en el 2030\u201d , se actualiz\u00f3 esta fecha. La meningitis [&hellip;]","og_url":"https:\/\/infoelnuevonorte.com\/?p=1200","og_site_name":"El Nuevo Norte","article_publisher":"https:\/\/www.facebook.com\/infoenn","article_published_time":"2023-10-05T16:11:18+00:00","article_modified_time":"2023-10-05T16:11:20+00:00","og_image":[{"width":522,"height":348,"url":"https:\/\/infoelnuevonorte.com\/wp-content\/uploads\/2023\/10\/Meningitis2.png","type":"image\/png"}],"author":"InfoEnn","twitter_card":"summary_large_image","twitter_creator":"@Elnuevo_norte","twitter_site":"@Elnuevo_norte","twitter_misc":{"Written by":"InfoEnn","Est. reading time":"5 minutos"},"schema":{"@context":"https:\/\/schema.org","@graph":[{"@type":"Article","@id":"https:\/\/infoelnuevonorte.com\/?p=1200#article","isPartOf":{"@id":"https:\/\/infoelnuevonorte.com\/?p=1200"},"author":{"name":"InfoEnn","@id":"https:\/\/infoelnuevonorte.com\/#\/schema\/person\/fd4f6d90afe41260818b4ea94ad8ab84"},"headline":"Cada a\u00f1o, la meningitis apaga 290.000 vidas alrededor del mundo","datePublished":"2023-10-05T16:11:18+00:00","dateModified":"2023-10-05T16:11:20+00:00","mainEntityOfPage":{"@id":"https:\/\/infoelnuevonorte.com\/?p=1200"},"wordCount":883,"commentCount":0,"publisher":{"@id":"https:\/\/infoelnuevonorte.com\/#organization"},"image":{"@id":"https:\/\/infoelnuevonorte.com\/?p=1200#primaryimage"},"thumbnailUrl":"https:\/\/hoy.com.do\/wp-content\/uploads\/2023\/09\/dolor-de-cabeza.jpg","articleSection":["Actualidad |","Salud"],"inLanguage":"es-DO","potentialAction":[{"@type":"CommentAction","name":"Comment","target":["https:\/\/infoelnuevonorte.com\/?p=1200#respond"]}]},{"@type":"WebPage","@id":"https:\/\/infoelnuevonorte.com\/?p=1200","url":"https:\/\/infoelnuevonorte.com\/?p=1200","name":"Cada a\u00f1o, la meningitis apaga 290.000 vidas alrededor del mundo | El Nuevo Norte","isPartOf":{"@id":"https:\/\/infoelnuevonorte.com\/#website"},"primaryImageOfPage":{"@id":"https:\/\/infoelnuevonorte.com\/?p=1200#primaryimage"},"image":{"@id":"https:\/\/infoelnuevonorte.com\/?p=1200#primaryimage"},"thumbnailUrl":"https:\/\/hoy.com.do\/wp-content\/uploads\/2023\/09\/dolor-de-cabeza.jpg","datePublished":"2023-10-05T16:11:18+00:00","dateModified":"2023-10-05T16:11:20+00:00","breadcrumb":{"@id":"https:\/\/infoelnuevonorte.com\/?p=1200#breadcrumb"},"inLanguage":"es-DO","potentialAction":[{"@type":"ReadAction","target":["https:\/\/infoelnuevonorte.com\/?p=1200"]}]},{"@type":"ImageObject","inLanguage":"es-DO","@id":"https:\/\/infoelnuevonorte.com\/?p=1200#primaryimage","url":"https:\/\/hoy.com.do\/wp-content\/uploads\/2023\/09\/dolor-de-cabeza.jpg","contentUrl":"https:\/\/hoy.com.do\/wp-content\/uploads\/2023\/09\/dolor-de-cabeza.jpg"},{"@type":"BreadcrumbList","@id":"https:\/\/infoelnuevonorte.com\/?p=1200#breadcrumb","itemListElement":[{"@type":"ListItem","position":1,"name":"Home","item":"https:\/\/infoelnuevonorte.com\/"},{"@type":"ListItem","position":2,"name":"Cada a\u00f1o, la meningitis apaga 290.000 vidas alrededor del mundo"}]},{"@type":"WebSite","@id":"https:\/\/infoelnuevonorte.com\/#website","url":"https:\/\/infoelnuevonorte.com\/","name":"InfoEnn","description":"Tu Voz, tu Verdad, tu Diario!!!","publisher":{"@id":"https:\/\/infoelnuevonorte.com\/#organization"},"alternateName":"El Nuevo Norte","potentialAction":[{"@type":"SearchAction","target":{"@type":"EntryPoint","urlTemplate":"https:\/\/infoelnuevonorte.com\/?s={search_term_string}"},"query-input":{"@type":"PropertyValueSpecification","valueRequired":true,"valueName":"search_term_string"}}],"inLanguage":"es-DO"},{"@type":"Organization","@id":"https:\/\/infoelnuevonorte.com\/#organization","name":"Info El Nuevo Norte","alternateName":"El Nuevo Norte","url":"https:\/\/infoelnuevonorte.com\/","logo":{"@type":"ImageObject","inLanguage":"es-DO","@id":"https:\/\/infoelnuevonorte.com\/#\/schema\/logo\/image\/","url":"https:\/\/infoelnuevonorte.com\/wp-content\/uploads\/2026\/02\/Logo-Info-enn-3d-20ani.jpeg","contentUrl":"https:\/\/infoelnuevonorte.com\/wp-content\/uploads\/2026\/02\/Logo-Info-enn-3d-20ani.jpeg","width":2046,"height":736,"caption":"Info El Nuevo Norte"},"image":{"@id":"https:\/\/infoelnuevonorte.com\/#\/schema\/logo\/image\/"},"sameAs":["https:\/\/www.facebook.com\/infoenn","https:\/\/x.com\/Elnuevo_norte","https:\/\/www.instagram.com\/infoenn","https:\/\/www.facebook.com\/ENNRD"]},{"@type":"Person","@id":"https:\/\/infoelnuevonorte.com\/#\/schema\/person\/fd4f6d90afe41260818b4ea94ad8ab84","name":"InfoEnn","image":{"@type":"ImageObject","inLanguage":"es-DO","@id":"https:\/\/infoelnuevonorte.com\/#\/schema\/person\/image\/","url":"https:\/\/secure.gravatar.com\/avatar\/d4d760a41a48ba9db0a82bfb63bb0783?s=96&d=robohash&r=g","contentUrl":"https:\/\/secure.gravatar.com\/avatar\/d4d760a41a48ba9db0a82bfb63bb0783?s=96&d=robohash&r=g","caption":"InfoEnn"},"sameAs":["https:\/\/infoelnuevonorte.com"],"url":"https:\/\/infoelnuevonorte.com\/?author=1"}]}},"_links":{"self":[{"href":"https:\/\/infoelnuevonorte.com\/index.php?rest_route=\/wp\/v2\/posts\/1200"}],"collection":[{"href":"https:\/\/infoelnuevonorte.com\/index.php?rest_route=\/wp\/v2\/posts"}],"about":[{"href":"https:\/\/infoelnuevonorte.com\/index.php?rest_route=\/wp\/v2\/types\/post"}],"author":[{"embeddable":true,"href":"https:\/\/infoelnuevonorte.com\/index.php?rest_route=\/wp\/v2\/users\/1"}],"replies":[{"embeddable":true,"href":"https:\/\/infoelnuevonorte.com\/index.php?rest_route=%2Fwp%2Fv2%2Fcomments&post=1200"}],"version-history":[{"count":0,"href":"https:\/\/infoelnuevonorte.com\/index.php?rest_route=\/wp\/v2\/posts\/1200\/revisions"}],"wp:attachment":[{"href":"https:\/\/infoelnuevonorte.com\/index.php?rest_route=%2Fwp%2Fv2%2Fmedia&parent=1200"}],"wp:term":[{"taxonomy":"category","embeddable":true,"href":"https:\/\/infoelnuevonorte.com\/index.php?rest_route=%2Fwp%2Fv2%2Fcategories&post=1200"},{"taxonomy":"post_tag","embeddable":true,"href":"https:\/\/infoelnuevonorte.com\/index.php?rest_route=%2Fwp%2Fv2%2Ftags&post=1200"}],"curies":[{"name":"wp","href":"https:\/\/api.w.org\/{rel}","templated":true}]}}