{"id":1203,"date":"2023-10-05T16:17:48","date_gmt":"2023-10-05T16:17:48","guid":{"rendered":"https:\/\/infoelnuevonorte.com\/?p=1203"},"modified":"2023-10-05T16:17:50","modified_gmt":"2023-10-05T16:17:50","slug":"el-lider-opositor-de-kenia-rechaza-que-su-pais-lidere-la-mision-multinacional-en-haiti","status":"publish","type":"post","link":"https:\/\/infoelnuevonorte.com\/?p=1203","title":{"rendered":"El l\u00edder opositor de Kenia rechaza que su pa\u00eds lidere la misi\u00f3n multinacional en Hait\u00ed"},"content":{"rendered":"<p style=\"text-align: justify;\"><strong>Nairobi.-<\/strong>\u00a0El l\u00edder de la oposici\u00f3n de\u00a0<strong>Kenia<\/strong>, el ex primer ministro Raila Odinga, ha afirmado que \u201cno es una medida correcta\u201d la decisi\u00f3n de su pa\u00eds de liderar la misi\u00f3n multinacional para\u00a0<strong>Hait\u00ed<\/strong>\u00a0aprobada este lunes por el Consejo de Seguridad de la\u00a0<strong>ONU<\/strong>, seg\u00fan una entrevista que publican este jueves medios locales.<\/p>\n<p style=\"text-align: justify;\">\u201cNo creo que sea la medida correcta. La pregunta que deber\u00edamos hacernos es:\u00a0<strong>\u00bfpor qu\u00e9 Kenia?<\/strong>\u201c, afirm\u00f3 Odinga durante una entrevista con la cadena de televisi\u00f3n KTN News hecha a \u00faltima hora de este jueves y que recogen hoy medios kenianos.<\/p>\n<p style=\"text-align: justify;\">El l\u00edder opositor subray\u00f3 que, \u201cantes incluso de venir a \u00c1frica,\u00a0<strong>Hait\u00ed<\/strong>\u00a0est\u00e1 a las puertas de los Estados Unidos, que es la naci\u00f3n m\u00e1s poderosa del mundo\u201d.<\/p>\n<p style=\"text-align: justify;\">\u201cTambi\u00e9n hay varias otras islas caribe\u00f1as alrededor de\u00a0<strong>Hait\u00ed<\/strong>, como Jamaica, Bahamas y la\u00a0<strong>Rep\u00fablica Dominicana.<\/strong>\u00a0\u00bfQu\u00e9 es tan singular sobre Kenia que ha sido elegida para liderar la fuerza multinacional en Hait\u00ed?\u201d, se pregunt\u00f3 el ex primer ministro.<\/p>\n<p style=\"text-align: justify;\">Odinga se\u00f1al\u00f3 que \u201cel problema en Hait\u00ed es pol\u00edtico, no s\u00f3lo requiere armas, requiere conversaciones\u201d.<\/p>\n<p style=\"text-align: justify;\">\u201cTenemos suficientes problemas en esta regi\u00f3n. Tenemos nuestros soldados en Somalia y otros en la Rep\u00fablica Democr\u00e1tica del Congo, no veo la situaci\u00f3n de Hait\u00ed como una prioridad\u201d, enfatiz\u00f3.<\/p>\n<p style=\"text-align: justify;\">\u201cCuando empiecen a llegar ata\u00fades aqu\u00ed, ser\u00e1 cuando nos arrepentiremos. Hait\u00ed es peligroso y existe la posibilidad de que nuestra polic\u00eda tenga problemas all\u00ed\u201d, advirti\u00f3 el ex primer ministro.<\/p>\n<p style=\"text-align: justify;\">Odinga expuso estas cr\u00edticas despu\u00e9s de que el Consejo de Seguridad de la\u00a0<strong>ONU<\/strong>\u00a0aprobara el pasado lunes el despliegue por un a\u00f1o (prorrogable) de la fuerza multinacional, con trece votos a favor, dos abstenciones (Rusia y China) y ning\u00fan voto en contra.<\/p>\n<p style=\"text-align: justify;\"><strong>Kenia<\/strong>\u00a0se ofreci\u00f3 a liderar con el env\u00edo de unos mil polic\u00edas un dispositivo que el propio Gobierno haitiano pidi\u00f3 hace un a\u00f1o y que cont\u00f3 con el respaldo del secretario general de la ONU, Ant\u00f3nio Guterres.<\/p>\n<p style=\"text-align: justify;\">Varios pa\u00edses caribe\u00f1os han mostrado su disposici\u00f3n para participar con un n\u00famero indeterminado de agentes en la misi\u00f3n -incluyendo Jamaica, Barbados y Bahamas-, mientras las naciones latinoamericanas no se han ofrecido a enviar efectivos de momento.<\/p>\n<p style=\"text-align: justify;\">Estados Unidos, que se encarg\u00f3 de redactar el borrador de la resoluci\u00f3n junto con Ecuador, aportar\u00e1 dos partidas de 100 millones de d\u00f3lares (unos 95 millones de euros) cada una, procedentes del Departamento de Estado y del de Defensa, siempre que el Congreso lo apruebe, destinadas a necesidades log\u00edsticas de la misi\u00f3n.<\/p>\n<p style=\"text-align: justify;\"><strong>Hait\u00ed<\/strong>\u00a0est\u00e1 inmerso en una profunda crisis marcada por la violencia extrema, con grupos armados que controlan la capital, Puerto Pr\u00edncipe, y otras partes de su territorio y son responsables de centenares de asesinatos, violaciones, secuestros y otros cr\u00edmenes.<\/p>\n<p style=\"text-align: justify;\"><strong>Kenia<\/strong>\u00a0envi\u00f3 el pasado agosto una delegaci\u00f3n al pa\u00eds caribe\u00f1o para realizar una primera evaluaci\u00f3n de la situaci\u00f3n sobre el terreno.<\/p>\n<p style=\"text-align: justify;\"><strong>La ONU<\/strong>\u00a0ha reiterado que la eventual misi\u00f3n no se asemejar\u00eda a una fuerza de paz o de interposici\u00f3n, como suele ser habitual, sino que ser\u00eda una mera fuerza de apoyo policial a las \u00f3rdenes de la Polic\u00eda haitiana.<\/p>\n","protected":false},"excerpt":{"rendered":"<p>Nairobi.-\u00a0El l\u00edder de la oposici\u00f3n de\u00a0Kenia, el ex primer ministro Raila Odinga, ha afirmado que \u201cno es una medida correcta\u201d la decisi\u00f3n de su pa\u00eds de liderar la misi\u00f3n multinacional para\u00a0Hait\u00ed\u00a0aprobada este lunes por el Consejo de Seguridad de la\u00a0ONU, seg\u00fan una entrevista que publican este jueves medios locales. \u201cNo creo que sea la medida [&hellip;]<\/p>\n","protected":false},"author":1,"featured_media":0,"comment_status":"open","ping_status":"open","sticky":false,"template":"","format":"standard","meta":{"footnotes":""},"categories":[2,9],"tags":[],"yoast_head":"<!-- This site is optimized with the Yoast SEO plugin v24.5 - https:\/\/yoast.com\/wordpress\/plugins\/seo\/ -->\n<title>El l\u00edder opositor de Kenia rechaza que su pa\u00eds lidere la misi\u00f3n multinacional en Hait\u00ed | El Nuevo Norte<\/title>\n<meta name=\"robots\" content=\"index, follow, max-snippet:-1, max-image-preview:large, max-video-preview:-1\" \/>\n<link rel=\"canonical\" href=\"https:\/\/infoelnuevonorte.com\/?p=1203\" \/>\n<meta property=\"og:locale\" content=\"es_ES\" \/>\n<meta property=\"og:type\" content=\"article\" \/>\n<meta property=\"og:title\" content=\"El l\u00edder opositor de Kenia rechaza que su pa\u00eds lidere la misi\u00f3n multinacional en Hait\u00ed | El Nuevo Norte\" \/>\n<meta property=\"og:description\" content=\"Nairobi.-\u00a0El l\u00edder de la oposici\u00f3n de\u00a0Kenia, el ex primer ministro Raila Odinga, ha afirmado que \u201cno es una medida correcta\u201d la decisi\u00f3n de su pa\u00eds de liderar la misi\u00f3n multinacional para\u00a0Hait\u00ed\u00a0aprobada este lunes por el Consejo de Seguridad de la\u00a0ONU, seg\u00fan una entrevista que publican este jueves medios locales. \u201cNo creo que sea la medida [&hellip;]\" \/>\n<meta property=\"og:url\" content=\"https:\/\/infoelnuevonorte.com\/?p=1203\" \/>\n<meta property=\"og:site_name\" content=\"El Nuevo Norte\" \/>\n<meta property=\"article:publisher\" content=\"https:\/\/www.facebook.com\/infoenn\" \/>\n<meta property=\"article:published_time\" content=\"2023-10-05T16:17:48+00:00\" \/>\n<meta property=\"article:modified_time\" content=\"2023-10-05T16:17:50+00:00\" \/>\n<meta property=\"og:image\" content=\"https:\/\/infoelnuevonorte.com\/wp-content\/uploads\/2023\/10\/opositor-kenia.png\" \/>\n\t<meta property=\"og:image:width\" content=\"1140\" \/>\n\t<meta property=\"og:image:height\" content=\"694\" \/>\n\t<meta property=\"og:image:type\" content=\"image\/png\" \/>\n<meta name=\"author\" content=\"InfoEnn\" \/>\n<meta name=\"twitter:card\" content=\"summary_large_image\" \/>\n<meta name=\"twitter:creator\" content=\"@Elnuevo_norte\" \/>\n<meta name=\"twitter:site\" content=\"@Elnuevo_norte\" \/>\n<meta name=\"twitter:label1\" content=\"Written by\" \/>\n\t<meta name=\"twitter:data1\" content=\"InfoEnn\" \/>\n\t<meta name=\"twitter:label2\" content=\"Est. reading time\" \/>\n\t<meta name=\"twitter:data2\" content=\"3 minutos\" \/>\n<script type=\"application\/ld+json\" class=\"yoast-schema-graph\">{\"@context\":\"https:\/\/schema.org\",\"@graph\":[{\"@type\":\"Article\",\"@id\":\"https:\/\/infoelnuevonorte.com\/?p=1203#article\",\"isPartOf\":{\"@id\":\"https:\/\/infoelnuevonorte.com\/?p=1203\"},\"author\":{\"name\":\"InfoEnn\",\"@id\":\"https:\/\/infoelnuevonorte.com\/#\/schema\/person\/fd4f6d90afe41260818b4ea94ad8ab84\"},\"headline\":\"El l\u00edder opositor de Kenia rechaza que su pa\u00eds lidere la misi\u00f3n multinacional en Hait\u00ed\",\"datePublished\":\"2023-10-05T16:17:48+00:00\",\"dateModified\":\"2023-10-05T16:17:50+00:00\",\"mainEntityOfPage\":{\"@id\":\"https:\/\/infoelnuevonorte.com\/?p=1203\"},\"wordCount\":571,\"commentCount\":0,\"publisher\":{\"@id\":\"https:\/\/infoelnuevonorte.com\/#organization\"},\"articleSection\":[\"Actualidad |\",\"Mundiales\"],\"inLanguage\":\"es-DO\",\"potentialAction\":[{\"@type\":\"CommentAction\",\"name\":\"Comment\",\"target\":[\"https:\/\/infoelnuevonorte.com\/?p=1203#respond\"]}]},{\"@type\":\"WebPage\",\"@id\":\"https:\/\/infoelnuevonorte.com\/?p=1203\",\"url\":\"https:\/\/infoelnuevonorte.com\/?p=1203\",\"name\":\"El l\u00edder opositor de Kenia rechaza que su pa\u00eds lidere la misi\u00f3n multinacional en Hait\u00ed | El Nuevo Norte\",\"isPartOf\":{\"@id\":\"https:\/\/infoelnuevonorte.com\/#website\"},\"datePublished\":\"2023-10-05T16:17:48+00:00\",\"dateModified\":\"2023-10-05T16:17:50+00:00\",\"breadcrumb\":{\"@id\":\"https:\/\/infoelnuevonorte.com\/?p=1203#breadcrumb\"},\"inLanguage\":\"es-DO\",\"potentialAction\":[{\"@type\":\"ReadAction\",\"target\":[\"https:\/\/infoelnuevonorte.com\/?p=1203\"]}]},{\"@type\":\"BreadcrumbList\",\"@id\":\"https:\/\/infoelnuevonorte.com\/?p=1203#breadcrumb\",\"itemListElement\":[{\"@type\":\"ListItem\",\"position\":1,\"name\":\"Home\",\"item\":\"https:\/\/infoelnuevonorte.com\/\"},{\"@type\":\"ListItem\",\"position\":2,\"name\":\"El l\u00edder opositor de Kenia rechaza que su pa\u00eds lidere la misi\u00f3n multinacional en Hait\u00ed\"}]},{\"@type\":\"WebSite\",\"@id\":\"https:\/\/infoelnuevonorte.com\/#website\",\"url\":\"https:\/\/infoelnuevonorte.com\/\",\"name\":\"InfoEnn\",\"description\":\"Tu Voz, tu Verdad, tu Diario!!!\",\"publisher\":{\"@id\":\"https:\/\/infoelnuevonorte.com\/#organization\"},\"alternateName\":\"El Nuevo Norte\",\"potentialAction\":[{\"@type\":\"SearchAction\",\"target\":{\"@type\":\"EntryPoint\",\"urlTemplate\":\"https:\/\/infoelnuevonorte.com\/?s={search_term_string}\"},\"query-input\":{\"@type\":\"PropertyValueSpecification\",\"valueRequired\":true,\"valueName\":\"search_term_string\"}}],\"inLanguage\":\"es-DO\"},{\"@type\":\"Organization\",\"@id\":\"https:\/\/infoelnuevonorte.com\/#organization\",\"name\":\"Info El Nuevo Norte\",\"alternateName\":\"El Nuevo Norte\",\"url\":\"https:\/\/infoelnuevonorte.com\/\",\"logo\":{\"@type\":\"ImageObject\",\"inLanguage\":\"es-DO\",\"@id\":\"https:\/\/infoelnuevonorte.com\/#\/schema\/logo\/image\/\",\"url\":\"https:\/\/infoelnuevonorte.com\/wp-content\/uploads\/2026\/02\/Logo-Info-enn-3d-20ani.jpeg\",\"contentUrl\":\"https:\/\/infoelnuevonorte.com\/wp-content\/uploads\/2026\/02\/Logo-Info-enn-3d-20ani.jpeg\",\"width\":2046,\"height\":736,\"caption\":\"Info El Nuevo Norte\"},\"image\":{\"@id\":\"https:\/\/infoelnuevonorte.com\/#\/schema\/logo\/image\/\"},\"sameAs\":[\"https:\/\/www.facebook.com\/infoenn\",\"https:\/\/x.com\/Elnuevo_norte\",\"https:\/\/www.instagram.com\/infoenn\",\"https:\/\/www.facebook.com\/ENNRD\"]},{\"@type\":\"Person\",\"@id\":\"https:\/\/infoelnuevonorte.com\/#\/schema\/person\/fd4f6d90afe41260818b4ea94ad8ab84\",\"name\":\"InfoEnn\",\"image\":{\"@type\":\"ImageObject\",\"inLanguage\":\"es-DO\",\"@id\":\"https:\/\/infoelnuevonorte.com\/#\/schema\/person\/image\/\",\"url\":\"https:\/\/secure.gravatar.com\/avatar\/d4d760a41a48ba9db0a82bfb63bb0783?s=96&d=robohash&r=g\",\"contentUrl\":\"https:\/\/secure.gravatar.com\/avatar\/d4d760a41a48ba9db0a82bfb63bb0783?s=96&d=robohash&r=g\",\"caption\":\"InfoEnn\"},\"sameAs\":[\"https:\/\/infoelnuevonorte.com\"],\"url\":\"https:\/\/infoelnuevonorte.com\/?author=1\"}]}<\/script>\n<!-- \/ Yoast SEO plugin. -->","yoast_head_json":{"title":"El l\u00edder opositor de Kenia rechaza que su pa\u00eds lidere la misi\u00f3n multinacional en Hait\u00ed | El Nuevo Norte","robots":{"index":"index","follow":"follow","max-snippet":"max-snippet:-1","max-image-preview":"max-image-preview:large","max-video-preview":"max-video-preview:-1"},"canonical":"https:\/\/infoelnuevonorte.com\/?p=1203","og_locale":"es_ES","og_type":"article","og_title":"El l\u00edder opositor de Kenia rechaza que su pa\u00eds lidere la misi\u00f3n multinacional en Hait\u00ed | El Nuevo Norte","og_description":"Nairobi.-\u00a0El l\u00edder de la oposici\u00f3n de\u00a0Kenia, el ex primer ministro Raila Odinga, ha afirmado que \u201cno es una medida correcta\u201d la decisi\u00f3n de su pa\u00eds de liderar la misi\u00f3n multinacional para\u00a0Hait\u00ed\u00a0aprobada este lunes por el Consejo de Seguridad de la\u00a0ONU, seg\u00fan una entrevista que publican este jueves medios locales. \u201cNo creo que sea la medida [&hellip;]","og_url":"https:\/\/infoelnuevonorte.com\/?p=1203","og_site_name":"El Nuevo Norte","article_publisher":"https:\/\/www.facebook.com\/infoenn","article_published_time":"2023-10-05T16:17:48+00:00","article_modified_time":"2023-10-05T16:17:50+00:00","og_image":[{"width":1140,"height":694,"url":"https:\/\/infoelnuevonorte.com\/wp-content\/uploads\/2023\/10\/opositor-kenia.png","type":"image\/png"}],"author":"InfoEnn","twitter_card":"summary_large_image","twitter_creator":"@Elnuevo_norte","twitter_site":"@Elnuevo_norte","twitter_misc":{"Written by":"InfoEnn","Est. reading time":"3 minutos"},"schema":{"@context":"https:\/\/schema.org","@graph":[{"@type":"Article","@id":"https:\/\/infoelnuevonorte.com\/?p=1203#article","isPartOf":{"@id":"https:\/\/infoelnuevonorte.com\/?p=1203"},"author":{"name":"InfoEnn","@id":"https:\/\/infoelnuevonorte.com\/#\/schema\/person\/fd4f6d90afe41260818b4ea94ad8ab84"},"headline":"El l\u00edder opositor de Kenia rechaza que su pa\u00eds lidere la misi\u00f3n multinacional en Hait\u00ed","datePublished":"2023-10-05T16:17:48+00:00","dateModified":"2023-10-05T16:17:50+00:00","mainEntityOfPage":{"@id":"https:\/\/infoelnuevonorte.com\/?p=1203"},"wordCount":571,"commentCount":0,"publisher":{"@id":"https:\/\/infoelnuevonorte.com\/#organization"},"articleSection":["Actualidad |","Mundiales"],"inLanguage":"es-DO","potentialAction":[{"@type":"CommentAction","name":"Comment","target":["https:\/\/infoelnuevonorte.com\/?p=1203#respond"]}]},{"@type":"WebPage","@id":"https:\/\/infoelnuevonorte.com\/?p=1203","url":"https:\/\/infoelnuevonorte.com\/?p=1203","name":"El l\u00edder opositor de Kenia rechaza que su pa\u00eds lidere la misi\u00f3n multinacional en Hait\u00ed | El Nuevo Norte","isPartOf":{"@id":"https:\/\/infoelnuevonorte.com\/#website"},"datePublished":"2023-10-05T16:17:48+00:00","dateModified":"2023-10-05T16:17:50+00:00","breadcrumb":{"@id":"https:\/\/infoelnuevonorte.com\/?p=1203#breadcrumb"},"inLanguage":"es-DO","potentialAction":[{"@type":"ReadAction","target":["https:\/\/infoelnuevonorte.com\/?p=1203"]}]},{"@type":"BreadcrumbList","@id":"https:\/\/infoelnuevonorte.com\/?p=1203#breadcrumb","itemListElement":[{"@type":"ListItem","position":1,"name":"Home","item":"https:\/\/infoelnuevonorte.com\/"},{"@type":"ListItem","position":2,"name":"El l\u00edder opositor de Kenia rechaza que su pa\u00eds lidere la misi\u00f3n multinacional en Hait\u00ed"}]},{"@type":"WebSite","@id":"https:\/\/infoelnuevonorte.com\/#website","url":"https:\/\/infoelnuevonorte.com\/","name":"InfoEnn","description":"Tu Voz, tu Verdad, tu Diario!!!","publisher":{"@id":"https:\/\/infoelnuevonorte.com\/#organization"},"alternateName":"El Nuevo Norte","potentialAction":[{"@type":"SearchAction","target":{"@type":"EntryPoint","urlTemplate":"https:\/\/infoelnuevonorte.com\/?s={search_term_string}"},"query-input":{"@type":"PropertyValueSpecification","valueRequired":true,"valueName":"search_term_string"}}],"inLanguage":"es-DO"},{"@type":"Organization","@id":"https:\/\/infoelnuevonorte.com\/#organization","name":"Info El Nuevo Norte","alternateName":"El Nuevo Norte","url":"https:\/\/infoelnuevonorte.com\/","logo":{"@type":"ImageObject","inLanguage":"es-DO","@id":"https:\/\/infoelnuevonorte.com\/#\/schema\/logo\/image\/","url":"https:\/\/infoelnuevonorte.com\/wp-content\/uploads\/2026\/02\/Logo-Info-enn-3d-20ani.jpeg","contentUrl":"https:\/\/infoelnuevonorte.com\/wp-content\/uploads\/2026\/02\/Logo-Info-enn-3d-20ani.jpeg","width":2046,"height":736,"caption":"Info El Nuevo Norte"},"image":{"@id":"https:\/\/infoelnuevonorte.com\/#\/schema\/logo\/image\/"},"sameAs":["https:\/\/www.facebook.com\/infoenn","https:\/\/x.com\/Elnuevo_norte","https:\/\/www.instagram.com\/infoenn","https:\/\/www.facebook.com\/ENNRD"]},{"@type":"Person","@id":"https:\/\/infoelnuevonorte.com\/#\/schema\/person\/fd4f6d90afe41260818b4ea94ad8ab84","name":"InfoEnn","image":{"@type":"ImageObject","inLanguage":"es-DO","@id":"https:\/\/infoelnuevonorte.com\/#\/schema\/person\/image\/","url":"https:\/\/secure.gravatar.com\/avatar\/d4d760a41a48ba9db0a82bfb63bb0783?s=96&d=robohash&r=g","contentUrl":"https:\/\/secure.gravatar.com\/avatar\/d4d760a41a48ba9db0a82bfb63bb0783?s=96&d=robohash&r=g","caption":"InfoEnn"},"sameAs":["https:\/\/infoelnuevonorte.com"],"url":"https:\/\/infoelnuevonorte.com\/?author=1"}]}},"_links":{"self":[{"href":"https:\/\/infoelnuevonorte.com\/index.php?rest_route=\/wp\/v2\/posts\/1203"}],"collection":[{"href":"https:\/\/infoelnuevonorte.com\/index.php?rest_route=\/wp\/v2\/posts"}],"about":[{"href":"https:\/\/infoelnuevonorte.com\/index.php?rest_route=\/wp\/v2\/types\/post"}],"author":[{"embeddable":true,"href":"https:\/\/infoelnuevonorte.com\/index.php?rest_route=\/wp\/v2\/users\/1"}],"replies":[{"embeddable":true,"href":"https:\/\/infoelnuevonorte.com\/index.php?rest_route=%2Fwp%2Fv2%2Fcomments&post=1203"}],"version-history":[{"count":0,"href":"https:\/\/infoelnuevonorte.com\/index.php?rest_route=\/wp\/v2\/posts\/1203\/revisions"}],"wp:attachment":[{"href":"https:\/\/infoelnuevonorte.com\/index.php?rest_route=%2Fwp%2Fv2%2Fmedia&parent=1203"}],"wp:term":[{"taxonomy":"category","embeddable":true,"href":"https:\/\/infoelnuevonorte.com\/index.php?rest_route=%2Fwp%2Fv2%2Fcategories&post=1203"},{"taxonomy":"post_tag","embeddable":true,"href":"https:\/\/infoelnuevonorte.com\/index.php?rest_route=%2Fwp%2Fv2%2Ftags&post=1203"}],"curies":[{"name":"wp","href":"https:\/\/api.w.org\/{rel}","templated":true}]}}