{"id":12287,"date":"2024-02-20T14:42:16","date_gmt":"2024-02-20T18:42:16","guid":{"rendered":"https:\/\/infoelnuevonorte.com\/?p=12287"},"modified":"2024-02-20T14:42:17","modified_gmt":"2024-02-20T18:42:17","slug":"atencion-aumentan-a-11-provincias-en-alerta-verde","status":"publish","type":"post","link":"https:\/\/infoelnuevonorte.com\/?p=12287","title":{"rendered":"\u00a1Atenci\u00f3n! Aumentan a 11 provincias en alerta verde"},"content":{"rendered":"<div class=\"tdb-block-inner td-fix-index\">\n<p style=\"text-align: justify;\"><strong>SANTO DOMINGO<\/strong>.- El<strong> Centro de Operaciones de Emergencias\u00a0(COE),<\/strong> aument\u00f3 a once las provincias en alerta verde debido a un sistema frontal que incidir\u00e1 en el pa\u00eds.<\/p>\n<p style=\"text-align: justify;\">De acuerdo a la entidad, el sistema frontal estar\u00e1 generando aguaceros de moderados a fuertes localmente con tronadas aisladas y r\u00e1fagas de viento sobre provincias del noroeste, norte y la Cordillera Central.<\/p>\n<div id=\"deult-2101849583\" class=\"deult-entre-noticias\" style=\"text-align: justify;\">\n<div id=\"deult-1552131141\" class=\"deult-target\" data-advadstrackid=\"124255\" data-advadstrackbid=\"1\"><a class=\"adv-link\" href=\"https:\/\/www.godominicanrepublic.com\/es\/blog\/turismo-interno\/\" target=\"_blank\" rel=\"noopener\"><img loading=\"lazy\" decoding=\"async\" class=\"entered lazyloaded\" src=\"https:\/\/cdn.deultimominuto.net\/wp-content\/uploads\/2022\/09\/728x90-01.jpg\" sizes=\"(max-width: 728px) 100vw, 728px\" srcset=\"https:\/\/cdn.deultimominuto.net\/wp-content\/uploads\/2022\/09\/728x90-01.jpg 728w, https:\/\/cdn.deultimominuto.net\/wp-content\/uploads\/2022\/09\/728x90-01-392x48.jpg 392w, https:\/\/cdn.deultimominuto.net\/wp-content\/uploads\/2022\/09\/728x90-01-96x12.jpg 96w, https:\/\/cdn.deultimominuto.net\/wp-content\/uploads\/2022\/09\/728x90-01-192x24.jpg 192w, https:\/\/cdn.deultimominuto.net\/wp-content\/uploads\/2022\/09\/728x90-01-150x19.jpg 150w, https:\/\/cdn.deultimominuto.net\/wp-content\/uploads\/2022\/09\/728x90-01-300x37.jpg 300w, https:\/\/cdn.deultimominuto.net\/wp-content\/uploads\/2022\/09\/728x90-01-696x86.jpg 696w\" alt=\"Cada Rincon Banner turismo\" width=\"728\" height=\"90\" data-lazy-srcset=\"https:\/\/cdn.deultimominuto.net\/wp-content\/uploads\/2022\/09\/728x90-01.jpg 728w, https:\/\/cdn.deultimominuto.net\/wp-content\/uploads\/2022\/09\/728x90-01-392x48.jpg 392w, https:\/\/cdn.deultimominuto.net\/wp-content\/uploads\/2022\/09\/728x90-01-96x12.jpg 96w, https:\/\/cdn.deultimominuto.net\/wp-content\/uploads\/2022\/09\/728x90-01-192x24.jpg 192w, https:\/\/cdn.deultimominuto.net\/wp-content\/uploads\/2022\/09\/728x90-01-150x19.jpg 150w, https:\/\/cdn.deultimominuto.net\/wp-content\/uploads\/2022\/09\/728x90-01-300x37.jpg 300w, https:\/\/cdn.deultimominuto.net\/wp-content\/uploads\/2022\/09\/728x90-01-696x86.jpg 696w\" data-lazy-sizes=\"(max-width: 728px) 100vw, 728px\" data-lazy-src=\"https:\/\/cdn.deultimominuto.net\/wp-content\/uploads\/2022\/09\/728x90-01.jpg\" data-ll-status=\"loaded\" \/><\/a><\/div>\n<\/div>\n<h3 id=\"h-leer-mas-coe-coloca-cinco-provincias-en-alerta-verde\" style=\"text-align: justify;\"><strong>Leer m\u00e1s: <a href=\"https:\/\/infoelnuevonorte.com\/?p=12276\">COE coloca cinco provincias en alerta verde<\/a><\/strong><\/h3>\n<figure class=\"wp-block-image size-large\" style=\"text-align: justify;\"><img loading=\"lazy\" decoding=\"async\" class=\"wp-image-301669 entered lazyloaded\" src=\"https:\/\/cdn.deultimominuto.net\/wp-content\/uploads\/2024\/02\/GGy3RwvXEAEVAnS-761x1024.jpg\" sizes=\"(max-width: 761px) 100vw, 761px\" srcset=\"https:\/\/cdn.deultimominuto.net\/wp-content\/uploads\/2024\/02\/GGy3RwvXEAEVAnS-761x1024.jpg 761w, https:\/\/cdn.deultimominuto.net\/wp-content\/uploads\/2024\/02\/GGy3RwvXEAEVAnS-291x392.jpg 291w, https:\/\/cdn.deultimominuto.net\/wp-content\/uploads\/2024\/02\/GGy3RwvXEAEVAnS-71x96.jpg 71w, https:\/\/cdn.deultimominuto.net\/wp-content\/uploads\/2024\/02\/GGy3RwvXEAEVAnS-143x192.jpg 143w, https:\/\/cdn.deultimominuto.net\/wp-content\/uploads\/2024\/02\/GGy3RwvXEAEVAnS-150x202.jpg 150w, https:\/\/cdn.deultimominuto.net\/wp-content\/uploads\/2024\/02\/GGy3RwvXEAEVAnS-300x404.jpg 300w, https:\/\/cdn.deultimominuto.net\/wp-content\/uploads\/2024\/02\/GGy3RwvXEAEVAnS-696x937.jpg 696w, https:\/\/cdn.deultimominuto.net\/wp-content\/uploads\/2024\/02\/GGy3RwvXEAEVAnS.jpg 765w\" alt=\"\" width=\"761\" height=\"1024\" data-lazy-srcset=\"https:\/\/cdn.deultimominuto.net\/wp-content\/uploads\/2024\/02\/GGy3RwvXEAEVAnS-761x1024.jpg 761w, https:\/\/cdn.deultimominuto.net\/wp-content\/uploads\/2024\/02\/GGy3RwvXEAEVAnS-291x392.jpg 291w, https:\/\/cdn.deultimominuto.net\/wp-content\/uploads\/2024\/02\/GGy3RwvXEAEVAnS-71x96.jpg 71w, https:\/\/cdn.deultimominuto.net\/wp-content\/uploads\/2024\/02\/GGy3RwvXEAEVAnS-143x192.jpg 143w, https:\/\/cdn.deultimominuto.net\/wp-content\/uploads\/2024\/02\/GGy3RwvXEAEVAnS-150x202.jpg 150w, https:\/\/cdn.deultimominuto.net\/wp-content\/uploads\/2024\/02\/GGy3RwvXEAEVAnS-300x404.jpg 300w, https:\/\/cdn.deultimominuto.net\/wp-content\/uploads\/2024\/02\/GGy3RwvXEAEVAnS-696x937.jpg 696w, https:\/\/cdn.deultimominuto.net\/wp-content\/uploads\/2024\/02\/GGy3RwvXEAEVAnS.jpg 765w\" data-lazy-sizes=\"(max-width: 761px) 100vw, 761px\" data-lazy-src=\"https:\/\/cdn.deultimominuto.net\/wp-content\/uploads\/2024\/02\/GGy3RwvXEAEVAnS-761x1024.jpg\" data-ll-status=\"loaded\" \/><\/figure>\n<p style=\"text-align: justify;\"><strong>Las provincias en alerta son: Hermanas Mirabal, Espaillat, Montecristi, Mar\u00eda Trinidad S\u00e1nchez, Puerto Plata, Duarte, La Vega, Santiago, Santiago Rodr\u00edguez, Dajab\u00f3n y Valverde.<\/strong><\/p>\n<p style=\"text-align: justify;\">Asimismo, el COE exhort\u00f3 a la poblaci\u00f3n a abstenerse de cruzar r\u00edos, arroyos y ca\u00f1adas que presenten alto volumen de agua y no hacer, no hacer uso de balnearios en las provincias bajo alerta.<\/p>\n<\/div>\n","protected":false},"excerpt":{"rendered":"<p>SANTO DOMINGO.- El Centro de Operaciones de Emergencias\u00a0(COE), aument\u00f3 a once las provincias en alerta verde debido a un sistema frontal que incidir\u00e1 en el pa\u00eds. De acuerdo a la entidad, el sistema frontal estar\u00e1 generando aguaceros de moderados a fuertes localmente con tronadas aisladas y r\u00e1fagas de viento sobre provincias del noroeste, norte y [&hellip;]<\/p>\n","protected":false},"author":1,"featured_media":0,"comment_status":"closed","ping_status":"open","sticky":false,"template":"","format":"standard","meta":{"footnotes":""},"categories":[2,4],"tags":[],"yoast_head":"<!-- This site is optimized with the Yoast SEO plugin v24.5 - https:\/\/yoast.com\/wordpress\/plugins\/seo\/ -->\n<title>\u00a1Atenci\u00f3n! Aumentan a 11 provincias en alerta verde | El Nuevo Norte<\/title>\n<meta name=\"robots\" content=\"index, follow, max-snippet:-1, max-image-preview:large, max-video-preview:-1\" \/>\n<link rel=\"canonical\" href=\"https:\/\/infoelnuevonorte.com\/?p=12287\" \/>\n<meta property=\"og:locale\" content=\"es_ES\" \/>\n<meta property=\"og:type\" content=\"article\" \/>\n<meta property=\"og:title\" content=\"\u00a1Atenci\u00f3n! Aumentan a 11 provincias en alerta verde | El Nuevo Norte\" \/>\n<meta property=\"og:description\" content=\"SANTO DOMINGO.- El Centro de Operaciones de Emergencias\u00a0(COE), aument\u00f3 a once las provincias en alerta verde debido a un sistema frontal que incidir\u00e1 en el pa\u00eds. De acuerdo a la entidad, el sistema frontal estar\u00e1 generando aguaceros de moderados a fuertes localmente con tronadas aisladas y r\u00e1fagas de viento sobre provincias del noroeste, norte y [&hellip;]\" \/>\n<meta property=\"og:url\" content=\"https:\/\/infoelnuevonorte.com\/?p=12287\" \/>\n<meta property=\"og:site_name\" content=\"El Nuevo Norte\" \/>\n<meta property=\"article:publisher\" content=\"https:\/\/www.facebook.com\/infoenn\" \/>\n<meta property=\"article:published_time\" content=\"2024-02-20T18:42:16+00:00\" \/>\n<meta property=\"article:modified_time\" content=\"2024-02-20T18:42:17+00:00\" \/>\n<meta property=\"og:image\" content=\"https:\/\/infoelnuevonorte.com\/wp-content\/uploads\/2024\/02\/COE-jpg.webp\" \/>\n\t<meta property=\"og:image:width\" content=\"1030\" \/>\n\t<meta property=\"og:image:height\" content=\"579\" \/>\n\t<meta property=\"og:image:type\" content=\"image\/jpeg\" \/>\n<meta name=\"author\" content=\"InfoEnn\" \/>\n<meta name=\"twitter:card\" content=\"summary_large_image\" \/>\n<meta name=\"twitter:creator\" content=\"@Elnuevo_norte\" \/>\n<meta name=\"twitter:site\" content=\"@Elnuevo_norte\" \/>\n<meta name=\"twitter:label1\" content=\"Written by\" \/>\n\t<meta name=\"twitter:data1\" content=\"InfoEnn\" \/>\n\t<meta name=\"twitter:label2\" content=\"Est. reading time\" \/>\n\t<meta name=\"twitter:data2\" content=\"2 minutos\" \/>\n<script type=\"application\/ld+json\" class=\"yoast-schema-graph\">{\"@context\":\"https:\/\/schema.org\",\"@graph\":[{\"@type\":\"Article\",\"@id\":\"https:\/\/infoelnuevonorte.com\/?p=12287#article\",\"isPartOf\":{\"@id\":\"https:\/\/infoelnuevonorte.com\/?p=12287\"},\"author\":{\"name\":\"InfoEnn\",\"@id\":\"https:\/\/infoelnuevonorte.com\/#\/schema\/person\/fd4f6d90afe41260818b4ea94ad8ab84\"},\"headline\":\"\u00a1Atenci\u00f3n! Aumentan a 11 provincias en alerta verde\",\"datePublished\":\"2024-02-20T18:42:16+00:00\",\"dateModified\":\"2024-02-20T18:42:17+00:00\",\"mainEntityOfPage\":{\"@id\":\"https:\/\/infoelnuevonorte.com\/?p=12287\"},\"wordCount\":144,\"publisher\":{\"@id\":\"https:\/\/infoelnuevonorte.com\/#organization\"},\"image\":{\"@id\":\"https:\/\/infoelnuevonorte.com\/?p=12287#primaryimage\"},\"thumbnailUrl\":\"https:\/\/cdn.deultimominuto.net\/wp-content\/uploads\/2022\/09\/728x90-01.jpg\",\"articleSection\":[\"Actualidad |\",\"El Clima\"],\"inLanguage\":\"es-DO\"},{\"@type\":\"WebPage\",\"@id\":\"https:\/\/infoelnuevonorte.com\/?p=12287\",\"url\":\"https:\/\/infoelnuevonorte.com\/?p=12287\",\"name\":\"\u00a1Atenci\u00f3n! Aumentan a 11 provincias en alerta verde | El Nuevo Norte\",\"isPartOf\":{\"@id\":\"https:\/\/infoelnuevonorte.com\/#website\"},\"primaryImageOfPage\":{\"@id\":\"https:\/\/infoelnuevonorte.com\/?p=12287#primaryimage\"},\"image\":{\"@id\":\"https:\/\/infoelnuevonorte.com\/?p=12287#primaryimage\"},\"thumbnailUrl\":\"https:\/\/cdn.deultimominuto.net\/wp-content\/uploads\/2022\/09\/728x90-01.jpg\",\"datePublished\":\"2024-02-20T18:42:16+00:00\",\"dateModified\":\"2024-02-20T18:42:17+00:00\",\"breadcrumb\":{\"@id\":\"https:\/\/infoelnuevonorte.com\/?p=12287#breadcrumb\"},\"inLanguage\":\"es-DO\",\"potentialAction\":[{\"@type\":\"ReadAction\",\"target\":[\"https:\/\/infoelnuevonorte.com\/?p=12287\"]}]},{\"@type\":\"ImageObject\",\"inLanguage\":\"es-DO\",\"@id\":\"https:\/\/infoelnuevonorte.com\/?p=12287#primaryimage\",\"url\":\"https:\/\/cdn.deultimominuto.net\/wp-content\/uploads\/2022\/09\/728x90-01.jpg\",\"contentUrl\":\"https:\/\/cdn.deultimominuto.net\/wp-content\/uploads\/2022\/09\/728x90-01.jpg\"},{\"@type\":\"BreadcrumbList\",\"@id\":\"https:\/\/infoelnuevonorte.com\/?p=12287#breadcrumb\",\"itemListElement\":[{\"@type\":\"ListItem\",\"position\":1,\"name\":\"Home\",\"item\":\"https:\/\/infoelnuevonorte.com\/\"},{\"@type\":\"ListItem\",\"position\":2,\"name\":\"\u00a1Atenci\u00f3n! Aumentan a 11 provincias en alerta verde\"}]},{\"@type\":\"WebSite\",\"@id\":\"https:\/\/infoelnuevonorte.com\/#website\",\"url\":\"https:\/\/infoelnuevonorte.com\/\",\"name\":\"InfoEnn\",\"description\":\"Tu Voz, tu Verdad, tu Diario!!!\",\"publisher\":{\"@id\":\"https:\/\/infoelnuevonorte.com\/#organization\"},\"alternateName\":\"El Nuevo Norte\",\"potentialAction\":[{\"@type\":\"SearchAction\",\"target\":{\"@type\":\"EntryPoint\",\"urlTemplate\":\"https:\/\/infoelnuevonorte.com\/?s={search_term_string}\"},\"query-input\":{\"@type\":\"PropertyValueSpecification\",\"valueRequired\":true,\"valueName\":\"search_term_string\"}}],\"inLanguage\":\"es-DO\"},{\"@type\":\"Organization\",\"@id\":\"https:\/\/infoelnuevonorte.com\/#organization\",\"name\":\"Info El Nuevo Norte\",\"alternateName\":\"El Nuevo Norte\",\"url\":\"https:\/\/infoelnuevonorte.com\/\",\"logo\":{\"@type\":\"ImageObject\",\"inLanguage\":\"es-DO\",\"@id\":\"https:\/\/infoelnuevonorte.com\/#\/schema\/logo\/image\/\",\"url\":\"https:\/\/infoelnuevonorte.com\/wp-content\/uploads\/2026\/02\/Logo-Info-enn-3d-20ani.jpeg\",\"contentUrl\":\"https:\/\/infoelnuevonorte.com\/wp-content\/uploads\/2026\/02\/Logo-Info-enn-3d-20ani.jpeg\",\"width\":2046,\"height\":736,\"caption\":\"Info El Nuevo Norte\"},\"image\":{\"@id\":\"https:\/\/infoelnuevonorte.com\/#\/schema\/logo\/image\/\"},\"sameAs\":[\"https:\/\/www.facebook.com\/infoenn\",\"https:\/\/x.com\/Elnuevo_norte\",\"https:\/\/www.instagram.com\/infoenn\",\"https:\/\/www.facebook.com\/ENNRD\"]},{\"@type\":\"Person\",\"@id\":\"https:\/\/infoelnuevonorte.com\/#\/schema\/person\/fd4f6d90afe41260818b4ea94ad8ab84\",\"name\":\"InfoEnn\",\"image\":{\"@type\":\"ImageObject\",\"inLanguage\":\"es-DO\",\"@id\":\"https:\/\/infoelnuevonorte.com\/#\/schema\/person\/image\/\",\"url\":\"https:\/\/secure.gravatar.com\/avatar\/d4d760a41a48ba9db0a82bfb63bb0783?s=96&d=robohash&r=g\",\"contentUrl\":\"https:\/\/secure.gravatar.com\/avatar\/d4d760a41a48ba9db0a82bfb63bb0783?s=96&d=robohash&r=g\",\"caption\":\"InfoEnn\"},\"sameAs\":[\"https:\/\/infoelnuevonorte.com\"],\"url\":\"https:\/\/infoelnuevonorte.com\/?author=1\"}]}<\/script>\n<!-- \/ Yoast SEO plugin. -->","yoast_head_json":{"title":"\u00a1Atenci\u00f3n! Aumentan a 11 provincias en alerta verde | El Nuevo Norte","robots":{"index":"index","follow":"follow","max-snippet":"max-snippet:-1","max-image-preview":"max-image-preview:large","max-video-preview":"max-video-preview:-1"},"canonical":"https:\/\/infoelnuevonorte.com\/?p=12287","og_locale":"es_ES","og_type":"article","og_title":"\u00a1Atenci\u00f3n! Aumentan a 11 provincias en alerta verde | El Nuevo Norte","og_description":"SANTO DOMINGO.- El Centro de Operaciones de Emergencias\u00a0(COE), aument\u00f3 a once las provincias en alerta verde debido a un sistema frontal que incidir\u00e1 en el pa\u00eds. De acuerdo a la entidad, el sistema frontal estar\u00e1 generando aguaceros de moderados a fuertes localmente con tronadas aisladas y r\u00e1fagas de viento sobre provincias del noroeste, norte y [&hellip;]","og_url":"https:\/\/infoelnuevonorte.com\/?p=12287","og_site_name":"El Nuevo Norte","article_publisher":"https:\/\/www.facebook.com\/infoenn","article_published_time":"2024-02-20T18:42:16+00:00","article_modified_time":"2024-02-20T18:42:17+00:00","og_image":[{"width":1030,"height":579,"url":"https:\/\/infoelnuevonorte.com\/wp-content\/uploads\/2024\/02\/COE-jpg.webp","type":"image\/jpeg"}],"author":"InfoEnn","twitter_card":"summary_large_image","twitter_creator":"@Elnuevo_norte","twitter_site":"@Elnuevo_norte","twitter_misc":{"Written by":"InfoEnn","Est. reading time":"2 minutos"},"schema":{"@context":"https:\/\/schema.org","@graph":[{"@type":"Article","@id":"https:\/\/infoelnuevonorte.com\/?p=12287#article","isPartOf":{"@id":"https:\/\/infoelnuevonorte.com\/?p=12287"},"author":{"name":"InfoEnn","@id":"https:\/\/infoelnuevonorte.com\/#\/schema\/person\/fd4f6d90afe41260818b4ea94ad8ab84"},"headline":"\u00a1Atenci\u00f3n! Aumentan a 11 provincias en alerta verde","datePublished":"2024-02-20T18:42:16+00:00","dateModified":"2024-02-20T18:42:17+00:00","mainEntityOfPage":{"@id":"https:\/\/infoelnuevonorte.com\/?p=12287"},"wordCount":144,"publisher":{"@id":"https:\/\/infoelnuevonorte.com\/#organization"},"image":{"@id":"https:\/\/infoelnuevonorte.com\/?p=12287#primaryimage"},"thumbnailUrl":"https:\/\/cdn.deultimominuto.net\/wp-content\/uploads\/2022\/09\/728x90-01.jpg","articleSection":["Actualidad |","El Clima"],"inLanguage":"es-DO"},{"@type":"WebPage","@id":"https:\/\/infoelnuevonorte.com\/?p=12287","url":"https:\/\/infoelnuevonorte.com\/?p=12287","name":"\u00a1Atenci\u00f3n! Aumentan a 11 provincias en alerta verde | El Nuevo Norte","isPartOf":{"@id":"https:\/\/infoelnuevonorte.com\/#website"},"primaryImageOfPage":{"@id":"https:\/\/infoelnuevonorte.com\/?p=12287#primaryimage"},"image":{"@id":"https:\/\/infoelnuevonorte.com\/?p=12287#primaryimage"},"thumbnailUrl":"https:\/\/cdn.deultimominuto.net\/wp-content\/uploads\/2022\/09\/728x90-01.jpg","datePublished":"2024-02-20T18:42:16+00:00","dateModified":"2024-02-20T18:42:17+00:00","breadcrumb":{"@id":"https:\/\/infoelnuevonorte.com\/?p=12287#breadcrumb"},"inLanguage":"es-DO","potentialAction":[{"@type":"ReadAction","target":["https:\/\/infoelnuevonorte.com\/?p=12287"]}]},{"@type":"ImageObject","inLanguage":"es-DO","@id":"https:\/\/infoelnuevonorte.com\/?p=12287#primaryimage","url":"https:\/\/cdn.deultimominuto.net\/wp-content\/uploads\/2022\/09\/728x90-01.jpg","contentUrl":"https:\/\/cdn.deultimominuto.net\/wp-content\/uploads\/2022\/09\/728x90-01.jpg"},{"@type":"BreadcrumbList","@id":"https:\/\/infoelnuevonorte.com\/?p=12287#breadcrumb","itemListElement":[{"@type":"ListItem","position":1,"name":"Home","item":"https:\/\/infoelnuevonorte.com\/"},{"@type":"ListItem","position":2,"name":"\u00a1Atenci\u00f3n! Aumentan a 11 provincias en alerta verde"}]},{"@type":"WebSite","@id":"https:\/\/infoelnuevonorte.com\/#website","url":"https:\/\/infoelnuevonorte.com\/","name":"InfoEnn","description":"Tu Voz, tu Verdad, tu Diario!!!","publisher":{"@id":"https:\/\/infoelnuevonorte.com\/#organization"},"alternateName":"El Nuevo Norte","potentialAction":[{"@type":"SearchAction","target":{"@type":"EntryPoint","urlTemplate":"https:\/\/infoelnuevonorte.com\/?s={search_term_string}"},"query-input":{"@type":"PropertyValueSpecification","valueRequired":true,"valueName":"search_term_string"}}],"inLanguage":"es-DO"},{"@type":"Organization","@id":"https:\/\/infoelnuevonorte.com\/#organization","name":"Info El Nuevo Norte","alternateName":"El Nuevo Norte","url":"https:\/\/infoelnuevonorte.com\/","logo":{"@type":"ImageObject","inLanguage":"es-DO","@id":"https:\/\/infoelnuevonorte.com\/#\/schema\/logo\/image\/","url":"https:\/\/infoelnuevonorte.com\/wp-content\/uploads\/2026\/02\/Logo-Info-enn-3d-20ani.jpeg","contentUrl":"https:\/\/infoelnuevonorte.com\/wp-content\/uploads\/2026\/02\/Logo-Info-enn-3d-20ani.jpeg","width":2046,"height":736,"caption":"Info El Nuevo Norte"},"image":{"@id":"https:\/\/infoelnuevonorte.com\/#\/schema\/logo\/image\/"},"sameAs":["https:\/\/www.facebook.com\/infoenn","https:\/\/x.com\/Elnuevo_norte","https:\/\/www.instagram.com\/infoenn","https:\/\/www.facebook.com\/ENNRD"]},{"@type":"Person","@id":"https:\/\/infoelnuevonorte.com\/#\/schema\/person\/fd4f6d90afe41260818b4ea94ad8ab84","name":"InfoEnn","image":{"@type":"ImageObject","inLanguage":"es-DO","@id":"https:\/\/infoelnuevonorte.com\/#\/schema\/person\/image\/","url":"https:\/\/secure.gravatar.com\/avatar\/d4d760a41a48ba9db0a82bfb63bb0783?s=96&d=robohash&r=g","contentUrl":"https:\/\/secure.gravatar.com\/avatar\/d4d760a41a48ba9db0a82bfb63bb0783?s=96&d=robohash&r=g","caption":"InfoEnn"},"sameAs":["https:\/\/infoelnuevonorte.com"],"url":"https:\/\/infoelnuevonorte.com\/?author=1"}]}},"_links":{"self":[{"href":"https:\/\/infoelnuevonorte.com\/index.php?rest_route=\/wp\/v2\/posts\/12287"}],"collection":[{"href":"https:\/\/infoelnuevonorte.com\/index.php?rest_route=\/wp\/v2\/posts"}],"about":[{"href":"https:\/\/infoelnuevonorte.com\/index.php?rest_route=\/wp\/v2\/types\/post"}],"author":[{"embeddable":true,"href":"https:\/\/infoelnuevonorte.com\/index.php?rest_route=\/wp\/v2\/users\/1"}],"replies":[{"embeddable":true,"href":"https:\/\/infoelnuevonorte.com\/index.php?rest_route=%2Fwp%2Fv2%2Fcomments&post=12287"}],"version-history":[{"count":0,"href":"https:\/\/infoelnuevonorte.com\/index.php?rest_route=\/wp\/v2\/posts\/12287\/revisions"}],"wp:attachment":[{"href":"https:\/\/infoelnuevonorte.com\/index.php?rest_route=%2Fwp%2Fv2%2Fmedia&parent=12287"}],"wp:term":[{"taxonomy":"category","embeddable":true,"href":"https:\/\/infoelnuevonorte.com\/index.php?rest_route=%2Fwp%2Fv2%2Fcategories&post=12287"},{"taxonomy":"post_tag","embeddable":true,"href":"https:\/\/infoelnuevonorte.com\/index.php?rest_route=%2Fwp%2Fv2%2Ftags&post=12287"}],"curies":[{"name":"wp","href":"https:\/\/api.w.org\/{rel}","templated":true}]}}