{"id":123235,"date":"2025-07-20T11:46:30","date_gmt":"2025-07-20T15:46:30","guid":{"rendered":"https:\/\/infoelnuevonorte.com\/?p=123235"},"modified":"2025-07-20T11:46:30","modified_gmt":"2025-07-20T15:46:30","slug":"20-de-julio-dia-internacional-de-la-luna-en-homenaje-al-primer-paso-fuera-de-la-tierra","status":"publish","type":"post","link":"https:\/\/infoelnuevonorte.com\/?p=123235","title":{"rendered":"20 de julio: D\u00eda Internacional de la Luna en homenaje al primer paso fuera de la Tierra"},"content":{"rendered":"\n<p><a href=\"https:\/\/deultimominuto.net\/category\/estilo\/efemerides\/\"><\/a><\/p>\n\n\n<!--[if lt IE 9]><script>document.createElement('audio');<\/script><![endif]-->\n<audio class=\"wp-audio-shortcode\" id=\"audio-123235-1\" preload=\"none\" style=\"width: 100%;\" controls=\"controls\"><source type=\"audio\/mpeg\" src=\"https:\/\/infoelnuevonorte.com\/wp-content\/uploads\/2025\/07\/ttsmaker-vip-file-2025-7-20-11-44-16.mp3?_=1\" \/><a href=\"https:\/\/infoelnuevonorte.com\/wp-content\/uploads\/2025\/07\/ttsmaker-vip-file-2025-7-20-11-44-16.mp3\">https:\/\/infoelnuevonorte.com\/wp-content\/uploads\/2025\/07\/ttsmaker-vip-file-2025-7-20-11-44-16.mp3<\/a><\/audio>\n<p style=\"text-align: justify;\">El D\u00eda Internacional de la Luna es cada 20 de\u00a0<strong>julio<\/strong>\u00a0en conmemoraci\u00f3n\u00a0<strong>al aterrizaje de la misi\u00f3n Apolo 11<\/strong>, el primer viaje tripulado en alcanzar y descender sobre la superficie lunar.<\/p>\n<div class=\"wp-block-image\" style=\"text-align: justify;\">\n<figure class=\"alignright size-full is-resized\"><img loading=\"lazy\" decoding=\"async\" class=\"wp-image-204337 entered lazyloaded\" title=\"20 de julio: D\u00eda Internacional de la Luna en homenaje al primer paso fuera de la Tierra | 2 |\" src=\"https:\/\/cdn.deultimominuto.net\/wp-content\/uploads\/2023\/05\/luna_57_600.jpg\" sizes=\"(max-width: 600px) 100vw, 600px\" srcset=\"https:\/\/cdn.deultimominuto.net\/wp-content\/uploads\/2023\/05\/luna_57_600.jpg 600w, https:\/\/cdn.deultimominuto.net\/wp-content\/uploads\/2023\/05\/luna_57_600-392x294.jpg 392w, https:\/\/cdn.deultimominuto.net\/wp-content\/uploads\/2023\/05\/luna_57_600-96x72.jpg 96w, https:\/\/cdn.deultimominuto.net\/wp-content\/uploads\/2023\/05\/luna_57_600-192x144.jpg 192w, https:\/\/cdn.deultimominuto.net\/wp-content\/uploads\/2023\/05\/luna_57_600-150x113.jpg 150w, https:\/\/cdn.deultimominuto.net\/wp-content\/uploads\/2023\/05\/luna_57_600-300x225.jpg 300w, https:\/\/cdn.deultimominuto.net\/wp-content\/uploads\/2023\/05\/luna_57_600-80x60.jpg 80w, https:\/\/cdn.deultimominuto.net\/wp-content\/uploads\/2023\/05\/luna_57_600-265x198.jpg 265w\" alt=\"20 de julio: D\u00eda Internacional de la Luna en homenaje al primer paso fuera de la Tierra - Noticias de hoy en Rep\u00fablica Dominicana | De \u00daltimo Minuto\" width=\"600\" height=\"450\" data-lazy-srcset=\"https:\/\/cdn.deultimominuto.net\/wp-content\/uploads\/2023\/05\/luna_57_600.jpg 600w, https:\/\/cdn.deultimominuto.net\/wp-content\/uploads\/2023\/05\/luna_57_600-392x294.jpg 392w, https:\/\/cdn.deultimominuto.net\/wp-content\/uploads\/2023\/05\/luna_57_600-96x72.jpg 96w, https:\/\/cdn.deultimominuto.net\/wp-content\/uploads\/2023\/05\/luna_57_600-192x144.jpg 192w, https:\/\/cdn.deultimominuto.net\/wp-content\/uploads\/2023\/05\/luna_57_600-150x113.jpg 150w, https:\/\/cdn.deultimominuto.net\/wp-content\/uploads\/2023\/05\/luna_57_600-300x225.jpg 300w, https:\/\/cdn.deultimominuto.net\/wp-content\/uploads\/2023\/05\/luna_57_600-80x60.jpg 80w, https:\/\/cdn.deultimominuto.net\/wp-content\/uploads\/2023\/05\/luna_57_600-265x198.jpg 265w\" data-lazy-sizes=\"(max-width: 600px) 100vw, 600px\" data-lazy-src=\"https:\/\/cdn.deultimominuto.net\/wp-content\/uploads\/2023\/05\/luna_57_600.jpg\" data-ll-status=\"loaded\" \/><\/figure>\n<\/div>\n<p style=\"text-align: justify;\">Este acontecimiento no solo marc\u00f3 un hito en la carrera espacial, sino que represent\u00f3 el inicio de la era de la exploraci\u00f3n espacial con presencia humana m\u00e1s all\u00e1 del planeta Tierra.<\/p>\n<p style=\"text-align: justify;\">Por este motivo, la\u00a0<strong>Asamblea General de las Naciones Unidas\u00a0declar\u00f3 oficialmente el 20 de\u00a0julio\u00a0como el\u00a0<em>D\u00eda Internacional de la Luna<\/em><\/strong>, no solo para conmemorar este hist\u00f3rico logro, sino tambi\u00e9n para generar conciencia sobre la importancia de la ciencia y la tecnolog\u00eda espaciales, y su papel en el desarrollo sostenible de la humanidad.<\/p>\n<h2 class=\"wp-block-heading\" style=\"text-align: justify;\"><strong>\u00bfC\u00f3mo se origin\u00f3 la creaci\u00f3n del D\u00eda Internacional de la Luna?<\/strong><\/h2>\n<p style=\"text-align: justify;\">El establecimiento de esta efem\u00e9ride por parte de la\u00a0<strong>ONU\u00a0<\/strong>tiene como objetivo principal\u00a0<strong>reconocer la relevancia del primer aterrizaje tripulado<\/strong>\u00a0en la historia, ocurrido el 20 de julio de 1969 con la misi\u00f3n estadounidense Apolo 11.<\/p>\n<p style=\"text-align: justify;\">Adem\u00e1s, se busca:<\/p>\n<ul class=\"wp-block-list\" style=\"text-align: justify;\">\n<li><strong>Sensibilizar a la comunidad internacional<\/strong>\u00a0sobre la necesidad de promover la\u00a0<strong>exploraci\u00f3n y uso sostenible<\/strong>\u00a0de la Luna.<\/li>\n<li>Fomentar la\u00a0<strong>cooperaci\u00f3n internacional<\/strong>\u00a0en temas cient\u00edficos y espaciales.<\/li>\n<li>Resaltar el papel de la\u00a0<strong>ciencia, la innovaci\u00f3n y la tecnolog\u00eda<\/strong>\u00a0en los avances de la humanidad.<\/li>\n<li>Vincular los logros espaciales con los\u00a0<strong>Objetivos de Desarrollo Sostenible (ODS)<\/strong>\u00a0y los desaf\u00edos globales contempor\u00e1neos.<\/li>\n<\/ul>\n<h3 class=\"wp-block-heading\" style=\"text-align: justify;\"><strong>Apolo 11: el primer contacto humano con la Luna<\/strong><\/h3>\n<div class=\"wp-block-image\" style=\"text-align: justify;\">\n<figure class=\"alignleft size-large is-resized\"><img loading=\"lazy\" decoding=\"async\" class=\"wp-image-503962 entered lazyloaded\" title=\"20 de julio: D\u00eda Internacional de la Luna en homenaje al primer paso fuera de la Tierra | 3 |\" src=\"https:\/\/cdn.deultimominuto.net\/wp-content\/uploads\/2022\/07\/3-1024x726.jpg\" sizes=\"(max-width: 1024px) 100vw, 1024px\" srcset=\"https:\/\/cdn.deultimominuto.net\/wp-content\/uploads\/2022\/07\/3-1024x726.jpg 1024w, https:\/\/cdn.deultimominuto.net\/wp-content\/uploads\/2022\/07\/3-392x278.jpg 392w, https:\/\/cdn.deultimominuto.net\/wp-content\/uploads\/2022\/07\/3-768x545.jpg 768w, https:\/\/cdn.deultimominuto.net\/wp-content\/uploads\/2022\/07\/3-1536x1090.jpg 1536w, https:\/\/cdn.deultimominuto.net\/wp-content\/uploads\/2022\/07\/3-96x68.jpg 96w, https:\/\/cdn.deultimominuto.net\/wp-content\/uploads\/2022\/07\/3-192x136.jpg 192w, https:\/\/cdn.deultimominuto.net\/wp-content\/uploads\/2022\/07\/3-150x106.jpg 150w, https:\/\/cdn.deultimominuto.net\/wp-content\/uploads\/2022\/07\/3-300x213.jpg 300w, https:\/\/cdn.deultimominuto.net\/wp-content\/uploads\/2022\/07\/3-696x494.jpg 696w, https:\/\/cdn.deultimominuto.net\/wp-content\/uploads\/2022\/07\/3-1068x758.jpg 1068w, https:\/\/cdn.deultimominuto.net\/wp-content\/uploads\/2022\/07\/3.jpg 1748w\" alt=\"D\u00eda Internacional de la Luna \" width=\"501\" height=\"356\" data-lazy-srcset=\"https:\/\/cdn.deultimominuto.net\/wp-content\/uploads\/2022\/07\/3-1024x726.jpg 1024w, https:\/\/cdn.deultimominuto.net\/wp-content\/uploads\/2022\/07\/3-392x278.jpg 392w, https:\/\/cdn.deultimominuto.net\/wp-content\/uploads\/2022\/07\/3-768x545.jpg 768w, https:\/\/cdn.deultimominuto.net\/wp-content\/uploads\/2022\/07\/3-1536x1090.jpg 1536w, https:\/\/cdn.deultimominuto.net\/wp-content\/uploads\/2022\/07\/3-96x68.jpg 96w, https:\/\/cdn.deultimominuto.net\/wp-content\/uploads\/2022\/07\/3-192x136.jpg 192w, https:\/\/cdn.deultimominuto.net\/wp-content\/uploads\/2022\/07\/3-150x106.jpg 150w, https:\/\/cdn.deultimominuto.net\/wp-content\/uploads\/2022\/07\/3-300x213.jpg 300w, https:\/\/cdn.deultimominuto.net\/wp-content\/uploads\/2022\/07\/3-696x494.jpg 696w, https:\/\/cdn.deultimominuto.net\/wp-content\/uploads\/2022\/07\/3-1068x758.jpg 1068w, https:\/\/cdn.deultimominuto.net\/wp-content\/uploads\/2022\/07\/3.jpg 1748w\" data-lazy-sizes=\"(max-width: 1024px) 100vw, 1024px\" data-lazy-src=\"https:\/\/cdn.deultimominuto.net\/wp-content\/uploads\/2022\/07\/3-1024x726.jpg\" data-ll-status=\"loaded\" \/><\/figure>\n<\/div>\n<p style=\"text-align: justify;\">La\u00a0<strong>misi\u00f3n Apolo 11<\/strong>\u00a0fue la quinta misi\u00f3n tripulada del programa Apolo desarrollado por la\u00a0<strong>NASA<\/strong>\u00a0(Administraci\u00f3n Nacional de Aeron\u00e1utica y del Espacio de Estados Unidos), y la\u00a0<strong>primera en lograr que seres humanos pisaran la Luna<\/strong>.<\/p>\n<p style=\"text-align: justify;\">El despegue de la misi\u00f3n ocurri\u00f3 el\u00a0<strong>16 de julio de 1969<\/strong>\u00a0desde el Centro Espacial Kennedy, en Florida, a bordo del cohete\u00a0<strong>Saturno V<\/strong>. La tripulaci\u00f3n estuvo compuesta por tres astronautas:<\/p>\n<ul class=\"wp-block-list\" style=\"text-align: justify;\">\n<li><strong>Neil Armstrong<\/strong>, comandante de la misi\u00f3n.<\/li>\n<li><strong>Edwin \u201cBuzz\u201d Aldrin<\/strong>, piloto del m\u00f3dulo lunar.<\/li>\n<li><strong>Michael Collins<\/strong>, piloto del m\u00f3dulo de comando, quien permaneci\u00f3 en \u00f3rbita lunar mientras sus compa\u00f1eros descend\u00edan.<\/li>\n<\/ul>\n<p style=\"text-align: justify;\">Despu\u00e9s de cuatro d\u00edas de traves\u00eda, el\u00a0<strong>20 de julio de 1969<\/strong>, el m\u00f3dulo lunar\u00a0<strong>\"Eagle\"<\/strong>\u00a0aluniz\u00f3 con \u00e9xito en la superficie de la Luna, en una zona conocida como el\u00a0<strong>Mar de la Tranquilidad (Mare Tranquillitatis)<\/strong>.<\/p>\n<p style=\"text-align: justify;\">Fue entonces cuando\u00a0<strong>Neil Armstrong<\/strong>, al descender por la escalinata del m\u00f3dulo, pronunci\u00f3 una de las frases m\u00e1s famosas de la historia:<\/p>\n<p style=\"text-align: justify;\">\"Es un peque\u00f1o paso para un hombre, pero un gran salto para la humanidad\u201d.<\/p>\n<p style=\"text-align: justify;\">Minutos m\u00e1s tarde,\u00a0<strong>Buzz Aldrin<\/strong>\u00a0tambi\u00e9n descendi\u00f3, convirti\u00e9ndose en el segundo ser humano en caminar sobre la superficie lunar. En total, ambos astronautas pasaron\u00a0<strong>21 horas y 36 minutos<\/strong>\u00a0en la Luna, mientras que la caminata lunar dur\u00f3 aproximadamente\u00a0<strong>2 horas y 15 minutos<\/strong>.<\/p>\n<h3 class=\"wp-block-heading\" style=\"text-align: justify;\"><strong>\u00bfPor qu\u00e9 fue tan importante la misi\u00f3n Apolo 11?<\/strong><\/h3>\n<div class=\"wp-block-image\" style=\"text-align: justify;\">\n<figure class=\"alignright size-large is-resized\"><img loading=\"lazy\" decoding=\"async\" class=\"wp-image-503963 entered lazyloaded\" title=\"20 de julio: D\u00eda Internacional de la Luna en homenaje al primer paso fuera de la Tierra | 4 |\" src=\"https:\/\/cdn.deultimominuto.net\/wp-content\/uploads\/2022\/07\/2-1024x726.jpg\" sizes=\"(max-width: 1024px) 100vw, 1024px\" srcset=\"https:\/\/cdn.deultimominuto.net\/wp-content\/uploads\/2022\/07\/2-1024x726.jpg 1024w, https:\/\/cdn.deultimominuto.net\/wp-content\/uploads\/2022\/07\/2-392x278.jpg 392w, https:\/\/cdn.deultimominuto.net\/wp-content\/uploads\/2022\/07\/2-768x545.jpg 768w, https:\/\/cdn.deultimominuto.net\/wp-content\/uploads\/2022\/07\/2-1536x1090.jpg 1536w, https:\/\/cdn.deultimominuto.net\/wp-content\/uploads\/2022\/07\/2-96x68.jpg 96w, https:\/\/cdn.deultimominuto.net\/wp-content\/uploads\/2022\/07\/2-192x136.jpg 192w, https:\/\/cdn.deultimominuto.net\/wp-content\/uploads\/2022\/07\/2-150x106.jpg 150w, https:\/\/cdn.deultimominuto.net\/wp-content\/uploads\/2022\/07\/2-300x213.jpg 300w, https:\/\/cdn.deultimominuto.net\/wp-content\/uploads\/2022\/07\/2-696x494.jpg 696w, https:\/\/cdn.deultimominuto.net\/wp-content\/uploads\/2022\/07\/2-1068x758.jpg 1068w, https:\/\/cdn.deultimominuto.net\/wp-content\/uploads\/2022\/07\/2.jpg 1748w\" alt=\"D\u00eda Internacional de la Luna \" width=\"447\" height=\"317\" data-lazy-srcset=\"https:\/\/cdn.deultimominuto.net\/wp-content\/uploads\/2022\/07\/2-1024x726.jpg 1024w, https:\/\/cdn.deultimominuto.net\/wp-content\/uploads\/2022\/07\/2-392x278.jpg 392w, https:\/\/cdn.deultimominuto.net\/wp-content\/uploads\/2022\/07\/2-768x545.jpg 768w, https:\/\/cdn.deultimominuto.net\/wp-content\/uploads\/2022\/07\/2-1536x1090.jpg 1536w, https:\/\/cdn.deultimominuto.net\/wp-content\/uploads\/2022\/07\/2-96x68.jpg 96w, https:\/\/cdn.deultimominuto.net\/wp-content\/uploads\/2022\/07\/2-192x136.jpg 192w, https:\/\/cdn.deultimominuto.net\/wp-content\/uploads\/2022\/07\/2-150x106.jpg 150w, https:\/\/cdn.deultimominuto.net\/wp-content\/uploads\/2022\/07\/2-300x213.jpg 300w, https:\/\/cdn.deultimominuto.net\/wp-content\/uploads\/2022\/07\/2-696x494.jpg 696w, https:\/\/cdn.deultimominuto.net\/wp-content\/uploads\/2022\/07\/2-1068x758.jpg 1068w, https:\/\/cdn.deultimominuto.net\/wp-content\/uploads\/2022\/07\/2.jpg 1748w\" data-lazy-sizes=\"(max-width: 1024px) 100vw, 1024px\" data-lazy-src=\"https:\/\/cdn.deultimominuto.net\/wp-content\/uploads\/2022\/07\/2-1024x726.jpg\" data-ll-status=\"loaded\" \/><\/figure>\n<\/div>\n<p style=\"text-align: justify;\">El alunizaje de la Apolo 11 represent\u00f3\u00a0<strong>una victoria tecnol\u00f3gica y pol\u00edtica<\/strong>\u00a0para los Estados Unidos en el contexto de la Guerra Fr\u00eda y la Carrera Espacial contra la Uni\u00f3n Sovi\u00e9tica. Pero m\u00e1s all\u00e1 de ese contexto hist\u00f3rico,\u00a0<strong>la misi\u00f3n cambi\u00f3 para siempre la relaci\u00f3n de la humanidad con el universo.<\/strong><\/p>\n<p style=\"text-align: justify;\"><strong>Este evento:<\/strong><\/p>\n<ul class=\"wp-block-list\" style=\"text-align: justify;\">\n<li><strong>Demostr\u00f3 que la exploraci\u00f3n espacial era posible<\/strong>, m\u00e1s all\u00e1 de la \u00f3rbita terrestre.<\/li>\n<li>Sent\u00f3 las bases para futuras misiones, tanto tripuladas como no tripuladas, hacia otros cuerpos celestes.<\/li>\n<li>Impuls\u00f3 avances cient\u00edficos, tecnol\u00f3gicos y de ingenier\u00eda que hoy se aplican en m\u00faltiples \u00e1reas: telecomunicaciones, medicina, materiales, transporte, entre otros.<\/li>\n<li>Inspir\u00f3 a generaciones enteras a estudiar ciencia, tecnolog\u00eda, ingenier\u00eda y matem\u00e1ticas (STEM).<\/li>\n<\/ul>\n<h3 class=\"wp-block-heading\" style=\"text-align: justify;\"><strong>La Luna en el futuro: sostenibilidad, ciencia y cooperaci\u00f3n internacional<\/strong><\/h3>\n<p style=\"text-align: justify;\">Hoy, m\u00e1s de medio siglo despu\u00e9s del primer alunizaje,\u00a0<strong>la Luna vuelve a estar en el centro de la exploraci\u00f3n espacial global<\/strong>. Agencias espaciales como la\u00a0<strong>NASA<\/strong>, la\u00a0<strong>ESA (Agencia Espacial Europea)<\/strong>, la\u00a0<strong>Roscosmos (Rusia)<\/strong>, la\u00a0<strong>CNSA (China)<\/strong>\u00a0y\u00a0<strong>ISRO (India)<\/strong>\u00a0est\u00e1n planificando nuevas misiones que no solo buscan volver a la Luna, sino establecer\u00a0<strong>presencia humana permanente<\/strong>\u00a0a trav\u00e9s de bases cient\u00edficas, miner\u00eda de recursos y estaciones de lanzamiento para misiones a Marte.<\/p>\n<p style=\"text-align: justify;\">En este sentido, el\u00a0<strong>D\u00eda Internacional de la Luna<\/strong>\u00a0tambi\u00e9n promueve un enfoque de\u00a0<strong>uso sostenible<\/strong>, recordando que la expansi\u00f3n del ser humano al espacio debe hacerse con responsabilidad, cooperaci\u00f3n y visi\u00f3n \u00e9tica.<\/p>\n\n\n<div class=\"wp-block-group\"><div class=\"wp-block-group__inner-container is-layout-constrained wp-block-group-is-layout-constrained\">\n<div id=\"DenunciayAPP\" class=\"wp-block-group\"><div class=\"wp-block-group__inner-container is-layout-constrained wp-block-group-is-layout-constrained\">\n<p><a href=\"https:\/\/whatsapp.com\/channel\/0029Va88WGP2ER6ZxD6TCa3U\" target=\"_blank\" rel=\"noopener\"><img loading=\"lazy\" decoding=\"async\" class=\"aligncenter size-full wp-image-155512\" src=\"https:\/\/infoelnuevonorte.com\/wp-content\/uploads\/2025\/10\/Canal-whatsapp-infoenn.jpeg\" alt=\"\" width=\"2046\" height=\"554\" srcset=\"https:\/\/infoelnuevonorte.com\/wp-content\/uploads\/2025\/10\/Canal-whatsapp-infoenn.jpeg 2046w, https:\/\/infoelnuevonorte.com\/wp-content\/uploads\/2025\/10\/Canal-whatsapp-infoenn-300x81.jpeg 300w, https:\/\/infoelnuevonorte.com\/wp-content\/uploads\/2025\/10\/Canal-whatsapp-infoenn-1024x277.jpeg 1024w, https:\/\/infoelnuevonorte.com\/wp-content\/uploads\/2025\/10\/Canal-whatsapp-infoenn-768x208.jpeg 768w, https:\/\/infoelnuevonorte.com\/wp-content\/uploads\/2025\/10\/Canal-whatsapp-infoenn-1536x416.jpeg 1536w, https:\/\/infoelnuevonorte.com\/wp-content\/uploads\/2025\/10\/Canal-whatsapp-infoenn-1551x420.jpeg 1551w, https:\/\/infoelnuevonorte.com\/wp-content\/uploads\/2025\/10\/Canal-whatsapp-infoenn-150x41.jpeg 150w, https:\/\/infoelnuevonorte.com\/wp-content\/uploads\/2025\/10\/Canal-whatsapp-infoenn-696x188.jpeg 696w, https:\/\/infoelnuevonorte.com\/wp-content\/uploads\/2025\/10\/Canal-whatsapp-infoenn-1068x289.jpeg 1068w, https:\/\/infoelnuevonorte.com\/wp-content\/uploads\/2025\/10\/Canal-whatsapp-infoenn-1920x520.jpeg 1920w\" sizes=\"(max-width: 2046px) 100vw, 2046px\" \/><\/a><\/p>\n<p>\ud83d\udd17 S\u00edguenos en nuestras redes:<br data-start=\"2686\" data-end=\"2689\" \/><a href=\"https:\/\/x.com\/Elnuevo_norte\">X<\/a> | <a class=\"\" href=\"https:\/\/t.me\/infoenn\" target=\"_new\" rel=\"noopener\" data-start=\"2757\" data-end=\"2789\">Telegram<\/a> | <a class=\"\" href=\"https:\/\/instagram.com\/noticiasenn1?r=nametag\" target=\"_new\" rel=\"noopener\" data-start=\"2792\" data-end=\"2849\">Instagram<\/a><br data-start=\"2849\" data-end=\"2852\" \/><a class=\"\" href=\"https:\/\/www.facebook.com\/infoenn\" target=\"_new\" rel=\"noopener\" data-start=\"2852\" data-end=\"2896\">Facebook<\/a> | <a class=\"\" href=\"https:\/\/www.threads.net\/@noticiasenn1\" target=\"_new\" rel=\"noopener\" data-start=\"2899\" data-end=\"2947\">Threads<\/a> | <a class=\"\" href=\"https:\/\/www.youtube.com\/channel\/UCZZJg_scU1p_c6cvyCHY48A\" target=\"_new\" rel=\"noopener\" data-start=\"2950\" data-end=\"3017\" data-is-last-node=\"\">YouTube<\/a><\/p>\n<p>\ud83d\ude4f \u00a1Tu apoyo es importante!<\/p>\n<p>\ud83d\udd3bDESCARGAR NUESTRA APP \"<span style=\"color: #0000ff;\"><strong>Info ENN<\/strong><\/span>\"<\/p>\n\n\n\n<div class=\"wp-block-buttons is-content-justification-left is-layout-flex wp-container-core-buttons-is-layout-1 wp-block-buttons-is-layout-flex\">\n<div class=\"wp-block-button is-style-3d\"><a class=\"wp-block-button__link has-white-background-color has-background wp-element-button\" href=\"https:\/\/apps.apple.com\/do\/app\/infoenn\/id6503000762\"><img loading=\"lazy\" decoding=\"async\" width=\"150\" height=\"50\" class=\"wp-image-104096\" style=\"width: 150px;\" src=\"https:\/\/infoelnuevonorte.com\/wp-content\/uploads\/2025\/05\/Download_on_the_App_Store_RGB_blk.svg_.png\" alt=\"\" srcset=\"https:\/\/infoelnuevonorte.com\/wp-content\/uploads\/2025\/05\/Download_on_the_App_Store_RGB_blk.svg_.png 1280w, https:\/\/infoelnuevonorte.com\/wp-content\/uploads\/2025\/05\/Download_on_the_App_Store_RGB_blk.svg_-300x100.png 300w, https:\/\/infoelnuevonorte.com\/wp-content\/uploads\/2025\/05\/Download_on_the_App_Store_RGB_blk.svg_-1024x342.png 1024w, https:\/\/infoelnuevonorte.com\/wp-content\/uploads\/2025\/05\/Download_on_the_App_Store_RGB_blk.svg_-768x257.png 768w, https:\/\/infoelnuevonorte.com\/wp-content\/uploads\/2025\/05\/Download_on_the_App_Store_RGB_blk.svg_-1256x420.png 1256w, https:\/\/infoelnuevonorte.com\/wp-content\/uploads\/2025\/05\/Download_on_the_App_Store_RGB_blk.svg_-150x50.png 150w, https:\/\/infoelnuevonorte.com\/wp-content\/uploads\/2025\/05\/Download_on_the_App_Store_RGB_blk.svg_-696x233.png 696w, https:\/\/infoelnuevonorte.com\/wp-content\/uploads\/2025\/05\/Download_on_the_App_Store_RGB_blk.svg_-1068x357.png 1068w, https:\/\/infoelnuevonorte.com\/wp-content\/uploads\/2025\/05\/Download_on_the_App_Store_RGB_blk.svg_-200x67.png 200w\" sizes=\"(max-width: 150px) 100vw, 150px\" \/><\/a><\/div>\n<\/div>\n\n\n\n<div class=\"wp-block-buttons is-layout-flex wp-block-buttons-is-layout-flex\">\n<div class=\"wp-block-button is-style-3d td_btn_large\"><a class=\"wp-block-button__link has-white-background-color has-background wp-element-button\" href=\"https:\/\/mega.nz\/file\/vRhVTJBD#6P0Os8p_y2oJgZIa__7dhjqdpW42XJ_cY3zmbyxVohM\" target=\"_blank\" rel=\"noreferrer noopener\"><mark style=\"background-color:rgba(0, 0, 0, 0)\" class=\"has-inline-color has-light-green-cyan-color\"><img loading=\"lazy\" decoding=\"async\" width=\"150\" height=\"49\" class=\"wp-image-104095\" style=\"width: 150px;\" src=\"https:\/\/infoelnuevonorte.com\/wp-content\/uploads\/2025\/05\/badge-google-play-and-app-store-button-download-free-png.webp\" alt=\"\" srcset=\"https:\/\/infoelnuevonorte.com\/wp-content\/uploads\/2025\/05\/badge-google-play-and-app-store-button-download-free-png.webp 1920w, https:\/\/infoelnuevonorte.com\/wp-content\/uploads\/2025\/05\/badge-google-play-and-app-store-button-download-free-png-300x98.webp 300w, https:\/\/infoelnuevonorte.com\/wp-content\/uploads\/2025\/05\/badge-google-play-and-app-store-button-download-free-png-1024x335.webp 1024w, https:\/\/infoelnuevonorte.com\/wp-content\/uploads\/2025\/05\/badge-google-play-and-app-store-button-download-free-png-768x252.webp 768w, https:\/\/infoelnuevonorte.com\/wp-content\/uploads\/2025\/05\/badge-google-play-and-app-store-button-download-free-png-1536x503.webp 1536w, https:\/\/infoelnuevonorte.com\/wp-content\/uploads\/2025\/05\/badge-google-play-and-app-store-button-download-free-png-1282x420.webp 1282w, https:\/\/infoelnuevonorte.com\/wp-content\/uploads\/2025\/05\/badge-google-play-and-app-store-button-download-free-png-150x49.webp 150w, https:\/\/infoelnuevonorte.com\/wp-content\/uploads\/2025\/05\/badge-google-play-and-app-store-button-download-free-png-696x228.webp 696w, https:\/\/infoelnuevonorte.com\/wp-content\/uploads\/2025\/05\/badge-google-play-and-app-store-button-download-free-png-1068x350.webp 1068w, https:\/\/infoelnuevonorte.com\/wp-content\/uploads\/2025\/05\/badge-google-play-and-app-store-button-download-free-png-200x66.webp 200w\" sizes=\"(max-width: 150px) 100vw, 150px\" \/><\/mark><\/a><\/div>\n<\/div>\n\n\n\n<p style=\"text-align: justify;\"><strong data-start=\"0\" data-end=\"18\" data-is-only-node=\"\"><a href=\"https:\/\/infoelnuevonorte.com\/\"><img loading=\"lazy\" decoding=\"async\" class=\" wp-image-159681 alignleft\" src=\"https:\/\/infoelnuevonorte.com\/wp-content\/uploads\/2025\/11\/Logo-3d-infoenn-con-fondo-blanco.jpg\" alt=\"\" width=\"240\" height=\"86\" srcset=\"https:\/\/infoelnuevonorte.com\/wp-content\/uploads\/2025\/11\/Logo-3d-infoenn-con-fondo-blanco.jpg 1696w, https:\/\/infoelnuevonorte.com\/wp-content\/uploads\/2025\/11\/Logo-3d-infoenn-con-fondo-blanco-300x108.jpg 300w, https:\/\/infoelnuevonorte.com\/wp-content\/uploads\/2025\/11\/Logo-3d-infoenn-con-fondo-blanco-1024x367.jpg 1024w, https:\/\/infoelnuevonorte.com\/wp-content\/uploads\/2025\/11\/Logo-3d-infoenn-con-fondo-blanco-768x275.jpg 768w, https:\/\/infoelnuevonorte.com\/wp-content\/uploads\/2025\/11\/Logo-3d-infoenn-con-fondo-blanco-1536x551.jpg 1536w, https:\/\/infoelnuevonorte.com\/wp-content\/uploads\/2025\/11\/Logo-3d-infoenn-con-fondo-blanco-1172x420.jpg 1172w, https:\/\/infoelnuevonorte.com\/wp-content\/uploads\/2025\/11\/Logo-3d-infoenn-con-fondo-blanco-150x54.jpg 150w, https:\/\/infoelnuevonorte.com\/wp-content\/uploads\/2025\/11\/Logo-3d-infoenn-con-fondo-blanco-696x250.jpg 696w, https:\/\/infoelnuevonorte.com\/wp-content\/uploads\/2025\/11\/Logo-3d-infoenn-con-fondo-blanco-1068x383.jpg 1068w\" sizes=\"(max-width: 240px) 100vw, 240px\" \/><\/a>El Nuevo Norte<\/strong> es un peri\u00f3dico digital dominicano fundado el <strong data-start=\"65\" data-end=\"90\">12 de febrero de 2006<\/strong> por el periodista <strong data-start=\"109\" data-end=\"129\">Junior Henr\u00edquez<\/strong>, quien funge como director y fundador. A trav\u00e9s de la web <strong data-start=\"188\" data-end=\"212\">infoelnuevonorte.com<\/strong>, el medio ofrece informaci\u00f3n veraz y oportuna sobre los acontecimientos sociales, pol\u00edticos, comunitarios y de actualidad general, tanto a nivel nacional como internacional, promoviendo un periodismo responsable, participativo y comprometido con la libre expresi\u00f3n y el fortalecimiento de la democracia informativa.<\/p>\n<\/div><\/div>\n<\/div><\/div>\n","protected":false},"excerpt":{"rendered":"<p>El D\u00eda Internacional de la Luna es cada 20 de\u00a0julio\u00a0en conmemoraci\u00f3n\u00a0al aterrizaje de la misi\u00f3n Apolo 11, el primer viaje tripulado en alcanzar y descender sobre la superficie lunar. Este acontecimiento no solo marc\u00f3 un hito en la carrera espacial, sino que represent\u00f3 el inicio de la era de la exploraci\u00f3n espacial con presencia humana [&hellip;]<\/p>\n","protected":false},"author":2,"featured_media":123237,"comment_status":"closed","ping_status":"open","sticky":false,"template":"","format":"standard","meta":{"footnotes":""},"categories":[743],"tags":[],"yoast_head":"<!-- This site is optimized with the Yoast SEO plugin v24.5 - https:\/\/yoast.com\/wordpress\/plugins\/seo\/ -->\n<title>20 de julio: D\u00eda Internacional de la Luna en homenaje al primer paso fuera de la Tierra | El Nuevo Norte<\/title>\n<meta name=\"robots\" content=\"index, follow, max-snippet:-1, max-image-preview:large, max-video-preview:-1\" \/>\n<link rel=\"canonical\" href=\"https:\/\/infoelnuevonorte.com\/?p=123235\" \/>\n<meta property=\"og:locale\" content=\"es_ES\" \/>\n<meta property=\"og:type\" content=\"article\" \/>\n<meta property=\"og:title\" content=\"20 de julio: D\u00eda Internacional de la Luna en homenaje al primer paso fuera de la Tierra | El Nuevo Norte\" \/>\n<meta property=\"og:description\" content=\"El D\u00eda Internacional de la Luna es cada 20 de\u00a0julio\u00a0en conmemoraci\u00f3n\u00a0al aterrizaje de la misi\u00f3n Apolo 11, el primer viaje tripulado en alcanzar y descender sobre la superficie lunar. Este acontecimiento no solo marc\u00f3 un hito en la carrera espacial, sino que represent\u00f3 el inicio de la era de la exploraci\u00f3n espacial con presencia humana [&hellip;]\" \/>\n<meta property=\"og:url\" content=\"https:\/\/infoelnuevonorte.com\/?p=123235\" \/>\n<meta property=\"og:site_name\" content=\"El Nuevo Norte\" \/>\n<meta property=\"article:publisher\" content=\"https:\/\/www.facebook.com\/infoenn\" \/>\n<meta property=\"article:published_time\" content=\"2025-07-20T15:46:30+00:00\" \/>\n<meta property=\"og:image\" content=\"https:\/\/infoelnuevonorte.com\/wp-content\/uploads\/2026\/03\/wander.jpeg\" \/>\n\t<meta property=\"og:image:width\" content=\"900\" \/>\n\t<meta property=\"og:image:height\" content=\"506\" \/>\n\t<meta property=\"og:image:type\" content=\"image\/jpeg\" \/>\n<meta name=\"author\" content=\"T. R.\" \/>\n<meta name=\"twitter:card\" content=\"summary_large_image\" \/>\n<meta name=\"twitter:creator\" content=\"@Elnuevo_norte\" \/>\n<meta name=\"twitter:site\" content=\"@Elnuevo_norte\" \/>\n<meta name=\"twitter:label1\" content=\"Written by\" \/>\n\t<meta name=\"twitter:data1\" content=\"T. R.\" \/>\n\t<meta name=\"twitter:label2\" content=\"Est. reading time\" \/>\n\t<meta name=\"twitter:data2\" content=\"4 minutos\" \/>\n<script type=\"application\/ld+json\" class=\"yoast-schema-graph\">{\"@context\":\"https:\/\/schema.org\",\"@graph\":[{\"@type\":\"Article\",\"@id\":\"https:\/\/infoelnuevonorte.com\/?p=123235#article\",\"isPartOf\":{\"@id\":\"https:\/\/infoelnuevonorte.com\/?p=123235\"},\"author\":{\"name\":\"T. R.\",\"@id\":\"https:\/\/infoelnuevonorte.com\/#\/schema\/person\/3accb35eb55f55e96c492b52d085a403\"},\"headline\":\"20 de julio: D\u00eda Internacional de la Luna en homenaje al primer paso fuera de la Tierra\",\"datePublished\":\"2025-07-20T15:46:30+00:00\",\"mainEntityOfPage\":{\"@id\":\"https:\/\/infoelnuevonorte.com\/?p=123235\"},\"wordCount\":781,\"publisher\":{\"@id\":\"https:\/\/infoelnuevonorte.com\/#organization\"},\"image\":{\"@id\":\"https:\/\/infoelnuevonorte.com\/?p=123235#primaryimage\"},\"thumbnailUrl\":\"https:\/\/infoelnuevonorte.com\/wp-content\/uploads\/2025\/07\/descarga-2025-07-20T114248.261.png\",\"articleSection\":[\"Un dia como hoy\"],\"inLanguage\":\"es-DO\"},{\"@type\":\"WebPage\",\"@id\":\"https:\/\/infoelnuevonorte.com\/?p=123235\",\"url\":\"https:\/\/infoelnuevonorte.com\/?p=123235\",\"name\":\"20 de julio: D\u00eda Internacional de la Luna en homenaje al primer paso fuera de la Tierra | El Nuevo Norte\",\"isPartOf\":{\"@id\":\"https:\/\/infoelnuevonorte.com\/#website\"},\"primaryImageOfPage\":{\"@id\":\"https:\/\/infoelnuevonorte.com\/?p=123235#primaryimage\"},\"image\":{\"@id\":\"https:\/\/infoelnuevonorte.com\/?p=123235#primaryimage\"},\"thumbnailUrl\":\"https:\/\/infoelnuevonorte.com\/wp-content\/uploads\/2025\/07\/descarga-2025-07-20T114248.261.png\",\"datePublished\":\"2025-07-20T15:46:30+00:00\",\"breadcrumb\":{\"@id\":\"https:\/\/infoelnuevonorte.com\/?p=123235#breadcrumb\"},\"inLanguage\":\"es-DO\",\"potentialAction\":[{\"@type\":\"ReadAction\",\"target\":[\"https:\/\/infoelnuevonorte.com\/?p=123235\"]}]},{\"@type\":\"ImageObject\",\"inLanguage\":\"es-DO\",\"@id\":\"https:\/\/infoelnuevonorte.com\/?p=123235#primaryimage\",\"url\":\"https:\/\/infoelnuevonorte.com\/wp-content\/uploads\/2025\/07\/descarga-2025-07-20T114248.261.png\",\"contentUrl\":\"https:\/\/infoelnuevonorte.com\/wp-content\/uploads\/2025\/07\/descarga-2025-07-20T114248.261.png\",\"width\":1536,\"height\":1090},{\"@type\":\"BreadcrumbList\",\"@id\":\"https:\/\/infoelnuevonorte.com\/?p=123235#breadcrumb\",\"itemListElement\":[{\"@type\":\"ListItem\",\"position\":1,\"name\":\"Home\",\"item\":\"https:\/\/infoelnuevonorte.com\/\"},{\"@type\":\"ListItem\",\"position\":2,\"name\":\"20 de julio: D\u00eda Internacional de la Luna en homenaje al primer paso fuera de la Tierra\"}]},{\"@type\":\"WebSite\",\"@id\":\"https:\/\/infoelnuevonorte.com\/#website\",\"url\":\"https:\/\/infoelnuevonorte.com\/\",\"name\":\"InfoEnn\",\"description\":\"Tu Voz, tu Verdad, tu Diario!!!\",\"publisher\":{\"@id\":\"https:\/\/infoelnuevonorte.com\/#organization\"},\"alternateName\":\"El Nuevo Norte\",\"potentialAction\":[{\"@type\":\"SearchAction\",\"target\":{\"@type\":\"EntryPoint\",\"urlTemplate\":\"https:\/\/infoelnuevonorte.com\/?s={search_term_string}\"},\"query-input\":{\"@type\":\"PropertyValueSpecification\",\"valueRequired\":true,\"valueName\":\"search_term_string\"}}],\"inLanguage\":\"es-DO\"},{\"@type\":\"Organization\",\"@id\":\"https:\/\/infoelnuevonorte.com\/#organization\",\"name\":\"Info El Nuevo Norte\",\"alternateName\":\"El Nuevo Norte\",\"url\":\"https:\/\/infoelnuevonorte.com\/\",\"logo\":{\"@type\":\"ImageObject\",\"inLanguage\":\"es-DO\",\"@id\":\"https:\/\/infoelnuevonorte.com\/#\/schema\/logo\/image\/\",\"url\":\"https:\/\/infoelnuevonorte.com\/wp-content\/uploads\/2026\/02\/Logo-Info-enn-3d-20ani.jpeg\",\"contentUrl\":\"https:\/\/infoelnuevonorte.com\/wp-content\/uploads\/2026\/02\/Logo-Info-enn-3d-20ani.jpeg\",\"width\":2046,\"height\":736,\"caption\":\"Info El Nuevo Norte\"},\"image\":{\"@id\":\"https:\/\/infoelnuevonorte.com\/#\/schema\/logo\/image\/\"},\"sameAs\":[\"https:\/\/www.facebook.com\/infoenn\",\"https:\/\/x.com\/Elnuevo_norte\",\"https:\/\/www.instagram.com\/infoenn\",\"https:\/\/www.facebook.com\/ENNRD\"]},{\"@type\":\"Person\",\"@id\":\"https:\/\/infoelnuevonorte.com\/#\/schema\/person\/3accb35eb55f55e96c492b52d085a403\",\"name\":\"T. R.\",\"image\":{\"@type\":\"ImageObject\",\"inLanguage\":\"es-DO\",\"@id\":\"https:\/\/infoelnuevonorte.com\/#\/schema\/person\/image\/\",\"url\":\"https:\/\/secure.gravatar.com\/avatar\/40543a038bda97abdb765b1662e9677d?s=96&d=robohash&r=g\",\"contentUrl\":\"https:\/\/secure.gravatar.com\/avatar\/40543a038bda97abdb765b1662e9677d?s=96&d=robohash&r=g\",\"caption\":\"T. R.\"},\"url\":\"https:\/\/infoelnuevonorte.com\/?author=2\"}]}<\/script>\n<!-- \/ Yoast SEO plugin. -->","yoast_head_json":{"title":"20 de julio: D\u00eda Internacional de la Luna en homenaje al primer paso fuera de la Tierra | El Nuevo Norte","robots":{"index":"index","follow":"follow","max-snippet":"max-snippet:-1","max-image-preview":"max-image-preview:large","max-video-preview":"max-video-preview:-1"},"canonical":"https:\/\/infoelnuevonorte.com\/?p=123235","og_locale":"es_ES","og_type":"article","og_title":"20 de julio: D\u00eda Internacional de la Luna en homenaje al primer paso fuera de la Tierra | El Nuevo Norte","og_description":"El D\u00eda Internacional de la Luna es cada 20 de\u00a0julio\u00a0en conmemoraci\u00f3n\u00a0al aterrizaje de la misi\u00f3n Apolo 11, el primer viaje tripulado en alcanzar y descender sobre la superficie lunar. Este acontecimiento no solo marc\u00f3 un hito en la carrera espacial, sino que represent\u00f3 el inicio de la era de la exploraci\u00f3n espacial con presencia humana [&hellip;]","og_url":"https:\/\/infoelnuevonorte.com\/?p=123235","og_site_name":"El Nuevo Norte","article_publisher":"https:\/\/www.facebook.com\/infoenn","article_published_time":"2025-07-20T15:46:30+00:00","og_image":[{"width":900,"height":506,"url":"https:\/\/infoelnuevonorte.com\/wp-content\/uploads\/2026\/03\/wander.jpeg","type":"image\/jpeg"}],"author":"T. R.","twitter_card":"summary_large_image","twitter_creator":"@Elnuevo_norte","twitter_site":"@Elnuevo_norte","twitter_misc":{"Written by":"T. R.","Est. reading time":"4 minutos"},"schema":{"@context":"https:\/\/schema.org","@graph":[{"@type":"Article","@id":"https:\/\/infoelnuevonorte.com\/?p=123235#article","isPartOf":{"@id":"https:\/\/infoelnuevonorte.com\/?p=123235"},"author":{"name":"T. R.","@id":"https:\/\/infoelnuevonorte.com\/#\/schema\/person\/3accb35eb55f55e96c492b52d085a403"},"headline":"20 de julio: D\u00eda Internacional de la Luna en homenaje al primer paso fuera de la Tierra","datePublished":"2025-07-20T15:46:30+00:00","mainEntityOfPage":{"@id":"https:\/\/infoelnuevonorte.com\/?p=123235"},"wordCount":781,"publisher":{"@id":"https:\/\/infoelnuevonorte.com\/#organization"},"image":{"@id":"https:\/\/infoelnuevonorte.com\/?p=123235#primaryimage"},"thumbnailUrl":"https:\/\/infoelnuevonorte.com\/wp-content\/uploads\/2025\/07\/descarga-2025-07-20T114248.261.png","articleSection":["Un dia como hoy"],"inLanguage":"es-DO"},{"@type":"WebPage","@id":"https:\/\/infoelnuevonorte.com\/?p=123235","url":"https:\/\/infoelnuevonorte.com\/?p=123235","name":"20 de julio: D\u00eda Internacional de la Luna en homenaje al primer paso fuera de la Tierra | El Nuevo Norte","isPartOf":{"@id":"https:\/\/infoelnuevonorte.com\/#website"},"primaryImageOfPage":{"@id":"https:\/\/infoelnuevonorte.com\/?p=123235#primaryimage"},"image":{"@id":"https:\/\/infoelnuevonorte.com\/?p=123235#primaryimage"},"thumbnailUrl":"https:\/\/infoelnuevonorte.com\/wp-content\/uploads\/2025\/07\/descarga-2025-07-20T114248.261.png","datePublished":"2025-07-20T15:46:30+00:00","breadcrumb":{"@id":"https:\/\/infoelnuevonorte.com\/?p=123235#breadcrumb"},"inLanguage":"es-DO","potentialAction":[{"@type":"ReadAction","target":["https:\/\/infoelnuevonorte.com\/?p=123235"]}]},{"@type":"ImageObject","inLanguage":"es-DO","@id":"https:\/\/infoelnuevonorte.com\/?p=123235#primaryimage","url":"https:\/\/infoelnuevonorte.com\/wp-content\/uploads\/2025\/07\/descarga-2025-07-20T114248.261.png","contentUrl":"https:\/\/infoelnuevonorte.com\/wp-content\/uploads\/2025\/07\/descarga-2025-07-20T114248.261.png","width":1536,"height":1090},{"@type":"BreadcrumbList","@id":"https:\/\/infoelnuevonorte.com\/?p=123235#breadcrumb","itemListElement":[{"@type":"ListItem","position":1,"name":"Home","item":"https:\/\/infoelnuevonorte.com\/"},{"@type":"ListItem","position":2,"name":"20 de julio: D\u00eda Internacional de la Luna en homenaje al primer paso fuera de la Tierra"}]},{"@type":"WebSite","@id":"https:\/\/infoelnuevonorte.com\/#website","url":"https:\/\/infoelnuevonorte.com\/","name":"InfoEnn","description":"Tu Voz, tu Verdad, tu Diario!!!","publisher":{"@id":"https:\/\/infoelnuevonorte.com\/#organization"},"alternateName":"El Nuevo Norte","potentialAction":[{"@type":"SearchAction","target":{"@type":"EntryPoint","urlTemplate":"https:\/\/infoelnuevonorte.com\/?s={search_term_string}"},"query-input":{"@type":"PropertyValueSpecification","valueRequired":true,"valueName":"search_term_string"}}],"inLanguage":"es-DO"},{"@type":"Organization","@id":"https:\/\/infoelnuevonorte.com\/#organization","name":"Info El Nuevo Norte","alternateName":"El Nuevo Norte","url":"https:\/\/infoelnuevonorte.com\/","logo":{"@type":"ImageObject","inLanguage":"es-DO","@id":"https:\/\/infoelnuevonorte.com\/#\/schema\/logo\/image\/","url":"https:\/\/infoelnuevonorte.com\/wp-content\/uploads\/2026\/02\/Logo-Info-enn-3d-20ani.jpeg","contentUrl":"https:\/\/infoelnuevonorte.com\/wp-content\/uploads\/2026\/02\/Logo-Info-enn-3d-20ani.jpeg","width":2046,"height":736,"caption":"Info El Nuevo Norte"},"image":{"@id":"https:\/\/infoelnuevonorte.com\/#\/schema\/logo\/image\/"},"sameAs":["https:\/\/www.facebook.com\/infoenn","https:\/\/x.com\/Elnuevo_norte","https:\/\/www.instagram.com\/infoenn","https:\/\/www.facebook.com\/ENNRD"]},{"@type":"Person","@id":"https:\/\/infoelnuevonorte.com\/#\/schema\/person\/3accb35eb55f55e96c492b52d085a403","name":"T. R.","image":{"@type":"ImageObject","inLanguage":"es-DO","@id":"https:\/\/infoelnuevonorte.com\/#\/schema\/person\/image\/","url":"https:\/\/secure.gravatar.com\/avatar\/40543a038bda97abdb765b1662e9677d?s=96&d=robohash&r=g","contentUrl":"https:\/\/secure.gravatar.com\/avatar\/40543a038bda97abdb765b1662e9677d?s=96&d=robohash&r=g","caption":"T. R."},"url":"https:\/\/infoelnuevonorte.com\/?author=2"}]}},"_links":{"self":[{"href":"https:\/\/infoelnuevonorte.com\/index.php?rest_route=\/wp\/v2\/posts\/123235"}],"collection":[{"href":"https:\/\/infoelnuevonorte.com\/index.php?rest_route=\/wp\/v2\/posts"}],"about":[{"href":"https:\/\/infoelnuevonorte.com\/index.php?rest_route=\/wp\/v2\/types\/post"}],"author":[{"embeddable":true,"href":"https:\/\/infoelnuevonorte.com\/index.php?rest_route=\/wp\/v2\/users\/2"}],"replies":[{"embeddable":true,"href":"https:\/\/infoelnuevonorte.com\/index.php?rest_route=%2Fwp%2Fv2%2Fcomments&post=123235"}],"version-history":[{"count":1,"href":"https:\/\/infoelnuevonorte.com\/index.php?rest_route=\/wp\/v2\/posts\/123235\/revisions"}],"predecessor-version":[{"id":123238,"href":"https:\/\/infoelnuevonorte.com\/index.php?rest_route=\/wp\/v2\/posts\/123235\/revisions\/123238"}],"wp:featuredmedia":[{"embeddable":true,"href":"https:\/\/infoelnuevonorte.com\/index.php?rest_route=\/wp\/v2\/media\/123237"}],"wp:attachment":[{"href":"https:\/\/infoelnuevonorte.com\/index.php?rest_route=%2Fwp%2Fv2%2Fmedia&parent=123235"}],"wp:term":[{"taxonomy":"category","embeddable":true,"href":"https:\/\/infoelnuevonorte.com\/index.php?rest_route=%2Fwp%2Fv2%2Fcategories&post=123235"},{"taxonomy":"post_tag","embeddable":true,"href":"https:\/\/infoelnuevonorte.com\/index.php?rest_route=%2Fwp%2Fv2%2Ftags&post=123235"}],"curies":[{"name":"wp","href":"https:\/\/api.w.org\/{rel}","templated":true}]}}