{"id":123464,"date":"2025-07-21T07:40:10","date_gmt":"2025-07-21T11:40:10","guid":{"rendered":"https:\/\/infoelnuevonorte.com\/?p=123464"},"modified":"2025-07-21T07:40:11","modified_gmt":"2025-07-21T11:40:11","slug":"mayoria-de-estadounidenses-se-opone-al-aumento-de-deportaciones-de-trump-segun-encuesta-de-cnn","status":"publish","type":"post","link":"https:\/\/infoelnuevonorte.com\/?p=123464","title":{"rendered":"Mayor\u00eda de estadounidenses se opone al aumento de deportaciones de Trump, seg\u00fan encuesta de CNN"},"content":{"rendered":"<!--[if lt IE 9]><script>document.createElement('audio');<\/script><![endif]-->\n<audio class=\"wp-audio-shortcode\" id=\"audio-123464-1\" preload=\"none\" style=\"width: 100%;\" controls=\"controls\"><source type=\"audio\/mpeg\" src=\"https:\/\/infoelnuevonorte.com\/wp-content\/uploads\/2025\/07\/ttsmaker-vip-file-2025-7-21-7-39-18.mp3?_=1\" \/><a href=\"https:\/\/infoelnuevonorte.com\/wp-content\/uploads\/2025\/07\/ttsmaker-vip-file-2025-7-21-7-39-18.mp3\">https:\/\/infoelnuevonorte.com\/wp-content\/uploads\/2025\/07\/ttsmaker-vip-file-2025-7-21-7-39-18.mp3<\/a><\/audio>\n<p class=\"paragraph inline-placeholder vossi-paragraph\" style=\"text-align: justify;\" data-uri=\"es.cms.cnn.com\/_components\/paragraph\/instances\/cmdbqf3bf00fo26qa5k1k4k4n@published\" data-editable=\"text\" data-component-name=\"paragraph\" data-article-gutter=\"true\" data-analytics-observe=\"on\">Los estadounidenses se oponen en gran medida a los recientes esfuerzos del Gobierno de Donald Trump para ampliar su programa de deportaciones, seg\u00fan una nueva encuesta de CNN realizada por SSRS. Una creciente mayor\u00eda afirma que el presidente ha ido demasiado lejos en las deportaciones.<\/p>\n<p class=\"paragraph inline-placeholder vossi-paragraph\" style=\"text-align: justify;\" data-uri=\"es.cms.cnn.com\/_components\/paragraph\/instances\/cmdbqjq2t0004356n0w4prani@published\" data-editable=\"text\" data-component-name=\"paragraph\" data-article-gutter=\"true\" data-analytics-observe=\"on\">En la \u00faltima encuesta, el 55 % afirma que el presidente ha ido demasiado lejos en la deportaci\u00f3n de inmigrantes que viven sin permiso en Estados Unidos, un aumento de 10 puntos desde febrero.<\/p>\n<p class=\"paragraph inline-placeholder vossi-paragraph\" style=\"text-align: justify;\" data-uri=\"es.cms.cnn.com\/_components\/paragraph\/instances\/cmdbqjq2t0005356ni8dkjqtu@published\" data-editable=\"text\" data-component-name=\"paragraph\" data-article-gutter=\"true\" data-analytics-observe=\"on\">La oposici\u00f3n entre los dem\u00f3cratas y los independientes con inclinaciones dem\u00f3cratas ha aumentado en este periodo, pasando de generalizada a casi universal: el 90 % de los adultos afines a los dem\u00f3cratas afirma ahora que la pol\u00edtica de deportaci\u00f3n de Trump ha ido demasiado lejos, mientras que solo el 15 % de los adultos afines a los republicanos opina lo mismo.<\/p>\n<p class=\"paragraph inline-placeholder vossi-paragraph\" style=\"text-align: justify;\" data-uri=\"es.cms.cnn.com\/_components\/paragraph\/instances\/cmdbqjq2t0006356nxfiewxwp@published\" data-editable=\"text\" data-component-name=\"paragraph\" data-article-gutter=\"true\" data-analytics-observe=\"on\">Una mayor\u00eda del 57 % tambi\u00e9n dice que se opone a los planes de construir nuevos centros de detenci\u00f3n capaces de albergar hasta 100.000 inmigrantes indocumentados, mientras que el 53 % se opone a aumentar el presupuesto del Servicio de Inmigraci\u00f3n y Control de Aduanas en miles de millones de d\u00f3lares, dos prioridades de la Casa Blanca reflejadas en el\u00a0amplio proyecto de ley de pol\u00edticas que Trump\u00a0convirti\u00f3 en ley recientemente.<\/p>\n<p class=\"paragraph inline-placeholder vossi-paragraph\" style=\"text-align: justify;\" data-uri=\"es.cms.cnn.com\/_components\/paragraph\/instances\/cmdbqf9610000356nen3ygr2u@published\" data-editable=\"text\" data-component-name=\"paragraph\" data-article-gutter=\"true\" data-analytics-observe=\"on\">Casi 6 de cada 10 se oponen a los esfuerzos para eliminar la ciudadan\u00eda por nacimiento, otra prioridad de Trump. Los tribunales est\u00e1n revisando la orden ejecutiva del presidente que busca prohibir la ciudadan\u00eda por nacimiento a los ni\u00f1os nacidos en suelo estadounidense de padres que residieron en el pa\u00eds ilegalmente o que residieron legalmente pero temporalmente.<\/p>\n<p class=\"paragraph inline-placeholder vossi-paragraph\" style=\"text-align: justify;\" data-uri=\"es.cms.cnn.com\/_components\/paragraph\/instances\/cmdbqk1id000c356nsyaoa0nz@published\" data-editable=\"text\" data-component-name=\"paragraph\" data-article-gutter=\"true\" data-analytics-observe=\"on\">En general, casi la mitad (46 %) afirma que las pol\u00edticas migratorias de Trump han hecho que el pa\u00eds sea m\u00e1s seguro, y el 42 % afirma que el gobierno federal ha sido cuidadoso con el cumplimiento de la ley al llevar a cabo las deportaciones. Ambas cifras se mantienen pr\u00e1cticamente sin cambios desde abril. Los \u00edndices de aprobaci\u00f3n del presidente rondan el 40 % por su gesti\u00f3n tanto de la inmigraci\u00f3n en general como de las deportaciones en particular.<\/p>\n<h2 id=\"menor-apoyo-a-la-persecucion-de-inmigrantes-sin-antecedentes-penales\" class=\"subheader inline-placeholder subheader vossi-subheader vossi-subheader--size-h2\" style=\"text-align: justify;\" data-editable=\"text\" data-uri=\"es.cms.cnn.com\/_components\/subheader\/instances\/cmdbqle7g0018356nec8tjinp@published\" data-component-name=\"subheader\" data-article-gutter=\"true\">Menor apoyo a la persecuci\u00f3n de inmigrantes sin antecedentes penales<\/h2>\n<p class=\"paragraph inline-placeholder vossi-paragraph\" style=\"text-align: justify;\" data-uri=\"es.cms.cnn.com\/_components\/paragraph\/instances\/cmdbqk1id000e356n2xfuyx00@published\" data-editable=\"text\" data-component-name=\"paragraph\" data-article-gutter=\"true\" data-analytics-observe=\"on\">En una encuesta de CNN, el 59% de los estadounidenses se opone a arrestar y detener a inmigrantes indocumentados que han residido en Estados Unidos durante a\u00f1os sin antecedentes penales.<\/p>\n<p class=\"paragraph inline-placeholder vossi-paragraph\" style=\"text-align: justify;\" data-uri=\"es.cms.cnn.com\/_components\/paragraph\/instances\/cmdbqk1id000f356nboedg8fj@published\" data-editable=\"text\" data-component-name=\"paragraph\" data-article-gutter=\"true\" data-analytics-observe=\"on\">Esto refleja un tema recurrente en muchas encuestas de inmigraci\u00f3n de este a\u00f1o: el apoyo a la aplicaci\u00f3n de la ley migratoria tiende a erosionarse cuando los encuestadores especifican que entre los afectados se encontrar\u00e1n personas sin antecedentes penales o residentes de larga data.\u00a0Una revisi\u00f3n de datos gubernamentales realizada por CNN\u00a0revel\u00f3 que la mayor\u00eda de los inmigrantes detenidos por ICE entre octubre y mayo pasados no ten\u00edan antecedentes penales graves.<\/p>\n<p class=\"paragraph inline-placeholder vossi-paragraph\" style=\"text-align: justify;\" data-uri=\"es.cms.cnn.com\/_components\/paragraph\/instances\/cmdbqk0jy000a356ntl5hruu5@published\" data-editable=\"text\" data-component-name=\"paragraph\" data-article-gutter=\"true\" data-analytics-observe=\"on\">Si bien solo alrededor de una cuarta parte de los republicanos y simpatizantes republicanos se oponen a los arrestos dirigidos a este grupo, casi la mitad (47 %) lo apoya abiertamente, muy por debajo del 83 % que aprueba su gesti\u00f3n de las deportaciones en general.<\/p>\n<p class=\"paragraph inline-placeholder vossi-paragraph\" style=\"text-align: justify;\" data-uri=\"es.cms.cnn.com\/_components\/paragraph\/instances\/cmdbqkhmk000k356njsxhv2f6@published\" data-editable=\"text\" data-component-name=\"paragraph\" data-article-gutter=\"true\" data-analytics-observe=\"on\">\u201cEl problema m\u00e1s importante es c\u00f3mo el ICE se est\u00e1 centrando en los inmigrantes sin antecedentes penales\u201d, escribi\u00f3 una mujer californiana encuestada, quien se encontraba entre la minor\u00eda de republicanos que pensaba que Trump hab\u00eda ido demasiado lejos con su campa\u00f1a de deportaci\u00f3n. \u201cDeber\u00edan investigar a los inmigrantes que representan una gran amenaza para el pa\u00eds\u201d.<\/p>\n<p class=\"paragraph inline-placeholder vossi-paragraph\" style=\"text-align: justify;\" data-uri=\"es.cms.cnn.com\/_components\/paragraph\/instances\/cmdbqkhmk000l356noazjbvol@published\" data-editable=\"text\" data-component-name=\"paragraph\" data-article-gutter=\"true\" data-analytics-observe=\"on\">Aunque la opini\u00f3n sobre la plataforma de inmigraci\u00f3n de Trump para su segundo mandato se ha deteriorado, el apoyo a pol\u00edticas espec\u00edficas puede variar seg\u00fan c\u00f3mo se describan. En la encuesta de CNN, el 16 % de los estadounidenses que se opusieron a aumentar el presupuesto del ICE tambi\u00e9n dijeron, en una pregunta aparte, que consideraban el aumento del gasto en \u201cseguridad fronteriza, aplicaci\u00f3n de las leyes de inmigraci\u00f3n y detenci\u00f3n de personas acusadas de entrar al pa\u00eds ilegalmente\u201d como una raz\u00f3n para apoyar el proyecto de ley de gastos recientemente aprobado por Trump.<\/p>\n<p class=\"paragraph inline-placeholder vossi-paragraph\" style=\"text-align: justify;\" data-uri=\"es.cms.cnn.com\/_components\/paragraph\/instances\/cmdbqkhmk000m356novbinzuz@published\" data-editable=\"text\" data-component-name=\"paragraph\" data-article-gutter=\"true\" data-analytics-observe=\"on\">Tambi\u00e9n existe una oposici\u00f3n relativamente moderada a las ideas punitivas que Trump ha propuesto contra quienes tienen antecedentes penales, independientemente de su estatus migratorio actual. Los estadounidenses est\u00e1n muy divididos sobre si estar\u00edan a favor o en contra de que Trump cumpla sus amenazas de enviar a ciudadanos estadounidenses condenados por delitos violentos a un pa\u00eds extranjero para su detenci\u00f3n (el 37 % lo apoyar\u00eda, el 39 % se opondr\u00eda y el resto no opinar\u00eda lo mismo). Adem\u00e1s, existe un apoyo limitado, del 43 % al 35 %, a los esfuerzos para priorizar la revocaci\u00f3n de la ciudadan\u00eda estadounidense a los ciudadanos naturalizados condenados por ciertos delitos, la \u00fanica lectura positiva de cualquier pol\u00edtica analizada.<\/p>\n<p class=\"paragraph inline-placeholder vossi-paragraph\" style=\"text-align: justify;\" data-uri=\"es.cms.cnn.com\/_components\/paragraph\/instances\/cmdbqkhmk000n356nfwf5dqpi@published\" data-editable=\"text\" data-component-name=\"paragraph\" data-article-gutter=\"true\" data-analytics-observe=\"on\">En contraste, los estadounidenses afirman abrumadoramente (el 71 % frente al 12 %) que se opondr\u00edan a que Trump cumpla sus amenazas de deportar a cr\u00edticos de alto perfil de las pol\u00edticas de la administraci\u00f3n, incluso si residen legalmente en Estados Unidos y no han sido condenados por ning\u00fan delito.<\/p>\n<h2 id=\"la-inmigracion-se-convierte-en-un-tema-prioritario-para-los-democratas\" class=\"subheader inline-placeholder subheader vossi-subheader vossi-subheader--size-h2\" style=\"text-align: justify;\" data-editable=\"text\" data-uri=\"es.cms.cnn.com\/_components\/subheader\/instances\/cmdbqlswt001b356nzp8ndg2m@published\" data-component-name=\"subheader\" data-article-gutter=\"true\">La inmigraci\u00f3n se convierte en un tema prioritario para los dem\u00f3cratas<\/h2>\n<p class=\"paragraph inline-placeholder vossi-paragraph\" style=\"text-align: justify;\" data-uri=\"es.cms.cnn.com\/_components\/paragraph\/instances\/cmdbqkhmk000p356nht60ofop@published\" data-editable=\"text\" data-component-name=\"paragraph\" data-article-gutter=\"true\" data-analytics-observe=\"on\">Al preguntarles en la misma\u00a0encuesta\u00a0cu\u00e1l es el tema que consideran m\u00e1s importante, el 20 % de los estadounidenses menciona la inmigraci\u00f3n, coloc\u00e1ndola en segundo lugar, solo superada por las preocupaciones econ\u00f3micas.<\/p>\n<p class=\"paragraph inline-placeholder vossi-paragraph\" style=\"text-align: justify;\" data-uri=\"es.cms.cnn.com\/_components\/paragraph\/instances\/cmdbqkhmk000q356npf6hw01a@published\" data-editable=\"text\" data-component-name=\"paragraph\" data-article-gutter=\"true\" data-analytics-observe=\"on\">Si bien esto es similar en general a enero, la din\u00e1mica partidista del tema ha cambiado un poco. A principios de a\u00f1o, los republicanos y los independientes con inclinaciones republicanas ten\u00edan 26 puntos m\u00e1s de probabilidad que los afines al Partido Dem\u00f3crata de mencionar la inmigraci\u00f3n. Ahora, aunque sigue siendo un tema m\u00e1s candente entre los republicanos que entre los dem\u00f3cratas, esa diferencia se ha reducido a 10 puntos en medio de la creciente oposici\u00f3n dem\u00f3crata a las pol\u00edticas de deportaci\u00f3n de Trump.<\/p>\n<p class=\"paragraph inline-placeholder vossi-paragraph\" style=\"text-align: justify;\" data-uri=\"es.cms.cnn.com\/_components\/paragraph\/instances\/cmdbqkhmk000r356navsox461@published\" data-editable=\"text\" data-component-name=\"paragraph\" data-article-gutter=\"true\" data-analytics-observe=\"off\">La encuesta tambi\u00e9n revela m\u00e1s apoyo que rechazo a las protestas contra\u00a0las pol\u00edticas de deportaci\u00f3n del Gobierno de Trump. Los estadounidenses afirman, con un 55 % frente a un 45 %, que las protestas contra las pol\u00edticas de deportaci\u00f3n del Gobierno de Trump han estado mayormente justificadas. Y por un margen de 9 puntos (47 % frente a 38 %), afirman estar m\u00e1s preocupados por que el gobierno vaya demasiado lejos en la represi\u00f3n de las protestas que por el temor a que las protestas se descontrolen.<\/p>\n<p class=\"paragraph inline-placeholder vossi-paragraph\" style=\"text-align: justify;\" data-uri=\"es.cms.cnn.com\/_components\/paragraph\/instances\/cmdbqkhmk000s356nzt5c8u6g@published\" data-editable=\"text\" data-component-name=\"paragraph\" data-article-gutter=\"true\" data-analytics-observe=\"off\">Existe un apoyo particularmente fuerte a las protestas entre los adultos afines al Partido Dem\u00f3crata (el 78 % de los cuales las consideran justificadas), los adultos menores de 35 a\u00f1os (63 %) y las personas de color (59 %).<\/p>\n<p class=\"paragraph inline-placeholder vossi-paragraph\" style=\"text-align: justify;\" data-uri=\"es.cms.cnn.com\/_components\/paragraph\/instances\/cmdbqkhmk000t356nw0ikd19o@published\" data-editable=\"text\" data-component-name=\"paragraph\" data-article-gutter=\"true\" data-analytics-observe=\"off\">La mayor\u00eda de los estadounidenses (el 59 %) se opone a que Trump utilice soldados de la Guardia Nacional, generalmente controladas por los gobernadores estatales, en respuesta a las protestas migratorias, incluso si el gobernador estatal no apoya el uso de dichas tropas.<\/p>\n<p class=\"paragraph inline-placeholder vossi-paragraph\" style=\"text-align: justify;\" data-uri=\"es.cms.cnn.com\/_components\/paragraph\/instances\/cmdbqkhmk000u356n8sp1bsjw@published\" data-editable=\"text\" data-component-name=\"paragraph\" data-article-gutter=\"true\" data-analytics-observe=\"off\"><em>La encuesta de CNN fue realizada por SSRS del 10 al 13 de julio entre una muestra nacional aleatoria de 1057 adultos estadounidenses seleccionados de un panel probabil\u00edstico. Las encuestas se realizaron en l\u00ednea o por tel\u00e9fono con un entrevistador en vivo. Los resultados entre todos los adultos tienen un margen de error de muestreo de \u00b13,5 puntos porcentuales.<\/em><\/p>\n<p class=\"footnote vossi-footnote inline-placeholder\" style=\"text-align: justify;\" data-uri=\"es.cms.cnn.com\/_components\/footnote\/instances\/cmdbqkqlj0015356nif8e0kbn@published\" data-editable=\"text\" data-article-gutter=\"true\">\u00a0<\/p>\n\n\n<div class=\"wp-block-group\"><div class=\"wp-block-group__inner-container is-layout-constrained wp-block-group-is-layout-constrained\">\n<div id=\"DenunciayAPP\" class=\"wp-block-group\"><div class=\"wp-block-group__inner-container is-layout-constrained wp-block-group-is-layout-constrained\">\n<p><a href=\"https:\/\/whatsapp.com\/channel\/0029Va88WGP2ER6ZxD6TCa3U\" target=\"_blank\" rel=\"noopener\"><img loading=\"lazy\" decoding=\"async\" class=\"aligncenter size-full wp-image-155512\" src=\"https:\/\/infoelnuevonorte.com\/wp-content\/uploads\/2025\/10\/Canal-whatsapp-infoenn.jpeg\" alt=\"\" width=\"2046\" height=\"554\" srcset=\"https:\/\/infoelnuevonorte.com\/wp-content\/uploads\/2025\/10\/Canal-whatsapp-infoenn.jpeg 2046w, https:\/\/infoelnuevonorte.com\/wp-content\/uploads\/2025\/10\/Canal-whatsapp-infoenn-300x81.jpeg 300w, https:\/\/infoelnuevonorte.com\/wp-content\/uploads\/2025\/10\/Canal-whatsapp-infoenn-1024x277.jpeg 1024w, https:\/\/infoelnuevonorte.com\/wp-content\/uploads\/2025\/10\/Canal-whatsapp-infoenn-768x208.jpeg 768w, https:\/\/infoelnuevonorte.com\/wp-content\/uploads\/2025\/10\/Canal-whatsapp-infoenn-1536x416.jpeg 1536w, https:\/\/infoelnuevonorte.com\/wp-content\/uploads\/2025\/10\/Canal-whatsapp-infoenn-1551x420.jpeg 1551w, https:\/\/infoelnuevonorte.com\/wp-content\/uploads\/2025\/10\/Canal-whatsapp-infoenn-150x41.jpeg 150w, https:\/\/infoelnuevonorte.com\/wp-content\/uploads\/2025\/10\/Canal-whatsapp-infoenn-696x188.jpeg 696w, https:\/\/infoelnuevonorte.com\/wp-content\/uploads\/2025\/10\/Canal-whatsapp-infoenn-1068x289.jpeg 1068w, https:\/\/infoelnuevonorte.com\/wp-content\/uploads\/2025\/10\/Canal-whatsapp-infoenn-1920x520.jpeg 1920w\" sizes=\"(max-width: 2046px) 100vw, 2046px\" \/><\/a><\/p>\n<p>\ud83d\udd17 S\u00edguenos en nuestras redes:<br data-start=\"2686\" data-end=\"2689\" \/><a href=\"https:\/\/x.com\/Elnuevo_norte\">X<\/a> | <a class=\"\" href=\"https:\/\/t.me\/infoenn\" target=\"_new\" rel=\"noopener\" data-start=\"2757\" data-end=\"2789\">Telegram<\/a> | <a class=\"\" href=\"https:\/\/instagram.com\/noticiasenn1?r=nametag\" target=\"_new\" rel=\"noopener\" data-start=\"2792\" data-end=\"2849\">Instagram<\/a><br data-start=\"2849\" data-end=\"2852\" \/><a class=\"\" href=\"https:\/\/www.facebook.com\/infoenn\" target=\"_new\" rel=\"noopener\" data-start=\"2852\" data-end=\"2896\">Facebook<\/a> | <a class=\"\" href=\"https:\/\/www.threads.net\/@noticiasenn1\" target=\"_new\" rel=\"noopener\" data-start=\"2899\" data-end=\"2947\">Threads<\/a> | <a class=\"\" href=\"https:\/\/www.youtube.com\/channel\/UCZZJg_scU1p_c6cvyCHY48A\" target=\"_new\" rel=\"noopener\" data-start=\"2950\" data-end=\"3017\" data-is-last-node=\"\">YouTube<\/a><\/p>\n<p>\ud83d\ude4f \u00a1Tu apoyo es importante!<\/p>\n<p>\ud83d\udd3bDESCARGAR NUESTRA APP \"<span style=\"color: #0000ff;\"><strong>Info ENN<\/strong><\/span>\"<\/p>\n\n\n\n<div class=\"wp-block-buttons is-content-justification-left is-layout-flex wp-container-core-buttons-is-layout-1 wp-block-buttons-is-layout-flex\">\n<div class=\"wp-block-button is-style-3d\"><a class=\"wp-block-button__link has-white-background-color has-background wp-element-button\" href=\"https:\/\/apps.apple.com\/do\/app\/infoenn\/id6503000762\"><img loading=\"lazy\" decoding=\"async\" width=\"150\" height=\"50\" class=\"wp-image-104096\" style=\"width: 150px;\" src=\"https:\/\/infoelnuevonorte.com\/wp-content\/uploads\/2025\/05\/Download_on_the_App_Store_RGB_blk.svg_.png\" alt=\"\" srcset=\"https:\/\/infoelnuevonorte.com\/wp-content\/uploads\/2025\/05\/Download_on_the_App_Store_RGB_blk.svg_.png 1280w, https:\/\/infoelnuevonorte.com\/wp-content\/uploads\/2025\/05\/Download_on_the_App_Store_RGB_blk.svg_-300x100.png 300w, https:\/\/infoelnuevonorte.com\/wp-content\/uploads\/2025\/05\/Download_on_the_App_Store_RGB_blk.svg_-1024x342.png 1024w, https:\/\/infoelnuevonorte.com\/wp-content\/uploads\/2025\/05\/Download_on_the_App_Store_RGB_blk.svg_-768x257.png 768w, https:\/\/infoelnuevonorte.com\/wp-content\/uploads\/2025\/05\/Download_on_the_App_Store_RGB_blk.svg_-1256x420.png 1256w, https:\/\/infoelnuevonorte.com\/wp-content\/uploads\/2025\/05\/Download_on_the_App_Store_RGB_blk.svg_-150x50.png 150w, https:\/\/infoelnuevonorte.com\/wp-content\/uploads\/2025\/05\/Download_on_the_App_Store_RGB_blk.svg_-696x233.png 696w, https:\/\/infoelnuevonorte.com\/wp-content\/uploads\/2025\/05\/Download_on_the_App_Store_RGB_blk.svg_-1068x357.png 1068w, https:\/\/infoelnuevonorte.com\/wp-content\/uploads\/2025\/05\/Download_on_the_App_Store_RGB_blk.svg_-200x67.png 200w\" sizes=\"(max-width: 150px) 100vw, 150px\" \/><\/a><\/div>\n<\/div>\n\n\n\n<div class=\"wp-block-buttons is-layout-flex wp-block-buttons-is-layout-flex\">\n<div class=\"wp-block-button is-style-3d td_btn_large\"><a class=\"wp-block-button__link has-white-background-color has-background wp-element-button\" href=\"https:\/\/mega.nz\/file\/vRhVTJBD#6P0Os8p_y2oJgZIa__7dhjqdpW42XJ_cY3zmbyxVohM\" target=\"_blank\" rel=\"noreferrer noopener\"><mark style=\"background-color:rgba(0, 0, 0, 0)\" class=\"has-inline-color has-light-green-cyan-color\"><img loading=\"lazy\" decoding=\"async\" width=\"150\" height=\"49\" class=\"wp-image-104095\" style=\"width: 150px;\" src=\"https:\/\/infoelnuevonorte.com\/wp-content\/uploads\/2025\/05\/badge-google-play-and-app-store-button-download-free-png.webp\" alt=\"\" srcset=\"https:\/\/infoelnuevonorte.com\/wp-content\/uploads\/2025\/05\/badge-google-play-and-app-store-button-download-free-png.webp 1920w, https:\/\/infoelnuevonorte.com\/wp-content\/uploads\/2025\/05\/badge-google-play-and-app-store-button-download-free-png-300x98.webp 300w, https:\/\/infoelnuevonorte.com\/wp-content\/uploads\/2025\/05\/badge-google-play-and-app-store-button-download-free-png-1024x335.webp 1024w, https:\/\/infoelnuevonorte.com\/wp-content\/uploads\/2025\/05\/badge-google-play-and-app-store-button-download-free-png-768x252.webp 768w, https:\/\/infoelnuevonorte.com\/wp-content\/uploads\/2025\/05\/badge-google-play-and-app-store-button-download-free-png-1536x503.webp 1536w, https:\/\/infoelnuevonorte.com\/wp-content\/uploads\/2025\/05\/badge-google-play-and-app-store-button-download-free-png-1282x420.webp 1282w, https:\/\/infoelnuevonorte.com\/wp-content\/uploads\/2025\/05\/badge-google-play-and-app-store-button-download-free-png-150x49.webp 150w, https:\/\/infoelnuevonorte.com\/wp-content\/uploads\/2025\/05\/badge-google-play-and-app-store-button-download-free-png-696x228.webp 696w, https:\/\/infoelnuevonorte.com\/wp-content\/uploads\/2025\/05\/badge-google-play-and-app-store-button-download-free-png-1068x350.webp 1068w, https:\/\/infoelnuevonorte.com\/wp-content\/uploads\/2025\/05\/badge-google-play-and-app-store-button-download-free-png-200x66.webp 200w\" sizes=\"(max-width: 150px) 100vw, 150px\" \/><\/mark><\/a><\/div>\n<\/div>\n\n\n\n<p style=\"text-align: justify;\"><strong data-start=\"0\" data-end=\"18\" data-is-only-node=\"\"><a href=\"https:\/\/infoelnuevonorte.com\/\"><img loading=\"lazy\" decoding=\"async\" class=\" wp-image-159681 alignleft\" src=\"https:\/\/infoelnuevonorte.com\/wp-content\/uploads\/2025\/11\/Logo-3d-infoenn-con-fondo-blanco.jpg\" alt=\"\" width=\"240\" height=\"86\" srcset=\"https:\/\/infoelnuevonorte.com\/wp-content\/uploads\/2025\/11\/Logo-3d-infoenn-con-fondo-blanco.jpg 1696w, https:\/\/infoelnuevonorte.com\/wp-content\/uploads\/2025\/11\/Logo-3d-infoenn-con-fondo-blanco-300x108.jpg 300w, https:\/\/infoelnuevonorte.com\/wp-content\/uploads\/2025\/11\/Logo-3d-infoenn-con-fondo-blanco-1024x367.jpg 1024w, https:\/\/infoelnuevonorte.com\/wp-content\/uploads\/2025\/11\/Logo-3d-infoenn-con-fondo-blanco-768x275.jpg 768w, https:\/\/infoelnuevonorte.com\/wp-content\/uploads\/2025\/11\/Logo-3d-infoenn-con-fondo-blanco-1536x551.jpg 1536w, https:\/\/infoelnuevonorte.com\/wp-content\/uploads\/2025\/11\/Logo-3d-infoenn-con-fondo-blanco-1172x420.jpg 1172w, https:\/\/infoelnuevonorte.com\/wp-content\/uploads\/2025\/11\/Logo-3d-infoenn-con-fondo-blanco-150x54.jpg 150w, https:\/\/infoelnuevonorte.com\/wp-content\/uploads\/2025\/11\/Logo-3d-infoenn-con-fondo-blanco-696x250.jpg 696w, https:\/\/infoelnuevonorte.com\/wp-content\/uploads\/2025\/11\/Logo-3d-infoenn-con-fondo-blanco-1068x383.jpg 1068w\" sizes=\"(max-width: 240px) 100vw, 240px\" \/><\/a>El Nuevo Norte<\/strong> es un peri\u00f3dico digital dominicano fundado el <strong data-start=\"65\" data-end=\"90\">12 de febrero de 2006<\/strong> por el periodista <strong data-start=\"109\" data-end=\"129\">Junior Henr\u00edquez<\/strong>, quien funge como director y fundador. A trav\u00e9s de la web <strong data-start=\"188\" data-end=\"212\">infoelnuevonorte.com<\/strong>, el medio ofrece informaci\u00f3n veraz y oportuna sobre los acontecimientos sociales, pol\u00edticos, comunitarios y de actualidad general, tanto a nivel nacional como internacional, promoviendo un periodismo responsable, participativo y comprometido con la libre expresi\u00f3n y el fortalecimiento de la democracia informativa.<\/p>\n<\/div><\/div>\n<\/div><\/div>\n","protected":false},"excerpt":{"rendered":"<p>Los estadounidenses se oponen en gran medida a los recientes esfuerzos del Gobierno de Donald Trump para ampliar su programa de deportaciones, seg\u00fan una nueva encuesta de CNN realizada por SSRS. Una creciente mayor\u00eda afirma que el presidente ha ido demasiado lejos en las deportaciones. En la \u00faltima encuesta, el 55 % afirma que el [&hellip;]<\/p>\n","protected":false},"author":2,"featured_media":123466,"comment_status":"closed","ping_status":"open","sticky":false,"template":"","format":"standard","meta":{"footnotes":""},"categories":[9],"tags":[],"yoast_head":"<!-- This site is optimized with the Yoast SEO plugin v24.5 - https:\/\/yoast.com\/wordpress\/plugins\/seo\/ -->\n<title>Mayor\u00eda de estadounidenses se opone al aumento de deportaciones de Trump, seg\u00fan encuesta de CNN | El Nuevo Norte<\/title>\n<meta name=\"robots\" content=\"index, follow, max-snippet:-1, max-image-preview:large, max-video-preview:-1\" \/>\n<link rel=\"canonical\" href=\"https:\/\/infoelnuevonorte.com\/?p=123464\" \/>\n<meta property=\"og:locale\" content=\"es_ES\" \/>\n<meta property=\"og:type\" content=\"article\" \/>\n<meta property=\"og:title\" content=\"Mayor\u00eda de estadounidenses se opone al aumento de deportaciones de Trump, seg\u00fan encuesta de CNN | El Nuevo Norte\" \/>\n<meta property=\"og:description\" content=\"Los estadounidenses se oponen en gran medida a los recientes esfuerzos del Gobierno de Donald Trump para ampliar su programa de deportaciones, seg\u00fan una nueva encuesta de CNN realizada por SSRS. Una creciente mayor\u00eda afirma que el presidente ha ido demasiado lejos en las deportaciones. En la \u00faltima encuesta, el 55 % afirma que el [&hellip;]\" \/>\n<meta property=\"og:url\" content=\"https:\/\/infoelnuevonorte.com\/?p=123464\" \/>\n<meta property=\"og:site_name\" content=\"El Nuevo Norte\" \/>\n<meta property=\"article:publisher\" content=\"https:\/\/www.facebook.com\/infoenn\" \/>\n<meta property=\"article:published_time\" content=\"2025-07-21T11:40:10+00:00\" \/>\n<meta property=\"article:modified_time\" content=\"2025-07-21T11:40:11+00:00\" \/>\n<meta property=\"og:image\" content=\"https:\/\/infoelnuevonorte.com\/wp-content\/uploads\/2025\/07\/descarga-2025-07-21T073808.385.png\" \/>\n\t<meta property=\"og:image:width\" content=\"1160\" \/>\n\t<meta property=\"og:image:height\" content=\"653\" \/>\n\t<meta property=\"og:image:type\" content=\"image\/png\" \/>\n<meta name=\"author\" content=\"T. R.\" \/>\n<meta name=\"twitter:card\" content=\"summary_large_image\" \/>\n<meta name=\"twitter:creator\" content=\"@Elnuevo_norte\" \/>\n<meta name=\"twitter:site\" content=\"@Elnuevo_norte\" \/>\n<meta name=\"twitter:label1\" content=\"Written by\" \/>\n\t<meta name=\"twitter:data1\" content=\"T. R.\" \/>\n\t<meta name=\"twitter:label2\" content=\"Est. reading time\" \/>\n\t<meta name=\"twitter:data2\" content=\"7 minutos\" \/>\n<script type=\"application\/ld+json\" class=\"yoast-schema-graph\">{\"@context\":\"https:\/\/schema.org\",\"@graph\":[{\"@type\":\"Article\",\"@id\":\"https:\/\/infoelnuevonorte.com\/?p=123464#article\",\"isPartOf\":{\"@id\":\"https:\/\/infoelnuevonorte.com\/?p=123464\"},\"author\":{\"name\":\"T. R.\",\"@id\":\"https:\/\/infoelnuevonorte.com\/#\/schema\/person\/3accb35eb55f55e96c492b52d085a403\"},\"headline\":\"Mayor\u00eda de estadounidenses se opone al aumento de deportaciones de Trump, seg\u00fan encuesta de CNN\",\"datePublished\":\"2025-07-21T11:40:10+00:00\",\"dateModified\":\"2025-07-21T11:40:11+00:00\",\"mainEntityOfPage\":{\"@id\":\"https:\/\/infoelnuevonorte.com\/?p=123464\"},\"wordCount\":1253,\"publisher\":{\"@id\":\"https:\/\/infoelnuevonorte.com\/#organization\"},\"image\":{\"@id\":\"https:\/\/infoelnuevonorte.com\/?p=123464#primaryimage\"},\"thumbnailUrl\":\"https:\/\/infoelnuevonorte.com\/wp-content\/uploads\/2025\/07\/descarga-2025-07-21T073808.385.png\",\"articleSection\":[\"Mundiales\"],\"inLanguage\":\"es-DO\"},{\"@type\":\"WebPage\",\"@id\":\"https:\/\/infoelnuevonorte.com\/?p=123464\",\"url\":\"https:\/\/infoelnuevonorte.com\/?p=123464\",\"name\":\"Mayor\u00eda de estadounidenses se opone al aumento de deportaciones de Trump, seg\u00fan encuesta de CNN | El Nuevo Norte\",\"isPartOf\":{\"@id\":\"https:\/\/infoelnuevonorte.com\/#website\"},\"primaryImageOfPage\":{\"@id\":\"https:\/\/infoelnuevonorte.com\/?p=123464#primaryimage\"},\"image\":{\"@id\":\"https:\/\/infoelnuevonorte.com\/?p=123464#primaryimage\"},\"thumbnailUrl\":\"https:\/\/infoelnuevonorte.com\/wp-content\/uploads\/2025\/07\/descarga-2025-07-21T073808.385.png\",\"datePublished\":\"2025-07-21T11:40:10+00:00\",\"dateModified\":\"2025-07-21T11:40:11+00:00\",\"breadcrumb\":{\"@id\":\"https:\/\/infoelnuevonorte.com\/?p=123464#breadcrumb\"},\"inLanguage\":\"es-DO\",\"potentialAction\":[{\"@type\":\"ReadAction\",\"target\":[\"https:\/\/infoelnuevonorte.com\/?p=123464\"]}]},{\"@type\":\"ImageObject\",\"inLanguage\":\"es-DO\",\"@id\":\"https:\/\/infoelnuevonorte.com\/?p=123464#primaryimage\",\"url\":\"https:\/\/infoelnuevonorte.com\/wp-content\/uploads\/2025\/07\/descarga-2025-07-21T073808.385.png\",\"contentUrl\":\"https:\/\/infoelnuevonorte.com\/wp-content\/uploads\/2025\/07\/descarga-2025-07-21T073808.385.png\",\"width\":1160,\"height\":653},{\"@type\":\"BreadcrumbList\",\"@id\":\"https:\/\/infoelnuevonorte.com\/?p=123464#breadcrumb\",\"itemListElement\":[{\"@type\":\"ListItem\",\"position\":1,\"name\":\"Home\",\"item\":\"https:\/\/infoelnuevonorte.com\/\"},{\"@type\":\"ListItem\",\"position\":2,\"name\":\"Mayor\u00eda de estadounidenses se opone al aumento de deportaciones de Trump, seg\u00fan encuesta de CNN\"}]},{\"@type\":\"WebSite\",\"@id\":\"https:\/\/infoelnuevonorte.com\/#website\",\"url\":\"https:\/\/infoelnuevonorte.com\/\",\"name\":\"InfoEnn\",\"description\":\"Tu Voz, tu Verdad, tu Diario!!!\",\"publisher\":{\"@id\":\"https:\/\/infoelnuevonorte.com\/#organization\"},\"alternateName\":\"El Nuevo Norte\",\"potentialAction\":[{\"@type\":\"SearchAction\",\"target\":{\"@type\":\"EntryPoint\",\"urlTemplate\":\"https:\/\/infoelnuevonorte.com\/?s={search_term_string}\"},\"query-input\":{\"@type\":\"PropertyValueSpecification\",\"valueRequired\":true,\"valueName\":\"search_term_string\"}}],\"inLanguage\":\"es-DO\"},{\"@type\":\"Organization\",\"@id\":\"https:\/\/infoelnuevonorte.com\/#organization\",\"name\":\"Info El Nuevo Norte\",\"alternateName\":\"El Nuevo Norte\",\"url\":\"https:\/\/infoelnuevonorte.com\/\",\"logo\":{\"@type\":\"ImageObject\",\"inLanguage\":\"es-DO\",\"@id\":\"https:\/\/infoelnuevonorte.com\/#\/schema\/logo\/image\/\",\"url\":\"https:\/\/infoelnuevonorte.com\/wp-content\/uploads\/2026\/02\/Logo-Info-enn-3d-20ani.jpeg\",\"contentUrl\":\"https:\/\/infoelnuevonorte.com\/wp-content\/uploads\/2026\/02\/Logo-Info-enn-3d-20ani.jpeg\",\"width\":2046,\"height\":736,\"caption\":\"Info El Nuevo Norte\"},\"image\":{\"@id\":\"https:\/\/infoelnuevonorte.com\/#\/schema\/logo\/image\/\"},\"sameAs\":[\"https:\/\/www.facebook.com\/infoenn\",\"https:\/\/x.com\/Elnuevo_norte\",\"https:\/\/www.instagram.com\/infoenn\",\"https:\/\/www.facebook.com\/ENNRD\"]},{\"@type\":\"Person\",\"@id\":\"https:\/\/infoelnuevonorte.com\/#\/schema\/person\/3accb35eb55f55e96c492b52d085a403\",\"name\":\"T. R.\",\"image\":{\"@type\":\"ImageObject\",\"inLanguage\":\"es-DO\",\"@id\":\"https:\/\/infoelnuevonorte.com\/#\/schema\/person\/image\/\",\"url\":\"https:\/\/secure.gravatar.com\/avatar\/40543a038bda97abdb765b1662e9677d?s=96&d=robohash&r=g\",\"contentUrl\":\"https:\/\/secure.gravatar.com\/avatar\/40543a038bda97abdb765b1662e9677d?s=96&d=robohash&r=g\",\"caption\":\"T. R.\"},\"url\":\"https:\/\/infoelnuevonorte.com\/?author=2\"}]}<\/script>\n<!-- \/ Yoast SEO plugin. -->","yoast_head_json":{"title":"Mayor\u00eda de estadounidenses se opone al aumento de deportaciones de Trump, seg\u00fan encuesta de CNN | El Nuevo Norte","robots":{"index":"index","follow":"follow","max-snippet":"max-snippet:-1","max-image-preview":"max-image-preview:large","max-video-preview":"max-video-preview:-1"},"canonical":"https:\/\/infoelnuevonorte.com\/?p=123464","og_locale":"es_ES","og_type":"article","og_title":"Mayor\u00eda de estadounidenses se opone al aumento de deportaciones de Trump, seg\u00fan encuesta de CNN | El Nuevo Norte","og_description":"Los estadounidenses se oponen en gran medida a los recientes esfuerzos del Gobierno de Donald Trump para ampliar su programa de deportaciones, seg\u00fan una nueva encuesta de CNN realizada por SSRS. Una creciente mayor\u00eda afirma que el presidente ha ido demasiado lejos en las deportaciones. En la \u00faltima encuesta, el 55 % afirma que el [&hellip;]","og_url":"https:\/\/infoelnuevonorte.com\/?p=123464","og_site_name":"El Nuevo Norte","article_publisher":"https:\/\/www.facebook.com\/infoenn","article_published_time":"2025-07-21T11:40:10+00:00","article_modified_time":"2025-07-21T11:40:11+00:00","og_image":[{"width":1160,"height":653,"url":"https:\/\/infoelnuevonorte.com\/wp-content\/uploads\/2025\/07\/descarga-2025-07-21T073808.385.png","type":"image\/png"}],"author":"T. R.","twitter_card":"summary_large_image","twitter_creator":"@Elnuevo_norte","twitter_site":"@Elnuevo_norte","twitter_misc":{"Written by":"T. R.","Est. reading time":"7 minutos"},"schema":{"@context":"https:\/\/schema.org","@graph":[{"@type":"Article","@id":"https:\/\/infoelnuevonorte.com\/?p=123464#article","isPartOf":{"@id":"https:\/\/infoelnuevonorte.com\/?p=123464"},"author":{"name":"T. R.","@id":"https:\/\/infoelnuevonorte.com\/#\/schema\/person\/3accb35eb55f55e96c492b52d085a403"},"headline":"Mayor\u00eda de estadounidenses se opone al aumento de deportaciones de Trump, seg\u00fan encuesta de CNN","datePublished":"2025-07-21T11:40:10+00:00","dateModified":"2025-07-21T11:40:11+00:00","mainEntityOfPage":{"@id":"https:\/\/infoelnuevonorte.com\/?p=123464"},"wordCount":1253,"publisher":{"@id":"https:\/\/infoelnuevonorte.com\/#organization"},"image":{"@id":"https:\/\/infoelnuevonorte.com\/?p=123464#primaryimage"},"thumbnailUrl":"https:\/\/infoelnuevonorte.com\/wp-content\/uploads\/2025\/07\/descarga-2025-07-21T073808.385.png","articleSection":["Mundiales"],"inLanguage":"es-DO"},{"@type":"WebPage","@id":"https:\/\/infoelnuevonorte.com\/?p=123464","url":"https:\/\/infoelnuevonorte.com\/?p=123464","name":"Mayor\u00eda de estadounidenses se opone al aumento de deportaciones de Trump, seg\u00fan encuesta de CNN | El Nuevo Norte","isPartOf":{"@id":"https:\/\/infoelnuevonorte.com\/#website"},"primaryImageOfPage":{"@id":"https:\/\/infoelnuevonorte.com\/?p=123464#primaryimage"},"image":{"@id":"https:\/\/infoelnuevonorte.com\/?p=123464#primaryimage"},"thumbnailUrl":"https:\/\/infoelnuevonorte.com\/wp-content\/uploads\/2025\/07\/descarga-2025-07-21T073808.385.png","datePublished":"2025-07-21T11:40:10+00:00","dateModified":"2025-07-21T11:40:11+00:00","breadcrumb":{"@id":"https:\/\/infoelnuevonorte.com\/?p=123464#breadcrumb"},"inLanguage":"es-DO","potentialAction":[{"@type":"ReadAction","target":["https:\/\/infoelnuevonorte.com\/?p=123464"]}]},{"@type":"ImageObject","inLanguage":"es-DO","@id":"https:\/\/infoelnuevonorte.com\/?p=123464#primaryimage","url":"https:\/\/infoelnuevonorte.com\/wp-content\/uploads\/2025\/07\/descarga-2025-07-21T073808.385.png","contentUrl":"https:\/\/infoelnuevonorte.com\/wp-content\/uploads\/2025\/07\/descarga-2025-07-21T073808.385.png","width":1160,"height":653},{"@type":"BreadcrumbList","@id":"https:\/\/infoelnuevonorte.com\/?p=123464#breadcrumb","itemListElement":[{"@type":"ListItem","position":1,"name":"Home","item":"https:\/\/infoelnuevonorte.com\/"},{"@type":"ListItem","position":2,"name":"Mayor\u00eda de estadounidenses se opone al aumento de deportaciones de Trump, seg\u00fan encuesta de CNN"}]},{"@type":"WebSite","@id":"https:\/\/infoelnuevonorte.com\/#website","url":"https:\/\/infoelnuevonorte.com\/","name":"InfoEnn","description":"Tu Voz, tu Verdad, tu Diario!!!","publisher":{"@id":"https:\/\/infoelnuevonorte.com\/#organization"},"alternateName":"El Nuevo Norte","potentialAction":[{"@type":"SearchAction","target":{"@type":"EntryPoint","urlTemplate":"https:\/\/infoelnuevonorte.com\/?s={search_term_string}"},"query-input":{"@type":"PropertyValueSpecification","valueRequired":true,"valueName":"search_term_string"}}],"inLanguage":"es-DO"},{"@type":"Organization","@id":"https:\/\/infoelnuevonorte.com\/#organization","name":"Info El Nuevo Norte","alternateName":"El Nuevo Norte","url":"https:\/\/infoelnuevonorte.com\/","logo":{"@type":"ImageObject","inLanguage":"es-DO","@id":"https:\/\/infoelnuevonorte.com\/#\/schema\/logo\/image\/","url":"https:\/\/infoelnuevonorte.com\/wp-content\/uploads\/2026\/02\/Logo-Info-enn-3d-20ani.jpeg","contentUrl":"https:\/\/infoelnuevonorte.com\/wp-content\/uploads\/2026\/02\/Logo-Info-enn-3d-20ani.jpeg","width":2046,"height":736,"caption":"Info El Nuevo Norte"},"image":{"@id":"https:\/\/infoelnuevonorte.com\/#\/schema\/logo\/image\/"},"sameAs":["https:\/\/www.facebook.com\/infoenn","https:\/\/x.com\/Elnuevo_norte","https:\/\/www.instagram.com\/infoenn","https:\/\/www.facebook.com\/ENNRD"]},{"@type":"Person","@id":"https:\/\/infoelnuevonorte.com\/#\/schema\/person\/3accb35eb55f55e96c492b52d085a403","name":"T. R.","image":{"@type":"ImageObject","inLanguage":"es-DO","@id":"https:\/\/infoelnuevonorte.com\/#\/schema\/person\/image\/","url":"https:\/\/secure.gravatar.com\/avatar\/40543a038bda97abdb765b1662e9677d?s=96&d=robohash&r=g","contentUrl":"https:\/\/secure.gravatar.com\/avatar\/40543a038bda97abdb765b1662e9677d?s=96&d=robohash&r=g","caption":"T. R."},"url":"https:\/\/infoelnuevonorte.com\/?author=2"}]}},"_links":{"self":[{"href":"https:\/\/infoelnuevonorte.com\/index.php?rest_route=\/wp\/v2\/posts\/123464"}],"collection":[{"href":"https:\/\/infoelnuevonorte.com\/index.php?rest_route=\/wp\/v2\/posts"}],"about":[{"href":"https:\/\/infoelnuevonorte.com\/index.php?rest_route=\/wp\/v2\/types\/post"}],"author":[{"embeddable":true,"href":"https:\/\/infoelnuevonorte.com\/index.php?rest_route=\/wp\/v2\/users\/2"}],"replies":[{"embeddable":true,"href":"https:\/\/infoelnuevonorte.com\/index.php?rest_route=%2Fwp%2Fv2%2Fcomments&post=123464"}],"version-history":[{"count":1,"href":"https:\/\/infoelnuevonorte.com\/index.php?rest_route=\/wp\/v2\/posts\/123464\/revisions"}],"predecessor-version":[{"id":123467,"href":"https:\/\/infoelnuevonorte.com\/index.php?rest_route=\/wp\/v2\/posts\/123464\/revisions\/123467"}],"wp:featuredmedia":[{"embeddable":true,"href":"https:\/\/infoelnuevonorte.com\/index.php?rest_route=\/wp\/v2\/media\/123466"}],"wp:attachment":[{"href":"https:\/\/infoelnuevonorte.com\/index.php?rest_route=%2Fwp%2Fv2%2Fmedia&parent=123464"}],"wp:term":[{"taxonomy":"category","embeddable":true,"href":"https:\/\/infoelnuevonorte.com\/index.php?rest_route=%2Fwp%2Fv2%2Fcategories&post=123464"},{"taxonomy":"post_tag","embeddable":true,"href":"https:\/\/infoelnuevonorte.com\/index.php?rest_route=%2Fwp%2Fv2%2Ftags&post=123464"}],"curies":[{"name":"wp","href":"https:\/\/api.w.org\/{rel}","templated":true}]}}