{"id":123472,"date":"2025-07-21T08:09:03","date_gmt":"2025-07-21T12:09:03","guid":{"rendered":"https:\/\/infoelnuevonorte.com\/?p=123472"},"modified":"2025-07-21T08:09:05","modified_gmt":"2025-07-21T12:09:05","slug":"efemerides-del-21-de-julio","status":"publish","type":"post","link":"https:\/\/infoelnuevonorte.com\/?p=123472","title":{"rendered":"Efem\u00e9rides del 21 de julio"},"content":{"rendered":"\n<p><a href=\"https:\/\/deultimominuto.net\/category\/estilo\/efemerides\/\"><\/a><\/p>\n\n\n<div class=\"td_block_wrap tdb_single_content tdi_234 td-pb-border-top td_block_template_1 td-post-content tagdiv-type\" data-td-block-uid=\"tdi_234\">\n<div class=\"tdb-block-inner td-fix-index\">\n<!--[if lt IE 9]><script>document.createElement('audio');<\/script><![endif]-->\n<audio class=\"wp-audio-shortcode\" id=\"audio-123472-1\" preload=\"none\" style=\"width: 100%;\" controls=\"controls\"><source type=\"audio\/mpeg\" src=\"https:\/\/infoelnuevonorte.com\/wp-content\/uploads\/2025\/07\/ttsmaker-vip-file-2025-7-21-8-8-24.mp3?_=1\" \/><a href=\"https:\/\/infoelnuevonorte.com\/wp-content\/uploads\/2025\/07\/ttsmaker-vip-file-2025-7-21-8-8-24.mp3\">https:\/\/infoelnuevonorte.com\/wp-content\/uploads\/2025\/07\/ttsmaker-vip-file-2025-7-21-8-8-24.mp3<\/a><\/audio>\n<p style=\"text-align: justify;\"><strong>Santo Domingo.-<\/strong>\u00a0Las efem\u00e9rides del 21 de\u00a0<strong>julio<\/strong>, est\u00e1n marcadas por importantes acontecimientos hist\u00f3ricos y celebraciones internacionales que dejaron huella en la historia mundial. A continuaci\u00f3n, las principales efem\u00e9rides del 21 de\u00a0<strong>julio<\/strong>:<\/p>\n<ul class=\"wp-block-list\" style=\"text-align: justify;\">\n<li>D\u00eda Mundial del Perro.\u200b<\/li>\n<li>D\u00eda Mundial del Gazpacho.<\/li>\n<li>D\u00eda Universal del Derecho.<\/li>\n<\/ul>\n<p style=\"text-align: justify;\"><strong>Santoral:<\/strong>\u00a0 San Lorenzo de Brindisi, doctor.<\/p>\n<h2 class=\"wp-block-heading\" style=\"text-align: justify;\"><strong>Nacionales: Efem\u00e9rides del 21 de julio<\/strong><\/h2>\n<ul class=\"wp-block-list\" style=\"text-align: justify;\">\n<li>1845: Entra en vigencia la Ley sobre bienes nacionales en la Rep\u00fablica Dominicana, que establece que las tierras sin due\u00f1os conocidos, o que hayan pertenecido a gobiernos coloniales anteriores o conventos extinguidos, pasan a ser propiedad del Estado dominicano.<\/li>\n<li>1886: Se inicia en el Cibao y la L\u00ednea Noroeste la Revoluci\u00f3n de Moya, liderada por el general Casimiro Nemesio de Moya, en oposici\u00f3n al gobierno del general Alejandro Woss y Gil.<\/li>\n<li>1920: El gobierno de ocupaci\u00f3n estadounidense emite la Orden Ejecutiva 511, introduciendo en el pa\u00eds el Sistema Torrens de registro de propiedad inmobiliaria.<\/li>\n<li>1947: La deuda externa de la Rep\u00fablica Dominicana es saldada completamente. El presidente Rafael Trujillo entrega un cheque por m\u00e1s de 9 millones de pesos al representante del gobierno de EE.UU., Oliver Newman.<\/li>\n<li>1961: El chofer del dictador Trujillo, Zacar\u00edas de la Cruz, ofrece su testimonio sobre los hechos ocurridos el 30 de mayo ante autoridades judiciales.<\/li>\n<li>1962: Las autoridades dominicanas posponen las elecciones generales, originalmente pautadas para el 15 de agosto, para el 20 de diciembre de 1962.<\/li>\n<li>1975: Es inaugurada la Estaci\u00f3n Sat\u00e9lite de Cambita, San Crist\u00f3bal, incorporando al pa\u00eds en la Red Mundial de Telecomunicaciones mediante el sat\u00e9lite Intersat IV, permitiendo transmisiones de voz y televisi\u00f3n.<\/li>\n<li>2006: Dirigentes del\u00a0<strong>PRD<\/strong>\u00a0crean la Corriente Unitaria, una iniciativa para seleccionar un precandidato presidencial que compita con Miguel Vargas Maldonado.<\/li>\n<li>2015: El gobierno de Hait\u00ed retira a su embajador en Rep\u00fablica Dominicana, Daniel Supplice, debido a declaraciones pol\u00e9micas sobre la aplicaci\u00f3n del Plan de Regulaci\u00f3n de Extranjeros.<\/li>\n<\/ul>\n<h2 class=\"wp-block-heading\" style=\"text-align: justify;\"><strong>Internacionales: Efem\u00e9rides del 21 de julio<\/strong><\/h2>\n<ul class=\"wp-block-list\" style=\"text-align: justify;\">\n<li>1542: El Papa Paulo III establece la Inquisici\u00f3n Romana o Universal.<\/li>\n<li>1773: El Papa Clemente XIV disuelve la Compa\u00f1\u00eda de Jes\u00fas, presionado por los monarcas de Francia, Espa\u00f1a, Portugal y N\u00e1poles.<\/li>\n<li>1846: Los mormones fundan el primer asentamiento estadounidense en California, en el Valle de San Joaqu\u00edn.<\/li>\n<li>1906: EE.UU. y M\u00e9xico promueven un acuerdo de paz entre Guatemala, El Salvador y Honduras.<\/li>\n<li>1934: En Nicaragua, es asesinado Augusto C\u00e9sar Sandino, l\u00edder revolucionario y s\u00edmbolo de resistencia antiimperialista.<\/li>\n<li>1945: B\u00e9lgica alcanza su independencia.<\/li>\n<li>1946: En Bolivia, un golpe de Estado derroca y asesina al presidente Gualberto Villarroel, quien es colgado en un farol junto a sus colaboradores.<\/li>\n<li>1954: Francia firma el tratado de Ginebra, retir\u00e1ndose de Indochina y dividiendo a Vietnam en dos.<\/li>\n<li>1960: En Sri Lanka, Sirimavo Bandaranaike asume el gobierno, convirti\u00e9ndose en la primera mujer en gobernar un pa\u00eds en la historia.<\/li>\n<li>1961: EE.UU. lanza al espacio al astronauta Virgil Grissom, en su segundo vuelo espacial tripulado.<\/li>\n<li>1965: Es asesinado el activista afroamericano Malcolm X.<\/li>\n<li>1970: Se concluye la presa de Asu\u00e1n en Egipto, tras 10 a\u00f1os de trabajo.<\/li>\n<li>1992: La ONU autoriza el env\u00edo de cascos azules a la ex Yugoslavia para misiones de paz.<\/li>\n<li>1997: En Espa\u00f1a, tres miembros de la organizaci\u00f3n terrorista ETA son condenados a 109 a\u00f1os de prisi\u00f3n por un intento de atentado contra el Rey Juan Carlos.<\/li>\n<li>2005: Tony Blair, primer ministro brit\u00e1nico, llama a la calma tras explosiones en tres estaciones del metro y un autob\u00fas en Londres.<\/li>\n<li>2007: Corea del Sur exige a los talibanes la liberaci\u00f3n de 18 misioneros cristianos secuestrados en Afganist\u00e1n.<\/li>\n<li>2008: Serbia arresta a Radovan Karadzic, acusado de genocidio y cr\u00edmenes de guerra en Bosnia, tras 13 a\u00f1os pr\u00f3fugo.<\/li>\n<li>2009: Avanza un acuerdo militar entre Colombia y EE.UU., provocando tensiones diplom\u00e1ticas con Venezuela.<\/li>\n<li>2015: Hait\u00ed retira de nuevo a su embajador en RD y se niega a ofrecer disculpas, alegando que \u201cno se le puede pedir a las v\u00edctimas que se disculpen con sus torturadores\u201d.<\/li>\n<li>Cientos de haitianos marchan en Puerto Pr\u00edncipe en apoyo a los dominicanos de ascendencia haitiana, tras la sentencia del Tribunal Constitucional dominicano.<\/li>\n<li>2016: El magnate Donald Trump acepta la candidatura presidencial del Partido Republicano con un discurso marcado por la xenofobia y el nacionalismo.<\/li>\n<li>2020: Venezuela rechaza las sanciones de EE.UU. contra Maikel Moreno, presidente del Tribunal Supremo de Justicia, acus\u00e1ndolo de falsas imputaciones.<\/li>\n<\/ul>\n<h2 class=\"wp-block-heading\" style=\"text-align: justify;\"><strong>Nacimientos: Efem\u00e9rides del 21 de julio<\/strong><\/h2>\n<div class=\"wp-block-image\" style=\"text-align: justify;\">\n<figure class=\"alignright size-full is-resized\"><img loading=\"lazy\" decoding=\"async\" class=\"wp-image-503975 entered lazyloaded\" title=\"Efem\u00e9rides del 21 de julio | 2 |\" src=\"https:\/\/cdn.deultimominuto.net\/wp-content\/uploads\/2025\/07\/Efemerides-del-21-de-julio.jpg\" sizes=\"(max-width: 800px) 100vw, 800px\" srcset=\"https:\/\/cdn.deultimominuto.net\/wp-content\/uploads\/2025\/07\/Efemerides-del-21-de-julio.jpg 800w, https:\/\/cdn.deultimominuto.net\/wp-content\/uploads\/2025\/07\/Efemerides-del-21-de-julio-314x392.jpg 314w, https:\/\/cdn.deultimominuto.net\/wp-content\/uploads\/2025\/07\/Efemerides-del-21-de-julio-768x959.jpg 768w, https:\/\/cdn.deultimominuto.net\/wp-content\/uploads\/2025\/07\/Efemerides-del-21-de-julio-77x96.jpg 77w, https:\/\/cdn.deultimominuto.net\/wp-content\/uploads\/2025\/07\/Efemerides-del-21-de-julio-154x192.jpg 154w, https:\/\/cdn.deultimominuto.net\/wp-content\/uploads\/2025\/07\/Efemerides-del-21-de-julio-150x187.jpg 150w, https:\/\/cdn.deultimominuto.net\/wp-content\/uploads\/2025\/07\/Efemerides-del-21-de-julio-300x375.jpg 300w, https:\/\/cdn.deultimominuto.net\/wp-content\/uploads\/2025\/07\/Efemerides-del-21-de-julio-696x869.jpg 696w\" alt=\"Efem\u00e9rides del 21 de julio - Noticias de hoy en Rep\u00fablica Dominicana | De \u00daltimo Minuto\" width=\"407\" height=\"508\" data-lazy-srcset=\"https:\/\/cdn.deultimominuto.net\/wp-content\/uploads\/2025\/07\/Efemerides-del-21-de-julio.jpg 800w, https:\/\/cdn.deultimominuto.net\/wp-content\/uploads\/2025\/07\/Efemerides-del-21-de-julio-314x392.jpg 314w, https:\/\/cdn.deultimominuto.net\/wp-content\/uploads\/2025\/07\/Efemerides-del-21-de-julio-768x959.jpg 768w, https:\/\/cdn.deultimominuto.net\/wp-content\/uploads\/2025\/07\/Efemerides-del-21-de-julio-77x96.jpg 77w, https:\/\/cdn.deultimominuto.net\/wp-content\/uploads\/2025\/07\/Efemerides-del-21-de-julio-154x192.jpg 154w, https:\/\/cdn.deultimominuto.net\/wp-content\/uploads\/2025\/07\/Efemerides-del-21-de-julio-150x187.jpg 150w, https:\/\/cdn.deultimominuto.net\/wp-content\/uploads\/2025\/07\/Efemerides-del-21-de-julio-300x375.jpg 300w, https:\/\/cdn.deultimominuto.net\/wp-content\/uploads\/2025\/07\/Efemerides-del-21-de-julio-696x869.jpg 696w\" data-lazy-sizes=\"(max-width: 800px) 100vw, 800px\" data-lazy-src=\"https:\/\/cdn.deultimominuto.net\/wp-content\/uploads\/2025\/07\/Efemerides-del-21-de-julio.jpg\" data-ll-status=\"loaded\" \/>\n<figcaption class=\"wp-element-caption\">Ernest Hemingway<\/figcaption>\n<\/figure>\n<\/div>\n<ul class=\"wp-block-list\" style=\"text-align: justify;\">\n<li>1899: Nace el escritor y periodista estadounidense Ernest Hemingway, figura clave de la literatura del siglo XX, ganador del Premio Nobel en 1954.<\/li>\n<\/ul>\n<h2 class=\"wp-block-heading\" style=\"text-align: justify;\"><strong>Fallecimientos: Efem\u00e9rides del 21 de julio<\/strong><\/h2>\n<div class=\"wp-block-image\" style=\"text-align: justify;\">\n<figure class=\"alignright size-full is-resized\"><img loading=\"lazy\" decoding=\"async\" class=\"wp-image-503976 entered lazyloaded\" title=\"Efem\u00e9rides del 21 de julio | 3 |\" src=\"https:\/\/cdn.deultimominuto.net\/wp-content\/uploads\/2025\/07\/Efemerides-del-21-de-julio-1.jpg\" sizes=\"(max-width: 483px) 100vw, 483px\" srcset=\"https:\/\/cdn.deultimominuto.net\/wp-content\/uploads\/2025\/07\/Efemerides-del-21-de-julio-1.jpg 483w, https:\/\/cdn.deultimominuto.net\/wp-content\/uploads\/2025\/07\/Efemerides-del-21-de-julio-1-298x392.jpg 298w, https:\/\/cdn.deultimominuto.net\/wp-content\/uploads\/2025\/07\/Efemerides-del-21-de-julio-1-73x96.jpg 73w, https:\/\/cdn.deultimominuto.net\/wp-content\/uploads\/2025\/07\/Efemerides-del-21-de-julio-1-146x192.jpg 146w, https:\/\/cdn.deultimominuto.net\/wp-content\/uploads\/2025\/07\/Efemerides-del-21-de-julio-1-150x197.jpg 150w, https:\/\/cdn.deultimominuto.net\/wp-content\/uploads\/2025\/07\/Efemerides-del-21-de-julio-1-300x394.jpg 300w\" alt=\"Efem\u00e9rides del 21 de julio - Noticias de hoy en Rep\u00fablica Dominicana | De \u00daltimo Minuto\" width=\"289\" height=\"380\" data-lazy-srcset=\"https:\/\/cdn.deultimominuto.net\/wp-content\/uploads\/2025\/07\/Efemerides-del-21-de-julio-1.jpg 483w, https:\/\/cdn.deultimominuto.net\/wp-content\/uploads\/2025\/07\/Efemerides-del-21-de-julio-1-298x392.jpg 298w, https:\/\/cdn.deultimominuto.net\/wp-content\/uploads\/2025\/07\/Efemerides-del-21-de-julio-1-73x96.jpg 73w, https:\/\/cdn.deultimominuto.net\/wp-content\/uploads\/2025\/07\/Efemerides-del-21-de-julio-1-146x192.jpg 146w, https:\/\/cdn.deultimominuto.net\/wp-content\/uploads\/2025\/07\/Efemerides-del-21-de-julio-1-150x197.jpg 150w, https:\/\/cdn.deultimominuto.net\/wp-content\/uploads\/2025\/07\/Efemerides-del-21-de-julio-1-300x394.jpg 300w\" data-lazy-sizes=\"(max-width: 483px) 100vw, 483px\" data-lazy-src=\"https:\/\/cdn.deultimominuto.net\/wp-content\/uploads\/2025\/07\/Efemerides-del-21-de-julio-1.jpg\" data-ll-status=\"loaded\" \/>\n<figcaption class=\"wp-element-caption\">Emilio Prud&#8217;Homme<\/figcaption>\n<\/figure>\n<\/div>\n<ul class=\"wp-block-list\" style=\"text-align: justify;\">\n<li>1932: Emilio Prud&#8217;Homme, abogado, poeta y educador y autor de las letras del Himno Nacional dominicano.<\/li>\n<li>1965: Es asesinado el activista afroamericano Malcolm X.<\/li>\n<li>2007: El obispo Juan F\u00e9lix Pep\u00e9n Solim\u00e1n, primer obispo de la di\u00f3cesis de La Altagracia, nombrado por el Papa Juan XXIII.<\/li>\n<\/ul>\n<\/div>\n<\/div>\n<div class=\"td_block_wrap tdb_single_tags tdi_235 td-pb-border-top td_block_template_1\" style=\"text-align: justify;\" data-td-block-uid=\"tdi_235\">\u00a0<\/div>\n\n\n<div class=\"wp-block-group\"><div class=\"wp-block-group__inner-container is-layout-constrained wp-block-group-is-layout-constrained\">\n<div id=\"DenunciayAPP\" class=\"wp-block-group\"><div class=\"wp-block-group__inner-container is-layout-constrained wp-block-group-is-layout-constrained\">\n<p><a href=\"https:\/\/whatsapp.com\/channel\/0029Va88WGP2ER6ZxD6TCa3U\" target=\"_blank\" rel=\"noopener\"><img loading=\"lazy\" decoding=\"async\" class=\"aligncenter size-full wp-image-155512\" src=\"https:\/\/infoelnuevonorte.com\/wp-content\/uploads\/2025\/10\/Canal-whatsapp-infoenn.jpeg\" alt=\"\" width=\"2046\" height=\"554\" srcset=\"https:\/\/infoelnuevonorte.com\/wp-content\/uploads\/2025\/10\/Canal-whatsapp-infoenn.jpeg 2046w, https:\/\/infoelnuevonorte.com\/wp-content\/uploads\/2025\/10\/Canal-whatsapp-infoenn-300x81.jpeg 300w, https:\/\/infoelnuevonorte.com\/wp-content\/uploads\/2025\/10\/Canal-whatsapp-infoenn-1024x277.jpeg 1024w, https:\/\/infoelnuevonorte.com\/wp-content\/uploads\/2025\/10\/Canal-whatsapp-infoenn-768x208.jpeg 768w, https:\/\/infoelnuevonorte.com\/wp-content\/uploads\/2025\/10\/Canal-whatsapp-infoenn-1536x416.jpeg 1536w, https:\/\/infoelnuevonorte.com\/wp-content\/uploads\/2025\/10\/Canal-whatsapp-infoenn-1551x420.jpeg 1551w, https:\/\/infoelnuevonorte.com\/wp-content\/uploads\/2025\/10\/Canal-whatsapp-infoenn-150x41.jpeg 150w, https:\/\/infoelnuevonorte.com\/wp-content\/uploads\/2025\/10\/Canal-whatsapp-infoenn-696x188.jpeg 696w, https:\/\/infoelnuevonorte.com\/wp-content\/uploads\/2025\/10\/Canal-whatsapp-infoenn-1068x289.jpeg 1068w, https:\/\/infoelnuevonorte.com\/wp-content\/uploads\/2025\/10\/Canal-whatsapp-infoenn-1920x520.jpeg 1920w\" sizes=\"(max-width: 2046px) 100vw, 2046px\" \/><\/a><\/p>\n<p>\ud83d\udd17 S\u00edguenos en nuestras redes:<br data-start=\"2686\" data-end=\"2689\" \/><a href=\"https:\/\/x.com\/Elnuevo_norte\">X<\/a> | <a class=\"\" href=\"https:\/\/t.me\/infoenn\" target=\"_new\" rel=\"noopener\" data-start=\"2757\" data-end=\"2789\">Telegram<\/a> | <a class=\"\" href=\"https:\/\/instagram.com\/noticiasenn1?r=nametag\" target=\"_new\" rel=\"noopener\" data-start=\"2792\" data-end=\"2849\">Instagram<\/a><br data-start=\"2849\" data-end=\"2852\" \/><a class=\"\" href=\"https:\/\/www.facebook.com\/infoenn\" target=\"_new\" rel=\"noopener\" data-start=\"2852\" data-end=\"2896\">Facebook<\/a> | <a class=\"\" href=\"https:\/\/www.threads.net\/@noticiasenn1\" target=\"_new\" rel=\"noopener\" data-start=\"2899\" data-end=\"2947\">Threads<\/a> | <a class=\"\" href=\"https:\/\/www.youtube.com\/channel\/UCZZJg_scU1p_c6cvyCHY48A\" target=\"_new\" rel=\"noopener\" data-start=\"2950\" data-end=\"3017\" data-is-last-node=\"\">YouTube<\/a><\/p>\n<p>\ud83d\ude4f \u00a1Tu apoyo es importante!<\/p>\n<p>\ud83d\udd3bDESCARGAR NUESTRA APP \"<span style=\"color: #0000ff;\"><strong>Info ENN<\/strong><\/span>\"<\/p>\n\n\n\n<div class=\"wp-block-buttons is-content-justification-left is-layout-flex wp-container-core-buttons-is-layout-1 wp-block-buttons-is-layout-flex\">\n<div class=\"wp-block-button is-style-3d\"><a class=\"wp-block-button__link has-white-background-color has-background wp-element-button\" href=\"https:\/\/apps.apple.com\/do\/app\/infoenn\/id6503000762\"><img loading=\"lazy\" decoding=\"async\" width=\"150\" height=\"50\" class=\"wp-image-104096\" style=\"width: 150px;\" src=\"https:\/\/infoelnuevonorte.com\/wp-content\/uploads\/2025\/05\/Download_on_the_App_Store_RGB_blk.svg_.png\" alt=\"\" srcset=\"https:\/\/infoelnuevonorte.com\/wp-content\/uploads\/2025\/05\/Download_on_the_App_Store_RGB_blk.svg_.png 1280w, https:\/\/infoelnuevonorte.com\/wp-content\/uploads\/2025\/05\/Download_on_the_App_Store_RGB_blk.svg_-300x100.png 300w, https:\/\/infoelnuevonorte.com\/wp-content\/uploads\/2025\/05\/Download_on_the_App_Store_RGB_blk.svg_-1024x342.png 1024w, https:\/\/infoelnuevonorte.com\/wp-content\/uploads\/2025\/05\/Download_on_the_App_Store_RGB_blk.svg_-768x257.png 768w, https:\/\/infoelnuevonorte.com\/wp-content\/uploads\/2025\/05\/Download_on_the_App_Store_RGB_blk.svg_-1256x420.png 1256w, https:\/\/infoelnuevonorte.com\/wp-content\/uploads\/2025\/05\/Download_on_the_App_Store_RGB_blk.svg_-150x50.png 150w, https:\/\/infoelnuevonorte.com\/wp-content\/uploads\/2025\/05\/Download_on_the_App_Store_RGB_blk.svg_-696x233.png 696w, https:\/\/infoelnuevonorte.com\/wp-content\/uploads\/2025\/05\/Download_on_the_App_Store_RGB_blk.svg_-1068x357.png 1068w, https:\/\/infoelnuevonorte.com\/wp-content\/uploads\/2025\/05\/Download_on_the_App_Store_RGB_blk.svg_-200x67.png 200w\" sizes=\"(max-width: 150px) 100vw, 150px\" \/><\/a><\/div>\n<\/div>\n\n\n\n<div class=\"wp-block-buttons is-layout-flex wp-block-buttons-is-layout-flex\">\n<div class=\"wp-block-button is-style-3d td_btn_large\"><a class=\"wp-block-button__link has-white-background-color has-background wp-element-button\" href=\"https:\/\/mega.nz\/file\/vRhVTJBD#6P0Os8p_y2oJgZIa__7dhjqdpW42XJ_cY3zmbyxVohM\" target=\"_blank\" rel=\"noreferrer noopener\"><mark style=\"background-color:rgba(0, 0, 0, 0)\" class=\"has-inline-color has-light-green-cyan-color\"><img loading=\"lazy\" decoding=\"async\" width=\"150\" height=\"49\" class=\"wp-image-104095\" style=\"width: 150px;\" src=\"https:\/\/infoelnuevonorte.com\/wp-content\/uploads\/2025\/05\/badge-google-play-and-app-store-button-download-free-png.webp\" alt=\"\" srcset=\"https:\/\/infoelnuevonorte.com\/wp-content\/uploads\/2025\/05\/badge-google-play-and-app-store-button-download-free-png.webp 1920w, https:\/\/infoelnuevonorte.com\/wp-content\/uploads\/2025\/05\/badge-google-play-and-app-store-button-download-free-png-300x98.webp 300w, https:\/\/infoelnuevonorte.com\/wp-content\/uploads\/2025\/05\/badge-google-play-and-app-store-button-download-free-png-1024x335.webp 1024w, https:\/\/infoelnuevonorte.com\/wp-content\/uploads\/2025\/05\/badge-google-play-and-app-store-button-download-free-png-768x252.webp 768w, https:\/\/infoelnuevonorte.com\/wp-content\/uploads\/2025\/05\/badge-google-play-and-app-store-button-download-free-png-1536x503.webp 1536w, https:\/\/infoelnuevonorte.com\/wp-content\/uploads\/2025\/05\/badge-google-play-and-app-store-button-download-free-png-1282x420.webp 1282w, https:\/\/infoelnuevonorte.com\/wp-content\/uploads\/2025\/05\/badge-google-play-and-app-store-button-download-free-png-150x49.webp 150w, https:\/\/infoelnuevonorte.com\/wp-content\/uploads\/2025\/05\/badge-google-play-and-app-store-button-download-free-png-696x228.webp 696w, https:\/\/infoelnuevonorte.com\/wp-content\/uploads\/2025\/05\/badge-google-play-and-app-store-button-download-free-png-1068x350.webp 1068w, https:\/\/infoelnuevonorte.com\/wp-content\/uploads\/2025\/05\/badge-google-play-and-app-store-button-download-free-png-200x66.webp 200w\" sizes=\"(max-width: 150px) 100vw, 150px\" \/><\/mark><\/a><\/div>\n<\/div>\n\n\n\n<p style=\"text-align: justify;\"><strong data-start=\"0\" data-end=\"18\" data-is-only-node=\"\"><a href=\"https:\/\/infoelnuevonorte.com\/\"><img loading=\"lazy\" decoding=\"async\" class=\" wp-image-159681 alignleft\" src=\"https:\/\/infoelnuevonorte.com\/wp-content\/uploads\/2025\/11\/Logo-3d-infoenn-con-fondo-blanco.jpg\" alt=\"\" width=\"240\" height=\"86\" srcset=\"https:\/\/infoelnuevonorte.com\/wp-content\/uploads\/2025\/11\/Logo-3d-infoenn-con-fondo-blanco.jpg 1696w, https:\/\/infoelnuevonorte.com\/wp-content\/uploads\/2025\/11\/Logo-3d-infoenn-con-fondo-blanco-300x108.jpg 300w, https:\/\/infoelnuevonorte.com\/wp-content\/uploads\/2025\/11\/Logo-3d-infoenn-con-fondo-blanco-1024x367.jpg 1024w, https:\/\/infoelnuevonorte.com\/wp-content\/uploads\/2025\/11\/Logo-3d-infoenn-con-fondo-blanco-768x275.jpg 768w, https:\/\/infoelnuevonorte.com\/wp-content\/uploads\/2025\/11\/Logo-3d-infoenn-con-fondo-blanco-1536x551.jpg 1536w, https:\/\/infoelnuevonorte.com\/wp-content\/uploads\/2025\/11\/Logo-3d-infoenn-con-fondo-blanco-1172x420.jpg 1172w, https:\/\/infoelnuevonorte.com\/wp-content\/uploads\/2025\/11\/Logo-3d-infoenn-con-fondo-blanco-150x54.jpg 150w, https:\/\/infoelnuevonorte.com\/wp-content\/uploads\/2025\/11\/Logo-3d-infoenn-con-fondo-blanco-696x250.jpg 696w, https:\/\/infoelnuevonorte.com\/wp-content\/uploads\/2025\/11\/Logo-3d-infoenn-con-fondo-blanco-1068x383.jpg 1068w\" sizes=\"(max-width: 240px) 100vw, 240px\" \/><\/a>El Nuevo Norte<\/strong> es un peri\u00f3dico digital dominicano fundado el <strong data-start=\"65\" data-end=\"90\">12 de febrero de 2006<\/strong> por el periodista <strong data-start=\"109\" data-end=\"129\">Junior Henr\u00edquez<\/strong>, quien funge como director y fundador. A trav\u00e9s de la web <strong data-start=\"188\" data-end=\"212\">infoelnuevonorte.com<\/strong>, el medio ofrece informaci\u00f3n veraz y oportuna sobre los acontecimientos sociales, pol\u00edticos, comunitarios y de actualidad general, tanto a nivel nacional como internacional, promoviendo un periodismo responsable, participativo y comprometido con la libre expresi\u00f3n y el fortalecimiento de la democracia informativa.<\/p>\n<\/div><\/div>\n<\/div><\/div>\n","protected":false},"excerpt":{"rendered":"<p>Santo Domingo.-\u00a0Las efem\u00e9rides del 21 de\u00a0julio, est\u00e1n marcadas por importantes acontecimientos hist\u00f3ricos y celebraciones internacionales que dejaron huella en la historia mundial. A continuaci\u00f3n, las principales efem\u00e9rides del 21 de\u00a0julio: D\u00eda Mundial del Perro.\u200b D\u00eda Mundial del Gazpacho. D\u00eda Universal del Derecho. Santoral:\u00a0 San Lorenzo de Brindisi, doctor. Nacionales: Efem\u00e9rides del 21 de julio 1845: [&hellip;]<\/p>\n","protected":false},"author":2,"featured_media":123474,"comment_status":"closed","ping_status":"open","sticky":false,"template":"","format":"standard","meta":{"footnotes":""},"categories":[743],"tags":[],"yoast_head":"<!-- This site is optimized with the Yoast SEO plugin v24.5 - https:\/\/yoast.com\/wordpress\/plugins\/seo\/ -->\n<title>Efem\u00e9rides del 21 de julio | El Nuevo Norte<\/title>\n<meta name=\"robots\" content=\"index, follow, max-snippet:-1, max-image-preview:large, max-video-preview:-1\" \/>\n<link rel=\"canonical\" href=\"https:\/\/infoelnuevonorte.com\/?p=123472\" \/>\n<meta property=\"og:locale\" content=\"es_ES\" \/>\n<meta property=\"og:type\" content=\"article\" \/>\n<meta property=\"og:title\" content=\"Efem\u00e9rides del 21 de julio | El Nuevo Norte\" \/>\n<meta property=\"og:description\" content=\"Santo Domingo.-\u00a0Las efem\u00e9rides del 21 de\u00a0julio, est\u00e1n marcadas por importantes acontecimientos hist\u00f3ricos y celebraciones internacionales que dejaron huella en la historia mundial. A continuaci\u00f3n, las principales efem\u00e9rides del 21 de\u00a0julio: D\u00eda Mundial del Perro.\u200b D\u00eda Mundial del Gazpacho. D\u00eda Universal del Derecho. Santoral:\u00a0 San Lorenzo de Brindisi, doctor. Nacionales: Efem\u00e9rides del 21 de julio 1845: [&hellip;]\" \/>\n<meta property=\"og:url\" content=\"https:\/\/infoelnuevonorte.com\/?p=123472\" \/>\n<meta property=\"og:site_name\" content=\"El Nuevo Norte\" \/>\n<meta property=\"article:publisher\" content=\"https:\/\/www.facebook.com\/infoenn\" \/>\n<meta property=\"article:published_time\" content=\"2025-07-21T12:09:03+00:00\" \/>\n<meta property=\"article:modified_time\" content=\"2025-07-21T12:09:05+00:00\" \/>\n<meta property=\"og:image\" content=\"https:\/\/infoelnuevonorte.com\/wp-content\/uploads\/2025\/07\/descarga-2025-07-21T080705.083-1024x683.png\" \/>\n\t<meta property=\"og:image:width\" content=\"1024\" \/>\n\t<meta property=\"og:image:height\" content=\"683\" \/>\n\t<meta property=\"og:image:type\" content=\"image\/png\" \/>\n<meta name=\"author\" content=\"T. R.\" \/>\n<meta name=\"twitter:card\" content=\"summary_large_image\" \/>\n<meta name=\"twitter:creator\" content=\"@Elnuevo_norte\" \/>\n<meta name=\"twitter:site\" content=\"@Elnuevo_norte\" \/>\n<meta name=\"twitter:label1\" content=\"Written by\" \/>\n\t<meta name=\"twitter:data1\" content=\"T. R.\" \/>\n\t<meta name=\"twitter:label2\" content=\"Est. reading time\" \/>\n\t<meta name=\"twitter:data2\" content=\"6 minutos\" \/>\n<script type=\"application\/ld+json\" class=\"yoast-schema-graph\">{\"@context\":\"https:\/\/schema.org\",\"@graph\":[{\"@type\":\"Article\",\"@id\":\"https:\/\/infoelnuevonorte.com\/?p=123472#article\",\"isPartOf\":{\"@id\":\"https:\/\/infoelnuevonorte.com\/?p=123472\"},\"author\":{\"name\":\"T. R.\",\"@id\":\"https:\/\/infoelnuevonorte.com\/#\/schema\/person\/3accb35eb55f55e96c492b52d085a403\"},\"headline\":\"Efem\u00e9rides del 21 de julio\",\"datePublished\":\"2025-07-21T12:09:03+00:00\",\"dateModified\":\"2025-07-21T12:09:05+00:00\",\"mainEntityOfPage\":{\"@id\":\"https:\/\/infoelnuevonorte.com\/?p=123472\"},\"wordCount\":835,\"publisher\":{\"@id\":\"https:\/\/infoelnuevonorte.com\/#organization\"},\"image\":{\"@id\":\"https:\/\/infoelnuevonorte.com\/?p=123472#primaryimage\"},\"thumbnailUrl\":\"https:\/\/infoelnuevonorte.com\/wp-content\/uploads\/2025\/07\/descarga-2025-07-21T080705.083.png\",\"articleSection\":[\"Un dia como hoy\"],\"inLanguage\":\"es-DO\"},{\"@type\":\"WebPage\",\"@id\":\"https:\/\/infoelnuevonorte.com\/?p=123472\",\"url\":\"https:\/\/infoelnuevonorte.com\/?p=123472\",\"name\":\"Efem\u00e9rides del 21 de julio | El Nuevo Norte\",\"isPartOf\":{\"@id\":\"https:\/\/infoelnuevonorte.com\/#website\"},\"primaryImageOfPage\":{\"@id\":\"https:\/\/infoelnuevonorte.com\/?p=123472#primaryimage\"},\"image\":{\"@id\":\"https:\/\/infoelnuevonorte.com\/?p=123472#primaryimage\"},\"thumbnailUrl\":\"https:\/\/infoelnuevonorte.com\/wp-content\/uploads\/2025\/07\/descarga-2025-07-21T080705.083.png\",\"datePublished\":\"2025-07-21T12:09:03+00:00\",\"dateModified\":\"2025-07-21T12:09:05+00:00\",\"breadcrumb\":{\"@id\":\"https:\/\/infoelnuevonorte.com\/?p=123472#breadcrumb\"},\"inLanguage\":\"es-DO\",\"potentialAction\":[{\"@type\":\"ReadAction\",\"target\":[\"https:\/\/infoelnuevonorte.com\/?p=123472\"]}]},{\"@type\":\"ImageObject\",\"inLanguage\":\"es-DO\",\"@id\":\"https:\/\/infoelnuevonorte.com\/?p=123472#primaryimage\",\"url\":\"https:\/\/infoelnuevonorte.com\/wp-content\/uploads\/2025\/07\/descarga-2025-07-21T080705.083.png\",\"contentUrl\":\"https:\/\/infoelnuevonorte.com\/wp-content\/uploads\/2025\/07\/descarga-2025-07-21T080705.083.png\",\"width\":1536,\"height\":1024},{\"@type\":\"BreadcrumbList\",\"@id\":\"https:\/\/infoelnuevonorte.com\/?p=123472#breadcrumb\",\"itemListElement\":[{\"@type\":\"ListItem\",\"position\":1,\"name\":\"Home\",\"item\":\"https:\/\/infoelnuevonorte.com\/\"},{\"@type\":\"ListItem\",\"position\":2,\"name\":\"Efem\u00e9rides del 21 de julio\"}]},{\"@type\":\"WebSite\",\"@id\":\"https:\/\/infoelnuevonorte.com\/#website\",\"url\":\"https:\/\/infoelnuevonorte.com\/\",\"name\":\"InfoEnn\",\"description\":\"Tu Voz, tu Verdad, tu Diario!!!\",\"publisher\":{\"@id\":\"https:\/\/infoelnuevonorte.com\/#organization\"},\"alternateName\":\"El Nuevo Norte\",\"potentialAction\":[{\"@type\":\"SearchAction\",\"target\":{\"@type\":\"EntryPoint\",\"urlTemplate\":\"https:\/\/infoelnuevonorte.com\/?s={search_term_string}\"},\"query-input\":{\"@type\":\"PropertyValueSpecification\",\"valueRequired\":true,\"valueName\":\"search_term_string\"}}],\"inLanguage\":\"es-DO\"},{\"@type\":\"Organization\",\"@id\":\"https:\/\/infoelnuevonorte.com\/#organization\",\"name\":\"Info El Nuevo Norte\",\"alternateName\":\"El Nuevo Norte\",\"url\":\"https:\/\/infoelnuevonorte.com\/\",\"logo\":{\"@type\":\"ImageObject\",\"inLanguage\":\"es-DO\",\"@id\":\"https:\/\/infoelnuevonorte.com\/#\/schema\/logo\/image\/\",\"url\":\"https:\/\/infoelnuevonorte.com\/wp-content\/uploads\/2026\/02\/Logo-Info-enn-3d-20ani.jpeg\",\"contentUrl\":\"https:\/\/infoelnuevonorte.com\/wp-content\/uploads\/2026\/02\/Logo-Info-enn-3d-20ani.jpeg\",\"width\":2046,\"height\":736,\"caption\":\"Info El Nuevo Norte\"},\"image\":{\"@id\":\"https:\/\/infoelnuevonorte.com\/#\/schema\/logo\/image\/\"},\"sameAs\":[\"https:\/\/www.facebook.com\/infoenn\",\"https:\/\/x.com\/Elnuevo_norte\",\"https:\/\/www.instagram.com\/infoenn\",\"https:\/\/www.facebook.com\/ENNRD\"]},{\"@type\":\"Person\",\"@id\":\"https:\/\/infoelnuevonorte.com\/#\/schema\/person\/3accb35eb55f55e96c492b52d085a403\",\"name\":\"T. R.\",\"image\":{\"@type\":\"ImageObject\",\"inLanguage\":\"es-DO\",\"@id\":\"https:\/\/infoelnuevonorte.com\/#\/schema\/person\/image\/\",\"url\":\"https:\/\/secure.gravatar.com\/avatar\/40543a038bda97abdb765b1662e9677d?s=96&d=robohash&r=g\",\"contentUrl\":\"https:\/\/secure.gravatar.com\/avatar\/40543a038bda97abdb765b1662e9677d?s=96&d=robohash&r=g\",\"caption\":\"T. R.\"},\"url\":\"https:\/\/infoelnuevonorte.com\/?author=2\"}]}<\/script>\n<!-- \/ Yoast SEO plugin. -->","yoast_head_json":{"title":"Efem\u00e9rides del 21 de julio | El Nuevo Norte","robots":{"index":"index","follow":"follow","max-snippet":"max-snippet:-1","max-image-preview":"max-image-preview:large","max-video-preview":"max-video-preview:-1"},"canonical":"https:\/\/infoelnuevonorte.com\/?p=123472","og_locale":"es_ES","og_type":"article","og_title":"Efem\u00e9rides del 21 de julio | El Nuevo Norte","og_description":"Santo Domingo.-\u00a0Las efem\u00e9rides del 21 de\u00a0julio, est\u00e1n marcadas por importantes acontecimientos hist\u00f3ricos y celebraciones internacionales que dejaron huella en la historia mundial. A continuaci\u00f3n, las principales efem\u00e9rides del 21 de\u00a0julio: D\u00eda Mundial del Perro.\u200b D\u00eda Mundial del Gazpacho. D\u00eda Universal del Derecho. Santoral:\u00a0 San Lorenzo de Brindisi, doctor. Nacionales: Efem\u00e9rides del 21 de julio 1845: [&hellip;]","og_url":"https:\/\/infoelnuevonorte.com\/?p=123472","og_site_name":"El Nuevo Norte","article_publisher":"https:\/\/www.facebook.com\/infoenn","article_published_time":"2025-07-21T12:09:03+00:00","article_modified_time":"2025-07-21T12:09:05+00:00","og_image":[{"width":1024,"height":683,"url":"https:\/\/infoelnuevonorte.com\/wp-content\/uploads\/2025\/07\/descarga-2025-07-21T080705.083-1024x683.png","type":"image\/png"}],"author":"T. R.","twitter_card":"summary_large_image","twitter_creator":"@Elnuevo_norte","twitter_site":"@Elnuevo_norte","twitter_misc":{"Written by":"T. R.","Est. reading time":"6 minutos"},"schema":{"@context":"https:\/\/schema.org","@graph":[{"@type":"Article","@id":"https:\/\/infoelnuevonorte.com\/?p=123472#article","isPartOf":{"@id":"https:\/\/infoelnuevonorte.com\/?p=123472"},"author":{"name":"T. R.","@id":"https:\/\/infoelnuevonorte.com\/#\/schema\/person\/3accb35eb55f55e96c492b52d085a403"},"headline":"Efem\u00e9rides del 21 de julio","datePublished":"2025-07-21T12:09:03+00:00","dateModified":"2025-07-21T12:09:05+00:00","mainEntityOfPage":{"@id":"https:\/\/infoelnuevonorte.com\/?p=123472"},"wordCount":835,"publisher":{"@id":"https:\/\/infoelnuevonorte.com\/#organization"},"image":{"@id":"https:\/\/infoelnuevonorte.com\/?p=123472#primaryimage"},"thumbnailUrl":"https:\/\/infoelnuevonorte.com\/wp-content\/uploads\/2025\/07\/descarga-2025-07-21T080705.083.png","articleSection":["Un dia como hoy"],"inLanguage":"es-DO"},{"@type":"WebPage","@id":"https:\/\/infoelnuevonorte.com\/?p=123472","url":"https:\/\/infoelnuevonorte.com\/?p=123472","name":"Efem\u00e9rides del 21 de julio | El Nuevo Norte","isPartOf":{"@id":"https:\/\/infoelnuevonorte.com\/#website"},"primaryImageOfPage":{"@id":"https:\/\/infoelnuevonorte.com\/?p=123472#primaryimage"},"image":{"@id":"https:\/\/infoelnuevonorte.com\/?p=123472#primaryimage"},"thumbnailUrl":"https:\/\/infoelnuevonorte.com\/wp-content\/uploads\/2025\/07\/descarga-2025-07-21T080705.083.png","datePublished":"2025-07-21T12:09:03+00:00","dateModified":"2025-07-21T12:09:05+00:00","breadcrumb":{"@id":"https:\/\/infoelnuevonorte.com\/?p=123472#breadcrumb"},"inLanguage":"es-DO","potentialAction":[{"@type":"ReadAction","target":["https:\/\/infoelnuevonorte.com\/?p=123472"]}]},{"@type":"ImageObject","inLanguage":"es-DO","@id":"https:\/\/infoelnuevonorte.com\/?p=123472#primaryimage","url":"https:\/\/infoelnuevonorte.com\/wp-content\/uploads\/2025\/07\/descarga-2025-07-21T080705.083.png","contentUrl":"https:\/\/infoelnuevonorte.com\/wp-content\/uploads\/2025\/07\/descarga-2025-07-21T080705.083.png","width":1536,"height":1024},{"@type":"BreadcrumbList","@id":"https:\/\/infoelnuevonorte.com\/?p=123472#breadcrumb","itemListElement":[{"@type":"ListItem","position":1,"name":"Home","item":"https:\/\/infoelnuevonorte.com\/"},{"@type":"ListItem","position":2,"name":"Efem\u00e9rides del 21 de julio"}]},{"@type":"WebSite","@id":"https:\/\/infoelnuevonorte.com\/#website","url":"https:\/\/infoelnuevonorte.com\/","name":"InfoEnn","description":"Tu Voz, tu Verdad, tu Diario!!!","publisher":{"@id":"https:\/\/infoelnuevonorte.com\/#organization"},"alternateName":"El Nuevo Norte","potentialAction":[{"@type":"SearchAction","target":{"@type":"EntryPoint","urlTemplate":"https:\/\/infoelnuevonorte.com\/?s={search_term_string}"},"query-input":{"@type":"PropertyValueSpecification","valueRequired":true,"valueName":"search_term_string"}}],"inLanguage":"es-DO"},{"@type":"Organization","@id":"https:\/\/infoelnuevonorte.com\/#organization","name":"Info El Nuevo Norte","alternateName":"El Nuevo Norte","url":"https:\/\/infoelnuevonorte.com\/","logo":{"@type":"ImageObject","inLanguage":"es-DO","@id":"https:\/\/infoelnuevonorte.com\/#\/schema\/logo\/image\/","url":"https:\/\/infoelnuevonorte.com\/wp-content\/uploads\/2026\/02\/Logo-Info-enn-3d-20ani.jpeg","contentUrl":"https:\/\/infoelnuevonorte.com\/wp-content\/uploads\/2026\/02\/Logo-Info-enn-3d-20ani.jpeg","width":2046,"height":736,"caption":"Info El Nuevo Norte"},"image":{"@id":"https:\/\/infoelnuevonorte.com\/#\/schema\/logo\/image\/"},"sameAs":["https:\/\/www.facebook.com\/infoenn","https:\/\/x.com\/Elnuevo_norte","https:\/\/www.instagram.com\/infoenn","https:\/\/www.facebook.com\/ENNRD"]},{"@type":"Person","@id":"https:\/\/infoelnuevonorte.com\/#\/schema\/person\/3accb35eb55f55e96c492b52d085a403","name":"T. R.","image":{"@type":"ImageObject","inLanguage":"es-DO","@id":"https:\/\/infoelnuevonorte.com\/#\/schema\/person\/image\/","url":"https:\/\/secure.gravatar.com\/avatar\/40543a038bda97abdb765b1662e9677d?s=96&d=robohash&r=g","contentUrl":"https:\/\/secure.gravatar.com\/avatar\/40543a038bda97abdb765b1662e9677d?s=96&d=robohash&r=g","caption":"T. R."},"url":"https:\/\/infoelnuevonorte.com\/?author=2"}]}},"_links":{"self":[{"href":"https:\/\/infoelnuevonorte.com\/index.php?rest_route=\/wp\/v2\/posts\/123472"}],"collection":[{"href":"https:\/\/infoelnuevonorte.com\/index.php?rest_route=\/wp\/v2\/posts"}],"about":[{"href":"https:\/\/infoelnuevonorte.com\/index.php?rest_route=\/wp\/v2\/types\/post"}],"author":[{"embeddable":true,"href":"https:\/\/infoelnuevonorte.com\/index.php?rest_route=\/wp\/v2\/users\/2"}],"replies":[{"embeddable":true,"href":"https:\/\/infoelnuevonorte.com\/index.php?rest_route=%2Fwp%2Fv2%2Fcomments&post=123472"}],"version-history":[{"count":1,"href":"https:\/\/infoelnuevonorte.com\/index.php?rest_route=\/wp\/v2\/posts\/123472\/revisions"}],"predecessor-version":[{"id":123475,"href":"https:\/\/infoelnuevonorte.com\/index.php?rest_route=\/wp\/v2\/posts\/123472\/revisions\/123475"}],"wp:featuredmedia":[{"embeddable":true,"href":"https:\/\/infoelnuevonorte.com\/index.php?rest_route=\/wp\/v2\/media\/123474"}],"wp:attachment":[{"href":"https:\/\/infoelnuevonorte.com\/index.php?rest_route=%2Fwp%2Fv2%2Fmedia&parent=123472"}],"wp:term":[{"taxonomy":"category","embeddable":true,"href":"https:\/\/infoelnuevonorte.com\/index.php?rest_route=%2Fwp%2Fv2%2Fcategories&post=123472"},{"taxonomy":"post_tag","embeddable":true,"href":"https:\/\/infoelnuevonorte.com\/index.php?rest_route=%2Fwp%2Fv2%2Ftags&post=123472"}],"curies":[{"name":"wp","href":"https:\/\/api.w.org\/{rel}","templated":true}]}}