{"id":127194,"date":"2025-07-31T06:19:45","date_gmt":"2025-07-31T10:19:45","guid":{"rendered":"https:\/\/infoelnuevonorte.com\/?p=127194"},"modified":"2025-07-31T06:19:47","modified_gmt":"2025-07-31T10:19:47","slug":"remodelan-mas-de-140-casas-en-la-ciudad-colonial-para-preservar-la-vida-comunitaria","status":"publish","type":"post","link":"https:\/\/infoelnuevonorte.com\/?p=127194","title":{"rendered":"Remodelan m\u00e1s de 140 casas en la Ciudad Colonial para preservar la vida comunitaria"},"content":{"rendered":"<p style=\"text-align: justify;\">La calle Las Mercedes fue habilitada hoy, luego de un proceso de remozamiento que llevaba m\u00e1s de un a\u00f1o junto al parque Duarte y otras 11 calles de la Zona Colonial, las cuales forman parte del Programa de remozamiento de ese destino que realizan el Banco Interamericano de Desarrollo (BID) y el Ministerio de Turismo.<\/p>\n<p style=\"text-align: justify;\">Previo a la apertura, los propietarios de viviendas en la zona y visitantes desafiaron el intenso calor y dejaron salir la dominicanidad al ritmo de un vibrante merengue que contagiaba a los presentes en la inauguraci\u00f3n del remozado Parque Duarte y la calle Las Mercedes, el cual tuvo una inversi\u00f3n de 90 millones de d\u00f3lares.<\/p>\n<p style=\"text-align: justify;\">De acuerdo al ministro de Turismo, David Collado, esta apertura representa un avance del programa que busca mejorar la infraestructura f\u00edsica de la hist\u00f3rica zona y elevar la calidad de vida de los residentes.<\/p>\n<p style=\"text-align: justify;\">Adem\u00e1s, dijo que esa apertura ayuda a mejorar la movilidad de la zona, ya que Las Mercedes es una de las principales arterias de esa localidad.<\/p>\n<div style=\"text-align: justify;\">\n<figure><img loading=\"lazy\" decoding=\"async\" class=\"moz-reader-block-img\" src=\"https:\/\/eldia.com.do\/wp-content\/uploads\/2025\/07\/Collado-2.webp\" alt=\"- El ministro de Turismo, David Collado, inaugur\u00f3 este mi\u00e9rcoles el remozado parque Juan Pablo Duarte\" width=\"800\" height=\"1200\" data-src=\"https:\/\/eldia.com.do\/wp-content\/uploads\/2025\/07\/Collado-2.webp\" data-srcset=\"https:\/\/eldia.com.do\/wp-content\/uploads\/2025\/07\/Collado-2.webp 800w, https:\/\/eldia.com.do\/wp-content\/uploads\/2025\/07\/Collado-2-200x300.webp 200w, https:\/\/eldia.com.do\/wp-content\/uploads\/2025\/07\/Collado-2-683x1024.webp 683w, https:\/\/eldia.com.do\/wp-content\/uploads\/2025\/07\/Collado-2-768x1152.webp 768w, https:\/\/eldia.com.do\/wp-content\/uploads\/2025\/07\/Collado-2-150x225.webp 150w, https:\/\/eldia.com.do\/wp-content\/uploads\/2025\/07\/Collado-2-300x450.webp 300w, https:\/\/eldia.com.do\/wp-content\/uploads\/2025\/07\/Collado-2-600x900.webp 600w\" \/><\/figure>\n<\/div>\n<p style=\"text-align: justify;\">El ministro de Turismo, David Collado, inaugur\u00f3 este mi\u00e9rcoles el remozado parque Juan Pablo Duarte<\/p>\n<p style=\"text-align: justify;\">Se\u00f1al\u00f3 que est\u00e1n enfocados en que se agilicen los trabajos, ya que esos trabajos impactan a la actividad productiva y econom\u00eda de la zona.<\/p>\n<p style=\"text-align: justify;\">En ese sentido, paso balance de las calles ya en funcionamiento y cit\u00f3 la Calle Billini hasta la Noel, la Calle Duarte tramo Billini -Noel y la Calle19 de marzo tramo Billini Noel, y La Hostos.<\/p>\n<p style=\"text-align: justify;\">Dijo que esos trabajo dar\u00e1n m\u00e1s valor a ese patrimonio cultural y elevar\u00e1 aun m\u00e1s el costo de esas propiedades.<\/p>\n<p style=\"text-align: justify;\">Detall\u00f3 que el metro cuadrado m\u00e1s caro de toda la capital se encuentra actualmente en Ciudad Colonial, con precios que rondan los 5 mil d\u00f3lares. A pesar de esta valorizaci\u00f3n, asegur\u00f3 que el objetivo del Gobierno es evitar el desplazamiento de los residentes tradicionales y preservar la vida comunitaria de la zona.<\/p>\n<p style=\"text-align: justify;\">Se\u00f1al\u00f3 que esa intervenci\u00f3n busca que los residentes no vendan sus propiedades como ha sucedido en otras ciudades. Puso como ejemplo la Cartagena de Indias, una ciudad vac\u00eda de noche. \u00abQueremos una ciudad vivible, habitable\u201d, expres\u00f3 Collado al presentar los avances del programa de remozamiento que ejecuta su cartera en la Ciudad Colonial.<\/p>\n<p style=\"text-align: justify;\">Destac\u00f3 que se est\u00e1n interviniendo 140 viviendas en condiciones vulnerables. \u201cEs el programa m\u00e1s hermoso. Cuando fui hace unos fines de semana y vi casas donde viven personas de 75 y 80 a\u00f1os desde hace m\u00e1s de 30 a\u00f1os, y donde entra m\u00e1s agua dentro que fuera cuando llueve, comprend\u00ed el impacto del proyecto\u201d.<\/p>\n<p style=\"text-align: justify;\">Adem\u00e1s, se refiri\u00f3 a iniciativas como \u201cPinta tu Casa\u201d y al programa de remozamiento de fachadas, que ya ha embellecido estructuras emblem\u00e1ticas como la iglesia de Las Mercedes, la Regina, San Miguel, el y las casas de Col\u00f3n, estas \u00faltimas intervenidas por primera vez en m\u00e1s de 50 a\u00f1os, con una inversi\u00f3n de RD$80 millones.<\/p>\n<div style=\"text-align: justify;\">\n<figure><img loading=\"lazy\" decoding=\"async\" class=\"moz-reader-block-img\" src=\"https:\/\/eldia.com.do\/wp-content\/uploads\/2025\/07\/Calle-Las-Mercedes.webp\" alt=\"Esas obras son parte del programa de restauraci\u00f3n de la hist\u00f3rica Ciudad Colonial que ejecutan el MITUR y el BID.\" width=\"800\" height=\"533\" data-src=\"https:\/\/eldia.com.do\/wp-content\/uploads\/2025\/07\/Calle-Las-Mercedes.webp\" data-srcset=\"https:\/\/eldia.com.do\/wp-content\/uploads\/2025\/07\/Calle-Las-Mercedes.webp 800w, https:\/\/eldia.com.do\/wp-content\/uploads\/2025\/07\/Calle-Las-Mercedes-300x200.webp 300w, https:\/\/eldia.com.do\/wp-content\/uploads\/2025\/07\/Calle-Las-Mercedes-768x512.webp 768w, https:\/\/eldia.com.do\/wp-content\/uploads\/2025\/07\/Calle-Las-Mercedes-150x100.webp 150w, https:\/\/eldia.com.do\/wp-content\/uploads\/2025\/07\/Calle-Las-Mercedes-600x400.webp 600w\" \/><\/figure>\n<\/div>\n<p style=\"text-align: justify;\">Esas obras son parte del programa de restauraci\u00f3n de la hist\u00f3rica Ciudad Colonial que ejecutan el MITUR y el BID.<\/p>\n<h2 style=\"text-align: justify;\">Plan asistencia a comerciantes de la Zona Colonial<\/h2>\n<p style=\"text-align: justify;\">Sobre el proyecto, <strong>Amin Abel, coordinador del plan de mejoramiento de la Zona Colonial del BID<\/strong>, expres\u00f3 que la inauguraci\u00f3n del parque Duarte, uno de los m\u00e1s emblem\u00e1ticos de la <strong>Ciudad Colonial, <\/strong>demuestra que el Programa de Ciudad Colonial no es solamente un proyecto de calles, sino una iniciativa que se enfoca en rescatar <strong>espacios emblem\u00e1ticos<\/strong>, espacios ciudadanos y de uso continuo tanto para residentes como para turistas.<\/p>\n<div style=\"text-align: justify;\">\n<div>\n<figure><img loading=\"lazy\" decoding=\"async\" class=\"moz-reader-block-img\" src=\"https:\/\/eldia.com.do\/wp-content\/uploads\/2025\/07\/Representante-del-BID.webp\" alt=\"Amin Abel, coordinador del plan de mejoramiento de la Zona Colonial del BID\" width=\"808\" height=\"538\" data-src=\"https:\/\/eldia.com.do\/wp-content\/uploads\/2025\/07\/Representante-del-BID.webp\" data-srcset=\"https:\/\/eldia.com.do\/wp-content\/uploads\/2025\/07\/Representante-del-BID.webp 808w, https:\/\/eldia.com.do\/wp-content\/uploads\/2025\/07\/Representante-del-BID-300x200.webp 300w, https:\/\/eldia.com.do\/wp-content\/uploads\/2025\/07\/Representante-del-BID-768x511.webp 768w, https:\/\/eldia.com.do\/wp-content\/uploads\/2025\/07\/Representante-del-BID-150x100.webp 150w, https:\/\/eldia.com.do\/wp-content\/uploads\/2025\/07\/Representante-del-BID-600x400.webp 600w\" \/><\/figure>\n<\/div>\n<p>Reiter\u00f3 que el Programa de Ciudad Colonial contempla m\u00e1s de 28 proyectos y cuenta con un equipo de m\u00e1s de 30 personas trabajando no solo en infraestructura, sino tambi\u00e9n en iniciativas que promueven las econom\u00edas locales, el fortalecimiento de los residentes y la mejora integral de la habitabilidad en esta zona.<\/p>\n<\/div>\n<p style=\"text-align: justify;\">Puso como ejemplo el proyecto ya iniciado de rescate de <strong>150 viviendas<\/strong> en la zona norte de la Ciudad Colonial, \u00e1rea donde residen los habitantes tradicionales del sector. \u00abCon esto, estamos contribuyendo a evitar el proceso de gentrificaci\u00f3n o el desplazamiento de las poblaciones originarias por otras de mayores recursos, y a crear un ambiente de dignidad para los residentes\u00bb, resalt\u00f3 .<\/p>\n<p style=\"text-align: justify;\">El residente de la Ciudad Colonial no solo habita sus viviendas, sino que tambi\u00e9n hace un uso intensivo de los espacios p\u00fablicos y los parques tradicionales. Por eso, vamos a continuar trabajando en la dignificaci\u00f3n de estos espacios.<\/p>\n<p style=\"text-align: justify;\">De igual manera, queremos agradecer a los <strong>comerciantes<\/strong> por la paciencia que han tenido frente al impacto de estas obras. Tambi\u00e9n estamos trabajando con ellos, atendiendo a sus reclamos y siguiendo la directriz del ministro de Turismo, en un proyecto de promoci\u00f3n de estas econom\u00edas.<\/p>\n<p style=\"text-align: justify;\">Este incluye fondos para el mejoramiento de sus locales y capacitaci\u00f3n, con el fin de que puedan desarrollar procesos comerciales m\u00e1s efectivos y adaptados a la din\u00e1mica econ\u00f3mica de la Ciudad Colonial.<\/p>\n<h2 style=\"text-align: justify;\">Impacto social<\/h2>\n<p style=\"text-align: justify;\">El presidente del Cl\u00faster Tur\u00edstico de Santo Domingo, Juan Manuel Mart\u00edn de Oliva, elogi\u00f3 el impacto positivo de los proyectos en desarrollo en la Ciudad Colonial y expres\u00f3 su gratitud en nombre del sector privado.<\/p>\n<p style=\"text-align: justify;\">En representaci\u00f3n del Banco Popular, se\u00f1al\u00f3 que la Ciudad Colonial muestra un crecimiento tangible, con aumento de negocios, mayor facturaci\u00f3n y nuevas inversiones por parte de emprendedores.<\/p>\n<p style=\"text-align: justify;\">Como presidente del Cl\u00faster, valor\u00f3 el proyecto de adecuaci\u00f3n de viviendas particulares al entorno urbano renovado, consider\u00e1ndolo un gesto de sensibilidad humana que busca mejorar las condiciones de vida de los residentes.<\/p>\n<div style=\"text-align: justify;\">\n<figure><img loading=\"lazy\" decoding=\"async\" class=\"moz-reader-block-img\" src=\"https:\/\/eldia.com.do\/wp-content\/uploads\/2025\/07\/Parque-Duarte-1.webp\" alt=\"Las obras forman parte del programa Integral de Desarrollo Tur\u00edstico y Urbano Ciudad Colonial que ejecuta el ministerio de Turismo y el Banco Interamericano de Desarrollo (BID\" width=\"800\" height=\"533\" data-src=\"https:\/\/eldia.com.do\/wp-content\/uploads\/2025\/07\/Parque-Duarte-1.webp\" data-srcset=\"https:\/\/eldia.com.do\/wp-content\/uploads\/2025\/07\/Parque-Duarte-1.webp 800w, https:\/\/eldia.com.do\/wp-content\/uploads\/2025\/07\/Parque-Duarte-1-300x200.webp 300w, https:\/\/eldia.com.do\/wp-content\/uploads\/2025\/07\/Parque-Duarte-1-768x512.webp 768w, https:\/\/eldia.com.do\/wp-content\/uploads\/2025\/07\/Parque-Duarte-1-150x100.webp 150w, https:\/\/eldia.com.do\/wp-content\/uploads\/2025\/07\/Parque-Duarte-1-600x400.webp 600w\" \/><\/figure>\n<\/div>\n<p style=\"text-align: justify;\">Las obras forman parte del programa Integral de Desarrollo Tur\u00edstico y Urbano Ciudad Colonial que ejecuta el ministerio de Turismo y el Banco Interamericano de Desarrollo (BID. Alexis Monegro.<\/p>\n<p style=\"text-align: justify;\">De su lado, Ram\u00f3n Gardon, presidente de la junta de vecinos de la Plaza Juan Pablo Duarte, destac\u00f3 los avances en las obras de remozamiento que se ejecutan en Ciudad Colonial, al tiempo que hizo un llamado a la comprensi\u00f3n y colaboraci\u00f3n de los residentes, comerciantes y visitantes.<\/p>\n<p style=\"text-align: justify;\">Afirm\u00f3 que han estado atentos a los trabajos realizados en la zona y record\u00f3 a la comunidad que las mejoras requieren tiempo y paciencia.<\/p>\n<p style=\"text-align: justify;\">\u201cNo pedimos que comprendan los trabajos, pero s\u00ed que entiendan que son procesos. Para lograr una mejora, es necesario pasar por etapas que, en ocasiones, resultan complicadas o estresantes. Sin embargo, al final, el resultado compensa esas molestias\u201d, expres\u00f3.<\/p>\n<h2 style=\"text-align: justify;\">Valoraci\u00f3n de la comunidad<\/h2>\n<p style=\"text-align: justify;\">De su lado, Antonia Benoit, residente en la Ciudad Colonial, expres\u00f3 a pesar de las incomodidades propias de la construcci\u00f3n, asegur\u00f3 que la reestructuraci\u00f3n \u201cvali\u00f3 la pena\u201d.<\/p>\n<p style=\"text-align: justify;\">Benoit destac\u00f3 que a\u00fan faltan detalles por completar. \u201cEsto mismo no est\u00e1 casi terminado, falta. Me falta Duarte. Duarte hay que limpiarlo. reclam\u00f3, al instar al Instituto de Duartiano acudir a limpiar el \u00e1rea.<\/p>\n<div style=\"text-align: justify;\">\n<figure><img loading=\"lazy\" decoding=\"async\" class=\"moz-reader-block-img\" src=\"https:\/\/eldia.com.do\/wp-content\/uploads\/2025\/07\/Duarte-11-683x1024.webp\" alt=\"\" width=\"683\" height=\"1024\" data-src=\"https:\/\/eldia.com.do\/wp-content\/uploads\/2025\/07\/Duarte-11-683x1024.webp\" data-srcset=\"https:\/\/eldia.com.do\/wp-content\/uploads\/2025\/07\/Duarte-11-683x1024.webp 683w, https:\/\/eldia.com.do\/wp-content\/uploads\/2025\/07\/Duarte-11-200x300.webp 200w, https:\/\/eldia.com.do\/wp-content\/uploads\/2025\/07\/Duarte-11-768x1152.webp 768w, https:\/\/eldia.com.do\/wp-content\/uploads\/2025\/07\/Duarte-11-150x225.webp 150w, https:\/\/eldia.com.do\/wp-content\/uploads\/2025\/07\/Duarte-11-300x450.webp 300w, https:\/\/eldia.com.do\/wp-content\/uploads\/2025\/07\/Duarte-11-600x900.webp 600w, https:\/\/eldia.com.do\/wp-content\/uploads\/2025\/07\/Duarte-11.webp 800w\" \/><\/figure>\n<\/div>\n<p style=\"text-align: justify;\">De su lado, Gladys Castillo de Cruz y Jos\u00e9 Fernando Cruz Pineda, residentes de la Ciudad Colonial, expresaron su satisfacci\u00f3n con los trabajos de remozamiento que se ejecutan en la zona, al tiempo que hicieron un llamado a las autoridades y a la comunidad a cuidar y valorar el esfuerzo realizado.<\/p>\n<p style=\"text-align: justify;\">\u201cLo que m\u00e1s esperamos es que el municipio sepa cuidar y sepa darle valor al esfuerzo que se ha hecho, porque ha sido un esfuerzo de las autoridades y de los moradores de aqu\u00ed de aceptar este trabajo y de ver d\u00eda a d\u00eda c\u00f3mo se trabaja\u201d, se\u00f1alaron.<\/p>\n<p style=\"text-align: justify;\">Ambos enfatizaron la necesidad de promover una educaci\u00f3n ciudadana que impulse el cuidado de los espacios p\u00fablicos.<\/p>\n<p style=\"text-align: justify;\">\u201cEl dominicano realmente no cuida. Nosotros estuvimos hace poco en Espa\u00f1a y vimos c\u00f3mo cuidan y el orgullo que tiene que sentir el espa\u00f1ol realmente de su ciudad colonial. Pues as\u00ed nosotros debemos cuidar tambi\u00e9n\u201d.<\/p>\n<p style=\"text-align: justify;\">Afirmaron que esa cultura de cuidado debe inculcarse desde la ni\u00f1ez. \u201cNo podemos seguir siempre destruyendo lo que tanto nos cuesta, porque as\u00ed como le cuesta a las autoridades, le cuesta tambi\u00e9n al transe\u00fante y a los residentes, sobre todo de la zona.\u201d<\/p>\n\n\n<div class=\"wp-block-group\"><div class=\"wp-block-group__inner-container is-layout-constrained wp-block-group-is-layout-constrained\">\n<div id=\"DenunciayAPP\" class=\"wp-block-group\"><div class=\"wp-block-group__inner-container is-layout-constrained wp-block-group-is-layout-constrained\">\n<p><a href=\"https:\/\/whatsapp.com\/channel\/0029Va88WGP2ER6ZxD6TCa3U\" target=\"_blank\" rel=\"noopener\"><img loading=\"lazy\" decoding=\"async\" class=\"aligncenter size-full wp-image-155512\" src=\"https:\/\/infoelnuevonorte.com\/wp-content\/uploads\/2025\/10\/Canal-whatsapp-infoenn.jpeg\" alt=\"\" width=\"2046\" height=\"554\" srcset=\"https:\/\/infoelnuevonorte.com\/wp-content\/uploads\/2025\/10\/Canal-whatsapp-infoenn.jpeg 2046w, https:\/\/infoelnuevonorte.com\/wp-content\/uploads\/2025\/10\/Canal-whatsapp-infoenn-300x81.jpeg 300w, https:\/\/infoelnuevonorte.com\/wp-content\/uploads\/2025\/10\/Canal-whatsapp-infoenn-1024x277.jpeg 1024w, https:\/\/infoelnuevonorte.com\/wp-content\/uploads\/2025\/10\/Canal-whatsapp-infoenn-768x208.jpeg 768w, https:\/\/infoelnuevonorte.com\/wp-content\/uploads\/2025\/10\/Canal-whatsapp-infoenn-1536x416.jpeg 1536w, https:\/\/infoelnuevonorte.com\/wp-content\/uploads\/2025\/10\/Canal-whatsapp-infoenn-1551x420.jpeg 1551w, https:\/\/infoelnuevonorte.com\/wp-content\/uploads\/2025\/10\/Canal-whatsapp-infoenn-150x41.jpeg 150w, https:\/\/infoelnuevonorte.com\/wp-content\/uploads\/2025\/10\/Canal-whatsapp-infoenn-696x188.jpeg 696w, https:\/\/infoelnuevonorte.com\/wp-content\/uploads\/2025\/10\/Canal-whatsapp-infoenn-1068x289.jpeg 1068w, https:\/\/infoelnuevonorte.com\/wp-content\/uploads\/2025\/10\/Canal-whatsapp-infoenn-1920x520.jpeg 1920w\" sizes=\"(max-width: 2046px) 100vw, 2046px\" \/><\/a><\/p>\n<p>\ud83d\udd17 S\u00edguenos en nuestras redes:<br data-start=\"2686\" data-end=\"2689\" \/><a href=\"https:\/\/x.com\/Elnuevo_norte\">X<\/a> | <a class=\"\" href=\"https:\/\/t.me\/infoenn\" target=\"_new\" rel=\"noopener\" data-start=\"2757\" data-end=\"2789\">Telegram<\/a> | <a class=\"\" href=\"https:\/\/instagram.com\/noticiasenn1?r=nametag\" target=\"_new\" rel=\"noopener\" data-start=\"2792\" data-end=\"2849\">Instagram<\/a><br data-start=\"2849\" data-end=\"2852\" \/><a class=\"\" href=\"https:\/\/www.facebook.com\/infoenn\" target=\"_new\" rel=\"noopener\" data-start=\"2852\" data-end=\"2896\">Facebook<\/a> | <a class=\"\" href=\"https:\/\/www.threads.net\/@noticiasenn1\" target=\"_new\" rel=\"noopener\" data-start=\"2899\" data-end=\"2947\">Threads<\/a> | <a class=\"\" href=\"https:\/\/www.youtube.com\/channel\/UCZZJg_scU1p_c6cvyCHY48A\" target=\"_new\" rel=\"noopener\" data-start=\"2950\" data-end=\"3017\" data-is-last-node=\"\">YouTube<\/a><\/p>\n<p>\ud83d\ude4f \u00a1Tu apoyo es importante!<\/p>\n<p>\ud83d\udd3bDESCARGAR NUESTRA APP \"<span style=\"color: #0000ff;\"><strong>Info ENN<\/strong><\/span>\"<\/p>\n\n\n\n<div class=\"wp-block-buttons is-content-justification-left is-layout-flex wp-container-core-buttons-is-layout-1 wp-block-buttons-is-layout-flex\">\n<div class=\"wp-block-button is-style-3d\"><a class=\"wp-block-button__link has-white-background-color has-background wp-element-button\" href=\"https:\/\/apps.apple.com\/do\/app\/infoenn\/id6503000762\"><img loading=\"lazy\" decoding=\"async\" width=\"150\" height=\"50\" class=\"wp-image-104096\" style=\"width: 150px;\" src=\"https:\/\/infoelnuevonorte.com\/wp-content\/uploads\/2025\/05\/Download_on_the_App_Store_RGB_blk.svg_.png\" alt=\"\" srcset=\"https:\/\/infoelnuevonorte.com\/wp-content\/uploads\/2025\/05\/Download_on_the_App_Store_RGB_blk.svg_.png 1280w, https:\/\/infoelnuevonorte.com\/wp-content\/uploads\/2025\/05\/Download_on_the_App_Store_RGB_blk.svg_-300x100.png 300w, https:\/\/infoelnuevonorte.com\/wp-content\/uploads\/2025\/05\/Download_on_the_App_Store_RGB_blk.svg_-1024x342.png 1024w, https:\/\/infoelnuevonorte.com\/wp-content\/uploads\/2025\/05\/Download_on_the_App_Store_RGB_blk.svg_-768x257.png 768w, https:\/\/infoelnuevonorte.com\/wp-content\/uploads\/2025\/05\/Download_on_the_App_Store_RGB_blk.svg_-1256x420.png 1256w, https:\/\/infoelnuevonorte.com\/wp-content\/uploads\/2025\/05\/Download_on_the_App_Store_RGB_blk.svg_-150x50.png 150w, https:\/\/infoelnuevonorte.com\/wp-content\/uploads\/2025\/05\/Download_on_the_App_Store_RGB_blk.svg_-696x233.png 696w, https:\/\/infoelnuevonorte.com\/wp-content\/uploads\/2025\/05\/Download_on_the_App_Store_RGB_blk.svg_-1068x357.png 1068w, https:\/\/infoelnuevonorte.com\/wp-content\/uploads\/2025\/05\/Download_on_the_App_Store_RGB_blk.svg_-200x67.png 200w\" sizes=\"(max-width: 150px) 100vw, 150px\" \/><\/a><\/div>\n<\/div>\n\n\n\n<div class=\"wp-block-buttons is-layout-flex wp-block-buttons-is-layout-flex\">\n<div class=\"wp-block-button is-style-3d td_btn_large\"><a class=\"wp-block-button__link has-white-background-color has-background wp-element-button\" href=\"https:\/\/mega.nz\/file\/vRhVTJBD#6P0Os8p_y2oJgZIa__7dhjqdpW42XJ_cY3zmbyxVohM\" target=\"_blank\" rel=\"noreferrer noopener\"><mark style=\"background-color:rgba(0, 0, 0, 0)\" class=\"has-inline-color has-light-green-cyan-color\"><img loading=\"lazy\" decoding=\"async\" width=\"150\" height=\"49\" class=\"wp-image-104095\" style=\"width: 150px;\" src=\"https:\/\/infoelnuevonorte.com\/wp-content\/uploads\/2025\/05\/badge-google-play-and-app-store-button-download-free-png.webp\" alt=\"\" srcset=\"https:\/\/infoelnuevonorte.com\/wp-content\/uploads\/2025\/05\/badge-google-play-and-app-store-button-download-free-png.webp 1920w, https:\/\/infoelnuevonorte.com\/wp-content\/uploads\/2025\/05\/badge-google-play-and-app-store-button-download-free-png-300x98.webp 300w, https:\/\/infoelnuevonorte.com\/wp-content\/uploads\/2025\/05\/badge-google-play-and-app-store-button-download-free-png-1024x335.webp 1024w, https:\/\/infoelnuevonorte.com\/wp-content\/uploads\/2025\/05\/badge-google-play-and-app-store-button-download-free-png-768x252.webp 768w, https:\/\/infoelnuevonorte.com\/wp-content\/uploads\/2025\/05\/badge-google-play-and-app-store-button-download-free-png-1536x503.webp 1536w, https:\/\/infoelnuevonorte.com\/wp-content\/uploads\/2025\/05\/badge-google-play-and-app-store-button-download-free-png-1282x420.webp 1282w, https:\/\/infoelnuevonorte.com\/wp-content\/uploads\/2025\/05\/badge-google-play-and-app-store-button-download-free-png-150x49.webp 150w, https:\/\/infoelnuevonorte.com\/wp-content\/uploads\/2025\/05\/badge-google-play-and-app-store-button-download-free-png-696x228.webp 696w, https:\/\/infoelnuevonorte.com\/wp-content\/uploads\/2025\/05\/badge-google-play-and-app-store-button-download-free-png-1068x350.webp 1068w, https:\/\/infoelnuevonorte.com\/wp-content\/uploads\/2025\/05\/badge-google-play-and-app-store-button-download-free-png-200x66.webp 200w\" sizes=\"(max-width: 150px) 100vw, 150px\" \/><\/mark><\/a><\/div>\n<\/div>\n\n\n\n<p style=\"text-align: justify;\"><strong data-start=\"0\" data-end=\"18\" data-is-only-node=\"\"><a href=\"https:\/\/infoelnuevonorte.com\/\"><img loading=\"lazy\" decoding=\"async\" class=\" wp-image-159681 alignleft\" src=\"https:\/\/infoelnuevonorte.com\/wp-content\/uploads\/2025\/11\/Logo-3d-infoenn-con-fondo-blanco.jpg\" alt=\"\" width=\"240\" height=\"86\" srcset=\"https:\/\/infoelnuevonorte.com\/wp-content\/uploads\/2025\/11\/Logo-3d-infoenn-con-fondo-blanco.jpg 1696w, https:\/\/infoelnuevonorte.com\/wp-content\/uploads\/2025\/11\/Logo-3d-infoenn-con-fondo-blanco-300x108.jpg 300w, https:\/\/infoelnuevonorte.com\/wp-content\/uploads\/2025\/11\/Logo-3d-infoenn-con-fondo-blanco-1024x367.jpg 1024w, https:\/\/infoelnuevonorte.com\/wp-content\/uploads\/2025\/11\/Logo-3d-infoenn-con-fondo-blanco-768x275.jpg 768w, https:\/\/infoelnuevonorte.com\/wp-content\/uploads\/2025\/11\/Logo-3d-infoenn-con-fondo-blanco-1536x551.jpg 1536w, https:\/\/infoelnuevonorte.com\/wp-content\/uploads\/2025\/11\/Logo-3d-infoenn-con-fondo-blanco-1172x420.jpg 1172w, https:\/\/infoelnuevonorte.com\/wp-content\/uploads\/2025\/11\/Logo-3d-infoenn-con-fondo-blanco-150x54.jpg 150w, https:\/\/infoelnuevonorte.com\/wp-content\/uploads\/2025\/11\/Logo-3d-infoenn-con-fondo-blanco-696x250.jpg 696w, https:\/\/infoelnuevonorte.com\/wp-content\/uploads\/2025\/11\/Logo-3d-infoenn-con-fondo-blanco-1068x383.jpg 1068w\" sizes=\"(max-width: 240px) 100vw, 240px\" \/><\/a>El Nuevo Norte<\/strong> es un peri\u00f3dico digital dominicano fundado el <strong data-start=\"65\" data-end=\"90\">12 de febrero de 2006<\/strong> por el periodista <strong data-start=\"109\" data-end=\"129\">Junior Henr\u00edquez<\/strong>, quien funge como director y fundador. A trav\u00e9s de la web <strong data-start=\"188\" data-end=\"212\">infoelnuevonorte.com<\/strong>, el medio ofrece informaci\u00f3n veraz y oportuna sobre los acontecimientos sociales, pol\u00edticos, comunitarios y de actualidad general, tanto a nivel nacional como internacional, promoviendo un periodismo responsable, participativo y comprometido con la libre expresi\u00f3n y el fortalecimiento de la democracia informativa.<\/p>\n<\/div><\/div>\n<\/div><\/div>\n","protected":false},"excerpt":{"rendered":"<p>La calle Las Mercedes fue habilitada hoy, luego de un proceso de remozamiento que llevaba m\u00e1s de un a\u00f1o junto al parque Duarte y otras 11 calles de la Zona Colonial, las cuales forman parte del Programa de remozamiento de ese destino que realizan el Banco Interamericano de Desarrollo (BID) y el Ministerio de Turismo. [&hellip;]<\/p>\n","protected":false},"author":1,"featured_media":127195,"comment_status":"closed","ping_status":"open","sticky":false,"template":"","format":"standard","meta":{"footnotes":""},"categories":[16],"tags":[],"yoast_head":"<!-- This site is optimized with the Yoast SEO plugin v24.5 - https:\/\/yoast.com\/wordpress\/plugins\/seo\/ -->\n<title>Remodelan m\u00e1s de 140 casas en la Ciudad Colonial para preservar la vida comunitaria | El Nuevo Norte<\/title>\n<meta name=\"robots\" content=\"index, follow, max-snippet:-1, max-image-preview:large, max-video-preview:-1\" \/>\n<link rel=\"canonical\" href=\"https:\/\/infoelnuevonorte.com\/?p=127194\" \/>\n<meta property=\"og:locale\" content=\"es_ES\" \/>\n<meta property=\"og:type\" content=\"article\" \/>\n<meta property=\"og:title\" content=\"Remodelan m\u00e1s de 140 casas en la Ciudad Colonial para preservar la vida comunitaria | El Nuevo Norte\" \/>\n<meta property=\"og:description\" content=\"La calle Las Mercedes fue habilitada hoy, luego de un proceso de remozamiento que llevaba m\u00e1s de un a\u00f1o junto al parque Duarte y otras 11 calles de la Zona Colonial, las cuales forman parte del Programa de remozamiento de ese destino que realizan el Banco Interamericano de Desarrollo (BID) y el Ministerio de Turismo. [&hellip;]\" \/>\n<meta property=\"og:url\" content=\"https:\/\/infoelnuevonorte.com\/?p=127194\" \/>\n<meta property=\"og:site_name\" content=\"El Nuevo Norte\" \/>\n<meta property=\"article:publisher\" content=\"https:\/\/www.facebook.com\/infoenn\" \/>\n<meta property=\"article:published_time\" content=\"2025-07-31T10:19:45+00:00\" \/>\n<meta property=\"article:modified_time\" content=\"2025-07-31T10:19:47+00:00\" \/>\n<meta property=\"og:image\" content=\"https:\/\/infoelnuevonorte.com\/wp-content\/uploads\/2025\/07\/colonbial.webp\" \/>\n\t<meta property=\"og:image:width\" content=\"1264\" \/>\n\t<meta property=\"og:image:height\" content=\"754\" \/>\n\t<meta property=\"og:image:type\" content=\"image\/webp\" \/>\n<meta name=\"author\" content=\"InfoEnn\" \/>\n<meta name=\"twitter:card\" content=\"summary_large_image\" \/>\n<meta name=\"twitter:creator\" content=\"@Elnuevo_norte\" \/>\n<meta name=\"twitter:site\" content=\"@Elnuevo_norte\" \/>\n<meta name=\"twitter:label1\" content=\"Written by\" \/>\n\t<meta name=\"twitter:data1\" content=\"InfoEnn\" \/>\n\t<meta name=\"twitter:label2\" content=\"Est. reading time\" \/>\n\t<meta name=\"twitter:data2\" content=\"8 minutos\" \/>\n<script type=\"application\/ld+json\" class=\"yoast-schema-graph\">{\"@context\":\"https:\/\/schema.org\",\"@graph\":[{\"@type\":\"Article\",\"@id\":\"https:\/\/infoelnuevonorte.com\/?p=127194#article\",\"isPartOf\":{\"@id\":\"https:\/\/infoelnuevonorte.com\/?p=127194\"},\"author\":{\"name\":\"InfoEnn\",\"@id\":\"https:\/\/infoelnuevonorte.com\/#\/schema\/person\/fd4f6d90afe41260818b4ea94ad8ab84\"},\"headline\":\"Remodelan m\u00e1s de 140 casas en la Ciudad Colonial para preservar la vida comunitaria\",\"datePublished\":\"2025-07-31T10:19:45+00:00\",\"dateModified\":\"2025-07-31T10:19:47+00:00\",\"mainEntityOfPage\":{\"@id\":\"https:\/\/infoelnuevonorte.com\/?p=127194\"},\"wordCount\":1386,\"publisher\":{\"@id\":\"https:\/\/infoelnuevonorte.com\/#organization\"},\"image\":{\"@id\":\"https:\/\/infoelnuevonorte.com\/?p=127194#primaryimage\"},\"thumbnailUrl\":\"https:\/\/infoelnuevonorte.com\/wp-content\/uploads\/2025\/07\/colonbial.webp\",\"articleSection\":[\"Turismo\"],\"inLanguage\":\"es-DO\"},{\"@type\":\"WebPage\",\"@id\":\"https:\/\/infoelnuevonorte.com\/?p=127194\",\"url\":\"https:\/\/infoelnuevonorte.com\/?p=127194\",\"name\":\"Remodelan m\u00e1s de 140 casas en la Ciudad Colonial para preservar la vida comunitaria | El Nuevo Norte\",\"isPartOf\":{\"@id\":\"https:\/\/infoelnuevonorte.com\/#website\"},\"primaryImageOfPage\":{\"@id\":\"https:\/\/infoelnuevonorte.com\/?p=127194#primaryimage\"},\"image\":{\"@id\":\"https:\/\/infoelnuevonorte.com\/?p=127194#primaryimage\"},\"thumbnailUrl\":\"https:\/\/infoelnuevonorte.com\/wp-content\/uploads\/2025\/07\/colonbial.webp\",\"datePublished\":\"2025-07-31T10:19:45+00:00\",\"dateModified\":\"2025-07-31T10:19:47+00:00\",\"breadcrumb\":{\"@id\":\"https:\/\/infoelnuevonorte.com\/?p=127194#breadcrumb\"},\"inLanguage\":\"es-DO\",\"potentialAction\":[{\"@type\":\"ReadAction\",\"target\":[\"https:\/\/infoelnuevonorte.com\/?p=127194\"]}]},{\"@type\":\"ImageObject\",\"inLanguage\":\"es-DO\",\"@id\":\"https:\/\/infoelnuevonorte.com\/?p=127194#primaryimage\",\"url\":\"https:\/\/infoelnuevonorte.com\/wp-content\/uploads\/2025\/07\/colonbial.webp\",\"contentUrl\":\"https:\/\/infoelnuevonorte.com\/wp-content\/uploads\/2025\/07\/colonbial.webp\",\"width\":1264,\"height\":754},{\"@type\":\"BreadcrumbList\",\"@id\":\"https:\/\/infoelnuevonorte.com\/?p=127194#breadcrumb\",\"itemListElement\":[{\"@type\":\"ListItem\",\"position\":1,\"name\":\"Home\",\"item\":\"https:\/\/infoelnuevonorte.com\/\"},{\"@type\":\"ListItem\",\"position\":2,\"name\":\"Remodelan m\u00e1s de 140 casas en la Ciudad Colonial para preservar la vida comunitaria\"}]},{\"@type\":\"WebSite\",\"@id\":\"https:\/\/infoelnuevonorte.com\/#website\",\"url\":\"https:\/\/infoelnuevonorte.com\/\",\"name\":\"InfoEnn\",\"description\":\"Tu Voz, tu Verdad, tu Diario!!!\",\"publisher\":{\"@id\":\"https:\/\/infoelnuevonorte.com\/#organization\"},\"alternateName\":\"El Nuevo Norte\",\"potentialAction\":[{\"@type\":\"SearchAction\",\"target\":{\"@type\":\"EntryPoint\",\"urlTemplate\":\"https:\/\/infoelnuevonorte.com\/?s={search_term_string}\"},\"query-input\":{\"@type\":\"PropertyValueSpecification\",\"valueRequired\":true,\"valueName\":\"search_term_string\"}}],\"inLanguage\":\"es-DO\"},{\"@type\":\"Organization\",\"@id\":\"https:\/\/infoelnuevonorte.com\/#organization\",\"name\":\"Info El Nuevo Norte\",\"alternateName\":\"El Nuevo Norte\",\"url\":\"https:\/\/infoelnuevonorte.com\/\",\"logo\":{\"@type\":\"ImageObject\",\"inLanguage\":\"es-DO\",\"@id\":\"https:\/\/infoelnuevonorte.com\/#\/schema\/logo\/image\/\",\"url\":\"https:\/\/infoelnuevonorte.com\/wp-content\/uploads\/2026\/02\/Logo-Info-enn-3d-20ani.jpeg\",\"contentUrl\":\"https:\/\/infoelnuevonorte.com\/wp-content\/uploads\/2026\/02\/Logo-Info-enn-3d-20ani.jpeg\",\"width\":2046,\"height\":736,\"caption\":\"Info El Nuevo Norte\"},\"image\":{\"@id\":\"https:\/\/infoelnuevonorte.com\/#\/schema\/logo\/image\/\"},\"sameAs\":[\"https:\/\/www.facebook.com\/infoenn\",\"https:\/\/x.com\/Elnuevo_norte\",\"https:\/\/www.instagram.com\/infoenn\",\"https:\/\/www.facebook.com\/ENNRD\"]},{\"@type\":\"Person\",\"@id\":\"https:\/\/infoelnuevonorte.com\/#\/schema\/person\/fd4f6d90afe41260818b4ea94ad8ab84\",\"name\":\"InfoEnn\",\"image\":{\"@type\":\"ImageObject\",\"inLanguage\":\"es-DO\",\"@id\":\"https:\/\/infoelnuevonorte.com\/#\/schema\/person\/image\/\",\"url\":\"https:\/\/secure.gravatar.com\/avatar\/d4d760a41a48ba9db0a82bfb63bb0783?s=96&d=robohash&r=g\",\"contentUrl\":\"https:\/\/secure.gravatar.com\/avatar\/d4d760a41a48ba9db0a82bfb63bb0783?s=96&d=robohash&r=g\",\"caption\":\"InfoEnn\"},\"sameAs\":[\"https:\/\/infoelnuevonorte.com\"],\"url\":\"https:\/\/infoelnuevonorte.com\/?author=1\"}]}<\/script>\n<!-- \/ Yoast SEO plugin. -->","yoast_head_json":{"title":"Remodelan m\u00e1s de 140 casas en la Ciudad Colonial para preservar la vida comunitaria | El Nuevo Norte","robots":{"index":"index","follow":"follow","max-snippet":"max-snippet:-1","max-image-preview":"max-image-preview:large","max-video-preview":"max-video-preview:-1"},"canonical":"https:\/\/infoelnuevonorte.com\/?p=127194","og_locale":"es_ES","og_type":"article","og_title":"Remodelan m\u00e1s de 140 casas en la Ciudad Colonial para preservar la vida comunitaria | El Nuevo Norte","og_description":"La calle Las Mercedes fue habilitada hoy, luego de un proceso de remozamiento que llevaba m\u00e1s de un a\u00f1o junto al parque Duarte y otras 11 calles de la Zona Colonial, las cuales forman parte del Programa de remozamiento de ese destino que realizan el Banco Interamericano de Desarrollo (BID) y el Ministerio de Turismo. [&hellip;]","og_url":"https:\/\/infoelnuevonorte.com\/?p=127194","og_site_name":"El Nuevo Norte","article_publisher":"https:\/\/www.facebook.com\/infoenn","article_published_time":"2025-07-31T10:19:45+00:00","article_modified_time":"2025-07-31T10:19:47+00:00","og_image":[{"width":1264,"height":754,"url":"https:\/\/infoelnuevonorte.com\/wp-content\/uploads\/2025\/07\/colonbial.webp","type":"image\/webp"}],"author":"InfoEnn","twitter_card":"summary_large_image","twitter_creator":"@Elnuevo_norte","twitter_site":"@Elnuevo_norte","twitter_misc":{"Written by":"InfoEnn","Est. reading time":"8 minutos"},"schema":{"@context":"https:\/\/schema.org","@graph":[{"@type":"Article","@id":"https:\/\/infoelnuevonorte.com\/?p=127194#article","isPartOf":{"@id":"https:\/\/infoelnuevonorte.com\/?p=127194"},"author":{"name":"InfoEnn","@id":"https:\/\/infoelnuevonorte.com\/#\/schema\/person\/fd4f6d90afe41260818b4ea94ad8ab84"},"headline":"Remodelan m\u00e1s de 140 casas en la Ciudad Colonial para preservar la vida comunitaria","datePublished":"2025-07-31T10:19:45+00:00","dateModified":"2025-07-31T10:19:47+00:00","mainEntityOfPage":{"@id":"https:\/\/infoelnuevonorte.com\/?p=127194"},"wordCount":1386,"publisher":{"@id":"https:\/\/infoelnuevonorte.com\/#organization"},"image":{"@id":"https:\/\/infoelnuevonorte.com\/?p=127194#primaryimage"},"thumbnailUrl":"https:\/\/infoelnuevonorte.com\/wp-content\/uploads\/2025\/07\/colonbial.webp","articleSection":["Turismo"],"inLanguage":"es-DO"},{"@type":"WebPage","@id":"https:\/\/infoelnuevonorte.com\/?p=127194","url":"https:\/\/infoelnuevonorte.com\/?p=127194","name":"Remodelan m\u00e1s de 140 casas en la Ciudad Colonial para preservar la vida comunitaria | El Nuevo Norte","isPartOf":{"@id":"https:\/\/infoelnuevonorte.com\/#website"},"primaryImageOfPage":{"@id":"https:\/\/infoelnuevonorte.com\/?p=127194#primaryimage"},"image":{"@id":"https:\/\/infoelnuevonorte.com\/?p=127194#primaryimage"},"thumbnailUrl":"https:\/\/infoelnuevonorte.com\/wp-content\/uploads\/2025\/07\/colonbial.webp","datePublished":"2025-07-31T10:19:45+00:00","dateModified":"2025-07-31T10:19:47+00:00","breadcrumb":{"@id":"https:\/\/infoelnuevonorte.com\/?p=127194#breadcrumb"},"inLanguage":"es-DO","potentialAction":[{"@type":"ReadAction","target":["https:\/\/infoelnuevonorte.com\/?p=127194"]}]},{"@type":"ImageObject","inLanguage":"es-DO","@id":"https:\/\/infoelnuevonorte.com\/?p=127194#primaryimage","url":"https:\/\/infoelnuevonorte.com\/wp-content\/uploads\/2025\/07\/colonbial.webp","contentUrl":"https:\/\/infoelnuevonorte.com\/wp-content\/uploads\/2025\/07\/colonbial.webp","width":1264,"height":754},{"@type":"BreadcrumbList","@id":"https:\/\/infoelnuevonorte.com\/?p=127194#breadcrumb","itemListElement":[{"@type":"ListItem","position":1,"name":"Home","item":"https:\/\/infoelnuevonorte.com\/"},{"@type":"ListItem","position":2,"name":"Remodelan m\u00e1s de 140 casas en la Ciudad Colonial para preservar la vida comunitaria"}]},{"@type":"WebSite","@id":"https:\/\/infoelnuevonorte.com\/#website","url":"https:\/\/infoelnuevonorte.com\/","name":"InfoEnn","description":"Tu Voz, tu Verdad, tu Diario!!!","publisher":{"@id":"https:\/\/infoelnuevonorte.com\/#organization"},"alternateName":"El Nuevo Norte","potentialAction":[{"@type":"SearchAction","target":{"@type":"EntryPoint","urlTemplate":"https:\/\/infoelnuevonorte.com\/?s={search_term_string}"},"query-input":{"@type":"PropertyValueSpecification","valueRequired":true,"valueName":"search_term_string"}}],"inLanguage":"es-DO"},{"@type":"Organization","@id":"https:\/\/infoelnuevonorte.com\/#organization","name":"Info El Nuevo Norte","alternateName":"El Nuevo Norte","url":"https:\/\/infoelnuevonorte.com\/","logo":{"@type":"ImageObject","inLanguage":"es-DO","@id":"https:\/\/infoelnuevonorte.com\/#\/schema\/logo\/image\/","url":"https:\/\/infoelnuevonorte.com\/wp-content\/uploads\/2026\/02\/Logo-Info-enn-3d-20ani.jpeg","contentUrl":"https:\/\/infoelnuevonorte.com\/wp-content\/uploads\/2026\/02\/Logo-Info-enn-3d-20ani.jpeg","width":2046,"height":736,"caption":"Info El Nuevo Norte"},"image":{"@id":"https:\/\/infoelnuevonorte.com\/#\/schema\/logo\/image\/"},"sameAs":["https:\/\/www.facebook.com\/infoenn","https:\/\/x.com\/Elnuevo_norte","https:\/\/www.instagram.com\/infoenn","https:\/\/www.facebook.com\/ENNRD"]},{"@type":"Person","@id":"https:\/\/infoelnuevonorte.com\/#\/schema\/person\/fd4f6d90afe41260818b4ea94ad8ab84","name":"InfoEnn","image":{"@type":"ImageObject","inLanguage":"es-DO","@id":"https:\/\/infoelnuevonorte.com\/#\/schema\/person\/image\/","url":"https:\/\/secure.gravatar.com\/avatar\/d4d760a41a48ba9db0a82bfb63bb0783?s=96&d=robohash&r=g","contentUrl":"https:\/\/secure.gravatar.com\/avatar\/d4d760a41a48ba9db0a82bfb63bb0783?s=96&d=robohash&r=g","caption":"InfoEnn"},"sameAs":["https:\/\/infoelnuevonorte.com"],"url":"https:\/\/infoelnuevonorte.com\/?author=1"}]}},"_links":{"self":[{"href":"https:\/\/infoelnuevonorte.com\/index.php?rest_route=\/wp\/v2\/posts\/127194"}],"collection":[{"href":"https:\/\/infoelnuevonorte.com\/index.php?rest_route=\/wp\/v2\/posts"}],"about":[{"href":"https:\/\/infoelnuevonorte.com\/index.php?rest_route=\/wp\/v2\/types\/post"}],"author":[{"embeddable":true,"href":"https:\/\/infoelnuevonorte.com\/index.php?rest_route=\/wp\/v2\/users\/1"}],"replies":[{"embeddable":true,"href":"https:\/\/infoelnuevonorte.com\/index.php?rest_route=%2Fwp%2Fv2%2Fcomments&post=127194"}],"version-history":[{"count":1,"href":"https:\/\/infoelnuevonorte.com\/index.php?rest_route=\/wp\/v2\/posts\/127194\/revisions"}],"predecessor-version":[{"id":127196,"href":"https:\/\/infoelnuevonorte.com\/index.php?rest_route=\/wp\/v2\/posts\/127194\/revisions\/127196"}],"wp:featuredmedia":[{"embeddable":true,"href":"https:\/\/infoelnuevonorte.com\/index.php?rest_route=\/wp\/v2\/media\/127195"}],"wp:attachment":[{"href":"https:\/\/infoelnuevonorte.com\/index.php?rest_route=%2Fwp%2Fv2%2Fmedia&parent=127194"}],"wp:term":[{"taxonomy":"category","embeddable":true,"href":"https:\/\/infoelnuevonorte.com\/index.php?rest_route=%2Fwp%2Fv2%2Fcategories&post=127194"},{"taxonomy":"post_tag","embeddable":true,"href":"https:\/\/infoelnuevonorte.com\/index.php?rest_route=%2Fwp%2Fv2%2Ftags&post=127194"}],"curies":[{"name":"wp","href":"https:\/\/api.w.org\/{rel}","templated":true}]}}