{"id":130320,"date":"2025-08-09T08:13:30","date_gmt":"2025-08-09T12:13:30","guid":{"rendered":"https:\/\/infoelnuevonorte.com\/?p=130320"},"modified":"2025-08-09T11:45:04","modified_gmt":"2025-08-09T15:45:04","slug":"el-9-de-agosto-es-dia-internacional-de-los-pueblos-indigenas","status":"publish","type":"post","link":"https:\/\/infoelnuevonorte.com\/?p=130320","title":{"rendered":"El 9 de agosto es D\u00eda Internacional de los Pueblos Ind\u00edgenas"},"content":{"rendered":"\n<p><a href=\"https:\/\/deultimominuto.net\/category\/estilo\/efemerides\/\"><\/a><\/p>\n\n\n<div class=\"td_block_wrap tdb_single_content tdi_234 td-pb-border-top td_block_template_1 td-post-content tagdiv-type\" data-td-block-uid=\"tdi_234\">\n<div class=\"tdb-block-inner td-fix-index\">\n<!--[if lt IE 9]><script>document.createElement('audio');<\/script><![endif]-->\n<audio class=\"wp-audio-shortcode\" id=\"audio-130320-1\" preload=\"none\" style=\"width: 100%;\" controls=\"controls\"><source type=\"audio\/mpeg\" src=\"https:\/\/infoelnuevonorte.com\/wp-content\/uploads\/2025\/08\/ttsmaker-vip-file-2025-8-9-8-12-42.mp3?_=1\" \/><a href=\"https:\/\/infoelnuevonorte.com\/wp-content\/uploads\/2025\/08\/ttsmaker-vip-file-2025-8-9-8-12-42.mp3\">https:\/\/infoelnuevonorte.com\/wp-content\/uploads\/2025\/08\/ttsmaker-vip-file-2025-8-9-8-12-42.mp3<\/a><\/audio>\n<p style=\"text-align: justify;\">Cada 9 de<strong>\u00a0agosto<\/strong>, el mundo conmemora el\u00a0<strong>D\u00eda Internacional de los Pueblos Ind\u00edgenas<\/strong>, una fecha establecida por la\u00a0<strong>ONU<\/strong>\u00a0en recuerdo de la primera reuni\u00f3n del Grupo de Trabajo sobre Poblaciones Ind\u00edgenas celebrada en Ginebra en 1982. Esta jornada busca visibilizar sus luchas, reconocer sus derechos y promover acciones que garanticen la preservaci\u00f3n de sus culturas, lenguas y territorios.<\/p>\n<div class=\"wp-block-image\" style=\"text-align: justify;\">\n<figure class=\"alignleft size-full is-resized\"><img loading=\"lazy\" decoding=\"async\" class=\"wp-image-59662 entered lazyloaded\" title=\"El 9 de agosto es D\u00eda Internacional de los Pueblos Ind\u00edgenas | 2 |\" src=\"https:\/\/cdn.deultimominuto.net\/wp-content\/uploads\/2022\/02\/indigenas-mujeres.jpg\" sizes=\"(max-width: 700px) 100vw, 700px\" srcset=\"https:\/\/cdn.deultimominuto.net\/wp-content\/uploads\/2022\/02\/indigenas-mujeres.jpg 700w, https:\/\/cdn.deultimominuto.net\/wp-content\/uploads\/2022\/02\/indigenas-mujeres-392x221.jpg 392w, https:\/\/cdn.deultimominuto.net\/wp-content\/uploads\/2022\/02\/indigenas-mujeres-96x54.jpg 96w, https:\/\/cdn.deultimominuto.net\/wp-content\/uploads\/2022\/02\/indigenas-mujeres-192x108.jpg 192w, https:\/\/cdn.deultimominuto.net\/wp-content\/uploads\/2022\/02\/indigenas-mujeres-150x85.jpg 150w, https:\/\/cdn.deultimominuto.net\/wp-content\/uploads\/2022\/02\/indigenas-mujeres-300x169.jpg 300w, https:\/\/cdn.deultimominuto.net\/wp-content\/uploads\/2022\/02\/indigenas-mujeres-696x393.jpg 696w\" alt=\"Pueblos Ind\u00edgenas\" width=\"700\" height=\"395\" data-lazy-srcset=\"https:\/\/cdn.deultimominuto.net\/wp-content\/uploads\/2022\/02\/indigenas-mujeres.jpg 700w, https:\/\/cdn.deultimominuto.net\/wp-content\/uploads\/2022\/02\/indigenas-mujeres-392x221.jpg 392w, https:\/\/cdn.deultimominuto.net\/wp-content\/uploads\/2022\/02\/indigenas-mujeres-96x54.jpg 96w, https:\/\/cdn.deultimominuto.net\/wp-content\/uploads\/2022\/02\/indigenas-mujeres-192x108.jpg 192w, https:\/\/cdn.deultimominuto.net\/wp-content\/uploads\/2022\/02\/indigenas-mujeres-150x85.jpg 150w, https:\/\/cdn.deultimominuto.net\/wp-content\/uploads\/2022\/02\/indigenas-mujeres-300x169.jpg 300w, https:\/\/cdn.deultimominuto.net\/wp-content\/uploads\/2022\/02\/indigenas-mujeres-696x393.jpg 696w\" data-lazy-sizes=\"(max-width: 700px) 100vw, 700px\" data-lazy-src=\"https:\/\/cdn.deultimominuto.net\/wp-content\/uploads\/2022\/02\/indigenas-mujeres.jpg\" data-ll-status=\"loaded\" \/><\/figure>\n<\/div>\n<p style=\"text-align: justify;\">En 2025, el lema es:\u00a0<strong>\u201cPueblos Ind\u00edgenas e IA: defendiendo sus derechos de cara al futuro\u201d<\/strong>,<br \/>una invitaci\u00f3n a garantizar que la revoluci\u00f3n tecnol\u00f3gica no deje atr\u00e1s a quienes, durante siglos, han cuidado de la tierra y de la diversidad cultural de la humanidad.<\/p>\n<h3 class=\"wp-block-heading\" style=\"text-align: justify;\"><strong>Diversidad y resiliencia<\/strong><\/h3>\n<p style=\"text-align: justify;\">Actualmente, alrededor de\u00a0<strong>476 millones<\/strong>\u00a0de personas Ind\u00edgenas viven en 90 pa\u00edses, representando el 6% de la poblaci\u00f3n mundial. Sin embargo, constituyen al menos el 15% de los m\u00e1s pobres del planeta. Sus culturas, sistemas de conocimiento y formas de vida son \u00fanicos, y mantienen una relaci\u00f3n profunda y sostenible con el medio ambiente.<\/p>\n<p style=\"text-align: justify;\">Hist\u00f3ricamente, han luchado por el reconocimiento de sus identidades, la protecci\u00f3n de sus territorios y el control sobre sus recursos naturales. La comunidad internacional reconoce hoy la necesidad de medidas especiales para garantizar la preservaci\u00f3n de sus derechos y culturas.<\/p>\n<h3 class=\"wp-block-heading\" style=\"text-align: justify;\"><strong>Desaf\u00edos actuales<\/strong><\/h3>\n<p style=\"text-align: justify;\">Las cifras reflejan la desigualdad estructural:<\/p>\n<ul class=\"wp-block-list\" style=\"text-align: justify;\">\n<li>El\u00a0<strong>47%<\/strong>\u00a0de las personas Ind\u00edgenas que trabajan no tienen educaci\u00f3n formal, frente al\u00a0<strong>17%<\/strong>\u00a0de sus pares no Ind\u00edgenas. La brecha es a\u00fan mayor para las mujeres.<\/li>\n<li>M\u00e1s del\u00a0<strong>86%<\/strong>\u00a0de las personas Ind\u00edgenas trabajan en la econom\u00eda informal, en comparaci\u00f3n con el 66% de la poblaci\u00f3n no Ind\u00edgena.<\/li>\n<li>Tienen casi\u00a0<strong>tres veces m\u00e1s probabilidades<\/strong>\u00a0de vivir en extrema pobreza que sus hom\u00f3logos no Ind\u00edgenas.<\/li>\n<\/ul>\n<p style=\"text-align: justify;\">A pesar de ser guardianes de la mayor\u00eda de los cerca de\u00a0<strong>7.000 idiomas<\/strong>\u00a0que existen en el mundo, y de habitar territorios clave para la biodiversidad, los Pueblos Ind\u00edgenas siguen enfrentando graves violaciones a sus derechos.<\/p>\n<h2 class=\"wp-block-heading\" style=\"text-align: justify;\"><strong>Pueblos Ind\u00edgenas e Inteligencia Artificial: Defendiendo sus Derechos de Cara al Futuro<\/strong><\/h2>\n<p style=\"text-align: justify;\">La inteligencia artificial (IA) est\u00e1 transformando el mundo a una velocidad sin precedentes. Para los Pueblos Ind\u00edgenas, este avance representa una paradoja: puede ser una herramienta poderosa para revitalizar culturas, empoderar a la juventud y adaptarse al cambio clim\u00e1tico, pero tambi\u00e9n un factor que intensifica la exclusi\u00f3n, los prejuicios y la tergiversaci\u00f3n de sus realidades.<\/p>\n<h3 class=\"wp-block-heading\" style=\"text-align: justify;\"><strong>Oportunidades y riesgos<\/strong><\/h3>\n<div class=\"wp-block-image\" style=\"text-align: justify;\">\n<figure class=\"alignright size-full is-resized\"><img loading=\"lazy\" decoding=\"async\" class=\"wp-image-252029 entered lazyloaded\" title=\"El 9 de agosto es D\u00eda Internacional de los Pueblos Ind\u00edgenas | 3 |\" src=\"https:\/\/cdn.deultimominuto.net\/wp-content\/uploads\/2023\/09\/Indigenas-en-brasil.jpeg\" sizes=\"(max-width: 552px) 100vw, 552px\" srcset=\"https:\/\/cdn.deultimominuto.net\/wp-content\/uploads\/2023\/09\/Indigenas-en-brasil.jpeg 552w, https:\/\/cdn.deultimominuto.net\/wp-content\/uploads\/2023\/09\/Indigenas-en-brasil-392x259.jpeg 392w, https:\/\/cdn.deultimominuto.net\/wp-content\/uploads\/2023\/09\/Indigenas-en-brasil-96x63.jpeg 96w, https:\/\/cdn.deultimominuto.net\/wp-content\/uploads\/2023\/09\/Indigenas-en-brasil-192x127.jpeg 192w, https:\/\/cdn.deultimominuto.net\/wp-content\/uploads\/2023\/09\/Indigenas-en-brasil-150x99.jpeg 150w, https:\/\/cdn.deultimominuto.net\/wp-content\/uploads\/2023\/09\/Indigenas-en-brasil-300x198.jpeg 300w\" alt=\"Pueblos Ind\u00edgenas\" width=\"552\" height=\"365\" data-lazy-srcset=\"https:\/\/cdn.deultimominuto.net\/wp-content\/uploads\/2023\/09\/Indigenas-en-brasil.jpeg 552w, https:\/\/cdn.deultimominuto.net\/wp-content\/uploads\/2023\/09\/Indigenas-en-brasil-392x259.jpeg 392w, https:\/\/cdn.deultimominuto.net\/wp-content\/uploads\/2023\/09\/Indigenas-en-brasil-96x63.jpeg 96w, https:\/\/cdn.deultimominuto.net\/wp-content\/uploads\/2023\/09\/Indigenas-en-brasil-192x127.jpeg 192w, https:\/\/cdn.deultimominuto.net\/wp-content\/uploads\/2023\/09\/Indigenas-en-brasil-150x99.jpeg 150w, https:\/\/cdn.deultimominuto.net\/wp-content\/uploads\/2023\/09\/Indigenas-en-brasil-300x198.jpeg 300w\" data-lazy-sizes=\"(max-width: 552px) 100vw, 552px\" data-lazy-src=\"https:\/\/cdn.deultimominuto.net\/wp-content\/uploads\/2023\/09\/Indigenas-en-brasil.jpeg\" data-ll-status=\"loaded\" \/><\/figure>\n<\/div>\n<p style=\"text-align: justify;\">La IA ofrece posibilidades significativas para las comunidades Ind\u00edgenas. Desde la preservaci\u00f3n de lenguas hasta el monitoreo ambiental, su potencial es innegable. Sin embargo, la mayor\u00eda de los modelos se desarrollan sin la participaci\u00f3n de estas comunidades, lo que aumenta el riesgo de uso indebido de sus datos, conocimientos e identidades.<\/p>\n<p style=\"text-align: justify;\">Adem\u00e1s, la instalaci\u00f3n de centros de datos de gran escala en sus territorios puede generar impactos ambientales y sociales, afectando sus tierras, recursos y ecosistemas. A esto se suma la persistente brecha digital en zonas rurales, que limita la participaci\u00f3n Ind\u00edgena en el dise\u00f1o y uso de la IA.<\/p>\n<h3 class=\"wp-block-heading\" style=\"text-align: justify;\"><strong>El papel de los Pueblos Ind\u00edgenas en la IA<\/strong><\/h3>\n<p style=\"text-align: justify;\">Para aprovechar todo el potencial de esta tecnolog\u00eda, es imprescindible reconocer a los Pueblos Ind\u00edgenas como\u00a0<strong>titulares de derechos, co-creadores y tomadores de decisiones<\/strong>. La inclusi\u00f3n real, la soberan\u00eda sobre sus datos y la innovaci\u00f3n basada en sus culturas son elementos esenciales para que la IA sirva como herramienta de empoderamiento y no de marginaci\u00f3n.<\/p>\n<\/div>\n<\/div>\n\n\n<div class=\"wp-block-group\"><div class=\"wp-block-group__inner-container is-layout-constrained wp-block-group-is-layout-constrained\">\n<div id=\"DenunciayAPP\" class=\"wp-block-group\"><div class=\"wp-block-group__inner-container is-layout-constrained wp-block-group-is-layout-constrained\">\n<p><a href=\"https:\/\/whatsapp.com\/channel\/0029Va88WGP2ER6ZxD6TCa3U\" target=\"_blank\" rel=\"noopener\"><img loading=\"lazy\" decoding=\"async\" class=\"aligncenter size-full wp-image-155512\" src=\"https:\/\/infoelnuevonorte.com\/wp-content\/uploads\/2025\/10\/Canal-whatsapp-infoenn.jpeg\" alt=\"\" width=\"2046\" height=\"554\" srcset=\"https:\/\/infoelnuevonorte.com\/wp-content\/uploads\/2025\/10\/Canal-whatsapp-infoenn.jpeg 2046w, https:\/\/infoelnuevonorte.com\/wp-content\/uploads\/2025\/10\/Canal-whatsapp-infoenn-300x81.jpeg 300w, https:\/\/infoelnuevonorte.com\/wp-content\/uploads\/2025\/10\/Canal-whatsapp-infoenn-1024x277.jpeg 1024w, https:\/\/infoelnuevonorte.com\/wp-content\/uploads\/2025\/10\/Canal-whatsapp-infoenn-768x208.jpeg 768w, https:\/\/infoelnuevonorte.com\/wp-content\/uploads\/2025\/10\/Canal-whatsapp-infoenn-1536x416.jpeg 1536w, https:\/\/infoelnuevonorte.com\/wp-content\/uploads\/2025\/10\/Canal-whatsapp-infoenn-1551x420.jpeg 1551w, https:\/\/infoelnuevonorte.com\/wp-content\/uploads\/2025\/10\/Canal-whatsapp-infoenn-150x41.jpeg 150w, https:\/\/infoelnuevonorte.com\/wp-content\/uploads\/2025\/10\/Canal-whatsapp-infoenn-696x188.jpeg 696w, https:\/\/infoelnuevonorte.com\/wp-content\/uploads\/2025\/10\/Canal-whatsapp-infoenn-1068x289.jpeg 1068w, https:\/\/infoelnuevonorte.com\/wp-content\/uploads\/2025\/10\/Canal-whatsapp-infoenn-1920x520.jpeg 1920w\" sizes=\"(max-width: 2046px) 100vw, 2046px\" \/><\/a><\/p>\n<p>\ud83d\udd17 S\u00edguenos en nuestras redes:<br data-start=\"2686\" data-end=\"2689\" \/><a href=\"https:\/\/x.com\/Elnuevo_norte\">X<\/a> | <a class=\"\" href=\"https:\/\/t.me\/infoenn\" target=\"_new\" rel=\"noopener\" data-start=\"2757\" data-end=\"2789\">Telegram<\/a> | <a class=\"\" href=\"https:\/\/instagram.com\/noticiasenn1?r=nametag\" target=\"_new\" rel=\"noopener\" data-start=\"2792\" data-end=\"2849\">Instagram<\/a><br data-start=\"2849\" data-end=\"2852\" \/><a class=\"\" href=\"https:\/\/www.facebook.com\/infoenn\" target=\"_new\" rel=\"noopener\" data-start=\"2852\" data-end=\"2896\">Facebook<\/a> | <a class=\"\" href=\"https:\/\/www.threads.net\/@noticiasenn1\" target=\"_new\" rel=\"noopener\" data-start=\"2899\" data-end=\"2947\">Threads<\/a> | <a class=\"\" href=\"https:\/\/www.youtube.com\/channel\/UCZZJg_scU1p_c6cvyCHY48A\" target=\"_new\" rel=\"noopener\" data-start=\"2950\" data-end=\"3017\" data-is-last-node=\"\">YouTube<\/a><\/p>\n<p>\ud83d\ude4f \u00a1Tu apoyo es importante!<\/p>\n<p>\ud83d\udd3bDESCARGAR NUESTRA APP \"<span style=\"color: #0000ff;\"><strong>Info ENN<\/strong><\/span>\"<\/p>\n\n\n\n<div class=\"wp-block-buttons is-content-justification-left is-layout-flex wp-container-core-buttons-is-layout-1 wp-block-buttons-is-layout-flex\">\n<div class=\"wp-block-button is-style-3d\"><a class=\"wp-block-button__link has-white-background-color has-background wp-element-button\" href=\"https:\/\/apps.apple.com\/do\/app\/infoenn\/id6503000762\"><img loading=\"lazy\" decoding=\"async\" width=\"150\" height=\"50\" class=\"wp-image-104096\" style=\"width: 150px;\" src=\"https:\/\/infoelnuevonorte.com\/wp-content\/uploads\/2025\/05\/Download_on_the_App_Store_RGB_blk.svg_.png\" alt=\"\" srcset=\"https:\/\/infoelnuevonorte.com\/wp-content\/uploads\/2025\/05\/Download_on_the_App_Store_RGB_blk.svg_.png 1280w, https:\/\/infoelnuevonorte.com\/wp-content\/uploads\/2025\/05\/Download_on_the_App_Store_RGB_blk.svg_-300x100.png 300w, https:\/\/infoelnuevonorte.com\/wp-content\/uploads\/2025\/05\/Download_on_the_App_Store_RGB_blk.svg_-1024x342.png 1024w, https:\/\/infoelnuevonorte.com\/wp-content\/uploads\/2025\/05\/Download_on_the_App_Store_RGB_blk.svg_-768x257.png 768w, https:\/\/infoelnuevonorte.com\/wp-content\/uploads\/2025\/05\/Download_on_the_App_Store_RGB_blk.svg_-1256x420.png 1256w, https:\/\/infoelnuevonorte.com\/wp-content\/uploads\/2025\/05\/Download_on_the_App_Store_RGB_blk.svg_-150x50.png 150w, https:\/\/infoelnuevonorte.com\/wp-content\/uploads\/2025\/05\/Download_on_the_App_Store_RGB_blk.svg_-696x233.png 696w, https:\/\/infoelnuevonorte.com\/wp-content\/uploads\/2025\/05\/Download_on_the_App_Store_RGB_blk.svg_-1068x357.png 1068w, https:\/\/infoelnuevonorte.com\/wp-content\/uploads\/2025\/05\/Download_on_the_App_Store_RGB_blk.svg_-200x67.png 200w\" sizes=\"(max-width: 150px) 100vw, 150px\" \/><\/a><\/div>\n<\/div>\n\n\n\n<div class=\"wp-block-buttons is-layout-flex wp-block-buttons-is-layout-flex\">\n<div class=\"wp-block-button is-style-3d td_btn_large\"><a class=\"wp-block-button__link has-white-background-color has-background wp-element-button\" href=\"https:\/\/mega.nz\/file\/vRhVTJBD#6P0Os8p_y2oJgZIa__7dhjqdpW42XJ_cY3zmbyxVohM\" target=\"_blank\" rel=\"noreferrer noopener\"><mark style=\"background-color:rgba(0, 0, 0, 0)\" class=\"has-inline-color has-light-green-cyan-color\"><img loading=\"lazy\" decoding=\"async\" width=\"150\" height=\"49\" class=\"wp-image-104095\" style=\"width: 150px;\" src=\"https:\/\/infoelnuevonorte.com\/wp-content\/uploads\/2025\/05\/badge-google-play-and-app-store-button-download-free-png.webp\" alt=\"\" srcset=\"https:\/\/infoelnuevonorte.com\/wp-content\/uploads\/2025\/05\/badge-google-play-and-app-store-button-download-free-png.webp 1920w, https:\/\/infoelnuevonorte.com\/wp-content\/uploads\/2025\/05\/badge-google-play-and-app-store-button-download-free-png-300x98.webp 300w, https:\/\/infoelnuevonorte.com\/wp-content\/uploads\/2025\/05\/badge-google-play-and-app-store-button-download-free-png-1024x335.webp 1024w, https:\/\/infoelnuevonorte.com\/wp-content\/uploads\/2025\/05\/badge-google-play-and-app-store-button-download-free-png-768x252.webp 768w, https:\/\/infoelnuevonorte.com\/wp-content\/uploads\/2025\/05\/badge-google-play-and-app-store-button-download-free-png-1536x503.webp 1536w, https:\/\/infoelnuevonorte.com\/wp-content\/uploads\/2025\/05\/badge-google-play-and-app-store-button-download-free-png-1282x420.webp 1282w, https:\/\/infoelnuevonorte.com\/wp-content\/uploads\/2025\/05\/badge-google-play-and-app-store-button-download-free-png-150x49.webp 150w, https:\/\/infoelnuevonorte.com\/wp-content\/uploads\/2025\/05\/badge-google-play-and-app-store-button-download-free-png-696x228.webp 696w, https:\/\/infoelnuevonorte.com\/wp-content\/uploads\/2025\/05\/badge-google-play-and-app-store-button-download-free-png-1068x350.webp 1068w, https:\/\/infoelnuevonorte.com\/wp-content\/uploads\/2025\/05\/badge-google-play-and-app-store-button-download-free-png-200x66.webp 200w\" sizes=\"(max-width: 150px) 100vw, 150px\" \/><\/mark><\/a><\/div>\n<\/div>\n\n\n\n<p style=\"text-align: justify;\"><strong data-start=\"0\" data-end=\"18\" data-is-only-node=\"\"><a href=\"https:\/\/infoelnuevonorte.com\/\"><img loading=\"lazy\" decoding=\"async\" class=\" wp-image-159681 alignleft\" src=\"https:\/\/infoelnuevonorte.com\/wp-content\/uploads\/2025\/11\/Logo-3d-infoenn-con-fondo-blanco.jpg\" alt=\"\" width=\"240\" height=\"86\" srcset=\"https:\/\/infoelnuevonorte.com\/wp-content\/uploads\/2025\/11\/Logo-3d-infoenn-con-fondo-blanco.jpg 1696w, https:\/\/infoelnuevonorte.com\/wp-content\/uploads\/2025\/11\/Logo-3d-infoenn-con-fondo-blanco-300x108.jpg 300w, https:\/\/infoelnuevonorte.com\/wp-content\/uploads\/2025\/11\/Logo-3d-infoenn-con-fondo-blanco-1024x367.jpg 1024w, https:\/\/infoelnuevonorte.com\/wp-content\/uploads\/2025\/11\/Logo-3d-infoenn-con-fondo-blanco-768x275.jpg 768w, https:\/\/infoelnuevonorte.com\/wp-content\/uploads\/2025\/11\/Logo-3d-infoenn-con-fondo-blanco-1536x551.jpg 1536w, https:\/\/infoelnuevonorte.com\/wp-content\/uploads\/2025\/11\/Logo-3d-infoenn-con-fondo-blanco-1172x420.jpg 1172w, https:\/\/infoelnuevonorte.com\/wp-content\/uploads\/2025\/11\/Logo-3d-infoenn-con-fondo-blanco-150x54.jpg 150w, https:\/\/infoelnuevonorte.com\/wp-content\/uploads\/2025\/11\/Logo-3d-infoenn-con-fondo-blanco-696x250.jpg 696w, https:\/\/infoelnuevonorte.com\/wp-content\/uploads\/2025\/11\/Logo-3d-infoenn-con-fondo-blanco-1068x383.jpg 1068w\" sizes=\"(max-width: 240px) 100vw, 240px\" \/><\/a>El Nuevo Norte<\/strong> es un peri\u00f3dico digital dominicano fundado el <strong data-start=\"65\" data-end=\"90\">12 de febrero de 2006<\/strong> por el periodista <strong data-start=\"109\" data-end=\"129\">Junior Henr\u00edquez<\/strong>, quien funge como director y fundador. A trav\u00e9s de la web <strong data-start=\"188\" data-end=\"212\">infoelnuevonorte.com<\/strong>, el medio ofrece informaci\u00f3n veraz y oportuna sobre los acontecimientos sociales, pol\u00edticos, comunitarios y de actualidad general, tanto a nivel nacional como internacional, promoviendo un periodismo responsable, participativo y comprometido con la libre expresi\u00f3n y el fortalecimiento de la democracia informativa.<\/p>\n<\/div><\/div>\n<\/div><\/div>\n","protected":false},"excerpt":{"rendered":"<p>Cada 9 de\u00a0agosto, el mundo conmemora el\u00a0D\u00eda Internacional de los Pueblos Ind\u00edgenas, una fecha establecida por la\u00a0ONU\u00a0en recuerdo de la primera reuni\u00f3n del Grupo de Trabajo sobre Poblaciones Ind\u00edgenas celebrada en Ginebra en 1982. Esta jornada busca visibilizar sus luchas, reconocer sus derechos y promover acciones que garanticen la preservaci\u00f3n de sus culturas, lenguas y [&hellip;]<\/p>\n","protected":false},"author":2,"featured_media":0,"comment_status":"closed","ping_status":"open","sticky":false,"template":"","format":"standard","meta":{"footnotes":""},"categories":[743],"tags":[],"yoast_head":"<!-- This site is optimized with the Yoast SEO plugin v24.5 - https:\/\/yoast.com\/wordpress\/plugins\/seo\/ -->\n<title>El 9 de agosto es D\u00eda Internacional de los Pueblos Ind\u00edgenas | El Nuevo Norte<\/title>\n<meta name=\"robots\" content=\"index, follow, max-snippet:-1, max-image-preview:large, max-video-preview:-1\" \/>\n<link rel=\"canonical\" href=\"https:\/\/infoelnuevonorte.com\/?p=130320\" \/>\n<meta property=\"og:locale\" content=\"es_ES\" \/>\n<meta property=\"og:type\" content=\"article\" \/>\n<meta property=\"og:title\" content=\"El 9 de agosto es D\u00eda Internacional de los Pueblos Ind\u00edgenas | El Nuevo Norte\" \/>\n<meta property=\"og:description\" content=\"Cada 9 de\u00a0agosto, el mundo conmemora el\u00a0D\u00eda Internacional de los Pueblos Ind\u00edgenas, una fecha establecida por la\u00a0ONU\u00a0en recuerdo de la primera reuni\u00f3n del Grupo de Trabajo sobre Poblaciones Ind\u00edgenas celebrada en Ginebra en 1982. Esta jornada busca visibilizar sus luchas, reconocer sus derechos y promover acciones que garanticen la preservaci\u00f3n de sus culturas, lenguas y [&hellip;]\" \/>\n<meta property=\"og:url\" content=\"https:\/\/infoelnuevonorte.com\/?p=130320\" \/>\n<meta property=\"og:site_name\" content=\"El Nuevo Norte\" \/>\n<meta property=\"article:publisher\" content=\"https:\/\/www.facebook.com\/infoenn\" \/>\n<meta property=\"article:published_time\" content=\"2025-08-09T12:13:30+00:00\" \/>\n<meta property=\"article:modified_time\" content=\"2025-08-09T15:45:04+00:00\" \/>\n<meta property=\"og:image\" content=\"https:\/\/infoelnuevonorte.com\/wp-content\/uploads\/2025\/08\/descarga-2025-08-09T081143.048.png\" \/>\n\t<meta property=\"og:image:width\" content=\"1030\" \/>\n\t<meta property=\"og:image:height\" content=\"549\" \/>\n\t<meta property=\"og:image:type\" content=\"image\/png\" \/>\n<meta name=\"author\" content=\"T. R.\" \/>\n<meta name=\"twitter:card\" content=\"summary_large_image\" \/>\n<meta name=\"twitter:creator\" content=\"@Elnuevo_norte\" \/>\n<meta name=\"twitter:site\" content=\"@Elnuevo_norte\" \/>\n<meta name=\"twitter:label1\" content=\"Written by\" \/>\n\t<meta name=\"twitter:data1\" content=\"T. R.\" \/>\n\t<meta name=\"twitter:label2\" content=\"Est. reading time\" \/>\n\t<meta name=\"twitter:data2\" content=\"4 minutos\" \/>\n<script type=\"application\/ld+json\" class=\"yoast-schema-graph\">{\"@context\":\"https:\/\/schema.org\",\"@graph\":[{\"@type\":\"Article\",\"@id\":\"https:\/\/infoelnuevonorte.com\/?p=130320#article\",\"isPartOf\":{\"@id\":\"https:\/\/infoelnuevonorte.com\/?p=130320\"},\"author\":{\"name\":\"T. R.\",\"@id\":\"https:\/\/infoelnuevonorte.com\/#\/schema\/person\/3accb35eb55f55e96c492b52d085a403\"},\"headline\":\"El 9 de agosto es D\u00eda Internacional de los Pueblos Ind\u00edgenas\",\"datePublished\":\"2025-08-09T12:13:30+00:00\",\"dateModified\":\"2025-08-09T15:45:04+00:00\",\"mainEntityOfPage\":{\"@id\":\"https:\/\/infoelnuevonorte.com\/?p=130320\"},\"wordCount\":617,\"publisher\":{\"@id\":\"https:\/\/infoelnuevonorte.com\/#organization\"},\"image\":{\"@id\":\"https:\/\/infoelnuevonorte.com\/?p=130320#primaryimage\"},\"thumbnailUrl\":\"https:\/\/cdn.deultimominuto.net\/wp-content\/uploads\/2022\/02\/indigenas-mujeres.jpg\",\"articleSection\":[\"Un dia como hoy\"],\"inLanguage\":\"es-DO\"},{\"@type\":\"WebPage\",\"@id\":\"https:\/\/infoelnuevonorte.com\/?p=130320\",\"url\":\"https:\/\/infoelnuevonorte.com\/?p=130320\",\"name\":\"El 9 de agosto es D\u00eda Internacional de los Pueblos Ind\u00edgenas | El Nuevo Norte\",\"isPartOf\":{\"@id\":\"https:\/\/infoelnuevonorte.com\/#website\"},\"primaryImageOfPage\":{\"@id\":\"https:\/\/infoelnuevonorte.com\/?p=130320#primaryimage\"},\"image\":{\"@id\":\"https:\/\/infoelnuevonorte.com\/?p=130320#primaryimage\"},\"thumbnailUrl\":\"https:\/\/cdn.deultimominuto.net\/wp-content\/uploads\/2022\/02\/indigenas-mujeres.jpg\",\"datePublished\":\"2025-08-09T12:13:30+00:00\",\"dateModified\":\"2025-08-09T15:45:04+00:00\",\"breadcrumb\":{\"@id\":\"https:\/\/infoelnuevonorte.com\/?p=130320#breadcrumb\"},\"inLanguage\":\"es-DO\",\"potentialAction\":[{\"@type\":\"ReadAction\",\"target\":[\"https:\/\/infoelnuevonorte.com\/?p=130320\"]}]},{\"@type\":\"ImageObject\",\"inLanguage\":\"es-DO\",\"@id\":\"https:\/\/infoelnuevonorte.com\/?p=130320#primaryimage\",\"url\":\"https:\/\/cdn.deultimominuto.net\/wp-content\/uploads\/2022\/02\/indigenas-mujeres.jpg\",\"contentUrl\":\"https:\/\/cdn.deultimominuto.net\/wp-content\/uploads\/2022\/02\/indigenas-mujeres.jpg\"},{\"@type\":\"BreadcrumbList\",\"@id\":\"https:\/\/infoelnuevonorte.com\/?p=130320#breadcrumb\",\"itemListElement\":[{\"@type\":\"ListItem\",\"position\":1,\"name\":\"Home\",\"item\":\"https:\/\/infoelnuevonorte.com\/\"},{\"@type\":\"ListItem\",\"position\":2,\"name\":\"El 9 de agosto es D\u00eda Internacional de los Pueblos Ind\u00edgenas\"}]},{\"@type\":\"WebSite\",\"@id\":\"https:\/\/infoelnuevonorte.com\/#website\",\"url\":\"https:\/\/infoelnuevonorte.com\/\",\"name\":\"InfoEnn\",\"description\":\"Tu Voz, tu Verdad, tu Diario!!!\",\"publisher\":{\"@id\":\"https:\/\/infoelnuevonorte.com\/#organization\"},\"alternateName\":\"El Nuevo Norte\",\"potentialAction\":[{\"@type\":\"SearchAction\",\"target\":{\"@type\":\"EntryPoint\",\"urlTemplate\":\"https:\/\/infoelnuevonorte.com\/?s={search_term_string}\"},\"query-input\":{\"@type\":\"PropertyValueSpecification\",\"valueRequired\":true,\"valueName\":\"search_term_string\"}}],\"inLanguage\":\"es-DO\"},{\"@type\":\"Organization\",\"@id\":\"https:\/\/infoelnuevonorte.com\/#organization\",\"name\":\"Info El Nuevo Norte\",\"alternateName\":\"El Nuevo Norte\",\"url\":\"https:\/\/infoelnuevonorte.com\/\",\"logo\":{\"@type\":\"ImageObject\",\"inLanguage\":\"es-DO\",\"@id\":\"https:\/\/infoelnuevonorte.com\/#\/schema\/logo\/image\/\",\"url\":\"https:\/\/infoelnuevonorte.com\/wp-content\/uploads\/2026\/02\/Logo-Info-enn-3d-20ani.jpeg\",\"contentUrl\":\"https:\/\/infoelnuevonorte.com\/wp-content\/uploads\/2026\/02\/Logo-Info-enn-3d-20ani.jpeg\",\"width\":2046,\"height\":736,\"caption\":\"Info El Nuevo Norte\"},\"image\":{\"@id\":\"https:\/\/infoelnuevonorte.com\/#\/schema\/logo\/image\/\"},\"sameAs\":[\"https:\/\/www.facebook.com\/infoenn\",\"https:\/\/x.com\/Elnuevo_norte\",\"https:\/\/www.instagram.com\/infoenn\",\"https:\/\/www.facebook.com\/ENNRD\"]},{\"@type\":\"Person\",\"@id\":\"https:\/\/infoelnuevonorte.com\/#\/schema\/person\/3accb35eb55f55e96c492b52d085a403\",\"name\":\"T. R.\",\"image\":{\"@type\":\"ImageObject\",\"inLanguage\":\"es-DO\",\"@id\":\"https:\/\/infoelnuevonorte.com\/#\/schema\/person\/image\/\",\"url\":\"https:\/\/secure.gravatar.com\/avatar\/40543a038bda97abdb765b1662e9677d?s=96&d=robohash&r=g\",\"contentUrl\":\"https:\/\/secure.gravatar.com\/avatar\/40543a038bda97abdb765b1662e9677d?s=96&d=robohash&r=g\",\"caption\":\"T. R.\"},\"url\":\"https:\/\/infoelnuevonorte.com\/?author=2\"}]}<\/script>\n<!-- \/ Yoast SEO plugin. -->","yoast_head_json":{"title":"El 9 de agosto es D\u00eda Internacional de los Pueblos Ind\u00edgenas | El Nuevo Norte","robots":{"index":"index","follow":"follow","max-snippet":"max-snippet:-1","max-image-preview":"max-image-preview:large","max-video-preview":"max-video-preview:-1"},"canonical":"https:\/\/infoelnuevonorte.com\/?p=130320","og_locale":"es_ES","og_type":"article","og_title":"El 9 de agosto es D\u00eda Internacional de los Pueblos Ind\u00edgenas | El Nuevo Norte","og_description":"Cada 9 de\u00a0agosto, el mundo conmemora el\u00a0D\u00eda Internacional de los Pueblos Ind\u00edgenas, una fecha establecida por la\u00a0ONU\u00a0en recuerdo de la primera reuni\u00f3n del Grupo de Trabajo sobre Poblaciones Ind\u00edgenas celebrada en Ginebra en 1982. Esta jornada busca visibilizar sus luchas, reconocer sus derechos y promover acciones que garanticen la preservaci\u00f3n de sus culturas, lenguas y [&hellip;]","og_url":"https:\/\/infoelnuevonorte.com\/?p=130320","og_site_name":"El Nuevo Norte","article_publisher":"https:\/\/www.facebook.com\/infoenn","article_published_time":"2025-08-09T12:13:30+00:00","article_modified_time":"2025-08-09T15:45:04+00:00","og_image":[{"width":1030,"height":549,"url":"https:\/\/infoelnuevonorte.com\/wp-content\/uploads\/2025\/08\/descarga-2025-08-09T081143.048.png","type":"image\/png"}],"author":"T. R.","twitter_card":"summary_large_image","twitter_creator":"@Elnuevo_norte","twitter_site":"@Elnuevo_norte","twitter_misc":{"Written by":"T. R.","Est. reading time":"4 minutos"},"schema":{"@context":"https:\/\/schema.org","@graph":[{"@type":"Article","@id":"https:\/\/infoelnuevonorte.com\/?p=130320#article","isPartOf":{"@id":"https:\/\/infoelnuevonorte.com\/?p=130320"},"author":{"name":"T. R.","@id":"https:\/\/infoelnuevonorte.com\/#\/schema\/person\/3accb35eb55f55e96c492b52d085a403"},"headline":"El 9 de agosto es D\u00eda Internacional de los Pueblos Ind\u00edgenas","datePublished":"2025-08-09T12:13:30+00:00","dateModified":"2025-08-09T15:45:04+00:00","mainEntityOfPage":{"@id":"https:\/\/infoelnuevonorte.com\/?p=130320"},"wordCount":617,"publisher":{"@id":"https:\/\/infoelnuevonorte.com\/#organization"},"image":{"@id":"https:\/\/infoelnuevonorte.com\/?p=130320#primaryimage"},"thumbnailUrl":"https:\/\/cdn.deultimominuto.net\/wp-content\/uploads\/2022\/02\/indigenas-mujeres.jpg","articleSection":["Un dia como hoy"],"inLanguage":"es-DO"},{"@type":"WebPage","@id":"https:\/\/infoelnuevonorte.com\/?p=130320","url":"https:\/\/infoelnuevonorte.com\/?p=130320","name":"El 9 de agosto es D\u00eda Internacional de los Pueblos Ind\u00edgenas | El Nuevo Norte","isPartOf":{"@id":"https:\/\/infoelnuevonorte.com\/#website"},"primaryImageOfPage":{"@id":"https:\/\/infoelnuevonorte.com\/?p=130320#primaryimage"},"image":{"@id":"https:\/\/infoelnuevonorte.com\/?p=130320#primaryimage"},"thumbnailUrl":"https:\/\/cdn.deultimominuto.net\/wp-content\/uploads\/2022\/02\/indigenas-mujeres.jpg","datePublished":"2025-08-09T12:13:30+00:00","dateModified":"2025-08-09T15:45:04+00:00","breadcrumb":{"@id":"https:\/\/infoelnuevonorte.com\/?p=130320#breadcrumb"},"inLanguage":"es-DO","potentialAction":[{"@type":"ReadAction","target":["https:\/\/infoelnuevonorte.com\/?p=130320"]}]},{"@type":"ImageObject","inLanguage":"es-DO","@id":"https:\/\/infoelnuevonorte.com\/?p=130320#primaryimage","url":"https:\/\/cdn.deultimominuto.net\/wp-content\/uploads\/2022\/02\/indigenas-mujeres.jpg","contentUrl":"https:\/\/cdn.deultimominuto.net\/wp-content\/uploads\/2022\/02\/indigenas-mujeres.jpg"},{"@type":"BreadcrumbList","@id":"https:\/\/infoelnuevonorte.com\/?p=130320#breadcrumb","itemListElement":[{"@type":"ListItem","position":1,"name":"Home","item":"https:\/\/infoelnuevonorte.com\/"},{"@type":"ListItem","position":2,"name":"El 9 de agosto es D\u00eda Internacional de los Pueblos Ind\u00edgenas"}]},{"@type":"WebSite","@id":"https:\/\/infoelnuevonorte.com\/#website","url":"https:\/\/infoelnuevonorte.com\/","name":"InfoEnn","description":"Tu Voz, tu Verdad, tu Diario!!!","publisher":{"@id":"https:\/\/infoelnuevonorte.com\/#organization"},"alternateName":"El Nuevo Norte","potentialAction":[{"@type":"SearchAction","target":{"@type":"EntryPoint","urlTemplate":"https:\/\/infoelnuevonorte.com\/?s={search_term_string}"},"query-input":{"@type":"PropertyValueSpecification","valueRequired":true,"valueName":"search_term_string"}}],"inLanguage":"es-DO"},{"@type":"Organization","@id":"https:\/\/infoelnuevonorte.com\/#organization","name":"Info El Nuevo Norte","alternateName":"El Nuevo Norte","url":"https:\/\/infoelnuevonorte.com\/","logo":{"@type":"ImageObject","inLanguage":"es-DO","@id":"https:\/\/infoelnuevonorte.com\/#\/schema\/logo\/image\/","url":"https:\/\/infoelnuevonorte.com\/wp-content\/uploads\/2026\/02\/Logo-Info-enn-3d-20ani.jpeg","contentUrl":"https:\/\/infoelnuevonorte.com\/wp-content\/uploads\/2026\/02\/Logo-Info-enn-3d-20ani.jpeg","width":2046,"height":736,"caption":"Info El Nuevo Norte"},"image":{"@id":"https:\/\/infoelnuevonorte.com\/#\/schema\/logo\/image\/"},"sameAs":["https:\/\/www.facebook.com\/infoenn","https:\/\/x.com\/Elnuevo_norte","https:\/\/www.instagram.com\/infoenn","https:\/\/www.facebook.com\/ENNRD"]},{"@type":"Person","@id":"https:\/\/infoelnuevonorte.com\/#\/schema\/person\/3accb35eb55f55e96c492b52d085a403","name":"T. R.","image":{"@type":"ImageObject","inLanguage":"es-DO","@id":"https:\/\/infoelnuevonorte.com\/#\/schema\/person\/image\/","url":"https:\/\/secure.gravatar.com\/avatar\/40543a038bda97abdb765b1662e9677d?s=96&d=robohash&r=g","contentUrl":"https:\/\/secure.gravatar.com\/avatar\/40543a038bda97abdb765b1662e9677d?s=96&d=robohash&r=g","caption":"T. R."},"url":"https:\/\/infoelnuevonorte.com\/?author=2"}]}},"_links":{"self":[{"href":"https:\/\/infoelnuevonorte.com\/index.php?rest_route=\/wp\/v2\/posts\/130320"}],"collection":[{"href":"https:\/\/infoelnuevonorte.com\/index.php?rest_route=\/wp\/v2\/posts"}],"about":[{"href":"https:\/\/infoelnuevonorte.com\/index.php?rest_route=\/wp\/v2\/types\/post"}],"author":[{"embeddable":true,"href":"https:\/\/infoelnuevonorte.com\/index.php?rest_route=\/wp\/v2\/users\/2"}],"replies":[{"embeddable":true,"href":"https:\/\/infoelnuevonorte.com\/index.php?rest_route=%2Fwp%2Fv2%2Fcomments&post=130320"}],"version-history":[{"count":1,"href":"https:\/\/infoelnuevonorte.com\/index.php?rest_route=\/wp\/v2\/posts\/130320\/revisions"}],"predecessor-version":[{"id":130323,"href":"https:\/\/infoelnuevonorte.com\/index.php?rest_route=\/wp\/v2\/posts\/130320\/revisions\/130323"}],"wp:attachment":[{"href":"https:\/\/infoelnuevonorte.com\/index.php?rest_route=%2Fwp%2Fv2%2Fmedia&parent=130320"}],"wp:term":[{"taxonomy":"category","embeddable":true,"href":"https:\/\/infoelnuevonorte.com\/index.php?rest_route=%2Fwp%2Fv2%2Fcategories&post=130320"},{"taxonomy":"post_tag","embeddable":true,"href":"https:\/\/infoelnuevonorte.com\/index.php?rest_route=%2Fwp%2Fv2%2Ftags&post=130320"}],"curies":[{"name":"wp","href":"https:\/\/api.w.org\/{rel}","templated":true}]}}