{"id":131523,"date":"2025-08-12T16:43:31","date_gmt":"2025-08-12T20:43:31","guid":{"rendered":"https:\/\/infoelnuevonorte.com\/?p=131523"},"modified":"2025-08-12T16:43:32","modified_gmt":"2025-08-12T20:43:32","slug":"por-que-agosto-y-septiembre-son-tan-peligrosos-la-curva-historica-de-los-huracanes-mas-intensos","status":"publish","type":"post","link":"https:\/\/infoelnuevonorte.com\/?p=131523","title":{"rendered":"\u00bfPor qu\u00e9 agosto y septiembre son tan peligrosos?: la curva hist\u00f3rica de los huracanes m\u00e1s intensos"},"content":{"rendered":"<p style=\"text-align: justify;\">A prop\u00f3sito de la formaci\u00f3n este 11 de agosto de la\u00a0<strong>tormenta tropical Erin<\/strong>, la cual se vaticina podr\u00eda\u00a0<strong>convertirse en hurac\u00e1n<\/strong>, se recuerda que los meses de\u00a0<strong>agosto y septiembre<\/strong>\u00a0son el periodo pico de la\u00a0<strong>temporada cicl\u00f3nica<\/strong>\u00a0y en los que han afectado al pa\u00eds los fen\u00f3menos m\u00e1s\u00a0<strong>devastadores<\/strong>\u00a0de la historia local.<\/p>\n<p style=\"text-align: justify;\">Los cuatro\u00a0<strong>ciclones tropicales<\/strong>\u00a0m\u00e1s\u00a0<strong>devastadores<\/strong>\u00a0en la historia del pa\u00eds se formaron entre los meses de\u00a0<strong>agosto y septiembre<\/strong>\u00a0generando consecuencias nefastas y grandes\u00a0<strong>p\u00e9rdidas<\/strong>.<\/p>\n<p style=\"text-align: justify;\">En resumen, desde 1873 hasta el 2023, un total de\u00a0<strong>37 huracanes<\/strong>\u00a0y\u00a0<strong>52 tormentas tropicales<\/strong>, as\u00ed como dos depresiones tropicales, han afectado el territorio dominicano de manera directa o indirecta con uno, dos y hasta tres de los\u00a0<strong>efectos destructivos<\/strong>\u00a0de los\u00a0<strong>ciclones tropicales<\/strong> como son fuertes vientos, intensas lluvias y marejadas cicl\u00f3nicas, seg\u00fan datos oficiales.<\/p>\n<p style=\"text-align: justify;\">Cuatro de estos eventos han marcado la historia del pa\u00eds con consecuencias nefastas como el caso de\u00a0<strong>San Zen\u00f3n<\/strong>\u00a0(3 de septiembre de 1930),\u00a0<strong>In\u00e9s<\/strong>\u00a0(29 de septiembre de 1966),\u00a0<strong>David<\/strong>\u00a0(31 de agosto de 1979) y\u00a0<strong>Georges<\/strong>\u00a0(22 de septiembre de 1998), considerados los cuatro m\u00e1s destructivos y causando en conjunto m\u00e1s de 6,000 muertes y da\u00f1os superiores a 3,000 millones de d\u00f3lares seg\u00fan estimaciones de la Comisi\u00f3n Econ\u00f3mica para Am\u00e9rica Latina y el Caribe (Cepal).<\/p>\n<h2 style=\"text-align: justify;\">El pico<\/h2>\n<p style=\"text-align: justify;\">La gran mayor\u00eda de la actividad cicl\u00f3nica en el\u00a0<strong>Atl\u00e1ntico<\/strong>\u00a0tiene lugar durante agosto-septiembre-octubre, los\u00a0<strong>meses climatol\u00f3gicos<\/strong>\u00a0m\u00e1s importantes de la\u00a0<strong>temporada de huracanes<\/strong>.<\/p>\n<p style=\"text-align: justify;\">Al respecto, el Centro Nacional de Huracanes de Estados Unidos (CNH) indica que la principal \u00e9poca del a\u00f1o para los\u00a0<strong>ciclones tropicales<\/strong>\u00a0es durante el verano y el oto\u00f1o: julio-octubre, pero que el pico en verano\/oto\u00f1o se debe a que todos los ingredientes necesarios se vuelven m\u00e1s favorables durante esta \u00e9poca: \"<strong>aguas oce\u00e1nicas c\u00e1lidas<\/strong>\u00a0(por lo menos 26\u00b0C), una atm\u00f3sfera tropical que puede desencadenar f\u00e1cilmente la convecci\u00f3n (es decir, tormentas el\u00e9ctricas), una baja cizalla vertical en la troposfera, y una cantidad sustancial de giro a gran escala disponible\".<\/p>\n<p style=\"text-align: justify;\">La temporada oficial de huracanes para la cuenca del\u00a0<strong>Atl\u00e1ntico<\/strong>\u00a0es del 1 de junio al 30 de noviembre, pero la actividad de\u00a0<strong>ciclones tropicales<\/strong>\u00a0a veces ocurre antes y despu\u00e9s de estas fechas, respectivamente. El pico de la\u00a0<strong>temporada de huracanes<\/strong>\u00a0del\u00a0<strong>Atl\u00e1ntico<\/strong>\u00a0es espec\u00edficamente el\u00a0<strong>10 de septiembre<\/strong>, con la mayor actividad entre mediados de agosto y mediados de octubre, de acuerdo al CNH.<\/p>\n<p style=\"text-align: justify;\">De acuerdo a registros hist\u00f3ricos, la primera tormenta con nombre suele formarse entre mediados y finales de junio, el\u00a0<strong>primer hurac\u00e1n<\/strong>\u00a0suele formarse entre principios y mediados de agosto, y el\u00a0<strong>primer hurac\u00e1n<\/strong>\u00a0mayor se forma a finales de agosto o principios de septiembre.<\/p>\n<h2 style=\"text-align: justify;\">Trayectoria de los\u00a0<strong>huracanes en RD<\/strong><\/h2>\n<p style=\"text-align: justify;\">A continuaci\u00f3n, y como una forma de orientar sobre la peligrosidad de los fen\u00f3menos tropicales en Rep\u00fablica Dominicana se muestra la\u00a0<strong>trayectoria<\/strong>\u00a0que tuvieron los principales ciclones que han afectado el pa\u00eds en\u00a0<strong>agosto y septiembre<\/strong>\u00a0construida utilizando la herramienta Hurricane Tracks de la NOAA.<\/p>\n<h2 style=\"text-align: justify;\"><strong>San Zen\u00f3n<\/strong><\/h2>\n<p style=\"text-align: justify;\"><strong>San Zen\u00f3n<\/strong>\u00a0afect\u00f3 el pa\u00eds el 3 de septiembre de 1930 y est\u00e1 considerado como uno de los huracanes que m\u00e1s\u00a0<strong>destrucci\u00f3n<\/strong>\u00a0ha causado. Su ojo pas\u00f3 justo por encima de la capital dominicana, que en aquel entonces ten\u00eda unos 70,000 habitantes, seg\u00fan el Archivo General de la Naci\u00f3n.<\/p>\n<p style=\"text-align: justify;\"><strong>San Zen\u00f3n<\/strong>\u00a0caus\u00f3 4,000\u00a0<strong>muertos<\/strong>\u00a0y 20,000 heridos. P\u00e9rdidas directas por m\u00e1s de 15 millones de d\u00f3lares.<\/p>\n<h2 style=\"text-align: justify;\"><strong>In\u00e9s<\/strong><\/h2>\n<p style=\"text-align: justify;\">El hurac\u00e1n\u00a0<strong>In\u00e9s<\/strong>\u00a0toc\u00f3 tierra en Rep\u00fablica Dominicana el 29 de septiembre de 1966 como\u00a0<strong>categor\u00eda 5<\/strong>, causando 70\u00a0<strong>muertos<\/strong>\u00a0y\u00a0<strong>p\u00e9rdidas<\/strong> por 10 millones de d\u00f3lares.<\/p>\n<figure class=\"inline-block\" style=\"text-align: justify;\"><picture><img decoding=\"async\" class=\"mx-auto lazy loaded\" src=\"https:\/\/resources.diariolibre.com\/images\/2025\/08\/12\/ines-20a13bf5.jpg\" alt=\"Infograf\u00eda\" width=\"auto\" height=\"350\" data-src=\"https:\/\/resources.diariolibre.com\/images\/2025\/08\/12\/ines-20a13bf5.jpg\" data-was-processed=\"true\" \/><\/picture>\n<figcaption>Trayectoria del hurac\u00e1n In\u00e9s.\u00a0(<strong>NOAA<\/strong>)<\/figcaption>\n<\/figure>\n<h2 style=\"text-align: justify;\"><strong>David<\/strong><\/h2>\n<p style=\"text-align: justify;\">El fen\u00f3meno que se conocer\u00eda como\u00a0<strong>David<\/strong>\u00a0se convirti\u00f3 en\u00a0<strong>depresi\u00f3n tropical<\/strong>\u00a0el 25 de agosto de 1979 en aguas del oc\u00e9ano\u00a0<strong>Atl\u00e1ntico<\/strong>\u00a0al suroeste de Cabo Verde.<\/p>\n<p style=\"text-align: justify;\">El 31 de agosto toc\u00f3 tierra en Rep\u00fablica Dominicana como\u00a0<strong>categor\u00eda 5<\/strong>. Entr\u00f3 al pa\u00eds por San Crist\u00f3bal, espec\u00edficamente Nigua, en horas de la tarde, siguiendo una ruta hacia el noroeste hacia Monse\u00f1or Nouel, zona donde el 1 de septiembre baj\u00f3 a categor\u00eda 4. De ah\u00ed, ese d\u00eda sigui\u00f3 su ruta hacia el oeste para salir rumbo a Hait\u00ed por la zona de El\u00edas Pi\u00f1a.<\/p>\n<figure class=\"inline-block\" style=\"text-align: justify;\"><picture><img decoding=\"async\" class=\"mx-auto lazy loaded\" src=\"https:\/\/resources.diariolibre.com\/images\/2025\/08\/12\/whatsapp-image-2024-08-30-at-84137-am-ce93f023.jpeg\" alt=\"Infograf\u00eda\" width=\"auto\" height=\"350\" data-src=\"https:\/\/resources.diariolibre.com\/images\/2025\/08\/12\/whatsapp-image-2024-08-30-at-84137-am-ce93f023.jpeg\" data-was-processed=\"true\" \/><\/picture>\n<figcaption>Zona donde entr\u00f3 el hurac\u00e1n David.\u00a0(<strong>NOAA<\/strong>)<\/figcaption>\n<\/figure>\n<p style=\"text-align: justify;\">Resultados de\u00a0<strong>David<\/strong>: 2,000 personas\u00a0<strong>muertas<\/strong>\u00a0y\u00a0<strong>p\u00e9rdidas<\/strong>\u00a0calculadas en 829 millones de d\u00f3lares.<\/p>\n<p style=\"text-align: justify;\">En Rep\u00fablica Dominicana, los vientos intensos de\u00a0<strong>David<\/strong>\u00a0derribaron<strong>\u00a0\u00e1rboles<\/strong>, edificaciones e infraestructura menor, y afectaron considerablemente las viviendas, las escuelas y otras edificaciones, as\u00ed como a numerosos cultivos.<\/p>\n<figure class=\"inline-block\" style=\"text-align: justify;\"><picture><img decoding=\"async\" class=\"mx-auto lazy loaded\" src=\"https:\/\/resources.diariolibre.com\/images\/2025\/08\/12\/david-5287e65d.jpg\" alt=\"Infograf\u00eda\" width=\"auto\" height=\"350\" data-src=\"https:\/\/resources.diariolibre.com\/images\/2025\/08\/12\/david-5287e65d.jpg\" data-was-processed=\"true\" \/><\/picture>\n<figcaption>Trayectoria del hurac\u00e1n David en 1979.\u00a0(<strong>NOAA<\/strong>)<\/figcaption>\n<\/figure>\n<p style=\"text-align: justify;\">De acuerdo a un informe de\u00a0<strong>la Cepal, las intensas lluvias<\/strong>, que en algunas localidades de la provincia de La Vega llegaron a superar los 400 mil\u00edmetros, originaron inundaciones de consideraci\u00f3n al salirse de cauce numerosos r\u00edos, lo que afect\u00f3 directamente a algunas obras de aprovechamiento hidroel\u00e9ctrico, de riego y de agua potable, as\u00ed como a los puentes de varias carreteras.<\/p>\n<h2 style=\"text-align: justify;\">La tormenta Federico<\/h2>\n<p style=\"text-align: justify;\">El pa\u00eds que ya hab\u00eda sido afectado por el\u00a0<strong>hurac\u00e1n<\/strong>\u00a0<strong>David<\/strong>, tuvo que enfrentarse a otra situaci\u00f3n, pues apenas cinco d\u00edas despu\u00e9s lleg\u00f3 la tormenta Federico.<\/p>\n<p style=\"text-align: justify;\">Los vientos d\u00e9 este fen\u00f3meno eran inferiores a los 75 kil\u00f3metros por hora, pero las nuevas\u00a0<strong>lluvias<\/strong>, entre 250 y 400 mil\u00edmetros, causaron tanto o m\u00e1s da\u00f1os que los infligidos por\u00a0<strong>David<\/strong>, destaca la Cepal.<\/p>\n<figure class=\"inline-block\" style=\"text-align: justify;\">\n<div class=\"expand-img-placeholder\"><img loading=\"lazy\" decoding=\"async\" src=\"https:\/\/resources.diariolibre.com\/images\/expand.svg\" alt=\"Expandir imagen\" width=\"20\" height=\"20\" \/><\/div>\n<picture><img decoding=\"async\" class=\"mx-auto lazy loaded\" src=\"https:\/\/resources.diariolibre.com\/images\/2025\/08\/12\/federico-43c13cdb.jpg\" alt=\"Infograf\u00eda\" width=\"auto\" height=\"350\" data-src=\"https:\/\/resources.diariolibre.com\/images\/2025\/08\/12\/federico-43c13cdb.jpg\" data-was-processed=\"true\" \/><\/picture>\n<figcaption>Ruta de la tormenta Federico.\u00a0(<strong>NOAA<\/strong>)<\/figcaption>\n<\/figure>\n<p style=\"text-align: justify;\">\"Debido a que, como resultado de las\u00a0<strong>lluvias de David<\/strong>, los suelos se encontraban todav\u00eda en su punto de saturaci\u00f3n h\u00eddrica, casi todo el volumen precipitado por Federico escurri\u00f3 hacia los r\u00edos. Ello caus\u00f3 inundaciones generalizadas en todo el pa\u00eds, que originaron la p\u00e9rdida o socavaci\u00f3n de puentes y alcantarillas, deslizamientos y otros da\u00f1os en las carreteras, as\u00ed como en otras obras de aprovechamiento hidr\u00e1ulico\", se\u00f1ala la Cepal.<\/p>\n<h2 style=\"text-align: justify;\"><strong>Georges<\/strong><\/h2>\n<p style=\"text-align: justify;\">El fen\u00f3meno tropical era una\u00a0<strong>depresi\u00f3n tropical<\/strong>\u00a0el 15 de septiembre de 1998 al sur de Cabo Verde, luego en su ruta por el oc\u00e9ano\u00a0<strong>Atl\u00e1ntico<\/strong>\u00a0el 16 de septiembre se convirti\u00f3 en\u00a0<strong>tormenta tropical<\/strong>.<\/p>\n<p style=\"text-align: justify;\">Con categor\u00eda 3, el martes 22 de septiembre el ojo del hurac\u00e1n toc\u00f3 tierra en\u00a0<strong>Rep\u00fablica Dominicana\u00a0<\/strong>por La Altagracia siguiendo su ruta hacia el noroeste por San Pedro de Macor\u00eds, La Romana, cruzando su centro luego por el norte de Santo Domingo, espec\u00edficamente al norte de la comunidad San Antonio de Guerra para hacer un giro hacia el oeste y seguir por la zona norte.<\/p>\n<figure class=\"inline-block\" style=\"text-align: justify;\">\n<div class=\"expand-img-placeholder\"><img loading=\"lazy\" decoding=\"async\" src=\"https:\/\/resources.diariolibre.com\/images\/expand.svg\" alt=\"Expandir imagen\" width=\"20\" height=\"20\" \/><\/div>\n<picture><img decoding=\"async\" class=\"mx-auto lazy loaded\" src=\"https:\/\/resources.diariolibre.com\/images\/2025\/08\/12\/a-190f1dd6.jpg\" alt=\"Infograf\u00eda\" width=\"auto\" height=\"350\" data-src=\"https:\/\/resources.diariolibre.com\/images\/2025\/08\/12\/a-190f1dd6.jpg\" data-was-processed=\"true\" \/><\/picture>\n<figcaption>Hurac\u00e1n Georges al momento de tocar tierra en Rep\u00fablica Dominicana.\u00a0(<strong>NOAA<\/strong>)<\/figcaption>\n<\/figure>\n<p style=\"text-align: justify;\">El fen\u00f3meno alcanz\u00f3 a las 3:00 de la tarde de ese d\u00eda una posici\u00f3n norte-noreste a 10 kil\u00f3metros de\u00a0<strong>Santo Domingo<\/strong>, la capital del pa\u00eds.<\/p>\n<p style=\"text-align: justify;\">En su ruta cruz\u00f3 sobre\u00a0<strong>La Cuaba<\/strong>, Villa Altagracia (San Crist\u00f3bal), el norte de lo que hoy es la provincia San Jos\u00e9 de Ocoa, S\u00e1bana Queliz en el Parque Nacional Valle Nuevo, tras lo cual baj\u00f3 a categor\u00eda 1 el 23 de septiembre. Continu\u00f3 por San Juan de la Maguana y sali\u00f3 por El\u00edas Pi\u00f1a.<\/p>\n<figure class=\"inline-block\" style=\"text-align: justify;\">\n<div class=\"expand-img-placeholder\"><img loading=\"lazy\" decoding=\"async\" src=\"https:\/\/resources.diariolibre.com\/images\/expand.svg\" alt=\"Expandir imagen\" width=\"20\" height=\"20\" \/><\/div>\n<picture><img decoding=\"async\" class=\"mx-auto lazy loaded\" src=\"https:\/\/resources.diariolibre.com\/images\/2025\/08\/12\/george-f015435a.jpg\" alt=\"Infograf\u00eda\" width=\"auto\" height=\"350\" data-src=\"https:\/\/resources.diariolibre.com\/images\/2025\/08\/12\/george-f015435a.jpg\" data-was-processed=\"true\" \/><\/picture>\n<figcaption>Ruta del hurac\u00e1n Georges en Rep\u00fablica Dominicana.\u00a0(<strong>NOAA<\/strong>)<\/figcaption>\n<\/figure>\n<p style=\"text-align: justify;\">Datos de obtenidos por sat\u00e9lite sugieren que pueden haber ca\u00eddo hasta 39 pulgadas de\u00a0<strong>lluvia<\/strong>\u00a0(990 mil\u00edmetros) en partes de la\u00a0<strong>Rep\u00fablica Dominicana<\/strong>\u00a0y Hait\u00ed durante un per\u00edodo de 24 horas, seg\u00fan NOAA.<\/p>\n<p style=\"text-align: justify;\">Seg\u00fan los registros de la estaci\u00f3n meteorol\u00f3gica central en Santo Domingo, la\u00a0<strong>lluvia<\/strong>\u00a0total super\u00f3 los 409.3 mil\u00edmetros en un per\u00edodo de 15 horas 28 minutos, con\u00a0<strong>vientos m\u00e1ximos<\/strong>\u00a0sostenidos de 170 kil\u00f3metros por hora y r\u00e1fagas de entre 200 y 220 kil\u00f3metros por hora.<\/p>\n<figure class=\"inline-block\" style=\"text-align: justify;\">\n<div class=\"expand-img-placeholder\"><img loading=\"lazy\" decoding=\"async\" src=\"https:\/\/resources.diariolibre.com\/images\/expand.svg\" alt=\"Expandir imagen\" width=\"20\" height=\"20\" \/><\/div>\n<picture><img decoding=\"async\" class=\"mx-auto lazy loaded\" src=\"https:\/\/resources.diariolibre.com\/images\/2025\/08\/12\/b-b2b716c4.jpg\" alt=\"Infograf\u00eda\" width=\"auto\" height=\"350\" data-src=\"https:\/\/resources.diariolibre.com\/images\/2025\/08\/12\/b-b2b716c4.jpg\" data-was-processed=\"true\" \/><\/picture>\n<figcaption>Reparto de agua potable, luego de que las redes de acueducto colapsaron.\u00a0(<strong>ARCHIVO GENERAL DE LA NACI\u00d3N<\/strong>)<\/figcaption>\n<\/figure>\n<p style=\"text-align: justify;\">El hurac\u00e1n\u00a0<strong>Georges<\/strong>\u00a0afect\u00f3 la Rep\u00fablica Dominicana generando un saldo de\u00a0<strong>283 muertes<\/strong>\u00a0y\u00a0<strong>595 personas heridas<\/strong>.<\/p>\n<h2 style=\"text-align: justify;\">Lista<\/h2>\n<p style=\"text-align: justify;\">Adem\u00e1s de estos cuatro huracanes, otros ciclones han afectado el territorio dominicano en los meses de\u00a0<strong>agosto y septiembre<\/strong>, estos son:<\/p>\n<p style=\"text-align: justify;\"><strong>San Ciriaco<\/strong>\u00a0\u2013 9 de agosto de 1899.<\/p>\n<p style=\"text-align: justify;\"><strong>Cleo<\/strong>\u00a0\u2013 24 de agosto de 1964<\/p>\n<p style=\"text-align: justify;\"><strong>Beluah<\/strong>\u00a0\u2013 11 de septiembre de 1967.<\/p>\n<p style=\"text-align: justify;\"><strong>Eloisa<\/strong>\u00a0\u2013 17 de septiembre de 1975.<\/p>\n<p style=\"text-align: justify;\"><strong>Allen<\/strong>\u00a0\u2013 5 de agosto de 1980.<\/p>\n<p style=\"text-align: justify;\"><strong>Emily<\/strong>\u00a0\u2013 22 de septiembre de 1987.<\/p>\n<p style=\"text-align: justify;\"><strong>Gilbert<\/strong>\u00a0\u2013 11 de septiembre de 1988.<\/p>\n<p style=\"text-align: justify;\"><strong>Hortensia<\/strong>\u00a0(tormenta) \u2013\u00a0<strong>10 de septiembre<\/strong>\u00a0de 1996.<\/p>\n<p style=\"text-align: justify;\"><strong>Jeanne<\/strong>\u00a0(hurac\u00e1n) \u2013 16 de septiembre de 2004.<\/p>\n<p style=\"text-align: justify;\"><strong>Fiona<\/strong>\u00a0(hurac\u00e1n) \u2013 19 de septiembre de 2022.<\/p>\n<p style=\"text-align: justify;\"><strong>Franklin<\/strong>\u00a0(<strong>tormenta tropical<\/strong>) &#8211; 22 y 23 de agosto de 2023.<\/p>\n\n\n<div class=\"wp-block-group\"><div class=\"wp-block-group__inner-container is-layout-constrained wp-block-group-is-layout-constrained\">\n<div id=\"DenunciayAPP\" class=\"wp-block-group\"><div class=\"wp-block-group__inner-container is-layout-constrained wp-block-group-is-layout-constrained\">\n<p><a href=\"https:\/\/whatsapp.com\/channel\/0029Va88WGP2ER6ZxD6TCa3U\" target=\"_blank\" rel=\"noopener\"><img loading=\"lazy\" decoding=\"async\" class=\"aligncenter size-full wp-image-155512\" src=\"https:\/\/infoelnuevonorte.com\/wp-content\/uploads\/2025\/10\/Canal-whatsapp-infoenn.jpeg\" alt=\"\" width=\"2046\" height=\"554\" srcset=\"https:\/\/infoelnuevonorte.com\/wp-content\/uploads\/2025\/10\/Canal-whatsapp-infoenn.jpeg 2046w, https:\/\/infoelnuevonorte.com\/wp-content\/uploads\/2025\/10\/Canal-whatsapp-infoenn-300x81.jpeg 300w, https:\/\/infoelnuevonorte.com\/wp-content\/uploads\/2025\/10\/Canal-whatsapp-infoenn-1024x277.jpeg 1024w, https:\/\/infoelnuevonorte.com\/wp-content\/uploads\/2025\/10\/Canal-whatsapp-infoenn-768x208.jpeg 768w, https:\/\/infoelnuevonorte.com\/wp-content\/uploads\/2025\/10\/Canal-whatsapp-infoenn-1536x416.jpeg 1536w, https:\/\/infoelnuevonorte.com\/wp-content\/uploads\/2025\/10\/Canal-whatsapp-infoenn-1551x420.jpeg 1551w, https:\/\/infoelnuevonorte.com\/wp-content\/uploads\/2025\/10\/Canal-whatsapp-infoenn-150x41.jpeg 150w, https:\/\/infoelnuevonorte.com\/wp-content\/uploads\/2025\/10\/Canal-whatsapp-infoenn-696x188.jpeg 696w, https:\/\/infoelnuevonorte.com\/wp-content\/uploads\/2025\/10\/Canal-whatsapp-infoenn-1068x289.jpeg 1068w, https:\/\/infoelnuevonorte.com\/wp-content\/uploads\/2025\/10\/Canal-whatsapp-infoenn-1920x520.jpeg 1920w\" sizes=\"(max-width: 2046px) 100vw, 2046px\" \/><\/a><\/p>\n<p>\ud83d\udd17 S\u00edguenos en nuestras redes:<br data-start=\"2686\" data-end=\"2689\" \/><a href=\"https:\/\/x.com\/Elnuevo_norte\">X<\/a> | <a class=\"\" href=\"https:\/\/t.me\/infoenn\" target=\"_new\" rel=\"noopener\" data-start=\"2757\" data-end=\"2789\">Telegram<\/a> | <a class=\"\" href=\"https:\/\/instagram.com\/noticiasenn1?r=nametag\" target=\"_new\" rel=\"noopener\" data-start=\"2792\" data-end=\"2849\">Instagram<\/a><br data-start=\"2849\" data-end=\"2852\" \/><a class=\"\" href=\"https:\/\/www.facebook.com\/infoenn\" target=\"_new\" rel=\"noopener\" data-start=\"2852\" data-end=\"2896\">Facebook<\/a> | <a class=\"\" href=\"https:\/\/www.threads.net\/@noticiasenn1\" target=\"_new\" rel=\"noopener\" data-start=\"2899\" data-end=\"2947\">Threads<\/a> | <a class=\"\" href=\"https:\/\/www.youtube.com\/channel\/UCZZJg_scU1p_c6cvyCHY48A\" target=\"_new\" rel=\"noopener\" data-start=\"2950\" data-end=\"3017\" data-is-last-node=\"\">YouTube<\/a><\/p>\n<p>\ud83d\ude4f \u00a1Tu apoyo es importante!<\/p>\n<p>\ud83d\udd3bDESCARGAR NUESTRA APP \"<span style=\"color: #0000ff;\"><strong>Info ENN<\/strong><\/span>\"<\/p>\n\n\n\n<div class=\"wp-block-buttons is-content-justification-left is-layout-flex wp-container-core-buttons-is-layout-1 wp-block-buttons-is-layout-flex\">\n<div class=\"wp-block-button is-style-3d\"><a class=\"wp-block-button__link has-white-background-color has-background wp-element-button\" href=\"https:\/\/apps.apple.com\/do\/app\/infoenn\/id6503000762\"><img loading=\"lazy\" decoding=\"async\" width=\"150\" height=\"50\" class=\"wp-image-104096\" style=\"width: 150px;\" src=\"https:\/\/infoelnuevonorte.com\/wp-content\/uploads\/2025\/05\/Download_on_the_App_Store_RGB_blk.svg_.png\" alt=\"\" srcset=\"https:\/\/infoelnuevonorte.com\/wp-content\/uploads\/2025\/05\/Download_on_the_App_Store_RGB_blk.svg_.png 1280w, https:\/\/infoelnuevonorte.com\/wp-content\/uploads\/2025\/05\/Download_on_the_App_Store_RGB_blk.svg_-300x100.png 300w, https:\/\/infoelnuevonorte.com\/wp-content\/uploads\/2025\/05\/Download_on_the_App_Store_RGB_blk.svg_-1024x342.png 1024w, https:\/\/infoelnuevonorte.com\/wp-content\/uploads\/2025\/05\/Download_on_the_App_Store_RGB_blk.svg_-768x257.png 768w, https:\/\/infoelnuevonorte.com\/wp-content\/uploads\/2025\/05\/Download_on_the_App_Store_RGB_blk.svg_-1256x420.png 1256w, https:\/\/infoelnuevonorte.com\/wp-content\/uploads\/2025\/05\/Download_on_the_App_Store_RGB_blk.svg_-150x50.png 150w, https:\/\/infoelnuevonorte.com\/wp-content\/uploads\/2025\/05\/Download_on_the_App_Store_RGB_blk.svg_-696x233.png 696w, https:\/\/infoelnuevonorte.com\/wp-content\/uploads\/2025\/05\/Download_on_the_App_Store_RGB_blk.svg_-1068x357.png 1068w, https:\/\/infoelnuevonorte.com\/wp-content\/uploads\/2025\/05\/Download_on_the_App_Store_RGB_blk.svg_-200x67.png 200w\" sizes=\"(max-width: 150px) 100vw, 150px\" \/><\/a><\/div>\n<\/div>\n\n\n\n<div class=\"wp-block-buttons is-layout-flex wp-block-buttons-is-layout-flex\">\n<div class=\"wp-block-button is-style-3d td_btn_large\"><a class=\"wp-block-button__link has-white-background-color has-background wp-element-button\" href=\"https:\/\/mega.nz\/file\/vRhVTJBD#6P0Os8p_y2oJgZIa__7dhjqdpW42XJ_cY3zmbyxVohM\" target=\"_blank\" rel=\"noreferrer noopener\"><mark style=\"background-color:rgba(0, 0, 0, 0)\" class=\"has-inline-color has-light-green-cyan-color\"><img loading=\"lazy\" decoding=\"async\" width=\"150\" height=\"49\" class=\"wp-image-104095\" style=\"width: 150px;\" src=\"https:\/\/infoelnuevonorte.com\/wp-content\/uploads\/2025\/05\/badge-google-play-and-app-store-button-download-free-png.webp\" alt=\"\" srcset=\"https:\/\/infoelnuevonorte.com\/wp-content\/uploads\/2025\/05\/badge-google-play-and-app-store-button-download-free-png.webp 1920w, https:\/\/infoelnuevonorte.com\/wp-content\/uploads\/2025\/05\/badge-google-play-and-app-store-button-download-free-png-300x98.webp 300w, https:\/\/infoelnuevonorte.com\/wp-content\/uploads\/2025\/05\/badge-google-play-and-app-store-button-download-free-png-1024x335.webp 1024w, https:\/\/infoelnuevonorte.com\/wp-content\/uploads\/2025\/05\/badge-google-play-and-app-store-button-download-free-png-768x252.webp 768w, https:\/\/infoelnuevonorte.com\/wp-content\/uploads\/2025\/05\/badge-google-play-and-app-store-button-download-free-png-1536x503.webp 1536w, https:\/\/infoelnuevonorte.com\/wp-content\/uploads\/2025\/05\/badge-google-play-and-app-store-button-download-free-png-1282x420.webp 1282w, https:\/\/infoelnuevonorte.com\/wp-content\/uploads\/2025\/05\/badge-google-play-and-app-store-button-download-free-png-150x49.webp 150w, https:\/\/infoelnuevonorte.com\/wp-content\/uploads\/2025\/05\/badge-google-play-and-app-store-button-download-free-png-696x228.webp 696w, https:\/\/infoelnuevonorte.com\/wp-content\/uploads\/2025\/05\/badge-google-play-and-app-store-button-download-free-png-1068x350.webp 1068w, https:\/\/infoelnuevonorte.com\/wp-content\/uploads\/2025\/05\/badge-google-play-and-app-store-button-download-free-png-200x66.webp 200w\" sizes=\"(max-width: 150px) 100vw, 150px\" \/><\/mark><\/a><\/div>\n<\/div>\n\n\n\n<p style=\"text-align: justify;\"><strong data-start=\"0\" data-end=\"18\" data-is-only-node=\"\"><a href=\"https:\/\/infoelnuevonorte.com\/\"><img loading=\"lazy\" decoding=\"async\" class=\" wp-image-159681 alignleft\" src=\"https:\/\/infoelnuevonorte.com\/wp-content\/uploads\/2025\/11\/Logo-3d-infoenn-con-fondo-blanco.jpg\" alt=\"\" width=\"240\" height=\"86\" srcset=\"https:\/\/infoelnuevonorte.com\/wp-content\/uploads\/2025\/11\/Logo-3d-infoenn-con-fondo-blanco.jpg 1696w, https:\/\/infoelnuevonorte.com\/wp-content\/uploads\/2025\/11\/Logo-3d-infoenn-con-fondo-blanco-300x108.jpg 300w, https:\/\/infoelnuevonorte.com\/wp-content\/uploads\/2025\/11\/Logo-3d-infoenn-con-fondo-blanco-1024x367.jpg 1024w, https:\/\/infoelnuevonorte.com\/wp-content\/uploads\/2025\/11\/Logo-3d-infoenn-con-fondo-blanco-768x275.jpg 768w, https:\/\/infoelnuevonorte.com\/wp-content\/uploads\/2025\/11\/Logo-3d-infoenn-con-fondo-blanco-1536x551.jpg 1536w, https:\/\/infoelnuevonorte.com\/wp-content\/uploads\/2025\/11\/Logo-3d-infoenn-con-fondo-blanco-1172x420.jpg 1172w, https:\/\/infoelnuevonorte.com\/wp-content\/uploads\/2025\/11\/Logo-3d-infoenn-con-fondo-blanco-150x54.jpg 150w, https:\/\/infoelnuevonorte.com\/wp-content\/uploads\/2025\/11\/Logo-3d-infoenn-con-fondo-blanco-696x250.jpg 696w, https:\/\/infoelnuevonorte.com\/wp-content\/uploads\/2025\/11\/Logo-3d-infoenn-con-fondo-blanco-1068x383.jpg 1068w\" sizes=\"(max-width: 240px) 100vw, 240px\" \/><\/a>El Nuevo Norte<\/strong> es un peri\u00f3dico digital dominicano fundado el <strong data-start=\"65\" data-end=\"90\">12 de febrero de 2006<\/strong> por el periodista <strong data-start=\"109\" data-end=\"129\">Junior Henr\u00edquez<\/strong>, quien funge como director y fundador. A trav\u00e9s de la web <strong data-start=\"188\" data-end=\"212\">infoelnuevonorte.com<\/strong>, el medio ofrece informaci\u00f3n veraz y oportuna sobre los acontecimientos sociales, pol\u00edticos, comunitarios y de actualidad general, tanto a nivel nacional como internacional, promoviendo un periodismo responsable, participativo y comprometido con la libre expresi\u00f3n y el fortalecimiento de la democracia informativa.<\/p>\n<\/div><\/div>\n<\/div><\/div>\n","protected":false},"excerpt":{"rendered":"<p>A prop\u00f3sito de la formaci\u00f3n este 11 de agosto de la\u00a0tormenta tropical Erin, la cual se vaticina podr\u00eda\u00a0convertirse en hurac\u00e1n, se recuerda que los meses de\u00a0agosto y septiembre\u00a0son el periodo pico de la\u00a0temporada cicl\u00f3nica\u00a0y en los que han afectado al pa\u00eds los fen\u00f3menos m\u00e1s\u00a0devastadores\u00a0de la historia local. Los cuatro\u00a0ciclones tropicales\u00a0m\u00e1s\u00a0devastadores\u00a0en la historia del pa\u00eds se [&hellip;]<\/p>\n","protected":false},"author":2,"featured_media":0,"comment_status":"closed","ping_status":"open","sticky":false,"template":"","format":"standard","meta":{"footnotes":""},"categories":[4],"tags":[],"yoast_head":"<!-- This site is optimized with the Yoast SEO plugin v24.5 - https:\/\/yoast.com\/wordpress\/plugins\/seo\/ -->\n<title>\u00bfPor qu\u00e9 agosto y septiembre son tan peligrosos?: la curva hist\u00f3rica de los huracanes m\u00e1s intensos | El Nuevo Norte<\/title>\n<meta name=\"robots\" content=\"index, follow, max-snippet:-1, max-image-preview:large, max-video-preview:-1\" \/>\n<link rel=\"canonical\" href=\"https:\/\/infoelnuevonorte.com\/?p=131523\" \/>\n<meta property=\"og:locale\" content=\"es_ES\" \/>\n<meta property=\"og:type\" content=\"article\" \/>\n<meta property=\"og:title\" content=\"\u00bfPor qu\u00e9 agosto y septiembre son tan peligrosos?: la curva hist\u00f3rica de los huracanes m\u00e1s intensos | El Nuevo Norte\" \/>\n<meta property=\"og:description\" content=\"A prop\u00f3sito de la formaci\u00f3n este 11 de agosto de la\u00a0tormenta tropical Erin, la cual se vaticina podr\u00eda\u00a0convertirse en hurac\u00e1n, se recuerda que los meses de\u00a0agosto y septiembre\u00a0son el periodo pico de la\u00a0temporada cicl\u00f3nica\u00a0y en los que han afectado al pa\u00eds los fen\u00f3menos m\u00e1s\u00a0devastadores\u00a0de la historia local. Los cuatro\u00a0ciclones tropicales\u00a0m\u00e1s\u00a0devastadores\u00a0en la historia del pa\u00eds se [&hellip;]\" \/>\n<meta property=\"og:url\" content=\"https:\/\/infoelnuevonorte.com\/?p=131523\" \/>\n<meta property=\"og:site_name\" content=\"El Nuevo Norte\" \/>\n<meta property=\"article:publisher\" content=\"https:\/\/www.facebook.com\/infoenn\" \/>\n<meta property=\"article:published_time\" content=\"2025-08-12T20:43:31+00:00\" \/>\n<meta property=\"article:modified_time\" content=\"2025-08-12T20:43:32+00:00\" \/>\n<meta property=\"og:image\" content=\"https:\/\/infoelnuevonorte.com\/wp-content\/uploads\/2025\/08\/descarga-2025-08-12T164247.162.png\" \/>\n\t<meta property=\"og:image:width\" content=\"960\" \/>\n\t<meta property=\"og:image:height\" content=\"685\" \/>\n\t<meta property=\"og:image:type\" content=\"image\/png\" \/>\n<meta name=\"author\" content=\"T. R.\" \/>\n<meta name=\"twitter:card\" content=\"summary_large_image\" \/>\n<meta name=\"twitter:creator\" content=\"@Elnuevo_norte\" \/>\n<meta name=\"twitter:site\" content=\"@Elnuevo_norte\" \/>\n<meta name=\"twitter:label1\" content=\"Written by\" \/>\n\t<meta name=\"twitter:data1\" content=\"T. R.\" \/>\n\t<meta name=\"twitter:label2\" content=\"Est. reading time\" \/>\n\t<meta name=\"twitter:data2\" content=\"10 minutos\" \/>\n<script type=\"application\/ld+json\" class=\"yoast-schema-graph\">{\"@context\":\"https:\/\/schema.org\",\"@graph\":[{\"@type\":\"Article\",\"@id\":\"https:\/\/infoelnuevonorte.com\/?p=131523#article\",\"isPartOf\":{\"@id\":\"https:\/\/infoelnuevonorte.com\/?p=131523\"},\"author\":{\"name\":\"T. R.\",\"@id\":\"https:\/\/infoelnuevonorte.com\/#\/schema\/person\/3accb35eb55f55e96c492b52d085a403\"},\"headline\":\"\u00bfPor qu\u00e9 agosto y septiembre son tan peligrosos?: la curva hist\u00f3rica de los huracanes m\u00e1s intensos\",\"datePublished\":\"2025-08-12T20:43:31+00:00\",\"dateModified\":\"2025-08-12T20:43:32+00:00\",\"mainEntityOfPage\":{\"@id\":\"https:\/\/infoelnuevonorte.com\/?p=131523\"},\"wordCount\":1445,\"publisher\":{\"@id\":\"https:\/\/infoelnuevonorte.com\/#organization\"},\"image\":{\"@id\":\"https:\/\/infoelnuevonorte.com\/?p=131523#primaryimage\"},\"thumbnailUrl\":\"https:\/\/resources.diariolibre.com\/images\/2025\/08\/12\/ines-20a13bf5.jpg\",\"articleSection\":[\"El Clima\"],\"inLanguage\":\"es-DO\"},{\"@type\":\"WebPage\",\"@id\":\"https:\/\/infoelnuevonorte.com\/?p=131523\",\"url\":\"https:\/\/infoelnuevonorte.com\/?p=131523\",\"name\":\"\u00bfPor qu\u00e9 agosto y septiembre son tan peligrosos?: la curva hist\u00f3rica de los huracanes m\u00e1s intensos | El Nuevo Norte\",\"isPartOf\":{\"@id\":\"https:\/\/infoelnuevonorte.com\/#website\"},\"primaryImageOfPage\":{\"@id\":\"https:\/\/infoelnuevonorte.com\/?p=131523#primaryimage\"},\"image\":{\"@id\":\"https:\/\/infoelnuevonorte.com\/?p=131523#primaryimage\"},\"thumbnailUrl\":\"https:\/\/resources.diariolibre.com\/images\/2025\/08\/12\/ines-20a13bf5.jpg\",\"datePublished\":\"2025-08-12T20:43:31+00:00\",\"dateModified\":\"2025-08-12T20:43:32+00:00\",\"breadcrumb\":{\"@id\":\"https:\/\/infoelnuevonorte.com\/?p=131523#breadcrumb\"},\"inLanguage\":\"es-DO\",\"potentialAction\":[{\"@type\":\"ReadAction\",\"target\":[\"https:\/\/infoelnuevonorte.com\/?p=131523\"]}]},{\"@type\":\"ImageObject\",\"inLanguage\":\"es-DO\",\"@id\":\"https:\/\/infoelnuevonorte.com\/?p=131523#primaryimage\",\"url\":\"https:\/\/resources.diariolibre.com\/images\/2025\/08\/12\/ines-20a13bf5.jpg\",\"contentUrl\":\"https:\/\/resources.diariolibre.com\/images\/2025\/08\/12\/ines-20a13bf5.jpg\"},{\"@type\":\"BreadcrumbList\",\"@id\":\"https:\/\/infoelnuevonorte.com\/?p=131523#breadcrumb\",\"itemListElement\":[{\"@type\":\"ListItem\",\"position\":1,\"name\":\"Home\",\"item\":\"https:\/\/infoelnuevonorte.com\/\"},{\"@type\":\"ListItem\",\"position\":2,\"name\":\"\u00bfPor qu\u00e9 agosto y septiembre son tan peligrosos?: la curva hist\u00f3rica de los huracanes m\u00e1s intensos\"}]},{\"@type\":\"WebSite\",\"@id\":\"https:\/\/infoelnuevonorte.com\/#website\",\"url\":\"https:\/\/infoelnuevonorte.com\/\",\"name\":\"InfoEnn\",\"description\":\"Tu Voz, tu Verdad, tu Diario!!!\",\"publisher\":{\"@id\":\"https:\/\/infoelnuevonorte.com\/#organization\"},\"alternateName\":\"El Nuevo Norte\",\"potentialAction\":[{\"@type\":\"SearchAction\",\"target\":{\"@type\":\"EntryPoint\",\"urlTemplate\":\"https:\/\/infoelnuevonorte.com\/?s={search_term_string}\"},\"query-input\":{\"@type\":\"PropertyValueSpecification\",\"valueRequired\":true,\"valueName\":\"search_term_string\"}}],\"inLanguage\":\"es-DO\"},{\"@type\":\"Organization\",\"@id\":\"https:\/\/infoelnuevonorte.com\/#organization\",\"name\":\"Info El Nuevo Norte\",\"alternateName\":\"El Nuevo Norte\",\"url\":\"https:\/\/infoelnuevonorte.com\/\",\"logo\":{\"@type\":\"ImageObject\",\"inLanguage\":\"es-DO\",\"@id\":\"https:\/\/infoelnuevonorte.com\/#\/schema\/logo\/image\/\",\"url\":\"https:\/\/infoelnuevonorte.com\/wp-content\/uploads\/2026\/02\/Logo-Info-enn-3d-20ani.jpeg\",\"contentUrl\":\"https:\/\/infoelnuevonorte.com\/wp-content\/uploads\/2026\/02\/Logo-Info-enn-3d-20ani.jpeg\",\"width\":2046,\"height\":736,\"caption\":\"Info El Nuevo Norte\"},\"image\":{\"@id\":\"https:\/\/infoelnuevonorte.com\/#\/schema\/logo\/image\/\"},\"sameAs\":[\"https:\/\/www.facebook.com\/infoenn\",\"https:\/\/x.com\/Elnuevo_norte\",\"https:\/\/www.instagram.com\/infoenn\",\"https:\/\/www.facebook.com\/ENNRD\"]},{\"@type\":\"Person\",\"@id\":\"https:\/\/infoelnuevonorte.com\/#\/schema\/person\/3accb35eb55f55e96c492b52d085a403\",\"name\":\"T. R.\",\"image\":{\"@type\":\"ImageObject\",\"inLanguage\":\"es-DO\",\"@id\":\"https:\/\/infoelnuevonorte.com\/#\/schema\/person\/image\/\",\"url\":\"https:\/\/secure.gravatar.com\/avatar\/40543a038bda97abdb765b1662e9677d?s=96&d=robohash&r=g\",\"contentUrl\":\"https:\/\/secure.gravatar.com\/avatar\/40543a038bda97abdb765b1662e9677d?s=96&d=robohash&r=g\",\"caption\":\"T. R.\"},\"url\":\"https:\/\/infoelnuevonorte.com\/?author=2\"}]}<\/script>\n<!-- \/ Yoast SEO plugin. -->","yoast_head_json":{"title":"\u00bfPor qu\u00e9 agosto y septiembre son tan peligrosos?: la curva hist\u00f3rica de los huracanes m\u00e1s intensos | El Nuevo Norte","robots":{"index":"index","follow":"follow","max-snippet":"max-snippet:-1","max-image-preview":"max-image-preview:large","max-video-preview":"max-video-preview:-1"},"canonical":"https:\/\/infoelnuevonorte.com\/?p=131523","og_locale":"es_ES","og_type":"article","og_title":"\u00bfPor qu\u00e9 agosto y septiembre son tan peligrosos?: la curva hist\u00f3rica de los huracanes m\u00e1s intensos | El Nuevo Norte","og_description":"A prop\u00f3sito de la formaci\u00f3n este 11 de agosto de la\u00a0tormenta tropical Erin, la cual se vaticina podr\u00eda\u00a0convertirse en hurac\u00e1n, se recuerda que los meses de\u00a0agosto y septiembre\u00a0son el periodo pico de la\u00a0temporada cicl\u00f3nica\u00a0y en los que han afectado al pa\u00eds los fen\u00f3menos m\u00e1s\u00a0devastadores\u00a0de la historia local. Los cuatro\u00a0ciclones tropicales\u00a0m\u00e1s\u00a0devastadores\u00a0en la historia del pa\u00eds se [&hellip;]","og_url":"https:\/\/infoelnuevonorte.com\/?p=131523","og_site_name":"El Nuevo Norte","article_publisher":"https:\/\/www.facebook.com\/infoenn","article_published_time":"2025-08-12T20:43:31+00:00","article_modified_time":"2025-08-12T20:43:32+00:00","og_image":[{"width":960,"height":685,"url":"https:\/\/infoelnuevonorte.com\/wp-content\/uploads\/2025\/08\/descarga-2025-08-12T164247.162.png","type":"image\/png"}],"author":"T. R.","twitter_card":"summary_large_image","twitter_creator":"@Elnuevo_norte","twitter_site":"@Elnuevo_norte","twitter_misc":{"Written by":"T. R.","Est. reading time":"10 minutos"},"schema":{"@context":"https:\/\/schema.org","@graph":[{"@type":"Article","@id":"https:\/\/infoelnuevonorte.com\/?p=131523#article","isPartOf":{"@id":"https:\/\/infoelnuevonorte.com\/?p=131523"},"author":{"name":"T. R.","@id":"https:\/\/infoelnuevonorte.com\/#\/schema\/person\/3accb35eb55f55e96c492b52d085a403"},"headline":"\u00bfPor qu\u00e9 agosto y septiembre son tan peligrosos?: la curva hist\u00f3rica de los huracanes m\u00e1s intensos","datePublished":"2025-08-12T20:43:31+00:00","dateModified":"2025-08-12T20:43:32+00:00","mainEntityOfPage":{"@id":"https:\/\/infoelnuevonorte.com\/?p=131523"},"wordCount":1445,"publisher":{"@id":"https:\/\/infoelnuevonorte.com\/#organization"},"image":{"@id":"https:\/\/infoelnuevonorte.com\/?p=131523#primaryimage"},"thumbnailUrl":"https:\/\/resources.diariolibre.com\/images\/2025\/08\/12\/ines-20a13bf5.jpg","articleSection":["El Clima"],"inLanguage":"es-DO"},{"@type":"WebPage","@id":"https:\/\/infoelnuevonorte.com\/?p=131523","url":"https:\/\/infoelnuevonorte.com\/?p=131523","name":"\u00bfPor qu\u00e9 agosto y septiembre son tan peligrosos?: la curva hist\u00f3rica de los huracanes m\u00e1s intensos | El Nuevo Norte","isPartOf":{"@id":"https:\/\/infoelnuevonorte.com\/#website"},"primaryImageOfPage":{"@id":"https:\/\/infoelnuevonorte.com\/?p=131523#primaryimage"},"image":{"@id":"https:\/\/infoelnuevonorte.com\/?p=131523#primaryimage"},"thumbnailUrl":"https:\/\/resources.diariolibre.com\/images\/2025\/08\/12\/ines-20a13bf5.jpg","datePublished":"2025-08-12T20:43:31+00:00","dateModified":"2025-08-12T20:43:32+00:00","breadcrumb":{"@id":"https:\/\/infoelnuevonorte.com\/?p=131523#breadcrumb"},"inLanguage":"es-DO","potentialAction":[{"@type":"ReadAction","target":["https:\/\/infoelnuevonorte.com\/?p=131523"]}]},{"@type":"ImageObject","inLanguage":"es-DO","@id":"https:\/\/infoelnuevonorte.com\/?p=131523#primaryimage","url":"https:\/\/resources.diariolibre.com\/images\/2025\/08\/12\/ines-20a13bf5.jpg","contentUrl":"https:\/\/resources.diariolibre.com\/images\/2025\/08\/12\/ines-20a13bf5.jpg"},{"@type":"BreadcrumbList","@id":"https:\/\/infoelnuevonorte.com\/?p=131523#breadcrumb","itemListElement":[{"@type":"ListItem","position":1,"name":"Home","item":"https:\/\/infoelnuevonorte.com\/"},{"@type":"ListItem","position":2,"name":"\u00bfPor qu\u00e9 agosto y septiembre son tan peligrosos?: la curva hist\u00f3rica de los huracanes m\u00e1s intensos"}]},{"@type":"WebSite","@id":"https:\/\/infoelnuevonorte.com\/#website","url":"https:\/\/infoelnuevonorte.com\/","name":"InfoEnn","description":"Tu Voz, tu Verdad, tu Diario!!!","publisher":{"@id":"https:\/\/infoelnuevonorte.com\/#organization"},"alternateName":"El Nuevo Norte","potentialAction":[{"@type":"SearchAction","target":{"@type":"EntryPoint","urlTemplate":"https:\/\/infoelnuevonorte.com\/?s={search_term_string}"},"query-input":{"@type":"PropertyValueSpecification","valueRequired":true,"valueName":"search_term_string"}}],"inLanguage":"es-DO"},{"@type":"Organization","@id":"https:\/\/infoelnuevonorte.com\/#organization","name":"Info El Nuevo Norte","alternateName":"El Nuevo Norte","url":"https:\/\/infoelnuevonorte.com\/","logo":{"@type":"ImageObject","inLanguage":"es-DO","@id":"https:\/\/infoelnuevonorte.com\/#\/schema\/logo\/image\/","url":"https:\/\/infoelnuevonorte.com\/wp-content\/uploads\/2026\/02\/Logo-Info-enn-3d-20ani.jpeg","contentUrl":"https:\/\/infoelnuevonorte.com\/wp-content\/uploads\/2026\/02\/Logo-Info-enn-3d-20ani.jpeg","width":2046,"height":736,"caption":"Info El Nuevo Norte"},"image":{"@id":"https:\/\/infoelnuevonorte.com\/#\/schema\/logo\/image\/"},"sameAs":["https:\/\/www.facebook.com\/infoenn","https:\/\/x.com\/Elnuevo_norte","https:\/\/www.instagram.com\/infoenn","https:\/\/www.facebook.com\/ENNRD"]},{"@type":"Person","@id":"https:\/\/infoelnuevonorte.com\/#\/schema\/person\/3accb35eb55f55e96c492b52d085a403","name":"T. R.","image":{"@type":"ImageObject","inLanguage":"es-DO","@id":"https:\/\/infoelnuevonorte.com\/#\/schema\/person\/image\/","url":"https:\/\/secure.gravatar.com\/avatar\/40543a038bda97abdb765b1662e9677d?s=96&d=robohash&r=g","contentUrl":"https:\/\/secure.gravatar.com\/avatar\/40543a038bda97abdb765b1662e9677d?s=96&d=robohash&r=g","caption":"T. R."},"url":"https:\/\/infoelnuevonorte.com\/?author=2"}]}},"_links":{"self":[{"href":"https:\/\/infoelnuevonorte.com\/index.php?rest_route=\/wp\/v2\/posts\/131523"}],"collection":[{"href":"https:\/\/infoelnuevonorte.com\/index.php?rest_route=\/wp\/v2\/posts"}],"about":[{"href":"https:\/\/infoelnuevonorte.com\/index.php?rest_route=\/wp\/v2\/types\/post"}],"author":[{"embeddable":true,"href":"https:\/\/infoelnuevonorte.com\/index.php?rest_route=\/wp\/v2\/users\/2"}],"replies":[{"embeddable":true,"href":"https:\/\/infoelnuevonorte.com\/index.php?rest_route=%2Fwp%2Fv2%2Fcomments&post=131523"}],"version-history":[{"count":1,"href":"https:\/\/infoelnuevonorte.com\/index.php?rest_route=\/wp\/v2\/posts\/131523\/revisions"}],"predecessor-version":[{"id":131525,"href":"https:\/\/infoelnuevonorte.com\/index.php?rest_route=\/wp\/v2\/posts\/131523\/revisions\/131525"}],"wp:attachment":[{"href":"https:\/\/infoelnuevonorte.com\/index.php?rest_route=%2Fwp%2Fv2%2Fmedia&parent=131523"}],"wp:term":[{"taxonomy":"category","embeddable":true,"href":"https:\/\/infoelnuevonorte.com\/index.php?rest_route=%2Fwp%2Fv2%2Fcategories&post=131523"},{"taxonomy":"post_tag","embeddable":true,"href":"https:\/\/infoelnuevonorte.com\/index.php?rest_route=%2Fwp%2Fv2%2Ftags&post=131523"}],"curies":[{"name":"wp","href":"https:\/\/api.w.org\/{rel}","templated":true}]}}