{"id":13880,"date":"2024-03-07T12:36:54","date_gmt":"2024-03-07T16:36:54","guid":{"rendered":"https:\/\/infoelnuevonorte.com\/?p=13880"},"modified":"2024-03-07T12:36:56","modified_gmt":"2024-03-07T16:36:56","slug":"asaltantes-matan-a-empleado-de-cafeteria-en-barahona","status":"publish","type":"post","link":"https:\/\/infoelnuevonorte.com\/?p=13880","title":{"rendered":"Asaltantes matan a empleado de cafeter\u00eda en Barahona"},"content":{"rendered":"<div class=\"c-detail__body\">\n<!--[if lt IE 9]><script>document.createElement('audio');<\/script><![endif]-->\n<audio class=\"wp-audio-shortcode\" id=\"audio-13880-1\" preload=\"none\" style=\"width: 100%;\" controls=\"controls\"><source type=\"audio\/mpeg\" src=\"https:\/\/infoelnuevonorte.com\/wp-content\/uploads\/2024\/03\/ttsmaker-file-2024-3-7-12-36-21.mp3?_=1\" \/><a href=\"https:\/\/infoelnuevonorte.com\/wp-content\/uploads\/2024\/03\/ttsmaker-file-2024-3-7-12-36-21.mp3\">https:\/\/infoelnuevonorte.com\/wp-content\/uploads\/2024\/03\/ttsmaker-file-2024-3-7-12-36-21.mp3<\/a><\/audio>\n<p style=\"text-align: justify;\"><b>Un empleado de una cafeter\u00eda<\/b> en el municipio cabecera de la provincia Barahona result\u00f3 muerto por asaltantes la madrugada de este jueves.<\/p>\n<p style=\"text-align: justify;\">El joven fue identificado como Rafael Alc\u00e1ntara, conocido como <b>\u201cPapo El Menor\u201d<\/b>, quien recibi\u00f3 tres impactos de bala en el pecho que le ocasionaron la muerte al instante.<\/p>\n<p style=\"text-align: justify;\">El hecho se registr\u00f3 espec\u00edficamente en la calle Nuestra Se\u00f1ora del Rosario, esquina Duverg\u00e9, <b>al lado de la Catedral Santa Cruz. <\/b>Los delincuentes fueron al lugar, presuntamente, con el objetivo de robar en el establecimiento.<\/p>\n<p style=\"text-align: justify;\">El cuerpo de Alc\u00e1ntara fue llevado a la morgue del Hospital Regional Docente Universitario Jaime Mota (HRDUJM), hasta donde acudieron familiares, amigos y relacionados.<\/p>\n<p style=\"text-align: justify;\">El cuerpo fue examinado por el m\u00e9dico legista, acompa\u00f1ado del fiscal, quien certific\u00f3 que recibi\u00f3 al menos tres impactos que le cegaron la vida. El fiscal dispuso que el cad\u00e1ver fuese trasladado a la regional del Instituto Nacional de Ciencias Forenses (Inacif), en Azua, para realizar la autopsia correspondiente para estos casos de violencia.<\/p>\n<p style=\"text-align: justify;\">Testigos aseguraron que dos sujetos, acompa\u00f1ados de sus respectivas parejas, supuestamente acudieron a la cafeter\u00eda con una <b>\u201cexcusa\u201d <\/b>de comprar s\u00e1ndwiches y jugos, pero que <b>\u201cla realidad era robar el establecimiento\u201d.<\/b><\/p>\n<p style=\"text-align: justify;\">Se desconoce si hay alg\u00fan sospechoso detenido para fines de investigaci\u00f3n con relaci\u00f3n al sangriento hecho.<\/p>\n<p style=\"text-align: justify;\">Hasta el momento la Direcci\u00f3n Regional Sur de la Polic\u00eda Nacional (DRSPN) no ha ofrecido detalles sobre este crimen.<\/p>\n<p style=\"text-align: justify;\"><b>El joven fue descrito como trabajador, que<\/b> se ganaba el sustento dando servicio de vigilancia a distintas empresas locales.<\/p>\n<p style=\"text-align: justify;\">El hecho ha conmocionado a la poblaci\u00f3n barahonera, sobre todo, por el punto de la ciudad en que se produjo, en el centro.<\/p>\n<p style=\"text-align: justify;\">Los barahoneros esperan que tanto la Polic\u00eda como el Ministerio P\u00fablico ofrezcan detalles sobre este evento violento.<\/p>\n<\/div>\n","protected":false},"excerpt":{"rendered":"<p>Un empleado de una cafeter\u00eda en el municipio cabecera de la provincia Barahona result\u00f3 muerto por asaltantes la madrugada de este jueves. El joven fue identificado como Rafael Alc\u00e1ntara, conocido como \u201cPapo El Menor\u201d, quien recibi\u00f3 tres impactos de bala en el pecho que le ocasionaron la muerte al instante. El hecho se registr\u00f3 espec\u00edficamente [&hellip;]<\/p>\n","protected":false},"author":1,"featured_media":0,"comment_status":"closed","ping_status":"open","sticky":false,"template":"","format":"standard","meta":{"footnotes":""},"categories":[2,8],"tags":[],"yoast_head":"<!-- This site is optimized with the Yoast SEO plugin v24.5 - https:\/\/yoast.com\/wordpress\/plugins\/seo\/ -->\n<title>Asaltantes matan a empleado de cafeter\u00eda en Barahona | El Nuevo Norte<\/title>\n<meta name=\"robots\" content=\"index, follow, max-snippet:-1, max-image-preview:large, max-video-preview:-1\" \/>\n<link rel=\"canonical\" href=\"https:\/\/infoelnuevonorte.com\/?p=13880\" \/>\n<meta property=\"og:locale\" content=\"es_ES\" \/>\n<meta property=\"og:type\" content=\"article\" \/>\n<meta property=\"og:title\" content=\"Asaltantes matan a empleado de cafeter\u00eda en Barahona | El Nuevo Norte\" \/>\n<meta property=\"og:description\" content=\"Un empleado de una cafeter\u00eda en el municipio cabecera de la provincia Barahona result\u00f3 muerto por asaltantes la madrugada de este jueves. El joven fue identificado como Rafael Alc\u00e1ntara, conocido como \u201cPapo El Menor\u201d, quien recibi\u00f3 tres impactos de bala en el pecho que le ocasionaron la muerte al instante. El hecho se registr\u00f3 espec\u00edficamente [&hellip;]\" \/>\n<meta property=\"og:url\" content=\"https:\/\/infoelnuevonorte.com\/?p=13880\" \/>\n<meta property=\"og:site_name\" content=\"El Nuevo Norte\" \/>\n<meta property=\"article:publisher\" content=\"https:\/\/www.facebook.com\/infoenn\" \/>\n<meta property=\"article:published_time\" content=\"2024-03-07T16:36:54+00:00\" \/>\n<meta property=\"article:modified_time\" content=\"2024-03-07T16:36:56+00:00\" \/>\n<meta property=\"og:image\" content=\"https:\/\/infoelnuevonorte.com\/wp-content\/uploads\/2024\/03\/face-jpeg.webp\" \/>\n\t<meta property=\"og:image:width\" content=\"800\" \/>\n\t<meta property=\"og:image:height\" content=\"450\" \/>\n\t<meta property=\"og:image:type\" content=\"image\/jpeg\" \/>\n<meta name=\"author\" content=\"InfoEnn\" \/>\n<meta name=\"twitter:card\" content=\"summary_large_image\" \/>\n<meta name=\"twitter:creator\" content=\"@Elnuevo_norte\" \/>\n<meta name=\"twitter:site\" content=\"@Elnuevo_norte\" \/>\n<meta name=\"twitter:label1\" content=\"Written by\" \/>\n\t<meta name=\"twitter:data1\" content=\"InfoEnn\" \/>\n\t<meta name=\"twitter:label2\" content=\"Est. reading time\" \/>\n\t<meta name=\"twitter:data2\" content=\"2 minutos\" \/>\n<script type=\"application\/ld+json\" class=\"yoast-schema-graph\">{\"@context\":\"https:\/\/schema.org\",\"@graph\":[{\"@type\":\"Article\",\"@id\":\"https:\/\/infoelnuevonorte.com\/?p=13880#article\",\"isPartOf\":{\"@id\":\"https:\/\/infoelnuevonorte.com\/?p=13880\"},\"author\":{\"name\":\"InfoEnn\",\"@id\":\"https:\/\/infoelnuevonorte.com\/#\/schema\/person\/fd4f6d90afe41260818b4ea94ad8ab84\"},\"headline\":\"Asaltantes matan a empleado de cafeter\u00eda en Barahona\",\"datePublished\":\"2024-03-07T16:36:54+00:00\",\"dateModified\":\"2024-03-07T16:36:56+00:00\",\"mainEntityOfPage\":{\"@id\":\"https:\/\/infoelnuevonorte.com\/?p=13880\"},\"wordCount\":331,\"publisher\":{\"@id\":\"https:\/\/infoelnuevonorte.com\/#organization\"},\"articleSection\":[\"Actualidad |\",\"Nacionales\"],\"inLanguage\":\"es-DO\"},{\"@type\":\"WebPage\",\"@id\":\"https:\/\/infoelnuevonorte.com\/?p=13880\",\"url\":\"https:\/\/infoelnuevonorte.com\/?p=13880\",\"name\":\"Asaltantes matan a empleado de cafeter\u00eda en Barahona | El Nuevo Norte\",\"isPartOf\":{\"@id\":\"https:\/\/infoelnuevonorte.com\/#website\"},\"datePublished\":\"2024-03-07T16:36:54+00:00\",\"dateModified\":\"2024-03-07T16:36:56+00:00\",\"breadcrumb\":{\"@id\":\"https:\/\/infoelnuevonorte.com\/?p=13880#breadcrumb\"},\"inLanguage\":\"es-DO\",\"potentialAction\":[{\"@type\":\"ReadAction\",\"target\":[\"https:\/\/infoelnuevonorte.com\/?p=13880\"]}]},{\"@type\":\"BreadcrumbList\",\"@id\":\"https:\/\/infoelnuevonorte.com\/?p=13880#breadcrumb\",\"itemListElement\":[{\"@type\":\"ListItem\",\"position\":1,\"name\":\"Home\",\"item\":\"https:\/\/infoelnuevonorte.com\/\"},{\"@type\":\"ListItem\",\"position\":2,\"name\":\"Asaltantes matan a empleado de cafeter\u00eda en Barahona\"}]},{\"@type\":\"WebSite\",\"@id\":\"https:\/\/infoelnuevonorte.com\/#website\",\"url\":\"https:\/\/infoelnuevonorte.com\/\",\"name\":\"InfoEnn\",\"description\":\"Tu Voz, tu Verdad, tu Diario!!!\",\"publisher\":{\"@id\":\"https:\/\/infoelnuevonorte.com\/#organization\"},\"alternateName\":\"El Nuevo Norte\",\"potentialAction\":[{\"@type\":\"SearchAction\",\"target\":{\"@type\":\"EntryPoint\",\"urlTemplate\":\"https:\/\/infoelnuevonorte.com\/?s={search_term_string}\"},\"query-input\":{\"@type\":\"PropertyValueSpecification\",\"valueRequired\":true,\"valueName\":\"search_term_string\"}}],\"inLanguage\":\"es-DO\"},{\"@type\":\"Organization\",\"@id\":\"https:\/\/infoelnuevonorte.com\/#organization\",\"name\":\"Info El Nuevo Norte\",\"alternateName\":\"El Nuevo Norte\",\"url\":\"https:\/\/infoelnuevonorte.com\/\",\"logo\":{\"@type\":\"ImageObject\",\"inLanguage\":\"es-DO\",\"@id\":\"https:\/\/infoelnuevonorte.com\/#\/schema\/logo\/image\/\",\"url\":\"https:\/\/infoelnuevonorte.com\/wp-content\/uploads\/2026\/02\/Logo-Info-enn-3d-20ani.jpeg\",\"contentUrl\":\"https:\/\/infoelnuevonorte.com\/wp-content\/uploads\/2026\/02\/Logo-Info-enn-3d-20ani.jpeg\",\"width\":2046,\"height\":736,\"caption\":\"Info El Nuevo Norte\"},\"image\":{\"@id\":\"https:\/\/infoelnuevonorte.com\/#\/schema\/logo\/image\/\"},\"sameAs\":[\"https:\/\/www.facebook.com\/infoenn\",\"https:\/\/x.com\/Elnuevo_norte\",\"https:\/\/www.instagram.com\/infoenn\",\"https:\/\/www.facebook.com\/ENNRD\"]},{\"@type\":\"Person\",\"@id\":\"https:\/\/infoelnuevonorte.com\/#\/schema\/person\/fd4f6d90afe41260818b4ea94ad8ab84\",\"name\":\"InfoEnn\",\"image\":{\"@type\":\"ImageObject\",\"inLanguage\":\"es-DO\",\"@id\":\"https:\/\/infoelnuevonorte.com\/#\/schema\/person\/image\/\",\"url\":\"https:\/\/secure.gravatar.com\/avatar\/d4d760a41a48ba9db0a82bfb63bb0783?s=96&d=robohash&r=g\",\"contentUrl\":\"https:\/\/secure.gravatar.com\/avatar\/d4d760a41a48ba9db0a82bfb63bb0783?s=96&d=robohash&r=g\",\"caption\":\"InfoEnn\"},\"sameAs\":[\"https:\/\/infoelnuevonorte.com\"],\"url\":\"https:\/\/infoelnuevonorte.com\/?author=1\"}]}<\/script>\n<!-- \/ Yoast SEO plugin. -->","yoast_head_json":{"title":"Asaltantes matan a empleado de cafeter\u00eda en Barahona | El Nuevo Norte","robots":{"index":"index","follow":"follow","max-snippet":"max-snippet:-1","max-image-preview":"max-image-preview:large","max-video-preview":"max-video-preview:-1"},"canonical":"https:\/\/infoelnuevonorte.com\/?p=13880","og_locale":"es_ES","og_type":"article","og_title":"Asaltantes matan a empleado de cafeter\u00eda en Barahona | El Nuevo Norte","og_description":"Un empleado de una cafeter\u00eda en el municipio cabecera de la provincia Barahona result\u00f3 muerto por asaltantes la madrugada de este jueves. El joven fue identificado como Rafael Alc\u00e1ntara, conocido como \u201cPapo El Menor\u201d, quien recibi\u00f3 tres impactos de bala en el pecho que le ocasionaron la muerte al instante. El hecho se registr\u00f3 espec\u00edficamente [&hellip;]","og_url":"https:\/\/infoelnuevonorte.com\/?p=13880","og_site_name":"El Nuevo Norte","article_publisher":"https:\/\/www.facebook.com\/infoenn","article_published_time":"2024-03-07T16:36:54+00:00","article_modified_time":"2024-03-07T16:36:56+00:00","og_image":[{"width":800,"height":450,"url":"https:\/\/infoelnuevonorte.com\/wp-content\/uploads\/2024\/03\/face-jpeg.webp","type":"image\/jpeg"}],"author":"InfoEnn","twitter_card":"summary_large_image","twitter_creator":"@Elnuevo_norte","twitter_site":"@Elnuevo_norte","twitter_misc":{"Written by":"InfoEnn","Est. reading time":"2 minutos"},"schema":{"@context":"https:\/\/schema.org","@graph":[{"@type":"Article","@id":"https:\/\/infoelnuevonorte.com\/?p=13880#article","isPartOf":{"@id":"https:\/\/infoelnuevonorte.com\/?p=13880"},"author":{"name":"InfoEnn","@id":"https:\/\/infoelnuevonorte.com\/#\/schema\/person\/fd4f6d90afe41260818b4ea94ad8ab84"},"headline":"Asaltantes matan a empleado de cafeter\u00eda en Barahona","datePublished":"2024-03-07T16:36:54+00:00","dateModified":"2024-03-07T16:36:56+00:00","mainEntityOfPage":{"@id":"https:\/\/infoelnuevonorte.com\/?p=13880"},"wordCount":331,"publisher":{"@id":"https:\/\/infoelnuevonorte.com\/#organization"},"articleSection":["Actualidad |","Nacionales"],"inLanguage":"es-DO"},{"@type":"WebPage","@id":"https:\/\/infoelnuevonorte.com\/?p=13880","url":"https:\/\/infoelnuevonorte.com\/?p=13880","name":"Asaltantes matan a empleado de cafeter\u00eda en Barahona | El Nuevo Norte","isPartOf":{"@id":"https:\/\/infoelnuevonorte.com\/#website"},"datePublished":"2024-03-07T16:36:54+00:00","dateModified":"2024-03-07T16:36:56+00:00","breadcrumb":{"@id":"https:\/\/infoelnuevonorte.com\/?p=13880#breadcrumb"},"inLanguage":"es-DO","potentialAction":[{"@type":"ReadAction","target":["https:\/\/infoelnuevonorte.com\/?p=13880"]}]},{"@type":"BreadcrumbList","@id":"https:\/\/infoelnuevonorte.com\/?p=13880#breadcrumb","itemListElement":[{"@type":"ListItem","position":1,"name":"Home","item":"https:\/\/infoelnuevonorte.com\/"},{"@type":"ListItem","position":2,"name":"Asaltantes matan a empleado de cafeter\u00eda en Barahona"}]},{"@type":"WebSite","@id":"https:\/\/infoelnuevonorte.com\/#website","url":"https:\/\/infoelnuevonorte.com\/","name":"InfoEnn","description":"Tu Voz, tu Verdad, tu Diario!!!","publisher":{"@id":"https:\/\/infoelnuevonorte.com\/#organization"},"alternateName":"El Nuevo Norte","potentialAction":[{"@type":"SearchAction","target":{"@type":"EntryPoint","urlTemplate":"https:\/\/infoelnuevonorte.com\/?s={search_term_string}"},"query-input":{"@type":"PropertyValueSpecification","valueRequired":true,"valueName":"search_term_string"}}],"inLanguage":"es-DO"},{"@type":"Organization","@id":"https:\/\/infoelnuevonorte.com\/#organization","name":"Info El Nuevo Norte","alternateName":"El Nuevo Norte","url":"https:\/\/infoelnuevonorte.com\/","logo":{"@type":"ImageObject","inLanguage":"es-DO","@id":"https:\/\/infoelnuevonorte.com\/#\/schema\/logo\/image\/","url":"https:\/\/infoelnuevonorte.com\/wp-content\/uploads\/2026\/02\/Logo-Info-enn-3d-20ani.jpeg","contentUrl":"https:\/\/infoelnuevonorte.com\/wp-content\/uploads\/2026\/02\/Logo-Info-enn-3d-20ani.jpeg","width":2046,"height":736,"caption":"Info El Nuevo Norte"},"image":{"@id":"https:\/\/infoelnuevonorte.com\/#\/schema\/logo\/image\/"},"sameAs":["https:\/\/www.facebook.com\/infoenn","https:\/\/x.com\/Elnuevo_norte","https:\/\/www.instagram.com\/infoenn","https:\/\/www.facebook.com\/ENNRD"]},{"@type":"Person","@id":"https:\/\/infoelnuevonorte.com\/#\/schema\/person\/fd4f6d90afe41260818b4ea94ad8ab84","name":"InfoEnn","image":{"@type":"ImageObject","inLanguage":"es-DO","@id":"https:\/\/infoelnuevonorte.com\/#\/schema\/person\/image\/","url":"https:\/\/secure.gravatar.com\/avatar\/d4d760a41a48ba9db0a82bfb63bb0783?s=96&d=robohash&r=g","contentUrl":"https:\/\/secure.gravatar.com\/avatar\/d4d760a41a48ba9db0a82bfb63bb0783?s=96&d=robohash&r=g","caption":"InfoEnn"},"sameAs":["https:\/\/infoelnuevonorte.com"],"url":"https:\/\/infoelnuevonorte.com\/?author=1"}]}},"_links":{"self":[{"href":"https:\/\/infoelnuevonorte.com\/index.php?rest_route=\/wp\/v2\/posts\/13880"}],"collection":[{"href":"https:\/\/infoelnuevonorte.com\/index.php?rest_route=\/wp\/v2\/posts"}],"about":[{"href":"https:\/\/infoelnuevonorte.com\/index.php?rest_route=\/wp\/v2\/types\/post"}],"author":[{"embeddable":true,"href":"https:\/\/infoelnuevonorte.com\/index.php?rest_route=\/wp\/v2\/users\/1"}],"replies":[{"embeddable":true,"href":"https:\/\/infoelnuevonorte.com\/index.php?rest_route=%2Fwp%2Fv2%2Fcomments&post=13880"}],"version-history":[{"count":0,"href":"https:\/\/infoelnuevonorte.com\/index.php?rest_route=\/wp\/v2\/posts\/13880\/revisions"}],"wp:attachment":[{"href":"https:\/\/infoelnuevonorte.com\/index.php?rest_route=%2Fwp%2Fv2%2Fmedia&parent=13880"}],"wp:term":[{"taxonomy":"category","embeddable":true,"href":"https:\/\/infoelnuevonorte.com\/index.php?rest_route=%2Fwp%2Fv2%2Fcategories&post=13880"},{"taxonomy":"post_tag","embeddable":true,"href":"https:\/\/infoelnuevonorte.com\/index.php?rest_route=%2Fwp%2Fv2%2Ftags&post=13880"}],"curies":[{"name":"wp","href":"https:\/\/api.w.org\/{rel}","templated":true}]}}