{"id":139937,"date":"2025-09-06T06:09:50","date_gmt":"2025-09-06T10:09:50","guid":{"rendered":"https:\/\/infoelnuevonorte.com\/?p=139937"},"modified":"2025-09-06T06:09:51","modified_gmt":"2025-09-06T10:09:51","slug":"trump-crea-nueva-designacion-para-paises-que-encarcelan-injustamente-a-estadounidenses","status":"publish","type":"post","link":"https:\/\/infoelnuevonorte.com\/?p=139937","title":{"rendered":"Trump crea nueva designaci\u00f3n para pa\u00edses que encarcelan injustamente a estadounidenses"},"content":{"rendered":"<!--[if lt IE 9]><script>document.createElement('audio');<\/script><![endif]-->\n<audio class=\"wp-audio-shortcode\" id=\"audio-139937-1\" preload=\"none\" style=\"width: 100%;\" controls=\"controls\"><source type=\"audio\/mpeg\" src=\"https:\/\/infoelnuevonorte.com\/wp-content\/uploads\/2025\/09\/ttsmaker-vip-file-2025-9-6-6-9-15.mp3?_=1\" \/><a href=\"https:\/\/infoelnuevonorte.com\/wp-content\/uploads\/2025\/09\/ttsmaker-vip-file-2025-9-6-6-9-15.mp3\">https:\/\/infoelnuevonorte.com\/wp-content\/uploads\/2025\/09\/ttsmaker-vip-file-2025-9-6-6-9-15.mp3<\/a><\/audio>\n<p style=\"text-align: justify;\" data-start=\"435\" data-end=\"794\">El presidente de Estados Unidos, <strong data-start=\"511\" data-end=\"527\">Donald Trump<\/strong>, firm\u00f3 este viernes un decreto que crea una nueva categor\u00eda legal: <strong data-start=\"595\" data-end=\"644\">\u201cEstado patrocinador de detenciones ilegales\u201d, <\/strong>una medida que busca castigar a pa\u00edses que encarcelan de forma arbitraria a ciudadanos estadounidenses, y pretende disuadir futuras detenciones injustas.<\/p>\n<p style=\"text-align: justify;\" data-start=\"862\" data-end=\"1141\">Seg\u00fan explic\u00f3 un alto funcionario del Gobierno, la designaci\u00f3n <strong data-start=\"925\" data-end=\"965\">podr\u00eda implicar sanciones econ\u00f3micas<\/strong> y <strong data-start=\"968\" data-end=\"997\">restricciones migratorias<\/strong> para los ciudadanos de los pa\u00edses se\u00f1alados. Adem\u00e1s, la responsabilidad de identificar a estos pa\u00edses recaer\u00e1 en el <strong data-start=\"1114\" data-end=\"1140\">Departamento de Estado<\/strong>.<\/p>\n<p style=\"text-align: justify;\" data-start=\"1145\" data-end=\"1259\">\u201cIncluye opciones de sanciones y tambi\u00e9n la inadmisibilidad de ciudadanos de esos pa\u00edses\u201d, explic\u00f3 el funcionario.<\/p>\n<h2 style=\"text-align: justify;\" data-start=\"1261\" data-end=\"1307\">Prohibiciones de viaje para estadounidenses<\/h2>\n<p style=\"text-align: justify;\" data-start=\"1309\" data-end=\"1585\">El decreto tambi\u00e9n contempla la posibilidad de <strong data-start=\"1356\" data-end=\"1411\">restringir los viajes de ciudadanos estadounidenses<\/strong> a pa\u00edses con historial de detenciones ilegales. Entre los pa\u00edses mencionados con antecedentes en este tipo de pr\u00e1cticas est\u00e1n <strong data-start=\"1538\" data-end=\"1584\">Venezuela, Rusia, Ir\u00e1n, China y Afganist\u00e1n<\/strong>.<\/p>\n<p style=\"text-align: justify;\" data-start=\"1587\" data-end=\"1781\">Actualmente, Estados Unidos ya <strong data-start=\"1618\" data-end=\"1654\">proh\u00edbe viajar a Corea del Norte<\/strong> con pasaporte estadounidense, salvo excepciones muy limitadas. En estos casos, se otorgan \u201cpasaportes de validaci\u00f3n especial\u201d.<\/p>\n<h2 style=\"text-align: justify;\" data-start=\"1783\" data-end=\"1842\">Afecta tanto a gobiernos como a entidades no reconocidas<\/h2>\n<p style=\"text-align: justify;\" data-start=\"1844\" data-end=\"2207\">La nueva designaci\u00f3n <strong data-start=\"1865\" data-end=\"1918\">no se limita a gobiernos oficialmente reconocidos<\/strong>, sino que tambi\u00e9n podr\u00e1 aplicarse a <strong data-start=\"1955\" data-end=\"2009\">entidades que controlan territorios significativos<\/strong>, como ocurre con los talibanes en Afganist\u00e1n. Estados Unidos no reconoce a los talibanes como gobierno leg\u00edtimo, pero <strong data-start=\"2128\" data-end=\"2174\">al menos un estadounidense, Mahmood Habibi<\/strong>, sigue detenido bajo su control.<\/p>\n<p style=\"text-align: justify;\" data-start=\"2211\" data-end=\"2431\">\u201cEs una ampliaci\u00f3n del espectro contra quienes podemos usar estas herramientas\u201d, afirm\u00f3 el funcionario.<\/p>\n<p style=\"text-align: justify;\" data-start=\"2211\" data-end=\"2431\">\u201cNo tienes que estar financiando a Hamas o al-Qaeda; basta con que detengas injustamente a nuestros ciudadanos\u201d.<\/p>\n<h2 style=\"text-align: justify;\" data-start=\"2433\" data-end=\"2491\">Continuidad de pol\u00edticas contra detenciones arbitrarias<\/h2>\n<p style=\"text-align: justify;\" data-start=\"2493\" data-end=\"2926\">El decreto firmado por Trump ampl\u00eda acciones previamente tomadas por administraciones anteriores. En 2022, el entonces presidente <strong data-start=\"2623\" data-end=\"2636\">Joe Biden<\/strong> firm\u00f3 una orden ejecutiva que declaraba como <strong data-start=\"2682\" data-end=\"2705\">emergencia nacional<\/strong> la detenci\u00f3n arbitraria de estadounidenses. Adem\u00e1s, implement\u00f3 el indicador <strong data-start=\"2782\" data-end=\"2789\">\u201cD\u201d<\/strong> en las alertas de viaje del Departamento de Estado, para advertir sobre el riesgo de ser detenido o tomado como reh\u00e9n en ciertos pa\u00edses.<\/p>\n<p style=\"text-align: justify;\" data-start=\"2493\" data-end=\"2926\"><strong><em>Con informaci\u00f3n de CNN.<\/em><\/strong><\/p>\n","protected":false},"excerpt":{"rendered":"<p>El presidente de Estados Unidos, Donald Trump, firm\u00f3 este viernes un decreto que crea una nueva categor\u00eda legal: \u201cEstado patrocinador de detenciones ilegales\u201d, una medida que busca castigar a pa\u00edses que encarcelan de forma arbitraria a ciudadanos estadounidenses, y pretende disuadir futuras detenciones injustas. Seg\u00fan explic\u00f3 un alto funcionario del Gobierno, la designaci\u00f3n podr\u00eda implicar [&hellip;]<\/p>\n","protected":false},"author":1,"featured_media":0,"comment_status":"closed","ping_status":"open","sticky":false,"template":"","format":"standard","meta":{"footnotes":""},"categories":[9],"tags":[616,533],"yoast_head":"<!-- This site is optimized with the Yoast SEO plugin v24.5 - https:\/\/yoast.com\/wordpress\/plugins\/seo\/ -->\n<title>Trump crea nueva designaci\u00f3n para pa\u00edses que encarcelan injustamente a estadounidenses | El Nuevo Norte<\/title>\n<meta name=\"robots\" content=\"index, follow, max-snippet:-1, max-image-preview:large, max-video-preview:-1\" \/>\n<link rel=\"canonical\" href=\"https:\/\/infoelnuevonorte.com\/?p=139937\" \/>\n<meta property=\"og:locale\" content=\"es_ES\" \/>\n<meta property=\"og:type\" content=\"article\" \/>\n<meta property=\"og:title\" content=\"Trump crea nueva designaci\u00f3n para pa\u00edses que encarcelan injustamente a estadounidenses | El Nuevo Norte\" \/>\n<meta property=\"og:description\" content=\"El presidente de Estados Unidos, Donald Trump, firm\u00f3 este viernes un decreto que crea una nueva categor\u00eda legal: \u201cEstado patrocinador de detenciones ilegales\u201d, una medida que busca castigar a pa\u00edses que encarcelan de forma arbitraria a ciudadanos estadounidenses, y pretende disuadir futuras detenciones injustas. Seg\u00fan explic\u00f3 un alto funcionario del Gobierno, la designaci\u00f3n podr\u00eda implicar [&hellip;]\" \/>\n<meta property=\"og:url\" content=\"https:\/\/infoelnuevonorte.com\/?p=139937\" \/>\n<meta property=\"og:site_name\" content=\"El Nuevo Norte\" \/>\n<meta property=\"article:publisher\" content=\"https:\/\/www.facebook.com\/infoenn\" \/>\n<meta property=\"article:published_time\" content=\"2025-09-06T10:09:50+00:00\" \/>\n<meta property=\"article:modified_time\" content=\"2025-09-06T10:09:51+00:00\" \/>\n<meta property=\"og:image\" content=\"https:\/\/infoelnuevonorte.com\/wp-content\/uploads\/2025\/09\/trump-1.jpeg\" \/>\n\t<meta property=\"og:image:width\" content=\"1140\" \/>\n\t<meta property=\"og:image:height\" content=\"694\" \/>\n\t<meta property=\"og:image:type\" content=\"image\/jpeg\" \/>\n<meta name=\"author\" content=\"InfoEnn\" \/>\n<meta name=\"twitter:card\" content=\"summary_large_image\" \/>\n<meta name=\"twitter:creator\" content=\"@Elnuevo_norte\" \/>\n<meta name=\"twitter:site\" content=\"@Elnuevo_norte\" \/>\n<meta name=\"twitter:label1\" content=\"Written by\" \/>\n\t<meta name=\"twitter:data1\" content=\"InfoEnn\" \/>\n\t<meta name=\"twitter:label2\" content=\"Est. reading time\" \/>\n\t<meta name=\"twitter:data2\" content=\"2 minutos\" \/>\n<script type=\"application\/ld+json\" class=\"yoast-schema-graph\">{\"@context\":\"https:\/\/schema.org\",\"@graph\":[{\"@type\":\"Article\",\"@id\":\"https:\/\/infoelnuevonorte.com\/?p=139937#article\",\"isPartOf\":{\"@id\":\"https:\/\/infoelnuevonorte.com\/?p=139937\"},\"author\":{\"name\":\"InfoEnn\",\"@id\":\"https:\/\/infoelnuevonorte.com\/#\/schema\/person\/fd4f6d90afe41260818b4ea94ad8ab84\"},\"headline\":\"Trump crea nueva designaci\u00f3n para pa\u00edses que encarcelan injustamente a estadounidenses\",\"datePublished\":\"2025-09-06T10:09:50+00:00\",\"dateModified\":\"2025-09-06T10:09:51+00:00\",\"mainEntityOfPage\":{\"@id\":\"https:\/\/infoelnuevonorte.com\/?p=139937\"},\"wordCount\":388,\"publisher\":{\"@id\":\"https:\/\/infoelnuevonorte.com\/#organization\"},\"keywords\":[\"Donald Trump\",\"Estados Unidos\"],\"articleSection\":[\"Mundiales\"],\"inLanguage\":\"es-DO\"},{\"@type\":\"WebPage\",\"@id\":\"https:\/\/infoelnuevonorte.com\/?p=139937\",\"url\":\"https:\/\/infoelnuevonorte.com\/?p=139937\",\"name\":\"Trump crea nueva designaci\u00f3n para pa\u00edses que encarcelan injustamente a estadounidenses | El Nuevo Norte\",\"isPartOf\":{\"@id\":\"https:\/\/infoelnuevonorte.com\/#website\"},\"datePublished\":\"2025-09-06T10:09:50+00:00\",\"dateModified\":\"2025-09-06T10:09:51+00:00\",\"breadcrumb\":{\"@id\":\"https:\/\/infoelnuevonorte.com\/?p=139937#breadcrumb\"},\"inLanguage\":\"es-DO\",\"potentialAction\":[{\"@type\":\"ReadAction\",\"target\":[\"https:\/\/infoelnuevonorte.com\/?p=139937\"]}]},{\"@type\":\"BreadcrumbList\",\"@id\":\"https:\/\/infoelnuevonorte.com\/?p=139937#breadcrumb\",\"itemListElement\":[{\"@type\":\"ListItem\",\"position\":1,\"name\":\"Home\",\"item\":\"https:\/\/infoelnuevonorte.com\/\"},{\"@type\":\"ListItem\",\"position\":2,\"name\":\"Trump crea nueva designaci\u00f3n para pa\u00edses que encarcelan injustamente a estadounidenses\"}]},{\"@type\":\"WebSite\",\"@id\":\"https:\/\/infoelnuevonorte.com\/#website\",\"url\":\"https:\/\/infoelnuevonorte.com\/\",\"name\":\"InfoEnn\",\"description\":\"Tu Voz, tu Verdad, tu Diario!!!\",\"publisher\":{\"@id\":\"https:\/\/infoelnuevonorte.com\/#organization\"},\"alternateName\":\"El Nuevo Norte\",\"potentialAction\":[{\"@type\":\"SearchAction\",\"target\":{\"@type\":\"EntryPoint\",\"urlTemplate\":\"https:\/\/infoelnuevonorte.com\/?s={search_term_string}\"},\"query-input\":{\"@type\":\"PropertyValueSpecification\",\"valueRequired\":true,\"valueName\":\"search_term_string\"}}],\"inLanguage\":\"es-DO\"},{\"@type\":\"Organization\",\"@id\":\"https:\/\/infoelnuevonorte.com\/#organization\",\"name\":\"Info El Nuevo Norte\",\"alternateName\":\"El Nuevo Norte\",\"url\":\"https:\/\/infoelnuevonorte.com\/\",\"logo\":{\"@type\":\"ImageObject\",\"inLanguage\":\"es-DO\",\"@id\":\"https:\/\/infoelnuevonorte.com\/#\/schema\/logo\/image\/\",\"url\":\"https:\/\/infoelnuevonorte.com\/wp-content\/uploads\/2026\/02\/Logo-Info-enn-3d-20ani.jpeg\",\"contentUrl\":\"https:\/\/infoelnuevonorte.com\/wp-content\/uploads\/2026\/02\/Logo-Info-enn-3d-20ani.jpeg\",\"width\":2046,\"height\":736,\"caption\":\"Info El Nuevo Norte\"},\"image\":{\"@id\":\"https:\/\/infoelnuevonorte.com\/#\/schema\/logo\/image\/\"},\"sameAs\":[\"https:\/\/www.facebook.com\/infoenn\",\"https:\/\/x.com\/Elnuevo_norte\",\"https:\/\/www.instagram.com\/infoenn\",\"https:\/\/www.facebook.com\/ENNRD\"]},{\"@type\":\"Person\",\"@id\":\"https:\/\/infoelnuevonorte.com\/#\/schema\/person\/fd4f6d90afe41260818b4ea94ad8ab84\",\"name\":\"InfoEnn\",\"image\":{\"@type\":\"ImageObject\",\"inLanguage\":\"es-DO\",\"@id\":\"https:\/\/infoelnuevonorte.com\/#\/schema\/person\/image\/\",\"url\":\"https:\/\/secure.gravatar.com\/avatar\/d4d760a41a48ba9db0a82bfb63bb0783?s=96&d=robohash&r=g\",\"contentUrl\":\"https:\/\/secure.gravatar.com\/avatar\/d4d760a41a48ba9db0a82bfb63bb0783?s=96&d=robohash&r=g\",\"caption\":\"InfoEnn\"},\"sameAs\":[\"https:\/\/infoelnuevonorte.com\"],\"url\":\"https:\/\/infoelnuevonorte.com\/?author=1\"}]}<\/script>\n<!-- \/ Yoast SEO plugin. -->","yoast_head_json":{"title":"Trump crea nueva designaci\u00f3n para pa\u00edses que encarcelan injustamente a estadounidenses | El Nuevo Norte","robots":{"index":"index","follow":"follow","max-snippet":"max-snippet:-1","max-image-preview":"max-image-preview:large","max-video-preview":"max-video-preview:-1"},"canonical":"https:\/\/infoelnuevonorte.com\/?p=139937","og_locale":"es_ES","og_type":"article","og_title":"Trump crea nueva designaci\u00f3n para pa\u00edses que encarcelan injustamente a estadounidenses | El Nuevo Norte","og_description":"El presidente de Estados Unidos, Donald Trump, firm\u00f3 este viernes un decreto que crea una nueva categor\u00eda legal: \u201cEstado patrocinador de detenciones ilegales\u201d, una medida que busca castigar a pa\u00edses que encarcelan de forma arbitraria a ciudadanos estadounidenses, y pretende disuadir futuras detenciones injustas. Seg\u00fan explic\u00f3 un alto funcionario del Gobierno, la designaci\u00f3n podr\u00eda implicar [&hellip;]","og_url":"https:\/\/infoelnuevonorte.com\/?p=139937","og_site_name":"El Nuevo Norte","article_publisher":"https:\/\/www.facebook.com\/infoenn","article_published_time":"2025-09-06T10:09:50+00:00","article_modified_time":"2025-09-06T10:09:51+00:00","og_image":[{"width":1140,"height":694,"url":"https:\/\/infoelnuevonorte.com\/wp-content\/uploads\/2025\/09\/trump-1.jpeg","type":"image\/jpeg"}],"author":"InfoEnn","twitter_card":"summary_large_image","twitter_creator":"@Elnuevo_norte","twitter_site":"@Elnuevo_norte","twitter_misc":{"Written by":"InfoEnn","Est. reading time":"2 minutos"},"schema":{"@context":"https:\/\/schema.org","@graph":[{"@type":"Article","@id":"https:\/\/infoelnuevonorte.com\/?p=139937#article","isPartOf":{"@id":"https:\/\/infoelnuevonorte.com\/?p=139937"},"author":{"name":"InfoEnn","@id":"https:\/\/infoelnuevonorte.com\/#\/schema\/person\/fd4f6d90afe41260818b4ea94ad8ab84"},"headline":"Trump crea nueva designaci\u00f3n para pa\u00edses que encarcelan injustamente a estadounidenses","datePublished":"2025-09-06T10:09:50+00:00","dateModified":"2025-09-06T10:09:51+00:00","mainEntityOfPage":{"@id":"https:\/\/infoelnuevonorte.com\/?p=139937"},"wordCount":388,"publisher":{"@id":"https:\/\/infoelnuevonorte.com\/#organization"},"keywords":["Donald Trump","Estados Unidos"],"articleSection":["Mundiales"],"inLanguage":"es-DO"},{"@type":"WebPage","@id":"https:\/\/infoelnuevonorte.com\/?p=139937","url":"https:\/\/infoelnuevonorte.com\/?p=139937","name":"Trump crea nueva designaci\u00f3n para pa\u00edses que encarcelan injustamente a estadounidenses | El Nuevo Norte","isPartOf":{"@id":"https:\/\/infoelnuevonorte.com\/#website"},"datePublished":"2025-09-06T10:09:50+00:00","dateModified":"2025-09-06T10:09:51+00:00","breadcrumb":{"@id":"https:\/\/infoelnuevonorte.com\/?p=139937#breadcrumb"},"inLanguage":"es-DO","potentialAction":[{"@type":"ReadAction","target":["https:\/\/infoelnuevonorte.com\/?p=139937"]}]},{"@type":"BreadcrumbList","@id":"https:\/\/infoelnuevonorte.com\/?p=139937#breadcrumb","itemListElement":[{"@type":"ListItem","position":1,"name":"Home","item":"https:\/\/infoelnuevonorte.com\/"},{"@type":"ListItem","position":2,"name":"Trump crea nueva designaci\u00f3n para pa\u00edses que encarcelan injustamente a estadounidenses"}]},{"@type":"WebSite","@id":"https:\/\/infoelnuevonorte.com\/#website","url":"https:\/\/infoelnuevonorte.com\/","name":"InfoEnn","description":"Tu Voz, tu Verdad, tu Diario!!!","publisher":{"@id":"https:\/\/infoelnuevonorte.com\/#organization"},"alternateName":"El Nuevo Norte","potentialAction":[{"@type":"SearchAction","target":{"@type":"EntryPoint","urlTemplate":"https:\/\/infoelnuevonorte.com\/?s={search_term_string}"},"query-input":{"@type":"PropertyValueSpecification","valueRequired":true,"valueName":"search_term_string"}}],"inLanguage":"es-DO"},{"@type":"Organization","@id":"https:\/\/infoelnuevonorte.com\/#organization","name":"Info El Nuevo Norte","alternateName":"El Nuevo Norte","url":"https:\/\/infoelnuevonorte.com\/","logo":{"@type":"ImageObject","inLanguage":"es-DO","@id":"https:\/\/infoelnuevonorte.com\/#\/schema\/logo\/image\/","url":"https:\/\/infoelnuevonorte.com\/wp-content\/uploads\/2026\/02\/Logo-Info-enn-3d-20ani.jpeg","contentUrl":"https:\/\/infoelnuevonorte.com\/wp-content\/uploads\/2026\/02\/Logo-Info-enn-3d-20ani.jpeg","width":2046,"height":736,"caption":"Info El Nuevo Norte"},"image":{"@id":"https:\/\/infoelnuevonorte.com\/#\/schema\/logo\/image\/"},"sameAs":["https:\/\/www.facebook.com\/infoenn","https:\/\/x.com\/Elnuevo_norte","https:\/\/www.instagram.com\/infoenn","https:\/\/www.facebook.com\/ENNRD"]},{"@type":"Person","@id":"https:\/\/infoelnuevonorte.com\/#\/schema\/person\/fd4f6d90afe41260818b4ea94ad8ab84","name":"InfoEnn","image":{"@type":"ImageObject","inLanguage":"es-DO","@id":"https:\/\/infoelnuevonorte.com\/#\/schema\/person\/image\/","url":"https:\/\/secure.gravatar.com\/avatar\/d4d760a41a48ba9db0a82bfb63bb0783?s=96&d=robohash&r=g","contentUrl":"https:\/\/secure.gravatar.com\/avatar\/d4d760a41a48ba9db0a82bfb63bb0783?s=96&d=robohash&r=g","caption":"InfoEnn"},"sameAs":["https:\/\/infoelnuevonorte.com"],"url":"https:\/\/infoelnuevonorte.com\/?author=1"}]}},"_links":{"self":[{"href":"https:\/\/infoelnuevonorte.com\/index.php?rest_route=\/wp\/v2\/posts\/139937"}],"collection":[{"href":"https:\/\/infoelnuevonorte.com\/index.php?rest_route=\/wp\/v2\/posts"}],"about":[{"href":"https:\/\/infoelnuevonorte.com\/index.php?rest_route=\/wp\/v2\/types\/post"}],"author":[{"embeddable":true,"href":"https:\/\/infoelnuevonorte.com\/index.php?rest_route=\/wp\/v2\/users\/1"}],"replies":[{"embeddable":true,"href":"https:\/\/infoelnuevonorte.com\/index.php?rest_route=%2Fwp%2Fv2%2Fcomments&post=139937"}],"version-history":[{"count":1,"href":"https:\/\/infoelnuevonorte.com\/index.php?rest_route=\/wp\/v2\/posts\/139937\/revisions"}],"predecessor-version":[{"id":139943,"href":"https:\/\/infoelnuevonorte.com\/index.php?rest_route=\/wp\/v2\/posts\/139937\/revisions\/139943"}],"wp:attachment":[{"href":"https:\/\/infoelnuevonorte.com\/index.php?rest_route=%2Fwp%2Fv2%2Fmedia&parent=139937"}],"wp:term":[{"taxonomy":"category","embeddable":true,"href":"https:\/\/infoelnuevonorte.com\/index.php?rest_route=%2Fwp%2Fv2%2Fcategories&post=139937"},{"taxonomy":"post_tag","embeddable":true,"href":"https:\/\/infoelnuevonorte.com\/index.php?rest_route=%2Fwp%2Fv2%2Ftags&post=139937"}],"curies":[{"name":"wp","href":"https:\/\/api.w.org\/{rel}","templated":true}]}}