{"id":14102,"date":"2024-03-10T11:42:26","date_gmt":"2024-03-10T15:42:26","guid":{"rendered":"https:\/\/infoelnuevonorte.com\/?p=14102"},"modified":"2024-03-10T11:42:28","modified_gmt":"2024-03-10T15:42:28","slug":"combate-a-la-criminalidad-y-al-crimen-organizado-matizaron-las-acciones-de-la-fiscalia-de-santiago","status":"publish","type":"post","link":"https:\/\/infoelnuevonorte.com\/?p=14102","title":{"rendered":"Combate a la criminalidad y al crimen organizado matizaron las acciones de la Fiscal\u00eda de Santiago"},"content":{"rendered":"<div class=\"wp-block-button is-style-3d td_btn_large\"><a class=\"wp-block-button__link wp-element-button\" href=\"https:\/\/whatsapp.com\/channel\/0029Va88WGP2ER6ZxD6TCa3U\" target=\"_blank\" rel=\"noreferrer noopener\">\u00danete a nuestro canal de Whatsapp<\/a><\/div>\n<!--[if lt IE 9]><script>document.createElement('audio');<\/script><![endif]-->\n<audio class=\"wp-audio-shortcode\" id=\"audio-14102-1\" preload=\"none\" style=\"width: 100%;\" controls=\"controls\"><source type=\"audio\/mpeg\" src=\"https:\/\/infoelnuevonorte.com\/wp-content\/uploads\/2024\/03\/ttsmaker-file-2024-3-10-11-41-13.mp3?_=1\" \/><a href=\"https:\/\/infoelnuevonorte.com\/wp-content\/uploads\/2024\/03\/ttsmaker-file-2024-3-10-11-41-13.mp3\">https:\/\/infoelnuevonorte.com\/wp-content\/uploads\/2024\/03\/ttsmaker-file-2024-3-10-11-41-13.mp3<\/a><\/audio>\n<p style=\"text-align: justify;\">Los principales logros del <strong>Ministerio P\u00fablico<\/strong> en <strong>Santiago<\/strong> han sido la reducci\u00f3n de la <strong>tasa<\/strong> de <strong>muertes<\/strong> violentas, el embate al <strong>narcotr\u00e1fico<\/strong> y la lucha contra el <strong>crimen organizado<\/strong>. Este an\u00e1lisis fue presentado por el titular de la <strong>Procuradur\u00eda Fiscal<\/strong> de <strong>Santiago<\/strong>, <strong>Osvaldo Bonilla<\/strong>, al evaluar los casi tres a\u00f1os de gesti\u00f3n que tiene al frente del referido organismo de persecuci\u00f3n del crimen.<\/p>\n<p style=\"text-align: justify;\">Seg\u00fan lo informado,\u00a0la <strong>tasa<\/strong> de homicidios en la ciudad se ha colocado en 9.8 <strong>muertes<\/strong> violentas por cada 100 mil habitantes y se han alcanzado cifras r\u00e9cord de incautaci\u00f3n de narc\u00f3ticos para dicho a\u00f1o.<\/p>\n<p style=\"text-align: justify;\">\"Logramos ocupar el mayor decomiso de <strong>marihuana<\/strong>, dos mil libras y el mayor de <strong>coca\u00edna<\/strong> 200 kilos, desde el ministerio p\u00fablico estamos conscientes del da\u00f1o que producen las armas en manos de civiles, hemos sacado cientos de armas de fuego ilegales de las calles de <strong>Santiago<\/strong>\", subray\u00f3 Bonilla.<\/p>\n<p style=\"text-align: justify;\">Destac\u00f3 la implementaci\u00f3n de iniciativas para facilitar el acceso ciudadano a los <strong>servicios de justicia<\/strong>, para lo cual se cre\u00f3 en San Jos\u00e9 de Las Matas el <strong>Centro de Atenci\u00f3n<\/strong> al Servicio Ciudadano en Baitoa.<\/p>\n<h2 style=\"text-align: justify;\"><strong>Programa de Seguridad<\/strong> y <strong>Justicia<\/strong><\/h2>\n<p style=\"text-align: justify;\">La implementaci\u00f3n del programa Seguridad y <strong>Justicia<\/strong>, que desarrolla la <strong>Procuradur\u00eda Fiscal<\/strong> de <strong>Santiago<\/strong> junto a instituciones como la Agencia de Estados Unidos para el Desarrollo Internacional (Usaid), el Poder Judicial, La Polic\u00eda Nacional, el Ministerio de La Mujer, ha mejorado los servicios de atenci\u00f3n a mujeres <strong>v\u00edctimas<\/strong> de <strong>violencia de g\u00e9nero<\/strong>, seg\u00fan el balance presentado.<\/p>\n<p style=\"text-align: justify;\">\"Sin embargo, nos falta mucho camino por recorrer para llegar a tener la <strong>fiscal\u00eda<\/strong> que <strong>Santiago<\/strong> merece y en eso nos esforzamos todos los d\u00edas como equipo\", sostuvo Bonilla.<\/p>\n<p style=\"text-align: justify;\">La <strong>Eucarist\u00eda<\/strong> fue celebrada en la parroquia Nuestra Se\u00f1ora de la Anunciaci\u00f3n del campus universitario de la <strong>Pucmm<\/strong> en esta ciudad, y fue oficiada por el rector de la referida universidad el Reverendo Padre, doctor Secilio D\u00edaz.<\/p>\n<p style=\"text-align: justify;\">En el oficio religioso solemne, estuvieron presentes\u00a0 adem\u00e1s del titular de la <strong>fiscal\u00eda<\/strong>, otros representantes del poder judicial y autoridades de la provincia, incluyendo la gobernadora Rosa Santos y el director regional Cibao Central de la Polic\u00eda Nacional, Juan Bautista Jim\u00e9nez Reynoso.<\/p>\n<p style=\"text-align: justify;\">El <strong>Consejo Superior<\/strong> del <strong>Ministerio P\u00fablico<\/strong> (CSMP), que preside la procuradora Miriam Germ\u00e1n Brito, declar\u00f3 el 9 de marzo de cada a\u00f1o como D\u00eda Nacional del <strong>Ministerio P\u00fablico<\/strong>, en honor al natalicio del patricio Francisco del Rosario S\u00e1nchez, quien fue fiscal ante el Tribunal de Apelaci\u00f3n de Santo Domingo.<\/p>\n","protected":false},"excerpt":{"rendered":"<p>\u00danete a nuestro canal de Whatsapp Los principales logros del Ministerio P\u00fablico en Santiago han sido la reducci\u00f3n de la tasa de muertes violentas, el embate al narcotr\u00e1fico y la lucha contra el crimen organizado. Este an\u00e1lisis fue presentado por el titular de la Procuradur\u00eda Fiscal de Santiago, Osvaldo Bonilla, al evaluar los casi tres [&hellip;]<\/p>\n","protected":false},"author":1,"featured_media":0,"comment_status":"closed","ping_status":"open","sticky":false,"template":"","format":"standard","meta":{"footnotes":""},"categories":[2,5],"tags":[],"yoast_head":"<!-- This site is optimized with the Yoast SEO plugin v24.5 - https:\/\/yoast.com\/wordpress\/plugins\/seo\/ -->\n<title>Combate a la criminalidad y al crimen organizado matizaron las acciones de la Fiscal\u00eda de Santiago | El Nuevo Norte<\/title>\n<meta name=\"robots\" content=\"index, follow, max-snippet:-1, max-image-preview:large, max-video-preview:-1\" \/>\n<link rel=\"canonical\" href=\"https:\/\/infoelnuevonorte.com\/?p=14102\" \/>\n<meta property=\"og:locale\" content=\"es_ES\" \/>\n<meta property=\"og:type\" content=\"article\" \/>\n<meta property=\"og:title\" content=\"Combate a la criminalidad y al crimen organizado matizaron las acciones de la Fiscal\u00eda de Santiago | El Nuevo Norte\" \/>\n<meta property=\"og:description\" content=\"\u00danete a nuestro canal de Whatsapp Los principales logros del Ministerio P\u00fablico en Santiago han sido la reducci\u00f3n de la tasa de muertes violentas, el embate al narcotr\u00e1fico y la lucha contra el crimen organizado. Este an\u00e1lisis fue presentado por el titular de la Procuradur\u00eda Fiscal de Santiago, Osvaldo Bonilla, al evaluar los casi tres [&hellip;]\" \/>\n<meta property=\"og:url\" content=\"https:\/\/infoelnuevonorte.com\/?p=14102\" \/>\n<meta property=\"og:site_name\" content=\"El Nuevo Norte\" \/>\n<meta property=\"article:publisher\" content=\"https:\/\/www.facebook.com\/infoenn\" \/>\n<meta property=\"article:published_time\" content=\"2024-03-10T15:42:26+00:00\" \/>\n<meta property=\"article:modified_time\" content=\"2024-03-10T15:42:28+00:00\" \/>\n<meta property=\"og:image\" content=\"https:\/\/infoelnuevonorte.com\/wp-content\/uploads\/2024\/03\/fiscal-santiago-jpg.webp\" \/>\n\t<meta property=\"og:image:width\" content=\"896\" \/>\n\t<meta property=\"og:image:height\" content=\"504\" \/>\n\t<meta property=\"og:image:type\" content=\"image\/jpeg\" \/>\n<meta name=\"author\" content=\"InfoEnn\" \/>\n<meta name=\"twitter:card\" content=\"summary_large_image\" \/>\n<meta name=\"twitter:creator\" content=\"@Elnuevo_norte\" \/>\n<meta name=\"twitter:site\" content=\"@Elnuevo_norte\" \/>\n<meta name=\"twitter:label1\" content=\"Written by\" \/>\n\t<meta name=\"twitter:data1\" content=\"InfoEnn\" \/>\n\t<meta name=\"twitter:label2\" content=\"Est. reading time\" \/>\n\t<meta name=\"twitter:data2\" content=\"3 minutos\" \/>\n<script type=\"application\/ld+json\" class=\"yoast-schema-graph\">{\"@context\":\"https:\/\/schema.org\",\"@graph\":[{\"@type\":\"Article\",\"@id\":\"https:\/\/infoelnuevonorte.com\/?p=14102#article\",\"isPartOf\":{\"@id\":\"https:\/\/infoelnuevonorte.com\/?p=14102\"},\"author\":{\"name\":\"InfoEnn\",\"@id\":\"https:\/\/infoelnuevonorte.com\/#\/schema\/person\/fd4f6d90afe41260818b4ea94ad8ab84\"},\"headline\":\"Combate a la criminalidad y al crimen organizado matizaron las acciones de la Fiscal\u00eda de Santiago\",\"datePublished\":\"2024-03-10T15:42:26+00:00\",\"dateModified\":\"2024-03-10T15:42:28+00:00\",\"mainEntityOfPage\":{\"@id\":\"https:\/\/infoelnuevonorte.com\/?p=14102\"},\"wordCount\":475,\"publisher\":{\"@id\":\"https:\/\/infoelnuevonorte.com\/#organization\"},\"articleSection\":[\"Actualidad |\",\"Del Norte\"],\"inLanguage\":\"es-DO\"},{\"@type\":\"WebPage\",\"@id\":\"https:\/\/infoelnuevonorte.com\/?p=14102\",\"url\":\"https:\/\/infoelnuevonorte.com\/?p=14102\",\"name\":\"Combate a la criminalidad y al crimen organizado matizaron las acciones de la Fiscal\u00eda de Santiago | El Nuevo Norte\",\"isPartOf\":{\"@id\":\"https:\/\/infoelnuevonorte.com\/#website\"},\"datePublished\":\"2024-03-10T15:42:26+00:00\",\"dateModified\":\"2024-03-10T15:42:28+00:00\",\"breadcrumb\":{\"@id\":\"https:\/\/infoelnuevonorte.com\/?p=14102#breadcrumb\"},\"inLanguage\":\"es-DO\",\"potentialAction\":[{\"@type\":\"ReadAction\",\"target\":[\"https:\/\/infoelnuevonorte.com\/?p=14102\"]}]},{\"@type\":\"BreadcrumbList\",\"@id\":\"https:\/\/infoelnuevonorte.com\/?p=14102#breadcrumb\",\"itemListElement\":[{\"@type\":\"ListItem\",\"position\":1,\"name\":\"Home\",\"item\":\"https:\/\/infoelnuevonorte.com\/\"},{\"@type\":\"ListItem\",\"position\":2,\"name\":\"Combate a la criminalidad y al crimen organizado matizaron las acciones de la Fiscal\u00eda de Santiago\"}]},{\"@type\":\"WebSite\",\"@id\":\"https:\/\/infoelnuevonorte.com\/#website\",\"url\":\"https:\/\/infoelnuevonorte.com\/\",\"name\":\"InfoEnn\",\"description\":\"Tu Voz, tu Verdad, tu Diario!!!\",\"publisher\":{\"@id\":\"https:\/\/infoelnuevonorte.com\/#organization\"},\"alternateName\":\"El Nuevo Norte\",\"potentialAction\":[{\"@type\":\"SearchAction\",\"target\":{\"@type\":\"EntryPoint\",\"urlTemplate\":\"https:\/\/infoelnuevonorte.com\/?s={search_term_string}\"},\"query-input\":{\"@type\":\"PropertyValueSpecification\",\"valueRequired\":true,\"valueName\":\"search_term_string\"}}],\"inLanguage\":\"es-DO\"},{\"@type\":\"Organization\",\"@id\":\"https:\/\/infoelnuevonorte.com\/#organization\",\"name\":\"Info El Nuevo Norte\",\"alternateName\":\"El Nuevo Norte\",\"url\":\"https:\/\/infoelnuevonorte.com\/\",\"logo\":{\"@type\":\"ImageObject\",\"inLanguage\":\"es-DO\",\"@id\":\"https:\/\/infoelnuevonorte.com\/#\/schema\/logo\/image\/\",\"url\":\"https:\/\/infoelnuevonorte.com\/wp-content\/uploads\/2026\/02\/Logo-Info-enn-3d-20ani.jpeg\",\"contentUrl\":\"https:\/\/infoelnuevonorte.com\/wp-content\/uploads\/2026\/02\/Logo-Info-enn-3d-20ani.jpeg\",\"width\":2046,\"height\":736,\"caption\":\"Info El Nuevo Norte\"},\"image\":{\"@id\":\"https:\/\/infoelnuevonorte.com\/#\/schema\/logo\/image\/\"},\"sameAs\":[\"https:\/\/www.facebook.com\/infoenn\",\"https:\/\/x.com\/Elnuevo_norte\",\"https:\/\/www.instagram.com\/infoenn\",\"https:\/\/www.facebook.com\/ENNRD\"]},{\"@type\":\"Person\",\"@id\":\"https:\/\/infoelnuevonorte.com\/#\/schema\/person\/fd4f6d90afe41260818b4ea94ad8ab84\",\"name\":\"InfoEnn\",\"image\":{\"@type\":\"ImageObject\",\"inLanguage\":\"es-DO\",\"@id\":\"https:\/\/infoelnuevonorte.com\/#\/schema\/person\/image\/\",\"url\":\"https:\/\/secure.gravatar.com\/avatar\/d4d760a41a48ba9db0a82bfb63bb0783?s=96&d=robohash&r=g\",\"contentUrl\":\"https:\/\/secure.gravatar.com\/avatar\/d4d760a41a48ba9db0a82bfb63bb0783?s=96&d=robohash&r=g\",\"caption\":\"InfoEnn\"},\"sameAs\":[\"https:\/\/infoelnuevonorte.com\"],\"url\":\"https:\/\/infoelnuevonorte.com\/?author=1\"}]}<\/script>\n<!-- \/ Yoast SEO plugin. -->","yoast_head_json":{"title":"Combate a la criminalidad y al crimen organizado matizaron las acciones de la Fiscal\u00eda de Santiago | El Nuevo Norte","robots":{"index":"index","follow":"follow","max-snippet":"max-snippet:-1","max-image-preview":"max-image-preview:large","max-video-preview":"max-video-preview:-1"},"canonical":"https:\/\/infoelnuevonorte.com\/?p=14102","og_locale":"es_ES","og_type":"article","og_title":"Combate a la criminalidad y al crimen organizado matizaron las acciones de la Fiscal\u00eda de Santiago | El Nuevo Norte","og_description":"\u00danete a nuestro canal de Whatsapp Los principales logros del Ministerio P\u00fablico en Santiago han sido la reducci\u00f3n de la tasa de muertes violentas, el embate al narcotr\u00e1fico y la lucha contra el crimen organizado. Este an\u00e1lisis fue presentado por el titular de la Procuradur\u00eda Fiscal de Santiago, Osvaldo Bonilla, al evaluar los casi tres [&hellip;]","og_url":"https:\/\/infoelnuevonorte.com\/?p=14102","og_site_name":"El Nuevo Norte","article_publisher":"https:\/\/www.facebook.com\/infoenn","article_published_time":"2024-03-10T15:42:26+00:00","article_modified_time":"2024-03-10T15:42:28+00:00","og_image":[{"width":896,"height":504,"url":"https:\/\/infoelnuevonorte.com\/wp-content\/uploads\/2024\/03\/fiscal-santiago-jpg.webp","type":"image\/jpeg"}],"author":"InfoEnn","twitter_card":"summary_large_image","twitter_creator":"@Elnuevo_norte","twitter_site":"@Elnuevo_norte","twitter_misc":{"Written by":"InfoEnn","Est. reading time":"3 minutos"},"schema":{"@context":"https:\/\/schema.org","@graph":[{"@type":"Article","@id":"https:\/\/infoelnuevonorte.com\/?p=14102#article","isPartOf":{"@id":"https:\/\/infoelnuevonorte.com\/?p=14102"},"author":{"name":"InfoEnn","@id":"https:\/\/infoelnuevonorte.com\/#\/schema\/person\/fd4f6d90afe41260818b4ea94ad8ab84"},"headline":"Combate a la criminalidad y al crimen organizado matizaron las acciones de la Fiscal\u00eda de Santiago","datePublished":"2024-03-10T15:42:26+00:00","dateModified":"2024-03-10T15:42:28+00:00","mainEntityOfPage":{"@id":"https:\/\/infoelnuevonorte.com\/?p=14102"},"wordCount":475,"publisher":{"@id":"https:\/\/infoelnuevonorte.com\/#organization"},"articleSection":["Actualidad |","Del Norte"],"inLanguage":"es-DO"},{"@type":"WebPage","@id":"https:\/\/infoelnuevonorte.com\/?p=14102","url":"https:\/\/infoelnuevonorte.com\/?p=14102","name":"Combate a la criminalidad y al crimen organizado matizaron las acciones de la Fiscal\u00eda de Santiago | El Nuevo Norte","isPartOf":{"@id":"https:\/\/infoelnuevonorte.com\/#website"},"datePublished":"2024-03-10T15:42:26+00:00","dateModified":"2024-03-10T15:42:28+00:00","breadcrumb":{"@id":"https:\/\/infoelnuevonorte.com\/?p=14102#breadcrumb"},"inLanguage":"es-DO","potentialAction":[{"@type":"ReadAction","target":["https:\/\/infoelnuevonorte.com\/?p=14102"]}]},{"@type":"BreadcrumbList","@id":"https:\/\/infoelnuevonorte.com\/?p=14102#breadcrumb","itemListElement":[{"@type":"ListItem","position":1,"name":"Home","item":"https:\/\/infoelnuevonorte.com\/"},{"@type":"ListItem","position":2,"name":"Combate a la criminalidad y al crimen organizado matizaron las acciones de la Fiscal\u00eda de Santiago"}]},{"@type":"WebSite","@id":"https:\/\/infoelnuevonorte.com\/#website","url":"https:\/\/infoelnuevonorte.com\/","name":"InfoEnn","description":"Tu Voz, tu Verdad, tu Diario!!!","publisher":{"@id":"https:\/\/infoelnuevonorte.com\/#organization"},"alternateName":"El Nuevo Norte","potentialAction":[{"@type":"SearchAction","target":{"@type":"EntryPoint","urlTemplate":"https:\/\/infoelnuevonorte.com\/?s={search_term_string}"},"query-input":{"@type":"PropertyValueSpecification","valueRequired":true,"valueName":"search_term_string"}}],"inLanguage":"es-DO"},{"@type":"Organization","@id":"https:\/\/infoelnuevonorte.com\/#organization","name":"Info El Nuevo Norte","alternateName":"El Nuevo Norte","url":"https:\/\/infoelnuevonorte.com\/","logo":{"@type":"ImageObject","inLanguage":"es-DO","@id":"https:\/\/infoelnuevonorte.com\/#\/schema\/logo\/image\/","url":"https:\/\/infoelnuevonorte.com\/wp-content\/uploads\/2026\/02\/Logo-Info-enn-3d-20ani.jpeg","contentUrl":"https:\/\/infoelnuevonorte.com\/wp-content\/uploads\/2026\/02\/Logo-Info-enn-3d-20ani.jpeg","width":2046,"height":736,"caption":"Info El Nuevo Norte"},"image":{"@id":"https:\/\/infoelnuevonorte.com\/#\/schema\/logo\/image\/"},"sameAs":["https:\/\/www.facebook.com\/infoenn","https:\/\/x.com\/Elnuevo_norte","https:\/\/www.instagram.com\/infoenn","https:\/\/www.facebook.com\/ENNRD"]},{"@type":"Person","@id":"https:\/\/infoelnuevonorte.com\/#\/schema\/person\/fd4f6d90afe41260818b4ea94ad8ab84","name":"InfoEnn","image":{"@type":"ImageObject","inLanguage":"es-DO","@id":"https:\/\/infoelnuevonorte.com\/#\/schema\/person\/image\/","url":"https:\/\/secure.gravatar.com\/avatar\/d4d760a41a48ba9db0a82bfb63bb0783?s=96&d=robohash&r=g","contentUrl":"https:\/\/secure.gravatar.com\/avatar\/d4d760a41a48ba9db0a82bfb63bb0783?s=96&d=robohash&r=g","caption":"InfoEnn"},"sameAs":["https:\/\/infoelnuevonorte.com"],"url":"https:\/\/infoelnuevonorte.com\/?author=1"}]}},"_links":{"self":[{"href":"https:\/\/infoelnuevonorte.com\/index.php?rest_route=\/wp\/v2\/posts\/14102"}],"collection":[{"href":"https:\/\/infoelnuevonorte.com\/index.php?rest_route=\/wp\/v2\/posts"}],"about":[{"href":"https:\/\/infoelnuevonorte.com\/index.php?rest_route=\/wp\/v2\/types\/post"}],"author":[{"embeddable":true,"href":"https:\/\/infoelnuevonorte.com\/index.php?rest_route=\/wp\/v2\/users\/1"}],"replies":[{"embeddable":true,"href":"https:\/\/infoelnuevonorte.com\/index.php?rest_route=%2Fwp%2Fv2%2Fcomments&post=14102"}],"version-history":[{"count":0,"href":"https:\/\/infoelnuevonorte.com\/index.php?rest_route=\/wp\/v2\/posts\/14102\/revisions"}],"wp:attachment":[{"href":"https:\/\/infoelnuevonorte.com\/index.php?rest_route=%2Fwp%2Fv2%2Fmedia&parent=14102"}],"wp:term":[{"taxonomy":"category","embeddable":true,"href":"https:\/\/infoelnuevonorte.com\/index.php?rest_route=%2Fwp%2Fv2%2Fcategories&post=14102"},{"taxonomy":"post_tag","embeddable":true,"href":"https:\/\/infoelnuevonorte.com\/index.php?rest_route=%2Fwp%2Fv2%2Ftags&post=14102"}],"curies":[{"name":"wp","href":"https:\/\/api.w.org\/{rel}","templated":true}]}}