{"id":1421,"date":"2023-10-07T15:27:17","date_gmt":"2023-10-07T15:27:17","guid":{"rendered":"https:\/\/infoelnuevonorte.com\/?p=1421"},"modified":"2023-10-07T15:27:19","modified_gmt":"2023-10-07T15:27:19","slug":"gobierno-busca-quitar-aranceles-del-azucar-para-contrarrestar-su-aumento-de-precio","status":"publish","type":"post","link":"https:\/\/infoelnuevonorte.com\/?p=1421","title":{"rendered":"Gobierno busca quitar aranceles del az\u00facar para contrarrestar su aumento de precio"},"content":{"rendered":"<p style=\"text-align: justify;\">Con el objetivo de bajar los\u00a0<strong>costos<\/strong>\u00a0del\u00a0<strong>az\u00facar<\/strong>, el\u00a0<strong>Poder Ejecutivo<\/strong>\u00a0someti\u00f3 un proyecto de ley para quitar de<strong>\u00a0forma provisional<\/strong>\u00a0los aranceles que se pagan por la\u00a0<strong>importaci\u00f3n\u00a0de<\/strong>\u00a0<strong>az\u00facar<\/strong>\u00a0y as\u00ed \"dar respuesta al\u00a0<strong>alza de los precios<\/strong>\u00a0de ese producto\" que se efectu\u00f3 tras la tormenta Fiona, que azot\u00f3 al pa\u00eds en septiembre del 2022.<\/p>\n<p style=\"text-align: justify;\">La\u00a0<strong>tasa cero<\/strong>\u00a0para el\u00a0<strong>az\u00facar<\/strong>\u00a0ser\u00eda establecida por un per\u00edodo provisional de<strong>\u00a0tres meses<\/strong>. La medida, planteada en un proyecto de ley, argumenta que el\u00a0<strong>az\u00facar<\/strong>\u00a0es un bien que compone la canasta familiar y que se utiliza directamente en la elaboraci\u00f3n de otros\u00a0<strong>productos<\/strong>, por lo que \"urge\" una reducci\u00f3n en su costo.<\/p>\n<p style=\"text-align: justify;\">\"Las pocas\u00a0<strong>lluvias<\/strong>\u00a0registradas han causado una severa\u00a0<strong>sequ\u00eda<\/strong>\u00a0que ha afectado el sector agropecuario, especialmente la producci\u00f3n de\u00a0<strong>az\u00facar<\/strong>, limitando su disponibilidad a precios razonables en el\u00a0<strong>mercado<\/strong>\u00a0local\", alega la pieza congresual.<\/p>\n<p style=\"text-align: justify;\">El mismo proyecto de ley, propuesto por el presidente\u00a0<strong>Luis Abinader<\/strong>, contempla la posibilidad de autorizar temporalmente la\u00a0<strong>importaci\u00f3n<\/strong>\u00a0libre de arancel a algunos\u00a0<strong>productos<\/strong>\u00a0alimenticios y as\u00ed estabilizar sus precios. La medida s\u00f3lo ser\u00eda tomada en situaciones de emergencia o desastres.<\/p>\n<p style=\"text-align: justify;\">Para la correcta\u00a0<strong>importaci\u00f3n<\/strong>, el\u00a0<strong>Gobierno<\/strong>\u00a0velar\u00e1 para que los\u00a0<strong>productos<\/strong>\u00a0importados tengan un requerimiento sanitario garantizado \"a fin de salvaguardar la garant\u00eda alimentaria y la\u00a0<strong>salud<\/strong>\u00a0de los habitantes\".<\/p>\n<h2 style=\"text-align: justify;\"><strong>Inazucar determinar\u00e1 contingentes necesarios para estabilizaci\u00f3n<\/strong><\/h2>\n<p style=\"text-align: justify;\">En un art\u00edculo de la iniciativa de ley, se ordena al Instituto Azucarero Dominicano (<strong>Inazucar<\/strong>) a determinar con topes cuantitativos la\u00a0<strong>importaci\u00f3n<\/strong>\u00a0del\u00a0<strong>az\u00facar<\/strong>\u00a0y a establecer los mecanismos de administraci\u00f3n.<\/p>\n<figure class=\"my-12 component infografia\" style=\"text-align: justify;\"><picture><img decoding=\"async\" class=\"mx-auto lazy loaded aligncenter\" src=\"https:\/\/resources.diariolibre.com\/images\/2023\/10\/07\/sacos-de-azucar.jpg\" alt=\"Infograf\u00eda\" width=\"auto\" height=\"350\" data-src=\"https:\/\/resources.diariolibre.com\/images\/2023\/10\/07\/sacos-de-azucar.jpg\" data-was-processed=\"true\" \/><\/picture><\/figure>\n<p style=\"text-align: justify;\">Asimismo, el\u00a0<strong>Inazucar<\/strong>\u00a0deber\u00e1 garantizar que los contigentes aprobados para la\u00a0<strong>importaci\u00f3n<\/strong>\u00a0de\u00a0<strong>az\u00facar<\/strong>, en sus distintos tipos, sean los necesarios para la estabilizaci\u00f3n del\u00a0<strong>mercado<\/strong>\u00a0y los precios.<\/p>\n<h2 style=\"text-align: justify;\"><strong>No es\u00a0retroactiva<\/strong><\/h2>\n<p style=\"text-align: justify;\">El proyecto de ley deja que claro que todas las disposiciones de\u00a0<strong>importaci\u00f3n\u00a0a<\/strong>\u00a0<strong>tasa cero<\/strong>\u00a0que se\u00f1ala la pieza, no se aplicar\u00e1n a las importaciones que ingresaron al pa\u00eds antes que se promulgue la ley, en caso de ser aprobada por el Congreso.<\/p>\n<div class=\"w-full pt-2 float-left inside-related\">\n<h2 style=\"text-align: justify;\"><strong>Otros\u00a0productos\u00a0importados por seis meses<\/strong><\/h2>\n<p style=\"text-align: justify;\">La misma iniciativa incluye a otros\u00a0<strong>productos<\/strong>\u00a0de la canasta familiar (no especificados) que ser\u00edan importados por un per\u00edodo transitorio de<strong>\u00a0seis meses<\/strong>. En caso de aprobarse, la ley permitir\u00e1 al\u00a0<strong>Poder Ejecutivo hacer las importaciones<\/strong>\u00a0sin necesidad de otra normativa, pero s\u00f3lo cuando una cat\u00e1strofe o emergencia nacional lo ameriten.<\/p>\n<\/div>\n","protected":false},"excerpt":{"rendered":"<p>Con el objetivo de bajar los\u00a0costos\u00a0del\u00a0az\u00facar, el\u00a0Poder Ejecutivo\u00a0someti\u00f3 un proyecto de ley para quitar de\u00a0forma provisional\u00a0los aranceles que se pagan por la\u00a0importaci\u00f3n\u00a0de\u00a0az\u00facar\u00a0y as\u00ed \"dar respuesta al\u00a0alza de los precios\u00a0de ese producto\" que se efectu\u00f3 tras la tormenta Fiona, que azot\u00f3 al pa\u00eds en septiembre del 2022. La\u00a0tasa cero\u00a0para el\u00a0az\u00facar\u00a0ser\u00eda establecida por un per\u00edodo provisional de\u00a0tres [&hellip;]<\/p>\n","protected":false},"author":1,"featured_media":0,"comment_status":"open","ping_status":"open","sticky":false,"template":"","format":"standard","meta":{"footnotes":""},"categories":[2,15],"tags":[],"yoast_head":"<!-- This site is optimized with the Yoast SEO plugin v24.5 - https:\/\/yoast.com\/wordpress\/plugins\/seo\/ -->\n<title>Gobierno busca quitar aranceles del az\u00facar para contrarrestar su aumento de precio | El Nuevo Norte<\/title>\n<meta name=\"robots\" content=\"index, follow, max-snippet:-1, max-image-preview:large, max-video-preview:-1\" \/>\n<link rel=\"canonical\" href=\"https:\/\/infoelnuevonorte.com\/?p=1421\" \/>\n<meta property=\"og:locale\" content=\"es_ES\" \/>\n<meta property=\"og:type\" content=\"article\" \/>\n<meta property=\"og:title\" content=\"Gobierno busca quitar aranceles del az\u00facar para contrarrestar su aumento de precio | El Nuevo Norte\" \/>\n<meta property=\"og:description\" content=\"Con el objetivo de bajar los\u00a0costos\u00a0del\u00a0az\u00facar, el\u00a0Poder Ejecutivo\u00a0someti\u00f3 un proyecto de ley para quitar de\u00a0forma provisional\u00a0los aranceles que se pagan por la\u00a0importaci\u00f3n\u00a0de\u00a0az\u00facar\u00a0y as\u00ed &quot;dar respuesta al\u00a0alza de los precios\u00a0de ese producto&quot; que se efectu\u00f3 tras la tormenta Fiona, que azot\u00f3 al pa\u00eds en septiembre del 2022. La\u00a0tasa cero\u00a0para el\u00a0az\u00facar\u00a0ser\u00eda establecida por un per\u00edodo provisional de\u00a0tres [&hellip;]\" \/>\n<meta property=\"og:url\" content=\"https:\/\/infoelnuevonorte.com\/?p=1421\" \/>\n<meta property=\"og:site_name\" content=\"El Nuevo Norte\" \/>\n<meta property=\"article:publisher\" content=\"https:\/\/www.facebook.com\/infoenn\" \/>\n<meta property=\"article:published_time\" content=\"2023-10-07T15:27:17+00:00\" \/>\n<meta property=\"article:modified_time\" content=\"2023-10-07T15:27:19+00:00\" \/>\n<meta property=\"og:image\" content=\"https:\/\/infoelnuevonorte.com\/wp-content\/uploads\/2023\/10\/azucar-focus-0-0-896-504.png\" \/>\n\t<meta property=\"og:image:width\" content=\"896\" \/>\n\t<meta property=\"og:image:height\" content=\"504\" \/>\n\t<meta property=\"og:image:type\" content=\"image\/png\" \/>\n<meta name=\"author\" content=\"InfoEnn\" \/>\n<meta name=\"twitter:card\" content=\"summary_large_image\" \/>\n<meta name=\"twitter:creator\" content=\"@Elnuevo_norte\" \/>\n<meta name=\"twitter:site\" content=\"@Elnuevo_norte\" \/>\n<meta name=\"twitter:label1\" content=\"Written by\" \/>\n\t<meta name=\"twitter:data1\" content=\"InfoEnn\" \/>\n\t<meta name=\"twitter:label2\" content=\"Est. reading time\" \/>\n\t<meta name=\"twitter:data2\" content=\"2 minutos\" \/>\n<script type=\"application\/ld+json\" class=\"yoast-schema-graph\">{\"@context\":\"https:\/\/schema.org\",\"@graph\":[{\"@type\":\"Article\",\"@id\":\"https:\/\/infoelnuevonorte.com\/?p=1421#article\",\"isPartOf\":{\"@id\":\"https:\/\/infoelnuevonorte.com\/?p=1421\"},\"author\":{\"name\":\"InfoEnn\",\"@id\":\"https:\/\/infoelnuevonorte.com\/#\/schema\/person\/fd4f6d90afe41260818b4ea94ad8ab84\"},\"headline\":\"Gobierno busca quitar aranceles del az\u00facar para contrarrestar su aumento de precio\",\"datePublished\":\"2023-10-07T15:27:17+00:00\",\"dateModified\":\"2023-10-07T15:27:19+00:00\",\"mainEntityOfPage\":{\"@id\":\"https:\/\/infoelnuevonorte.com\/?p=1421\"},\"wordCount\":436,\"commentCount\":0,\"publisher\":{\"@id\":\"https:\/\/infoelnuevonorte.com\/#organization\"},\"image\":{\"@id\":\"https:\/\/infoelnuevonorte.com\/?p=1421#primaryimage\"},\"thumbnailUrl\":\"https:\/\/resources.diariolibre.com\/images\/2023\/10\/07\/sacos-de-azucar.jpg\",\"articleSection\":[\"Actualidad |\",\"Economicas\"],\"inLanguage\":\"es-DO\",\"potentialAction\":[{\"@type\":\"CommentAction\",\"name\":\"Comment\",\"target\":[\"https:\/\/infoelnuevonorte.com\/?p=1421#respond\"]}]},{\"@type\":\"WebPage\",\"@id\":\"https:\/\/infoelnuevonorte.com\/?p=1421\",\"url\":\"https:\/\/infoelnuevonorte.com\/?p=1421\",\"name\":\"Gobierno busca quitar aranceles del az\u00facar para contrarrestar su aumento de precio | El Nuevo Norte\",\"isPartOf\":{\"@id\":\"https:\/\/infoelnuevonorte.com\/#website\"},\"primaryImageOfPage\":{\"@id\":\"https:\/\/infoelnuevonorte.com\/?p=1421#primaryimage\"},\"image\":{\"@id\":\"https:\/\/infoelnuevonorte.com\/?p=1421#primaryimage\"},\"thumbnailUrl\":\"https:\/\/resources.diariolibre.com\/images\/2023\/10\/07\/sacos-de-azucar.jpg\",\"datePublished\":\"2023-10-07T15:27:17+00:00\",\"dateModified\":\"2023-10-07T15:27:19+00:00\",\"breadcrumb\":{\"@id\":\"https:\/\/infoelnuevonorte.com\/?p=1421#breadcrumb\"},\"inLanguage\":\"es-DO\",\"potentialAction\":[{\"@type\":\"ReadAction\",\"target\":[\"https:\/\/infoelnuevonorte.com\/?p=1421\"]}]},{\"@type\":\"ImageObject\",\"inLanguage\":\"es-DO\",\"@id\":\"https:\/\/infoelnuevonorte.com\/?p=1421#primaryimage\",\"url\":\"https:\/\/resources.diariolibre.com\/images\/2023\/10\/07\/sacos-de-azucar.jpg\",\"contentUrl\":\"https:\/\/resources.diariolibre.com\/images\/2023\/10\/07\/sacos-de-azucar.jpg\"},{\"@type\":\"BreadcrumbList\",\"@id\":\"https:\/\/infoelnuevonorte.com\/?p=1421#breadcrumb\",\"itemListElement\":[{\"@type\":\"ListItem\",\"position\":1,\"name\":\"Home\",\"item\":\"https:\/\/infoelnuevonorte.com\/\"},{\"@type\":\"ListItem\",\"position\":2,\"name\":\"Gobierno busca quitar aranceles del az\u00facar para contrarrestar su aumento de precio\"}]},{\"@type\":\"WebSite\",\"@id\":\"https:\/\/infoelnuevonorte.com\/#website\",\"url\":\"https:\/\/infoelnuevonorte.com\/\",\"name\":\"InfoEnn\",\"description\":\"Tu Voz, tu Verdad, tu Diario!!!\",\"publisher\":{\"@id\":\"https:\/\/infoelnuevonorte.com\/#organization\"},\"alternateName\":\"El Nuevo Norte\",\"potentialAction\":[{\"@type\":\"SearchAction\",\"target\":{\"@type\":\"EntryPoint\",\"urlTemplate\":\"https:\/\/infoelnuevonorte.com\/?s={search_term_string}\"},\"query-input\":{\"@type\":\"PropertyValueSpecification\",\"valueRequired\":true,\"valueName\":\"search_term_string\"}}],\"inLanguage\":\"es-DO\"},{\"@type\":\"Organization\",\"@id\":\"https:\/\/infoelnuevonorte.com\/#organization\",\"name\":\"Info El Nuevo Norte\",\"alternateName\":\"El Nuevo Norte\",\"url\":\"https:\/\/infoelnuevonorte.com\/\",\"logo\":{\"@type\":\"ImageObject\",\"inLanguage\":\"es-DO\",\"@id\":\"https:\/\/infoelnuevonorte.com\/#\/schema\/logo\/image\/\",\"url\":\"https:\/\/infoelnuevonorte.com\/wp-content\/uploads\/2026\/02\/Logo-Info-enn-3d-20ani.jpeg\",\"contentUrl\":\"https:\/\/infoelnuevonorte.com\/wp-content\/uploads\/2026\/02\/Logo-Info-enn-3d-20ani.jpeg\",\"width\":2046,\"height\":736,\"caption\":\"Info El Nuevo Norte\"},\"image\":{\"@id\":\"https:\/\/infoelnuevonorte.com\/#\/schema\/logo\/image\/\"},\"sameAs\":[\"https:\/\/www.facebook.com\/infoenn\",\"https:\/\/x.com\/Elnuevo_norte\",\"https:\/\/www.instagram.com\/infoenn\",\"https:\/\/www.facebook.com\/ENNRD\"]},{\"@type\":\"Person\",\"@id\":\"https:\/\/infoelnuevonorte.com\/#\/schema\/person\/fd4f6d90afe41260818b4ea94ad8ab84\",\"name\":\"InfoEnn\",\"image\":{\"@type\":\"ImageObject\",\"inLanguage\":\"es-DO\",\"@id\":\"https:\/\/infoelnuevonorte.com\/#\/schema\/person\/image\/\",\"url\":\"https:\/\/secure.gravatar.com\/avatar\/d4d760a41a48ba9db0a82bfb63bb0783?s=96&d=robohash&r=g\",\"contentUrl\":\"https:\/\/secure.gravatar.com\/avatar\/d4d760a41a48ba9db0a82bfb63bb0783?s=96&d=robohash&r=g\",\"caption\":\"InfoEnn\"},\"sameAs\":[\"https:\/\/infoelnuevonorte.com\"],\"url\":\"https:\/\/infoelnuevonorte.com\/?author=1\"}]}<\/script>\n<!-- \/ Yoast SEO plugin. -->","yoast_head_json":{"title":"Gobierno busca quitar aranceles del az\u00facar para contrarrestar su aumento de precio | El Nuevo Norte","robots":{"index":"index","follow":"follow","max-snippet":"max-snippet:-1","max-image-preview":"max-image-preview:large","max-video-preview":"max-video-preview:-1"},"canonical":"https:\/\/infoelnuevonorte.com\/?p=1421","og_locale":"es_ES","og_type":"article","og_title":"Gobierno busca quitar aranceles del az\u00facar para contrarrestar su aumento de precio | El Nuevo Norte","og_description":"Con el objetivo de bajar los\u00a0costos\u00a0del\u00a0az\u00facar, el\u00a0Poder Ejecutivo\u00a0someti\u00f3 un proyecto de ley para quitar de\u00a0forma provisional\u00a0los aranceles que se pagan por la\u00a0importaci\u00f3n\u00a0de\u00a0az\u00facar\u00a0y as\u00ed \"dar respuesta al\u00a0alza de los precios\u00a0de ese producto\" que se efectu\u00f3 tras la tormenta Fiona, que azot\u00f3 al pa\u00eds en septiembre del 2022. La\u00a0tasa cero\u00a0para el\u00a0az\u00facar\u00a0ser\u00eda establecida por un per\u00edodo provisional de\u00a0tres [&hellip;]","og_url":"https:\/\/infoelnuevonorte.com\/?p=1421","og_site_name":"El Nuevo Norte","article_publisher":"https:\/\/www.facebook.com\/infoenn","article_published_time":"2023-10-07T15:27:17+00:00","article_modified_time":"2023-10-07T15:27:19+00:00","og_image":[{"width":896,"height":504,"url":"https:\/\/infoelnuevonorte.com\/wp-content\/uploads\/2023\/10\/azucar-focus-0-0-896-504.png","type":"image\/png"}],"author":"InfoEnn","twitter_card":"summary_large_image","twitter_creator":"@Elnuevo_norte","twitter_site":"@Elnuevo_norte","twitter_misc":{"Written by":"InfoEnn","Est. reading time":"2 minutos"},"schema":{"@context":"https:\/\/schema.org","@graph":[{"@type":"Article","@id":"https:\/\/infoelnuevonorte.com\/?p=1421#article","isPartOf":{"@id":"https:\/\/infoelnuevonorte.com\/?p=1421"},"author":{"name":"InfoEnn","@id":"https:\/\/infoelnuevonorte.com\/#\/schema\/person\/fd4f6d90afe41260818b4ea94ad8ab84"},"headline":"Gobierno busca quitar aranceles del az\u00facar para contrarrestar su aumento de precio","datePublished":"2023-10-07T15:27:17+00:00","dateModified":"2023-10-07T15:27:19+00:00","mainEntityOfPage":{"@id":"https:\/\/infoelnuevonorte.com\/?p=1421"},"wordCount":436,"commentCount":0,"publisher":{"@id":"https:\/\/infoelnuevonorte.com\/#organization"},"image":{"@id":"https:\/\/infoelnuevonorte.com\/?p=1421#primaryimage"},"thumbnailUrl":"https:\/\/resources.diariolibre.com\/images\/2023\/10\/07\/sacos-de-azucar.jpg","articleSection":["Actualidad |","Economicas"],"inLanguage":"es-DO","potentialAction":[{"@type":"CommentAction","name":"Comment","target":["https:\/\/infoelnuevonorte.com\/?p=1421#respond"]}]},{"@type":"WebPage","@id":"https:\/\/infoelnuevonorte.com\/?p=1421","url":"https:\/\/infoelnuevonorte.com\/?p=1421","name":"Gobierno busca quitar aranceles del az\u00facar para contrarrestar su aumento de precio | El Nuevo Norte","isPartOf":{"@id":"https:\/\/infoelnuevonorte.com\/#website"},"primaryImageOfPage":{"@id":"https:\/\/infoelnuevonorte.com\/?p=1421#primaryimage"},"image":{"@id":"https:\/\/infoelnuevonorte.com\/?p=1421#primaryimage"},"thumbnailUrl":"https:\/\/resources.diariolibre.com\/images\/2023\/10\/07\/sacos-de-azucar.jpg","datePublished":"2023-10-07T15:27:17+00:00","dateModified":"2023-10-07T15:27:19+00:00","breadcrumb":{"@id":"https:\/\/infoelnuevonorte.com\/?p=1421#breadcrumb"},"inLanguage":"es-DO","potentialAction":[{"@type":"ReadAction","target":["https:\/\/infoelnuevonorte.com\/?p=1421"]}]},{"@type":"ImageObject","inLanguage":"es-DO","@id":"https:\/\/infoelnuevonorte.com\/?p=1421#primaryimage","url":"https:\/\/resources.diariolibre.com\/images\/2023\/10\/07\/sacos-de-azucar.jpg","contentUrl":"https:\/\/resources.diariolibre.com\/images\/2023\/10\/07\/sacos-de-azucar.jpg"},{"@type":"BreadcrumbList","@id":"https:\/\/infoelnuevonorte.com\/?p=1421#breadcrumb","itemListElement":[{"@type":"ListItem","position":1,"name":"Home","item":"https:\/\/infoelnuevonorte.com\/"},{"@type":"ListItem","position":2,"name":"Gobierno busca quitar aranceles del az\u00facar para contrarrestar su aumento de precio"}]},{"@type":"WebSite","@id":"https:\/\/infoelnuevonorte.com\/#website","url":"https:\/\/infoelnuevonorte.com\/","name":"InfoEnn","description":"Tu Voz, tu Verdad, tu Diario!!!","publisher":{"@id":"https:\/\/infoelnuevonorte.com\/#organization"},"alternateName":"El Nuevo Norte","potentialAction":[{"@type":"SearchAction","target":{"@type":"EntryPoint","urlTemplate":"https:\/\/infoelnuevonorte.com\/?s={search_term_string}"},"query-input":{"@type":"PropertyValueSpecification","valueRequired":true,"valueName":"search_term_string"}}],"inLanguage":"es-DO"},{"@type":"Organization","@id":"https:\/\/infoelnuevonorte.com\/#organization","name":"Info El Nuevo Norte","alternateName":"El Nuevo Norte","url":"https:\/\/infoelnuevonorte.com\/","logo":{"@type":"ImageObject","inLanguage":"es-DO","@id":"https:\/\/infoelnuevonorte.com\/#\/schema\/logo\/image\/","url":"https:\/\/infoelnuevonorte.com\/wp-content\/uploads\/2026\/02\/Logo-Info-enn-3d-20ani.jpeg","contentUrl":"https:\/\/infoelnuevonorte.com\/wp-content\/uploads\/2026\/02\/Logo-Info-enn-3d-20ani.jpeg","width":2046,"height":736,"caption":"Info El Nuevo Norte"},"image":{"@id":"https:\/\/infoelnuevonorte.com\/#\/schema\/logo\/image\/"},"sameAs":["https:\/\/www.facebook.com\/infoenn","https:\/\/x.com\/Elnuevo_norte","https:\/\/www.instagram.com\/infoenn","https:\/\/www.facebook.com\/ENNRD"]},{"@type":"Person","@id":"https:\/\/infoelnuevonorte.com\/#\/schema\/person\/fd4f6d90afe41260818b4ea94ad8ab84","name":"InfoEnn","image":{"@type":"ImageObject","inLanguage":"es-DO","@id":"https:\/\/infoelnuevonorte.com\/#\/schema\/person\/image\/","url":"https:\/\/secure.gravatar.com\/avatar\/d4d760a41a48ba9db0a82bfb63bb0783?s=96&d=robohash&r=g","contentUrl":"https:\/\/secure.gravatar.com\/avatar\/d4d760a41a48ba9db0a82bfb63bb0783?s=96&d=robohash&r=g","caption":"InfoEnn"},"sameAs":["https:\/\/infoelnuevonorte.com"],"url":"https:\/\/infoelnuevonorte.com\/?author=1"}]}},"_links":{"self":[{"href":"https:\/\/infoelnuevonorte.com\/index.php?rest_route=\/wp\/v2\/posts\/1421"}],"collection":[{"href":"https:\/\/infoelnuevonorte.com\/index.php?rest_route=\/wp\/v2\/posts"}],"about":[{"href":"https:\/\/infoelnuevonorte.com\/index.php?rest_route=\/wp\/v2\/types\/post"}],"author":[{"embeddable":true,"href":"https:\/\/infoelnuevonorte.com\/index.php?rest_route=\/wp\/v2\/users\/1"}],"replies":[{"embeddable":true,"href":"https:\/\/infoelnuevonorte.com\/index.php?rest_route=%2Fwp%2Fv2%2Fcomments&post=1421"}],"version-history":[{"count":0,"href":"https:\/\/infoelnuevonorte.com\/index.php?rest_route=\/wp\/v2\/posts\/1421\/revisions"}],"wp:attachment":[{"href":"https:\/\/infoelnuevonorte.com\/index.php?rest_route=%2Fwp%2Fv2%2Fmedia&parent=1421"}],"wp:term":[{"taxonomy":"category","embeddable":true,"href":"https:\/\/infoelnuevonorte.com\/index.php?rest_route=%2Fwp%2Fv2%2Fcategories&post=1421"},{"taxonomy":"post_tag","embeddable":true,"href":"https:\/\/infoelnuevonorte.com\/index.php?rest_route=%2Fwp%2Fv2%2Ftags&post=1421"}],"curies":[{"name":"wp","href":"https:\/\/api.w.org\/{rel}","templated":true}]}}