{"id":14245,"date":"2024-03-11T13:38:20","date_gmt":"2024-03-11T17:38:20","guid":{"rendered":"https:\/\/infoelnuevonorte.com\/?p=14245"},"modified":"2024-03-11T13:38:23","modified_gmt":"2024-03-11T17:38:23","slug":"canciller-mexicana-viaja-a-jamaica-para-reunion-de-caricom-sobre-crisis-en-haiti","status":"publish","type":"post","link":"https:\/\/infoelnuevonorte.com\/?p=14245","title":{"rendered":"Canciller mexicana viaja a Jamaica para reuni\u00f3n de Caricom sobre crisis en Hait\u00ed"},"content":{"rendered":"<!--[if lt IE 9]><script>document.createElement('audio');<\/script><![endif]-->\n<audio class=\"wp-audio-shortcode\" id=\"audio-14245-1\" preload=\"none\" style=\"width: 100%;\" controls=\"controls\"><source type=\"audio\/mpeg\" src=\"https:\/\/infoelnuevonorte.com\/wp-content\/uploads\/2024\/03\/ttsmaker-file-2024-3-11-13-37-56.mp3?_=1\" \/><a href=\"https:\/\/infoelnuevonorte.com\/wp-content\/uploads\/2024\/03\/ttsmaker-file-2024-3-11-13-37-56.mp3\">https:\/\/infoelnuevonorte.com\/wp-content\/uploads\/2024\/03\/ttsmaker-file-2024-3-11-13-37-56.mp3<\/a><\/audio>\n<p style=\"text-align: justify;\">La secretaria de Relaciones Exteriores de M\u00e9xico, <strong>Alicia B\u00e1rcena,<\/strong> viaja este lunes a Kingston (Jamaica) para<strong> participar en la Reuni\u00f3n de Alto Nivel sobre Hait\u00ed<\/strong> convocada por la Comunidad del Caribe (<strong>Caricom<\/strong>), inform\u00f3 la Canciller\u00eda mexicana.<\/p>\n<p style=\"text-align: justify;\">En el encuentro de emergencia convocado en la capital jamaicana, agreg\u00f3, \u201cse dialogar\u00e1 sobre el proceso para una estabilidad pol\u00edtica en ese pa\u00eds caribe\u00f1o\u201d en medio de la escalada de violencia y la crisis pol\u00edtica.<\/p>\n<p style=\"text-align: justify;\">Al encuentro de jefes de Gobierno de la Caricom tambi\u00e9n ha anunciado su asistencia el secretario de Estado de EE.UU., Antony Blinken.<\/p>\n<p style=\"text-align: justify;\">Efectivos militares estadounidenses se apostaron durante el fin de semana en Puerto Pr\u00edncipe para reforzar la protecci\u00f3n de la Embajada de EE.UU. en Hait\u00ed, seg\u00fan inform\u00f3 el Comando Sur de las Fuerzas Armadas estadounidenses.<\/p>\n<p style=\"text-align: justify;\">Por su parte, la Uni\u00f3n Europea anunci\u00f3 este lunes que ha decidido evacuar a su personal de la delegaci\u00f3n de la UE en Hait\u00ed debido al \u201cdram\u00e1tico deterioro de la situaci\u00f3n de seguridad\u201d.<\/p>\n<p style=\"text-align: justify;\">La violencia en Puerto Pr\u00edncipe ha aumentado significativamente desde que el 28 de febrero se conociera que el primer ministro de Hait\u00ed, Ariel Henry, se hab\u00eda comprometido a celebrar elecciones antes de finales de agosto de 2025, una fecha muy lejana si se tiene en cuenta que el primer ministro debi\u00f3 concluir su mandato el pasado 7 de febrero, seg\u00fan un acuerdo de 2022.<\/p>\n<p style=\"text-align: justify;\">Henry se encuentra en Puerto Rico desde el martes pasado, despu\u00e9s de que las autoridades dominicanas, que citaron razones de seguridad nacional, le negaran su solicitud de aterrizar en el pa\u00eds.<\/p>\n","protected":false},"excerpt":{"rendered":"<p>La secretaria de Relaciones Exteriores de M\u00e9xico, Alicia B\u00e1rcena, viaja este lunes a Kingston (Jamaica) para participar en la Reuni\u00f3n de Alto Nivel sobre Hait\u00ed convocada por la Comunidad del Caribe (Caricom), inform\u00f3 la Canciller\u00eda mexicana. En el encuentro de emergencia convocado en la capital jamaicana, agreg\u00f3, \u201cse dialogar\u00e1 sobre el proceso para una estabilidad [&hellip;]<\/p>\n","protected":false},"author":1,"featured_media":0,"comment_status":"closed","ping_status":"open","sticky":false,"template":"","format":"standard","meta":{"footnotes":""},"categories":[2,9],"tags":[],"yoast_head":"<!-- This site is optimized with the Yoast SEO plugin v24.5 - https:\/\/yoast.com\/wordpress\/plugins\/seo\/ -->\n<title>Canciller mexicana viaja a Jamaica para reuni\u00f3n de Caricom sobre crisis en Hait\u00ed | El Nuevo Norte<\/title>\n<meta name=\"robots\" content=\"index, follow, max-snippet:-1, max-image-preview:large, max-video-preview:-1\" \/>\n<link rel=\"canonical\" href=\"https:\/\/infoelnuevonorte.com\/?p=14245\" \/>\n<meta property=\"og:locale\" content=\"es_ES\" \/>\n<meta property=\"og:type\" content=\"article\" \/>\n<meta property=\"og:title\" content=\"Canciller mexicana viaja a Jamaica para reuni\u00f3n de Caricom sobre crisis en Hait\u00ed | El Nuevo Norte\" \/>\n<meta property=\"og:description\" content=\"La secretaria de Relaciones Exteriores de M\u00e9xico, Alicia B\u00e1rcena, viaja este lunes a Kingston (Jamaica) para participar en la Reuni\u00f3n de Alto Nivel sobre Hait\u00ed convocada por la Comunidad del Caribe (Caricom), inform\u00f3 la Canciller\u00eda mexicana. En el encuentro de emergencia convocado en la capital jamaicana, agreg\u00f3, \u201cse dialogar\u00e1 sobre el proceso para una estabilidad [&hellip;]\" \/>\n<meta property=\"og:url\" content=\"https:\/\/infoelnuevonorte.com\/?p=14245\" \/>\n<meta property=\"og:site_name\" content=\"El Nuevo Norte\" \/>\n<meta property=\"article:publisher\" content=\"https:\/\/www.facebook.com\/infoenn\" \/>\n<meta property=\"article:published_time\" content=\"2024-03-11T17:38:20+00:00\" \/>\n<meta property=\"article:modified_time\" content=\"2024-03-11T17:38:23+00:00\" \/>\n<meta property=\"og:image\" content=\"https:\/\/infoelnuevonorte.com\/wp-content\/uploads\/2024\/03\/Canciller-mexicana-1140x694-1-jpg.webp\" \/>\n\t<meta property=\"og:image:width\" content=\"1140\" \/>\n\t<meta property=\"og:image:height\" content=\"694\" \/>\n\t<meta property=\"og:image:type\" content=\"image\/jpeg\" \/>\n<meta name=\"author\" content=\"InfoEnn\" \/>\n<meta name=\"twitter:card\" content=\"summary_large_image\" \/>\n<meta name=\"twitter:creator\" content=\"@Elnuevo_norte\" \/>\n<meta name=\"twitter:site\" content=\"@Elnuevo_norte\" \/>\n<meta name=\"twitter:label1\" content=\"Written by\" \/>\n\t<meta name=\"twitter:data1\" content=\"InfoEnn\" \/>\n\t<meta name=\"twitter:label2\" content=\"Est. reading time\" \/>\n\t<meta name=\"twitter:data2\" content=\"2 minutos\" \/>\n<script type=\"application\/ld+json\" class=\"yoast-schema-graph\">{\"@context\":\"https:\/\/schema.org\",\"@graph\":[{\"@type\":\"Article\",\"@id\":\"https:\/\/infoelnuevonorte.com\/?p=14245#article\",\"isPartOf\":{\"@id\":\"https:\/\/infoelnuevonorte.com\/?p=14245\"},\"author\":{\"name\":\"InfoEnn\",\"@id\":\"https:\/\/infoelnuevonorte.com\/#\/schema\/person\/fd4f6d90afe41260818b4ea94ad8ab84\"},\"headline\":\"Canciller mexicana viaja a Jamaica para reuni\u00f3n de Caricom sobre crisis en Hait\u00ed\",\"datePublished\":\"2024-03-11T17:38:20+00:00\",\"dateModified\":\"2024-03-11T17:38:23+00:00\",\"mainEntityOfPage\":{\"@id\":\"https:\/\/infoelnuevonorte.com\/?p=14245\"},\"wordCount\":303,\"publisher\":{\"@id\":\"https:\/\/infoelnuevonorte.com\/#organization\"},\"articleSection\":[\"Actualidad |\",\"Mundiales\"],\"inLanguage\":\"es-DO\"},{\"@type\":\"WebPage\",\"@id\":\"https:\/\/infoelnuevonorte.com\/?p=14245\",\"url\":\"https:\/\/infoelnuevonorte.com\/?p=14245\",\"name\":\"Canciller mexicana viaja a Jamaica para reuni\u00f3n de Caricom sobre crisis en Hait\u00ed | El Nuevo Norte\",\"isPartOf\":{\"@id\":\"https:\/\/infoelnuevonorte.com\/#website\"},\"datePublished\":\"2024-03-11T17:38:20+00:00\",\"dateModified\":\"2024-03-11T17:38:23+00:00\",\"breadcrumb\":{\"@id\":\"https:\/\/infoelnuevonorte.com\/?p=14245#breadcrumb\"},\"inLanguage\":\"es-DO\",\"potentialAction\":[{\"@type\":\"ReadAction\",\"target\":[\"https:\/\/infoelnuevonorte.com\/?p=14245\"]}]},{\"@type\":\"BreadcrumbList\",\"@id\":\"https:\/\/infoelnuevonorte.com\/?p=14245#breadcrumb\",\"itemListElement\":[{\"@type\":\"ListItem\",\"position\":1,\"name\":\"Home\",\"item\":\"https:\/\/infoelnuevonorte.com\/\"},{\"@type\":\"ListItem\",\"position\":2,\"name\":\"Canciller mexicana viaja a Jamaica para reuni\u00f3n de Caricom sobre crisis en Hait\u00ed\"}]},{\"@type\":\"WebSite\",\"@id\":\"https:\/\/infoelnuevonorte.com\/#website\",\"url\":\"https:\/\/infoelnuevonorte.com\/\",\"name\":\"InfoEnn\",\"description\":\"Tu Voz, tu Verdad, tu Diario!!!\",\"publisher\":{\"@id\":\"https:\/\/infoelnuevonorte.com\/#organization\"},\"alternateName\":\"El Nuevo Norte\",\"potentialAction\":[{\"@type\":\"SearchAction\",\"target\":{\"@type\":\"EntryPoint\",\"urlTemplate\":\"https:\/\/infoelnuevonorte.com\/?s={search_term_string}\"},\"query-input\":{\"@type\":\"PropertyValueSpecification\",\"valueRequired\":true,\"valueName\":\"search_term_string\"}}],\"inLanguage\":\"es-DO\"},{\"@type\":\"Organization\",\"@id\":\"https:\/\/infoelnuevonorte.com\/#organization\",\"name\":\"Info El Nuevo Norte\",\"alternateName\":\"El Nuevo Norte\",\"url\":\"https:\/\/infoelnuevonorte.com\/\",\"logo\":{\"@type\":\"ImageObject\",\"inLanguage\":\"es-DO\",\"@id\":\"https:\/\/infoelnuevonorte.com\/#\/schema\/logo\/image\/\",\"url\":\"https:\/\/infoelnuevonorte.com\/wp-content\/uploads\/2026\/02\/Logo-Info-enn-3d-20ani.jpeg\",\"contentUrl\":\"https:\/\/infoelnuevonorte.com\/wp-content\/uploads\/2026\/02\/Logo-Info-enn-3d-20ani.jpeg\",\"width\":2046,\"height\":736,\"caption\":\"Info El Nuevo Norte\"},\"image\":{\"@id\":\"https:\/\/infoelnuevonorte.com\/#\/schema\/logo\/image\/\"},\"sameAs\":[\"https:\/\/www.facebook.com\/infoenn\",\"https:\/\/x.com\/Elnuevo_norte\",\"https:\/\/www.instagram.com\/infoenn\",\"https:\/\/www.facebook.com\/ENNRD\"]},{\"@type\":\"Person\",\"@id\":\"https:\/\/infoelnuevonorte.com\/#\/schema\/person\/fd4f6d90afe41260818b4ea94ad8ab84\",\"name\":\"InfoEnn\",\"image\":{\"@type\":\"ImageObject\",\"inLanguage\":\"es-DO\",\"@id\":\"https:\/\/infoelnuevonorte.com\/#\/schema\/person\/image\/\",\"url\":\"https:\/\/secure.gravatar.com\/avatar\/d4d760a41a48ba9db0a82bfb63bb0783?s=96&d=robohash&r=g\",\"contentUrl\":\"https:\/\/secure.gravatar.com\/avatar\/d4d760a41a48ba9db0a82bfb63bb0783?s=96&d=robohash&r=g\",\"caption\":\"InfoEnn\"},\"sameAs\":[\"https:\/\/infoelnuevonorte.com\"],\"url\":\"https:\/\/infoelnuevonorte.com\/?author=1\"}]}<\/script>\n<!-- \/ Yoast SEO plugin. -->","yoast_head_json":{"title":"Canciller mexicana viaja a Jamaica para reuni\u00f3n de Caricom sobre crisis en Hait\u00ed | El Nuevo Norte","robots":{"index":"index","follow":"follow","max-snippet":"max-snippet:-1","max-image-preview":"max-image-preview:large","max-video-preview":"max-video-preview:-1"},"canonical":"https:\/\/infoelnuevonorte.com\/?p=14245","og_locale":"es_ES","og_type":"article","og_title":"Canciller mexicana viaja a Jamaica para reuni\u00f3n de Caricom sobre crisis en Hait\u00ed | El Nuevo Norte","og_description":"La secretaria de Relaciones Exteriores de M\u00e9xico, Alicia B\u00e1rcena, viaja este lunes a Kingston (Jamaica) para participar en la Reuni\u00f3n de Alto Nivel sobre Hait\u00ed convocada por la Comunidad del Caribe (Caricom), inform\u00f3 la Canciller\u00eda mexicana. En el encuentro de emergencia convocado en la capital jamaicana, agreg\u00f3, \u201cse dialogar\u00e1 sobre el proceso para una estabilidad [&hellip;]","og_url":"https:\/\/infoelnuevonorte.com\/?p=14245","og_site_name":"El Nuevo Norte","article_publisher":"https:\/\/www.facebook.com\/infoenn","article_published_time":"2024-03-11T17:38:20+00:00","article_modified_time":"2024-03-11T17:38:23+00:00","og_image":[{"width":1140,"height":694,"url":"https:\/\/infoelnuevonorte.com\/wp-content\/uploads\/2024\/03\/Canciller-mexicana-1140x694-1-jpg.webp","type":"image\/jpeg"}],"author":"InfoEnn","twitter_card":"summary_large_image","twitter_creator":"@Elnuevo_norte","twitter_site":"@Elnuevo_norte","twitter_misc":{"Written by":"InfoEnn","Est. reading time":"2 minutos"},"schema":{"@context":"https:\/\/schema.org","@graph":[{"@type":"Article","@id":"https:\/\/infoelnuevonorte.com\/?p=14245#article","isPartOf":{"@id":"https:\/\/infoelnuevonorte.com\/?p=14245"},"author":{"name":"InfoEnn","@id":"https:\/\/infoelnuevonorte.com\/#\/schema\/person\/fd4f6d90afe41260818b4ea94ad8ab84"},"headline":"Canciller mexicana viaja a Jamaica para reuni\u00f3n de Caricom sobre crisis en Hait\u00ed","datePublished":"2024-03-11T17:38:20+00:00","dateModified":"2024-03-11T17:38:23+00:00","mainEntityOfPage":{"@id":"https:\/\/infoelnuevonorte.com\/?p=14245"},"wordCount":303,"publisher":{"@id":"https:\/\/infoelnuevonorte.com\/#organization"},"articleSection":["Actualidad |","Mundiales"],"inLanguage":"es-DO"},{"@type":"WebPage","@id":"https:\/\/infoelnuevonorte.com\/?p=14245","url":"https:\/\/infoelnuevonorte.com\/?p=14245","name":"Canciller mexicana viaja a Jamaica para reuni\u00f3n de Caricom sobre crisis en Hait\u00ed | El Nuevo Norte","isPartOf":{"@id":"https:\/\/infoelnuevonorte.com\/#website"},"datePublished":"2024-03-11T17:38:20+00:00","dateModified":"2024-03-11T17:38:23+00:00","breadcrumb":{"@id":"https:\/\/infoelnuevonorte.com\/?p=14245#breadcrumb"},"inLanguage":"es-DO","potentialAction":[{"@type":"ReadAction","target":["https:\/\/infoelnuevonorte.com\/?p=14245"]}]},{"@type":"BreadcrumbList","@id":"https:\/\/infoelnuevonorte.com\/?p=14245#breadcrumb","itemListElement":[{"@type":"ListItem","position":1,"name":"Home","item":"https:\/\/infoelnuevonorte.com\/"},{"@type":"ListItem","position":2,"name":"Canciller mexicana viaja a Jamaica para reuni\u00f3n de Caricom sobre crisis en Hait\u00ed"}]},{"@type":"WebSite","@id":"https:\/\/infoelnuevonorte.com\/#website","url":"https:\/\/infoelnuevonorte.com\/","name":"InfoEnn","description":"Tu Voz, tu Verdad, tu Diario!!!","publisher":{"@id":"https:\/\/infoelnuevonorte.com\/#organization"},"alternateName":"El Nuevo Norte","potentialAction":[{"@type":"SearchAction","target":{"@type":"EntryPoint","urlTemplate":"https:\/\/infoelnuevonorte.com\/?s={search_term_string}"},"query-input":{"@type":"PropertyValueSpecification","valueRequired":true,"valueName":"search_term_string"}}],"inLanguage":"es-DO"},{"@type":"Organization","@id":"https:\/\/infoelnuevonorte.com\/#organization","name":"Info El Nuevo Norte","alternateName":"El Nuevo Norte","url":"https:\/\/infoelnuevonorte.com\/","logo":{"@type":"ImageObject","inLanguage":"es-DO","@id":"https:\/\/infoelnuevonorte.com\/#\/schema\/logo\/image\/","url":"https:\/\/infoelnuevonorte.com\/wp-content\/uploads\/2026\/02\/Logo-Info-enn-3d-20ani.jpeg","contentUrl":"https:\/\/infoelnuevonorte.com\/wp-content\/uploads\/2026\/02\/Logo-Info-enn-3d-20ani.jpeg","width":2046,"height":736,"caption":"Info El Nuevo Norte"},"image":{"@id":"https:\/\/infoelnuevonorte.com\/#\/schema\/logo\/image\/"},"sameAs":["https:\/\/www.facebook.com\/infoenn","https:\/\/x.com\/Elnuevo_norte","https:\/\/www.instagram.com\/infoenn","https:\/\/www.facebook.com\/ENNRD"]},{"@type":"Person","@id":"https:\/\/infoelnuevonorte.com\/#\/schema\/person\/fd4f6d90afe41260818b4ea94ad8ab84","name":"InfoEnn","image":{"@type":"ImageObject","inLanguage":"es-DO","@id":"https:\/\/infoelnuevonorte.com\/#\/schema\/person\/image\/","url":"https:\/\/secure.gravatar.com\/avatar\/d4d760a41a48ba9db0a82bfb63bb0783?s=96&d=robohash&r=g","contentUrl":"https:\/\/secure.gravatar.com\/avatar\/d4d760a41a48ba9db0a82bfb63bb0783?s=96&d=robohash&r=g","caption":"InfoEnn"},"sameAs":["https:\/\/infoelnuevonorte.com"],"url":"https:\/\/infoelnuevonorte.com\/?author=1"}]}},"_links":{"self":[{"href":"https:\/\/infoelnuevonorte.com\/index.php?rest_route=\/wp\/v2\/posts\/14245"}],"collection":[{"href":"https:\/\/infoelnuevonorte.com\/index.php?rest_route=\/wp\/v2\/posts"}],"about":[{"href":"https:\/\/infoelnuevonorte.com\/index.php?rest_route=\/wp\/v2\/types\/post"}],"author":[{"embeddable":true,"href":"https:\/\/infoelnuevonorte.com\/index.php?rest_route=\/wp\/v2\/users\/1"}],"replies":[{"embeddable":true,"href":"https:\/\/infoelnuevonorte.com\/index.php?rest_route=%2Fwp%2Fv2%2Fcomments&post=14245"}],"version-history":[{"count":0,"href":"https:\/\/infoelnuevonorte.com\/index.php?rest_route=\/wp\/v2\/posts\/14245\/revisions"}],"wp:attachment":[{"href":"https:\/\/infoelnuevonorte.com\/index.php?rest_route=%2Fwp%2Fv2%2Fmedia&parent=14245"}],"wp:term":[{"taxonomy":"category","embeddable":true,"href":"https:\/\/infoelnuevonorte.com\/index.php?rest_route=%2Fwp%2Fv2%2Fcategories&post=14245"},{"taxonomy":"post_tag","embeddable":true,"href":"https:\/\/infoelnuevonorte.com\/index.php?rest_route=%2Fwp%2Fv2%2Ftags&post=14245"}],"curies":[{"name":"wp","href":"https:\/\/api.w.org\/{rel}","templated":true}]}}