{"id":14249,"date":"2024-03-11T13:42:07","date_gmt":"2024-03-11T17:42:07","guid":{"rendered":"https:\/\/infoelnuevonorte.com\/?p=14249"},"modified":"2024-03-11T13:42:10","modified_gmt":"2024-03-11T17:42:10","slug":"inicia-el-ramadan-y-para-oriente-medio-sera-el-mas-triste-de-todos","status":"publish","type":"post","link":"https:\/\/infoelnuevonorte.com\/?p=14249","title":{"rendered":"Inicia el Ramad\u00e1n y para Oriente Medio ser\u00e1 el \u201cm\u00e1s triste\u201d de todos"},"content":{"rendered":"<p style=\"text-align: justify;\">Para el pueblo de\u00a0<b>Oriente Medio<\/b>, este\u00a0<b>Ramad\u00e1n\u00a0<\/b>ser\u00e1 uno de los m\u00e1s tristes que recuerdan. Ser testigos de la acuciante\u00a0<b>crisis humanitaria\u00a0<\/b>de sus \u201chermanos y hermanas\u201d en Gaza les ha robado la alegr\u00eda de este mes sagrado.<\/p>\n<p style=\"text-align: justify;\">El\u00a0<b>ambiente festivo<\/b>\u00a0que suele inundar las calles de los pa\u00edses de esta regi\u00f3n del mundo, de abrumadora mayor\u00eda<b>\u00a0musulmana\u00a0<\/b>que espera este mes de ayuno como un momento de\u00a0<b>reflexi\u00f3n<\/b>, uni\u00f3n familiar y de celebraci\u00f3n, se ha visto apagado por la guerra en el enclave palestino bajo asalto de Israel.<\/p>\n<p style=\"text-align: justify;\">M\u00e1s de cinco meses despu\u00e9s del terrible ataque del brazo armado del grupo palestino Ham\u00e1s contra territorio israel\u00ed, que dej\u00f3 unos 1.200 muertos y desemboc\u00f3 en este actual y asim\u00e9trico conflicto, m\u00e1s de 31.000 personas han muerto en Gaza, y donde ya se reporta que hay ni\u00f1os muriendo de hambre.<\/p>\n<h3 class=\"c-detail__destacado\" style=\"text-align: justify;\">COMER MIENTRAS SE MUEREN DE HAMBRE<\/h3>\n<figure id=\"m18199-18198-18200\" class=\"c-detail__media \" style=\"text-align: justify;\"><picture class=\"c-detail__media__thumb\" data-size=\"w:544,h:267\" data-full-src=\"https:\/\/listindiario.com\/uploads\/2024\/03\/11\/65ef1bb324cc0.jpeg\"><img decoding=\"async\" class=\"vertical\" src=\"https:\/\/listindiario.com\/files\/vertical_main_image\/uploads\/2024\/03\/11\/65ef1bb324cc0.jpeg\" alt=\"Trabajadores empacan fideos\" data-index=\"\" data-full=\"[object Object]\" data-original=\"[object Object]\" data-full-src=\"https:\/\/listindiario.com\/uploads\/2024\/03\/11\/65ef1bb324cc0.jpeg\" \/><\/picture><figcaption class=\"detail__media__txt\">\n<p class=\"c-detail__media__subtitle\"><span id=\"m18270-18269-18271\" class=\"c-detail__media__credit \">Trabajadores empacan fideos, un manjar especial preparado para el mes de ayuno musulm\u00e1n del Ramad\u00e1n, en Karachi, Pakist\u00e1n, el lunes 11 de marzo de 2024. (Foto AP\/Fareed Khan)<\/span><span id=\"m18275-18274-18276\" class=\"c-detail__media__author \">AP<\/span><\/p>\n<\/figcaption><\/figure>\n<p style=\"text-align: justify;\">En\u00a0<b>Jordania<\/b>, sienten muy de cerca la tragedia en la que se ha convertido el enclave palestino y tendr\u00e1n a la\u00a0<b>poblaci\u00f3n gazat\u00ed\u00a0<\/b>en sus pensamientos en cada ruptura del ayuno.<\/p>\n<p style=\"text-align: justify;\">\u201cEstamos pensando en ayunar, mientras que la gente en\u00a0<b>Gaza\u00a0<\/b>se est\u00e1 muriendo de hambre\u201d, dijo a EFE Salam Freihat, de 32 a\u00f1os, quien asegura que piensa que la muerte en Gaza podr\u00eda ser \u201cm\u00e1s clemente\u201d que la vida: \u201cal menos uno muere una vez y no diez veces al d\u00eda\u201d.<\/p>\n<p style=\"text-align: justify;\">En el\u00a0<b>Yemen<\/b>, el pa\u00eds m\u00e1s pobre de la regi\u00f3n y una de las\u00a0<b>tragedias humanitarias\u00a0<\/b>m\u00e1s importantes del mundo, Abbas al Mahdi, de 49 a\u00f1os, indic\u00f3 a EFE que cuando va a comprar comida para romper el ayuno, piensa en \u201clos asesinados mientras esperan un saco de harina, y se me quitan las ganas de comer\u201d.<\/p>\n<p style=\"text-align: justify;\">Esta \u201c<b>masacre de la harina<\/b>\u201d refiere al centenar de muertos causados el pasado 29 de febrero por los disparos de fuerzas israel\u00edes contra una multitud que esperaba la llegada de un convoy de comida en medio de la crisis de hambruna.<\/p>\n<p style=\"text-align: justify;\">Varios pa\u00edses condenaron ese ataque, que las\u00a0<b>Fuerzas de Defensa de Israel\u00a0<\/b>(IDF, en ingl\u00e9s) afirma que no fue tal, mientras cada vez m\u00e1s voces, entre ellas las de expertos de la ONU, aseveran que Israel \u201cmata de hambre\u201d a los palestinos de Gaza.<\/p>\n<p style=\"text-align: justify;\">\u201cImag\u00ednate, nosotros tendremos nuestro iftar (desayuno y comida con la que rompen el ayuno al caer el sol) con varios alimentos, mientras que ellos apenas pueden conseguir harina\u201d, se\u00f1al\u00f3 este padre de seis hijos y residente en San\u00e1.<\/p>\n<p style=\"text-align: justify;\">En Siria, tambi\u00e9n en una grave crisis econ\u00f3mica y humanitaria, el dolor por la<b>\u00a0falta de comida en Gaza<\/b>\u00a0ha llegado a todos los rincones de este pa\u00eds que sufre por los efectos de la larga y cruenta guerra.<\/p>\n<p style=\"text-align: justify;\">\u201cAyer, mi nieta en quinto de primaria no ha probado su comida en el colegio porque vio a una ni\u00f1a palestina diciendo en redes sociales que tiene hambre\u201d, asegur\u00f3 a EFE Jadiya Ismail, de 50 a\u00f1os, profesora en un colegio estatal en la capital siria.<\/p>\n<p style=\"text-align: justify;\">Los 2,2 millones de<b>\u00a0palestinos de Gaza\u00a0<\/b>sufren en los hechos de hambruna debido al bloqueo israel\u00ed del enclave, adonde solo entra ayuda humanitaria a cuentagotas, y a que durante su invasi\u00f3n el Ej\u00e9rcito israel\u00ed ha destruido todo el sistema alimentario del enclave, atacando tierras de cultivo y prohibiendo la pesca artesanal, entre otras cosas, como denunciaron organismos de la ONU y su relator sobre el derecho a la alimentaci\u00f3n, Michael Fakhri.<\/p>\n<p style=\"text-align: justify;\">Este mes sagrado tambi\u00e9n era el momento esperado para alcanzar un alto el fuego temporal entre las partes, y aunque hab\u00eda esperanza en ello, el tiempo ha acabado en su contra sin todav\u00eda ning\u00fan pacto de tregua.<\/p>\n<h3 class=\"c-detail__destacado\" style=\"text-align: justify;\">SIN GANAS DE CELEBRAR, PERO S\u00cd DE AYUDAR<\/h3>\n<figure id=\"m18216-18215-18217\" class=\"c-detail__media \" style=\"text-align: justify;\"><picture class=\"c-detail__media__thumb\" data-size=\"w:544,h:267\" data-full-src=\"https:\/\/listindiario.com\/uploads\/2024\/03\/11\/65ef1c00735d6.jpeg\"><img decoding=\"async\" class=\"vertical\" src=\"https:\/\/listindiario.com\/files\/vertical_main_image\/uploads\/2024\/03\/11\/65ef1c00735d6.jpeg\" alt=\"Devotos musulmanes\" data-index=\"\" data-full=\"[object Object]\" data-original=\"[object Object]\" data-full-src=\"https:\/\/listindiario.com\/uploads\/2024\/03\/11\/65ef1c00735d6.jpeg\" \/><\/picture><figcaption class=\"detail__media__txt\">\n<p class=\"c-detail__media__subtitle\"><span id=\"m18325-18324-18326\" class=\"c-detail__media__credit \">Devotos musulmanes ofrecen oraciones nocturnas que marcan el inicio del mes sagrado de ayuno del Ramad\u00e1n en la mezquita Istiqlal en Yakarta el 11 de marzo de 2024.<\/span><span id=\"m18330-18329-18331\" class=\"c-detail__media__author \">AFP<\/span><\/p>\n<\/figcaption><\/figure>\n<p style=\"text-align: justify;\">Ismail asegur\u00f3 desde Damasco que el ayuno de Ramad\u00e1n es \u201cun deber religioso de cada musulm\u00e1n\u201d, pero ahora no sienten ninguna alegr\u00eda.<\/p>\n<p style=\"text-align: justify;\">\u201cNo sentimos las ganas de celebrar, ni de decorar ni de sentir la alegr\u00eda por la llegada del Ramad\u00e1n. Hemos perdido la alegr\u00eda, mientras ni\u00f1os musulmanes est\u00e1n muriendo de hambre. Esto nos duele mucho y tiene que parar\u201d, lament\u00f3.<\/p>\n<p style=\"text-align: justify;\">El jordano Freihat indic\u00f3 que va a cambiar muchas de sus costumbres durante este mes de Ramad\u00e1n y que donar\u00e1 \u201ccualquier alimento o producto alimentario que sobre\u201d.<\/p>\n<p style=\"text-align: justify;\">La sensaci\u00f3n de \u201cincompetencia\u201d y \u201ctristeza profunda\u201d inundan a la egipcia Fayza ante lo que ocurre en su vecina Gaza.<\/p>\n<p style=\"text-align: justify;\">\u201cNo siento el placer del Ramad\u00e1n. A\u00fan as\u00ed, tengo esperanza porque todo el mundo apoya Gaza, pese a todas las vidas que se perdieron\u201d, afirm\u00f3 a EFE.<\/p>\n<p style=\"text-align: justify;\">Esta vez, siente una diferencia y que al fin las miradas del mundo est\u00e1n puestas en la tragedia que sufre el enclave.<\/p>\n<p style=\"text-align: justify;\">\u201cComo ciudadana egipcia, har\u00e9 dos cosas: primero el boicot de los productos que apoyan Israel y segundo, una donaci\u00f3n para el pueblo de Gaza\u201d, zanj\u00f3.<\/p>\n","protected":false},"excerpt":{"rendered":"<p>Para el pueblo de\u00a0Oriente Medio, este\u00a0Ramad\u00e1n\u00a0ser\u00e1 uno de los m\u00e1s tristes que recuerdan. Ser testigos de la acuciante\u00a0crisis humanitaria\u00a0de sus \u201chermanos y hermanas\u201d en Gaza les ha robado la alegr\u00eda de este mes sagrado. El\u00a0ambiente festivo\u00a0que suele inundar las calles de los pa\u00edses de esta regi\u00f3n del mundo, de abrumadora mayor\u00eda\u00a0musulmana\u00a0que espera este mes de [&hellip;]<\/p>\n","protected":false},"author":1,"featured_media":0,"comment_status":"closed","ping_status":"open","sticky":false,"template":"","format":"standard","meta":{"footnotes":""},"categories":[2,9],"tags":[],"yoast_head":"<!-- This site is optimized with the Yoast SEO plugin v24.5 - https:\/\/yoast.com\/wordpress\/plugins\/seo\/ -->\n<title>Inicia el Ramad\u00e1n y para Oriente Medio ser\u00e1 el \u201cm\u00e1s triste\u201d de todos | El Nuevo Norte<\/title>\n<meta name=\"robots\" content=\"index, follow, max-snippet:-1, max-image-preview:large, max-video-preview:-1\" \/>\n<link rel=\"canonical\" href=\"https:\/\/infoelnuevonorte.com\/?p=14249\" \/>\n<meta property=\"og:locale\" content=\"es_ES\" \/>\n<meta property=\"og:type\" content=\"article\" \/>\n<meta property=\"og:title\" content=\"Inicia el Ramad\u00e1n y para Oriente Medio ser\u00e1 el \u201cm\u00e1s triste\u201d de todos | El Nuevo Norte\" \/>\n<meta property=\"og:description\" content=\"Para el pueblo de\u00a0Oriente Medio, este\u00a0Ramad\u00e1n\u00a0ser\u00e1 uno de los m\u00e1s tristes que recuerdan. Ser testigos de la acuciante\u00a0crisis humanitaria\u00a0de sus \u201chermanos y hermanas\u201d en Gaza les ha robado la alegr\u00eda de este mes sagrado. El\u00a0ambiente festivo\u00a0que suele inundar las calles de los pa\u00edses de esta regi\u00f3n del mundo, de abrumadora mayor\u00eda\u00a0musulmana\u00a0que espera este mes de [&hellip;]\" \/>\n<meta property=\"og:url\" content=\"https:\/\/infoelnuevonorte.com\/?p=14249\" \/>\n<meta property=\"og:site_name\" content=\"El Nuevo Norte\" \/>\n<meta property=\"article:publisher\" content=\"https:\/\/www.facebook.com\/infoenn\" \/>\n<meta property=\"article:published_time\" content=\"2024-03-11T17:42:07+00:00\" \/>\n<meta property=\"article:modified_time\" content=\"2024-03-11T17:42:10+00:00\" \/>\n<meta property=\"og:image\" content=\"https:\/\/infoelnuevonorte.com\/wp-content\/uploads\/2024\/03\/ramadam-1140x694-1.png\" \/>\n\t<meta property=\"og:image:width\" content=\"1140\" \/>\n\t<meta property=\"og:image:height\" content=\"694\" \/>\n\t<meta property=\"og:image:type\" content=\"image\/png\" \/>\n<meta name=\"author\" content=\"InfoEnn\" \/>\n<meta name=\"twitter:card\" content=\"summary_large_image\" \/>\n<meta name=\"twitter:creator\" content=\"@Elnuevo_norte\" \/>\n<meta name=\"twitter:site\" content=\"@Elnuevo_norte\" \/>\n<meta name=\"twitter:label1\" content=\"Written by\" \/>\n\t<meta name=\"twitter:data1\" content=\"InfoEnn\" \/>\n\t<meta name=\"twitter:label2\" content=\"Est. reading time\" \/>\n\t<meta name=\"twitter:data2\" content=\"5 minutos\" \/>\n<script type=\"application\/ld+json\" class=\"yoast-schema-graph\">{\"@context\":\"https:\/\/schema.org\",\"@graph\":[{\"@type\":\"Article\",\"@id\":\"https:\/\/infoelnuevonorte.com\/?p=14249#article\",\"isPartOf\":{\"@id\":\"https:\/\/infoelnuevonorte.com\/?p=14249\"},\"author\":{\"name\":\"InfoEnn\",\"@id\":\"https:\/\/infoelnuevonorte.com\/#\/schema\/person\/fd4f6d90afe41260818b4ea94ad8ab84\"},\"headline\":\"Inicia el Ramad\u00e1n y para Oriente Medio ser\u00e1 el \u201cm\u00e1s triste\u201d de todos\",\"datePublished\":\"2024-03-11T17:42:07+00:00\",\"dateModified\":\"2024-03-11T17:42:10+00:00\",\"mainEntityOfPage\":{\"@id\":\"https:\/\/infoelnuevonorte.com\/?p=14249\"},\"wordCount\":916,\"publisher\":{\"@id\":\"https:\/\/infoelnuevonorte.com\/#organization\"},\"image\":{\"@id\":\"https:\/\/infoelnuevonorte.com\/?p=14249#primaryimage\"},\"thumbnailUrl\":\"https:\/\/listindiario.com\/files\/vertical_main_image\/uploads\/2024\/03\/11\/65ef1bb324cc0.jpeg\",\"articleSection\":[\"Actualidad |\",\"Mundiales\"],\"inLanguage\":\"es-DO\"},{\"@type\":\"WebPage\",\"@id\":\"https:\/\/infoelnuevonorte.com\/?p=14249\",\"url\":\"https:\/\/infoelnuevonorte.com\/?p=14249\",\"name\":\"Inicia el Ramad\u00e1n y para Oriente Medio ser\u00e1 el \u201cm\u00e1s triste\u201d de todos | El Nuevo Norte\",\"isPartOf\":{\"@id\":\"https:\/\/infoelnuevonorte.com\/#website\"},\"primaryImageOfPage\":{\"@id\":\"https:\/\/infoelnuevonorte.com\/?p=14249#primaryimage\"},\"image\":{\"@id\":\"https:\/\/infoelnuevonorte.com\/?p=14249#primaryimage\"},\"thumbnailUrl\":\"https:\/\/listindiario.com\/files\/vertical_main_image\/uploads\/2024\/03\/11\/65ef1bb324cc0.jpeg\",\"datePublished\":\"2024-03-11T17:42:07+00:00\",\"dateModified\":\"2024-03-11T17:42:10+00:00\",\"breadcrumb\":{\"@id\":\"https:\/\/infoelnuevonorte.com\/?p=14249#breadcrumb\"},\"inLanguage\":\"es-DO\",\"potentialAction\":[{\"@type\":\"ReadAction\",\"target\":[\"https:\/\/infoelnuevonorte.com\/?p=14249\"]}]},{\"@type\":\"ImageObject\",\"inLanguage\":\"es-DO\",\"@id\":\"https:\/\/infoelnuevonorte.com\/?p=14249#primaryimage\",\"url\":\"https:\/\/listindiario.com\/files\/vertical_main_image\/uploads\/2024\/03\/11\/65ef1bb324cc0.jpeg\",\"contentUrl\":\"https:\/\/listindiario.com\/files\/vertical_main_image\/uploads\/2024\/03\/11\/65ef1bb324cc0.jpeg\"},{\"@type\":\"BreadcrumbList\",\"@id\":\"https:\/\/infoelnuevonorte.com\/?p=14249#breadcrumb\",\"itemListElement\":[{\"@type\":\"ListItem\",\"position\":1,\"name\":\"Home\",\"item\":\"https:\/\/infoelnuevonorte.com\/\"},{\"@type\":\"ListItem\",\"position\":2,\"name\":\"Inicia el Ramad\u00e1n y para Oriente Medio ser\u00e1 el \u201cm\u00e1s triste\u201d de todos\"}]},{\"@type\":\"WebSite\",\"@id\":\"https:\/\/infoelnuevonorte.com\/#website\",\"url\":\"https:\/\/infoelnuevonorte.com\/\",\"name\":\"InfoEnn\",\"description\":\"Tu Voz, tu Verdad, tu Diario!!!\",\"publisher\":{\"@id\":\"https:\/\/infoelnuevonorte.com\/#organization\"},\"alternateName\":\"El Nuevo Norte\",\"potentialAction\":[{\"@type\":\"SearchAction\",\"target\":{\"@type\":\"EntryPoint\",\"urlTemplate\":\"https:\/\/infoelnuevonorte.com\/?s={search_term_string}\"},\"query-input\":{\"@type\":\"PropertyValueSpecification\",\"valueRequired\":true,\"valueName\":\"search_term_string\"}}],\"inLanguage\":\"es-DO\"},{\"@type\":\"Organization\",\"@id\":\"https:\/\/infoelnuevonorte.com\/#organization\",\"name\":\"Info El Nuevo Norte\",\"alternateName\":\"El Nuevo Norte\",\"url\":\"https:\/\/infoelnuevonorte.com\/\",\"logo\":{\"@type\":\"ImageObject\",\"inLanguage\":\"es-DO\",\"@id\":\"https:\/\/infoelnuevonorte.com\/#\/schema\/logo\/image\/\",\"url\":\"https:\/\/infoelnuevonorte.com\/wp-content\/uploads\/2026\/02\/Logo-Info-enn-3d-20ani.jpeg\",\"contentUrl\":\"https:\/\/infoelnuevonorte.com\/wp-content\/uploads\/2026\/02\/Logo-Info-enn-3d-20ani.jpeg\",\"width\":2046,\"height\":736,\"caption\":\"Info El Nuevo Norte\"},\"image\":{\"@id\":\"https:\/\/infoelnuevonorte.com\/#\/schema\/logo\/image\/\"},\"sameAs\":[\"https:\/\/www.facebook.com\/infoenn\",\"https:\/\/x.com\/Elnuevo_norte\",\"https:\/\/www.instagram.com\/infoenn\",\"https:\/\/www.facebook.com\/ENNRD\"]},{\"@type\":\"Person\",\"@id\":\"https:\/\/infoelnuevonorte.com\/#\/schema\/person\/fd4f6d90afe41260818b4ea94ad8ab84\",\"name\":\"InfoEnn\",\"image\":{\"@type\":\"ImageObject\",\"inLanguage\":\"es-DO\",\"@id\":\"https:\/\/infoelnuevonorte.com\/#\/schema\/person\/image\/\",\"url\":\"https:\/\/secure.gravatar.com\/avatar\/d4d760a41a48ba9db0a82bfb63bb0783?s=96&d=robohash&r=g\",\"contentUrl\":\"https:\/\/secure.gravatar.com\/avatar\/d4d760a41a48ba9db0a82bfb63bb0783?s=96&d=robohash&r=g\",\"caption\":\"InfoEnn\"},\"sameAs\":[\"https:\/\/infoelnuevonorte.com\"],\"url\":\"https:\/\/infoelnuevonorte.com\/?author=1\"}]}<\/script>\n<!-- \/ Yoast SEO plugin. -->","yoast_head_json":{"title":"Inicia el Ramad\u00e1n y para Oriente Medio ser\u00e1 el \u201cm\u00e1s triste\u201d de todos | El Nuevo Norte","robots":{"index":"index","follow":"follow","max-snippet":"max-snippet:-1","max-image-preview":"max-image-preview:large","max-video-preview":"max-video-preview:-1"},"canonical":"https:\/\/infoelnuevonorte.com\/?p=14249","og_locale":"es_ES","og_type":"article","og_title":"Inicia el Ramad\u00e1n y para Oriente Medio ser\u00e1 el \u201cm\u00e1s triste\u201d de todos | El Nuevo Norte","og_description":"Para el pueblo de\u00a0Oriente Medio, este\u00a0Ramad\u00e1n\u00a0ser\u00e1 uno de los m\u00e1s tristes que recuerdan. Ser testigos de la acuciante\u00a0crisis humanitaria\u00a0de sus \u201chermanos y hermanas\u201d en Gaza les ha robado la alegr\u00eda de este mes sagrado. El\u00a0ambiente festivo\u00a0que suele inundar las calles de los pa\u00edses de esta regi\u00f3n del mundo, de abrumadora mayor\u00eda\u00a0musulmana\u00a0que espera este mes de [&hellip;]","og_url":"https:\/\/infoelnuevonorte.com\/?p=14249","og_site_name":"El Nuevo Norte","article_publisher":"https:\/\/www.facebook.com\/infoenn","article_published_time":"2024-03-11T17:42:07+00:00","article_modified_time":"2024-03-11T17:42:10+00:00","og_image":[{"width":1140,"height":694,"url":"https:\/\/infoelnuevonorte.com\/wp-content\/uploads\/2024\/03\/ramadam-1140x694-1.png","type":"image\/png"}],"author":"InfoEnn","twitter_card":"summary_large_image","twitter_creator":"@Elnuevo_norte","twitter_site":"@Elnuevo_norte","twitter_misc":{"Written by":"InfoEnn","Est. reading time":"5 minutos"},"schema":{"@context":"https:\/\/schema.org","@graph":[{"@type":"Article","@id":"https:\/\/infoelnuevonorte.com\/?p=14249#article","isPartOf":{"@id":"https:\/\/infoelnuevonorte.com\/?p=14249"},"author":{"name":"InfoEnn","@id":"https:\/\/infoelnuevonorte.com\/#\/schema\/person\/fd4f6d90afe41260818b4ea94ad8ab84"},"headline":"Inicia el Ramad\u00e1n y para Oriente Medio ser\u00e1 el \u201cm\u00e1s triste\u201d de todos","datePublished":"2024-03-11T17:42:07+00:00","dateModified":"2024-03-11T17:42:10+00:00","mainEntityOfPage":{"@id":"https:\/\/infoelnuevonorte.com\/?p=14249"},"wordCount":916,"publisher":{"@id":"https:\/\/infoelnuevonorte.com\/#organization"},"image":{"@id":"https:\/\/infoelnuevonorte.com\/?p=14249#primaryimage"},"thumbnailUrl":"https:\/\/listindiario.com\/files\/vertical_main_image\/uploads\/2024\/03\/11\/65ef1bb324cc0.jpeg","articleSection":["Actualidad |","Mundiales"],"inLanguage":"es-DO"},{"@type":"WebPage","@id":"https:\/\/infoelnuevonorte.com\/?p=14249","url":"https:\/\/infoelnuevonorte.com\/?p=14249","name":"Inicia el Ramad\u00e1n y para Oriente Medio ser\u00e1 el \u201cm\u00e1s triste\u201d de todos | El Nuevo Norte","isPartOf":{"@id":"https:\/\/infoelnuevonorte.com\/#website"},"primaryImageOfPage":{"@id":"https:\/\/infoelnuevonorte.com\/?p=14249#primaryimage"},"image":{"@id":"https:\/\/infoelnuevonorte.com\/?p=14249#primaryimage"},"thumbnailUrl":"https:\/\/listindiario.com\/files\/vertical_main_image\/uploads\/2024\/03\/11\/65ef1bb324cc0.jpeg","datePublished":"2024-03-11T17:42:07+00:00","dateModified":"2024-03-11T17:42:10+00:00","breadcrumb":{"@id":"https:\/\/infoelnuevonorte.com\/?p=14249#breadcrumb"},"inLanguage":"es-DO","potentialAction":[{"@type":"ReadAction","target":["https:\/\/infoelnuevonorte.com\/?p=14249"]}]},{"@type":"ImageObject","inLanguage":"es-DO","@id":"https:\/\/infoelnuevonorte.com\/?p=14249#primaryimage","url":"https:\/\/listindiario.com\/files\/vertical_main_image\/uploads\/2024\/03\/11\/65ef1bb324cc0.jpeg","contentUrl":"https:\/\/listindiario.com\/files\/vertical_main_image\/uploads\/2024\/03\/11\/65ef1bb324cc0.jpeg"},{"@type":"BreadcrumbList","@id":"https:\/\/infoelnuevonorte.com\/?p=14249#breadcrumb","itemListElement":[{"@type":"ListItem","position":1,"name":"Home","item":"https:\/\/infoelnuevonorte.com\/"},{"@type":"ListItem","position":2,"name":"Inicia el Ramad\u00e1n y para Oriente Medio ser\u00e1 el \u201cm\u00e1s triste\u201d de todos"}]},{"@type":"WebSite","@id":"https:\/\/infoelnuevonorte.com\/#website","url":"https:\/\/infoelnuevonorte.com\/","name":"InfoEnn","description":"Tu Voz, tu Verdad, tu Diario!!!","publisher":{"@id":"https:\/\/infoelnuevonorte.com\/#organization"},"alternateName":"El Nuevo Norte","potentialAction":[{"@type":"SearchAction","target":{"@type":"EntryPoint","urlTemplate":"https:\/\/infoelnuevonorte.com\/?s={search_term_string}"},"query-input":{"@type":"PropertyValueSpecification","valueRequired":true,"valueName":"search_term_string"}}],"inLanguage":"es-DO"},{"@type":"Organization","@id":"https:\/\/infoelnuevonorte.com\/#organization","name":"Info El Nuevo Norte","alternateName":"El Nuevo Norte","url":"https:\/\/infoelnuevonorte.com\/","logo":{"@type":"ImageObject","inLanguage":"es-DO","@id":"https:\/\/infoelnuevonorte.com\/#\/schema\/logo\/image\/","url":"https:\/\/infoelnuevonorte.com\/wp-content\/uploads\/2026\/02\/Logo-Info-enn-3d-20ani.jpeg","contentUrl":"https:\/\/infoelnuevonorte.com\/wp-content\/uploads\/2026\/02\/Logo-Info-enn-3d-20ani.jpeg","width":2046,"height":736,"caption":"Info El Nuevo Norte"},"image":{"@id":"https:\/\/infoelnuevonorte.com\/#\/schema\/logo\/image\/"},"sameAs":["https:\/\/www.facebook.com\/infoenn","https:\/\/x.com\/Elnuevo_norte","https:\/\/www.instagram.com\/infoenn","https:\/\/www.facebook.com\/ENNRD"]},{"@type":"Person","@id":"https:\/\/infoelnuevonorte.com\/#\/schema\/person\/fd4f6d90afe41260818b4ea94ad8ab84","name":"InfoEnn","image":{"@type":"ImageObject","inLanguage":"es-DO","@id":"https:\/\/infoelnuevonorte.com\/#\/schema\/person\/image\/","url":"https:\/\/secure.gravatar.com\/avatar\/d4d760a41a48ba9db0a82bfb63bb0783?s=96&d=robohash&r=g","contentUrl":"https:\/\/secure.gravatar.com\/avatar\/d4d760a41a48ba9db0a82bfb63bb0783?s=96&d=robohash&r=g","caption":"InfoEnn"},"sameAs":["https:\/\/infoelnuevonorte.com"],"url":"https:\/\/infoelnuevonorte.com\/?author=1"}]}},"_links":{"self":[{"href":"https:\/\/infoelnuevonorte.com\/index.php?rest_route=\/wp\/v2\/posts\/14249"}],"collection":[{"href":"https:\/\/infoelnuevonorte.com\/index.php?rest_route=\/wp\/v2\/posts"}],"about":[{"href":"https:\/\/infoelnuevonorte.com\/index.php?rest_route=\/wp\/v2\/types\/post"}],"author":[{"embeddable":true,"href":"https:\/\/infoelnuevonorte.com\/index.php?rest_route=\/wp\/v2\/users\/1"}],"replies":[{"embeddable":true,"href":"https:\/\/infoelnuevonorte.com\/index.php?rest_route=%2Fwp%2Fv2%2Fcomments&post=14249"}],"version-history":[{"count":0,"href":"https:\/\/infoelnuevonorte.com\/index.php?rest_route=\/wp\/v2\/posts\/14249\/revisions"}],"wp:attachment":[{"href":"https:\/\/infoelnuevonorte.com\/index.php?rest_route=%2Fwp%2Fv2%2Fmedia&parent=14249"}],"wp:term":[{"taxonomy":"category","embeddable":true,"href":"https:\/\/infoelnuevonorte.com\/index.php?rest_route=%2Fwp%2Fv2%2Fcategories&post=14249"},{"taxonomy":"post_tag","embeddable":true,"href":"https:\/\/infoelnuevonorte.com\/index.php?rest_route=%2Fwp%2Fv2%2Ftags&post=14249"}],"curies":[{"name":"wp","href":"https:\/\/api.w.org\/{rel}","templated":true}]}}