{"id":14269,"date":"2024-03-11T14:24:44","date_gmt":"2024-03-11T18:24:44","guid":{"rendered":"https:\/\/infoelnuevonorte.com\/?p=14269"},"modified":"2024-03-11T14:24:47","modified_gmt":"2024-03-11T18:24:47","slug":"famosos-no-podran-exhibir-sus-vehiculos-en-premios-soberanos","status":"publish","type":"post","link":"https:\/\/infoelnuevonorte.com\/?p=14269","title":{"rendered":"Famosos no podr\u00e1n exhibir sus veh\u00edculos en Premios Soberanos"},"content":{"rendered":"<div class=\"tdb-block-inner td-fix-index\">\n<p style=\"text-align: justify;\"><strong>Santo Domingo.-<\/strong> A diferencia de a\u00f1os anteriores, los famosos no podr\u00e1n exhibir sus autos de lujos a su llegada a la alfombra roja de la <strong>39\u00aa edici\u00f3n de\u00a0Premios Soberano<\/strong>.<\/p>\n<p style=\"text-align: justify;\">La entrada ha sido cubierta con una gran pared que forma parte de la escenograf\u00eda y que limita que se visualice la entrada.<\/p>\n<p style=\"text-align: justify;\">Se recuerda que a\u00f1os anteriores la llegada de los artistas era un punto focal de la alfombra, ya que llegaban mostrado sus lujosos autom\u00f3viles.<\/p>\n<div id=\"deult-2045519112\" class=\"deult-entre-noticias\" style=\"text-align: justify;\">\n<div id=\"deult-1620764551\" class=\"deult-target\" data-advadstrackid=\"124255\" data-advadstrackbid=\"1\"><a class=\"adv-link\" href=\"https:\/\/www.godominicanrepublic.com\/es\/blog\/turismo-interno\/\" target=\"_blank\" rel=\"noopener\"><img loading=\"lazy\" decoding=\"async\" class=\"lazyautosizes ls-is-cached lazyloaded td-animation-stack-type0-2\" src=\"https:\/\/cdn.deultimominuto.net\/wp-content\/uploads\/2022\/09\/728x90-01.jpg\" sizes=\"728px\" srcset=\"https:\/\/cdn.deultimominuto.net\/wp-content\/uploads\/2022\/09\/728x90-01.jpg 728w, https:\/\/cdn.deultimominuto.net\/wp-content\/uploads\/2022\/09\/728x90-01-392x48.jpg 392w, https:\/\/cdn.deultimominuto.net\/wp-content\/uploads\/2022\/09\/728x90-01-96x12.jpg 96w, https:\/\/cdn.deultimominuto.net\/wp-content\/uploads\/2022\/09\/728x90-01-192x24.jpg 192w, https:\/\/cdn.deultimominuto.net\/wp-content\/uploads\/2022\/09\/728x90-01-150x19.jpg 150w, https:\/\/cdn.deultimominuto.net\/wp-content\/uploads\/2022\/09\/728x90-01-300x37.jpg 300w, https:\/\/cdn.deultimominuto.net\/wp-content\/uploads\/2022\/09\/728x90-01-696x86.jpg 696w\" alt=\"Cada Rincon Banner turismo\" width=\"728\" height=\"90\" data-src=\"https:\/\/cdn.deultimominuto.net\/wp-content\/uploads\/2022\/09\/728x90-01.jpg\" data-srcset=\"https:\/\/cdn.deultimominuto.net\/wp-content\/uploads\/2022\/09\/728x90-01.jpg 728w, https:\/\/cdn.deultimominuto.net\/wp-content\/uploads\/2022\/09\/728x90-01-392x48.jpg 392w, https:\/\/cdn.deultimominuto.net\/wp-content\/uploads\/2022\/09\/728x90-01-96x12.jpg 96w, https:\/\/cdn.deultimominuto.net\/wp-content\/uploads\/2022\/09\/728x90-01-192x24.jpg 192w, https:\/\/cdn.deultimominuto.net\/wp-content\/uploads\/2022\/09\/728x90-01-150x19.jpg 150w, https:\/\/cdn.deultimominuto.net\/wp-content\/uploads\/2022\/09\/728x90-01-300x37.jpg 300w, https:\/\/cdn.deultimominuto.net\/wp-content\/uploads\/2022\/09\/728x90-01-696x86.jpg 696w\" data-sizes=\"auto\" data-eio-rwidth=\"728\" data-eio-rheight=\"90\" \/><\/a><\/div>\n<\/div>\n<p style=\"text-align: justify;\">Este a\u00f1o la producci\u00f3n de la fiesta del talento dominicano est\u00e1 a cargo de Alberto Zayas.<\/p>\n<p style=\"text-align: justify;\">Esta importante premiaci\u00f3n se llevar\u00e1 a cabo este <strong>martes 12 de marzo de 2024,<\/strong> a partir de las 7:00 de la noche, en la majestuosa<strong> sala Carlos Piantini del Teatro Nacional<\/strong>.<\/p>\n<\/div>\n","protected":false},"excerpt":{"rendered":"<p>Santo Domingo.- A diferencia de a\u00f1os anteriores, los famosos no podr\u00e1n exhibir sus autos de lujos a su llegada a la alfombra roja de la 39\u00aa edici\u00f3n de\u00a0Premios Soberano. La entrada ha sido cubierta con una gran pared que forma parte de la escenograf\u00eda y que limita que se visualice la entrada. Se recuerda que [&hellip;]<\/p>\n","protected":false},"author":1,"featured_media":0,"comment_status":"closed","ping_status":"open","sticky":false,"template":"","format":"standard","meta":{"footnotes":""},"categories":[2,11,14],"tags":[],"yoast_head":"<!-- This site is optimized with the Yoast SEO plugin v24.5 - https:\/\/yoast.com\/wordpress\/plugins\/seo\/ -->\n<title>Famosos no podr\u00e1n exhibir sus veh\u00edculos en Premios Soberanos | El Nuevo Norte<\/title>\n<meta name=\"robots\" content=\"index, follow, max-snippet:-1, max-image-preview:large, max-video-preview:-1\" \/>\n<link rel=\"canonical\" href=\"https:\/\/infoelnuevonorte.com\/?p=14269\" \/>\n<meta property=\"og:locale\" content=\"es_ES\" \/>\n<meta property=\"og:type\" content=\"article\" \/>\n<meta property=\"og:title\" content=\"Famosos no podr\u00e1n exhibir sus veh\u00edculos en Premios Soberanos | El Nuevo Norte\" \/>\n<meta property=\"og:description\" content=\"Santo Domingo.- A diferencia de a\u00f1os anteriores, los famosos no podr\u00e1n exhibir sus autos de lujos a su llegada a la alfombra roja de la 39\u00aa edici\u00f3n de\u00a0Premios Soberano. La entrada ha sido cubierta con una gran pared que forma parte de la escenograf\u00eda y que limita que se visualice la entrada. Se recuerda que [&hellip;]\" \/>\n<meta property=\"og:url\" content=\"https:\/\/infoelnuevonorte.com\/?p=14269\" \/>\n<meta property=\"og:site_name\" content=\"El Nuevo Norte\" \/>\n<meta property=\"article:publisher\" content=\"https:\/\/www.facebook.com\/infoenn\" \/>\n<meta property=\"article:published_time\" content=\"2024-03-11T18:24:44+00:00\" \/>\n<meta property=\"article:modified_time\" content=\"2024-03-11T18:24:47+00:00\" \/>\n<meta property=\"og:image\" content=\"https:\/\/infoelnuevonorte.com\/wp-content\/uploads\/2024\/03\/soberano-1-1024x645-1.webp\" \/>\n\t<meta property=\"og:image:width\" content=\"1024\" \/>\n\t<meta property=\"og:image:height\" content=\"645\" \/>\n\t<meta property=\"og:image:type\" content=\"image\/webp\" \/>\n<meta name=\"author\" content=\"InfoEnn\" \/>\n<meta name=\"twitter:card\" content=\"summary_large_image\" \/>\n<meta name=\"twitter:creator\" content=\"@Elnuevo_norte\" \/>\n<meta name=\"twitter:site\" content=\"@Elnuevo_norte\" \/>\n<meta name=\"twitter:label1\" content=\"Written by\" \/>\n\t<meta name=\"twitter:data1\" content=\"InfoEnn\" \/>\n\t<meta name=\"twitter:label2\" content=\"Est. reading time\" \/>\n\t<meta name=\"twitter:data2\" content=\"1 minuto\" \/>\n<script type=\"application\/ld+json\" class=\"yoast-schema-graph\">{\"@context\":\"https:\/\/schema.org\",\"@graph\":[{\"@type\":\"Article\",\"@id\":\"https:\/\/infoelnuevonorte.com\/?p=14269#article\",\"isPartOf\":{\"@id\":\"https:\/\/infoelnuevonorte.com\/?p=14269\"},\"author\":{\"name\":\"InfoEnn\",\"@id\":\"https:\/\/infoelnuevonorte.com\/#\/schema\/person\/fd4f6d90afe41260818b4ea94ad8ab84\"},\"headline\":\"Famosos no podr\u00e1n exhibir sus veh\u00edculos en Premios Soberanos\",\"datePublished\":\"2024-03-11T18:24:44+00:00\",\"dateModified\":\"2024-03-11T18:24:47+00:00\",\"mainEntityOfPage\":{\"@id\":\"https:\/\/infoelnuevonorte.com\/?p=14269\"},\"wordCount\":141,\"publisher\":{\"@id\":\"https:\/\/infoelnuevonorte.com\/#organization\"},\"image\":{\"@id\":\"https:\/\/infoelnuevonorte.com\/?p=14269#primaryimage\"},\"thumbnailUrl\":\"https:\/\/cdn.deultimominuto.net\/wp-content\/uploads\/2022\/09\/728x90-01.jpg\",\"articleSection\":[\"Actualidad |\",\"Entretenimiento\",\"Sociales\"],\"inLanguage\":\"es-DO\"},{\"@type\":\"WebPage\",\"@id\":\"https:\/\/infoelnuevonorte.com\/?p=14269\",\"url\":\"https:\/\/infoelnuevonorte.com\/?p=14269\",\"name\":\"Famosos no podr\u00e1n exhibir sus veh\u00edculos en Premios Soberanos | El Nuevo Norte\",\"isPartOf\":{\"@id\":\"https:\/\/infoelnuevonorte.com\/#website\"},\"primaryImageOfPage\":{\"@id\":\"https:\/\/infoelnuevonorte.com\/?p=14269#primaryimage\"},\"image\":{\"@id\":\"https:\/\/infoelnuevonorte.com\/?p=14269#primaryimage\"},\"thumbnailUrl\":\"https:\/\/cdn.deultimominuto.net\/wp-content\/uploads\/2022\/09\/728x90-01.jpg\",\"datePublished\":\"2024-03-11T18:24:44+00:00\",\"dateModified\":\"2024-03-11T18:24:47+00:00\",\"breadcrumb\":{\"@id\":\"https:\/\/infoelnuevonorte.com\/?p=14269#breadcrumb\"},\"inLanguage\":\"es-DO\",\"potentialAction\":[{\"@type\":\"ReadAction\",\"target\":[\"https:\/\/infoelnuevonorte.com\/?p=14269\"]}]},{\"@type\":\"ImageObject\",\"inLanguage\":\"es-DO\",\"@id\":\"https:\/\/infoelnuevonorte.com\/?p=14269#primaryimage\",\"url\":\"https:\/\/cdn.deultimominuto.net\/wp-content\/uploads\/2022\/09\/728x90-01.jpg\",\"contentUrl\":\"https:\/\/cdn.deultimominuto.net\/wp-content\/uploads\/2022\/09\/728x90-01.jpg\"},{\"@type\":\"BreadcrumbList\",\"@id\":\"https:\/\/infoelnuevonorte.com\/?p=14269#breadcrumb\",\"itemListElement\":[{\"@type\":\"ListItem\",\"position\":1,\"name\":\"Home\",\"item\":\"https:\/\/infoelnuevonorte.com\/\"},{\"@type\":\"ListItem\",\"position\":2,\"name\":\"Famosos no podr\u00e1n exhibir sus veh\u00edculos en Premios Soberanos\"}]},{\"@type\":\"WebSite\",\"@id\":\"https:\/\/infoelnuevonorte.com\/#website\",\"url\":\"https:\/\/infoelnuevonorte.com\/\",\"name\":\"InfoEnn\",\"description\":\"Tu Voz, tu Verdad, tu Diario!!!\",\"publisher\":{\"@id\":\"https:\/\/infoelnuevonorte.com\/#organization\"},\"alternateName\":\"El Nuevo Norte\",\"potentialAction\":[{\"@type\":\"SearchAction\",\"target\":{\"@type\":\"EntryPoint\",\"urlTemplate\":\"https:\/\/infoelnuevonorte.com\/?s={search_term_string}\"},\"query-input\":{\"@type\":\"PropertyValueSpecification\",\"valueRequired\":true,\"valueName\":\"search_term_string\"}}],\"inLanguage\":\"es-DO\"},{\"@type\":\"Organization\",\"@id\":\"https:\/\/infoelnuevonorte.com\/#organization\",\"name\":\"Info El Nuevo Norte\",\"alternateName\":\"El Nuevo Norte\",\"url\":\"https:\/\/infoelnuevonorte.com\/\",\"logo\":{\"@type\":\"ImageObject\",\"inLanguage\":\"es-DO\",\"@id\":\"https:\/\/infoelnuevonorte.com\/#\/schema\/logo\/image\/\",\"url\":\"https:\/\/infoelnuevonorte.com\/wp-content\/uploads\/2026\/02\/Logo-Info-enn-3d-20ani.jpeg\",\"contentUrl\":\"https:\/\/infoelnuevonorte.com\/wp-content\/uploads\/2026\/02\/Logo-Info-enn-3d-20ani.jpeg\",\"width\":2046,\"height\":736,\"caption\":\"Info El Nuevo Norte\"},\"image\":{\"@id\":\"https:\/\/infoelnuevonorte.com\/#\/schema\/logo\/image\/\"},\"sameAs\":[\"https:\/\/www.facebook.com\/infoenn\",\"https:\/\/x.com\/Elnuevo_norte\",\"https:\/\/www.instagram.com\/infoenn\",\"https:\/\/www.facebook.com\/ENNRD\"]},{\"@type\":\"Person\",\"@id\":\"https:\/\/infoelnuevonorte.com\/#\/schema\/person\/fd4f6d90afe41260818b4ea94ad8ab84\",\"name\":\"InfoEnn\",\"image\":{\"@type\":\"ImageObject\",\"inLanguage\":\"es-DO\",\"@id\":\"https:\/\/infoelnuevonorte.com\/#\/schema\/person\/image\/\",\"url\":\"https:\/\/secure.gravatar.com\/avatar\/d4d760a41a48ba9db0a82bfb63bb0783?s=96&d=robohash&r=g\",\"contentUrl\":\"https:\/\/secure.gravatar.com\/avatar\/d4d760a41a48ba9db0a82bfb63bb0783?s=96&d=robohash&r=g\",\"caption\":\"InfoEnn\"},\"sameAs\":[\"https:\/\/infoelnuevonorte.com\"],\"url\":\"https:\/\/infoelnuevonorte.com\/?author=1\"}]}<\/script>\n<!-- \/ Yoast SEO plugin. -->","yoast_head_json":{"title":"Famosos no podr\u00e1n exhibir sus veh\u00edculos en Premios Soberanos | El Nuevo Norte","robots":{"index":"index","follow":"follow","max-snippet":"max-snippet:-1","max-image-preview":"max-image-preview:large","max-video-preview":"max-video-preview:-1"},"canonical":"https:\/\/infoelnuevonorte.com\/?p=14269","og_locale":"es_ES","og_type":"article","og_title":"Famosos no podr\u00e1n exhibir sus veh\u00edculos en Premios Soberanos | El Nuevo Norte","og_description":"Santo Domingo.- A diferencia de a\u00f1os anteriores, los famosos no podr\u00e1n exhibir sus autos de lujos a su llegada a la alfombra roja de la 39\u00aa edici\u00f3n de\u00a0Premios Soberano. La entrada ha sido cubierta con una gran pared que forma parte de la escenograf\u00eda y que limita que se visualice la entrada. Se recuerda que [&hellip;]","og_url":"https:\/\/infoelnuevonorte.com\/?p=14269","og_site_name":"El Nuevo Norte","article_publisher":"https:\/\/www.facebook.com\/infoenn","article_published_time":"2024-03-11T18:24:44+00:00","article_modified_time":"2024-03-11T18:24:47+00:00","og_image":[{"width":1024,"height":645,"url":"https:\/\/infoelnuevonorte.com\/wp-content\/uploads\/2024\/03\/soberano-1-1024x645-1.webp","type":"image\/webp"}],"author":"InfoEnn","twitter_card":"summary_large_image","twitter_creator":"@Elnuevo_norte","twitter_site":"@Elnuevo_norte","twitter_misc":{"Written by":"InfoEnn","Est. reading time":"1 minuto"},"schema":{"@context":"https:\/\/schema.org","@graph":[{"@type":"Article","@id":"https:\/\/infoelnuevonorte.com\/?p=14269#article","isPartOf":{"@id":"https:\/\/infoelnuevonorte.com\/?p=14269"},"author":{"name":"InfoEnn","@id":"https:\/\/infoelnuevonorte.com\/#\/schema\/person\/fd4f6d90afe41260818b4ea94ad8ab84"},"headline":"Famosos no podr\u00e1n exhibir sus veh\u00edculos en Premios Soberanos","datePublished":"2024-03-11T18:24:44+00:00","dateModified":"2024-03-11T18:24:47+00:00","mainEntityOfPage":{"@id":"https:\/\/infoelnuevonorte.com\/?p=14269"},"wordCount":141,"publisher":{"@id":"https:\/\/infoelnuevonorte.com\/#organization"},"image":{"@id":"https:\/\/infoelnuevonorte.com\/?p=14269#primaryimage"},"thumbnailUrl":"https:\/\/cdn.deultimominuto.net\/wp-content\/uploads\/2022\/09\/728x90-01.jpg","articleSection":["Actualidad |","Entretenimiento","Sociales"],"inLanguage":"es-DO"},{"@type":"WebPage","@id":"https:\/\/infoelnuevonorte.com\/?p=14269","url":"https:\/\/infoelnuevonorte.com\/?p=14269","name":"Famosos no podr\u00e1n exhibir sus veh\u00edculos en Premios Soberanos | El Nuevo Norte","isPartOf":{"@id":"https:\/\/infoelnuevonorte.com\/#website"},"primaryImageOfPage":{"@id":"https:\/\/infoelnuevonorte.com\/?p=14269#primaryimage"},"image":{"@id":"https:\/\/infoelnuevonorte.com\/?p=14269#primaryimage"},"thumbnailUrl":"https:\/\/cdn.deultimominuto.net\/wp-content\/uploads\/2022\/09\/728x90-01.jpg","datePublished":"2024-03-11T18:24:44+00:00","dateModified":"2024-03-11T18:24:47+00:00","breadcrumb":{"@id":"https:\/\/infoelnuevonorte.com\/?p=14269#breadcrumb"},"inLanguage":"es-DO","potentialAction":[{"@type":"ReadAction","target":["https:\/\/infoelnuevonorte.com\/?p=14269"]}]},{"@type":"ImageObject","inLanguage":"es-DO","@id":"https:\/\/infoelnuevonorte.com\/?p=14269#primaryimage","url":"https:\/\/cdn.deultimominuto.net\/wp-content\/uploads\/2022\/09\/728x90-01.jpg","contentUrl":"https:\/\/cdn.deultimominuto.net\/wp-content\/uploads\/2022\/09\/728x90-01.jpg"},{"@type":"BreadcrumbList","@id":"https:\/\/infoelnuevonorte.com\/?p=14269#breadcrumb","itemListElement":[{"@type":"ListItem","position":1,"name":"Home","item":"https:\/\/infoelnuevonorte.com\/"},{"@type":"ListItem","position":2,"name":"Famosos no podr\u00e1n exhibir sus veh\u00edculos en Premios Soberanos"}]},{"@type":"WebSite","@id":"https:\/\/infoelnuevonorte.com\/#website","url":"https:\/\/infoelnuevonorte.com\/","name":"InfoEnn","description":"Tu Voz, tu Verdad, tu Diario!!!","publisher":{"@id":"https:\/\/infoelnuevonorte.com\/#organization"},"alternateName":"El Nuevo Norte","potentialAction":[{"@type":"SearchAction","target":{"@type":"EntryPoint","urlTemplate":"https:\/\/infoelnuevonorte.com\/?s={search_term_string}"},"query-input":{"@type":"PropertyValueSpecification","valueRequired":true,"valueName":"search_term_string"}}],"inLanguage":"es-DO"},{"@type":"Organization","@id":"https:\/\/infoelnuevonorte.com\/#organization","name":"Info El Nuevo Norte","alternateName":"El Nuevo Norte","url":"https:\/\/infoelnuevonorte.com\/","logo":{"@type":"ImageObject","inLanguage":"es-DO","@id":"https:\/\/infoelnuevonorte.com\/#\/schema\/logo\/image\/","url":"https:\/\/infoelnuevonorte.com\/wp-content\/uploads\/2026\/02\/Logo-Info-enn-3d-20ani.jpeg","contentUrl":"https:\/\/infoelnuevonorte.com\/wp-content\/uploads\/2026\/02\/Logo-Info-enn-3d-20ani.jpeg","width":2046,"height":736,"caption":"Info El Nuevo Norte"},"image":{"@id":"https:\/\/infoelnuevonorte.com\/#\/schema\/logo\/image\/"},"sameAs":["https:\/\/www.facebook.com\/infoenn","https:\/\/x.com\/Elnuevo_norte","https:\/\/www.instagram.com\/infoenn","https:\/\/www.facebook.com\/ENNRD"]},{"@type":"Person","@id":"https:\/\/infoelnuevonorte.com\/#\/schema\/person\/fd4f6d90afe41260818b4ea94ad8ab84","name":"InfoEnn","image":{"@type":"ImageObject","inLanguage":"es-DO","@id":"https:\/\/infoelnuevonorte.com\/#\/schema\/person\/image\/","url":"https:\/\/secure.gravatar.com\/avatar\/d4d760a41a48ba9db0a82bfb63bb0783?s=96&d=robohash&r=g","contentUrl":"https:\/\/secure.gravatar.com\/avatar\/d4d760a41a48ba9db0a82bfb63bb0783?s=96&d=robohash&r=g","caption":"InfoEnn"},"sameAs":["https:\/\/infoelnuevonorte.com"],"url":"https:\/\/infoelnuevonorte.com\/?author=1"}]}},"_links":{"self":[{"href":"https:\/\/infoelnuevonorte.com\/index.php?rest_route=\/wp\/v2\/posts\/14269"}],"collection":[{"href":"https:\/\/infoelnuevonorte.com\/index.php?rest_route=\/wp\/v2\/posts"}],"about":[{"href":"https:\/\/infoelnuevonorte.com\/index.php?rest_route=\/wp\/v2\/types\/post"}],"author":[{"embeddable":true,"href":"https:\/\/infoelnuevonorte.com\/index.php?rest_route=\/wp\/v2\/users\/1"}],"replies":[{"embeddable":true,"href":"https:\/\/infoelnuevonorte.com\/index.php?rest_route=%2Fwp%2Fv2%2Fcomments&post=14269"}],"version-history":[{"count":0,"href":"https:\/\/infoelnuevonorte.com\/index.php?rest_route=\/wp\/v2\/posts\/14269\/revisions"}],"wp:attachment":[{"href":"https:\/\/infoelnuevonorte.com\/index.php?rest_route=%2Fwp%2Fv2%2Fmedia&parent=14269"}],"wp:term":[{"taxonomy":"category","embeddable":true,"href":"https:\/\/infoelnuevonorte.com\/index.php?rest_route=%2Fwp%2Fv2%2Fcategories&post=14269"},{"taxonomy":"post_tag","embeddable":true,"href":"https:\/\/infoelnuevonorte.com\/index.php?rest_route=%2Fwp%2Fv2%2Ftags&post=14269"}],"curies":[{"name":"wp","href":"https:\/\/api.w.org\/{rel}","templated":true}]}}