{"id":14272,"date":"2024-03-11T14:36:56","date_gmt":"2024-03-11T18:36:56","guid":{"rendered":"https:\/\/infoelnuevonorte.com\/?p=14272"},"modified":"2024-03-11T14:36:58","modified_gmt":"2024-03-11T18:36:58","slug":"el-faro-a-colon-volvera-a-recuperar-su-cruz-y-esplendor-promete-su-gobernador","status":"publish","type":"post","link":"https:\/\/infoelnuevonorte.com\/?p=14272","title":{"rendered":"El Faro a Col\u00f3n volver\u00e1 a recuperar su cruz y esplendor, promete su gobernador"},"content":{"rendered":"<!--[if lt IE 9]><script>document.createElement('audio');<\/script><![endif]-->\n<audio class=\"wp-audio-shortcode\" id=\"audio-14272-1\" preload=\"none\" style=\"width: 100%;\" controls=\"controls\"><source type=\"audio\/mpeg\" src=\"https:\/\/infoelnuevonorte.com\/wp-content\/uploads\/2024\/03\/ttsmaker-file-2024-3-11-14-36-24.mp3?_=1\" \/><a href=\"https:\/\/infoelnuevonorte.com\/wp-content\/uploads\/2024\/03\/ttsmaker-file-2024-3-11-14-36-24.mp3\">https:\/\/infoelnuevonorte.com\/wp-content\/uploads\/2024\/03\/ttsmaker-file-2024-3-11-14-36-24.mp3<\/a><\/audio>\n<p style=\"text-align: justify;\">El Museo <strong>Faro a Col\u00f3n<\/strong> est\u00e1 en proceso de recuperaci\u00f3n de su esplendor cultural y de luminosidad que se manifiesta en la mejor\u00eda de su estructura interna y externa, los museos, la <strong>seguridad<\/strong> y la cantidad de visitantes nacionales y extranjeros que lo visitan.<\/p>\n<p style=\"text-align: justify;\">El monumento, inaugurado el\u00a06 de octubre de 1992 por el entonces presidente Joaqu\u00edn Balaguer, inici\u00f3 su construcci\u00f3n durante la dictadura de Rafael Le\u00f3nidas Trujillo para homenajear navegante Crist\u00f3bal Col\u00f3n.<\/p>\n<p style=\"text-align: justify;\">Su construcci\u00f3n gener\u00f3 controversias entre sectores nacionales tanto por el gasto, que implic\u00f3 una inversi\u00f3n superior a los 100 millones de pesos, como por el tema del descubrimiento porque hab\u00eda quienes dec\u00edan que o hab\u00eda que celebrar descubrimiento, sino el encuentro de dos culturas.<\/p>\n<p style=\"text-align: justify;\">En sus inicios el Faro era muy visitado principalmente por dominicanos y algunos extranjeros, pero al pasar el tiempo esa actividad comenz\u00f3 a menguar por el descuido y el poco <strong>atractivo<\/strong> de las salas de exhibici\u00f3n, pero principalmente por la inseguridad porque se incrementaron los atracos en su entorno debido a la escasa vigilancia y falta de luminosidad en las noches.<\/p>\n<div style=\"text-align: justify;\">\n<div tabindex=\"0\" data-slick-index=\"0\" aria-hidden=\"false\">\n<figure tabindex=\"0\" data-slick-index=\"3\" aria-hidden=\"false\"><picture><img loading=\"lazy\" decoding=\"async\" class=\"moz-reader-block-img alignleft\" src=\"https:\/\/resources.diariolibre.com\/images\/2024\/03\/08\/05032024-remozamiento-del-faro-a-colon-eddy-vittini76.jpg\" alt=\"Una de las salas\" width=\"546\" height=\"350\" \/><\/picture><\/figure>\n<\/div>\n<\/div>\n<p style=\"text-align: justify;\">El gobernador del Faro, <strong>Eliezer Nolasco<\/strong>, ocupa el cargo desde 2020 y afirma que ya la situaci\u00f3n ha cambiado, gracias al apoyo del presidente Luis Abinader, a la ministra de Cultura, Milagros Germ\u00e1n y a varias instituciones como la Armada, la Polic\u00eda, la Alcald\u00eda, el Ministerio de la Vivienda y otras.<\/p>\n<p style=\"text-align: justify;\">Manifest\u00f3 que hace cuatro a\u00f1os visitaban el lugar 100 y 200 personas y ahora alrededor de 2,000, sobre todo los fines de semana, la mayor\u00eda <strong>turistas<\/strong> y nacionales que proceden de la ciudad y de algunas provincias.<\/p>\n<p style=\"text-align: justify;\">Dijo que durante 20 a\u00f1os el museo estuvo abandonado, pero que ya se ha sido superado. Cuenta que la maleza que cubr\u00eda los alrededores ya est\u00e1 eliminada, lo mismo la oscuridad que desmotivaba a la gente y de un polic\u00eda que hab\u00eda, ahora cuentan con en la parte interna y patrulla mixta de la Polic\u00eda y la Armada que se encargan del patrullaje en el entorno.<\/p>\n<p style=\"text-align: justify;\">Ya fueron instaladas 80 faroles o luces de gran potencia que mantienen iluminado el monumento, pero el mayor <strong>atractivo<\/strong> fue, en sus inicios la cruz blanca que se proyectaba en las nubes y de acuerdo con Nolasco volver\u00e1 a ser una realidad.<\/p>\n<p style=\"text-align: justify;\">El proyecto de la cruz en la nube consta de 157 luces, que ya fueron fabricadas en Rusia a un costo de 120 millones de pesos, pero su instalaci\u00f3n est\u00e1 supeditada al inter\u00e9s del pastor D\u00edo Astacio, alcalde electo de Santo Domingo Este, quien ha prometido al gobernador retornar el <strong>atractivo<\/strong>.<\/p>\n<p style=\"text-align: justify;\">El fabricante ruso se comunica con conmigo siempre con la inquietud de que puedan ser ya tra\u00edda al pa\u00eds. Nosotros podemos desarrollarla y el alcalde electo, el pastor D\u00edo Astacio, est\u00e1 comprometido con los primeros 100 d\u00edas y desde su gesti\u00f3n poder hacer realidad ese sue\u00f1o tan anhelado, porque esas luces duraron alrededor de un a\u00f1o y pico largo siendo fabricadas\".<\/p>\n<div style=\"text-align: justify;\">\n<div tabindex=\"0\" data-slick-index=\"0\" aria-hidden=\"false\">\n<figure tabindex=\"0\" data-slick-index=\"3\" aria-hidden=\"false\"><picture><img loading=\"lazy\" decoding=\"async\" class=\"moz-reader-block-img alignleft\" src=\"https:\/\/resources.diariolibre.com\/images\/2024\/03\/08\/05032024-remozamiento-del-faro-a-colon-eddy-vittini92.jpg\" alt=\"El lugar se mantiene bien cuidada\" width=\"546\" height=\"350\" \/><\/picture><\/figure>\n<\/div>\n<\/div>\n<p style=\"text-align: justify;\"><strong>Los atractivos <\/strong><\/p>\n<p style=\"text-align: justify;\">El monumento cuenta con 49 salas de exhibici\u00f3n, igual cantidad de pa\u00edses con los que se mantiene una relaci\u00f3n cultural y cada una contiene elementos culturales que cada naci\u00f3n decide. Las m\u00e1s recientes son las salas de Alemania y La India, Chile, La Uni\u00f3n Europea y China. Cuentan con espacios, pero a\u00fan no lo utilizan en su totalidad, Puerto Rico y Cuba.<\/p>\n<p style=\"text-align: justify;\">El principal <strong>atractivo<\/strong> es el mausoleo donde est\u00e1n los restos de Crist\u00f3bal Col\u00f3n, que est\u00e1 a la entrada del monumento y una de las salas m\u00e1s visita es donde est\u00e1 la casulla que utiliz\u00f3 el papa San Juan Pablo II cuando celebr\u00f3 la misa con motivo del <strong>V Centenario<\/strong>, en 1992.<\/p>\n<p style=\"text-align: justify;\">Hay museos hasta el tercer piso, en el segundo nivel ha sido dedicado a la Liga Naval Dominicana, a las insignias de las fuerzas armadas, mientras que en el tercer nivel est\u00e1 el Santo Domingo hist\u00f3rico, con elementos propios de la cultura dominicana y tambi\u00e9n hay una sala para las vestimentas coloniales.<\/p>\n<p style=\"text-align: justify;\"><strong>El costo<\/strong><\/p>\n<p style=\"text-align: justify;\">La entrada al <strong>Faro a Col\u00f3n<\/strong> tiene la siguiente tarifa:\u00a0 <strong>turistas<\/strong> 2 d\u00f3lares, dominicanos adultos, 100 pesos; ni\u00f1os 30 pesos y los estudiantes solo pagan 20 pesos. El horario de entrada es de lunes a lunes de 09:00 de la ma\u00f1ana a 4:30 de la tarde.<\/p>\n","protected":false},"excerpt":{"rendered":"<p>El Museo Faro a Col\u00f3n est\u00e1 en proceso de recuperaci\u00f3n de su esplendor cultural y de luminosidad que se manifiesta en la mejor\u00eda de su estructura interna y externa, los museos, la seguridad y la cantidad de visitantes nacionales y extranjeros que lo visitan. El monumento, inaugurado el\u00a06 de octubre de 1992 por el entonces [&hellip;]<\/p>\n","protected":false},"author":1,"featured_media":0,"comment_status":"closed","ping_status":"open","sticky":false,"template":"","format":"standard","meta":{"footnotes":""},"categories":[2,17,11],"tags":[],"yoast_head":"<!-- This site is optimized with the Yoast SEO plugin v24.5 - https:\/\/yoast.com\/wordpress\/plugins\/seo\/ -->\n<title>El Faro a Col\u00f3n volver\u00e1 a recuperar su cruz y esplendor, promete su gobernador | El Nuevo Norte<\/title>\n<meta name=\"robots\" content=\"index, follow, max-snippet:-1, max-image-preview:large, max-video-preview:-1\" \/>\n<link rel=\"canonical\" href=\"https:\/\/infoelnuevonorte.com\/?p=14272\" \/>\n<meta property=\"og:locale\" content=\"es_ES\" \/>\n<meta property=\"og:type\" content=\"article\" \/>\n<meta property=\"og:title\" content=\"El Faro a Col\u00f3n volver\u00e1 a recuperar su cruz y esplendor, promete su gobernador | El Nuevo Norte\" \/>\n<meta property=\"og:description\" content=\"El Museo Faro a Col\u00f3n est\u00e1 en proceso de recuperaci\u00f3n de su esplendor cultural y de luminosidad que se manifiesta en la mejor\u00eda de su estructura interna y externa, los museos, la seguridad y la cantidad de visitantes nacionales y extranjeros que lo visitan. El monumento, inaugurado el\u00a06 de octubre de 1992 por el entonces [&hellip;]\" \/>\n<meta property=\"og:url\" content=\"https:\/\/infoelnuevonorte.com\/?p=14272\" \/>\n<meta property=\"og:site_name\" content=\"El Nuevo Norte\" \/>\n<meta property=\"article:publisher\" content=\"https:\/\/www.facebook.com\/infoenn\" \/>\n<meta property=\"article:published_time\" content=\"2024-03-11T18:36:56+00:00\" \/>\n<meta property=\"article:modified_time\" content=\"2024-03-11T18:36:58+00:00\" \/>\n<meta property=\"og:image\" content=\"https:\/\/infoelnuevonorte.com\/wp-content\/uploads\/2024\/03\/faro-a-colon-jpg.webp\" \/>\n\t<meta property=\"og:image:width\" content=\"960\" \/>\n\t<meta property=\"og:image:height\" content=\"493\" \/>\n\t<meta property=\"og:image:type\" content=\"image\/jpeg\" \/>\n<meta name=\"author\" content=\"InfoEnn\" \/>\n<meta name=\"twitter:card\" content=\"summary_large_image\" \/>\n<meta name=\"twitter:creator\" content=\"@Elnuevo_norte\" \/>\n<meta name=\"twitter:site\" content=\"@Elnuevo_norte\" \/>\n<meta name=\"twitter:label1\" content=\"Written by\" \/>\n\t<meta name=\"twitter:data1\" content=\"InfoEnn\" \/>\n\t<meta name=\"twitter:label2\" content=\"Est. reading time\" \/>\n\t<meta name=\"twitter:data2\" content=\"4 minutos\" \/>\n<script type=\"application\/ld+json\" class=\"yoast-schema-graph\">{\"@context\":\"https:\/\/schema.org\",\"@graph\":[{\"@type\":\"Article\",\"@id\":\"https:\/\/infoelnuevonorte.com\/?p=14272#article\",\"isPartOf\":{\"@id\":\"https:\/\/infoelnuevonorte.com\/?p=14272\"},\"author\":{\"name\":\"InfoEnn\",\"@id\":\"https:\/\/infoelnuevonorte.com\/#\/schema\/person\/fd4f6d90afe41260818b4ea94ad8ab84\"},\"headline\":\"El Faro a Col\u00f3n volver\u00e1 a recuperar su cruz y esplendor, promete su gobernador\",\"datePublished\":\"2024-03-11T18:36:56+00:00\",\"dateModified\":\"2024-03-11T18:36:58+00:00\",\"mainEntityOfPage\":{\"@id\":\"https:\/\/infoelnuevonorte.com\/?p=14272\"},\"wordCount\":764,\"publisher\":{\"@id\":\"https:\/\/infoelnuevonorte.com\/#organization\"},\"image\":{\"@id\":\"https:\/\/infoelnuevonorte.com\/?p=14272#primaryimage\"},\"thumbnailUrl\":\"https:\/\/resources.diariolibre.com\/images\/2024\/03\/08\/05032024-remozamiento-del-faro-a-colon-eddy-vittini76.jpg\",\"articleSection\":[\"Actualidad |\",\"Cultura\",\"Entretenimiento\"],\"inLanguage\":\"es-DO\"},{\"@type\":\"WebPage\",\"@id\":\"https:\/\/infoelnuevonorte.com\/?p=14272\",\"url\":\"https:\/\/infoelnuevonorte.com\/?p=14272\",\"name\":\"El Faro a Col\u00f3n volver\u00e1 a recuperar su cruz y esplendor, promete su gobernador | El Nuevo Norte\",\"isPartOf\":{\"@id\":\"https:\/\/infoelnuevonorte.com\/#website\"},\"primaryImageOfPage\":{\"@id\":\"https:\/\/infoelnuevonorte.com\/?p=14272#primaryimage\"},\"image\":{\"@id\":\"https:\/\/infoelnuevonorte.com\/?p=14272#primaryimage\"},\"thumbnailUrl\":\"https:\/\/resources.diariolibre.com\/images\/2024\/03\/08\/05032024-remozamiento-del-faro-a-colon-eddy-vittini76.jpg\",\"datePublished\":\"2024-03-11T18:36:56+00:00\",\"dateModified\":\"2024-03-11T18:36:58+00:00\",\"breadcrumb\":{\"@id\":\"https:\/\/infoelnuevonorte.com\/?p=14272#breadcrumb\"},\"inLanguage\":\"es-DO\",\"potentialAction\":[{\"@type\":\"ReadAction\",\"target\":[\"https:\/\/infoelnuevonorte.com\/?p=14272\"]}]},{\"@type\":\"ImageObject\",\"inLanguage\":\"es-DO\",\"@id\":\"https:\/\/infoelnuevonorte.com\/?p=14272#primaryimage\",\"url\":\"https:\/\/resources.diariolibre.com\/images\/2024\/03\/08\/05032024-remozamiento-del-faro-a-colon-eddy-vittini76.jpg\",\"contentUrl\":\"https:\/\/resources.diariolibre.com\/images\/2024\/03\/08\/05032024-remozamiento-del-faro-a-colon-eddy-vittini76.jpg\"},{\"@type\":\"BreadcrumbList\",\"@id\":\"https:\/\/infoelnuevonorte.com\/?p=14272#breadcrumb\",\"itemListElement\":[{\"@type\":\"ListItem\",\"position\":1,\"name\":\"Home\",\"item\":\"https:\/\/infoelnuevonorte.com\/\"},{\"@type\":\"ListItem\",\"position\":2,\"name\":\"El Faro a Col\u00f3n volver\u00e1 a recuperar su cruz y esplendor, promete su gobernador\"}]},{\"@type\":\"WebSite\",\"@id\":\"https:\/\/infoelnuevonorte.com\/#website\",\"url\":\"https:\/\/infoelnuevonorte.com\/\",\"name\":\"InfoEnn\",\"description\":\"Tu Voz, tu Verdad, tu Diario!!!\",\"publisher\":{\"@id\":\"https:\/\/infoelnuevonorte.com\/#organization\"},\"alternateName\":\"El Nuevo Norte\",\"potentialAction\":[{\"@type\":\"SearchAction\",\"target\":{\"@type\":\"EntryPoint\",\"urlTemplate\":\"https:\/\/infoelnuevonorte.com\/?s={search_term_string}\"},\"query-input\":{\"@type\":\"PropertyValueSpecification\",\"valueRequired\":true,\"valueName\":\"search_term_string\"}}],\"inLanguage\":\"es-DO\"},{\"@type\":\"Organization\",\"@id\":\"https:\/\/infoelnuevonorte.com\/#organization\",\"name\":\"Info El Nuevo Norte\",\"alternateName\":\"El Nuevo Norte\",\"url\":\"https:\/\/infoelnuevonorte.com\/\",\"logo\":{\"@type\":\"ImageObject\",\"inLanguage\":\"es-DO\",\"@id\":\"https:\/\/infoelnuevonorte.com\/#\/schema\/logo\/image\/\",\"url\":\"https:\/\/infoelnuevonorte.com\/wp-content\/uploads\/2026\/02\/Logo-Info-enn-3d-20ani.jpeg\",\"contentUrl\":\"https:\/\/infoelnuevonorte.com\/wp-content\/uploads\/2026\/02\/Logo-Info-enn-3d-20ani.jpeg\",\"width\":2046,\"height\":736,\"caption\":\"Info El Nuevo Norte\"},\"image\":{\"@id\":\"https:\/\/infoelnuevonorte.com\/#\/schema\/logo\/image\/\"},\"sameAs\":[\"https:\/\/www.facebook.com\/infoenn\",\"https:\/\/x.com\/Elnuevo_norte\",\"https:\/\/www.instagram.com\/infoenn\",\"https:\/\/www.facebook.com\/ENNRD\"]},{\"@type\":\"Person\",\"@id\":\"https:\/\/infoelnuevonorte.com\/#\/schema\/person\/fd4f6d90afe41260818b4ea94ad8ab84\",\"name\":\"InfoEnn\",\"image\":{\"@type\":\"ImageObject\",\"inLanguage\":\"es-DO\",\"@id\":\"https:\/\/infoelnuevonorte.com\/#\/schema\/person\/image\/\",\"url\":\"https:\/\/secure.gravatar.com\/avatar\/d4d760a41a48ba9db0a82bfb63bb0783?s=96&d=robohash&r=g\",\"contentUrl\":\"https:\/\/secure.gravatar.com\/avatar\/d4d760a41a48ba9db0a82bfb63bb0783?s=96&d=robohash&r=g\",\"caption\":\"InfoEnn\"},\"sameAs\":[\"https:\/\/infoelnuevonorte.com\"],\"url\":\"https:\/\/infoelnuevonorte.com\/?author=1\"}]}<\/script>\n<!-- \/ Yoast SEO plugin. -->","yoast_head_json":{"title":"El Faro a Col\u00f3n volver\u00e1 a recuperar su cruz y esplendor, promete su gobernador | El Nuevo Norte","robots":{"index":"index","follow":"follow","max-snippet":"max-snippet:-1","max-image-preview":"max-image-preview:large","max-video-preview":"max-video-preview:-1"},"canonical":"https:\/\/infoelnuevonorte.com\/?p=14272","og_locale":"es_ES","og_type":"article","og_title":"El Faro a Col\u00f3n volver\u00e1 a recuperar su cruz y esplendor, promete su gobernador | El Nuevo Norte","og_description":"El Museo Faro a Col\u00f3n est\u00e1 en proceso de recuperaci\u00f3n de su esplendor cultural y de luminosidad que se manifiesta en la mejor\u00eda de su estructura interna y externa, los museos, la seguridad y la cantidad de visitantes nacionales y extranjeros que lo visitan. El monumento, inaugurado el\u00a06 de octubre de 1992 por el entonces [&hellip;]","og_url":"https:\/\/infoelnuevonorte.com\/?p=14272","og_site_name":"El Nuevo Norte","article_publisher":"https:\/\/www.facebook.com\/infoenn","article_published_time":"2024-03-11T18:36:56+00:00","article_modified_time":"2024-03-11T18:36:58+00:00","og_image":[{"width":960,"height":493,"url":"https:\/\/infoelnuevonorte.com\/wp-content\/uploads\/2024\/03\/faro-a-colon-jpg.webp","type":"image\/jpeg"}],"author":"InfoEnn","twitter_card":"summary_large_image","twitter_creator":"@Elnuevo_norte","twitter_site":"@Elnuevo_norte","twitter_misc":{"Written by":"InfoEnn","Est. reading time":"4 minutos"},"schema":{"@context":"https:\/\/schema.org","@graph":[{"@type":"Article","@id":"https:\/\/infoelnuevonorte.com\/?p=14272#article","isPartOf":{"@id":"https:\/\/infoelnuevonorte.com\/?p=14272"},"author":{"name":"InfoEnn","@id":"https:\/\/infoelnuevonorte.com\/#\/schema\/person\/fd4f6d90afe41260818b4ea94ad8ab84"},"headline":"El Faro a Col\u00f3n volver\u00e1 a recuperar su cruz y esplendor, promete su gobernador","datePublished":"2024-03-11T18:36:56+00:00","dateModified":"2024-03-11T18:36:58+00:00","mainEntityOfPage":{"@id":"https:\/\/infoelnuevonorte.com\/?p=14272"},"wordCount":764,"publisher":{"@id":"https:\/\/infoelnuevonorte.com\/#organization"},"image":{"@id":"https:\/\/infoelnuevonorte.com\/?p=14272#primaryimage"},"thumbnailUrl":"https:\/\/resources.diariolibre.com\/images\/2024\/03\/08\/05032024-remozamiento-del-faro-a-colon-eddy-vittini76.jpg","articleSection":["Actualidad |","Cultura","Entretenimiento"],"inLanguage":"es-DO"},{"@type":"WebPage","@id":"https:\/\/infoelnuevonorte.com\/?p=14272","url":"https:\/\/infoelnuevonorte.com\/?p=14272","name":"El Faro a Col\u00f3n volver\u00e1 a recuperar su cruz y esplendor, promete su gobernador | El Nuevo Norte","isPartOf":{"@id":"https:\/\/infoelnuevonorte.com\/#website"},"primaryImageOfPage":{"@id":"https:\/\/infoelnuevonorte.com\/?p=14272#primaryimage"},"image":{"@id":"https:\/\/infoelnuevonorte.com\/?p=14272#primaryimage"},"thumbnailUrl":"https:\/\/resources.diariolibre.com\/images\/2024\/03\/08\/05032024-remozamiento-del-faro-a-colon-eddy-vittini76.jpg","datePublished":"2024-03-11T18:36:56+00:00","dateModified":"2024-03-11T18:36:58+00:00","breadcrumb":{"@id":"https:\/\/infoelnuevonorte.com\/?p=14272#breadcrumb"},"inLanguage":"es-DO","potentialAction":[{"@type":"ReadAction","target":["https:\/\/infoelnuevonorte.com\/?p=14272"]}]},{"@type":"ImageObject","inLanguage":"es-DO","@id":"https:\/\/infoelnuevonorte.com\/?p=14272#primaryimage","url":"https:\/\/resources.diariolibre.com\/images\/2024\/03\/08\/05032024-remozamiento-del-faro-a-colon-eddy-vittini76.jpg","contentUrl":"https:\/\/resources.diariolibre.com\/images\/2024\/03\/08\/05032024-remozamiento-del-faro-a-colon-eddy-vittini76.jpg"},{"@type":"BreadcrumbList","@id":"https:\/\/infoelnuevonorte.com\/?p=14272#breadcrumb","itemListElement":[{"@type":"ListItem","position":1,"name":"Home","item":"https:\/\/infoelnuevonorte.com\/"},{"@type":"ListItem","position":2,"name":"El Faro a Col\u00f3n volver\u00e1 a recuperar su cruz y esplendor, promete su gobernador"}]},{"@type":"WebSite","@id":"https:\/\/infoelnuevonorte.com\/#website","url":"https:\/\/infoelnuevonorte.com\/","name":"InfoEnn","description":"Tu Voz, tu Verdad, tu Diario!!!","publisher":{"@id":"https:\/\/infoelnuevonorte.com\/#organization"},"alternateName":"El Nuevo Norte","potentialAction":[{"@type":"SearchAction","target":{"@type":"EntryPoint","urlTemplate":"https:\/\/infoelnuevonorte.com\/?s={search_term_string}"},"query-input":{"@type":"PropertyValueSpecification","valueRequired":true,"valueName":"search_term_string"}}],"inLanguage":"es-DO"},{"@type":"Organization","@id":"https:\/\/infoelnuevonorte.com\/#organization","name":"Info El Nuevo Norte","alternateName":"El Nuevo Norte","url":"https:\/\/infoelnuevonorte.com\/","logo":{"@type":"ImageObject","inLanguage":"es-DO","@id":"https:\/\/infoelnuevonorte.com\/#\/schema\/logo\/image\/","url":"https:\/\/infoelnuevonorte.com\/wp-content\/uploads\/2026\/02\/Logo-Info-enn-3d-20ani.jpeg","contentUrl":"https:\/\/infoelnuevonorte.com\/wp-content\/uploads\/2026\/02\/Logo-Info-enn-3d-20ani.jpeg","width":2046,"height":736,"caption":"Info El Nuevo Norte"},"image":{"@id":"https:\/\/infoelnuevonorte.com\/#\/schema\/logo\/image\/"},"sameAs":["https:\/\/www.facebook.com\/infoenn","https:\/\/x.com\/Elnuevo_norte","https:\/\/www.instagram.com\/infoenn","https:\/\/www.facebook.com\/ENNRD"]},{"@type":"Person","@id":"https:\/\/infoelnuevonorte.com\/#\/schema\/person\/fd4f6d90afe41260818b4ea94ad8ab84","name":"InfoEnn","image":{"@type":"ImageObject","inLanguage":"es-DO","@id":"https:\/\/infoelnuevonorte.com\/#\/schema\/person\/image\/","url":"https:\/\/secure.gravatar.com\/avatar\/d4d760a41a48ba9db0a82bfb63bb0783?s=96&d=robohash&r=g","contentUrl":"https:\/\/secure.gravatar.com\/avatar\/d4d760a41a48ba9db0a82bfb63bb0783?s=96&d=robohash&r=g","caption":"InfoEnn"},"sameAs":["https:\/\/infoelnuevonorte.com"],"url":"https:\/\/infoelnuevonorte.com\/?author=1"}]}},"_links":{"self":[{"href":"https:\/\/infoelnuevonorte.com\/index.php?rest_route=\/wp\/v2\/posts\/14272"}],"collection":[{"href":"https:\/\/infoelnuevonorte.com\/index.php?rest_route=\/wp\/v2\/posts"}],"about":[{"href":"https:\/\/infoelnuevonorte.com\/index.php?rest_route=\/wp\/v2\/types\/post"}],"author":[{"embeddable":true,"href":"https:\/\/infoelnuevonorte.com\/index.php?rest_route=\/wp\/v2\/users\/1"}],"replies":[{"embeddable":true,"href":"https:\/\/infoelnuevonorte.com\/index.php?rest_route=%2Fwp%2Fv2%2Fcomments&post=14272"}],"version-history":[{"count":0,"href":"https:\/\/infoelnuevonorte.com\/index.php?rest_route=\/wp\/v2\/posts\/14272\/revisions"}],"wp:attachment":[{"href":"https:\/\/infoelnuevonorte.com\/index.php?rest_route=%2Fwp%2Fv2%2Fmedia&parent=14272"}],"wp:term":[{"taxonomy":"category","embeddable":true,"href":"https:\/\/infoelnuevonorte.com\/index.php?rest_route=%2Fwp%2Fv2%2Fcategories&post=14272"},{"taxonomy":"post_tag","embeddable":true,"href":"https:\/\/infoelnuevonorte.com\/index.php?rest_route=%2Fwp%2Fv2%2Ftags&post=14272"}],"curies":[{"name":"wp","href":"https:\/\/api.w.org\/{rel}","templated":true}]}}