{"id":143919,"date":"2025-09-18T06:43:35","date_gmt":"2025-09-18T10:43:35","guid":{"rendered":"https:\/\/infoelnuevonorte.com\/?p=143919"},"modified":"2025-09-18T06:43:38","modified_gmt":"2025-09-18T10:43:38","slug":"jose-antonio-aybar-a-roberto-salcedo-esto-no-se-trata-de-dinero-sino-de-abuso-de-poder","status":"publish","type":"post","link":"https:\/\/infoelnuevonorte.com\/?p=143919","title":{"rendered":"Jos\u00e9 Antonio Aybar a Roberto Salcedo: \u201cEsto no se trata de dinero, sino de abuso de poder\u201d"},"content":{"rendered":"<!--[if lt IE 9]><script>document.createElement('audio');<\/script><![endif]-->\n<audio class=\"wp-audio-shortcode\" id=\"audio-143919-1\" preload=\"none\" style=\"width: 100%;\" controls=\"controls\"><source type=\"audio\/mpeg\" src=\"https:\/\/infoelnuevonorte.com\/wp-content\/uploads\/2025\/09\/ttsmaker-vip-file-2025-9-18-6-42-32.mp3?_=1\" \/><a href=\"https:\/\/infoelnuevonorte.com\/wp-content\/uploads\/2025\/09\/ttsmaker-vip-file-2025-9-18-6-42-32.mp3\">https:\/\/infoelnuevonorte.com\/wp-content\/uploads\/2025\/09\/ttsmaker-vip-file-2025-9-18-6-42-32.mp3<\/a><\/audio>\n<p style=\"text-align: justify;\"><strong>Santo Domingo.-<\/strong> El expresidente de la Comisi\u00f3n Nacional de Espect\u00e1culos P\u00fablicos, <strong>Jos\u00e9 Antonio Aybar<\/strong>, asegur\u00f3 que su renuncia al cargo <strong>no obedeci\u00f3 a temas salariales<\/strong>, como ha insinuado el ministro de Cultura, <strong>Roberto \u00c1ngel Salcedo<\/strong>, sino al <strong>supuesto abuso de poder<\/strong> ejercido por el funcionario.<\/p>\n<p style=\"text-align: justify;\">Aybar afirm\u00f3 que el ministro <strong>retuvo de forma arbitraria la cuenta operativa de la Comisi\u00f3n<\/strong>, a pesar de m\u00faltiples intentos de comunicaci\u00f3n para solicitar su devoluci\u00f3n.<\/p>\n<blockquote class=\"wp-block-quote is-layout-flow wp-block-quote-is-layout-flow\">\n<p>\u201cLe envi\u00e9 dos comunicaciones formales solicitando la devoluci\u00f3n de esa cuenta, y en ambas ocasiones, el ministro se neg\u00f3 a devolverla. Ahora, en televisi\u00f3n, pretende enga\u00f1ar al p\u00fablico diciendo que la cuenta no le pertenece a la Comisi\u00f3n. Eso es falso\", declar\u00f3 Aybar.<\/p>\n<div class=\"row my-3\">\n<div class=\"col-12\">\n<div class=\"post 300x250_3 d-flex align-items-center justify-content-center\" data-hidden=\"none\">\n<div id=\"div-gpt-ad-1519409790919-2\" data-google-query-id=\"CKHt3NKP4o8DFbmJdwEdqmIZIA\">\n<div id=\"google_ads_iframe_\/1018679\/ElDia_Articulo\/ElDia_Articulo_300x250_3_0__container__\">\u00a0<\/div>\n<\/div>\n<\/div>\n<\/div>\n<\/div>\n<div class=\"w-100 h-auto\">\n<figure class=\"wp-block-image size-large\"><img loading=\"lazy\" decoding=\"async\" class=\"lazy w-100 h-auto entered loaded\" src=\"https:\/\/eldia.com.do\/wp-content\/uploads\/2025\/05\/8_Nacionales_22_1.p02-978x1024.webp\" sizes=\"(max-width: 978px) 100vw, 978px\" srcset=\"https:\/\/eldia.com.do\/wp-content\/uploads\/2025\/05\/8_Nacionales_22_1.p02-978x1024.webp 978w, https:\/\/eldia.com.do\/wp-content\/uploads\/2025\/05\/8_Nacionales_22_1.p02-287x300.webp 287w, https:\/\/eldia.com.do\/wp-content\/uploads\/2025\/05\/8_Nacionales_22_1.p02-768x804.webp 768w, https:\/\/eldia.com.do\/wp-content\/uploads\/2025\/05\/8_Nacionales_22_1.p02-150x157.webp 150w, https:\/\/eldia.com.do\/wp-content\/uploads\/2025\/05\/8_Nacionales_22_1.p02-300x314.webp 300w, https:\/\/eldia.com.do\/wp-content\/uploads\/2025\/05\/8_Nacionales_22_1.p02-600x628.webp 600w, https:\/\/eldia.com.do\/wp-content\/uploads\/2025\/05\/8_Nacionales_22_1.p02-900x942.webp 900w, https:\/\/eldia.com.do\/wp-content\/uploads\/2025\/05\/8_Nacionales_22_1.p02-1200x1256.webp 1200w, https:\/\/eldia.com.do\/wp-content\/uploads\/2025\/05\/8_Nacionales_22_1.p02.webp 1264w\" alt=\"\" width=\"978\" height=\"1024\" data-src=\"https:\/\/eldia.com.do\/wp-content\/uploads\/2025\/05\/8_Nacionales_22_1.p02-978x1024.webp\" data-srcset=\"https:\/\/eldia.com.do\/wp-content\/uploads\/2025\/05\/8_Nacionales_22_1.p02-978x1024.webp 978w, https:\/\/eldia.com.do\/wp-content\/uploads\/2025\/05\/8_Nacionales_22_1.p02-287x300.webp 287w, https:\/\/eldia.com.do\/wp-content\/uploads\/2025\/05\/8_Nacionales_22_1.p02-768x804.webp 768w, https:\/\/eldia.com.do\/wp-content\/uploads\/2025\/05\/8_Nacionales_22_1.p02-150x157.webp 150w, https:\/\/eldia.com.do\/wp-content\/uploads\/2025\/05\/8_Nacionales_22_1.p02-300x314.webp 300w, https:\/\/eldia.com.do\/wp-content\/uploads\/2025\/05\/8_Nacionales_22_1.p02-600x628.webp 600w, https:\/\/eldia.com.do\/wp-content\/uploads\/2025\/05\/8_Nacionales_22_1.p02-900x942.webp 900w, https:\/\/eldia.com.do\/wp-content\/uploads\/2025\/05\/8_Nacionales_22_1.p02-1200x1256.webp 1200w, https:\/\/eldia.com.do\/wp-content\/uploads\/2025\/05\/8_Nacionales_22_1.p02.webp 1264w\" data-ll-status=\"loaded\" \/><\/figure>\n<\/div>\nRoberto \u00c1ngel Salcedo llam\u00f3 a asumir el valor de hablarse bien y ser solidarios.\u00a0<\/blockquote>\n<p style=\"text-align: justify;\">El comunicador agreg\u00f3 que para sustentar su denuncia, se solicit\u00f3 una certificaci\u00f3n a la <strong>Contralor\u00eda General de la Rep\u00fablica<\/strong>, en la que se establece claramente que:<\/p>\n<blockquote class=\"wp-block-quote is-layout-flow wp-block-quote-is-layout-flow\">\n<p style=\"text-align: justify;\">\u201cLa cuenta pertenece a la Comisi\u00f3n Nacional de Espect\u00e1culos P\u00fablicos, y solo esa entidad est\u00e1 autorizada para su administraci\u00f3n\u201d.<\/p>\n<\/blockquote>\n\n\n<div class=\"wp-block-group\"><div class=\"wp-block-group__inner-container is-layout-constrained wp-block-group-is-layout-constrained\">\n<div id=\"DenunciayAPP\" class=\"wp-block-group\"><div class=\"wp-block-group__inner-container is-layout-constrained wp-block-group-is-layout-constrained\">\n<p><a href=\"https:\/\/whatsapp.com\/channel\/0029Va88WGP2ER6ZxD6TCa3U\" target=\"_blank\" rel=\"noopener\"><img loading=\"lazy\" decoding=\"async\" class=\"aligncenter size-full wp-image-155512\" src=\"https:\/\/infoelnuevonorte.com\/wp-content\/uploads\/2025\/10\/Canal-whatsapp-infoenn.jpeg\" alt=\"\" width=\"2046\" height=\"554\" srcset=\"https:\/\/infoelnuevonorte.com\/wp-content\/uploads\/2025\/10\/Canal-whatsapp-infoenn.jpeg 2046w, https:\/\/infoelnuevonorte.com\/wp-content\/uploads\/2025\/10\/Canal-whatsapp-infoenn-300x81.jpeg 300w, https:\/\/infoelnuevonorte.com\/wp-content\/uploads\/2025\/10\/Canal-whatsapp-infoenn-1024x277.jpeg 1024w, https:\/\/infoelnuevonorte.com\/wp-content\/uploads\/2025\/10\/Canal-whatsapp-infoenn-768x208.jpeg 768w, https:\/\/infoelnuevonorte.com\/wp-content\/uploads\/2025\/10\/Canal-whatsapp-infoenn-1536x416.jpeg 1536w, https:\/\/infoelnuevonorte.com\/wp-content\/uploads\/2025\/10\/Canal-whatsapp-infoenn-1551x420.jpeg 1551w, https:\/\/infoelnuevonorte.com\/wp-content\/uploads\/2025\/10\/Canal-whatsapp-infoenn-150x41.jpeg 150w, https:\/\/infoelnuevonorte.com\/wp-content\/uploads\/2025\/10\/Canal-whatsapp-infoenn-696x188.jpeg 696w, https:\/\/infoelnuevonorte.com\/wp-content\/uploads\/2025\/10\/Canal-whatsapp-infoenn-1068x289.jpeg 1068w, https:\/\/infoelnuevonorte.com\/wp-content\/uploads\/2025\/10\/Canal-whatsapp-infoenn-1920x520.jpeg 1920w\" sizes=\"(max-width: 2046px) 100vw, 2046px\" \/><\/a><\/p>\n<p>\ud83d\udd17 S\u00edguenos en nuestras redes:<br data-start=\"2686\" data-end=\"2689\" \/><a href=\"https:\/\/x.com\/Elnuevo_norte\">X<\/a> | <a class=\"\" href=\"https:\/\/t.me\/infoenn\" target=\"_new\" rel=\"noopener\" data-start=\"2757\" data-end=\"2789\">Telegram<\/a> | <a class=\"\" href=\"https:\/\/instagram.com\/noticiasenn1?r=nametag\" target=\"_new\" rel=\"noopener\" data-start=\"2792\" data-end=\"2849\">Instagram<\/a><br data-start=\"2849\" data-end=\"2852\" \/><a class=\"\" href=\"https:\/\/www.facebook.com\/infoenn\" target=\"_new\" rel=\"noopener\" data-start=\"2852\" data-end=\"2896\">Facebook<\/a> | <a class=\"\" href=\"https:\/\/www.threads.net\/@noticiasenn1\" target=\"_new\" rel=\"noopener\" data-start=\"2899\" data-end=\"2947\">Threads<\/a> | <a class=\"\" href=\"https:\/\/www.youtube.com\/channel\/UCZZJg_scU1p_c6cvyCHY48A\" target=\"_new\" rel=\"noopener\" data-start=\"2950\" data-end=\"3017\" data-is-last-node=\"\">YouTube<\/a><\/p>\n<p>\ud83d\ude4f \u00a1Tu apoyo es importante!<\/p>\n<p>\ud83d\udd3bDESCARGAR NUESTRA APP \"<span style=\"color: #0000ff;\"><strong>Info ENN<\/strong><\/span>\"<\/p>\n\n\n\n<div class=\"wp-block-buttons is-content-justification-left is-layout-flex wp-container-core-buttons-is-layout-1 wp-block-buttons-is-layout-flex\">\n<div class=\"wp-block-button is-style-3d\"><a class=\"wp-block-button__link has-white-background-color has-background wp-element-button\" href=\"https:\/\/apps.apple.com\/do\/app\/infoenn\/id6503000762\"><img loading=\"lazy\" decoding=\"async\" width=\"150\" height=\"50\" class=\"wp-image-104096\" style=\"width: 150px;\" src=\"https:\/\/infoelnuevonorte.com\/wp-content\/uploads\/2025\/05\/Download_on_the_App_Store_RGB_blk.svg_.png\" alt=\"\" srcset=\"https:\/\/infoelnuevonorte.com\/wp-content\/uploads\/2025\/05\/Download_on_the_App_Store_RGB_blk.svg_.png 1280w, https:\/\/infoelnuevonorte.com\/wp-content\/uploads\/2025\/05\/Download_on_the_App_Store_RGB_blk.svg_-300x100.png 300w, https:\/\/infoelnuevonorte.com\/wp-content\/uploads\/2025\/05\/Download_on_the_App_Store_RGB_blk.svg_-1024x342.png 1024w, https:\/\/infoelnuevonorte.com\/wp-content\/uploads\/2025\/05\/Download_on_the_App_Store_RGB_blk.svg_-768x257.png 768w, https:\/\/infoelnuevonorte.com\/wp-content\/uploads\/2025\/05\/Download_on_the_App_Store_RGB_blk.svg_-1256x420.png 1256w, https:\/\/infoelnuevonorte.com\/wp-content\/uploads\/2025\/05\/Download_on_the_App_Store_RGB_blk.svg_-150x50.png 150w, https:\/\/infoelnuevonorte.com\/wp-content\/uploads\/2025\/05\/Download_on_the_App_Store_RGB_blk.svg_-696x233.png 696w, https:\/\/infoelnuevonorte.com\/wp-content\/uploads\/2025\/05\/Download_on_the_App_Store_RGB_blk.svg_-1068x357.png 1068w, https:\/\/infoelnuevonorte.com\/wp-content\/uploads\/2025\/05\/Download_on_the_App_Store_RGB_blk.svg_-200x67.png 200w\" sizes=\"(max-width: 150px) 100vw, 150px\" \/><\/a><\/div>\n<\/div>\n\n\n\n<div class=\"wp-block-buttons is-layout-flex wp-block-buttons-is-layout-flex\">\n<div class=\"wp-block-button is-style-3d td_btn_large\"><a class=\"wp-block-button__link has-white-background-color has-background wp-element-button\" href=\"https:\/\/mega.nz\/file\/vRhVTJBD#6P0Os8p_y2oJgZIa__7dhjqdpW42XJ_cY3zmbyxVohM\" target=\"_blank\" rel=\"noreferrer noopener\"><mark style=\"background-color:rgba(0, 0, 0, 0)\" class=\"has-inline-color has-light-green-cyan-color\"><img loading=\"lazy\" decoding=\"async\" width=\"150\" height=\"49\" class=\"wp-image-104095\" style=\"width: 150px;\" src=\"https:\/\/infoelnuevonorte.com\/wp-content\/uploads\/2025\/05\/badge-google-play-and-app-store-button-download-free-png.webp\" alt=\"\" srcset=\"https:\/\/infoelnuevonorte.com\/wp-content\/uploads\/2025\/05\/badge-google-play-and-app-store-button-download-free-png.webp 1920w, https:\/\/infoelnuevonorte.com\/wp-content\/uploads\/2025\/05\/badge-google-play-and-app-store-button-download-free-png-300x98.webp 300w, https:\/\/infoelnuevonorte.com\/wp-content\/uploads\/2025\/05\/badge-google-play-and-app-store-button-download-free-png-1024x335.webp 1024w, https:\/\/infoelnuevonorte.com\/wp-content\/uploads\/2025\/05\/badge-google-play-and-app-store-button-download-free-png-768x252.webp 768w, https:\/\/infoelnuevonorte.com\/wp-content\/uploads\/2025\/05\/badge-google-play-and-app-store-button-download-free-png-1536x503.webp 1536w, https:\/\/infoelnuevonorte.com\/wp-content\/uploads\/2025\/05\/badge-google-play-and-app-store-button-download-free-png-1282x420.webp 1282w, https:\/\/infoelnuevonorte.com\/wp-content\/uploads\/2025\/05\/badge-google-play-and-app-store-button-download-free-png-150x49.webp 150w, https:\/\/infoelnuevonorte.com\/wp-content\/uploads\/2025\/05\/badge-google-play-and-app-store-button-download-free-png-696x228.webp 696w, https:\/\/infoelnuevonorte.com\/wp-content\/uploads\/2025\/05\/badge-google-play-and-app-store-button-download-free-png-1068x350.webp 1068w, https:\/\/infoelnuevonorte.com\/wp-content\/uploads\/2025\/05\/badge-google-play-and-app-store-button-download-free-png-200x66.webp 200w\" sizes=\"(max-width: 150px) 100vw, 150px\" \/><\/mark><\/a><\/div>\n<\/div>\n\n\n\n<p style=\"text-align: justify;\"><strong data-start=\"0\" data-end=\"18\" data-is-only-node=\"\"><a href=\"https:\/\/infoelnuevonorte.com\/\"><img loading=\"lazy\" decoding=\"async\" class=\" wp-image-159681 alignleft\" src=\"https:\/\/infoelnuevonorte.com\/wp-content\/uploads\/2025\/11\/Logo-3d-infoenn-con-fondo-blanco.jpg\" alt=\"\" width=\"240\" height=\"86\" srcset=\"https:\/\/infoelnuevonorte.com\/wp-content\/uploads\/2025\/11\/Logo-3d-infoenn-con-fondo-blanco.jpg 1696w, https:\/\/infoelnuevonorte.com\/wp-content\/uploads\/2025\/11\/Logo-3d-infoenn-con-fondo-blanco-300x108.jpg 300w, https:\/\/infoelnuevonorte.com\/wp-content\/uploads\/2025\/11\/Logo-3d-infoenn-con-fondo-blanco-1024x367.jpg 1024w, https:\/\/infoelnuevonorte.com\/wp-content\/uploads\/2025\/11\/Logo-3d-infoenn-con-fondo-blanco-768x275.jpg 768w, https:\/\/infoelnuevonorte.com\/wp-content\/uploads\/2025\/11\/Logo-3d-infoenn-con-fondo-blanco-1536x551.jpg 1536w, https:\/\/infoelnuevonorte.com\/wp-content\/uploads\/2025\/11\/Logo-3d-infoenn-con-fondo-blanco-1172x420.jpg 1172w, https:\/\/infoelnuevonorte.com\/wp-content\/uploads\/2025\/11\/Logo-3d-infoenn-con-fondo-blanco-150x54.jpg 150w, https:\/\/infoelnuevonorte.com\/wp-content\/uploads\/2025\/11\/Logo-3d-infoenn-con-fondo-blanco-696x250.jpg 696w, https:\/\/infoelnuevonorte.com\/wp-content\/uploads\/2025\/11\/Logo-3d-infoenn-con-fondo-blanco-1068x383.jpg 1068w\" sizes=\"(max-width: 240px) 100vw, 240px\" \/><\/a>El Nuevo Norte<\/strong> es un peri\u00f3dico digital dominicano fundado el <strong data-start=\"65\" data-end=\"90\">12 de febrero de 2006<\/strong> por el periodista <strong data-start=\"109\" data-end=\"129\">Junior Henr\u00edquez<\/strong>, quien funge como director y fundador. A trav\u00e9s de la web <strong data-start=\"188\" data-end=\"212\">infoelnuevonorte.com<\/strong>, el medio ofrece informaci\u00f3n veraz y oportuna sobre los acontecimientos sociales, pol\u00edticos, comunitarios y de actualidad general, tanto a nivel nacional como internacional, promoviendo un periodismo responsable, participativo y comprometido con la libre expresi\u00f3n y el fortalecimiento de la democracia informativa.<\/p>\n<\/div><\/div>\n<\/div><\/div>\n\n\n<p style=\"text-align: justify;\">Aybar insisti\u00f3 en que el conflicto con el ministro <strong>no tiene origen econ\u00f3mico, sino institucional<\/strong>.<\/p>\n<blockquote class=\"wp-block-quote is-layout-flow wp-block-quote-is-layout-flow\">\n<p>\u201cEsto no se trata de dinero, sino de abuso de poder. Usted se cree que est\u00e1 por encima de todo el mundo. Se trata de respeto institucional y de un patr\u00f3n de manipulaci\u00f3n del ministro, quien se cree por encima de las leyes y los procesos administrativos\", sentenci\u00f3.<\/p>\n<\/blockquote>\n<h3 class=\"wp-block-heading\" style=\"text-align: justify;\"><strong>Nombramiento manipulado del vicepresidente<\/strong><\/h3>\n<p style=\"text-align: justify;\">Otro de los motivos que provocaron su salida, seg\u00fan Aybar, fue el <strong>\"manejo abusivo\" del nombramiento del vicepresidente del pleno de la Comisi\u00f3n<\/strong>.<\/p>\n<p style=\"text-align: justify;\">Explic\u00f3 que tras proponer a una persona para ocupar esa posici\u00f3n, el ministro Salcedo le pidi\u00f3 un mes de espera para reubicar al entonces vicepresidente, argumentando presiones de figuras como el embajador <strong>Tony Raful<\/strong> y la ministra <strong>Faride Raful<\/strong>.<\/p>\n<p style=\"text-align: justify;\">Sin embargo, transcurrieron <strong>dos meses<\/strong>, y cuando finalmente se gestion\u00f3 el tr\u00e1mite ante el Ministerio de Administraci\u00f3n P\u00fablica (MAP), la persona recomendada no fue nombrada como vicepresidente,<strong> sino como analista legal<\/strong>.<\/p>\n<blockquote class=\"wp-block-quote is-layout-flow wp-block-quote-is-layout-flow\">\n<p>\u201cUn acto de irrespeto institucional y una burla personal\u201d, calific\u00f3 Aybar.<\/p>\n<\/blockquote>\n<h3 class=\"wp-block-heading\" style=\"text-align: justify;\"><strong>Cuestionamientos sobre su experiencia<\/strong><\/h3>\n<p style=\"text-align: justify;\">El periodista tambi\u00e9n respondi\u00f3 a declaraciones del ministro que pon\u00edan en duda su experiencia en la administraci\u00f3n p\u00fablica.<\/p>\n<blockquote class=\"wp-block-quote is-layout-flow wp-block-quote-is-layout-flow\">\n<p>\u201cHe trabajado durante 32 a\u00f1os en los medios y en el gobierno, con honestidad, seriedad y compromiso. Comenc\u00e9 como mensajero interno en la antigua Secretar\u00eda de Finanzas y llegu\u00e9 a ser encargado del Registro Nacional de Contribuyentes. Nadie me ha regalado nada\u201d, dijo con firmeza.<\/p>\n<\/blockquote>\n<h3 class=\"wp-block-heading\" style=\"text-align: justify;\"><strong>Advertencia<\/strong><\/h3>\n<blockquote class=\"wp-block-quote is-layout-flow wp-block-quote-is-layout-flow\">\n<p>Aybar agreg\u00f3 que el ministro de Cultura est\u00e1 agotando una agenda en los medios de comunicaci\u00f3n con el objetivo de difamarlo, y no para promocionar la Feria del Libro, como ha querido hacer creer.<\/p>\n<\/blockquote>\n<p style=\"text-align: justify;\">Por lo que, advirti\u00f3 que si el ministro contin\u00faa con lo que calific\u00f3 como una <strong>\"campa\u00f1a de difamaci\u00f3n\"<\/strong>, se ver\u00e1 en la obligaci\u00f3n de revelar informaci\u00f3n sensible.<\/p>\n<p style=\"text-align: justify;\">\u201cSi insiste en continuar con su campa\u00f1a de mentiras, me ver\u00e9 en la obligaci\u00f3n de hablar, no solo del Ministerio de Cultura, sino tambi\u00e9n de otros temas sensibles que conozco a profundidad gracias a mis a\u00f1os de experiencia. Informaci\u00f3n que, hasta ahora, he manejado con discreci\u00f3n\u201d, advirti\u00f3.<\/p>","protected":false},"excerpt":{"rendered":"<p>Santo Domingo.- El expresidente de la Comisi\u00f3n Nacional de Espect\u00e1culos P\u00fablicos, Jos\u00e9 Antonio Aybar, asegur\u00f3 que su renuncia al cargo no obedeci\u00f3 a temas salariales, como ha insinuado el ministro de Cultura, Roberto \u00c1ngel Salcedo, sino al supuesto abuso de poder ejercido por el funcionario. Aybar afirm\u00f3 que el ministro retuvo de forma arbitraria la [&hellip;]<\/p>\n","protected":false},"author":1,"featured_media":0,"comment_status":"closed","ping_status":"open","sticky":false,"template":"","format":"standard","meta":{"footnotes":""},"categories":[8],"tags":[],"yoast_head":"<!-- This site is optimized with the Yoast SEO plugin v24.5 - https:\/\/yoast.com\/wordpress\/plugins\/seo\/ -->\n<title>Jos\u00e9 Antonio Aybar a Roberto Salcedo: \u201cEsto no se trata de dinero, sino de abuso de poder\u201d | El Nuevo Norte<\/title>\n<meta name=\"robots\" content=\"index, follow, max-snippet:-1, max-image-preview:large, max-video-preview:-1\" \/>\n<link rel=\"canonical\" href=\"https:\/\/infoelnuevonorte.com\/?p=143919\" \/>\n<meta property=\"og:locale\" content=\"es_ES\" \/>\n<meta property=\"og:type\" content=\"article\" \/>\n<meta property=\"og:title\" content=\"Jos\u00e9 Antonio Aybar a Roberto Salcedo: \u201cEsto no se trata de dinero, sino de abuso de poder\u201d | El Nuevo Norte\" \/>\n<meta property=\"og:description\" content=\"Santo Domingo.- El expresidente de la Comisi\u00f3n Nacional de Espect\u00e1culos P\u00fablicos, Jos\u00e9 Antonio Aybar, asegur\u00f3 que su renuncia al cargo no obedeci\u00f3 a temas salariales, como ha insinuado el ministro de Cultura, Roberto \u00c1ngel Salcedo, sino al supuesto abuso de poder ejercido por el funcionario. Aybar afirm\u00f3 que el ministro retuvo de forma arbitraria la [&hellip;]\" \/>\n<meta property=\"og:url\" content=\"https:\/\/infoelnuevonorte.com\/?p=143919\" \/>\n<meta property=\"og:site_name\" content=\"El Nuevo Norte\" \/>\n<meta property=\"article:publisher\" content=\"https:\/\/www.facebook.com\/infoenn\" \/>\n<meta property=\"article:published_time\" content=\"2025-09-18T10:43:35+00:00\" \/>\n<meta property=\"article:modified_time\" content=\"2025-09-18T10:43:38+00:00\" \/>\n<meta property=\"og:image\" content=\"https:\/\/infoelnuevonorte.com\/wp-content\/uploads\/2025\/09\/jose-aybar.webp\" \/>\n\t<meta property=\"og:image:width\" content=\"626\" \/>\n\t<meta property=\"og:image:height\" content=\"626\" \/>\n\t<meta property=\"og:image:type\" content=\"image\/webp\" \/>\n<meta name=\"author\" content=\"InfoEnn\" \/>\n<meta name=\"twitter:card\" content=\"summary_large_image\" \/>\n<meta name=\"twitter:creator\" content=\"@Elnuevo_norte\" \/>\n<meta name=\"twitter:site\" content=\"@Elnuevo_norte\" \/>\n<meta name=\"twitter:label1\" content=\"Written by\" \/>\n\t<meta name=\"twitter:data1\" content=\"InfoEnn\" \/>\n\t<meta name=\"twitter:label2\" content=\"Est. reading time\" \/>\n\t<meta name=\"twitter:data2\" content=\"3 minutos\" \/>\n<script type=\"application\/ld+json\" class=\"yoast-schema-graph\">{\"@context\":\"https:\/\/schema.org\",\"@graph\":[{\"@type\":\"Article\",\"@id\":\"https:\/\/infoelnuevonorte.com\/?p=143919#article\",\"isPartOf\":{\"@id\":\"https:\/\/infoelnuevonorte.com\/?p=143919\"},\"author\":{\"name\":\"InfoEnn\",\"@id\":\"https:\/\/infoelnuevonorte.com\/#\/schema\/person\/fd4f6d90afe41260818b4ea94ad8ab84\"},\"headline\":\"Jos\u00e9 Antonio Aybar a Roberto Salcedo: \u201cEsto no se trata de dinero, sino de abuso de poder\u201d\",\"datePublished\":\"2025-09-18T10:43:35+00:00\",\"dateModified\":\"2025-09-18T10:43:38+00:00\",\"mainEntityOfPage\":{\"@id\":\"https:\/\/infoelnuevonorte.com\/?p=143919\"},\"wordCount\":598,\"publisher\":{\"@id\":\"https:\/\/infoelnuevonorte.com\/#organization\"},\"image\":{\"@id\":\"https:\/\/infoelnuevonorte.com\/?p=143919#primaryimage\"},\"thumbnailUrl\":\"https:\/\/eldia.com.do\/wp-content\/uploads\/2025\/05\/8_Nacionales_22_1.p02-978x1024.webp\",\"articleSection\":[\"Nacionales\"],\"inLanguage\":\"es-DO\"},{\"@type\":\"WebPage\",\"@id\":\"https:\/\/infoelnuevonorte.com\/?p=143919\",\"url\":\"https:\/\/infoelnuevonorte.com\/?p=143919\",\"name\":\"Jos\u00e9 Antonio Aybar a Roberto Salcedo: \u201cEsto no se trata de dinero, sino de abuso de poder\u201d | El Nuevo Norte\",\"isPartOf\":{\"@id\":\"https:\/\/infoelnuevonorte.com\/#website\"},\"primaryImageOfPage\":{\"@id\":\"https:\/\/infoelnuevonorte.com\/?p=143919#primaryimage\"},\"image\":{\"@id\":\"https:\/\/infoelnuevonorte.com\/?p=143919#primaryimage\"},\"thumbnailUrl\":\"https:\/\/eldia.com.do\/wp-content\/uploads\/2025\/05\/8_Nacionales_22_1.p02-978x1024.webp\",\"datePublished\":\"2025-09-18T10:43:35+00:00\",\"dateModified\":\"2025-09-18T10:43:38+00:00\",\"breadcrumb\":{\"@id\":\"https:\/\/infoelnuevonorte.com\/?p=143919#breadcrumb\"},\"inLanguage\":\"es-DO\",\"potentialAction\":[{\"@type\":\"ReadAction\",\"target\":[\"https:\/\/infoelnuevonorte.com\/?p=143919\"]}]},{\"@type\":\"ImageObject\",\"inLanguage\":\"es-DO\",\"@id\":\"https:\/\/infoelnuevonorte.com\/?p=143919#primaryimage\",\"url\":\"https:\/\/eldia.com.do\/wp-content\/uploads\/2025\/05\/8_Nacionales_22_1.p02-978x1024.webp\",\"contentUrl\":\"https:\/\/eldia.com.do\/wp-content\/uploads\/2025\/05\/8_Nacionales_22_1.p02-978x1024.webp\"},{\"@type\":\"BreadcrumbList\",\"@id\":\"https:\/\/infoelnuevonorte.com\/?p=143919#breadcrumb\",\"itemListElement\":[{\"@type\":\"ListItem\",\"position\":1,\"name\":\"Home\",\"item\":\"https:\/\/infoelnuevonorte.com\/\"},{\"@type\":\"ListItem\",\"position\":2,\"name\":\"Jos\u00e9 Antonio Aybar a Roberto Salcedo: \u201cEsto no se trata de dinero, sino de abuso de poder\u201d\"}]},{\"@type\":\"WebSite\",\"@id\":\"https:\/\/infoelnuevonorte.com\/#website\",\"url\":\"https:\/\/infoelnuevonorte.com\/\",\"name\":\"InfoEnn\",\"description\":\"Tu Voz, tu Verdad, tu Diario!!!\",\"publisher\":{\"@id\":\"https:\/\/infoelnuevonorte.com\/#organization\"},\"alternateName\":\"El Nuevo Norte\",\"potentialAction\":[{\"@type\":\"SearchAction\",\"target\":{\"@type\":\"EntryPoint\",\"urlTemplate\":\"https:\/\/infoelnuevonorte.com\/?s={search_term_string}\"},\"query-input\":{\"@type\":\"PropertyValueSpecification\",\"valueRequired\":true,\"valueName\":\"search_term_string\"}}],\"inLanguage\":\"es-DO\"},{\"@type\":\"Organization\",\"@id\":\"https:\/\/infoelnuevonorte.com\/#organization\",\"name\":\"Info El Nuevo Norte\",\"alternateName\":\"El Nuevo Norte\",\"url\":\"https:\/\/infoelnuevonorte.com\/\",\"logo\":{\"@type\":\"ImageObject\",\"inLanguage\":\"es-DO\",\"@id\":\"https:\/\/infoelnuevonorte.com\/#\/schema\/logo\/image\/\",\"url\":\"https:\/\/infoelnuevonorte.com\/wp-content\/uploads\/2026\/02\/Logo-Info-enn-3d-20ani.jpeg\",\"contentUrl\":\"https:\/\/infoelnuevonorte.com\/wp-content\/uploads\/2026\/02\/Logo-Info-enn-3d-20ani.jpeg\",\"width\":2046,\"height\":736,\"caption\":\"Info El Nuevo Norte\"},\"image\":{\"@id\":\"https:\/\/infoelnuevonorte.com\/#\/schema\/logo\/image\/\"},\"sameAs\":[\"https:\/\/www.facebook.com\/infoenn\",\"https:\/\/x.com\/Elnuevo_norte\",\"https:\/\/www.instagram.com\/infoenn\",\"https:\/\/www.facebook.com\/ENNRD\"]},{\"@type\":\"Person\",\"@id\":\"https:\/\/infoelnuevonorte.com\/#\/schema\/person\/fd4f6d90afe41260818b4ea94ad8ab84\",\"name\":\"InfoEnn\",\"image\":{\"@type\":\"ImageObject\",\"inLanguage\":\"es-DO\",\"@id\":\"https:\/\/infoelnuevonorte.com\/#\/schema\/person\/image\/\",\"url\":\"https:\/\/secure.gravatar.com\/avatar\/d4d760a41a48ba9db0a82bfb63bb0783?s=96&d=robohash&r=g\",\"contentUrl\":\"https:\/\/secure.gravatar.com\/avatar\/d4d760a41a48ba9db0a82bfb63bb0783?s=96&d=robohash&r=g\",\"caption\":\"InfoEnn\"},\"sameAs\":[\"https:\/\/infoelnuevonorte.com\"],\"url\":\"https:\/\/infoelnuevonorte.com\/?author=1\"}]}<\/script>\n<!-- \/ Yoast SEO plugin. -->","yoast_head_json":{"title":"Jos\u00e9 Antonio Aybar a Roberto Salcedo: \u201cEsto no se trata de dinero, sino de abuso de poder\u201d | El Nuevo Norte","robots":{"index":"index","follow":"follow","max-snippet":"max-snippet:-1","max-image-preview":"max-image-preview:large","max-video-preview":"max-video-preview:-1"},"canonical":"https:\/\/infoelnuevonorte.com\/?p=143919","og_locale":"es_ES","og_type":"article","og_title":"Jos\u00e9 Antonio Aybar a Roberto Salcedo: \u201cEsto no se trata de dinero, sino de abuso de poder\u201d | El Nuevo Norte","og_description":"Santo Domingo.- El expresidente de la Comisi\u00f3n Nacional de Espect\u00e1culos P\u00fablicos, Jos\u00e9 Antonio Aybar, asegur\u00f3 que su renuncia al cargo no obedeci\u00f3 a temas salariales, como ha insinuado el ministro de Cultura, Roberto \u00c1ngel Salcedo, sino al supuesto abuso de poder ejercido por el funcionario. Aybar afirm\u00f3 que el ministro retuvo de forma arbitraria la [&hellip;]","og_url":"https:\/\/infoelnuevonorte.com\/?p=143919","og_site_name":"El Nuevo Norte","article_publisher":"https:\/\/www.facebook.com\/infoenn","article_published_time":"2025-09-18T10:43:35+00:00","article_modified_time":"2025-09-18T10:43:38+00:00","og_image":[{"width":626,"height":626,"url":"https:\/\/infoelnuevonorte.com\/wp-content\/uploads\/2025\/09\/jose-aybar.webp","type":"image\/webp"}],"author":"InfoEnn","twitter_card":"summary_large_image","twitter_creator":"@Elnuevo_norte","twitter_site":"@Elnuevo_norte","twitter_misc":{"Written by":"InfoEnn","Est. reading time":"3 minutos"},"schema":{"@context":"https:\/\/schema.org","@graph":[{"@type":"Article","@id":"https:\/\/infoelnuevonorte.com\/?p=143919#article","isPartOf":{"@id":"https:\/\/infoelnuevonorte.com\/?p=143919"},"author":{"name":"InfoEnn","@id":"https:\/\/infoelnuevonorte.com\/#\/schema\/person\/fd4f6d90afe41260818b4ea94ad8ab84"},"headline":"Jos\u00e9 Antonio Aybar a Roberto Salcedo: \u201cEsto no se trata de dinero, sino de abuso de poder\u201d","datePublished":"2025-09-18T10:43:35+00:00","dateModified":"2025-09-18T10:43:38+00:00","mainEntityOfPage":{"@id":"https:\/\/infoelnuevonorte.com\/?p=143919"},"wordCount":598,"publisher":{"@id":"https:\/\/infoelnuevonorte.com\/#organization"},"image":{"@id":"https:\/\/infoelnuevonorte.com\/?p=143919#primaryimage"},"thumbnailUrl":"https:\/\/eldia.com.do\/wp-content\/uploads\/2025\/05\/8_Nacionales_22_1.p02-978x1024.webp","articleSection":["Nacionales"],"inLanguage":"es-DO"},{"@type":"WebPage","@id":"https:\/\/infoelnuevonorte.com\/?p=143919","url":"https:\/\/infoelnuevonorte.com\/?p=143919","name":"Jos\u00e9 Antonio Aybar a Roberto Salcedo: \u201cEsto no se trata de dinero, sino de abuso de poder\u201d | El Nuevo Norte","isPartOf":{"@id":"https:\/\/infoelnuevonorte.com\/#website"},"primaryImageOfPage":{"@id":"https:\/\/infoelnuevonorte.com\/?p=143919#primaryimage"},"image":{"@id":"https:\/\/infoelnuevonorte.com\/?p=143919#primaryimage"},"thumbnailUrl":"https:\/\/eldia.com.do\/wp-content\/uploads\/2025\/05\/8_Nacionales_22_1.p02-978x1024.webp","datePublished":"2025-09-18T10:43:35+00:00","dateModified":"2025-09-18T10:43:38+00:00","breadcrumb":{"@id":"https:\/\/infoelnuevonorte.com\/?p=143919#breadcrumb"},"inLanguage":"es-DO","potentialAction":[{"@type":"ReadAction","target":["https:\/\/infoelnuevonorte.com\/?p=143919"]}]},{"@type":"ImageObject","inLanguage":"es-DO","@id":"https:\/\/infoelnuevonorte.com\/?p=143919#primaryimage","url":"https:\/\/eldia.com.do\/wp-content\/uploads\/2025\/05\/8_Nacionales_22_1.p02-978x1024.webp","contentUrl":"https:\/\/eldia.com.do\/wp-content\/uploads\/2025\/05\/8_Nacionales_22_1.p02-978x1024.webp"},{"@type":"BreadcrumbList","@id":"https:\/\/infoelnuevonorte.com\/?p=143919#breadcrumb","itemListElement":[{"@type":"ListItem","position":1,"name":"Home","item":"https:\/\/infoelnuevonorte.com\/"},{"@type":"ListItem","position":2,"name":"Jos\u00e9 Antonio Aybar a Roberto Salcedo: \u201cEsto no se trata de dinero, sino de abuso de poder\u201d"}]},{"@type":"WebSite","@id":"https:\/\/infoelnuevonorte.com\/#website","url":"https:\/\/infoelnuevonorte.com\/","name":"InfoEnn","description":"Tu Voz, tu Verdad, tu Diario!!!","publisher":{"@id":"https:\/\/infoelnuevonorte.com\/#organization"},"alternateName":"El Nuevo Norte","potentialAction":[{"@type":"SearchAction","target":{"@type":"EntryPoint","urlTemplate":"https:\/\/infoelnuevonorte.com\/?s={search_term_string}"},"query-input":{"@type":"PropertyValueSpecification","valueRequired":true,"valueName":"search_term_string"}}],"inLanguage":"es-DO"},{"@type":"Organization","@id":"https:\/\/infoelnuevonorte.com\/#organization","name":"Info El Nuevo Norte","alternateName":"El Nuevo Norte","url":"https:\/\/infoelnuevonorte.com\/","logo":{"@type":"ImageObject","inLanguage":"es-DO","@id":"https:\/\/infoelnuevonorte.com\/#\/schema\/logo\/image\/","url":"https:\/\/infoelnuevonorte.com\/wp-content\/uploads\/2026\/02\/Logo-Info-enn-3d-20ani.jpeg","contentUrl":"https:\/\/infoelnuevonorte.com\/wp-content\/uploads\/2026\/02\/Logo-Info-enn-3d-20ani.jpeg","width":2046,"height":736,"caption":"Info El Nuevo Norte"},"image":{"@id":"https:\/\/infoelnuevonorte.com\/#\/schema\/logo\/image\/"},"sameAs":["https:\/\/www.facebook.com\/infoenn","https:\/\/x.com\/Elnuevo_norte","https:\/\/www.instagram.com\/infoenn","https:\/\/www.facebook.com\/ENNRD"]},{"@type":"Person","@id":"https:\/\/infoelnuevonorte.com\/#\/schema\/person\/fd4f6d90afe41260818b4ea94ad8ab84","name":"InfoEnn","image":{"@type":"ImageObject","inLanguage":"es-DO","@id":"https:\/\/infoelnuevonorte.com\/#\/schema\/person\/image\/","url":"https:\/\/secure.gravatar.com\/avatar\/d4d760a41a48ba9db0a82bfb63bb0783?s=96&d=robohash&r=g","contentUrl":"https:\/\/secure.gravatar.com\/avatar\/d4d760a41a48ba9db0a82bfb63bb0783?s=96&d=robohash&r=g","caption":"InfoEnn"},"sameAs":["https:\/\/infoelnuevonorte.com"],"url":"https:\/\/infoelnuevonorte.com\/?author=1"}]}},"_links":{"self":[{"href":"https:\/\/infoelnuevonorte.com\/index.php?rest_route=\/wp\/v2\/posts\/143919"}],"collection":[{"href":"https:\/\/infoelnuevonorte.com\/index.php?rest_route=\/wp\/v2\/posts"}],"about":[{"href":"https:\/\/infoelnuevonorte.com\/index.php?rest_route=\/wp\/v2\/types\/post"}],"author":[{"embeddable":true,"href":"https:\/\/infoelnuevonorte.com\/index.php?rest_route=\/wp\/v2\/users\/1"}],"replies":[{"embeddable":true,"href":"https:\/\/infoelnuevonorte.com\/index.php?rest_route=%2Fwp%2Fv2%2Fcomments&post=143919"}],"version-history":[{"count":1,"href":"https:\/\/infoelnuevonorte.com\/index.php?rest_route=\/wp\/v2\/posts\/143919\/revisions"}],"predecessor-version":[{"id":143922,"href":"https:\/\/infoelnuevonorte.com\/index.php?rest_route=\/wp\/v2\/posts\/143919\/revisions\/143922"}],"wp:attachment":[{"href":"https:\/\/infoelnuevonorte.com\/index.php?rest_route=%2Fwp%2Fv2%2Fmedia&parent=143919"}],"wp:term":[{"taxonomy":"category","embeddable":true,"href":"https:\/\/infoelnuevonorte.com\/index.php?rest_route=%2Fwp%2Fv2%2Fcategories&post=143919"},{"taxonomy":"post_tag","embeddable":true,"href":"https:\/\/infoelnuevonorte.com\/index.php?rest_route=%2Fwp%2Fv2%2Ftags&post=143919"}],"curies":[{"name":"wp","href":"https:\/\/api.w.org\/{rel}","templated":true}]}}