{"id":14643,"date":"2024-03-14T15:39:41","date_gmt":"2024-03-14T19:39:41","guid":{"rendered":"https:\/\/infoelnuevonorte.com\/?p=14643"},"modified":"2024-03-14T15:43:25","modified_gmt":"2024-03-14T19:43:25","slug":"arrestan-hombre-acusado-encender-fuegos-artificiales-en-carnaval-de-salcedo","status":"publish","type":"post","link":"https:\/\/infoelnuevonorte.com\/?p=14643","title":{"rendered":"Arrestan hombre acusado encender fuegos artificiales en carnaval de Salcedo"},"content":{"rendered":"<!--[if lt IE 9]><script>document.createElement('audio');<\/script><![endif]-->\n<audio class=\"wp-audio-shortcode\" id=\"audio-14643-1\" preload=\"none\" style=\"width: 100%;\" controls=\"controls\"><source type=\"audio\/mpeg\" src=\"https:\/\/infoelnuevonorte.com\/wp-content\/uploads\/2024\/03\/ttsmaker-file-2024-3-14-15-39-16.mp3?_=1\" \/><a href=\"https:\/\/infoelnuevonorte.com\/wp-content\/uploads\/2024\/03\/ttsmaker-file-2024-3-14-15-39-16.mp3\">https:\/\/infoelnuevonorte.com\/wp-content\/uploads\/2024\/03\/ttsmaker-file-2024-3-14-15-39-16.mp3<\/a><\/audio>\n<p style=\"text-align: justify;\"><strong>SANTO DOMINGO, RD-<\/strong> Fue arrestado un hombre que es se\u00f1alado como responsable de encender, en medio de la multitud, los fuegos artificiales que provocaron quemaduras alrededor de dieciocho personas, incluidos once menores de edad, durante la celebraci\u00f3n del <strong>carnaval de Salcedo.<\/strong><\/p>\n<p style=\"text-align: justify;\"><strong>El hombre fue identificado como Elvis Miguel Santos de Jes\u00fas, miembro del grupo de carnaval Los Toros, quien participaba como parte de la log\u00edstica de la agrupaci\u00f3n al momento de utilizar los art\u00edculos pirot\u00e9cnicos.<\/strong><\/p>\n<p style=\"text-align: justify;\">Su arresto se ejecut\u00f3 en la sede de la <strong>Fiscal\u00eda de Hermanas Mirabal.<\/strong><\/p>\n<p style=\"text-align: justify;\">El hecho se registr\u00f3 el pasado 10 de marzo, mientras el grupo de carnaval Los Toros se preparaba para su espect\u00e1culo de salida de la Cueva de Macarao, de la referida ciudad, Elvis Miguel Santos de Jes\u00fas, encendi\u00f3 de manera imprudente y sin las precauciones de rigor, los fuegos artificiales, frente a la tarima, la cual hizo contacto con los trajes de papel de Los Toros y Toritos, dejando como resultado aproximadamente 18 personas con quemaduras en diferentes partes de su cuerpo.<\/p>\n<p style=\"text-align: justify;\">El <strong>Ministerio P\u00fablico<\/strong> de la provincia Hermanas Mirabal presentar\u00e1 en las pr\u00f3ximas horas medidas de coerci\u00f3n contra Santos de Jes\u00fas por los hechos que se les imputan en perjuicio de las v\u00edctimas.<\/p>\n<p style=\"text-align: justify;\">Las <strong>v\u00edctimas<\/strong> se encuentran recibiendo atenciones m\u00e9dicas, entre ellos 7 ni\u00f1os en edades de 5 a 13 a\u00f1os, en la Unidad de quemados del Hospital Regional Infantil Arturo Grull\u00f3n, de Santiago; 4 adolescentes en edades de 15 a 18 a\u00f1os, en el Hospital Pedi\u00e1trico Robert Reid Cabral; un adulto de 52 a\u00f1os de edad, en el Hospital Traumatol\u00f3gico Ney Arias Lora, de Santo Domingo, todos en estado de pron\u00f3stico reservado, mientras que otros afectados se encuentran estables recibiendo atenciones m\u00e9dicas en centros de salud de la provincia Hermanas Mirabal.<\/p>\n<p style=\"text-align: justify;\">Las v\u00edctimas recibieron quemaduras de segundo y tercer grado, tras verse expuesto al fuego que se dispers\u00f3 por los trajes de los macaraos agrupados en el grupo de carnaval Los Toros, congregados en la Uni\u00f3n Carnavalesca de la Salcedo (Ucasal).<\/p>\n","protected":false},"excerpt":{"rendered":"<p>SANTO DOMINGO, RD- Fue arrestado un hombre que es se\u00f1alado como responsable de encender, en medio de la multitud, los fuegos artificiales que provocaron quemaduras alrededor de dieciocho personas, incluidos once menores de edad, durante la celebraci\u00f3n del carnaval de Salcedo. El hombre fue identificado como Elvis Miguel Santos de Jes\u00fas, miembro del grupo de [&hellip;]<\/p>\n","protected":false},"author":1,"featured_media":0,"comment_status":"closed","ping_status":"open","sticky":false,"template":"","format":"standard","meta":{"footnotes":""},"categories":[2,5],"tags":[],"yoast_head":"<!-- This site is optimized with the Yoast SEO plugin v24.5 - https:\/\/yoast.com\/wordpress\/plugins\/seo\/ -->\n<title>Arrestan hombre acusado encender fuegos artificiales en carnaval de Salcedo | El Nuevo Norte<\/title>\n<meta name=\"robots\" content=\"index, follow, max-snippet:-1, max-image-preview:large, max-video-preview:-1\" \/>\n<link rel=\"canonical\" href=\"https:\/\/infoelnuevonorte.com\/?p=14643\" \/>\n<meta property=\"og:locale\" content=\"es_ES\" \/>\n<meta property=\"og:type\" content=\"article\" \/>\n<meta property=\"og:title\" content=\"Arrestan hombre acusado encender fuegos artificiales en carnaval de Salcedo | El Nuevo Norte\" \/>\n<meta property=\"og:description\" content=\"SANTO DOMINGO, RD- Fue arrestado un hombre que es se\u00f1alado como responsable de encender, en medio de la multitud, los fuegos artificiales que provocaron quemaduras alrededor de dieciocho personas, incluidos once menores de edad, durante la celebraci\u00f3n del carnaval de Salcedo. El hombre fue identificado como Elvis Miguel Santos de Jes\u00fas, miembro del grupo de [&hellip;]\" \/>\n<meta property=\"og:url\" content=\"https:\/\/infoelnuevonorte.com\/?p=14643\" \/>\n<meta property=\"og:site_name\" content=\"El Nuevo Norte\" \/>\n<meta property=\"article:publisher\" content=\"https:\/\/www.facebook.com\/infoenn\" \/>\n<meta property=\"article:published_time\" content=\"2024-03-14T19:39:41+00:00\" \/>\n<meta property=\"article:modified_time\" content=\"2024-03-14T19:43:25+00:00\" \/>\n<meta property=\"og:image\" content=\"https:\/\/infoelnuevonorte.com\/wp-content\/uploads\/2024\/03\/fuego-artificiales.png\" \/>\n\t<meta property=\"og:image:width\" content=\"750\" \/>\n\t<meta property=\"og:image:height\" content=\"375\" \/>\n\t<meta property=\"og:image:type\" content=\"image\/png\" \/>\n<meta name=\"author\" content=\"InfoEnn\" \/>\n<meta name=\"twitter:card\" content=\"summary_large_image\" \/>\n<meta name=\"twitter:creator\" content=\"@Elnuevo_norte\" \/>\n<meta name=\"twitter:site\" content=\"@Elnuevo_norte\" \/>\n<meta name=\"twitter:label1\" content=\"Written by\" \/>\n\t<meta name=\"twitter:data1\" content=\"InfoEnn\" \/>\n\t<meta name=\"twitter:label2\" content=\"Est. reading time\" \/>\n\t<meta name=\"twitter:data2\" content=\"2 minutos\" \/>\n<script type=\"application\/ld+json\" class=\"yoast-schema-graph\">{\"@context\":\"https:\/\/schema.org\",\"@graph\":[{\"@type\":\"Article\",\"@id\":\"https:\/\/infoelnuevonorte.com\/?p=14643#article\",\"isPartOf\":{\"@id\":\"https:\/\/infoelnuevonorte.com\/?p=14643\"},\"author\":{\"name\":\"InfoEnn\",\"@id\":\"https:\/\/infoelnuevonorte.com\/#\/schema\/person\/fd4f6d90afe41260818b4ea94ad8ab84\"},\"headline\":\"Arrestan hombre acusado encender fuegos artificiales en carnaval de Salcedo\",\"datePublished\":\"2024-03-14T19:39:41+00:00\",\"dateModified\":\"2024-03-14T19:43:25+00:00\",\"mainEntityOfPage\":{\"@id\":\"https:\/\/infoelnuevonorte.com\/?p=14643\"},\"wordCount\":375,\"publisher\":{\"@id\":\"https:\/\/infoelnuevonorte.com\/#organization\"},\"articleSection\":[\"Actualidad |\",\"Del Norte\"],\"inLanguage\":\"es-DO\"},{\"@type\":\"WebPage\",\"@id\":\"https:\/\/infoelnuevonorte.com\/?p=14643\",\"url\":\"https:\/\/infoelnuevonorte.com\/?p=14643\",\"name\":\"Arrestan hombre acusado encender fuegos artificiales en carnaval de Salcedo | El Nuevo Norte\",\"isPartOf\":{\"@id\":\"https:\/\/infoelnuevonorte.com\/#website\"},\"datePublished\":\"2024-03-14T19:39:41+00:00\",\"dateModified\":\"2024-03-14T19:43:25+00:00\",\"breadcrumb\":{\"@id\":\"https:\/\/infoelnuevonorte.com\/?p=14643#breadcrumb\"},\"inLanguage\":\"es-DO\",\"potentialAction\":[{\"@type\":\"ReadAction\",\"target\":[\"https:\/\/infoelnuevonorte.com\/?p=14643\"]}]},{\"@type\":\"BreadcrumbList\",\"@id\":\"https:\/\/infoelnuevonorte.com\/?p=14643#breadcrumb\",\"itemListElement\":[{\"@type\":\"ListItem\",\"position\":1,\"name\":\"Home\",\"item\":\"https:\/\/infoelnuevonorte.com\/\"},{\"@type\":\"ListItem\",\"position\":2,\"name\":\"Arrestan hombre acusado encender fuegos artificiales en carnaval de Salcedo\"}]},{\"@type\":\"WebSite\",\"@id\":\"https:\/\/infoelnuevonorte.com\/#website\",\"url\":\"https:\/\/infoelnuevonorte.com\/\",\"name\":\"InfoEnn\",\"description\":\"Tu Voz, tu Verdad, tu Diario!!!\",\"publisher\":{\"@id\":\"https:\/\/infoelnuevonorte.com\/#organization\"},\"alternateName\":\"El Nuevo Norte\",\"potentialAction\":[{\"@type\":\"SearchAction\",\"target\":{\"@type\":\"EntryPoint\",\"urlTemplate\":\"https:\/\/infoelnuevonorte.com\/?s={search_term_string}\"},\"query-input\":{\"@type\":\"PropertyValueSpecification\",\"valueRequired\":true,\"valueName\":\"search_term_string\"}}],\"inLanguage\":\"es-DO\"},{\"@type\":\"Organization\",\"@id\":\"https:\/\/infoelnuevonorte.com\/#organization\",\"name\":\"Info El Nuevo Norte\",\"alternateName\":\"El Nuevo Norte\",\"url\":\"https:\/\/infoelnuevonorte.com\/\",\"logo\":{\"@type\":\"ImageObject\",\"inLanguage\":\"es-DO\",\"@id\":\"https:\/\/infoelnuevonorte.com\/#\/schema\/logo\/image\/\",\"url\":\"https:\/\/infoelnuevonorte.com\/wp-content\/uploads\/2026\/02\/Logo-Info-enn-3d-20ani.jpeg\",\"contentUrl\":\"https:\/\/infoelnuevonorte.com\/wp-content\/uploads\/2026\/02\/Logo-Info-enn-3d-20ani.jpeg\",\"width\":2046,\"height\":736,\"caption\":\"Info El Nuevo Norte\"},\"image\":{\"@id\":\"https:\/\/infoelnuevonorte.com\/#\/schema\/logo\/image\/\"},\"sameAs\":[\"https:\/\/www.facebook.com\/infoenn\",\"https:\/\/x.com\/Elnuevo_norte\",\"https:\/\/www.instagram.com\/infoenn\",\"https:\/\/www.facebook.com\/ENNRD\"]},{\"@type\":\"Person\",\"@id\":\"https:\/\/infoelnuevonorte.com\/#\/schema\/person\/fd4f6d90afe41260818b4ea94ad8ab84\",\"name\":\"InfoEnn\",\"image\":{\"@type\":\"ImageObject\",\"inLanguage\":\"es-DO\",\"@id\":\"https:\/\/infoelnuevonorte.com\/#\/schema\/person\/image\/\",\"url\":\"https:\/\/secure.gravatar.com\/avatar\/d4d760a41a48ba9db0a82bfb63bb0783?s=96&d=robohash&r=g\",\"contentUrl\":\"https:\/\/secure.gravatar.com\/avatar\/d4d760a41a48ba9db0a82bfb63bb0783?s=96&d=robohash&r=g\",\"caption\":\"InfoEnn\"},\"sameAs\":[\"https:\/\/infoelnuevonorte.com\"],\"url\":\"https:\/\/infoelnuevonorte.com\/?author=1\"}]}<\/script>\n<!-- \/ Yoast SEO plugin. -->","yoast_head_json":{"title":"Arrestan hombre acusado encender fuegos artificiales en carnaval de Salcedo | El Nuevo Norte","robots":{"index":"index","follow":"follow","max-snippet":"max-snippet:-1","max-image-preview":"max-image-preview:large","max-video-preview":"max-video-preview:-1"},"canonical":"https:\/\/infoelnuevonorte.com\/?p=14643","og_locale":"es_ES","og_type":"article","og_title":"Arrestan hombre acusado encender fuegos artificiales en carnaval de Salcedo | El Nuevo Norte","og_description":"SANTO DOMINGO, RD- Fue arrestado un hombre que es se\u00f1alado como responsable de encender, en medio de la multitud, los fuegos artificiales que provocaron quemaduras alrededor de dieciocho personas, incluidos once menores de edad, durante la celebraci\u00f3n del carnaval de Salcedo. El hombre fue identificado como Elvis Miguel Santos de Jes\u00fas, miembro del grupo de [&hellip;]","og_url":"https:\/\/infoelnuevonorte.com\/?p=14643","og_site_name":"El Nuevo Norte","article_publisher":"https:\/\/www.facebook.com\/infoenn","article_published_time":"2024-03-14T19:39:41+00:00","article_modified_time":"2024-03-14T19:43:25+00:00","og_image":[{"width":750,"height":375,"url":"https:\/\/infoelnuevonorte.com\/wp-content\/uploads\/2024\/03\/fuego-artificiales.png","type":"image\/png"}],"author":"InfoEnn","twitter_card":"summary_large_image","twitter_creator":"@Elnuevo_norte","twitter_site":"@Elnuevo_norte","twitter_misc":{"Written by":"InfoEnn","Est. reading time":"2 minutos"},"schema":{"@context":"https:\/\/schema.org","@graph":[{"@type":"Article","@id":"https:\/\/infoelnuevonorte.com\/?p=14643#article","isPartOf":{"@id":"https:\/\/infoelnuevonorte.com\/?p=14643"},"author":{"name":"InfoEnn","@id":"https:\/\/infoelnuevonorte.com\/#\/schema\/person\/fd4f6d90afe41260818b4ea94ad8ab84"},"headline":"Arrestan hombre acusado encender fuegos artificiales en carnaval de Salcedo","datePublished":"2024-03-14T19:39:41+00:00","dateModified":"2024-03-14T19:43:25+00:00","mainEntityOfPage":{"@id":"https:\/\/infoelnuevonorte.com\/?p=14643"},"wordCount":375,"publisher":{"@id":"https:\/\/infoelnuevonorte.com\/#organization"},"articleSection":["Actualidad |","Del Norte"],"inLanguage":"es-DO"},{"@type":"WebPage","@id":"https:\/\/infoelnuevonorte.com\/?p=14643","url":"https:\/\/infoelnuevonorte.com\/?p=14643","name":"Arrestan hombre acusado encender fuegos artificiales en carnaval de Salcedo | El Nuevo Norte","isPartOf":{"@id":"https:\/\/infoelnuevonorte.com\/#website"},"datePublished":"2024-03-14T19:39:41+00:00","dateModified":"2024-03-14T19:43:25+00:00","breadcrumb":{"@id":"https:\/\/infoelnuevonorte.com\/?p=14643#breadcrumb"},"inLanguage":"es-DO","potentialAction":[{"@type":"ReadAction","target":["https:\/\/infoelnuevonorte.com\/?p=14643"]}]},{"@type":"BreadcrumbList","@id":"https:\/\/infoelnuevonorte.com\/?p=14643#breadcrumb","itemListElement":[{"@type":"ListItem","position":1,"name":"Home","item":"https:\/\/infoelnuevonorte.com\/"},{"@type":"ListItem","position":2,"name":"Arrestan hombre acusado encender fuegos artificiales en carnaval de Salcedo"}]},{"@type":"WebSite","@id":"https:\/\/infoelnuevonorte.com\/#website","url":"https:\/\/infoelnuevonorte.com\/","name":"InfoEnn","description":"Tu Voz, tu Verdad, tu Diario!!!","publisher":{"@id":"https:\/\/infoelnuevonorte.com\/#organization"},"alternateName":"El Nuevo Norte","potentialAction":[{"@type":"SearchAction","target":{"@type":"EntryPoint","urlTemplate":"https:\/\/infoelnuevonorte.com\/?s={search_term_string}"},"query-input":{"@type":"PropertyValueSpecification","valueRequired":true,"valueName":"search_term_string"}}],"inLanguage":"es-DO"},{"@type":"Organization","@id":"https:\/\/infoelnuevonorte.com\/#organization","name":"Info El Nuevo Norte","alternateName":"El Nuevo Norte","url":"https:\/\/infoelnuevonorte.com\/","logo":{"@type":"ImageObject","inLanguage":"es-DO","@id":"https:\/\/infoelnuevonorte.com\/#\/schema\/logo\/image\/","url":"https:\/\/infoelnuevonorte.com\/wp-content\/uploads\/2026\/02\/Logo-Info-enn-3d-20ani.jpeg","contentUrl":"https:\/\/infoelnuevonorte.com\/wp-content\/uploads\/2026\/02\/Logo-Info-enn-3d-20ani.jpeg","width":2046,"height":736,"caption":"Info El Nuevo Norte"},"image":{"@id":"https:\/\/infoelnuevonorte.com\/#\/schema\/logo\/image\/"},"sameAs":["https:\/\/www.facebook.com\/infoenn","https:\/\/x.com\/Elnuevo_norte","https:\/\/www.instagram.com\/infoenn","https:\/\/www.facebook.com\/ENNRD"]},{"@type":"Person","@id":"https:\/\/infoelnuevonorte.com\/#\/schema\/person\/fd4f6d90afe41260818b4ea94ad8ab84","name":"InfoEnn","image":{"@type":"ImageObject","inLanguage":"es-DO","@id":"https:\/\/infoelnuevonorte.com\/#\/schema\/person\/image\/","url":"https:\/\/secure.gravatar.com\/avatar\/d4d760a41a48ba9db0a82bfb63bb0783?s=96&d=robohash&r=g","contentUrl":"https:\/\/secure.gravatar.com\/avatar\/d4d760a41a48ba9db0a82bfb63bb0783?s=96&d=robohash&r=g","caption":"InfoEnn"},"sameAs":["https:\/\/infoelnuevonorte.com"],"url":"https:\/\/infoelnuevonorte.com\/?author=1"}]}},"_links":{"self":[{"href":"https:\/\/infoelnuevonorte.com\/index.php?rest_route=\/wp\/v2\/posts\/14643"}],"collection":[{"href":"https:\/\/infoelnuevonorte.com\/index.php?rest_route=\/wp\/v2\/posts"}],"about":[{"href":"https:\/\/infoelnuevonorte.com\/index.php?rest_route=\/wp\/v2\/types\/post"}],"author":[{"embeddable":true,"href":"https:\/\/infoelnuevonorte.com\/index.php?rest_route=\/wp\/v2\/users\/1"}],"replies":[{"embeddable":true,"href":"https:\/\/infoelnuevonorte.com\/index.php?rest_route=%2Fwp%2Fv2%2Fcomments&post=14643"}],"version-history":[{"count":0,"href":"https:\/\/infoelnuevonorte.com\/index.php?rest_route=\/wp\/v2\/posts\/14643\/revisions"}],"wp:attachment":[{"href":"https:\/\/infoelnuevonorte.com\/index.php?rest_route=%2Fwp%2Fv2%2Fmedia&parent=14643"}],"wp:term":[{"taxonomy":"category","embeddable":true,"href":"https:\/\/infoelnuevonorte.com\/index.php?rest_route=%2Fwp%2Fv2%2Fcategories&post=14643"},{"taxonomy":"post_tag","embeddable":true,"href":"https:\/\/infoelnuevonorte.com\/index.php?rest_route=%2Fwp%2Fv2%2Ftags&post=14643"}],"curies":[{"name":"wp","href":"https:\/\/api.w.org\/{rel}","templated":true}]}}