{"id":149129,"date":"2025-10-03T18:19:07","date_gmt":"2025-10-03T22:19:07","guid":{"rendered":"https:\/\/infoelnuevonorte.com\/?p=149129"},"modified":"2025-10-03T18:19:08","modified_gmt":"2025-10-03T22:19:08","slug":"abinader-encabeza-premios-adulto-mayor-del-ano-y-protector-de-la-persona-envejeciente","status":"publish","type":"post","link":"https:\/\/infoelnuevonorte.com\/?p=149129","title":{"rendered":"Abinader encabeza premios Adulto Mayor del A\u00f1o y Protector de la Persona Envejeciente"},"content":{"rendered":"<div class=\"row\">\n<div class=\"col-12 formt-content font-ps\">\n<!--[if lt IE 9]><script>document.createElement('audio');<\/script><![endif]-->\n<audio class=\"wp-audio-shortcode\" id=\"audio-149129-1\" preload=\"none\" style=\"width: 100%;\" controls=\"controls\"><source type=\"audio\/mpeg\" src=\"https:\/\/infoelnuevonorte.com\/wp-content\/uploads\/2025\/10\/ttsmaker-vip-file-2025-10-3-18-18-4.mp3?_=1\" \/><a href=\"https:\/\/infoelnuevonorte.com\/wp-content\/uploads\/2025\/10\/ttsmaker-vip-file-2025-10-3-18-18-4.mp3\">https:\/\/infoelnuevonorte.com\/wp-content\/uploads\/2025\/10\/ttsmaker-vip-file-2025-10-3-18-18-4.mp3<\/a><\/audio>\n<p style=\"text-align: justify;\"><strong>Santo Domingo.- El presidente Luis Abinader, junto a la primera dama Raquel Arbaje,<\/strong>\u00a0encabez\u00f3 este viernes la sexta edici\u00f3n del Premio Anual\u00a0<strong>\"Protector de la Persona Envejeciente\"<\/strong>\u00a0y\u00a0<strong>\"Adulto Mayor\"<\/strong>, que reconoce el altruismo y la dedicaci\u00f3n de los adultos mayores durante el a\u00f1o.<\/p>\n<p style=\"text-align: justify;\">El galard\u00f3n Adulto Mayor del A\u00f1o fue otorgado a la maestra\u00a0<strong>Josefina Mini\u00f1o,<\/strong> por el m\u00e9rito de ser un ejemplo de un ejemplo de inspiraci\u00f3n para los adultos mayores activa y participativa, incansable en su destacada labor como maestra, bailarina y core\u00f3grafa, compartiendo sus \u00e9xitos, vivencias y saberes acumulados a lo largo de sus a\u00f1os con todas las generaciones, entregando lo que sabe hacer con pasi\u00f3n y amor, bailando.<\/p>\n<p style=\"text-align: justify;\">En tanto que, premio Protector de la Persona Envejeciente, fue otorgado a<strong>\u00a0Sor Agripina Acosta,<\/strong>\u00a0directora del Hogar de Ancianos Desvalidos La Sant\u00edsima Trinidad, por haber desarrollado durante ya 57 a\u00f1os una destacada labor de acogida, con cari\u00f1o a los adultos mayores desvalidos para asistirlos y cuidarlos en la construcci\u00f3n de una existencia plena y participativa, construyendo a su bienestar y contribuyendo a su calidad de vida en una estancia digna en sus a\u00f1os de adultos avanzada.<\/p>\n<p style=\"text-align: justify;\">Estos galardones constituyen un tributo de la naci\u00f3n a sus adultos mayores. El Premio\u00a0<strong>\u201cProtector de la Persona Envejeciente\u201d<\/strong>\u00a0distingue a la instituci\u00f3n cuyo compromiso solidario se convierte en ejemplo de servicio, mientras que el Premio<strong>\u00a0\u201cAdulto Mayor del A\u00f1o\u201d\u00a0<\/strong>honra a aquel hombre o mujer que, con su testimonio de esfuerzo, valores, superaci\u00f3n y referencia moral, enaltece la grandeza de esta etapa de la vida.<\/p>\n<h3 class=\"wp-block-heading\" style=\"text-align: justify;\">Importancia de honrar y proteger a los adultos mayores<\/h3>\n<p style=\"text-align: justify;\">Durante el acto, el director ejecutivo del Consejo Nacional de la Persona Envejeciente (CONAPE), Demetrio Antonio Vicente Ure\u00f1a, destac\u00f3 la importancia de honrar y proteger a los adultos mayores, resaltando su rol protag\u00f3nico en la sociedad y agradeci\u00f3 al presidente Luis Abinader, por el respaldo brindado a la instituci\u00f3n que dirige, asegurando que su gesti\u00f3n fortalece la misi\u00f3n institucional de garantizar que cada persona envejeciente sea respetada, escuchada y valorada.<\/p>\n<p style=\"text-align: justify;\">El funcionario resalt\u00f3 que, bajo el lema proclamado este a\u00f1o por las Naciones Unidas, \u201cLas personas de edad impulsan la acci\u00f3n local y mundial: nuestras aspiraciones, nuestro bienestar y nuestros derechos\u201d, el Consejo Nacional de la Persona Envejeciente reafirma su compromiso con la dignidad, la protecci\u00f3n y el bienestar de nuestros adultos mayores.<\/p>\n<p style=\"text-align: justify;\">\u201cLas personas envejecientes son semilla y ra\u00edz de nuestra historia. Han sido maestros, gu\u00edas, protectores y trabajadores incansables. Hoy m\u00e1s que nunca debemos reconocer que no son solo memoria, sino tambi\u00e9n presente activo, ciudadanos con sue\u00f1os, aspiraciones y derechos que debemos garantizar en cada pol\u00edtica p\u00fablica\u201d, expres\u00f3.<\/p>\n<h3 class=\"wp-block-heading\" style=\"text-align: justify;\">Galardonados<\/h3>\n<p style=\"text-align: justify;\">Josefina Mini\u00f1o, manifest\u00f3 su profundo agradecimiento por el reconocimiento, el cual calific\u00f3 como un testimonio al valor de sus esfuerzos, dedicaci\u00f3n y entrega a lo largo de su vida y agreg\u00f3 que, con este galard\u00f3n quiere recordar que la edad no es un l\u00edmite, y que ser un adulto mayor activo representa el m\u00e1s alto rango que otorga la vida: la gran oportunidad de seguir creciendo y aportando a la sociedad.<\/p>\n<p style=\"text-align: justify;\">\u201cEste premio me honra, s\u00ed, me honra, no solo por mis logros personales, sino tambi\u00e9n por el legado de inspiraci\u00f3n que deseo dejar a las nuevas generaciones. Esta distinci\u00f3n la siento y la recibo como un est\u00edmulo para continuar con la misma pasi\u00f3n y entrega\u201d, expres\u00f3.<\/p>\n<p style=\"text-align: justify;\">Asimismo, Sor Agripina expres\u00f3 su agradecimiento al presidente Abinader por compromiso en poner al ser humano en el centro de las pol\u00edticas p\u00fablicas y a la primera dama Raquel Arbaje por su ternura y entrega en las causas sociales y dijo que, reciben este premio con inmensa gratitud este premio.<\/p>\n<p style=\"text-align: justify;\">\"Recibirlo en el Palacio Nacional, es signo de que c\u00f3mo naci\u00f3 andamos a la vida la dignidad y el cuidado de nuestros adultos mayores. Este reconocimiento no es solo para nuestro hogar, sino para cada anciano que nos recuerda que la vejez no es un peso sino un tesoro de sabidur\u00eda, historia y amor\".<\/p>\n<p style=\"text-align: justify;\">En el acto se rindi\u00f3 un minuto de silencio en honor a Mar\u00eda Cristina Camilo, primera locutora de radio y presentadora de televisi\u00f3n de la Rep\u00fablica Dominicana.<\/p>\n<p style=\"text-align: justify;\">Acompa\u00f1aron al presidente Abinader los ministros Administrativo de la Presidencia, Andr\u00e9s Bautista y de Salud P\u00fablica V\u00edctor Atallah.<\/p>\n<\/div>\n<\/div>\n\n\n<div class=\"wp-block-group\"><div class=\"wp-block-group__inner-container is-layout-constrained wp-block-group-is-layout-constrained\">\n<div id=\"DenunciayAPP\" class=\"wp-block-group\"><div class=\"wp-block-group__inner-container is-layout-constrained wp-block-group-is-layout-constrained\">\n<p><a href=\"https:\/\/whatsapp.com\/channel\/0029Va88WGP2ER6ZxD6TCa3U\" target=\"_blank\" rel=\"noopener\"><img loading=\"lazy\" decoding=\"async\" class=\"aligncenter size-full wp-image-155512\" src=\"https:\/\/infoelnuevonorte.com\/wp-content\/uploads\/2025\/10\/Canal-whatsapp-infoenn.jpeg\" alt=\"\" width=\"2046\" height=\"554\" srcset=\"https:\/\/infoelnuevonorte.com\/wp-content\/uploads\/2025\/10\/Canal-whatsapp-infoenn.jpeg 2046w, https:\/\/infoelnuevonorte.com\/wp-content\/uploads\/2025\/10\/Canal-whatsapp-infoenn-300x81.jpeg 300w, https:\/\/infoelnuevonorte.com\/wp-content\/uploads\/2025\/10\/Canal-whatsapp-infoenn-1024x277.jpeg 1024w, https:\/\/infoelnuevonorte.com\/wp-content\/uploads\/2025\/10\/Canal-whatsapp-infoenn-768x208.jpeg 768w, https:\/\/infoelnuevonorte.com\/wp-content\/uploads\/2025\/10\/Canal-whatsapp-infoenn-1536x416.jpeg 1536w, https:\/\/infoelnuevonorte.com\/wp-content\/uploads\/2025\/10\/Canal-whatsapp-infoenn-1551x420.jpeg 1551w, https:\/\/infoelnuevonorte.com\/wp-content\/uploads\/2025\/10\/Canal-whatsapp-infoenn-150x41.jpeg 150w, https:\/\/infoelnuevonorte.com\/wp-content\/uploads\/2025\/10\/Canal-whatsapp-infoenn-696x188.jpeg 696w, https:\/\/infoelnuevonorte.com\/wp-content\/uploads\/2025\/10\/Canal-whatsapp-infoenn-1068x289.jpeg 1068w, https:\/\/infoelnuevonorte.com\/wp-content\/uploads\/2025\/10\/Canal-whatsapp-infoenn-1920x520.jpeg 1920w\" sizes=\"(max-width: 2046px) 100vw, 2046px\" \/><\/a><\/p>\n<p>\ud83d\udd17 S\u00edguenos en nuestras redes:<br data-start=\"2686\" data-end=\"2689\" \/><a href=\"https:\/\/x.com\/Elnuevo_norte\">X<\/a> | <a class=\"\" href=\"https:\/\/t.me\/infoenn\" target=\"_new\" rel=\"noopener\" data-start=\"2757\" data-end=\"2789\">Telegram<\/a> | <a class=\"\" href=\"https:\/\/instagram.com\/noticiasenn1?r=nametag\" target=\"_new\" rel=\"noopener\" data-start=\"2792\" data-end=\"2849\">Instagram<\/a><br data-start=\"2849\" data-end=\"2852\" \/><a class=\"\" href=\"https:\/\/www.facebook.com\/infoenn\" target=\"_new\" rel=\"noopener\" data-start=\"2852\" data-end=\"2896\">Facebook<\/a> | <a class=\"\" href=\"https:\/\/www.threads.net\/@noticiasenn1\" target=\"_new\" rel=\"noopener\" data-start=\"2899\" data-end=\"2947\">Threads<\/a> | <a class=\"\" href=\"https:\/\/www.youtube.com\/channel\/UCZZJg_scU1p_c6cvyCHY48A\" target=\"_new\" rel=\"noopener\" data-start=\"2950\" data-end=\"3017\" data-is-last-node=\"\">YouTube<\/a><\/p>\n<p>\ud83d\ude4f \u00a1Tu apoyo es importante!<\/p>\n<p>\ud83d\udd3bDESCARGAR NUESTRA APP \"<span style=\"color: #0000ff;\"><strong>Info ENN<\/strong><\/span>\"<\/p>\n\n\n\n<div class=\"wp-block-buttons is-content-justification-left is-layout-flex wp-container-core-buttons-is-layout-1 wp-block-buttons-is-layout-flex\">\n<div class=\"wp-block-button is-style-3d\"><a class=\"wp-block-button__link has-white-background-color has-background wp-element-button\" href=\"https:\/\/apps.apple.com\/do\/app\/infoenn\/id6503000762\"><img loading=\"lazy\" decoding=\"async\" width=\"150\" height=\"50\" class=\"wp-image-104096\" style=\"width: 150px;\" src=\"https:\/\/infoelnuevonorte.com\/wp-content\/uploads\/2025\/05\/Download_on_the_App_Store_RGB_blk.svg_.png\" alt=\"\" srcset=\"https:\/\/infoelnuevonorte.com\/wp-content\/uploads\/2025\/05\/Download_on_the_App_Store_RGB_blk.svg_.png 1280w, https:\/\/infoelnuevonorte.com\/wp-content\/uploads\/2025\/05\/Download_on_the_App_Store_RGB_blk.svg_-300x100.png 300w, https:\/\/infoelnuevonorte.com\/wp-content\/uploads\/2025\/05\/Download_on_the_App_Store_RGB_blk.svg_-1024x342.png 1024w, https:\/\/infoelnuevonorte.com\/wp-content\/uploads\/2025\/05\/Download_on_the_App_Store_RGB_blk.svg_-768x257.png 768w, https:\/\/infoelnuevonorte.com\/wp-content\/uploads\/2025\/05\/Download_on_the_App_Store_RGB_blk.svg_-1256x420.png 1256w, https:\/\/infoelnuevonorte.com\/wp-content\/uploads\/2025\/05\/Download_on_the_App_Store_RGB_blk.svg_-150x50.png 150w, https:\/\/infoelnuevonorte.com\/wp-content\/uploads\/2025\/05\/Download_on_the_App_Store_RGB_blk.svg_-696x233.png 696w, https:\/\/infoelnuevonorte.com\/wp-content\/uploads\/2025\/05\/Download_on_the_App_Store_RGB_blk.svg_-1068x357.png 1068w, https:\/\/infoelnuevonorte.com\/wp-content\/uploads\/2025\/05\/Download_on_the_App_Store_RGB_blk.svg_-200x67.png 200w\" sizes=\"(max-width: 150px) 100vw, 150px\" \/><\/a><\/div>\n<\/div>\n\n\n\n<div class=\"wp-block-buttons is-layout-flex wp-block-buttons-is-layout-flex\">\n<div class=\"wp-block-button is-style-3d td_btn_large\"><a class=\"wp-block-button__link has-white-background-color has-background wp-element-button\" href=\"https:\/\/mega.nz\/file\/vRhVTJBD#6P0Os8p_y2oJgZIa__7dhjqdpW42XJ_cY3zmbyxVohM\" target=\"_blank\" rel=\"noreferrer noopener\"><mark style=\"background-color:rgba(0, 0, 0, 0)\" class=\"has-inline-color has-light-green-cyan-color\"><img loading=\"lazy\" decoding=\"async\" width=\"150\" height=\"49\" class=\"wp-image-104095\" style=\"width: 150px;\" src=\"https:\/\/infoelnuevonorte.com\/wp-content\/uploads\/2025\/05\/badge-google-play-and-app-store-button-download-free-png.webp\" alt=\"\" srcset=\"https:\/\/infoelnuevonorte.com\/wp-content\/uploads\/2025\/05\/badge-google-play-and-app-store-button-download-free-png.webp 1920w, https:\/\/infoelnuevonorte.com\/wp-content\/uploads\/2025\/05\/badge-google-play-and-app-store-button-download-free-png-300x98.webp 300w, https:\/\/infoelnuevonorte.com\/wp-content\/uploads\/2025\/05\/badge-google-play-and-app-store-button-download-free-png-1024x335.webp 1024w, https:\/\/infoelnuevonorte.com\/wp-content\/uploads\/2025\/05\/badge-google-play-and-app-store-button-download-free-png-768x252.webp 768w, https:\/\/infoelnuevonorte.com\/wp-content\/uploads\/2025\/05\/badge-google-play-and-app-store-button-download-free-png-1536x503.webp 1536w, https:\/\/infoelnuevonorte.com\/wp-content\/uploads\/2025\/05\/badge-google-play-and-app-store-button-download-free-png-1282x420.webp 1282w, https:\/\/infoelnuevonorte.com\/wp-content\/uploads\/2025\/05\/badge-google-play-and-app-store-button-download-free-png-150x49.webp 150w, https:\/\/infoelnuevonorte.com\/wp-content\/uploads\/2025\/05\/badge-google-play-and-app-store-button-download-free-png-696x228.webp 696w, https:\/\/infoelnuevonorte.com\/wp-content\/uploads\/2025\/05\/badge-google-play-and-app-store-button-download-free-png-1068x350.webp 1068w, https:\/\/infoelnuevonorte.com\/wp-content\/uploads\/2025\/05\/badge-google-play-and-app-store-button-download-free-png-200x66.webp 200w\" sizes=\"(max-width: 150px) 100vw, 150px\" \/><\/mark><\/a><\/div>\n<\/div>\n\n\n\n<p style=\"text-align: justify;\"><strong data-start=\"0\" data-end=\"18\" data-is-only-node=\"\"><a href=\"https:\/\/infoelnuevonorte.com\/\"><img loading=\"lazy\" decoding=\"async\" class=\" wp-image-159681 alignleft\" src=\"https:\/\/infoelnuevonorte.com\/wp-content\/uploads\/2025\/11\/Logo-3d-infoenn-con-fondo-blanco.jpg\" alt=\"\" width=\"240\" height=\"86\" srcset=\"https:\/\/infoelnuevonorte.com\/wp-content\/uploads\/2025\/11\/Logo-3d-infoenn-con-fondo-blanco.jpg 1696w, https:\/\/infoelnuevonorte.com\/wp-content\/uploads\/2025\/11\/Logo-3d-infoenn-con-fondo-blanco-300x108.jpg 300w, https:\/\/infoelnuevonorte.com\/wp-content\/uploads\/2025\/11\/Logo-3d-infoenn-con-fondo-blanco-1024x367.jpg 1024w, https:\/\/infoelnuevonorte.com\/wp-content\/uploads\/2025\/11\/Logo-3d-infoenn-con-fondo-blanco-768x275.jpg 768w, https:\/\/infoelnuevonorte.com\/wp-content\/uploads\/2025\/11\/Logo-3d-infoenn-con-fondo-blanco-1536x551.jpg 1536w, https:\/\/infoelnuevonorte.com\/wp-content\/uploads\/2025\/11\/Logo-3d-infoenn-con-fondo-blanco-1172x420.jpg 1172w, https:\/\/infoelnuevonorte.com\/wp-content\/uploads\/2025\/11\/Logo-3d-infoenn-con-fondo-blanco-150x54.jpg 150w, https:\/\/infoelnuevonorte.com\/wp-content\/uploads\/2025\/11\/Logo-3d-infoenn-con-fondo-blanco-696x250.jpg 696w, https:\/\/infoelnuevonorte.com\/wp-content\/uploads\/2025\/11\/Logo-3d-infoenn-con-fondo-blanco-1068x383.jpg 1068w\" sizes=\"(max-width: 240px) 100vw, 240px\" \/><\/a>El Nuevo Norte<\/strong> es un peri\u00f3dico digital dominicano fundado el <strong data-start=\"65\" data-end=\"90\">12 de febrero de 2006<\/strong> por el periodista <strong data-start=\"109\" data-end=\"129\">Junior Henr\u00edquez<\/strong>, quien funge como director y fundador. A trav\u00e9s de la web <strong data-start=\"188\" data-end=\"212\">infoelnuevonorte.com<\/strong>, el medio ofrece informaci\u00f3n veraz y oportuna sobre los acontecimientos sociales, pol\u00edticos, comunitarios y de actualidad general, tanto a nivel nacional como internacional, promoviendo un periodismo responsable, participativo y comprometido con la libre expresi\u00f3n y el fortalecimiento de la democracia informativa.<\/p>\n<\/div><\/div>\n<\/div><\/div>\n","protected":false},"excerpt":{"rendered":"<p>Santo Domingo.- El presidente Luis Abinader, junto a la primera dama Raquel Arbaje,\u00a0encabez\u00f3 este viernes la sexta edici\u00f3n del Premio Anual\u00a0\"Protector de la Persona Envejeciente\"\u00a0y\u00a0\"Adulto Mayor\", que reconoce el altruismo y la dedicaci\u00f3n de los adultos mayores durante el a\u00f1o. El galard\u00f3n Adulto Mayor del A\u00f1o fue otorgado a la maestra\u00a0Josefina Mini\u00f1o, por el m\u00e9rito [&hellip;]<\/p>\n","protected":false},"author":2,"featured_media":149133,"comment_status":"closed","ping_status":"open","sticky":false,"template":"","format":"standard","meta":{"footnotes":""},"categories":[8],"tags":[],"yoast_head":"<!-- This site is optimized with the Yoast SEO plugin v24.5 - https:\/\/yoast.com\/wordpress\/plugins\/seo\/ -->\n<title>Abinader encabeza premios Adulto Mayor del A\u00f1o y Protector de la Persona Envejeciente | El Nuevo Norte<\/title>\n<meta name=\"robots\" content=\"index, follow, max-snippet:-1, max-image-preview:large, max-video-preview:-1\" \/>\n<link rel=\"canonical\" href=\"https:\/\/infoelnuevonorte.com\/?p=149129\" \/>\n<meta property=\"og:locale\" content=\"es_ES\" \/>\n<meta property=\"og:type\" content=\"article\" \/>\n<meta property=\"og:title\" content=\"Abinader encabeza premios Adulto Mayor del A\u00f1o y Protector de la Persona Envejeciente | El Nuevo Norte\" \/>\n<meta property=\"og:description\" content=\"Santo Domingo.- El presidente Luis Abinader, junto a la primera dama Raquel Arbaje,\u00a0encabez\u00f3 este viernes la sexta edici\u00f3n del Premio Anual\u00a0&quot;Protector de la Persona Envejeciente&quot;\u00a0y\u00a0&quot;Adulto Mayor&quot;, que reconoce el altruismo y la dedicaci\u00f3n de los adultos mayores durante el a\u00f1o. El galard\u00f3n Adulto Mayor del A\u00f1o fue otorgado a la maestra\u00a0Josefina Mini\u00f1o, por el m\u00e9rito [&hellip;]\" \/>\n<meta property=\"og:url\" content=\"https:\/\/infoelnuevonorte.com\/?p=149129\" \/>\n<meta property=\"og:site_name\" content=\"El Nuevo Norte\" \/>\n<meta property=\"article:publisher\" content=\"https:\/\/www.facebook.com\/infoenn\" \/>\n<meta property=\"article:published_time\" content=\"2025-10-03T22:19:07+00:00\" \/>\n<meta property=\"article:modified_time\" content=\"2025-10-03T22:19:08+00:00\" \/>\n<meta property=\"og:image\" content=\"https:\/\/infoelnuevonorte.com\/wp-content\/uploads\/2025\/10\/descarga-2025-10-03T181700.810.png\" \/>\n\t<meta property=\"og:image:width\" content=\"1200\" \/>\n\t<meta property=\"og:image:height\" content=\"946\" \/>\n\t<meta property=\"og:image:type\" content=\"image\/png\" \/>\n<meta name=\"author\" content=\"T. R.\" \/>\n<meta name=\"twitter:card\" content=\"summary_large_image\" \/>\n<meta name=\"twitter:creator\" content=\"@Elnuevo_norte\" \/>\n<meta name=\"twitter:site\" content=\"@Elnuevo_norte\" \/>\n<meta name=\"twitter:label1\" content=\"Written by\" \/>\n\t<meta name=\"twitter:data1\" content=\"T. R.\" \/>\n\t<meta name=\"twitter:label2\" content=\"Est. reading time\" \/>\n\t<meta name=\"twitter:data2\" content=\"5 minutos\" \/>\n<script type=\"application\/ld+json\" class=\"yoast-schema-graph\">{\"@context\":\"https:\/\/schema.org\",\"@graph\":[{\"@type\":\"Article\",\"@id\":\"https:\/\/infoelnuevonorte.com\/?p=149129#article\",\"isPartOf\":{\"@id\":\"https:\/\/infoelnuevonorte.com\/?p=149129\"},\"author\":{\"name\":\"T. R.\",\"@id\":\"https:\/\/infoelnuevonorte.com\/#\/schema\/person\/3accb35eb55f55e96c492b52d085a403\"},\"headline\":\"Abinader encabeza premios Adulto Mayor del A\u00f1o y Protector de la Persona Envejeciente\",\"datePublished\":\"2025-10-03T22:19:07+00:00\",\"dateModified\":\"2025-10-03T22:19:08+00:00\",\"mainEntityOfPage\":{\"@id\":\"https:\/\/infoelnuevonorte.com\/?p=149129\"},\"wordCount\":787,\"publisher\":{\"@id\":\"https:\/\/infoelnuevonorte.com\/#organization\"},\"image\":{\"@id\":\"https:\/\/infoelnuevonorte.com\/?p=149129#primaryimage\"},\"thumbnailUrl\":\"https:\/\/infoelnuevonorte.com\/wp-content\/uploads\/2025\/10\/descarga-2025-10-03T181700.810.png\",\"articleSection\":[\"Nacionales\"],\"inLanguage\":\"es-DO\"},{\"@type\":\"WebPage\",\"@id\":\"https:\/\/infoelnuevonorte.com\/?p=149129\",\"url\":\"https:\/\/infoelnuevonorte.com\/?p=149129\",\"name\":\"Abinader encabeza premios Adulto Mayor del A\u00f1o y Protector de la Persona Envejeciente | El Nuevo Norte\",\"isPartOf\":{\"@id\":\"https:\/\/infoelnuevonorte.com\/#website\"},\"primaryImageOfPage\":{\"@id\":\"https:\/\/infoelnuevonorte.com\/?p=149129#primaryimage\"},\"image\":{\"@id\":\"https:\/\/infoelnuevonorte.com\/?p=149129#primaryimage\"},\"thumbnailUrl\":\"https:\/\/infoelnuevonorte.com\/wp-content\/uploads\/2025\/10\/descarga-2025-10-03T181700.810.png\",\"datePublished\":\"2025-10-03T22:19:07+00:00\",\"dateModified\":\"2025-10-03T22:19:08+00:00\",\"breadcrumb\":{\"@id\":\"https:\/\/infoelnuevonorte.com\/?p=149129#breadcrumb\"},\"inLanguage\":\"es-DO\",\"potentialAction\":[{\"@type\":\"ReadAction\",\"target\":[\"https:\/\/infoelnuevonorte.com\/?p=149129\"]}]},{\"@type\":\"ImageObject\",\"inLanguage\":\"es-DO\",\"@id\":\"https:\/\/infoelnuevonorte.com\/?p=149129#primaryimage\",\"url\":\"https:\/\/infoelnuevonorte.com\/wp-content\/uploads\/2025\/10\/descarga-2025-10-03T181700.810.png\",\"contentUrl\":\"https:\/\/infoelnuevonorte.com\/wp-content\/uploads\/2025\/10\/descarga-2025-10-03T181700.810.png\",\"width\":1200,\"height\":946},{\"@type\":\"BreadcrumbList\",\"@id\":\"https:\/\/infoelnuevonorte.com\/?p=149129#breadcrumb\",\"itemListElement\":[{\"@type\":\"ListItem\",\"position\":1,\"name\":\"Home\",\"item\":\"https:\/\/infoelnuevonorte.com\/\"},{\"@type\":\"ListItem\",\"position\":2,\"name\":\"Abinader encabeza premios Adulto Mayor del A\u00f1o y Protector de la Persona Envejeciente\"}]},{\"@type\":\"WebSite\",\"@id\":\"https:\/\/infoelnuevonorte.com\/#website\",\"url\":\"https:\/\/infoelnuevonorte.com\/\",\"name\":\"InfoEnn\",\"description\":\"Tu Voz, tu Verdad, tu Diario!!!\",\"publisher\":{\"@id\":\"https:\/\/infoelnuevonorte.com\/#organization\"},\"alternateName\":\"El Nuevo Norte\",\"potentialAction\":[{\"@type\":\"SearchAction\",\"target\":{\"@type\":\"EntryPoint\",\"urlTemplate\":\"https:\/\/infoelnuevonorte.com\/?s={search_term_string}\"},\"query-input\":{\"@type\":\"PropertyValueSpecification\",\"valueRequired\":true,\"valueName\":\"search_term_string\"}}],\"inLanguage\":\"es-DO\"},{\"@type\":\"Organization\",\"@id\":\"https:\/\/infoelnuevonorte.com\/#organization\",\"name\":\"Info El Nuevo Norte\",\"alternateName\":\"El Nuevo Norte\",\"url\":\"https:\/\/infoelnuevonorte.com\/\",\"logo\":{\"@type\":\"ImageObject\",\"inLanguage\":\"es-DO\",\"@id\":\"https:\/\/infoelnuevonorte.com\/#\/schema\/logo\/image\/\",\"url\":\"https:\/\/infoelnuevonorte.com\/wp-content\/uploads\/2026\/02\/Logo-Info-enn-3d-20ani.jpeg\",\"contentUrl\":\"https:\/\/infoelnuevonorte.com\/wp-content\/uploads\/2026\/02\/Logo-Info-enn-3d-20ani.jpeg\",\"width\":2046,\"height\":736,\"caption\":\"Info El Nuevo Norte\"},\"image\":{\"@id\":\"https:\/\/infoelnuevonorte.com\/#\/schema\/logo\/image\/\"},\"sameAs\":[\"https:\/\/www.facebook.com\/infoenn\",\"https:\/\/x.com\/Elnuevo_norte\",\"https:\/\/www.instagram.com\/infoenn\",\"https:\/\/www.facebook.com\/ENNRD\"]},{\"@type\":\"Person\",\"@id\":\"https:\/\/infoelnuevonorte.com\/#\/schema\/person\/3accb35eb55f55e96c492b52d085a403\",\"name\":\"T. R.\",\"image\":{\"@type\":\"ImageObject\",\"inLanguage\":\"es-DO\",\"@id\":\"https:\/\/infoelnuevonorte.com\/#\/schema\/person\/image\/\",\"url\":\"https:\/\/secure.gravatar.com\/avatar\/40543a038bda97abdb765b1662e9677d?s=96&d=robohash&r=g\",\"contentUrl\":\"https:\/\/secure.gravatar.com\/avatar\/40543a038bda97abdb765b1662e9677d?s=96&d=robohash&r=g\",\"caption\":\"T. R.\"},\"url\":\"https:\/\/infoelnuevonorte.com\/?author=2\"}]}<\/script>\n<!-- \/ Yoast SEO plugin. -->","yoast_head_json":{"title":"Abinader encabeza premios Adulto Mayor del A\u00f1o y Protector de la Persona Envejeciente | El Nuevo Norte","robots":{"index":"index","follow":"follow","max-snippet":"max-snippet:-1","max-image-preview":"max-image-preview:large","max-video-preview":"max-video-preview:-1"},"canonical":"https:\/\/infoelnuevonorte.com\/?p=149129","og_locale":"es_ES","og_type":"article","og_title":"Abinader encabeza premios Adulto Mayor del A\u00f1o y Protector de la Persona Envejeciente | El Nuevo Norte","og_description":"Santo Domingo.- El presidente Luis Abinader, junto a la primera dama Raquel Arbaje,\u00a0encabez\u00f3 este viernes la sexta edici\u00f3n del Premio Anual\u00a0\"Protector de la Persona Envejeciente\"\u00a0y\u00a0\"Adulto Mayor\", que reconoce el altruismo y la dedicaci\u00f3n de los adultos mayores durante el a\u00f1o. El galard\u00f3n Adulto Mayor del A\u00f1o fue otorgado a la maestra\u00a0Josefina Mini\u00f1o, por el m\u00e9rito [&hellip;]","og_url":"https:\/\/infoelnuevonorte.com\/?p=149129","og_site_name":"El Nuevo Norte","article_publisher":"https:\/\/www.facebook.com\/infoenn","article_published_time":"2025-10-03T22:19:07+00:00","article_modified_time":"2025-10-03T22:19:08+00:00","og_image":[{"width":1200,"height":946,"url":"https:\/\/infoelnuevonorte.com\/wp-content\/uploads\/2025\/10\/descarga-2025-10-03T181700.810.png","type":"image\/png"}],"author":"T. R.","twitter_card":"summary_large_image","twitter_creator":"@Elnuevo_norte","twitter_site":"@Elnuevo_norte","twitter_misc":{"Written by":"T. R.","Est. reading time":"5 minutos"},"schema":{"@context":"https:\/\/schema.org","@graph":[{"@type":"Article","@id":"https:\/\/infoelnuevonorte.com\/?p=149129#article","isPartOf":{"@id":"https:\/\/infoelnuevonorte.com\/?p=149129"},"author":{"name":"T. R.","@id":"https:\/\/infoelnuevonorte.com\/#\/schema\/person\/3accb35eb55f55e96c492b52d085a403"},"headline":"Abinader encabeza premios Adulto Mayor del A\u00f1o y Protector de la Persona Envejeciente","datePublished":"2025-10-03T22:19:07+00:00","dateModified":"2025-10-03T22:19:08+00:00","mainEntityOfPage":{"@id":"https:\/\/infoelnuevonorte.com\/?p=149129"},"wordCount":787,"publisher":{"@id":"https:\/\/infoelnuevonorte.com\/#organization"},"image":{"@id":"https:\/\/infoelnuevonorte.com\/?p=149129#primaryimage"},"thumbnailUrl":"https:\/\/infoelnuevonorte.com\/wp-content\/uploads\/2025\/10\/descarga-2025-10-03T181700.810.png","articleSection":["Nacionales"],"inLanguage":"es-DO"},{"@type":"WebPage","@id":"https:\/\/infoelnuevonorte.com\/?p=149129","url":"https:\/\/infoelnuevonorte.com\/?p=149129","name":"Abinader encabeza premios Adulto Mayor del A\u00f1o y Protector de la Persona Envejeciente | El Nuevo Norte","isPartOf":{"@id":"https:\/\/infoelnuevonorte.com\/#website"},"primaryImageOfPage":{"@id":"https:\/\/infoelnuevonorte.com\/?p=149129#primaryimage"},"image":{"@id":"https:\/\/infoelnuevonorte.com\/?p=149129#primaryimage"},"thumbnailUrl":"https:\/\/infoelnuevonorte.com\/wp-content\/uploads\/2025\/10\/descarga-2025-10-03T181700.810.png","datePublished":"2025-10-03T22:19:07+00:00","dateModified":"2025-10-03T22:19:08+00:00","breadcrumb":{"@id":"https:\/\/infoelnuevonorte.com\/?p=149129#breadcrumb"},"inLanguage":"es-DO","potentialAction":[{"@type":"ReadAction","target":["https:\/\/infoelnuevonorte.com\/?p=149129"]}]},{"@type":"ImageObject","inLanguage":"es-DO","@id":"https:\/\/infoelnuevonorte.com\/?p=149129#primaryimage","url":"https:\/\/infoelnuevonorte.com\/wp-content\/uploads\/2025\/10\/descarga-2025-10-03T181700.810.png","contentUrl":"https:\/\/infoelnuevonorte.com\/wp-content\/uploads\/2025\/10\/descarga-2025-10-03T181700.810.png","width":1200,"height":946},{"@type":"BreadcrumbList","@id":"https:\/\/infoelnuevonorte.com\/?p=149129#breadcrumb","itemListElement":[{"@type":"ListItem","position":1,"name":"Home","item":"https:\/\/infoelnuevonorte.com\/"},{"@type":"ListItem","position":2,"name":"Abinader encabeza premios Adulto Mayor del A\u00f1o y Protector de la Persona Envejeciente"}]},{"@type":"WebSite","@id":"https:\/\/infoelnuevonorte.com\/#website","url":"https:\/\/infoelnuevonorte.com\/","name":"InfoEnn","description":"Tu Voz, tu Verdad, tu Diario!!!","publisher":{"@id":"https:\/\/infoelnuevonorte.com\/#organization"},"alternateName":"El Nuevo Norte","potentialAction":[{"@type":"SearchAction","target":{"@type":"EntryPoint","urlTemplate":"https:\/\/infoelnuevonorte.com\/?s={search_term_string}"},"query-input":{"@type":"PropertyValueSpecification","valueRequired":true,"valueName":"search_term_string"}}],"inLanguage":"es-DO"},{"@type":"Organization","@id":"https:\/\/infoelnuevonorte.com\/#organization","name":"Info El Nuevo Norte","alternateName":"El Nuevo Norte","url":"https:\/\/infoelnuevonorte.com\/","logo":{"@type":"ImageObject","inLanguage":"es-DO","@id":"https:\/\/infoelnuevonorte.com\/#\/schema\/logo\/image\/","url":"https:\/\/infoelnuevonorte.com\/wp-content\/uploads\/2026\/02\/Logo-Info-enn-3d-20ani.jpeg","contentUrl":"https:\/\/infoelnuevonorte.com\/wp-content\/uploads\/2026\/02\/Logo-Info-enn-3d-20ani.jpeg","width":2046,"height":736,"caption":"Info El Nuevo Norte"},"image":{"@id":"https:\/\/infoelnuevonorte.com\/#\/schema\/logo\/image\/"},"sameAs":["https:\/\/www.facebook.com\/infoenn","https:\/\/x.com\/Elnuevo_norte","https:\/\/www.instagram.com\/infoenn","https:\/\/www.facebook.com\/ENNRD"]},{"@type":"Person","@id":"https:\/\/infoelnuevonorte.com\/#\/schema\/person\/3accb35eb55f55e96c492b52d085a403","name":"T. R.","image":{"@type":"ImageObject","inLanguage":"es-DO","@id":"https:\/\/infoelnuevonorte.com\/#\/schema\/person\/image\/","url":"https:\/\/secure.gravatar.com\/avatar\/40543a038bda97abdb765b1662e9677d?s=96&d=robohash&r=g","contentUrl":"https:\/\/secure.gravatar.com\/avatar\/40543a038bda97abdb765b1662e9677d?s=96&d=robohash&r=g","caption":"T. R."},"url":"https:\/\/infoelnuevonorte.com\/?author=2"}]}},"_links":{"self":[{"href":"https:\/\/infoelnuevonorte.com\/index.php?rest_route=\/wp\/v2\/posts\/149129"}],"collection":[{"href":"https:\/\/infoelnuevonorte.com\/index.php?rest_route=\/wp\/v2\/posts"}],"about":[{"href":"https:\/\/infoelnuevonorte.com\/index.php?rest_route=\/wp\/v2\/types\/post"}],"author":[{"embeddable":true,"href":"https:\/\/infoelnuevonorte.com\/index.php?rest_route=\/wp\/v2\/users\/2"}],"replies":[{"embeddable":true,"href":"https:\/\/infoelnuevonorte.com\/index.php?rest_route=%2Fwp%2Fv2%2Fcomments&post=149129"}],"version-history":[{"count":1,"href":"https:\/\/infoelnuevonorte.com\/index.php?rest_route=\/wp\/v2\/posts\/149129\/revisions"}],"predecessor-version":[{"id":149136,"href":"https:\/\/infoelnuevonorte.com\/index.php?rest_route=\/wp\/v2\/posts\/149129\/revisions\/149136"}],"wp:featuredmedia":[{"embeddable":true,"href":"https:\/\/infoelnuevonorte.com\/index.php?rest_route=\/wp\/v2\/media\/149133"}],"wp:attachment":[{"href":"https:\/\/infoelnuevonorte.com\/index.php?rest_route=%2Fwp%2Fv2%2Fmedia&parent=149129"}],"wp:term":[{"taxonomy":"category","embeddable":true,"href":"https:\/\/infoelnuevonorte.com\/index.php?rest_route=%2Fwp%2Fv2%2Fcategories&post=149129"},{"taxonomy":"post_tag","embeddable":true,"href":"https:\/\/infoelnuevonorte.com\/index.php?rest_route=%2Fwp%2Fv2%2Ftags&post=149129"}],"curies":[{"name":"wp","href":"https:\/\/api.w.org\/{rel}","templated":true}]}}