{"id":149388,"date":"2025-10-04T18:49:48","date_gmt":"2025-10-04T22:49:48","guid":{"rendered":"https:\/\/infoelnuevonorte.com\/?p=149388"},"modified":"2025-10-04T18:49:50","modified_gmt":"2025-10-04T22:49:50","slug":"quienes-son-los-11-policias-que-participaron-en-el-operativo-que-dejo-5-muertos-en-la-barranquita","status":"publish","type":"post","link":"https:\/\/infoelnuevonorte.com\/?p=149388","title":{"rendered":"Qui\u00e9nes son los 11 polic\u00edas que participaron en el \"operativo\" que dej\u00f3 5 muertos en La Barranquita"},"content":{"rendered":"<div class=\"row\">\n<div class=\"col-12 formt-content font-ps\">\n<div class=\"row\">\n<div class=\"col-12 formt-content font-ps\">\n<!--[if lt IE 9]><script>document.createElement('audio');<\/script><![endif]-->\n<audio class=\"wp-audio-shortcode\" id=\"audio-149388-1\" preload=\"none\" style=\"width: 100%;\" controls=\"controls\"><source type=\"audio\/mpeg\" src=\"https:\/\/infoelnuevonorte.com\/wp-content\/uploads\/2025\/10\/ttsmaker-vip-file-2025-10-4-18-48-26.mp3?_=1\" \/><a href=\"https:\/\/infoelnuevonorte.com\/wp-content\/uploads\/2025\/10\/ttsmaker-vip-file-2025-10-4-18-48-26.mp3\">https:\/\/infoelnuevonorte.com\/wp-content\/uploads\/2025\/10\/ttsmaker-vip-file-2025-10-4-18-48-26.mp3<\/a><\/audio>\n<p style=\"text-align: justify;\"><strong>Santo Domingo, RD.<\/strong>\u00a0\u2013 Las autoridades dieron a conocer los nombres y rangos de los 11 polic\u00edas implicados en el supuesto operativo que dej\u00f3 un saldo de\u00a0cinco muertos en La Barranquita, Santiago.<\/p>\n<p style=\"text-align: justify;\">De acuerdo con la solicitud de coerci\u00f3n del Ministerio P\u00fablico, los imputados pertenec\u00edan al Departamento de Crimen Organizado y Casos Complejos de la Direcci\u00f3n Central de Investigaciones Criminales (DICRIM) de la Polic\u00eda, en Santo Domingo.<\/p>\n<p style=\"text-align: justify;\">Se trata de \u00c1lvaro Paredes Panlagua; Jos\u00e9 Ignacio G\u00f3mez Rodr\u00edguez; Domingo De Los Santos Vargas; Yohandy Encarnaci\u00f3n; Geyser Francisco \u00c1lvarez Rodr\u00edguez; Adri\u00e1n Miguel Villalona Pineda; Hansel Michel Cuevas Carrasco; S\u00f3crates Fidel Feliz Feliz; Hairo Mateo Morillo; C\u00e9sar Augusto Mart\u00ednez Trinidad; Jos\u00e9 Octavio Jim\u00e9nez Pe\u00f1a.<\/p>\n<p style=\"text-align: justify;\"><strong>Desde capit\u00e1n a raso<\/strong><\/p>\n<p style=\"text-align: justify;\"><strong>\u00c1lvaro Paredes Paniagua<\/strong> tiene el rango de Mayor de la Polic\u00eda y pertenece al Departamento de Crimen Organizado y Casos Complejos de la Direcci\u00f3n Central de Investigaciones Criminales (DICRIM).<\/p>\n<div class=\"w-100 h-auto\" style=\"text-align: justify;\">\n<figure class=\"wp-block-image size-large is-resized\"><img loading=\"lazy\" decoding=\"async\" class=\"lazy w-100 h-auto entered loaded\" src=\"https:\/\/eldia.com.do\/wp-content\/uploads\/2025\/10\/Diseno-sin-titulo-2025-10-04T121804.241-1024x1024.webp\" sizes=\"auto, (max-width: 1024px) 100vw, 1024px\" srcset=\"https:\/\/eldia.com.do\/wp-content\/uploads\/2025\/10\/Diseno-sin-titulo-2025-10-04T121804.241-1024x1024.webp 1024w, https:\/\/eldia.com.do\/wp-content\/uploads\/2025\/10\/Diseno-sin-titulo-2025-10-04T121804.241-300x300.webp 300w, https:\/\/eldia.com.do\/wp-content\/uploads\/2025\/10\/Diseno-sin-titulo-2025-10-04T121804.241-150x150.webp 150w, https:\/\/eldia.com.do\/wp-content\/uploads\/2025\/10\/Diseno-sin-titulo-2025-10-04T121804.241-768x768.webp 768w, https:\/\/eldia.com.do\/wp-content\/uploads\/2025\/10\/Diseno-sin-titulo-2025-10-04T121804.241-600x600.webp 600w, https:\/\/eldia.com.do\/wp-content\/uploads\/2025\/10\/Diseno-sin-titulo-2025-10-04T121804.241-900x900.webp 900w, https:\/\/eldia.com.do\/wp-content\/uploads\/2025\/10\/Diseno-sin-titulo-2025-10-04T121804.241.webp 1080w\" alt=\"CASO POLICIA LA BARRANQUITA\" width=\"1024\" height=\"1024\" data-src=\"https:\/\/eldia.com.do\/wp-content\/uploads\/2025\/10\/Diseno-sin-titulo-2025-10-04T121804.241-1024x1024.webp\" data-srcset=\"https:\/\/eldia.com.do\/wp-content\/uploads\/2025\/10\/Diseno-sin-titulo-2025-10-04T121804.241-1024x1024.webp 1024w, https:\/\/eldia.com.do\/wp-content\/uploads\/2025\/10\/Diseno-sin-titulo-2025-10-04T121804.241-300x300.webp 300w, https:\/\/eldia.com.do\/wp-content\/uploads\/2025\/10\/Diseno-sin-titulo-2025-10-04T121804.241-150x150.webp 150w, https:\/\/eldia.com.do\/wp-content\/uploads\/2025\/10\/Diseno-sin-titulo-2025-10-04T121804.241-768x768.webp 768w, https:\/\/eldia.com.do\/wp-content\/uploads\/2025\/10\/Diseno-sin-titulo-2025-10-04T121804.241-600x600.webp 600w, https:\/\/eldia.com.do\/wp-content\/uploads\/2025\/10\/Diseno-sin-titulo-2025-10-04T121804.241-900x900.webp 900w, https:\/\/eldia.com.do\/wp-content\/uploads\/2025\/10\/Diseno-sin-titulo-2025-10-04T121804.241.webp 1080w\" data-ll-status=\"loaded\" \/><\/figure>\n<\/div>\nAlvaro Paredes Paniagua\n<p style=\"text-align: justify;\">Mientras que\u00a0<strong>Jos\u00e9 Ignacio G\u00f3mez Rodr\u00edguez<\/strong>\u00a0ostenta el cargo de Capit\u00e1n de la Polic\u00eda y est\u00e1 adscrito al Departamento de Crimen Organizado y Casos Complejos de la Direcci\u00f3n Central de Investigaciones Criminales (DICRIM).<\/p>\n<div class=\"w-100 h-auto\" style=\"text-align: justify;\">\n<figure class=\"wp-block-image size-large is-resized\"><img loading=\"lazy\" decoding=\"async\" class=\"lazy w-100 h-auto entered loaded\" src=\"https:\/\/eldia.com.do\/wp-content\/uploads\/2025\/10\/Diseno-sin-titulo-2025-10-04T121955.178-1024x1024.webp\" sizes=\"auto, (max-width: 1024px) 100vw, 1024px\" srcset=\"https:\/\/eldia.com.do\/wp-content\/uploads\/2025\/10\/Diseno-sin-titulo-2025-10-04T121955.178-1024x1024.webp 1024w, https:\/\/eldia.com.do\/wp-content\/uploads\/2025\/10\/Diseno-sin-titulo-2025-10-04T121955.178-300x300.webp 300w, https:\/\/eldia.com.do\/wp-content\/uploads\/2025\/10\/Diseno-sin-titulo-2025-10-04T121955.178-150x150.webp 150w, https:\/\/eldia.com.do\/wp-content\/uploads\/2025\/10\/Diseno-sin-titulo-2025-10-04T121955.178-768x768.webp 768w, https:\/\/eldia.com.do\/wp-content\/uploads\/2025\/10\/Diseno-sin-titulo-2025-10-04T121955.178-600x600.webp 600w, https:\/\/eldia.com.do\/wp-content\/uploads\/2025\/10\/Diseno-sin-titulo-2025-10-04T121955.178-900x900.webp 900w, https:\/\/eldia.com.do\/wp-content\/uploads\/2025\/10\/Diseno-sin-titulo-2025-10-04T121955.178.webp 1080w\" alt=\"CASO POLICIA LA BARRANQUITA\" width=\"1024\" height=\"1024\" data-src=\"https:\/\/eldia.com.do\/wp-content\/uploads\/2025\/10\/Diseno-sin-titulo-2025-10-04T121955.178-1024x1024.webp\" data-srcset=\"https:\/\/eldia.com.do\/wp-content\/uploads\/2025\/10\/Diseno-sin-titulo-2025-10-04T121955.178-1024x1024.webp 1024w, https:\/\/eldia.com.do\/wp-content\/uploads\/2025\/10\/Diseno-sin-titulo-2025-10-04T121955.178-300x300.webp 300w, https:\/\/eldia.com.do\/wp-content\/uploads\/2025\/10\/Diseno-sin-titulo-2025-10-04T121955.178-150x150.webp 150w, https:\/\/eldia.com.do\/wp-content\/uploads\/2025\/10\/Diseno-sin-titulo-2025-10-04T121955.178-768x768.webp 768w, https:\/\/eldia.com.do\/wp-content\/uploads\/2025\/10\/Diseno-sin-titulo-2025-10-04T121955.178-600x600.webp 600w, https:\/\/eldia.com.do\/wp-content\/uploads\/2025\/10\/Diseno-sin-titulo-2025-10-04T121955.178-900x900.webp 900w, https:\/\/eldia.com.do\/wp-content\/uploads\/2025\/10\/Diseno-sin-titulo-2025-10-04T121955.178.webp 1080w\" data-ll-status=\"loaded\" \/><\/figure>\n<\/div>\nJos\u00e9 Ignacio G\u00f3mez Rodr\u00edguez\n<p style=\"text-align: justify;\"><strong>Domingo De Los Santos Vargas<\/strong>, otro de los acusados en el caso del operativo de Santiago, tiene el rango de Teniente de la Polic\u00eda y es miembro del Departamento de Crimen Organizado y Casos Complejos de la Direcci\u00f3n Central de Investigaciones Criminales (DICRIM).<\/p>\n<div class=\"w-100 h-auto\" style=\"text-align: justify;\">\n<figure class=\"wp-block-image size-large is-resized\"><img loading=\"lazy\" decoding=\"async\" class=\"lazy w-100 h-auto entered loaded\" src=\"https:\/\/eldia.com.do\/wp-content\/uploads\/2025\/10\/Diseno-sin-titulo-2025-10-04T122136.743-1024x1024.webp\" sizes=\"auto, (max-width: 1024px) 100vw, 1024px\" srcset=\"https:\/\/eldia.com.do\/wp-content\/uploads\/2025\/10\/Diseno-sin-titulo-2025-10-04T122136.743-1024x1024.webp 1024w, https:\/\/eldia.com.do\/wp-content\/uploads\/2025\/10\/Diseno-sin-titulo-2025-10-04T122136.743-300x300.webp 300w, https:\/\/eldia.com.do\/wp-content\/uploads\/2025\/10\/Diseno-sin-titulo-2025-10-04T122136.743-150x150.webp 150w, https:\/\/eldia.com.do\/wp-content\/uploads\/2025\/10\/Diseno-sin-titulo-2025-10-04T122136.743-768x768.webp 768w, https:\/\/eldia.com.do\/wp-content\/uploads\/2025\/10\/Diseno-sin-titulo-2025-10-04T122136.743-600x600.webp 600w, https:\/\/eldia.com.do\/wp-content\/uploads\/2025\/10\/Diseno-sin-titulo-2025-10-04T122136.743-900x900.webp 900w, https:\/\/eldia.com.do\/wp-content\/uploads\/2025\/10\/Diseno-sin-titulo-2025-10-04T122136.743.webp 1080w\" alt=\"CASO POLICIA LA BARRANQUITA\" width=\"1024\" height=\"1024\" data-src=\"https:\/\/eldia.com.do\/wp-content\/uploads\/2025\/10\/Diseno-sin-titulo-2025-10-04T122136.743-1024x1024.webp\" data-srcset=\"https:\/\/eldia.com.do\/wp-content\/uploads\/2025\/10\/Diseno-sin-titulo-2025-10-04T122136.743-1024x1024.webp 1024w, https:\/\/eldia.com.do\/wp-content\/uploads\/2025\/10\/Diseno-sin-titulo-2025-10-04T122136.743-300x300.webp 300w, https:\/\/eldia.com.do\/wp-content\/uploads\/2025\/10\/Diseno-sin-titulo-2025-10-04T122136.743-150x150.webp 150w, https:\/\/eldia.com.do\/wp-content\/uploads\/2025\/10\/Diseno-sin-titulo-2025-10-04T122136.743-768x768.webp 768w, https:\/\/eldia.com.do\/wp-content\/uploads\/2025\/10\/Diseno-sin-titulo-2025-10-04T122136.743-600x600.webp 600w, https:\/\/eldia.com.do\/wp-content\/uploads\/2025\/10\/Diseno-sin-titulo-2025-10-04T122136.743-900x900.webp 900w, https:\/\/eldia.com.do\/wp-content\/uploads\/2025\/10\/Diseno-sin-titulo-2025-10-04T122136.743.webp 1080w\" data-ll-status=\"loaded\" \/><\/figure>\n<\/div>\nDomingo De Los Santos Vargas,\n<p style=\"text-align: justify;\">El Cabo de la Polic\u00eda,\u00a0<strong>Yohandy Encarnaci\u00f3n<\/strong>, es uno de los implicados en el hecho que fue catalogado como un acto bochornoso por la ministra de Interior y Polic\u00eda, Faride Raful, y quien tambi\u00e9n est\u00e1 adscrito al Departamento de Crimen Organizado y Casos Complejos de la Direcci\u00f3n Central de Investigaciones Criminales (DICRIM).<\/p>\n<div class=\"w-100 h-auto\" style=\"text-align: justify;\">\n<figure class=\"wp-block-image size-large is-resized\"><img loading=\"lazy\" decoding=\"async\" class=\"lazy w-100 h-auto entered loaded\" src=\"https:\/\/eldia.com.do\/wp-content\/uploads\/2025\/10\/Diseno-sin-titulo-2025-10-04T122351.263-1024x1024.webp\" sizes=\"auto, (max-width: 1024px) 100vw, 1024px\" srcset=\"https:\/\/eldia.com.do\/wp-content\/uploads\/2025\/10\/Diseno-sin-titulo-2025-10-04T122351.263-1024x1024.webp 1024w, https:\/\/eldia.com.do\/wp-content\/uploads\/2025\/10\/Diseno-sin-titulo-2025-10-04T122351.263-300x300.webp 300w, https:\/\/eldia.com.do\/wp-content\/uploads\/2025\/10\/Diseno-sin-titulo-2025-10-04T122351.263-150x150.webp 150w, https:\/\/eldia.com.do\/wp-content\/uploads\/2025\/10\/Diseno-sin-titulo-2025-10-04T122351.263-768x768.webp 768w, https:\/\/eldia.com.do\/wp-content\/uploads\/2025\/10\/Diseno-sin-titulo-2025-10-04T122351.263-600x600.webp 600w, https:\/\/eldia.com.do\/wp-content\/uploads\/2025\/10\/Diseno-sin-titulo-2025-10-04T122351.263-900x900.webp 900w, https:\/\/eldia.com.do\/wp-content\/uploads\/2025\/10\/Diseno-sin-titulo-2025-10-04T122351.263.webp 1080w\" alt=\"CASO POLICIA LA BARRANQUITA\" width=\"1024\" height=\"1024\" data-src=\"https:\/\/eldia.com.do\/wp-content\/uploads\/2025\/10\/Diseno-sin-titulo-2025-10-04T122351.263-1024x1024.webp\" data-srcset=\"https:\/\/eldia.com.do\/wp-content\/uploads\/2025\/10\/Diseno-sin-titulo-2025-10-04T122351.263-1024x1024.webp 1024w, https:\/\/eldia.com.do\/wp-content\/uploads\/2025\/10\/Diseno-sin-titulo-2025-10-04T122351.263-300x300.webp 300w, https:\/\/eldia.com.do\/wp-content\/uploads\/2025\/10\/Diseno-sin-titulo-2025-10-04T122351.263-150x150.webp 150w, https:\/\/eldia.com.do\/wp-content\/uploads\/2025\/10\/Diseno-sin-titulo-2025-10-04T122351.263-768x768.webp 768w, https:\/\/eldia.com.do\/wp-content\/uploads\/2025\/10\/Diseno-sin-titulo-2025-10-04T122351.263-600x600.webp 600w, https:\/\/eldia.com.do\/wp-content\/uploads\/2025\/10\/Diseno-sin-titulo-2025-10-04T122351.263-900x900.webp 900w, https:\/\/eldia.com.do\/wp-content\/uploads\/2025\/10\/Diseno-sin-titulo-2025-10-04T122351.263.webp 1080w\" data-ll-status=\"loaded\" \/><\/figure>\n<\/div>\nYohandy Encarnaci\u00f3n\n<p style=\"text-align: justify;\"><strong>Geyser Francisco \u00c1lvarez Rodr\u00edguez<\/strong>, tambi\u00e9n Cabo de la Polic\u00eda, es mencionado en el caso como uno de los implicados en la muerte de cinco hombres en el sector La Barranquita. \u00c1lvarez Rodr\u00edguez, al igual que sus compa\u00f1eros, forma parte del Departamento de Crimen Organizado y Casos Complejos de la Direcci\u00f3n Central de Investigaciones Criminales (DICRIM).<\/p>\n<div class=\"w-100 h-auto\" style=\"text-align: justify;\">\n<figure class=\"wp-block-image size-large is-resized\"><img loading=\"lazy\" decoding=\"async\" class=\"lazy w-100 h-auto entered loaded\" src=\"https:\/\/eldia.com.do\/wp-content\/uploads\/2025\/10\/Diseno-sin-titulo-2025-10-04T122535.415-1024x1024.webp\" sizes=\"auto, (max-width: 1024px) 100vw, 1024px\" srcset=\"https:\/\/eldia.com.do\/wp-content\/uploads\/2025\/10\/Diseno-sin-titulo-2025-10-04T122535.415-1024x1024.webp 1024w, https:\/\/eldia.com.do\/wp-content\/uploads\/2025\/10\/Diseno-sin-titulo-2025-10-04T122535.415-300x300.webp 300w, https:\/\/eldia.com.do\/wp-content\/uploads\/2025\/10\/Diseno-sin-titulo-2025-10-04T122535.415-150x150.webp 150w, https:\/\/eldia.com.do\/wp-content\/uploads\/2025\/10\/Diseno-sin-titulo-2025-10-04T122535.415-768x768.webp 768w, https:\/\/eldia.com.do\/wp-content\/uploads\/2025\/10\/Diseno-sin-titulo-2025-10-04T122535.415-600x600.webp 600w, https:\/\/eldia.com.do\/wp-content\/uploads\/2025\/10\/Diseno-sin-titulo-2025-10-04T122535.415-900x900.webp 900w, https:\/\/eldia.com.do\/wp-content\/uploads\/2025\/10\/Diseno-sin-titulo-2025-10-04T122535.415.webp 1080w\" alt=\"CASO POLICIA LA BARRANQUITA\" width=\"1024\" height=\"1024\" data-src=\"https:\/\/eldia.com.do\/wp-content\/uploads\/2025\/10\/Diseno-sin-titulo-2025-10-04T122535.415-1024x1024.webp\" data-srcset=\"https:\/\/eldia.com.do\/wp-content\/uploads\/2025\/10\/Diseno-sin-titulo-2025-10-04T122535.415-1024x1024.webp 1024w, https:\/\/eldia.com.do\/wp-content\/uploads\/2025\/10\/Diseno-sin-titulo-2025-10-04T122535.415-300x300.webp 300w, https:\/\/eldia.com.do\/wp-content\/uploads\/2025\/10\/Diseno-sin-titulo-2025-10-04T122535.415-150x150.webp 150w, https:\/\/eldia.com.do\/wp-content\/uploads\/2025\/10\/Diseno-sin-titulo-2025-10-04T122535.415-768x768.webp 768w, https:\/\/eldia.com.do\/wp-content\/uploads\/2025\/10\/Diseno-sin-titulo-2025-10-04T122535.415-600x600.webp 600w, https:\/\/eldia.com.do\/wp-content\/uploads\/2025\/10\/Diseno-sin-titulo-2025-10-04T122535.415-900x900.webp 900w, https:\/\/eldia.com.do\/wp-content\/uploads\/2025\/10\/Diseno-sin-titulo-2025-10-04T122535.415.webp 1080w\" data-ll-status=\"loaded\" \/><\/figure>\n<\/div>\nGeyser Francisco \u00c1lvarez Rodr\u00edguez\n<p style=\"text-align: justify;\">En la solicitud de medida de coerci\u00f3n del Ministerio P\u00fablico se apunta a\u00a0<strong>Adri\u00e1n Miguel Villalona Pineda<\/strong>, quien es Raso de la Polic\u00eda Nacional, como uno de los que participaron en el inicialmente denominado \u201cintercambio de disparos\u201d y que el mismo pertenece al Departamento de Crimen Organizado y Casos Complejos de la Direcci\u00f3n Central de Investigaciones Criminales (DICRIM).<\/p>\n<div class=\"w-100 h-auto\" style=\"text-align: justify;\">\n<figure class=\"wp-block-image size-large is-resized\"><img loading=\"lazy\" decoding=\"async\" class=\"lazy w-100 h-auto entered loaded\" src=\"https:\/\/eldia.com.do\/wp-content\/uploads\/2025\/10\/Diseno-sin-titulo-2025-10-04T122645.900-1024x1024.webp\" sizes=\"auto, (max-width: 1024px) 100vw, 1024px\" srcset=\"https:\/\/eldia.com.do\/wp-content\/uploads\/2025\/10\/Diseno-sin-titulo-2025-10-04T122645.900-1024x1024.webp 1024w, https:\/\/eldia.com.do\/wp-content\/uploads\/2025\/10\/Diseno-sin-titulo-2025-10-04T122645.900-300x300.webp 300w, https:\/\/eldia.com.do\/wp-content\/uploads\/2025\/10\/Diseno-sin-titulo-2025-10-04T122645.900-150x150.webp 150w, https:\/\/eldia.com.do\/wp-content\/uploads\/2025\/10\/Diseno-sin-titulo-2025-10-04T122645.900-768x768.webp 768w, https:\/\/eldia.com.do\/wp-content\/uploads\/2025\/10\/Diseno-sin-titulo-2025-10-04T122645.900-600x600.webp 600w, https:\/\/eldia.com.do\/wp-content\/uploads\/2025\/10\/Diseno-sin-titulo-2025-10-04T122645.900-900x900.webp 900w, https:\/\/eldia.com.do\/wp-content\/uploads\/2025\/10\/Diseno-sin-titulo-2025-10-04T122645.900.webp 1080w\" alt=\"CASO POLICIA LA BARRANQUITA\" width=\"1024\" height=\"1024\" data-src=\"https:\/\/eldia.com.do\/wp-content\/uploads\/2025\/10\/Diseno-sin-titulo-2025-10-04T122645.900-1024x1024.webp\" data-srcset=\"https:\/\/eldia.com.do\/wp-content\/uploads\/2025\/10\/Diseno-sin-titulo-2025-10-04T122645.900-1024x1024.webp 1024w, https:\/\/eldia.com.do\/wp-content\/uploads\/2025\/10\/Diseno-sin-titulo-2025-10-04T122645.900-300x300.webp 300w, https:\/\/eldia.com.do\/wp-content\/uploads\/2025\/10\/Diseno-sin-titulo-2025-10-04T122645.900-150x150.webp 150w, https:\/\/eldia.com.do\/wp-content\/uploads\/2025\/10\/Diseno-sin-titulo-2025-10-04T122645.900-768x768.webp 768w, https:\/\/eldia.com.do\/wp-content\/uploads\/2025\/10\/Diseno-sin-titulo-2025-10-04T122645.900-600x600.webp 600w, https:\/\/eldia.com.do\/wp-content\/uploads\/2025\/10\/Diseno-sin-titulo-2025-10-04T122645.900-900x900.webp 900w, https:\/\/eldia.com.do\/wp-content\/uploads\/2025\/10\/Diseno-sin-titulo-2025-10-04T122645.900.webp 1080w\" data-ll-status=\"loaded\" \/><\/figure>\n<\/div>\nAdri\u00e1n Miguel Villalona Pineda\n<p style=\"text-align: justify;\">Otro es\u00a0<strong>Hansel Michel Cuevas Carrasco<\/strong>, quien tiene el rango de Mayor de la Polic\u00eda y es miembro de la Sub Direcci\u00f3n Regional de Investigaci\u00f3n Cibao Central de la PN, Santiago de los Caballeros.<\/p>\n<div class=\"w-100 h-auto\" style=\"text-align: justify;\">\n<figure class=\"wp-block-image size-large is-resized\"><img loading=\"lazy\" decoding=\"async\" class=\"lazy w-100 h-auto entered loaded\" src=\"https:\/\/eldia.com.do\/wp-content\/uploads\/2025\/10\/Diseno-sin-titulo-2025-10-04T122812.648-1024x1024.webp\" sizes=\"auto, (max-width: 1024px) 100vw, 1024px\" srcset=\"https:\/\/eldia.com.do\/wp-content\/uploads\/2025\/10\/Diseno-sin-titulo-2025-10-04T122812.648-1024x1024.webp 1024w, https:\/\/eldia.com.do\/wp-content\/uploads\/2025\/10\/Diseno-sin-titulo-2025-10-04T122812.648-300x300.webp 300w, https:\/\/eldia.com.do\/wp-content\/uploads\/2025\/10\/Diseno-sin-titulo-2025-10-04T122812.648-150x150.webp 150w, https:\/\/eldia.com.do\/wp-content\/uploads\/2025\/10\/Diseno-sin-titulo-2025-10-04T122812.648-768x768.webp 768w, https:\/\/eldia.com.do\/wp-content\/uploads\/2025\/10\/Diseno-sin-titulo-2025-10-04T122812.648-600x600.webp 600w, https:\/\/eldia.com.do\/wp-content\/uploads\/2025\/10\/Diseno-sin-titulo-2025-10-04T122812.648-900x900.webp 900w, https:\/\/eldia.com.do\/wp-content\/uploads\/2025\/10\/Diseno-sin-titulo-2025-10-04T122812.648.webp 1080w\" alt=\"CASO POLICIA LA BARRANQUITA\" width=\"1024\" height=\"1024\" data-src=\"https:\/\/eldia.com.do\/wp-content\/uploads\/2025\/10\/Diseno-sin-titulo-2025-10-04T122812.648-1024x1024.webp\" data-srcset=\"https:\/\/eldia.com.do\/wp-content\/uploads\/2025\/10\/Diseno-sin-titulo-2025-10-04T122812.648-1024x1024.webp 1024w, https:\/\/eldia.com.do\/wp-content\/uploads\/2025\/10\/Diseno-sin-titulo-2025-10-04T122812.648-300x300.webp 300w, https:\/\/eldia.com.do\/wp-content\/uploads\/2025\/10\/Diseno-sin-titulo-2025-10-04T122812.648-150x150.webp 150w, https:\/\/eldia.com.do\/wp-content\/uploads\/2025\/10\/Diseno-sin-titulo-2025-10-04T122812.648-768x768.webp 768w, https:\/\/eldia.com.do\/wp-content\/uploads\/2025\/10\/Diseno-sin-titulo-2025-10-04T122812.648-600x600.webp 600w, https:\/\/eldia.com.do\/wp-content\/uploads\/2025\/10\/Diseno-sin-titulo-2025-10-04T122812.648-900x900.webp 900w, https:\/\/eldia.com.do\/wp-content\/uploads\/2025\/10\/Diseno-sin-titulo-2025-10-04T122812.648.webp 1080w\" data-ll-status=\"loaded\" \/><\/figure>\n<\/div>\nHansel Michel Cuevas Carrasco\n<p style=\"text-align: justify;\">Tambi\u00e9n\u00a0<strong>S\u00f3crates Fidel Feliz Feliz<\/strong>, Sargento Mayor de la Polic\u00eda y adscrito a la Sub Direcci\u00f3n Regional de Investigaci\u00f3n Cibao Central de la PN, Santiago de los Caballeros, es uno de los nombrados en el documento por las autoridades.<\/p>\n<div class=\"w-100 h-auto\" style=\"text-align: justify;\">\n<figure class=\"wp-block-image size-large is-resized\"><img loading=\"lazy\" decoding=\"async\" class=\"lazy w-100 h-auto entered loaded\" src=\"https:\/\/eldia.com.do\/wp-content\/uploads\/2025\/10\/Diseno-sin-titulo-2025-10-04T123018.428-1024x1024.webp\" sizes=\"auto, (max-width: 1024px) 100vw, 1024px\" srcset=\"https:\/\/eldia.com.do\/wp-content\/uploads\/2025\/10\/Diseno-sin-titulo-2025-10-04T123018.428-1024x1024.webp 1024w, https:\/\/eldia.com.do\/wp-content\/uploads\/2025\/10\/Diseno-sin-titulo-2025-10-04T123018.428-300x300.webp 300w, https:\/\/eldia.com.do\/wp-content\/uploads\/2025\/10\/Diseno-sin-titulo-2025-10-04T123018.428-150x150.webp 150w, https:\/\/eldia.com.do\/wp-content\/uploads\/2025\/10\/Diseno-sin-titulo-2025-10-04T123018.428-768x768.webp 768w, https:\/\/eldia.com.do\/wp-content\/uploads\/2025\/10\/Diseno-sin-titulo-2025-10-04T123018.428-600x600.webp 600w, https:\/\/eldia.com.do\/wp-content\/uploads\/2025\/10\/Diseno-sin-titulo-2025-10-04T123018.428-900x900.webp 900w, https:\/\/eldia.com.do\/wp-content\/uploads\/2025\/10\/Diseno-sin-titulo-2025-10-04T123018.428.webp 1080w\" alt=\"CASO POLICIA LA BARRANQUITA\" width=\"1024\" height=\"1024\" data-src=\"https:\/\/eldia.com.do\/wp-content\/uploads\/2025\/10\/Diseno-sin-titulo-2025-10-04T123018.428-1024x1024.webp\" data-srcset=\"https:\/\/eldia.com.do\/wp-content\/uploads\/2025\/10\/Diseno-sin-titulo-2025-10-04T123018.428-1024x1024.webp 1024w, https:\/\/eldia.com.do\/wp-content\/uploads\/2025\/10\/Diseno-sin-titulo-2025-10-04T123018.428-300x300.webp 300w, https:\/\/eldia.com.do\/wp-content\/uploads\/2025\/10\/Diseno-sin-titulo-2025-10-04T123018.428-150x150.webp 150w, https:\/\/eldia.com.do\/wp-content\/uploads\/2025\/10\/Diseno-sin-titulo-2025-10-04T123018.428-768x768.webp 768w, https:\/\/eldia.com.do\/wp-content\/uploads\/2025\/10\/Diseno-sin-titulo-2025-10-04T123018.428-600x600.webp 600w, https:\/\/eldia.com.do\/wp-content\/uploads\/2025\/10\/Diseno-sin-titulo-2025-10-04T123018.428-900x900.webp 900w, https:\/\/eldia.com.do\/wp-content\/uploads\/2025\/10\/Diseno-sin-titulo-2025-10-04T123018.428.webp 1080w\" data-ll-status=\"loaded\" \/><\/figure>\n<\/div>\nS\u00f3crates Fidel Feliz Feliz\n<p style=\"text-align: justify;\"><strong>Hairo Mateo Morillo,<\/strong>\u00a0que tiene el rango de Sargento de la Polic\u00eda, est\u00e1 acusado de formar parte junto a los otros diez polic\u00edas de asesinar a cinco hombres en Santiago, siendo miembro de la Sub Direcci\u00f3n Regional de Investigaci\u00f3n Cibao-Central de la PN, Santiago de los Caballeros.<\/p>\n<div class=\"w-100 h-auto\" style=\"text-align: justify;\">\n<figure class=\"wp-block-image size-large is-resized\"><img loading=\"lazy\" decoding=\"async\" class=\"lazy w-100 h-auto entered loaded\" src=\"https:\/\/eldia.com.do\/wp-content\/uploads\/2025\/10\/Diseno-sin-titulo-2025-10-04T123134.879-1024x1024.webp\" sizes=\"auto, (max-width: 1024px) 100vw, 1024px\" srcset=\"https:\/\/eldia.com.do\/wp-content\/uploads\/2025\/10\/Diseno-sin-titulo-2025-10-04T123134.879-1024x1024.webp 1024w, https:\/\/eldia.com.do\/wp-content\/uploads\/2025\/10\/Diseno-sin-titulo-2025-10-04T123134.879-300x300.webp 300w, https:\/\/eldia.com.do\/wp-content\/uploads\/2025\/10\/Diseno-sin-titulo-2025-10-04T123134.879-150x150.webp 150w, https:\/\/eldia.com.do\/wp-content\/uploads\/2025\/10\/Diseno-sin-titulo-2025-10-04T123134.879-768x768.webp 768w, https:\/\/eldia.com.do\/wp-content\/uploads\/2025\/10\/Diseno-sin-titulo-2025-10-04T123134.879-600x600.webp 600w, https:\/\/eldia.com.do\/wp-content\/uploads\/2025\/10\/Diseno-sin-titulo-2025-10-04T123134.879-900x900.webp 900w, https:\/\/eldia.com.do\/wp-content\/uploads\/2025\/10\/Diseno-sin-titulo-2025-10-04T123134.879.webp 1080w\" alt=\"CASO POLICIA LA BARRANQUITA\" width=\"1024\" height=\"1024\" data-src=\"https:\/\/eldia.com.do\/wp-content\/uploads\/2025\/10\/Diseno-sin-titulo-2025-10-04T123134.879-1024x1024.webp\" data-srcset=\"https:\/\/eldia.com.do\/wp-content\/uploads\/2025\/10\/Diseno-sin-titulo-2025-10-04T123134.879-1024x1024.webp 1024w, https:\/\/eldia.com.do\/wp-content\/uploads\/2025\/10\/Diseno-sin-titulo-2025-10-04T123134.879-300x300.webp 300w, https:\/\/eldia.com.do\/wp-content\/uploads\/2025\/10\/Diseno-sin-titulo-2025-10-04T123134.879-150x150.webp 150w, https:\/\/eldia.com.do\/wp-content\/uploads\/2025\/10\/Diseno-sin-titulo-2025-10-04T123134.879-768x768.webp 768w, https:\/\/eldia.com.do\/wp-content\/uploads\/2025\/10\/Diseno-sin-titulo-2025-10-04T123134.879-600x600.webp 600w, https:\/\/eldia.com.do\/wp-content\/uploads\/2025\/10\/Diseno-sin-titulo-2025-10-04T123134.879-900x900.webp 900w, https:\/\/eldia.com.do\/wp-content\/uploads\/2025\/10\/Diseno-sin-titulo-2025-10-04T123134.879.webp 1080w\" data-ll-status=\"loaded\" \/><\/figure>\n<\/div>\nHairo Mateo Morillo,\n<p style=\"text-align: justify;\"><strong>C\u00e9sar Augusto Mart\u00ednez Trinidad<\/strong>, Cabo de la Polic\u00eda Nacional, tambi\u00e9n es se\u00f1alado de participar en el operativo y de estar adscrito a la Sub Direcci\u00f3n Regional de Investigaci\u00f3n Cibao-Central de la PN, Santiago de los Caballeros.<\/p>\n<div class=\"w-100 h-auto\" style=\"text-align: justify;\">\n<figure class=\"wp-block-image size-large is-resized\"><img loading=\"lazy\" decoding=\"async\" class=\"lazy w-100 h-auto entered loaded\" src=\"https:\/\/eldia.com.do\/wp-content\/uploads\/2025\/10\/Diseno-sin-titulo-2025-10-04T123250.016-1024x1024.webp\" sizes=\"auto, (max-width: 1024px) 100vw, 1024px\" srcset=\"https:\/\/eldia.com.do\/wp-content\/uploads\/2025\/10\/Diseno-sin-titulo-2025-10-04T123250.016-1024x1024.webp 1024w, https:\/\/eldia.com.do\/wp-content\/uploads\/2025\/10\/Diseno-sin-titulo-2025-10-04T123250.016-300x300.webp 300w, https:\/\/eldia.com.do\/wp-content\/uploads\/2025\/10\/Diseno-sin-titulo-2025-10-04T123250.016-150x150.webp 150w, https:\/\/eldia.com.do\/wp-content\/uploads\/2025\/10\/Diseno-sin-titulo-2025-10-04T123250.016-768x768.webp 768w, https:\/\/eldia.com.do\/wp-content\/uploads\/2025\/10\/Diseno-sin-titulo-2025-10-04T123250.016-600x600.webp 600w, https:\/\/eldia.com.do\/wp-content\/uploads\/2025\/10\/Diseno-sin-titulo-2025-10-04T123250.016-900x900.webp 900w, https:\/\/eldia.com.do\/wp-content\/uploads\/2025\/10\/Diseno-sin-titulo-2025-10-04T123250.016.webp 1080w\" alt=\"CASO POLICIA LA BARRANQUITA\" width=\"1024\" height=\"1024\" data-src=\"https:\/\/eldia.com.do\/wp-content\/uploads\/2025\/10\/Diseno-sin-titulo-2025-10-04T123250.016-1024x1024.webp\" data-srcset=\"https:\/\/eldia.com.do\/wp-content\/uploads\/2025\/10\/Diseno-sin-titulo-2025-10-04T123250.016-1024x1024.webp 1024w, https:\/\/eldia.com.do\/wp-content\/uploads\/2025\/10\/Diseno-sin-titulo-2025-10-04T123250.016-300x300.webp 300w, https:\/\/eldia.com.do\/wp-content\/uploads\/2025\/10\/Diseno-sin-titulo-2025-10-04T123250.016-150x150.webp 150w, https:\/\/eldia.com.do\/wp-content\/uploads\/2025\/10\/Diseno-sin-titulo-2025-10-04T123250.016-768x768.webp 768w, https:\/\/eldia.com.do\/wp-content\/uploads\/2025\/10\/Diseno-sin-titulo-2025-10-04T123250.016-600x600.webp 600w, https:\/\/eldia.com.do\/wp-content\/uploads\/2025\/10\/Diseno-sin-titulo-2025-10-04T123250.016-900x900.webp 900w, https:\/\/eldia.com.do\/wp-content\/uploads\/2025\/10\/Diseno-sin-titulo-2025-10-04T123250.016.webp 1080w\" data-ll-status=\"loaded\" \/><\/figure>\n<\/div>\nC\u00e9sar Augusto Mart\u00ednez Trinidad,\n<p style=\"text-align: justify;\">El Raso\u00a0<strong>Jos\u00e9 Octavio Jim\u00e9nez Pe\u00f1a<\/strong>\u00a0est\u00e1 implicado en el caso que incluye a miembros del orden, as\u00ed como de estar adscrito a la Sub Direcci\u00f3n Regional de Investigaci\u00f3n Cibao-Central de la PN, Santiago de los Caballeros.<\/p>\n<div class=\"w-100 h-auto\" style=\"text-align: justify;\">\n<figure class=\"wp-block-image size-large is-resized\"><img loading=\"lazy\" decoding=\"async\" class=\"lazy w-100 h-auto entered loaded\" src=\"https:\/\/eldia.com.do\/wp-content\/uploads\/2025\/10\/Diseno-sin-titulo-2025-10-04T123404.866-1024x1024.webp\" sizes=\"auto, (max-width: 1024px) 100vw, 1024px\" srcset=\"https:\/\/eldia.com.do\/wp-content\/uploads\/2025\/10\/Diseno-sin-titulo-2025-10-04T123404.866-1024x1024.webp 1024w, https:\/\/eldia.com.do\/wp-content\/uploads\/2025\/10\/Diseno-sin-titulo-2025-10-04T123404.866-300x300.webp 300w, https:\/\/eldia.com.do\/wp-content\/uploads\/2025\/10\/Diseno-sin-titulo-2025-10-04T123404.866-150x150.webp 150w, https:\/\/eldia.com.do\/wp-content\/uploads\/2025\/10\/Diseno-sin-titulo-2025-10-04T123404.866-768x768.webp 768w, https:\/\/eldia.com.do\/wp-content\/uploads\/2025\/10\/Diseno-sin-titulo-2025-10-04T123404.866-600x600.webp 600w, https:\/\/eldia.com.do\/wp-content\/uploads\/2025\/10\/Diseno-sin-titulo-2025-10-04T123404.866-900x900.webp 900w, https:\/\/eldia.com.do\/wp-content\/uploads\/2025\/10\/Diseno-sin-titulo-2025-10-04T123404.866.webp 1080w\" alt=\"CASO POLICIA LA BARRANQUITA\" width=\"1024\" height=\"1024\" data-src=\"https:\/\/eldia.com.do\/wp-content\/uploads\/2025\/10\/Diseno-sin-titulo-2025-10-04T123404.866-1024x1024.webp\" data-srcset=\"https:\/\/eldia.com.do\/wp-content\/uploads\/2025\/10\/Diseno-sin-titulo-2025-10-04T123404.866-1024x1024.webp 1024w, https:\/\/eldia.com.do\/wp-content\/uploads\/2025\/10\/Diseno-sin-titulo-2025-10-04T123404.866-300x300.webp 300w, https:\/\/eldia.com.do\/wp-content\/uploads\/2025\/10\/Diseno-sin-titulo-2025-10-04T123404.866-150x150.webp 150w, https:\/\/eldia.com.do\/wp-content\/uploads\/2025\/10\/Diseno-sin-titulo-2025-10-04T123404.866-768x768.webp 768w, https:\/\/eldia.com.do\/wp-content\/uploads\/2025\/10\/Diseno-sin-titulo-2025-10-04T123404.866-600x600.webp 600w, https:\/\/eldia.com.do\/wp-content\/uploads\/2025\/10\/Diseno-sin-titulo-2025-10-04T123404.866-900x900.webp 900w, https:\/\/eldia.com.do\/wp-content\/uploads\/2025\/10\/Diseno-sin-titulo-2025-10-04T123404.866.webp 1080w\" data-ll-status=\"loaded\" \/><\/figure>\n<\/div>\nJos\u00e9 Octavio Jim\u00e9nez Pe\u00f1a.\n<h3 class=\"wp-block-heading\" style=\"text-align: justify;\">Medida del Ministerio P\u00fablico<\/h3>\n<p style=\"text-align: justify;\">Ante esto y posterior a denuncia de los familiares de los fallecidos en el operativo, el Ministerio P\u00fablico solicit\u00f3 medida de coerci\u00f3n para los imputados mientras se lleva a cabo una investigaci\u00f3n m\u00e1s profunda de lo ocurrido para determinar las razones del hecho ocurrido el pasado 10 de septiembre en el sector La Barranquita de Santiago de los Caballeros.<\/p>\n<p style=\"text-align: justify;\">En el que seis de los 11 agentes viajaron desde Santo Domingo para participar en un supuesto operativo vinculado a un caso de tr\u00e1fico de armas.<\/p>\n<p style=\"text-align: justify;\">El documento judicial detalla que, tras la reuni\u00f3n, los once imputados acordaron desplazarse hacia la avenida Ol\u00edmpica, pr\u00f3ximo a Corona Plaza, en el sector La Barranquita, donde supuestamente realizar\u00edan el operativo.<\/p>\n<p style=\"text-align: justify;\">Salieron en tres veh\u00edculos: una camioneta Toyota Hilux blanca (placa PP-034175), un Kia Rio (placa A690258) y un Toyota Yaris (placa A401356). Los desplazamientos fueron captados por las c\u00e1maras del Sistema Nacional de Emergencias y Seguridad 9-1-1 a las 2:15 p.m.<\/p>\n<\/div>\n<\/div>\n<div class=\"row px-2 px-md-auto\" style=\"text-align: justify;\">\u00a0<\/div>\n<\/div>\n<\/div>\n\n\n<div class=\"wp-block-group\"><div class=\"wp-block-group__inner-container is-layout-constrained wp-block-group-is-layout-constrained\">\n<div id=\"DenunciayAPP\" class=\"wp-block-group\"><div class=\"wp-block-group__inner-container is-layout-constrained wp-block-group-is-layout-constrained\">\n<p><a href=\"https:\/\/whatsapp.com\/channel\/0029Va88WGP2ER6ZxD6TCa3U\" target=\"_blank\" rel=\"noopener\"><img loading=\"lazy\" decoding=\"async\" class=\"aligncenter size-full wp-image-155512\" src=\"https:\/\/infoelnuevonorte.com\/wp-content\/uploads\/2025\/10\/Canal-whatsapp-infoenn.jpeg\" alt=\"\" width=\"2046\" height=\"554\" srcset=\"https:\/\/infoelnuevonorte.com\/wp-content\/uploads\/2025\/10\/Canal-whatsapp-infoenn.jpeg 2046w, https:\/\/infoelnuevonorte.com\/wp-content\/uploads\/2025\/10\/Canal-whatsapp-infoenn-300x81.jpeg 300w, https:\/\/infoelnuevonorte.com\/wp-content\/uploads\/2025\/10\/Canal-whatsapp-infoenn-1024x277.jpeg 1024w, https:\/\/infoelnuevonorte.com\/wp-content\/uploads\/2025\/10\/Canal-whatsapp-infoenn-768x208.jpeg 768w, https:\/\/infoelnuevonorte.com\/wp-content\/uploads\/2025\/10\/Canal-whatsapp-infoenn-1536x416.jpeg 1536w, https:\/\/infoelnuevonorte.com\/wp-content\/uploads\/2025\/10\/Canal-whatsapp-infoenn-1551x420.jpeg 1551w, https:\/\/infoelnuevonorte.com\/wp-content\/uploads\/2025\/10\/Canal-whatsapp-infoenn-150x41.jpeg 150w, https:\/\/infoelnuevonorte.com\/wp-content\/uploads\/2025\/10\/Canal-whatsapp-infoenn-696x188.jpeg 696w, https:\/\/infoelnuevonorte.com\/wp-content\/uploads\/2025\/10\/Canal-whatsapp-infoenn-1068x289.jpeg 1068w, https:\/\/infoelnuevonorte.com\/wp-content\/uploads\/2025\/10\/Canal-whatsapp-infoenn-1920x520.jpeg 1920w\" sizes=\"(max-width: 2046px) 100vw, 2046px\" \/><\/a><\/p>\n<p>\ud83d\udd17 S\u00edguenos en nuestras redes:<br data-start=\"2686\" data-end=\"2689\" \/><a href=\"https:\/\/x.com\/Elnuevo_norte\">X<\/a> | <a class=\"\" href=\"https:\/\/t.me\/infoenn\" target=\"_new\" rel=\"noopener\" data-start=\"2757\" data-end=\"2789\">Telegram<\/a> | <a class=\"\" href=\"https:\/\/instagram.com\/noticiasenn1?r=nametag\" target=\"_new\" rel=\"noopener\" data-start=\"2792\" data-end=\"2849\">Instagram<\/a><br data-start=\"2849\" data-end=\"2852\" \/><a class=\"\" href=\"https:\/\/www.facebook.com\/infoenn\" target=\"_new\" rel=\"noopener\" data-start=\"2852\" data-end=\"2896\">Facebook<\/a> | <a class=\"\" href=\"https:\/\/www.threads.net\/@noticiasenn1\" target=\"_new\" rel=\"noopener\" data-start=\"2899\" data-end=\"2947\">Threads<\/a> | <a class=\"\" href=\"https:\/\/www.youtube.com\/channel\/UCZZJg_scU1p_c6cvyCHY48A\" target=\"_new\" rel=\"noopener\" data-start=\"2950\" data-end=\"3017\" data-is-last-node=\"\">YouTube<\/a><\/p>\n<p>\ud83d\ude4f \u00a1Tu apoyo es importante!<\/p>\n<p>\ud83d\udd3bDESCARGAR NUESTRA APP \"<span style=\"color: #0000ff;\"><strong>Info ENN<\/strong><\/span>\"<\/p>\n\n\n\n<div class=\"wp-block-buttons is-content-justification-left is-layout-flex wp-container-core-buttons-is-layout-1 wp-block-buttons-is-layout-flex\">\n<div class=\"wp-block-button is-style-3d\"><a class=\"wp-block-button__link has-white-background-color has-background wp-element-button\" href=\"https:\/\/apps.apple.com\/do\/app\/infoenn\/id6503000762\"><img loading=\"lazy\" decoding=\"async\" width=\"150\" height=\"50\" class=\"wp-image-104096\" style=\"width: 150px;\" src=\"https:\/\/infoelnuevonorte.com\/wp-content\/uploads\/2025\/05\/Download_on_the_App_Store_RGB_blk.svg_.png\" alt=\"\" srcset=\"https:\/\/infoelnuevonorte.com\/wp-content\/uploads\/2025\/05\/Download_on_the_App_Store_RGB_blk.svg_.png 1280w, https:\/\/infoelnuevonorte.com\/wp-content\/uploads\/2025\/05\/Download_on_the_App_Store_RGB_blk.svg_-300x100.png 300w, https:\/\/infoelnuevonorte.com\/wp-content\/uploads\/2025\/05\/Download_on_the_App_Store_RGB_blk.svg_-1024x342.png 1024w, https:\/\/infoelnuevonorte.com\/wp-content\/uploads\/2025\/05\/Download_on_the_App_Store_RGB_blk.svg_-768x257.png 768w, https:\/\/infoelnuevonorte.com\/wp-content\/uploads\/2025\/05\/Download_on_the_App_Store_RGB_blk.svg_-1256x420.png 1256w, https:\/\/infoelnuevonorte.com\/wp-content\/uploads\/2025\/05\/Download_on_the_App_Store_RGB_blk.svg_-150x50.png 150w, https:\/\/infoelnuevonorte.com\/wp-content\/uploads\/2025\/05\/Download_on_the_App_Store_RGB_blk.svg_-696x233.png 696w, https:\/\/infoelnuevonorte.com\/wp-content\/uploads\/2025\/05\/Download_on_the_App_Store_RGB_blk.svg_-1068x357.png 1068w, https:\/\/infoelnuevonorte.com\/wp-content\/uploads\/2025\/05\/Download_on_the_App_Store_RGB_blk.svg_-200x67.png 200w\" sizes=\"(max-width: 150px) 100vw, 150px\" \/><\/a><\/div>\n<\/div>\n\n\n\n<div class=\"wp-block-buttons is-layout-flex wp-block-buttons-is-layout-flex\">\n<div class=\"wp-block-button is-style-3d td_btn_large\"><a class=\"wp-block-button__link has-white-background-color has-background wp-element-button\" href=\"https:\/\/mega.nz\/file\/vRhVTJBD#6P0Os8p_y2oJgZIa__7dhjqdpW42XJ_cY3zmbyxVohM\" target=\"_blank\" rel=\"noreferrer noopener\"><mark style=\"background-color:rgba(0, 0, 0, 0)\" class=\"has-inline-color has-light-green-cyan-color\"><img loading=\"lazy\" decoding=\"async\" width=\"150\" height=\"49\" class=\"wp-image-104095\" style=\"width: 150px;\" src=\"https:\/\/infoelnuevonorte.com\/wp-content\/uploads\/2025\/05\/badge-google-play-and-app-store-button-download-free-png.webp\" alt=\"\" srcset=\"https:\/\/infoelnuevonorte.com\/wp-content\/uploads\/2025\/05\/badge-google-play-and-app-store-button-download-free-png.webp 1920w, https:\/\/infoelnuevonorte.com\/wp-content\/uploads\/2025\/05\/badge-google-play-and-app-store-button-download-free-png-300x98.webp 300w, https:\/\/infoelnuevonorte.com\/wp-content\/uploads\/2025\/05\/badge-google-play-and-app-store-button-download-free-png-1024x335.webp 1024w, https:\/\/infoelnuevonorte.com\/wp-content\/uploads\/2025\/05\/badge-google-play-and-app-store-button-download-free-png-768x252.webp 768w, https:\/\/infoelnuevonorte.com\/wp-content\/uploads\/2025\/05\/badge-google-play-and-app-store-button-download-free-png-1536x503.webp 1536w, https:\/\/infoelnuevonorte.com\/wp-content\/uploads\/2025\/05\/badge-google-play-and-app-store-button-download-free-png-1282x420.webp 1282w, https:\/\/infoelnuevonorte.com\/wp-content\/uploads\/2025\/05\/badge-google-play-and-app-store-button-download-free-png-150x49.webp 150w, https:\/\/infoelnuevonorte.com\/wp-content\/uploads\/2025\/05\/badge-google-play-and-app-store-button-download-free-png-696x228.webp 696w, https:\/\/infoelnuevonorte.com\/wp-content\/uploads\/2025\/05\/badge-google-play-and-app-store-button-download-free-png-1068x350.webp 1068w, https:\/\/infoelnuevonorte.com\/wp-content\/uploads\/2025\/05\/badge-google-play-and-app-store-button-download-free-png-200x66.webp 200w\" sizes=\"(max-width: 150px) 100vw, 150px\" \/><\/mark><\/a><\/div>\n<\/div>\n\n\n\n<p style=\"text-align: justify;\"><strong data-start=\"0\" data-end=\"18\" data-is-only-node=\"\"><a href=\"https:\/\/infoelnuevonorte.com\/\"><img loading=\"lazy\" decoding=\"async\" class=\" wp-image-159681 alignleft\" src=\"https:\/\/infoelnuevonorte.com\/wp-content\/uploads\/2025\/11\/Logo-3d-infoenn-con-fondo-blanco.jpg\" alt=\"\" width=\"240\" height=\"86\" srcset=\"https:\/\/infoelnuevonorte.com\/wp-content\/uploads\/2025\/11\/Logo-3d-infoenn-con-fondo-blanco.jpg 1696w, https:\/\/infoelnuevonorte.com\/wp-content\/uploads\/2025\/11\/Logo-3d-infoenn-con-fondo-blanco-300x108.jpg 300w, https:\/\/infoelnuevonorte.com\/wp-content\/uploads\/2025\/11\/Logo-3d-infoenn-con-fondo-blanco-1024x367.jpg 1024w, https:\/\/infoelnuevonorte.com\/wp-content\/uploads\/2025\/11\/Logo-3d-infoenn-con-fondo-blanco-768x275.jpg 768w, https:\/\/infoelnuevonorte.com\/wp-content\/uploads\/2025\/11\/Logo-3d-infoenn-con-fondo-blanco-1536x551.jpg 1536w, https:\/\/infoelnuevonorte.com\/wp-content\/uploads\/2025\/11\/Logo-3d-infoenn-con-fondo-blanco-1172x420.jpg 1172w, https:\/\/infoelnuevonorte.com\/wp-content\/uploads\/2025\/11\/Logo-3d-infoenn-con-fondo-blanco-150x54.jpg 150w, https:\/\/infoelnuevonorte.com\/wp-content\/uploads\/2025\/11\/Logo-3d-infoenn-con-fondo-blanco-696x250.jpg 696w, https:\/\/infoelnuevonorte.com\/wp-content\/uploads\/2025\/11\/Logo-3d-infoenn-con-fondo-blanco-1068x383.jpg 1068w\" sizes=\"(max-width: 240px) 100vw, 240px\" \/><\/a>El Nuevo Norte<\/strong> es un peri\u00f3dico digital dominicano fundado el <strong data-start=\"65\" data-end=\"90\">12 de febrero de 2006<\/strong> por el periodista <strong data-start=\"109\" data-end=\"129\">Junior Henr\u00edquez<\/strong>, quien funge como director y fundador. A trav\u00e9s de la web <strong data-start=\"188\" data-end=\"212\">infoelnuevonorte.com<\/strong>, el medio ofrece informaci\u00f3n veraz y oportuna sobre los acontecimientos sociales, pol\u00edticos, comunitarios y de actualidad general, tanto a nivel nacional como internacional, promoviendo un periodismo responsable, participativo y comprometido con la libre expresi\u00f3n y el fortalecimiento de la democracia informativa.<\/p>\n<\/div><\/div>\n<\/div><\/div>\n","protected":false},"excerpt":{"rendered":"<p>Santo Domingo, RD.\u00a0\u2013 Las autoridades dieron a conocer los nombres y rangos de los 11 polic\u00edas implicados en el supuesto operativo que dej\u00f3 un saldo de\u00a0cinco muertos en La Barranquita, Santiago. De acuerdo con la solicitud de coerci\u00f3n del Ministerio P\u00fablico, los imputados pertenec\u00edan al Departamento de Crimen Organizado y Casos Complejos de la Direcci\u00f3n [&hellip;]<\/p>\n","protected":false},"author":2,"featured_media":149390,"comment_status":"closed","ping_status":"open","sticky":false,"template":"","format":"standard","meta":{"footnotes":""},"categories":[5],"tags":[],"yoast_head":"<!-- This site is optimized with the Yoast SEO plugin v24.5 - https:\/\/yoast.com\/wordpress\/plugins\/seo\/ -->\n<title>Qui\u00e9nes son los 11 polic\u00edas que participaron en el &quot;operativo&quot; que dej\u00f3 5 muertos en La Barranquita | El Nuevo Norte<\/title>\n<meta name=\"robots\" content=\"index, follow, max-snippet:-1, max-image-preview:large, max-video-preview:-1\" \/>\n<link rel=\"canonical\" href=\"https:\/\/infoelnuevonorte.com\/?p=149388\" \/>\n<meta property=\"og:locale\" content=\"es_ES\" \/>\n<meta property=\"og:type\" content=\"article\" \/>\n<meta property=\"og:title\" content=\"Qui\u00e9nes son los 11 polic\u00edas que participaron en el &quot;operativo&quot; que dej\u00f3 5 muertos en La Barranquita | El Nuevo Norte\" \/>\n<meta property=\"og:description\" content=\"Santo Domingo, RD.\u00a0\u2013 Las autoridades dieron a conocer los nombres y rangos de los 11 polic\u00edas implicados en el supuesto operativo que dej\u00f3 un saldo de\u00a0cinco muertos en La Barranquita, Santiago. De acuerdo con la solicitud de coerci\u00f3n del Ministerio P\u00fablico, los imputados pertenec\u00edan al Departamento de Crimen Organizado y Casos Complejos de la Direcci\u00f3n [&hellip;]\" \/>\n<meta property=\"og:url\" content=\"https:\/\/infoelnuevonorte.com\/?p=149388\" \/>\n<meta property=\"og:site_name\" content=\"El Nuevo Norte\" \/>\n<meta property=\"article:publisher\" content=\"https:\/\/www.facebook.com\/infoenn\" \/>\n<meta property=\"article:published_time\" content=\"2025-10-04T22:49:48+00:00\" \/>\n<meta property=\"article:modified_time\" content=\"2025-10-04T22:49:50+00:00\" \/>\n<meta property=\"og:image\" content=\"https:\/\/infoelnuevonorte.com\/wp-content\/uploads\/2025\/10\/descarga-2025-10-04T184527.084.png\" \/>\n\t<meta property=\"og:image:width\" content=\"1080\" \/>\n\t<meta property=\"og:image:height\" content=\"1080\" \/>\n\t<meta property=\"og:image:type\" content=\"image\/png\" \/>\n<meta name=\"author\" content=\"T. R.\" \/>\n<meta name=\"twitter:card\" content=\"summary_large_image\" \/>\n<meta name=\"twitter:creator\" content=\"@Elnuevo_norte\" \/>\n<meta name=\"twitter:site\" content=\"@Elnuevo_norte\" \/>\n<meta name=\"twitter:label1\" content=\"Written by\" \/>\n\t<meta name=\"twitter:data1\" content=\"T. R.\" \/>\n\t<meta name=\"twitter:label2\" content=\"Est. reading time\" \/>\n\t<meta name=\"twitter:data2\" content=\"7 minutos\" \/>\n<script type=\"application\/ld+json\" class=\"yoast-schema-graph\">{\"@context\":\"https:\/\/schema.org\",\"@graph\":[{\"@type\":\"Article\",\"@id\":\"https:\/\/infoelnuevonorte.com\/?p=149388#article\",\"isPartOf\":{\"@id\":\"https:\/\/infoelnuevonorte.com\/?p=149388\"},\"author\":{\"name\":\"T. R.\",\"@id\":\"https:\/\/infoelnuevonorte.com\/#\/schema\/person\/3accb35eb55f55e96c492b52d085a403\"},\"headline\":\"Qui\u00e9nes son los 11 polic\u00edas que participaron en el \\\"operativo\\\" que dej\u00f3 5 muertos en La Barranquita\",\"datePublished\":\"2025-10-04T22:49:48+00:00\",\"dateModified\":\"2025-10-04T22:49:50+00:00\",\"mainEntityOfPage\":{\"@id\":\"https:\/\/infoelnuevonorte.com\/?p=149388\"},\"wordCount\":897,\"publisher\":{\"@id\":\"https:\/\/infoelnuevonorte.com\/#organization\"},\"image\":{\"@id\":\"https:\/\/infoelnuevonorte.com\/?p=149388#primaryimage\"},\"thumbnailUrl\":\"https:\/\/infoelnuevonorte.com\/wp-content\/uploads\/2025\/10\/descarga-2025-10-04T184527.084.png\",\"articleSection\":[\"Del Norte\"],\"inLanguage\":\"es-DO\"},{\"@type\":\"WebPage\",\"@id\":\"https:\/\/infoelnuevonorte.com\/?p=149388\",\"url\":\"https:\/\/infoelnuevonorte.com\/?p=149388\",\"name\":\"Qui\u00e9nes son los 11 polic\u00edas que participaron en el \\\"operativo\\\" que dej\u00f3 5 muertos en La Barranquita | El Nuevo Norte\",\"isPartOf\":{\"@id\":\"https:\/\/infoelnuevonorte.com\/#website\"},\"primaryImageOfPage\":{\"@id\":\"https:\/\/infoelnuevonorte.com\/?p=149388#primaryimage\"},\"image\":{\"@id\":\"https:\/\/infoelnuevonorte.com\/?p=149388#primaryimage\"},\"thumbnailUrl\":\"https:\/\/infoelnuevonorte.com\/wp-content\/uploads\/2025\/10\/descarga-2025-10-04T184527.084.png\",\"datePublished\":\"2025-10-04T22:49:48+00:00\",\"dateModified\":\"2025-10-04T22:49:50+00:00\",\"breadcrumb\":{\"@id\":\"https:\/\/infoelnuevonorte.com\/?p=149388#breadcrumb\"},\"inLanguage\":\"es-DO\",\"potentialAction\":[{\"@type\":\"ReadAction\",\"target\":[\"https:\/\/infoelnuevonorte.com\/?p=149388\"]}]},{\"@type\":\"ImageObject\",\"inLanguage\":\"es-DO\",\"@id\":\"https:\/\/infoelnuevonorte.com\/?p=149388#primaryimage\",\"url\":\"https:\/\/infoelnuevonorte.com\/wp-content\/uploads\/2025\/10\/descarga-2025-10-04T184527.084.png\",\"contentUrl\":\"https:\/\/infoelnuevonorte.com\/wp-content\/uploads\/2025\/10\/descarga-2025-10-04T184527.084.png\",\"width\":1080,\"height\":1080},{\"@type\":\"BreadcrumbList\",\"@id\":\"https:\/\/infoelnuevonorte.com\/?p=149388#breadcrumb\",\"itemListElement\":[{\"@type\":\"ListItem\",\"position\":1,\"name\":\"Home\",\"item\":\"https:\/\/infoelnuevonorte.com\/\"},{\"@type\":\"ListItem\",\"position\":2,\"name\":\"Qui\u00e9nes son los 11 polic\u00edas que participaron en el \\\"operativo\\\" que dej\u00f3 5 muertos en La Barranquita\"}]},{\"@type\":\"WebSite\",\"@id\":\"https:\/\/infoelnuevonorte.com\/#website\",\"url\":\"https:\/\/infoelnuevonorte.com\/\",\"name\":\"InfoEnn\",\"description\":\"Tu Voz, tu Verdad, tu Diario!!!\",\"publisher\":{\"@id\":\"https:\/\/infoelnuevonorte.com\/#organization\"},\"alternateName\":\"El Nuevo Norte\",\"potentialAction\":[{\"@type\":\"SearchAction\",\"target\":{\"@type\":\"EntryPoint\",\"urlTemplate\":\"https:\/\/infoelnuevonorte.com\/?s={search_term_string}\"},\"query-input\":{\"@type\":\"PropertyValueSpecification\",\"valueRequired\":true,\"valueName\":\"search_term_string\"}}],\"inLanguage\":\"es-DO\"},{\"@type\":\"Organization\",\"@id\":\"https:\/\/infoelnuevonorte.com\/#organization\",\"name\":\"Info El Nuevo Norte\",\"alternateName\":\"El Nuevo Norte\",\"url\":\"https:\/\/infoelnuevonorte.com\/\",\"logo\":{\"@type\":\"ImageObject\",\"inLanguage\":\"es-DO\",\"@id\":\"https:\/\/infoelnuevonorte.com\/#\/schema\/logo\/image\/\",\"url\":\"https:\/\/infoelnuevonorte.com\/wp-content\/uploads\/2026\/02\/Logo-Info-enn-3d-20ani.jpeg\",\"contentUrl\":\"https:\/\/infoelnuevonorte.com\/wp-content\/uploads\/2026\/02\/Logo-Info-enn-3d-20ani.jpeg\",\"width\":2046,\"height\":736,\"caption\":\"Info El Nuevo Norte\"},\"image\":{\"@id\":\"https:\/\/infoelnuevonorte.com\/#\/schema\/logo\/image\/\"},\"sameAs\":[\"https:\/\/www.facebook.com\/infoenn\",\"https:\/\/x.com\/Elnuevo_norte\",\"https:\/\/www.instagram.com\/infoenn\",\"https:\/\/www.facebook.com\/ENNRD\"]},{\"@type\":\"Person\",\"@id\":\"https:\/\/infoelnuevonorte.com\/#\/schema\/person\/3accb35eb55f55e96c492b52d085a403\",\"name\":\"T. R.\",\"image\":{\"@type\":\"ImageObject\",\"inLanguage\":\"es-DO\",\"@id\":\"https:\/\/infoelnuevonorte.com\/#\/schema\/person\/image\/\",\"url\":\"https:\/\/secure.gravatar.com\/avatar\/40543a038bda97abdb765b1662e9677d?s=96&d=robohash&r=g\",\"contentUrl\":\"https:\/\/secure.gravatar.com\/avatar\/40543a038bda97abdb765b1662e9677d?s=96&d=robohash&r=g\",\"caption\":\"T. R.\"},\"url\":\"https:\/\/infoelnuevonorte.com\/?author=2\"}]}<\/script>\n<!-- \/ Yoast SEO plugin. -->","yoast_head_json":{"title":"Qui\u00e9nes son los 11 polic\u00edas que participaron en el \"operativo\" que dej\u00f3 5 muertos en La Barranquita | El Nuevo Norte","robots":{"index":"index","follow":"follow","max-snippet":"max-snippet:-1","max-image-preview":"max-image-preview:large","max-video-preview":"max-video-preview:-1"},"canonical":"https:\/\/infoelnuevonorte.com\/?p=149388","og_locale":"es_ES","og_type":"article","og_title":"Qui\u00e9nes son los 11 polic\u00edas que participaron en el \"operativo\" que dej\u00f3 5 muertos en La Barranquita | El Nuevo Norte","og_description":"Santo Domingo, RD.\u00a0\u2013 Las autoridades dieron a conocer los nombres y rangos de los 11 polic\u00edas implicados en el supuesto operativo que dej\u00f3 un saldo de\u00a0cinco muertos en La Barranquita, Santiago. De acuerdo con la solicitud de coerci\u00f3n del Ministerio P\u00fablico, los imputados pertenec\u00edan al Departamento de Crimen Organizado y Casos Complejos de la Direcci\u00f3n [&hellip;]","og_url":"https:\/\/infoelnuevonorte.com\/?p=149388","og_site_name":"El Nuevo Norte","article_publisher":"https:\/\/www.facebook.com\/infoenn","article_published_time":"2025-10-04T22:49:48+00:00","article_modified_time":"2025-10-04T22:49:50+00:00","og_image":[{"width":1080,"height":1080,"url":"https:\/\/infoelnuevonorte.com\/wp-content\/uploads\/2025\/10\/descarga-2025-10-04T184527.084.png","type":"image\/png"}],"author":"T. R.","twitter_card":"summary_large_image","twitter_creator":"@Elnuevo_norte","twitter_site":"@Elnuevo_norte","twitter_misc":{"Written by":"T. R.","Est. reading time":"7 minutos"},"schema":{"@context":"https:\/\/schema.org","@graph":[{"@type":"Article","@id":"https:\/\/infoelnuevonorte.com\/?p=149388#article","isPartOf":{"@id":"https:\/\/infoelnuevonorte.com\/?p=149388"},"author":{"name":"T. R.","@id":"https:\/\/infoelnuevonorte.com\/#\/schema\/person\/3accb35eb55f55e96c492b52d085a403"},"headline":"Qui\u00e9nes son los 11 polic\u00edas que participaron en el \"operativo\" que dej\u00f3 5 muertos en La Barranquita","datePublished":"2025-10-04T22:49:48+00:00","dateModified":"2025-10-04T22:49:50+00:00","mainEntityOfPage":{"@id":"https:\/\/infoelnuevonorte.com\/?p=149388"},"wordCount":897,"publisher":{"@id":"https:\/\/infoelnuevonorte.com\/#organization"},"image":{"@id":"https:\/\/infoelnuevonorte.com\/?p=149388#primaryimage"},"thumbnailUrl":"https:\/\/infoelnuevonorte.com\/wp-content\/uploads\/2025\/10\/descarga-2025-10-04T184527.084.png","articleSection":["Del Norte"],"inLanguage":"es-DO"},{"@type":"WebPage","@id":"https:\/\/infoelnuevonorte.com\/?p=149388","url":"https:\/\/infoelnuevonorte.com\/?p=149388","name":"Qui\u00e9nes son los 11 polic\u00edas que participaron en el \"operativo\" que dej\u00f3 5 muertos en La Barranquita | El Nuevo Norte","isPartOf":{"@id":"https:\/\/infoelnuevonorte.com\/#website"},"primaryImageOfPage":{"@id":"https:\/\/infoelnuevonorte.com\/?p=149388#primaryimage"},"image":{"@id":"https:\/\/infoelnuevonorte.com\/?p=149388#primaryimage"},"thumbnailUrl":"https:\/\/infoelnuevonorte.com\/wp-content\/uploads\/2025\/10\/descarga-2025-10-04T184527.084.png","datePublished":"2025-10-04T22:49:48+00:00","dateModified":"2025-10-04T22:49:50+00:00","breadcrumb":{"@id":"https:\/\/infoelnuevonorte.com\/?p=149388#breadcrumb"},"inLanguage":"es-DO","potentialAction":[{"@type":"ReadAction","target":["https:\/\/infoelnuevonorte.com\/?p=149388"]}]},{"@type":"ImageObject","inLanguage":"es-DO","@id":"https:\/\/infoelnuevonorte.com\/?p=149388#primaryimage","url":"https:\/\/infoelnuevonorte.com\/wp-content\/uploads\/2025\/10\/descarga-2025-10-04T184527.084.png","contentUrl":"https:\/\/infoelnuevonorte.com\/wp-content\/uploads\/2025\/10\/descarga-2025-10-04T184527.084.png","width":1080,"height":1080},{"@type":"BreadcrumbList","@id":"https:\/\/infoelnuevonorte.com\/?p=149388#breadcrumb","itemListElement":[{"@type":"ListItem","position":1,"name":"Home","item":"https:\/\/infoelnuevonorte.com\/"},{"@type":"ListItem","position":2,"name":"Qui\u00e9nes son los 11 polic\u00edas que participaron en el \"operativo\" que dej\u00f3 5 muertos en La Barranquita"}]},{"@type":"WebSite","@id":"https:\/\/infoelnuevonorte.com\/#website","url":"https:\/\/infoelnuevonorte.com\/","name":"InfoEnn","description":"Tu Voz, tu Verdad, tu Diario!!!","publisher":{"@id":"https:\/\/infoelnuevonorte.com\/#organization"},"alternateName":"El Nuevo Norte","potentialAction":[{"@type":"SearchAction","target":{"@type":"EntryPoint","urlTemplate":"https:\/\/infoelnuevonorte.com\/?s={search_term_string}"},"query-input":{"@type":"PropertyValueSpecification","valueRequired":true,"valueName":"search_term_string"}}],"inLanguage":"es-DO"},{"@type":"Organization","@id":"https:\/\/infoelnuevonorte.com\/#organization","name":"Info El Nuevo Norte","alternateName":"El Nuevo Norte","url":"https:\/\/infoelnuevonorte.com\/","logo":{"@type":"ImageObject","inLanguage":"es-DO","@id":"https:\/\/infoelnuevonorte.com\/#\/schema\/logo\/image\/","url":"https:\/\/infoelnuevonorte.com\/wp-content\/uploads\/2026\/02\/Logo-Info-enn-3d-20ani.jpeg","contentUrl":"https:\/\/infoelnuevonorte.com\/wp-content\/uploads\/2026\/02\/Logo-Info-enn-3d-20ani.jpeg","width":2046,"height":736,"caption":"Info El Nuevo Norte"},"image":{"@id":"https:\/\/infoelnuevonorte.com\/#\/schema\/logo\/image\/"},"sameAs":["https:\/\/www.facebook.com\/infoenn","https:\/\/x.com\/Elnuevo_norte","https:\/\/www.instagram.com\/infoenn","https:\/\/www.facebook.com\/ENNRD"]},{"@type":"Person","@id":"https:\/\/infoelnuevonorte.com\/#\/schema\/person\/3accb35eb55f55e96c492b52d085a403","name":"T. R.","image":{"@type":"ImageObject","inLanguage":"es-DO","@id":"https:\/\/infoelnuevonorte.com\/#\/schema\/person\/image\/","url":"https:\/\/secure.gravatar.com\/avatar\/40543a038bda97abdb765b1662e9677d?s=96&d=robohash&r=g","contentUrl":"https:\/\/secure.gravatar.com\/avatar\/40543a038bda97abdb765b1662e9677d?s=96&d=robohash&r=g","caption":"T. R."},"url":"https:\/\/infoelnuevonorte.com\/?author=2"}]}},"_links":{"self":[{"href":"https:\/\/infoelnuevonorte.com\/index.php?rest_route=\/wp\/v2\/posts\/149388"}],"collection":[{"href":"https:\/\/infoelnuevonorte.com\/index.php?rest_route=\/wp\/v2\/posts"}],"about":[{"href":"https:\/\/infoelnuevonorte.com\/index.php?rest_route=\/wp\/v2\/types\/post"}],"author":[{"embeddable":true,"href":"https:\/\/infoelnuevonorte.com\/index.php?rest_route=\/wp\/v2\/users\/2"}],"replies":[{"embeddable":true,"href":"https:\/\/infoelnuevonorte.com\/index.php?rest_route=%2Fwp%2Fv2%2Fcomments&post=149388"}],"version-history":[{"count":1,"href":"https:\/\/infoelnuevonorte.com\/index.php?rest_route=\/wp\/v2\/posts\/149388\/revisions"}],"predecessor-version":[{"id":149391,"href":"https:\/\/infoelnuevonorte.com\/index.php?rest_route=\/wp\/v2\/posts\/149388\/revisions\/149391"}],"wp:featuredmedia":[{"embeddable":true,"href":"https:\/\/infoelnuevonorte.com\/index.php?rest_route=\/wp\/v2\/media\/149390"}],"wp:attachment":[{"href":"https:\/\/infoelnuevonorte.com\/index.php?rest_route=%2Fwp%2Fv2%2Fmedia&parent=149388"}],"wp:term":[{"taxonomy":"category","embeddable":true,"href":"https:\/\/infoelnuevonorte.com\/index.php?rest_route=%2Fwp%2Fv2%2Fcategories&post=149388"},{"taxonomy":"post_tag","embeddable":true,"href":"https:\/\/infoelnuevonorte.com\/index.php?rest_route=%2Fwp%2Fv2%2Ftags&post=149388"}],"curies":[{"name":"wp","href":"https:\/\/api.w.org\/{rel}","templated":true}]}}