{"id":1504,"date":"2023-10-09T10:04:16","date_gmt":"2023-10-09T10:04:16","guid":{"rendered":"https:\/\/infoelnuevonorte.com\/?p=1504"},"modified":"2023-10-09T10:04:18","modified_gmt":"2023-10-09T10:04:18","slug":"capriles-retira-su-candidatura-dos-semanas-antes-de-las-primarias-opositoras-en-venezuela","status":"publish","type":"post","link":"https:\/\/infoelnuevonorte.com\/?p=1504","title":{"rendered":"Capriles retira su candidatura dos semanas antes de las primarias opositoras en Venezuela"},"content":{"rendered":"<p style=\"text-align: justify;\"><strong>Caracas<\/strong> \u2013 El exgobernador Henrique Capriles anunci\u00f3 este domingo que retira su candidatura a las primarias opositoras del 22 de octubre, en las que se definir\u00e1 el abanderado del antichavismo para las presidenciales de 2024, para dar paso a una \u201copci\u00f3n viable\u201d de alg\u00fan competidor que no est\u00e9 inhabilitado para ejercer cargos p\u00fablicos como \u00e9l.<\/p>\n<p style=\"text-align: justify;\">En una alocuci\u00f3n transmitida a trav\u00e9s de las redes sociales, explic\u00f3 que, debido a la inhabilitaci\u00f3n de 15 a\u00f1os que le impuso la Contralor\u00eda General en 2017, participar\u00e1 en las primarias simplemente como militante, para \u201cfacilitar una opci\u00f3n que pueda materializar el objetivo\u201d, competir en las presidenciales de 2024.<\/p>\n<p style=\"text-align: justify;\">\u201cPongo mi candidatura a la primaria a la orden de las bases que me eligieron en mi partido (\u2026) sigo enfrentando una inhabilitaci\u00f3n pol\u00edtica que me hace decidir que no puedo continuar en esta carrera electoral\u201d, dice una carta publicada por el pol\u00edtico, inmediatamente despu\u00e9s de terminar su alocuci\u00f3n.<\/p>\n<p style=\"text-align: justify;\">Capriles insisti\u00f3 en que apoyar\u00e1 las votaciones del 22 de octubre, cuando espera que la oposici\u00f3n se haga con \u201cuna candidatura fuerte y viable\u201d, pues se dijo convencido de que \u201cen el 2024 pueda haber un cambio\u201d pol\u00edtico en el poder.<\/p>\n<p style=\"text-align: justify;\">El exgobernador adelant\u00f3 que el lunes entregar\u00e1 una carta a la Comisi\u00f3n Nacional de Primarias (CNP), que organiza las internas, en la que comunicar\u00e1 oficialmente su decisi\u00f3n de retirarse de la competencia.<\/p>\n<p style=\"text-align: justify;\">Adem\u00e1s de Capriles, la exdiputada Mar\u00eda Corina Machado -potencial ganadora de las primarias, seg\u00fan casi todas las encuestas- y el exdiputado Freddy Superlano tambi\u00e9n est\u00e1n inhabilitados por la Contralor\u00eda para ejercer cargos p\u00fablicos. Sin embargo, ambos se mantienen en la contienda.<\/p>\n<p style=\"text-align: justify;\">El exgobernador figuraba como el segundo favorito en las encuestas, pero Machado lo quintuplica los respaldos, de acuerdo con algunas encuestadoras.<\/p>\n<p style=\"text-align: justify;\">Fuente&gt; EFE<\/p>\n","protected":false},"excerpt":{"rendered":"<p>Caracas \u2013 El exgobernador Henrique Capriles anunci\u00f3 este domingo que retira su candidatura a las primarias opositoras del 22 de octubre, en las que se definir\u00e1 el abanderado del antichavismo para las presidenciales de 2024, para dar paso a una \u201copci\u00f3n viable\u201d de alg\u00fan competidor que no est\u00e9 inhabilitado para ejercer cargos p\u00fablicos como \u00e9l. [&hellip;]<\/p>\n","protected":false},"author":1,"featured_media":0,"comment_status":"open","ping_status":"open","sticky":false,"template":"","format":"standard","meta":{"footnotes":""},"categories":[2,9],"tags":[],"yoast_head":"<!-- This site is optimized with the Yoast SEO plugin v24.5 - https:\/\/yoast.com\/wordpress\/plugins\/seo\/ -->\n<title>Capriles retira su candidatura dos semanas antes de las primarias opositoras en Venezuela | El Nuevo Norte<\/title>\n<meta name=\"robots\" content=\"index, follow, max-snippet:-1, max-image-preview:large, max-video-preview:-1\" \/>\n<link rel=\"canonical\" href=\"https:\/\/infoelnuevonorte.com\/?p=1504\" \/>\n<meta property=\"og:locale\" content=\"es_ES\" \/>\n<meta property=\"og:type\" content=\"article\" \/>\n<meta property=\"og:title\" content=\"Capriles retira su candidatura dos semanas antes de las primarias opositoras en Venezuela | El Nuevo Norte\" \/>\n<meta property=\"og:description\" content=\"Caracas \u2013 El exgobernador Henrique Capriles anunci\u00f3 este domingo que retira su candidatura a las primarias opositoras del 22 de octubre, en las que se definir\u00e1 el abanderado del antichavismo para las presidenciales de 2024, para dar paso a una \u201copci\u00f3n viable\u201d de alg\u00fan competidor que no est\u00e9 inhabilitado para ejercer cargos p\u00fablicos como \u00e9l. [&hellip;]\" \/>\n<meta property=\"og:url\" content=\"https:\/\/infoelnuevonorte.com\/?p=1504\" \/>\n<meta property=\"og:site_name\" content=\"El Nuevo Norte\" \/>\n<meta property=\"article:publisher\" content=\"https:\/\/www.facebook.com\/infoenn\" \/>\n<meta property=\"article:published_time\" content=\"2023-10-09T10:04:16+00:00\" \/>\n<meta property=\"article:modified_time\" content=\"2023-10-09T10:04:18+00:00\" \/>\n<meta property=\"og:image\" content=\"https:\/\/infoelnuevonorte.com\/wp-content\/uploads\/2023\/10\/capriles.png\" \/>\n\t<meta property=\"og:image:width\" content=\"480\" \/>\n\t<meta property=\"og:image:height\" content=\"270\" \/>\n\t<meta property=\"og:image:type\" content=\"image\/png\" \/>\n<meta name=\"author\" content=\"InfoEnn\" \/>\n<meta name=\"twitter:card\" content=\"summary_large_image\" \/>\n<meta name=\"twitter:creator\" content=\"@Elnuevo_norte\" \/>\n<meta name=\"twitter:site\" content=\"@Elnuevo_norte\" \/>\n<meta name=\"twitter:label1\" content=\"Written by\" \/>\n\t<meta name=\"twitter:data1\" content=\"InfoEnn\" \/>\n\t<meta name=\"twitter:label2\" content=\"Est. reading time\" \/>\n\t<meta name=\"twitter:data2\" content=\"2 minutos\" \/>\n<script type=\"application\/ld+json\" class=\"yoast-schema-graph\">{\"@context\":\"https:\/\/schema.org\",\"@graph\":[{\"@type\":\"Article\",\"@id\":\"https:\/\/infoelnuevonorte.com\/?p=1504#article\",\"isPartOf\":{\"@id\":\"https:\/\/infoelnuevonorte.com\/?p=1504\"},\"author\":{\"name\":\"InfoEnn\",\"@id\":\"https:\/\/infoelnuevonorte.com\/#\/schema\/person\/fd4f6d90afe41260818b4ea94ad8ab84\"},\"headline\":\"Capriles retira su candidatura dos semanas antes de las primarias opositoras en Venezuela\",\"datePublished\":\"2023-10-09T10:04:16+00:00\",\"dateModified\":\"2023-10-09T10:04:18+00:00\",\"mainEntityOfPage\":{\"@id\":\"https:\/\/infoelnuevonorte.com\/?p=1504\"},\"wordCount\":320,\"commentCount\":0,\"publisher\":{\"@id\":\"https:\/\/infoelnuevonorte.com\/#organization\"},\"articleSection\":[\"Actualidad |\",\"Mundiales\"],\"inLanguage\":\"es-DO\",\"potentialAction\":[{\"@type\":\"CommentAction\",\"name\":\"Comment\",\"target\":[\"https:\/\/infoelnuevonorte.com\/?p=1504#respond\"]}]},{\"@type\":\"WebPage\",\"@id\":\"https:\/\/infoelnuevonorte.com\/?p=1504\",\"url\":\"https:\/\/infoelnuevonorte.com\/?p=1504\",\"name\":\"Capriles retira su candidatura dos semanas antes de las primarias opositoras en Venezuela | El Nuevo Norte\",\"isPartOf\":{\"@id\":\"https:\/\/infoelnuevonorte.com\/#website\"},\"datePublished\":\"2023-10-09T10:04:16+00:00\",\"dateModified\":\"2023-10-09T10:04:18+00:00\",\"breadcrumb\":{\"@id\":\"https:\/\/infoelnuevonorte.com\/?p=1504#breadcrumb\"},\"inLanguage\":\"es-DO\",\"potentialAction\":[{\"@type\":\"ReadAction\",\"target\":[\"https:\/\/infoelnuevonorte.com\/?p=1504\"]}]},{\"@type\":\"BreadcrumbList\",\"@id\":\"https:\/\/infoelnuevonorte.com\/?p=1504#breadcrumb\",\"itemListElement\":[{\"@type\":\"ListItem\",\"position\":1,\"name\":\"Home\",\"item\":\"https:\/\/infoelnuevonorte.com\/\"},{\"@type\":\"ListItem\",\"position\":2,\"name\":\"Capriles retira su candidatura dos semanas antes de las primarias opositoras en Venezuela\"}]},{\"@type\":\"WebSite\",\"@id\":\"https:\/\/infoelnuevonorte.com\/#website\",\"url\":\"https:\/\/infoelnuevonorte.com\/\",\"name\":\"InfoEnn\",\"description\":\"Tu Voz, tu Verdad, tu Diario!!!\",\"publisher\":{\"@id\":\"https:\/\/infoelnuevonorte.com\/#organization\"},\"alternateName\":\"El Nuevo Norte\",\"potentialAction\":[{\"@type\":\"SearchAction\",\"target\":{\"@type\":\"EntryPoint\",\"urlTemplate\":\"https:\/\/infoelnuevonorte.com\/?s={search_term_string}\"},\"query-input\":{\"@type\":\"PropertyValueSpecification\",\"valueRequired\":true,\"valueName\":\"search_term_string\"}}],\"inLanguage\":\"es-DO\"},{\"@type\":\"Organization\",\"@id\":\"https:\/\/infoelnuevonorte.com\/#organization\",\"name\":\"Info El Nuevo Norte\",\"alternateName\":\"El Nuevo Norte\",\"url\":\"https:\/\/infoelnuevonorte.com\/\",\"logo\":{\"@type\":\"ImageObject\",\"inLanguage\":\"es-DO\",\"@id\":\"https:\/\/infoelnuevonorte.com\/#\/schema\/logo\/image\/\",\"url\":\"https:\/\/infoelnuevonorte.com\/wp-content\/uploads\/2026\/02\/Logo-Info-enn-3d-20ani.jpeg\",\"contentUrl\":\"https:\/\/infoelnuevonorte.com\/wp-content\/uploads\/2026\/02\/Logo-Info-enn-3d-20ani.jpeg\",\"width\":2046,\"height\":736,\"caption\":\"Info El Nuevo Norte\"},\"image\":{\"@id\":\"https:\/\/infoelnuevonorte.com\/#\/schema\/logo\/image\/\"},\"sameAs\":[\"https:\/\/www.facebook.com\/infoenn\",\"https:\/\/x.com\/Elnuevo_norte\",\"https:\/\/www.instagram.com\/infoenn\",\"https:\/\/www.facebook.com\/ENNRD\"]},{\"@type\":\"Person\",\"@id\":\"https:\/\/infoelnuevonorte.com\/#\/schema\/person\/fd4f6d90afe41260818b4ea94ad8ab84\",\"name\":\"InfoEnn\",\"image\":{\"@type\":\"ImageObject\",\"inLanguage\":\"es-DO\",\"@id\":\"https:\/\/infoelnuevonorte.com\/#\/schema\/person\/image\/\",\"url\":\"https:\/\/secure.gravatar.com\/avatar\/d4d760a41a48ba9db0a82bfb63bb0783?s=96&d=robohash&r=g\",\"contentUrl\":\"https:\/\/secure.gravatar.com\/avatar\/d4d760a41a48ba9db0a82bfb63bb0783?s=96&d=robohash&r=g\",\"caption\":\"InfoEnn\"},\"sameAs\":[\"https:\/\/infoelnuevonorte.com\"],\"url\":\"https:\/\/infoelnuevonorte.com\/?author=1\"}]}<\/script>\n<!-- \/ Yoast SEO plugin. -->","yoast_head_json":{"title":"Capriles retira su candidatura dos semanas antes de las primarias opositoras en Venezuela | El Nuevo Norte","robots":{"index":"index","follow":"follow","max-snippet":"max-snippet:-1","max-image-preview":"max-image-preview:large","max-video-preview":"max-video-preview:-1"},"canonical":"https:\/\/infoelnuevonorte.com\/?p=1504","og_locale":"es_ES","og_type":"article","og_title":"Capriles retira su candidatura dos semanas antes de las primarias opositoras en Venezuela | El Nuevo Norte","og_description":"Caracas \u2013 El exgobernador Henrique Capriles anunci\u00f3 este domingo que retira su candidatura a las primarias opositoras del 22 de octubre, en las que se definir\u00e1 el abanderado del antichavismo para las presidenciales de 2024, para dar paso a una \u201copci\u00f3n viable\u201d de alg\u00fan competidor que no est\u00e9 inhabilitado para ejercer cargos p\u00fablicos como \u00e9l. [&hellip;]","og_url":"https:\/\/infoelnuevonorte.com\/?p=1504","og_site_name":"El Nuevo Norte","article_publisher":"https:\/\/www.facebook.com\/infoenn","article_published_time":"2023-10-09T10:04:16+00:00","article_modified_time":"2023-10-09T10:04:18+00:00","og_image":[{"width":480,"height":270,"url":"https:\/\/infoelnuevonorte.com\/wp-content\/uploads\/2023\/10\/capriles.png","type":"image\/png"}],"author":"InfoEnn","twitter_card":"summary_large_image","twitter_creator":"@Elnuevo_norte","twitter_site":"@Elnuevo_norte","twitter_misc":{"Written by":"InfoEnn","Est. reading time":"2 minutos"},"schema":{"@context":"https:\/\/schema.org","@graph":[{"@type":"Article","@id":"https:\/\/infoelnuevonorte.com\/?p=1504#article","isPartOf":{"@id":"https:\/\/infoelnuevonorte.com\/?p=1504"},"author":{"name":"InfoEnn","@id":"https:\/\/infoelnuevonorte.com\/#\/schema\/person\/fd4f6d90afe41260818b4ea94ad8ab84"},"headline":"Capriles retira su candidatura dos semanas antes de las primarias opositoras en Venezuela","datePublished":"2023-10-09T10:04:16+00:00","dateModified":"2023-10-09T10:04:18+00:00","mainEntityOfPage":{"@id":"https:\/\/infoelnuevonorte.com\/?p=1504"},"wordCount":320,"commentCount":0,"publisher":{"@id":"https:\/\/infoelnuevonorte.com\/#organization"},"articleSection":["Actualidad |","Mundiales"],"inLanguage":"es-DO","potentialAction":[{"@type":"CommentAction","name":"Comment","target":["https:\/\/infoelnuevonorte.com\/?p=1504#respond"]}]},{"@type":"WebPage","@id":"https:\/\/infoelnuevonorte.com\/?p=1504","url":"https:\/\/infoelnuevonorte.com\/?p=1504","name":"Capriles retira su candidatura dos semanas antes de las primarias opositoras en Venezuela | El Nuevo Norte","isPartOf":{"@id":"https:\/\/infoelnuevonorte.com\/#website"},"datePublished":"2023-10-09T10:04:16+00:00","dateModified":"2023-10-09T10:04:18+00:00","breadcrumb":{"@id":"https:\/\/infoelnuevonorte.com\/?p=1504#breadcrumb"},"inLanguage":"es-DO","potentialAction":[{"@type":"ReadAction","target":["https:\/\/infoelnuevonorte.com\/?p=1504"]}]},{"@type":"BreadcrumbList","@id":"https:\/\/infoelnuevonorte.com\/?p=1504#breadcrumb","itemListElement":[{"@type":"ListItem","position":1,"name":"Home","item":"https:\/\/infoelnuevonorte.com\/"},{"@type":"ListItem","position":2,"name":"Capriles retira su candidatura dos semanas antes de las primarias opositoras en Venezuela"}]},{"@type":"WebSite","@id":"https:\/\/infoelnuevonorte.com\/#website","url":"https:\/\/infoelnuevonorte.com\/","name":"InfoEnn","description":"Tu Voz, tu Verdad, tu Diario!!!","publisher":{"@id":"https:\/\/infoelnuevonorte.com\/#organization"},"alternateName":"El Nuevo Norte","potentialAction":[{"@type":"SearchAction","target":{"@type":"EntryPoint","urlTemplate":"https:\/\/infoelnuevonorte.com\/?s={search_term_string}"},"query-input":{"@type":"PropertyValueSpecification","valueRequired":true,"valueName":"search_term_string"}}],"inLanguage":"es-DO"},{"@type":"Organization","@id":"https:\/\/infoelnuevonorte.com\/#organization","name":"Info El Nuevo Norte","alternateName":"El Nuevo Norte","url":"https:\/\/infoelnuevonorte.com\/","logo":{"@type":"ImageObject","inLanguage":"es-DO","@id":"https:\/\/infoelnuevonorte.com\/#\/schema\/logo\/image\/","url":"https:\/\/infoelnuevonorte.com\/wp-content\/uploads\/2026\/02\/Logo-Info-enn-3d-20ani.jpeg","contentUrl":"https:\/\/infoelnuevonorte.com\/wp-content\/uploads\/2026\/02\/Logo-Info-enn-3d-20ani.jpeg","width":2046,"height":736,"caption":"Info El Nuevo Norte"},"image":{"@id":"https:\/\/infoelnuevonorte.com\/#\/schema\/logo\/image\/"},"sameAs":["https:\/\/www.facebook.com\/infoenn","https:\/\/x.com\/Elnuevo_norte","https:\/\/www.instagram.com\/infoenn","https:\/\/www.facebook.com\/ENNRD"]},{"@type":"Person","@id":"https:\/\/infoelnuevonorte.com\/#\/schema\/person\/fd4f6d90afe41260818b4ea94ad8ab84","name":"InfoEnn","image":{"@type":"ImageObject","inLanguage":"es-DO","@id":"https:\/\/infoelnuevonorte.com\/#\/schema\/person\/image\/","url":"https:\/\/secure.gravatar.com\/avatar\/d4d760a41a48ba9db0a82bfb63bb0783?s=96&d=robohash&r=g","contentUrl":"https:\/\/secure.gravatar.com\/avatar\/d4d760a41a48ba9db0a82bfb63bb0783?s=96&d=robohash&r=g","caption":"InfoEnn"},"sameAs":["https:\/\/infoelnuevonorte.com"],"url":"https:\/\/infoelnuevonorte.com\/?author=1"}]}},"_links":{"self":[{"href":"https:\/\/infoelnuevonorte.com\/index.php?rest_route=\/wp\/v2\/posts\/1504"}],"collection":[{"href":"https:\/\/infoelnuevonorte.com\/index.php?rest_route=\/wp\/v2\/posts"}],"about":[{"href":"https:\/\/infoelnuevonorte.com\/index.php?rest_route=\/wp\/v2\/types\/post"}],"author":[{"embeddable":true,"href":"https:\/\/infoelnuevonorte.com\/index.php?rest_route=\/wp\/v2\/users\/1"}],"replies":[{"embeddable":true,"href":"https:\/\/infoelnuevonorte.com\/index.php?rest_route=%2Fwp%2Fv2%2Fcomments&post=1504"}],"version-history":[{"count":0,"href":"https:\/\/infoelnuevonorte.com\/index.php?rest_route=\/wp\/v2\/posts\/1504\/revisions"}],"wp:attachment":[{"href":"https:\/\/infoelnuevonorte.com\/index.php?rest_route=%2Fwp%2Fv2%2Fmedia&parent=1504"}],"wp:term":[{"taxonomy":"category","embeddable":true,"href":"https:\/\/infoelnuevonorte.com\/index.php?rest_route=%2Fwp%2Fv2%2Fcategories&post=1504"},{"taxonomy":"post_tag","embeddable":true,"href":"https:\/\/infoelnuevonorte.com\/index.php?rest_route=%2Fwp%2Fv2%2Ftags&post=1504"}],"curies":[{"name":"wp","href":"https:\/\/api.w.org\/{rel}","templated":true}]}}