{"id":15062,"date":"2024-03-18T13:45:38","date_gmt":"2024-03-18T17:45:38","guid":{"rendered":"https:\/\/infoelnuevonorte.com\/?p=15062"},"modified":"2024-03-18T13:45:40","modified_gmt":"2024-03-18T17:45:40","slug":"reportan-incendio-en-carcel-la-victoria","status":"publish","type":"post","link":"https:\/\/infoelnuevonorte.com\/?p=15062","title":{"rendered":"Reportan incendio en c\u00e1rcel La Victoria"},"content":{"rendered":"<p style=\"text-align: justify;\"><span style=\"color: #00ffff;\"><strong><span style=\"background-color: #ff0000;\">ESCUCHAR ESTA NOTICIA<\/span> <\/strong><\/span><\/p>\n<!--[if lt IE 9]><script>document.createElement('audio');<\/script><![endif]-->\n<audio class=\"wp-audio-shortcode\" id=\"audio-15062-1\" preload=\"none\" style=\"width: 100%;\" controls=\"controls\"><source type=\"audio\/mpeg\" src=\"https:\/\/infoelnuevonorte.com\/wp-content\/uploads\/2024\/03\/ttsmaker-file-2024-3-18-13-41-12.mp3?_=1\" \/><a href=\"https:\/\/infoelnuevonorte.com\/wp-content\/uploads\/2024\/03\/ttsmaker-file-2024-3-18-13-41-12.mp3\">https:\/\/infoelnuevonorte.com\/wp-content\/uploads\/2024\/03\/ttsmaker-file-2024-3-18-13-41-12.mp3<\/a><\/audio>\n<p style=\"text-align: justify;\"><strong>SANTO DOMINGO.<\/strong>\u2013 Se report\u00f3 un incendio este lunes en las instalaciones de la Penitenciar\u00eda Nacional de <strong>La Victoria<\/strong>.<\/p>\n<p style=\"text-align: justify;\">El director de Prisiones, Roberto Hern\u00e1ndez, confirm\u00f3 que en las celdas 3 y 4 de la Penitenciar\u00eda Nacional de La Victoria se origin\u00f3 un incendio y que el cuerpo de bomberos de la demarcaci\u00f3n del mismo nombre, as\u00ed como de Santo Domingo Norte, hacen ingentes esfuerzos por sofocarlo.<\/p>\n<p style=\"text-align: justify;\">Hern\u00e1ndez dijo que en estos momentos se dirige hacia el penal para obtener mayores detalles del fuego que se cree inici\u00f3 alrededor de las 12 del mediod\u00eda de este lunes.<\/p>\n<p style=\"text-align: justify;\">Los videos fueron enviados a trav\u00e9s de nuestro n\u00famero de <strong>WhatsApp.<\/strong><\/p>\n<div style=\"width: 696px;\" class=\"wp-video\"><!--[if lt IE 9]><script>document.createElement('video');<\/script><![endif]-->\n<video class=\"wp-video-shortcode\" id=\"video-15062-1\" width=\"696\" height=\"1237\" preload=\"metadata\" controls=\"controls\"><source type=\"video\/mp4\" src=\"https:\/\/infoelnuevonorte.com\/wp-content\/uploads\/2024\/03\/MAGDALENA-INSTAGRAM-NO-BORRAR-16.mp4?_=1\" \/><a href=\"https:\/\/infoelnuevonorte.com\/wp-content\/uploads\/2024\/03\/MAGDALENA-INSTAGRAM-NO-BORRAR-16.mp4\">https:\/\/infoelnuevonorte.com\/wp-content\/uploads\/2024\/03\/MAGDALENA-INSTAGRAM-NO-BORRAR-16.mp4<\/a><\/video><\/div>\n<div style=\"width: 696px;\" class=\"wp-video\"><video class=\"wp-video-shortcode\" id=\"video-15062-2\" width=\"696\" height=\"1237\" preload=\"metadata\" controls=\"controls\"><source type=\"video\/mp4\" src=\"https:\/\/infoelnuevonorte.com\/wp-content\/uploads\/2024\/03\/MAGDALENA-INSTAGRAM-NO-BORRAR-17.mp4?_=2\" \/><a href=\"https:\/\/infoelnuevonorte.com\/wp-content\/uploads\/2024\/03\/MAGDALENA-INSTAGRAM-NO-BORRAR-17.mp4\">https:\/\/infoelnuevonorte.com\/wp-content\/uploads\/2024\/03\/MAGDALENA-INSTAGRAM-NO-BORRAR-17.mp4<\/a><\/video><\/div>\n","protected":false},"excerpt":{"rendered":"<p>ESCUCHAR ESTA NOTICIA SANTO DOMINGO.\u2013 Se report\u00f3 un incendio este lunes en las instalaciones de la Penitenciar\u00eda Nacional de La Victoria. El director de Prisiones, Roberto Hern\u00e1ndez, confirm\u00f3 que en las celdas 3 y 4 de la Penitenciar\u00eda Nacional de La Victoria se origin\u00f3 un incendio y que el cuerpo de bomberos de la demarcaci\u00f3n [&hellip;]<\/p>\n","protected":false},"author":1,"featured_media":0,"comment_status":"closed","ping_status":"open","sticky":false,"template":"","format":"standard","meta":{"footnotes":""},"categories":[2,8,18],"tags":[],"yoast_head":"<!-- This site is optimized with the Yoast SEO plugin v24.5 - https:\/\/yoast.com\/wordpress\/plugins\/seo\/ -->\n<title>Reportan incendio en c\u00e1rcel La Victoria | El Nuevo Norte<\/title>\n<meta name=\"robots\" content=\"index, follow, max-snippet:-1, max-image-preview:large, max-video-preview:-1\" \/>\n<link rel=\"canonical\" href=\"https:\/\/infoelnuevonorte.com\/?p=15062\" \/>\n<meta property=\"og:locale\" content=\"es_ES\" \/>\n<meta property=\"og:type\" content=\"article\" \/>\n<meta property=\"og:title\" content=\"Reportan incendio en c\u00e1rcel La Victoria | El Nuevo Norte\" \/>\n<meta property=\"og:description\" content=\"ESCUCHAR ESTA NOTICIA SANTO DOMINGO.\u2013 Se report\u00f3 un incendio este lunes en las instalaciones de la Penitenciar\u00eda Nacional de La Victoria. El director de Prisiones, Roberto Hern\u00e1ndez, confirm\u00f3 que en las celdas 3 y 4 de la Penitenciar\u00eda Nacional de La Victoria se origin\u00f3 un incendio y que el cuerpo de bomberos de la demarcaci\u00f3n [&hellip;]\" \/>\n<meta property=\"og:url\" content=\"https:\/\/infoelnuevonorte.com\/?p=15062\" \/>\n<meta property=\"og:site_name\" content=\"El Nuevo Norte\" \/>\n<meta property=\"article:publisher\" content=\"https:\/\/www.facebook.com\/infoenn\" \/>\n<meta property=\"article:published_time\" content=\"2024-03-18T17:45:38+00:00\" \/>\n<meta property=\"article:modified_time\" content=\"2024-03-18T17:45:40+00:00\" \/>\n<meta property=\"og:image\" content=\"https:\/\/infoelnuevonorte.com\/wp-content\/uploads\/2024\/02\/LA-VICTORIA-scaled-e1628622905774-1200x675-1-1140x675-2.png\" \/>\n\t<meta property=\"og:image:width\" content=\"1140\" \/>\n\t<meta property=\"og:image:height\" content=\"675\" \/>\n\t<meta property=\"og:image:type\" content=\"image\/png\" \/>\n<meta name=\"author\" content=\"InfoEnn\" \/>\n<meta name=\"twitter:card\" content=\"summary_large_image\" \/>\n<meta name=\"twitter:creator\" content=\"@Elnuevo_norte\" \/>\n<meta name=\"twitter:site\" content=\"@Elnuevo_norte\" \/>\n<meta name=\"twitter:label1\" content=\"Written by\" \/>\n\t<meta name=\"twitter:data1\" content=\"InfoEnn\" \/>\n\t<meta name=\"twitter:label2\" content=\"Est. reading time\" \/>\n\t<meta name=\"twitter:data2\" content=\"1 minuto\" \/>\n<script type=\"application\/ld+json\" class=\"yoast-schema-graph\">{\"@context\":\"https:\/\/schema.org\",\"@graph\":[{\"@type\":\"Article\",\"@id\":\"https:\/\/infoelnuevonorte.com\/?p=15062#article\",\"isPartOf\":{\"@id\":\"https:\/\/infoelnuevonorte.com\/?p=15062\"},\"author\":{\"name\":\"InfoEnn\",\"@id\":\"https:\/\/infoelnuevonorte.com\/#\/schema\/person\/fd4f6d90afe41260818b4ea94ad8ab84\"},\"headline\":\"Reportan incendio en c\u00e1rcel La Victoria\",\"datePublished\":\"2024-03-18T17:45:38+00:00\",\"dateModified\":\"2024-03-18T17:45:40+00:00\",\"mainEntityOfPage\":{\"@id\":\"https:\/\/infoelnuevonorte.com\/?p=15062\"},\"wordCount\":161,\"publisher\":{\"@id\":\"https:\/\/infoelnuevonorte.com\/#organization\"},\"articleSection\":[\"Actualidad |\",\"Nacionales\",\"Video\"],\"inLanguage\":\"es-DO\"},{\"@type\":\"WebPage\",\"@id\":\"https:\/\/infoelnuevonorte.com\/?p=15062\",\"url\":\"https:\/\/infoelnuevonorte.com\/?p=15062\",\"name\":\"Reportan incendio en c\u00e1rcel La Victoria | El Nuevo Norte\",\"isPartOf\":{\"@id\":\"https:\/\/infoelnuevonorte.com\/#website\"},\"datePublished\":\"2024-03-18T17:45:38+00:00\",\"dateModified\":\"2024-03-18T17:45:40+00:00\",\"breadcrumb\":{\"@id\":\"https:\/\/infoelnuevonorte.com\/?p=15062#breadcrumb\"},\"inLanguage\":\"es-DO\",\"potentialAction\":[{\"@type\":\"ReadAction\",\"target\":[\"https:\/\/infoelnuevonorte.com\/?p=15062\"]}]},{\"@type\":\"BreadcrumbList\",\"@id\":\"https:\/\/infoelnuevonorte.com\/?p=15062#breadcrumb\",\"itemListElement\":[{\"@type\":\"ListItem\",\"position\":1,\"name\":\"Home\",\"item\":\"https:\/\/infoelnuevonorte.com\/\"},{\"@type\":\"ListItem\",\"position\":2,\"name\":\"Reportan incendio en c\u00e1rcel La Victoria\"}]},{\"@type\":\"WebSite\",\"@id\":\"https:\/\/infoelnuevonorte.com\/#website\",\"url\":\"https:\/\/infoelnuevonorte.com\/\",\"name\":\"InfoEnn\",\"description\":\"Tu Voz, tu Verdad, tu Diario!!!\",\"publisher\":{\"@id\":\"https:\/\/infoelnuevonorte.com\/#organization\"},\"alternateName\":\"El Nuevo Norte\",\"potentialAction\":[{\"@type\":\"SearchAction\",\"target\":{\"@type\":\"EntryPoint\",\"urlTemplate\":\"https:\/\/infoelnuevonorte.com\/?s={search_term_string}\"},\"query-input\":{\"@type\":\"PropertyValueSpecification\",\"valueRequired\":true,\"valueName\":\"search_term_string\"}}],\"inLanguage\":\"es-DO\"},{\"@type\":\"Organization\",\"@id\":\"https:\/\/infoelnuevonorte.com\/#organization\",\"name\":\"Info El Nuevo Norte\",\"alternateName\":\"El Nuevo Norte\",\"url\":\"https:\/\/infoelnuevonorte.com\/\",\"logo\":{\"@type\":\"ImageObject\",\"inLanguage\":\"es-DO\",\"@id\":\"https:\/\/infoelnuevonorte.com\/#\/schema\/logo\/image\/\",\"url\":\"https:\/\/infoelnuevonorte.com\/wp-content\/uploads\/2026\/02\/Logo-Info-enn-3d-20ani.jpeg\",\"contentUrl\":\"https:\/\/infoelnuevonorte.com\/wp-content\/uploads\/2026\/02\/Logo-Info-enn-3d-20ani.jpeg\",\"width\":2046,\"height\":736,\"caption\":\"Info El Nuevo Norte\"},\"image\":{\"@id\":\"https:\/\/infoelnuevonorte.com\/#\/schema\/logo\/image\/\"},\"sameAs\":[\"https:\/\/www.facebook.com\/infoenn\",\"https:\/\/x.com\/Elnuevo_norte\",\"https:\/\/www.instagram.com\/infoenn\",\"https:\/\/www.facebook.com\/ENNRD\"]},{\"@type\":\"Person\",\"@id\":\"https:\/\/infoelnuevonorte.com\/#\/schema\/person\/fd4f6d90afe41260818b4ea94ad8ab84\",\"name\":\"InfoEnn\",\"image\":{\"@type\":\"ImageObject\",\"inLanguage\":\"es-DO\",\"@id\":\"https:\/\/infoelnuevonorte.com\/#\/schema\/person\/image\/\",\"url\":\"https:\/\/secure.gravatar.com\/avatar\/d4d760a41a48ba9db0a82bfb63bb0783?s=96&d=robohash&r=g\",\"contentUrl\":\"https:\/\/secure.gravatar.com\/avatar\/d4d760a41a48ba9db0a82bfb63bb0783?s=96&d=robohash&r=g\",\"caption\":\"InfoEnn\"},\"sameAs\":[\"https:\/\/infoelnuevonorte.com\"],\"url\":\"https:\/\/infoelnuevonorte.com\/?author=1\"}]}<\/script>\n<!-- \/ Yoast SEO plugin. -->","yoast_head_json":{"title":"Reportan incendio en c\u00e1rcel La Victoria | El Nuevo Norte","robots":{"index":"index","follow":"follow","max-snippet":"max-snippet:-1","max-image-preview":"max-image-preview:large","max-video-preview":"max-video-preview:-1"},"canonical":"https:\/\/infoelnuevonorte.com\/?p=15062","og_locale":"es_ES","og_type":"article","og_title":"Reportan incendio en c\u00e1rcel La Victoria | El Nuevo Norte","og_description":"ESCUCHAR ESTA NOTICIA SANTO DOMINGO.\u2013 Se report\u00f3 un incendio este lunes en las instalaciones de la Penitenciar\u00eda Nacional de La Victoria. El director de Prisiones, Roberto Hern\u00e1ndez, confirm\u00f3 que en las celdas 3 y 4 de la Penitenciar\u00eda Nacional de La Victoria se origin\u00f3 un incendio y que el cuerpo de bomberos de la demarcaci\u00f3n [&hellip;]","og_url":"https:\/\/infoelnuevonorte.com\/?p=15062","og_site_name":"El Nuevo Norte","article_publisher":"https:\/\/www.facebook.com\/infoenn","article_published_time":"2024-03-18T17:45:38+00:00","article_modified_time":"2024-03-18T17:45:40+00:00","og_image":[{"width":1140,"height":675,"url":"https:\/\/infoelnuevonorte.com\/wp-content\/uploads\/2024\/02\/LA-VICTORIA-scaled-e1628622905774-1200x675-1-1140x675-2.png","type":"image\/png"}],"author":"InfoEnn","twitter_card":"summary_large_image","twitter_creator":"@Elnuevo_norte","twitter_site":"@Elnuevo_norte","twitter_misc":{"Written by":"InfoEnn","Est. reading time":"1 minuto"},"schema":{"@context":"https:\/\/schema.org","@graph":[{"@type":"Article","@id":"https:\/\/infoelnuevonorte.com\/?p=15062#article","isPartOf":{"@id":"https:\/\/infoelnuevonorte.com\/?p=15062"},"author":{"name":"InfoEnn","@id":"https:\/\/infoelnuevonorte.com\/#\/schema\/person\/fd4f6d90afe41260818b4ea94ad8ab84"},"headline":"Reportan incendio en c\u00e1rcel La Victoria","datePublished":"2024-03-18T17:45:38+00:00","dateModified":"2024-03-18T17:45:40+00:00","mainEntityOfPage":{"@id":"https:\/\/infoelnuevonorte.com\/?p=15062"},"wordCount":161,"publisher":{"@id":"https:\/\/infoelnuevonorte.com\/#organization"},"articleSection":["Actualidad |","Nacionales","Video"],"inLanguage":"es-DO"},{"@type":"WebPage","@id":"https:\/\/infoelnuevonorte.com\/?p=15062","url":"https:\/\/infoelnuevonorte.com\/?p=15062","name":"Reportan incendio en c\u00e1rcel La Victoria | El Nuevo Norte","isPartOf":{"@id":"https:\/\/infoelnuevonorte.com\/#website"},"datePublished":"2024-03-18T17:45:38+00:00","dateModified":"2024-03-18T17:45:40+00:00","breadcrumb":{"@id":"https:\/\/infoelnuevonorte.com\/?p=15062#breadcrumb"},"inLanguage":"es-DO","potentialAction":[{"@type":"ReadAction","target":["https:\/\/infoelnuevonorte.com\/?p=15062"]}]},{"@type":"BreadcrumbList","@id":"https:\/\/infoelnuevonorte.com\/?p=15062#breadcrumb","itemListElement":[{"@type":"ListItem","position":1,"name":"Home","item":"https:\/\/infoelnuevonorte.com\/"},{"@type":"ListItem","position":2,"name":"Reportan incendio en c\u00e1rcel La Victoria"}]},{"@type":"WebSite","@id":"https:\/\/infoelnuevonorte.com\/#website","url":"https:\/\/infoelnuevonorte.com\/","name":"InfoEnn","description":"Tu Voz, tu Verdad, tu Diario!!!","publisher":{"@id":"https:\/\/infoelnuevonorte.com\/#organization"},"alternateName":"El Nuevo Norte","potentialAction":[{"@type":"SearchAction","target":{"@type":"EntryPoint","urlTemplate":"https:\/\/infoelnuevonorte.com\/?s={search_term_string}"},"query-input":{"@type":"PropertyValueSpecification","valueRequired":true,"valueName":"search_term_string"}}],"inLanguage":"es-DO"},{"@type":"Organization","@id":"https:\/\/infoelnuevonorte.com\/#organization","name":"Info El Nuevo Norte","alternateName":"El Nuevo Norte","url":"https:\/\/infoelnuevonorte.com\/","logo":{"@type":"ImageObject","inLanguage":"es-DO","@id":"https:\/\/infoelnuevonorte.com\/#\/schema\/logo\/image\/","url":"https:\/\/infoelnuevonorte.com\/wp-content\/uploads\/2026\/02\/Logo-Info-enn-3d-20ani.jpeg","contentUrl":"https:\/\/infoelnuevonorte.com\/wp-content\/uploads\/2026\/02\/Logo-Info-enn-3d-20ani.jpeg","width":2046,"height":736,"caption":"Info El Nuevo Norte"},"image":{"@id":"https:\/\/infoelnuevonorte.com\/#\/schema\/logo\/image\/"},"sameAs":["https:\/\/www.facebook.com\/infoenn","https:\/\/x.com\/Elnuevo_norte","https:\/\/www.instagram.com\/infoenn","https:\/\/www.facebook.com\/ENNRD"]},{"@type":"Person","@id":"https:\/\/infoelnuevonorte.com\/#\/schema\/person\/fd4f6d90afe41260818b4ea94ad8ab84","name":"InfoEnn","image":{"@type":"ImageObject","inLanguage":"es-DO","@id":"https:\/\/infoelnuevonorte.com\/#\/schema\/person\/image\/","url":"https:\/\/secure.gravatar.com\/avatar\/d4d760a41a48ba9db0a82bfb63bb0783?s=96&d=robohash&r=g","contentUrl":"https:\/\/secure.gravatar.com\/avatar\/d4d760a41a48ba9db0a82bfb63bb0783?s=96&d=robohash&r=g","caption":"InfoEnn"},"sameAs":["https:\/\/infoelnuevonorte.com"],"url":"https:\/\/infoelnuevonorte.com\/?author=1"}]}},"_links":{"self":[{"href":"https:\/\/infoelnuevonorte.com\/index.php?rest_route=\/wp\/v2\/posts\/15062"}],"collection":[{"href":"https:\/\/infoelnuevonorte.com\/index.php?rest_route=\/wp\/v2\/posts"}],"about":[{"href":"https:\/\/infoelnuevonorte.com\/index.php?rest_route=\/wp\/v2\/types\/post"}],"author":[{"embeddable":true,"href":"https:\/\/infoelnuevonorte.com\/index.php?rest_route=\/wp\/v2\/users\/1"}],"replies":[{"embeddable":true,"href":"https:\/\/infoelnuevonorte.com\/index.php?rest_route=%2Fwp%2Fv2%2Fcomments&post=15062"}],"version-history":[{"count":0,"href":"https:\/\/infoelnuevonorte.com\/index.php?rest_route=\/wp\/v2\/posts\/15062\/revisions"}],"wp:attachment":[{"href":"https:\/\/infoelnuevonorte.com\/index.php?rest_route=%2Fwp%2Fv2%2Fmedia&parent=15062"}],"wp:term":[{"taxonomy":"category","embeddable":true,"href":"https:\/\/infoelnuevonorte.com\/index.php?rest_route=%2Fwp%2Fv2%2Fcategories&post=15062"},{"taxonomy":"post_tag","embeddable":true,"href":"https:\/\/infoelnuevonorte.com\/index.php?rest_route=%2Fwp%2Fv2%2Ftags&post=15062"}],"curies":[{"name":"wp","href":"https:\/\/api.w.org\/{rel}","templated":true}]}}