{"id":151166,"date":"2025-10-13T05:52:42","date_gmt":"2025-10-13T09:52:42","guid":{"rendered":"https:\/\/infoelnuevonorte.com\/?p=151166"},"modified":"2025-10-13T05:52:43","modified_gmt":"2025-10-13T09:52:43","slug":"maduro-llama-bruja-demoniaca-a-maria-corina-machado-tras-su-premio-nobel-de-la-paz","status":"publish","type":"post","link":"https:\/\/infoelnuevonorte.com\/?p=151166","title":{"rendered":"Maduro llama \u201cbruja demon\u00edaca\u201d a Mar\u00eda Corina Machado tras su Premio Nobel de la Paz"},"content":{"rendered":"<!--[if lt IE 9]><script>document.createElement('audio');<\/script><![endif]-->\n<audio class=\"wp-audio-shortcode\" id=\"audio-151166-1\" preload=\"none\" style=\"width: 100%;\" controls=\"controls\"><source type=\"audio\/mpeg\" src=\"https:\/\/infoelnuevonorte.com\/wp-content\/uploads\/2025\/10\/ttsmaker-vip-file-2025-10-13-5-52-7.mp3?_=1\" \/><a href=\"https:\/\/infoelnuevonorte.com\/wp-content\/uploads\/2025\/10\/ttsmaker-vip-file-2025-10-13-5-52-7.mp3\">https:\/\/infoelnuevonorte.com\/wp-content\/uploads\/2025\/10\/ttsmaker-vip-file-2025-10-13-5-52-7.mp3<\/a><\/audio>\n<p style=\"text-align: justify;\" data-start=\"108\" data-end=\"591\">El presidente Nicol\u00e1s Maduro calific\u00f3 este domingo a la opositora y galardonada con el Premio <strong data-start=\"215\" data-end=\"234\">Nobel de la Paz<\/strong>, <strong data-start=\"236\" data-end=\"260\">Mar\u00eda Corina Machado<\/strong>, como una \u201c<strong data-start=\"272\" data-end=\"291\">bruja demon\u00edaca<\/strong>\u201d durante un acto celebrado en la marcha del D\u00eda de la Resistencia Ind\u00edgena, en declaraciones en las que adem\u00e1s evit\u00f3 mencionar expl\u00edcitamente el premio. <strong data-start=\"445\" data-end=\"525\">El mandatario pidi\u00f3 acelerar la creaci\u00f3n de una Milicia Bolivariana Ind\u00edgena<\/strong> y advirti\u00f3 contra lo que describi\u00f3 como \u201camenazas imperialistas\u201d.<\/p>\n<p style=\"text-align: justify;\" data-start=\"593\" data-end=\"1062\">En el discurso, pronunciado unas 60 horas despu\u00e9s del reconocimiento internacional a Machado y con un grupo reducido de simpatizantes presentes, Maduro recurri\u00f3 a im\u00e1genes y leyendas andinas \u2014mencion\u00f3 la figura de la \u201cSayona\u201d, una mujer castigadora de infieles\u2014 para desacreditar a la l\u00edder opositora. Seg\u00fan el mandatario, \u201c<strong data-start=\"917\" data-end=\"985\">un 90% de la poblaci\u00f3n repudia a la bruja demon\u00edaca de la Sayona<\/strong>\u201d, frase con la que busc\u00f3 ligar la figura de Machado a un imaginario popular.<\/p>\n<p style=\"text-align: justify;\" data-start=\"1064\" data-end=\"1531\">El gobernante tambi\u00e9n lanz\u00f3 advertencias geopol\u00edticas: asegur\u00f3 que EEUU podr\u00eda pasar a una \u201cfase dos\u201d de despliegue militar en el Caribe y defendi\u00f3 la formaci\u00f3n y movilizaci\u00f3n de milicias como respuesta. <strong data-start=\"1268\" data-end=\"1343\">Orden\u00f3 la aceleraci\u00f3n de la creaci\u00f3n de la Milicia Bolivariana Ind\u00edgena<\/strong> y convoc\u00f3 a milicias internacionalistas ind\u00edgenas sudamericanas \u201cdispuestas a guerrear\u201d para proteger lo que defini\u00f3 como la soberan\u00eda y el legado de los l\u00edderes ind\u00edgenas y libertadores.<\/p>\n<p style=\"text-align: justify;\" data-start=\"1533\" data-end=\"1884\">El tono combativo del acto se complement\u00f3 con acusaciones sobre narcotr\u00e1fico: Maduro sostuvo, sin aportar pruebas en el acto, que existe una red de narcotr\u00e1fico vinculada con jerarcas militares y guerrillas que estar\u00eda conectada con env\u00edos de coca\u00edna hacia Estados Unidos, y afirm\u00f3 que el pueblo venezolano no se rendir\u00e1 ante \u201camenazas imperialistas\u201d.<\/p>\n<p style=\"text-align: justify;\" data-start=\"1886\" data-end=\"2273\">En contraste con la reacci\u00f3n oficial, la designaci\u00f3n del <strong data-start=\"1943\" data-end=\"1992\">Premio Nobel de la Paz a Mar\u00eda Corina Machado<\/strong> fue reportada por medios internacionales y, seg\u00fan el texto, fue censurada en la televisi\u00f3n y radio p\u00fablicas de Venezuela. El hecho del galard\u00f3n y la reacci\u00f3n del presidente agregan tensi\u00f3n a un clima pol\u00edtico marcado por enfrentamientos ret\u00f3ricos entre el gobierno y la oposici\u00f3n.<\/p>\n","protected":false},"excerpt":{"rendered":"<p>El presidente Nicol\u00e1s Maduro calific\u00f3 este domingo a la opositora y galardonada con el Premio Nobel de la Paz, Mar\u00eda Corina Machado, como una \u201cbruja demon\u00edaca\u201d durante un acto celebrado en la marcha del D\u00eda de la Resistencia Ind\u00edgena, en declaraciones en las que adem\u00e1s evit\u00f3 mencionar expl\u00edcitamente el premio. El mandatario pidi\u00f3 acelerar la [&hellip;]<\/p>\n","protected":false},"author":1,"featured_media":151168,"comment_status":"closed","ping_status":"open","sticky":false,"template":"","format":"standard","meta":{"footnotes":""},"categories":[9],"tags":[],"yoast_head":"<!-- This site is optimized with the Yoast SEO plugin v24.5 - https:\/\/yoast.com\/wordpress\/plugins\/seo\/ -->\n<title>Maduro llama \u201cbruja demon\u00edaca\u201d a Mar\u00eda Corina Machado tras su Premio Nobel de la Paz | El Nuevo Norte<\/title>\n<meta name=\"robots\" content=\"index, follow, max-snippet:-1, max-image-preview:large, max-video-preview:-1\" \/>\n<link rel=\"canonical\" href=\"https:\/\/infoelnuevonorte.com\/?p=151166\" \/>\n<meta property=\"og:locale\" content=\"es_ES\" \/>\n<meta property=\"og:type\" content=\"article\" \/>\n<meta property=\"og:title\" content=\"Maduro llama \u201cbruja demon\u00edaca\u201d a Mar\u00eda Corina Machado tras su Premio Nobel de la Paz | El Nuevo Norte\" \/>\n<meta property=\"og:description\" content=\"El presidente Nicol\u00e1s Maduro calific\u00f3 este domingo a la opositora y galardonada con el Premio Nobel de la Paz, Mar\u00eda Corina Machado, como una \u201cbruja demon\u00edaca\u201d durante un acto celebrado en la marcha del D\u00eda de la Resistencia Ind\u00edgena, en declaraciones en las que adem\u00e1s evit\u00f3 mencionar expl\u00edcitamente el premio. El mandatario pidi\u00f3 acelerar la [&hellip;]\" \/>\n<meta property=\"og:url\" content=\"https:\/\/infoelnuevonorte.com\/?p=151166\" \/>\n<meta property=\"og:site_name\" content=\"El Nuevo Norte\" \/>\n<meta property=\"article:publisher\" content=\"https:\/\/www.facebook.com\/infoenn\" \/>\n<meta property=\"article:published_time\" content=\"2025-10-13T09:52:42+00:00\" \/>\n<meta property=\"article:modified_time\" content=\"2025-10-13T09:52:43+00:00\" \/>\n<meta property=\"og:image\" content=\"https:\/\/infoelnuevonorte.com\/wp-content\/uploads\/2025\/10\/Maria-Corcina-y-Nicolas-960x640-1.jpg\" \/>\n\t<meta property=\"og:image:width\" content=\"960\" \/>\n\t<meta property=\"og:image:height\" content=\"640\" \/>\n\t<meta property=\"og:image:type\" content=\"image\/jpeg\" \/>\n<meta name=\"author\" content=\"InfoEnn\" \/>\n<meta name=\"twitter:card\" content=\"summary_large_image\" \/>\n<meta name=\"twitter:creator\" content=\"@Elnuevo_norte\" \/>\n<meta name=\"twitter:site\" content=\"@Elnuevo_norte\" \/>\n<meta name=\"twitter:label1\" content=\"Written by\" \/>\n\t<meta name=\"twitter:data1\" content=\"InfoEnn\" \/>\n\t<meta name=\"twitter:label2\" content=\"Est. reading time\" \/>\n\t<meta name=\"twitter:data2\" content=\"2 minutos\" \/>\n<script type=\"application\/ld+json\" class=\"yoast-schema-graph\">{\"@context\":\"https:\/\/schema.org\",\"@graph\":[{\"@type\":\"Article\",\"@id\":\"https:\/\/infoelnuevonorte.com\/?p=151166#article\",\"isPartOf\":{\"@id\":\"https:\/\/infoelnuevonorte.com\/?p=151166\"},\"author\":{\"name\":\"InfoEnn\",\"@id\":\"https:\/\/infoelnuevonorte.com\/#\/schema\/person\/fd4f6d90afe41260818b4ea94ad8ab84\"},\"headline\":\"Maduro llama \u201cbruja demon\u00edaca\u201d a Mar\u00eda Corina Machado tras su Premio Nobel de la Paz\",\"datePublished\":\"2025-10-13T09:52:42+00:00\",\"dateModified\":\"2025-10-13T09:52:43+00:00\",\"mainEntityOfPage\":{\"@id\":\"https:\/\/infoelnuevonorte.com\/?p=151166\"},\"wordCount\":403,\"publisher\":{\"@id\":\"https:\/\/infoelnuevonorte.com\/#organization\"},\"image\":{\"@id\":\"https:\/\/infoelnuevonorte.com\/?p=151166#primaryimage\"},\"thumbnailUrl\":\"https:\/\/infoelnuevonorte.com\/wp-content\/uploads\/2025\/10\/Maria-Corcina-y-Nicolas-960x640-1.jpg\",\"articleSection\":[\"Mundiales\"],\"inLanguage\":\"es-DO\"},{\"@type\":\"WebPage\",\"@id\":\"https:\/\/infoelnuevonorte.com\/?p=151166\",\"url\":\"https:\/\/infoelnuevonorte.com\/?p=151166\",\"name\":\"Maduro llama \u201cbruja demon\u00edaca\u201d a Mar\u00eda Corina Machado tras su Premio Nobel de la Paz | El Nuevo Norte\",\"isPartOf\":{\"@id\":\"https:\/\/infoelnuevonorte.com\/#website\"},\"primaryImageOfPage\":{\"@id\":\"https:\/\/infoelnuevonorte.com\/?p=151166#primaryimage\"},\"image\":{\"@id\":\"https:\/\/infoelnuevonorte.com\/?p=151166#primaryimage\"},\"thumbnailUrl\":\"https:\/\/infoelnuevonorte.com\/wp-content\/uploads\/2025\/10\/Maria-Corcina-y-Nicolas-960x640-1.jpg\",\"datePublished\":\"2025-10-13T09:52:42+00:00\",\"dateModified\":\"2025-10-13T09:52:43+00:00\",\"breadcrumb\":{\"@id\":\"https:\/\/infoelnuevonorte.com\/?p=151166#breadcrumb\"},\"inLanguage\":\"es-DO\",\"potentialAction\":[{\"@type\":\"ReadAction\",\"target\":[\"https:\/\/infoelnuevonorte.com\/?p=151166\"]}]},{\"@type\":\"ImageObject\",\"inLanguage\":\"es-DO\",\"@id\":\"https:\/\/infoelnuevonorte.com\/?p=151166#primaryimage\",\"url\":\"https:\/\/infoelnuevonorte.com\/wp-content\/uploads\/2025\/10\/Maria-Corcina-y-Nicolas-960x640-1.jpg\",\"contentUrl\":\"https:\/\/infoelnuevonorte.com\/wp-content\/uploads\/2025\/10\/Maria-Corcina-y-Nicolas-960x640-1.jpg\",\"width\":960,\"height\":640},{\"@type\":\"BreadcrumbList\",\"@id\":\"https:\/\/infoelnuevonorte.com\/?p=151166#breadcrumb\",\"itemListElement\":[{\"@type\":\"ListItem\",\"position\":1,\"name\":\"Home\",\"item\":\"https:\/\/infoelnuevonorte.com\/\"},{\"@type\":\"ListItem\",\"position\":2,\"name\":\"Maduro llama \u201cbruja demon\u00edaca\u201d a Mar\u00eda Corina Machado tras su Premio Nobel de la Paz\"}]},{\"@type\":\"WebSite\",\"@id\":\"https:\/\/infoelnuevonorte.com\/#website\",\"url\":\"https:\/\/infoelnuevonorte.com\/\",\"name\":\"InfoEnn\",\"description\":\"Tu Voz, tu Verdad, tu Diario!!!\",\"publisher\":{\"@id\":\"https:\/\/infoelnuevonorte.com\/#organization\"},\"alternateName\":\"El Nuevo Norte\",\"potentialAction\":[{\"@type\":\"SearchAction\",\"target\":{\"@type\":\"EntryPoint\",\"urlTemplate\":\"https:\/\/infoelnuevonorte.com\/?s={search_term_string}\"},\"query-input\":{\"@type\":\"PropertyValueSpecification\",\"valueRequired\":true,\"valueName\":\"search_term_string\"}}],\"inLanguage\":\"es-DO\"},{\"@type\":\"Organization\",\"@id\":\"https:\/\/infoelnuevonorte.com\/#organization\",\"name\":\"Info El Nuevo Norte\",\"alternateName\":\"El Nuevo Norte\",\"url\":\"https:\/\/infoelnuevonorte.com\/\",\"logo\":{\"@type\":\"ImageObject\",\"inLanguage\":\"es-DO\",\"@id\":\"https:\/\/infoelnuevonorte.com\/#\/schema\/logo\/image\/\",\"url\":\"https:\/\/infoelnuevonorte.com\/wp-content\/uploads\/2026\/02\/Logo-Info-enn-3d-20ani.jpeg\",\"contentUrl\":\"https:\/\/infoelnuevonorte.com\/wp-content\/uploads\/2026\/02\/Logo-Info-enn-3d-20ani.jpeg\",\"width\":2046,\"height\":736,\"caption\":\"Info El Nuevo Norte\"},\"image\":{\"@id\":\"https:\/\/infoelnuevonorte.com\/#\/schema\/logo\/image\/\"},\"sameAs\":[\"https:\/\/www.facebook.com\/infoenn\",\"https:\/\/x.com\/Elnuevo_norte\",\"https:\/\/www.instagram.com\/infoenn\",\"https:\/\/www.facebook.com\/ENNRD\"]},{\"@type\":\"Person\",\"@id\":\"https:\/\/infoelnuevonorte.com\/#\/schema\/person\/fd4f6d90afe41260818b4ea94ad8ab84\",\"name\":\"InfoEnn\",\"image\":{\"@type\":\"ImageObject\",\"inLanguage\":\"es-DO\",\"@id\":\"https:\/\/infoelnuevonorte.com\/#\/schema\/person\/image\/\",\"url\":\"https:\/\/secure.gravatar.com\/avatar\/d4d760a41a48ba9db0a82bfb63bb0783?s=96&d=robohash&r=g\",\"contentUrl\":\"https:\/\/secure.gravatar.com\/avatar\/d4d760a41a48ba9db0a82bfb63bb0783?s=96&d=robohash&r=g\",\"caption\":\"InfoEnn\"},\"sameAs\":[\"https:\/\/infoelnuevonorte.com\"],\"url\":\"https:\/\/infoelnuevonorte.com\/?author=1\"}]}<\/script>\n<!-- \/ Yoast SEO plugin. -->","yoast_head_json":{"title":"Maduro llama \u201cbruja demon\u00edaca\u201d a Mar\u00eda Corina Machado tras su Premio Nobel de la Paz | El Nuevo Norte","robots":{"index":"index","follow":"follow","max-snippet":"max-snippet:-1","max-image-preview":"max-image-preview:large","max-video-preview":"max-video-preview:-1"},"canonical":"https:\/\/infoelnuevonorte.com\/?p=151166","og_locale":"es_ES","og_type":"article","og_title":"Maduro llama \u201cbruja demon\u00edaca\u201d a Mar\u00eda Corina Machado tras su Premio Nobel de la Paz | El Nuevo Norte","og_description":"El presidente Nicol\u00e1s Maduro calific\u00f3 este domingo a la opositora y galardonada con el Premio Nobel de la Paz, Mar\u00eda Corina Machado, como una \u201cbruja demon\u00edaca\u201d durante un acto celebrado en la marcha del D\u00eda de la Resistencia Ind\u00edgena, en declaraciones en las que adem\u00e1s evit\u00f3 mencionar expl\u00edcitamente el premio. El mandatario pidi\u00f3 acelerar la [&hellip;]","og_url":"https:\/\/infoelnuevonorte.com\/?p=151166","og_site_name":"El Nuevo Norte","article_publisher":"https:\/\/www.facebook.com\/infoenn","article_published_time":"2025-10-13T09:52:42+00:00","article_modified_time":"2025-10-13T09:52:43+00:00","og_image":[{"width":960,"height":640,"url":"https:\/\/infoelnuevonorte.com\/wp-content\/uploads\/2025\/10\/Maria-Corcina-y-Nicolas-960x640-1.jpg","type":"image\/jpeg"}],"author":"InfoEnn","twitter_card":"summary_large_image","twitter_creator":"@Elnuevo_norte","twitter_site":"@Elnuevo_norte","twitter_misc":{"Written by":"InfoEnn","Est. reading time":"2 minutos"},"schema":{"@context":"https:\/\/schema.org","@graph":[{"@type":"Article","@id":"https:\/\/infoelnuevonorte.com\/?p=151166#article","isPartOf":{"@id":"https:\/\/infoelnuevonorte.com\/?p=151166"},"author":{"name":"InfoEnn","@id":"https:\/\/infoelnuevonorte.com\/#\/schema\/person\/fd4f6d90afe41260818b4ea94ad8ab84"},"headline":"Maduro llama \u201cbruja demon\u00edaca\u201d a Mar\u00eda Corina Machado tras su Premio Nobel de la Paz","datePublished":"2025-10-13T09:52:42+00:00","dateModified":"2025-10-13T09:52:43+00:00","mainEntityOfPage":{"@id":"https:\/\/infoelnuevonorte.com\/?p=151166"},"wordCount":403,"publisher":{"@id":"https:\/\/infoelnuevonorte.com\/#organization"},"image":{"@id":"https:\/\/infoelnuevonorte.com\/?p=151166#primaryimage"},"thumbnailUrl":"https:\/\/infoelnuevonorte.com\/wp-content\/uploads\/2025\/10\/Maria-Corcina-y-Nicolas-960x640-1.jpg","articleSection":["Mundiales"],"inLanguage":"es-DO"},{"@type":"WebPage","@id":"https:\/\/infoelnuevonorte.com\/?p=151166","url":"https:\/\/infoelnuevonorte.com\/?p=151166","name":"Maduro llama \u201cbruja demon\u00edaca\u201d a Mar\u00eda Corina Machado tras su Premio Nobel de la Paz | El Nuevo Norte","isPartOf":{"@id":"https:\/\/infoelnuevonorte.com\/#website"},"primaryImageOfPage":{"@id":"https:\/\/infoelnuevonorte.com\/?p=151166#primaryimage"},"image":{"@id":"https:\/\/infoelnuevonorte.com\/?p=151166#primaryimage"},"thumbnailUrl":"https:\/\/infoelnuevonorte.com\/wp-content\/uploads\/2025\/10\/Maria-Corcina-y-Nicolas-960x640-1.jpg","datePublished":"2025-10-13T09:52:42+00:00","dateModified":"2025-10-13T09:52:43+00:00","breadcrumb":{"@id":"https:\/\/infoelnuevonorte.com\/?p=151166#breadcrumb"},"inLanguage":"es-DO","potentialAction":[{"@type":"ReadAction","target":["https:\/\/infoelnuevonorte.com\/?p=151166"]}]},{"@type":"ImageObject","inLanguage":"es-DO","@id":"https:\/\/infoelnuevonorte.com\/?p=151166#primaryimage","url":"https:\/\/infoelnuevonorte.com\/wp-content\/uploads\/2025\/10\/Maria-Corcina-y-Nicolas-960x640-1.jpg","contentUrl":"https:\/\/infoelnuevonorte.com\/wp-content\/uploads\/2025\/10\/Maria-Corcina-y-Nicolas-960x640-1.jpg","width":960,"height":640},{"@type":"BreadcrumbList","@id":"https:\/\/infoelnuevonorte.com\/?p=151166#breadcrumb","itemListElement":[{"@type":"ListItem","position":1,"name":"Home","item":"https:\/\/infoelnuevonorte.com\/"},{"@type":"ListItem","position":2,"name":"Maduro llama \u201cbruja demon\u00edaca\u201d a Mar\u00eda Corina Machado tras su Premio Nobel de la Paz"}]},{"@type":"WebSite","@id":"https:\/\/infoelnuevonorte.com\/#website","url":"https:\/\/infoelnuevonorte.com\/","name":"InfoEnn","description":"Tu Voz, tu Verdad, tu Diario!!!","publisher":{"@id":"https:\/\/infoelnuevonorte.com\/#organization"},"alternateName":"El Nuevo Norte","potentialAction":[{"@type":"SearchAction","target":{"@type":"EntryPoint","urlTemplate":"https:\/\/infoelnuevonorte.com\/?s={search_term_string}"},"query-input":{"@type":"PropertyValueSpecification","valueRequired":true,"valueName":"search_term_string"}}],"inLanguage":"es-DO"},{"@type":"Organization","@id":"https:\/\/infoelnuevonorte.com\/#organization","name":"Info El Nuevo Norte","alternateName":"El Nuevo Norte","url":"https:\/\/infoelnuevonorte.com\/","logo":{"@type":"ImageObject","inLanguage":"es-DO","@id":"https:\/\/infoelnuevonorte.com\/#\/schema\/logo\/image\/","url":"https:\/\/infoelnuevonorte.com\/wp-content\/uploads\/2026\/02\/Logo-Info-enn-3d-20ani.jpeg","contentUrl":"https:\/\/infoelnuevonorte.com\/wp-content\/uploads\/2026\/02\/Logo-Info-enn-3d-20ani.jpeg","width":2046,"height":736,"caption":"Info El Nuevo Norte"},"image":{"@id":"https:\/\/infoelnuevonorte.com\/#\/schema\/logo\/image\/"},"sameAs":["https:\/\/www.facebook.com\/infoenn","https:\/\/x.com\/Elnuevo_norte","https:\/\/www.instagram.com\/infoenn","https:\/\/www.facebook.com\/ENNRD"]},{"@type":"Person","@id":"https:\/\/infoelnuevonorte.com\/#\/schema\/person\/fd4f6d90afe41260818b4ea94ad8ab84","name":"InfoEnn","image":{"@type":"ImageObject","inLanguage":"es-DO","@id":"https:\/\/infoelnuevonorte.com\/#\/schema\/person\/image\/","url":"https:\/\/secure.gravatar.com\/avatar\/d4d760a41a48ba9db0a82bfb63bb0783?s=96&d=robohash&r=g","contentUrl":"https:\/\/secure.gravatar.com\/avatar\/d4d760a41a48ba9db0a82bfb63bb0783?s=96&d=robohash&r=g","caption":"InfoEnn"},"sameAs":["https:\/\/infoelnuevonorte.com"],"url":"https:\/\/infoelnuevonorte.com\/?author=1"}]}},"_links":{"self":[{"href":"https:\/\/infoelnuevonorte.com\/index.php?rest_route=\/wp\/v2\/posts\/151166"}],"collection":[{"href":"https:\/\/infoelnuevonorte.com\/index.php?rest_route=\/wp\/v2\/posts"}],"about":[{"href":"https:\/\/infoelnuevonorte.com\/index.php?rest_route=\/wp\/v2\/types\/post"}],"author":[{"embeddable":true,"href":"https:\/\/infoelnuevonorte.com\/index.php?rest_route=\/wp\/v2\/users\/1"}],"replies":[{"embeddable":true,"href":"https:\/\/infoelnuevonorte.com\/index.php?rest_route=%2Fwp%2Fv2%2Fcomments&post=151166"}],"version-history":[{"count":1,"href":"https:\/\/infoelnuevonorte.com\/index.php?rest_route=\/wp\/v2\/posts\/151166\/revisions"}],"predecessor-version":[{"id":151169,"href":"https:\/\/infoelnuevonorte.com\/index.php?rest_route=\/wp\/v2\/posts\/151166\/revisions\/151169"}],"wp:featuredmedia":[{"embeddable":true,"href":"https:\/\/infoelnuevonorte.com\/index.php?rest_route=\/wp\/v2\/media\/151168"}],"wp:attachment":[{"href":"https:\/\/infoelnuevonorte.com\/index.php?rest_route=%2Fwp%2Fv2%2Fmedia&parent=151166"}],"wp:term":[{"taxonomy":"category","embeddable":true,"href":"https:\/\/infoelnuevonorte.com\/index.php?rest_route=%2Fwp%2Fv2%2Fcategories&post=151166"},{"taxonomy":"post_tag","embeddable":true,"href":"https:\/\/infoelnuevonorte.com\/index.php?rest_route=%2Fwp%2Fv2%2Ftags&post=151166"}],"curies":[{"name":"wp","href":"https:\/\/api.w.org\/{rel}","templated":true}]}}