{"id":151170,"date":"2025-10-13T05:54:47","date_gmt":"2025-10-13T09:54:47","guid":{"rendered":"https:\/\/infoelnuevonorte.com\/?p=151170"},"modified":"2025-10-13T05:54:48","modified_gmt":"2025-10-13T09:54:48","slug":"nuevo-primer-ministro-frances-presento-la-nueva-composicion-del-gobierno","status":"publish","type":"post","link":"https:\/\/infoelnuevonorte.com\/?p=151170","title":{"rendered":"Nuevo primer ministro franc\u00e9s present\u00f3 la nueva composici\u00f3n del Gobierno"},"content":{"rendered":"<!--[if lt IE 9]><script>document.createElement('audio');<\/script><![endif]-->\n<audio class=\"wp-audio-shortcode\" id=\"audio-151170-1\" preload=\"none\" style=\"width: 100%;\" controls=\"controls\"><source type=\"audio\/mpeg\" src=\"https:\/\/infoelnuevonorte.com\/wp-content\/uploads\/2025\/10\/ttsmaker-vip-file-2025-10-13-5-54-29.mp3?_=1\" \/><a href=\"https:\/\/infoelnuevonorte.com\/wp-content\/uploads\/2025\/10\/ttsmaker-vip-file-2025-10-13-5-54-29.mp3\">https:\/\/infoelnuevonorte.com\/wp-content\/uploads\/2025\/10\/ttsmaker-vip-file-2025-10-13-5-54-29.mp3<\/a><\/audio>\n<p style=\"text-align: justify;\">El <strong>primer ministro franc\u00e9s, S\u00e9bastien Lecornu<\/strong>, present\u00f3 este domingo la <strong>nueva composici\u00f3n del Gobierno<\/strong> tras ser <strong>nombrado nuevamente por el presidente Emmanuel Macron<\/strong> el pasado viernes, luego de su dimisi\u00f3n a inicios de la semana, seg\u00fan inform\u00f3 <strong>BFMTV<\/strong>.<\/p>\n<p style=\"text-align: justify;\">El <strong>El\u00edseo<\/strong> dio a conocer la lista completa de los <strong>34 ministros<\/strong>, de los cuales <strong>15 son ministros delegados<\/strong>. Entre los nombramientos m\u00e1s destacados figura <strong>Roland Lescure<\/strong>, aliado cercano de Macron, quien conservar\u00e1 su puesto como <strong>ministro de Finanzas<\/strong>, en un momento cr\u00edtico para la aprobaci\u00f3n del <strong>presupuesto 2026<\/strong> en un <strong>Parlamento profundamente dividido<\/strong>, seg\u00fan <strong>Reuters<\/strong>.<\/p>\n<p style=\"text-align: justify;\">Otros nombramientos clave incluyen a <strong>Catherine Vautrin<\/strong> como <strong>ministra de las Fuerzas Armadas<\/strong>, <strong>G\u00e9rald Darmanin<\/strong> en <strong>Justicia<\/strong> y <strong>Jean-No\u00ebl Barrot<\/strong> en <strong>Exteriores<\/strong>. El comunicado oficial del <strong>El\u00edseo<\/strong> indic\u00f3 que el presidente celebrar\u00e1 un <strong>Consejo de Ministros<\/strong> con todos los miembros del Ejecutivo el pr\u00f3ximo martes 14 de octubre.<\/p>\n<p style=\"text-align: justify;\">A trav\u00e9s de su cuenta de <strong>X<\/strong>, Lecornu afirm\u00f3 que se trata de un \u201c<strong>Gobierno de misi\u00f3n<\/strong>\u201d enfocado en elaborar el **presupuesto para Francia antes de que finalice el a\u00f1o\u201d. Adem\u00e1s, agradeci\u00f3 \u201ca las mujeres y los hombres que se comprometen con este Gobierno con total libertad, m\u00e1s all\u00e1 de intereses personales y partidistas. Solo importa una cosa: el inter\u00e9s del pa\u00eds\u201d.<\/p>\n<p style=\"text-align: justify;\">Por otra parte, seg\u00fan un comunicado compartido con <strong>AFP<\/strong>, todos los ministros afiliados al partido <strong>Los Republicanos (LR)<\/strong> que aceptaron integrarse al segundo Gobierno de Lecornu fueron <strong>expulsados de la formaci\u00f3n pol\u00edtica<\/strong>.<\/p>\n<p style=\"text-align: justify;\">La renuncia previa de Lecornu y la fragmentaci\u00f3n del Parlamento han intensificado la <strong>crisis pol\u00edtica francesa<\/strong>, con llamados de diputados y l\u00edderes de partidos a la <strong>dimisi\u00f3n de Macron<\/strong> y a la convocatoria de <strong>elecciones parlamentarias anticipadas<\/strong>. Desde la disoluci\u00f3n de la <strong>Asamblea Nacional en junio de 2024<\/strong>, ninguna fuerza pol\u00edtica ha logrado obtener <strong>mayor\u00eda absoluta<\/strong>, lo que ha agravado la inestabilidad del Ejecutivo.<\/p>\n","protected":false},"excerpt":{"rendered":"<p>El primer ministro franc\u00e9s, S\u00e9bastien Lecornu, present\u00f3 este domingo la nueva composici\u00f3n del Gobierno tras ser nombrado nuevamente por el presidente Emmanuel Macron el pasado viernes, luego de su dimisi\u00f3n a inicios de la semana, seg\u00fan inform\u00f3 BFMTV. El El\u00edseo dio a conocer la lista completa de los 34 ministros, de los cuales 15 son [&hellip;]<\/p>\n","protected":false},"author":1,"featured_media":151171,"comment_status":"closed","ping_status":"open","sticky":false,"template":"","format":"standard","meta":{"footnotes":""},"categories":[9],"tags":[],"yoast_head":"<!-- This site is optimized with the Yoast SEO plugin v24.5 - https:\/\/yoast.com\/wordpress\/plugins\/seo\/ -->\n<title>Nuevo primer ministro franc\u00e9s present\u00f3 la nueva composici\u00f3n del Gobierno | El Nuevo Norte<\/title>\n<meta name=\"robots\" content=\"index, follow, max-snippet:-1, max-image-preview:large, max-video-preview:-1\" \/>\n<link rel=\"canonical\" href=\"https:\/\/infoelnuevonorte.com\/?p=151170\" \/>\n<meta property=\"og:locale\" content=\"es_ES\" \/>\n<meta property=\"og:type\" content=\"article\" \/>\n<meta property=\"og:title\" content=\"Nuevo primer ministro franc\u00e9s present\u00f3 la nueva composici\u00f3n del Gobierno | El Nuevo Norte\" \/>\n<meta property=\"og:description\" content=\"El primer ministro franc\u00e9s, S\u00e9bastien Lecornu, present\u00f3 este domingo la nueva composici\u00f3n del Gobierno tras ser nombrado nuevamente por el presidente Emmanuel Macron el pasado viernes, luego de su dimisi\u00f3n a inicios de la semana, seg\u00fan inform\u00f3 BFMTV. El El\u00edseo dio a conocer la lista completa de los 34 ministros, de los cuales 15 son [&hellip;]\" \/>\n<meta property=\"og:url\" content=\"https:\/\/infoelnuevonorte.com\/?p=151170\" \/>\n<meta property=\"og:site_name\" content=\"El Nuevo Norte\" \/>\n<meta property=\"article:publisher\" content=\"https:\/\/www.facebook.com\/infoenn\" \/>\n<meta property=\"article:published_time\" content=\"2025-10-13T09:54:47+00:00\" \/>\n<meta property=\"article:modified_time\" content=\"2025-10-13T09:54:48+00:00\" \/>\n<meta property=\"og:image\" content=\"https:\/\/infoelnuevonorte.com\/wp-content\/uploads\/2025\/10\/kministro-france.jpg\" \/>\n\t<meta property=\"og:image:width\" content=\"1140\" \/>\n\t<meta property=\"og:image:height\" content=\"694\" \/>\n\t<meta property=\"og:image:type\" content=\"image\/jpeg\" \/>\n<meta name=\"author\" content=\"InfoEnn\" \/>\n<meta name=\"twitter:card\" content=\"summary_large_image\" \/>\n<meta name=\"twitter:creator\" content=\"@Elnuevo_norte\" \/>\n<meta name=\"twitter:site\" content=\"@Elnuevo_norte\" \/>\n<meta name=\"twitter:label1\" content=\"Written by\" \/>\n\t<meta name=\"twitter:data1\" content=\"InfoEnn\" \/>\n\t<meta name=\"twitter:label2\" content=\"Est. reading time\" \/>\n\t<meta name=\"twitter:data2\" content=\"2 minutos\" \/>\n<script type=\"application\/ld+json\" class=\"yoast-schema-graph\">{\"@context\":\"https:\/\/schema.org\",\"@graph\":[{\"@type\":\"Article\",\"@id\":\"https:\/\/infoelnuevonorte.com\/?p=151170#article\",\"isPartOf\":{\"@id\":\"https:\/\/infoelnuevonorte.com\/?p=151170\"},\"author\":{\"name\":\"InfoEnn\",\"@id\":\"https:\/\/infoelnuevonorte.com\/#\/schema\/person\/fd4f6d90afe41260818b4ea94ad8ab84\"},\"headline\":\"Nuevo primer ministro franc\u00e9s present\u00f3 la nueva composici\u00f3n del Gobierno\",\"datePublished\":\"2025-10-13T09:54:47+00:00\",\"dateModified\":\"2025-10-13T09:54:48+00:00\",\"mainEntityOfPage\":{\"@id\":\"https:\/\/infoelnuevonorte.com\/?p=151170\"},\"wordCount\":353,\"publisher\":{\"@id\":\"https:\/\/infoelnuevonorte.com\/#organization\"},\"image\":{\"@id\":\"https:\/\/infoelnuevonorte.com\/?p=151170#primaryimage\"},\"thumbnailUrl\":\"https:\/\/infoelnuevonorte.com\/wp-content\/uploads\/2025\/10\/kministro-france.jpg\",\"articleSection\":[\"Mundiales\"],\"inLanguage\":\"es-DO\"},{\"@type\":\"WebPage\",\"@id\":\"https:\/\/infoelnuevonorte.com\/?p=151170\",\"url\":\"https:\/\/infoelnuevonorte.com\/?p=151170\",\"name\":\"Nuevo primer ministro franc\u00e9s present\u00f3 la nueva composici\u00f3n del Gobierno | El Nuevo Norte\",\"isPartOf\":{\"@id\":\"https:\/\/infoelnuevonorte.com\/#website\"},\"primaryImageOfPage\":{\"@id\":\"https:\/\/infoelnuevonorte.com\/?p=151170#primaryimage\"},\"image\":{\"@id\":\"https:\/\/infoelnuevonorte.com\/?p=151170#primaryimage\"},\"thumbnailUrl\":\"https:\/\/infoelnuevonorte.com\/wp-content\/uploads\/2025\/10\/kministro-france.jpg\",\"datePublished\":\"2025-10-13T09:54:47+00:00\",\"dateModified\":\"2025-10-13T09:54:48+00:00\",\"breadcrumb\":{\"@id\":\"https:\/\/infoelnuevonorte.com\/?p=151170#breadcrumb\"},\"inLanguage\":\"es-DO\",\"potentialAction\":[{\"@type\":\"ReadAction\",\"target\":[\"https:\/\/infoelnuevonorte.com\/?p=151170\"]}]},{\"@type\":\"ImageObject\",\"inLanguage\":\"es-DO\",\"@id\":\"https:\/\/infoelnuevonorte.com\/?p=151170#primaryimage\",\"url\":\"https:\/\/infoelnuevonorte.com\/wp-content\/uploads\/2025\/10\/kministro-france.jpg\",\"contentUrl\":\"https:\/\/infoelnuevonorte.com\/wp-content\/uploads\/2025\/10\/kministro-france.jpg\",\"width\":1140,\"height\":694},{\"@type\":\"BreadcrumbList\",\"@id\":\"https:\/\/infoelnuevonorte.com\/?p=151170#breadcrumb\",\"itemListElement\":[{\"@type\":\"ListItem\",\"position\":1,\"name\":\"Home\",\"item\":\"https:\/\/infoelnuevonorte.com\/\"},{\"@type\":\"ListItem\",\"position\":2,\"name\":\"Nuevo primer ministro franc\u00e9s present\u00f3 la nueva composici\u00f3n del Gobierno\"}]},{\"@type\":\"WebSite\",\"@id\":\"https:\/\/infoelnuevonorte.com\/#website\",\"url\":\"https:\/\/infoelnuevonorte.com\/\",\"name\":\"InfoEnn\",\"description\":\"Tu Voz, tu Verdad, tu Diario!!!\",\"publisher\":{\"@id\":\"https:\/\/infoelnuevonorte.com\/#organization\"},\"alternateName\":\"El Nuevo Norte\",\"potentialAction\":[{\"@type\":\"SearchAction\",\"target\":{\"@type\":\"EntryPoint\",\"urlTemplate\":\"https:\/\/infoelnuevonorte.com\/?s={search_term_string}\"},\"query-input\":{\"@type\":\"PropertyValueSpecification\",\"valueRequired\":true,\"valueName\":\"search_term_string\"}}],\"inLanguage\":\"es-DO\"},{\"@type\":\"Organization\",\"@id\":\"https:\/\/infoelnuevonorte.com\/#organization\",\"name\":\"Info El Nuevo Norte\",\"alternateName\":\"El Nuevo Norte\",\"url\":\"https:\/\/infoelnuevonorte.com\/\",\"logo\":{\"@type\":\"ImageObject\",\"inLanguage\":\"es-DO\",\"@id\":\"https:\/\/infoelnuevonorte.com\/#\/schema\/logo\/image\/\",\"url\":\"https:\/\/infoelnuevonorte.com\/wp-content\/uploads\/2026\/02\/Logo-Info-enn-3d-20ani.jpeg\",\"contentUrl\":\"https:\/\/infoelnuevonorte.com\/wp-content\/uploads\/2026\/02\/Logo-Info-enn-3d-20ani.jpeg\",\"width\":2046,\"height\":736,\"caption\":\"Info El Nuevo Norte\"},\"image\":{\"@id\":\"https:\/\/infoelnuevonorte.com\/#\/schema\/logo\/image\/\"},\"sameAs\":[\"https:\/\/www.facebook.com\/infoenn\",\"https:\/\/x.com\/Elnuevo_norte\",\"https:\/\/www.instagram.com\/infoenn\",\"https:\/\/www.facebook.com\/ENNRD\"]},{\"@type\":\"Person\",\"@id\":\"https:\/\/infoelnuevonorte.com\/#\/schema\/person\/fd4f6d90afe41260818b4ea94ad8ab84\",\"name\":\"InfoEnn\",\"image\":{\"@type\":\"ImageObject\",\"inLanguage\":\"es-DO\",\"@id\":\"https:\/\/infoelnuevonorte.com\/#\/schema\/person\/image\/\",\"url\":\"https:\/\/secure.gravatar.com\/avatar\/d4d760a41a48ba9db0a82bfb63bb0783?s=96&d=robohash&r=g\",\"contentUrl\":\"https:\/\/secure.gravatar.com\/avatar\/d4d760a41a48ba9db0a82bfb63bb0783?s=96&d=robohash&r=g\",\"caption\":\"InfoEnn\"},\"sameAs\":[\"https:\/\/infoelnuevonorte.com\"],\"url\":\"https:\/\/infoelnuevonorte.com\/?author=1\"}]}<\/script>\n<!-- \/ Yoast SEO plugin. -->","yoast_head_json":{"title":"Nuevo primer ministro franc\u00e9s present\u00f3 la nueva composici\u00f3n del Gobierno | El Nuevo Norte","robots":{"index":"index","follow":"follow","max-snippet":"max-snippet:-1","max-image-preview":"max-image-preview:large","max-video-preview":"max-video-preview:-1"},"canonical":"https:\/\/infoelnuevonorte.com\/?p=151170","og_locale":"es_ES","og_type":"article","og_title":"Nuevo primer ministro franc\u00e9s present\u00f3 la nueva composici\u00f3n del Gobierno | El Nuevo Norte","og_description":"El primer ministro franc\u00e9s, S\u00e9bastien Lecornu, present\u00f3 este domingo la nueva composici\u00f3n del Gobierno tras ser nombrado nuevamente por el presidente Emmanuel Macron el pasado viernes, luego de su dimisi\u00f3n a inicios de la semana, seg\u00fan inform\u00f3 BFMTV. El El\u00edseo dio a conocer la lista completa de los 34 ministros, de los cuales 15 son [&hellip;]","og_url":"https:\/\/infoelnuevonorte.com\/?p=151170","og_site_name":"El Nuevo Norte","article_publisher":"https:\/\/www.facebook.com\/infoenn","article_published_time":"2025-10-13T09:54:47+00:00","article_modified_time":"2025-10-13T09:54:48+00:00","og_image":[{"width":1140,"height":694,"url":"https:\/\/infoelnuevonorte.com\/wp-content\/uploads\/2025\/10\/kministro-france.jpg","type":"image\/jpeg"}],"author":"InfoEnn","twitter_card":"summary_large_image","twitter_creator":"@Elnuevo_norte","twitter_site":"@Elnuevo_norte","twitter_misc":{"Written by":"InfoEnn","Est. reading time":"2 minutos"},"schema":{"@context":"https:\/\/schema.org","@graph":[{"@type":"Article","@id":"https:\/\/infoelnuevonorte.com\/?p=151170#article","isPartOf":{"@id":"https:\/\/infoelnuevonorte.com\/?p=151170"},"author":{"name":"InfoEnn","@id":"https:\/\/infoelnuevonorte.com\/#\/schema\/person\/fd4f6d90afe41260818b4ea94ad8ab84"},"headline":"Nuevo primer ministro franc\u00e9s present\u00f3 la nueva composici\u00f3n del Gobierno","datePublished":"2025-10-13T09:54:47+00:00","dateModified":"2025-10-13T09:54:48+00:00","mainEntityOfPage":{"@id":"https:\/\/infoelnuevonorte.com\/?p=151170"},"wordCount":353,"publisher":{"@id":"https:\/\/infoelnuevonorte.com\/#organization"},"image":{"@id":"https:\/\/infoelnuevonorte.com\/?p=151170#primaryimage"},"thumbnailUrl":"https:\/\/infoelnuevonorte.com\/wp-content\/uploads\/2025\/10\/kministro-france.jpg","articleSection":["Mundiales"],"inLanguage":"es-DO"},{"@type":"WebPage","@id":"https:\/\/infoelnuevonorte.com\/?p=151170","url":"https:\/\/infoelnuevonorte.com\/?p=151170","name":"Nuevo primer ministro franc\u00e9s present\u00f3 la nueva composici\u00f3n del Gobierno | El Nuevo Norte","isPartOf":{"@id":"https:\/\/infoelnuevonorte.com\/#website"},"primaryImageOfPage":{"@id":"https:\/\/infoelnuevonorte.com\/?p=151170#primaryimage"},"image":{"@id":"https:\/\/infoelnuevonorte.com\/?p=151170#primaryimage"},"thumbnailUrl":"https:\/\/infoelnuevonorte.com\/wp-content\/uploads\/2025\/10\/kministro-france.jpg","datePublished":"2025-10-13T09:54:47+00:00","dateModified":"2025-10-13T09:54:48+00:00","breadcrumb":{"@id":"https:\/\/infoelnuevonorte.com\/?p=151170#breadcrumb"},"inLanguage":"es-DO","potentialAction":[{"@type":"ReadAction","target":["https:\/\/infoelnuevonorte.com\/?p=151170"]}]},{"@type":"ImageObject","inLanguage":"es-DO","@id":"https:\/\/infoelnuevonorte.com\/?p=151170#primaryimage","url":"https:\/\/infoelnuevonorte.com\/wp-content\/uploads\/2025\/10\/kministro-france.jpg","contentUrl":"https:\/\/infoelnuevonorte.com\/wp-content\/uploads\/2025\/10\/kministro-france.jpg","width":1140,"height":694},{"@type":"BreadcrumbList","@id":"https:\/\/infoelnuevonorte.com\/?p=151170#breadcrumb","itemListElement":[{"@type":"ListItem","position":1,"name":"Home","item":"https:\/\/infoelnuevonorte.com\/"},{"@type":"ListItem","position":2,"name":"Nuevo primer ministro franc\u00e9s present\u00f3 la nueva composici\u00f3n del Gobierno"}]},{"@type":"WebSite","@id":"https:\/\/infoelnuevonorte.com\/#website","url":"https:\/\/infoelnuevonorte.com\/","name":"InfoEnn","description":"Tu Voz, tu Verdad, tu Diario!!!","publisher":{"@id":"https:\/\/infoelnuevonorte.com\/#organization"},"alternateName":"El Nuevo Norte","potentialAction":[{"@type":"SearchAction","target":{"@type":"EntryPoint","urlTemplate":"https:\/\/infoelnuevonorte.com\/?s={search_term_string}"},"query-input":{"@type":"PropertyValueSpecification","valueRequired":true,"valueName":"search_term_string"}}],"inLanguage":"es-DO"},{"@type":"Organization","@id":"https:\/\/infoelnuevonorte.com\/#organization","name":"Info El Nuevo Norte","alternateName":"El Nuevo Norte","url":"https:\/\/infoelnuevonorte.com\/","logo":{"@type":"ImageObject","inLanguage":"es-DO","@id":"https:\/\/infoelnuevonorte.com\/#\/schema\/logo\/image\/","url":"https:\/\/infoelnuevonorte.com\/wp-content\/uploads\/2026\/02\/Logo-Info-enn-3d-20ani.jpeg","contentUrl":"https:\/\/infoelnuevonorte.com\/wp-content\/uploads\/2026\/02\/Logo-Info-enn-3d-20ani.jpeg","width":2046,"height":736,"caption":"Info El Nuevo Norte"},"image":{"@id":"https:\/\/infoelnuevonorte.com\/#\/schema\/logo\/image\/"},"sameAs":["https:\/\/www.facebook.com\/infoenn","https:\/\/x.com\/Elnuevo_norte","https:\/\/www.instagram.com\/infoenn","https:\/\/www.facebook.com\/ENNRD"]},{"@type":"Person","@id":"https:\/\/infoelnuevonorte.com\/#\/schema\/person\/fd4f6d90afe41260818b4ea94ad8ab84","name":"InfoEnn","image":{"@type":"ImageObject","inLanguage":"es-DO","@id":"https:\/\/infoelnuevonorte.com\/#\/schema\/person\/image\/","url":"https:\/\/secure.gravatar.com\/avatar\/d4d760a41a48ba9db0a82bfb63bb0783?s=96&d=robohash&r=g","contentUrl":"https:\/\/secure.gravatar.com\/avatar\/d4d760a41a48ba9db0a82bfb63bb0783?s=96&d=robohash&r=g","caption":"InfoEnn"},"sameAs":["https:\/\/infoelnuevonorte.com"],"url":"https:\/\/infoelnuevonorte.com\/?author=1"}]}},"_links":{"self":[{"href":"https:\/\/infoelnuevonorte.com\/index.php?rest_route=\/wp\/v2\/posts\/151170"}],"collection":[{"href":"https:\/\/infoelnuevonorte.com\/index.php?rest_route=\/wp\/v2\/posts"}],"about":[{"href":"https:\/\/infoelnuevonorte.com\/index.php?rest_route=\/wp\/v2\/types\/post"}],"author":[{"embeddable":true,"href":"https:\/\/infoelnuevonorte.com\/index.php?rest_route=\/wp\/v2\/users\/1"}],"replies":[{"embeddable":true,"href":"https:\/\/infoelnuevonorte.com\/index.php?rest_route=%2Fwp%2Fv2%2Fcomments&post=151170"}],"version-history":[{"count":1,"href":"https:\/\/infoelnuevonorte.com\/index.php?rest_route=\/wp\/v2\/posts\/151170\/revisions"}],"predecessor-version":[{"id":151173,"href":"https:\/\/infoelnuevonorte.com\/index.php?rest_route=\/wp\/v2\/posts\/151170\/revisions\/151173"}],"wp:featuredmedia":[{"embeddable":true,"href":"https:\/\/infoelnuevonorte.com\/index.php?rest_route=\/wp\/v2\/media\/151171"}],"wp:attachment":[{"href":"https:\/\/infoelnuevonorte.com\/index.php?rest_route=%2Fwp%2Fv2%2Fmedia&parent=151170"}],"wp:term":[{"taxonomy":"category","embeddable":true,"href":"https:\/\/infoelnuevonorte.com\/index.php?rest_route=%2Fwp%2Fv2%2Fcategories&post=151170"},{"taxonomy":"post_tag","embeddable":true,"href":"https:\/\/infoelnuevonorte.com\/index.php?rest_route=%2Fwp%2Fv2%2Ftags&post=151170"}],"curies":[{"name":"wp","href":"https:\/\/api.w.org\/{rel}","templated":true}]}}