{"id":153233,"date":"2025-10-20T14:10:25","date_gmt":"2025-10-20T18:10:25","guid":{"rendered":"https:\/\/infoelnuevonorte.com\/?p=153233"},"modified":"2025-10-20T14:10:26","modified_gmt":"2025-10-20T18:10:26","slug":"sheinbaum-lamenta-la-division-de-la-izquierda-en-bolivia-tras-la-victoria-de-rodrigo-paz","status":"publish","type":"post","link":"https:\/\/infoelnuevonorte.com\/?p=153233","title":{"rendered":"Sheinbaum lamenta la \"divisi\u00f3n\" de la izquierda en Bolivia tras la victoria de Rodrigo Paz"},"content":{"rendered":"\n<p><a href=\"https:\/\/deultimominuto.net\/category\/internacionales\/\"><\/a><\/p>\n\n\n<div class=\"td_block_wrap tdb_single_content tdi_235 td-pb-border-top td_block_template_1 td-post-content tagdiv-type\" data-td-block-uid=\"tdi_235\">\n<div class=\"tdb-block-inner td-fix-index\">\n<!--[if lt IE 9]><script>document.createElement('audio');<\/script><![endif]-->\n<audio class=\"wp-audio-shortcode\" id=\"audio-153233-1\" preload=\"none\" style=\"width: 100%;\" controls=\"controls\"><source type=\"audio\/mpeg\" src=\"https:\/\/infoelnuevonorte.com\/wp-content\/uploads\/2025\/10\/ttsmaker-vip-file-2025-10-20-14-9-15.mp3?_=1\" \/><a href=\"https:\/\/infoelnuevonorte.com\/wp-content\/uploads\/2025\/10\/ttsmaker-vip-file-2025-10-20-14-9-15.mp3\">https:\/\/infoelnuevonorte.com\/wp-content\/uploads\/2025\/10\/ttsmaker-vip-file-2025-10-20-14-9-15.mp3<\/a><\/audio>\n<p style=\"text-align: justify;\">La presidenta de M\u00e9xico, Claudia Sheinbaum, lament\u00f3 este lunes la divisi\u00f3n interna entre las fuerzas progresistas en Bolivia, tras la victoria de Rodrigo Paz, en la segunda vuelta de las elecciones presidenciales del pa\u00eds suramericano, y afirm\u00f3 que la unidad es esencial para los movimientos de transformaci\u00f3n en Am\u00e9rica Latina.<\/p>\n<p style=\"text-align: justify;\">\u201cDesde la perspectiva de los movimientos progresistas en Am\u00e9rica Latina, es una pena que se hayan dividido ah\u00ed en Bolivia\u201d, apunt\u00f3 la mandataria durante su conferencia de prensa matutina, al ser cuestionada sobre los comicios bolivianos.<\/p>\n<p style=\"text-align: justify;\">La reacci\u00f3n de Sheinbaum ocurre luego de que el domingo Paz se impusiera con el 54,61 % de los votos frente al 45,39 % que obtuvo el expresidente derechista Jorge Tuto Quiroga, seg\u00fan el c\u00f3mputo preliminar del Tribunal Supremo Electoral, con el 97,86 % de las actas procesadas.<\/p>\n<p style=\"text-align: justify;\">La victoria de Paz puso fin a una era de dos d\u00e9cadas de Gobiernos de izquierda en el pa\u00eds andino.<\/p>\n<p style=\"text-align: justify;\">Sheinbaum, quien lleg\u00f3 al poder impulsada por el oficialista Movimiento de Regeneraci\u00f3n Nacional (Morena), defendi\u00f3 que la cohesi\u00f3n interna es clave para mantener el respaldo popular.<\/p>\n<p style=\"text-align: justify;\">\u201cPara nuestro movimiento es muy importante la unidad. A veces se minimiza eso\u201d, sostuvo, al advertir que la fragmentaci\u00f3n pol\u00edtica suele debilitar a los proyectos de gobierno.<\/p>\n<p style=\"text-align: justify;\">\u201cHablando ya pol\u00edticamente del movimiento de transformaci\u00f3n, es muy importante permanecer en unidad porque cuando te divides, pues es cuando pierdes fuerza con la gente, con el pueblo\u201d, a\u00f1adi\u00f3.<\/p>\n<p style=\"text-align: justify;\">La mandataria no mencion\u00f3 a candidatos o partidos bolivianos en espec\u00edfico, pero sus declaraciones se producen tras las elecciones del domingo en Bolivia, en medio de la ruptura entre sectores del Movimiento al Socialismo (MAS), que gobern\u00f3 bajo el liderazgo de Evo Morales.<\/p>\n<p style=\"text-align: justify;\">M\u00e9xico ha respaldado hist\u00f3ricamente a gobiernos de izquierda en la regi\u00f3n y Sheinbaum ha reiterado su apoyo a la integraci\u00f3n latinoamericana desde una visi\u00f3n progresista.<\/p>\n<p style=\"text-align: justify;\">El futuro nuevo presidente boliviano, Rodrigo Paz, asumir\u00e1 el cargo el pr\u00f3ximo 8 de noviembre para reemplazar a Luis Arce, del Movimiento al Socialismo (MAS), partido que gobierna desde el 2006, salvo en el breve periodo de la presidenta Jeanine A\u00f1ez (2019-2020).\u00a0<\/p>\n<\/div>\n<\/div>\n<div class=\"td_block_wrap tdb_single_tags tdi_236 td-pb-border-top td_block_template_1\" style=\"text-align: justify;\" data-td-block-uid=\"tdi_236\">\u00a0<\/div>","protected":false},"excerpt":{"rendered":"<p>La presidenta de M\u00e9xico, Claudia Sheinbaum, lament\u00f3 este lunes la divisi\u00f3n interna entre las fuerzas progresistas en Bolivia, tras la victoria de Rodrigo Paz, en la segunda vuelta de las elecciones presidenciales del pa\u00eds suramericano, y afirm\u00f3 que la unidad es esencial para los movimientos de transformaci\u00f3n en Am\u00e9rica Latina. \u201cDesde la perspectiva de los [&hellip;]<\/p>\n","protected":false},"author":2,"featured_media":153235,"comment_status":"closed","ping_status":"open","sticky":false,"template":"","format":"standard","meta":{"footnotes":""},"categories":[9],"tags":[],"yoast_head":"<!-- This site is optimized with the Yoast SEO plugin v24.5 - https:\/\/yoast.com\/wordpress\/plugins\/seo\/ -->\n<title>Sheinbaum lamenta la &quot;divisi\u00f3n&quot; de la izquierda en Bolivia tras la victoria de Rodrigo Paz | El Nuevo Norte<\/title>\n<meta name=\"robots\" content=\"index, follow, max-snippet:-1, max-image-preview:large, max-video-preview:-1\" \/>\n<link rel=\"canonical\" href=\"https:\/\/infoelnuevonorte.com\/?p=153233\" \/>\n<meta property=\"og:locale\" content=\"es_ES\" \/>\n<meta property=\"og:type\" content=\"article\" \/>\n<meta property=\"og:title\" content=\"Sheinbaum lamenta la &quot;divisi\u00f3n&quot; de la izquierda en Bolivia tras la victoria de Rodrigo Paz | El Nuevo Norte\" \/>\n<meta property=\"og:description\" content=\"La presidenta de M\u00e9xico, Claudia Sheinbaum, lament\u00f3 este lunes la divisi\u00f3n interna entre las fuerzas progresistas en Bolivia, tras la victoria de Rodrigo Paz, en la segunda vuelta de las elecciones presidenciales del pa\u00eds suramericano, y afirm\u00f3 que la unidad es esencial para los movimientos de transformaci\u00f3n en Am\u00e9rica Latina. \u201cDesde la perspectiva de los [&hellip;]\" \/>\n<meta property=\"og:url\" content=\"https:\/\/infoelnuevonorte.com\/?p=153233\" \/>\n<meta property=\"og:site_name\" content=\"El Nuevo Norte\" \/>\n<meta property=\"article:publisher\" content=\"https:\/\/www.facebook.com\/infoenn\" \/>\n<meta property=\"article:published_time\" content=\"2025-10-20T18:10:25+00:00\" \/>\n<meta property=\"article:modified_time\" content=\"2025-10-20T18:10:26+00:00\" \/>\n<meta property=\"og:image\" content=\"https:\/\/infoelnuevonorte.com\/wp-content\/uploads\/2025\/10\/descarga-41.png\" \/>\n\t<meta property=\"og:image:width\" content=\"640\" \/>\n\t<meta property=\"og:image:height\" content=\"359\" \/>\n\t<meta property=\"og:image:type\" content=\"image\/png\" \/>\n<meta name=\"author\" content=\"T. R.\" \/>\n<meta name=\"twitter:card\" content=\"summary_large_image\" \/>\n<meta name=\"twitter:creator\" content=\"@Elnuevo_norte\" \/>\n<meta name=\"twitter:site\" content=\"@Elnuevo_norte\" \/>\n<meta name=\"twitter:label1\" content=\"Written by\" \/>\n\t<meta name=\"twitter:data1\" content=\"T. R.\" \/>\n\t<meta name=\"twitter:label2\" content=\"Est. reading time\" \/>\n\t<meta name=\"twitter:data2\" content=\"2 minutos\" \/>\n<script type=\"application\/ld+json\" class=\"yoast-schema-graph\">{\"@context\":\"https:\/\/schema.org\",\"@graph\":[{\"@type\":\"Article\",\"@id\":\"https:\/\/infoelnuevonorte.com\/?p=153233#article\",\"isPartOf\":{\"@id\":\"https:\/\/infoelnuevonorte.com\/?p=153233\"},\"author\":{\"name\":\"T. R.\",\"@id\":\"https:\/\/infoelnuevonorte.com\/#\/schema\/person\/3accb35eb55f55e96c492b52d085a403\"},\"headline\":\"Sheinbaum lamenta la \\\"divisi\u00f3n\\\" de la izquierda en Bolivia tras la victoria de Rodrigo Paz\",\"datePublished\":\"2025-10-20T18:10:25+00:00\",\"dateModified\":\"2025-10-20T18:10:26+00:00\",\"mainEntityOfPage\":{\"@id\":\"https:\/\/infoelnuevonorte.com\/?p=153233\"},\"wordCount\":395,\"publisher\":{\"@id\":\"https:\/\/infoelnuevonorte.com\/#organization\"},\"image\":{\"@id\":\"https:\/\/infoelnuevonorte.com\/?p=153233#primaryimage\"},\"thumbnailUrl\":\"https:\/\/infoelnuevonorte.com\/wp-content\/uploads\/2025\/10\/descarga-41.png\",\"articleSection\":[\"Mundiales\"],\"inLanguage\":\"es-DO\"},{\"@type\":\"WebPage\",\"@id\":\"https:\/\/infoelnuevonorte.com\/?p=153233\",\"url\":\"https:\/\/infoelnuevonorte.com\/?p=153233\",\"name\":\"Sheinbaum lamenta la \\\"divisi\u00f3n\\\" de la izquierda en Bolivia tras la victoria de Rodrigo Paz | El Nuevo Norte\",\"isPartOf\":{\"@id\":\"https:\/\/infoelnuevonorte.com\/#website\"},\"primaryImageOfPage\":{\"@id\":\"https:\/\/infoelnuevonorte.com\/?p=153233#primaryimage\"},\"image\":{\"@id\":\"https:\/\/infoelnuevonorte.com\/?p=153233#primaryimage\"},\"thumbnailUrl\":\"https:\/\/infoelnuevonorte.com\/wp-content\/uploads\/2025\/10\/descarga-41.png\",\"datePublished\":\"2025-10-20T18:10:25+00:00\",\"dateModified\":\"2025-10-20T18:10:26+00:00\",\"breadcrumb\":{\"@id\":\"https:\/\/infoelnuevonorte.com\/?p=153233#breadcrumb\"},\"inLanguage\":\"es-DO\",\"potentialAction\":[{\"@type\":\"ReadAction\",\"target\":[\"https:\/\/infoelnuevonorte.com\/?p=153233\"]}]},{\"@type\":\"ImageObject\",\"inLanguage\":\"es-DO\",\"@id\":\"https:\/\/infoelnuevonorte.com\/?p=153233#primaryimage\",\"url\":\"https:\/\/infoelnuevonorte.com\/wp-content\/uploads\/2025\/10\/descarga-41.png\",\"contentUrl\":\"https:\/\/infoelnuevonorte.com\/wp-content\/uploads\/2025\/10\/descarga-41.png\",\"width\":640,\"height\":359},{\"@type\":\"BreadcrumbList\",\"@id\":\"https:\/\/infoelnuevonorte.com\/?p=153233#breadcrumb\",\"itemListElement\":[{\"@type\":\"ListItem\",\"position\":1,\"name\":\"Home\",\"item\":\"https:\/\/infoelnuevonorte.com\/\"},{\"@type\":\"ListItem\",\"position\":2,\"name\":\"Sheinbaum lamenta la \\\"divisi\u00f3n\\\" de la izquierda en Bolivia tras la victoria de Rodrigo Paz\"}]},{\"@type\":\"WebSite\",\"@id\":\"https:\/\/infoelnuevonorte.com\/#website\",\"url\":\"https:\/\/infoelnuevonorte.com\/\",\"name\":\"InfoEnn\",\"description\":\"Tu Voz, tu Verdad, tu Diario!!!\",\"publisher\":{\"@id\":\"https:\/\/infoelnuevonorte.com\/#organization\"},\"alternateName\":\"El Nuevo Norte\",\"potentialAction\":[{\"@type\":\"SearchAction\",\"target\":{\"@type\":\"EntryPoint\",\"urlTemplate\":\"https:\/\/infoelnuevonorte.com\/?s={search_term_string}\"},\"query-input\":{\"@type\":\"PropertyValueSpecification\",\"valueRequired\":true,\"valueName\":\"search_term_string\"}}],\"inLanguage\":\"es-DO\"},{\"@type\":\"Organization\",\"@id\":\"https:\/\/infoelnuevonorte.com\/#organization\",\"name\":\"Info El Nuevo Norte\",\"alternateName\":\"El Nuevo Norte\",\"url\":\"https:\/\/infoelnuevonorte.com\/\",\"logo\":{\"@type\":\"ImageObject\",\"inLanguage\":\"es-DO\",\"@id\":\"https:\/\/infoelnuevonorte.com\/#\/schema\/logo\/image\/\",\"url\":\"https:\/\/infoelnuevonorte.com\/wp-content\/uploads\/2026\/02\/Logo-Info-enn-3d-20ani.jpeg\",\"contentUrl\":\"https:\/\/infoelnuevonorte.com\/wp-content\/uploads\/2026\/02\/Logo-Info-enn-3d-20ani.jpeg\",\"width\":2046,\"height\":736,\"caption\":\"Info El Nuevo Norte\"},\"image\":{\"@id\":\"https:\/\/infoelnuevonorte.com\/#\/schema\/logo\/image\/\"},\"sameAs\":[\"https:\/\/www.facebook.com\/infoenn\",\"https:\/\/x.com\/Elnuevo_norte\",\"https:\/\/www.instagram.com\/infoenn\",\"https:\/\/www.facebook.com\/ENNRD\"]},{\"@type\":\"Person\",\"@id\":\"https:\/\/infoelnuevonorte.com\/#\/schema\/person\/3accb35eb55f55e96c492b52d085a403\",\"name\":\"T. R.\",\"image\":{\"@type\":\"ImageObject\",\"inLanguage\":\"es-DO\",\"@id\":\"https:\/\/infoelnuevonorte.com\/#\/schema\/person\/image\/\",\"url\":\"https:\/\/secure.gravatar.com\/avatar\/40543a038bda97abdb765b1662e9677d?s=96&d=robohash&r=g\",\"contentUrl\":\"https:\/\/secure.gravatar.com\/avatar\/40543a038bda97abdb765b1662e9677d?s=96&d=robohash&r=g\",\"caption\":\"T. R.\"},\"url\":\"https:\/\/infoelnuevonorte.com\/?author=2\"}]}<\/script>\n<!-- \/ Yoast SEO plugin. -->","yoast_head_json":{"title":"Sheinbaum lamenta la \"divisi\u00f3n\" de la izquierda en Bolivia tras la victoria de Rodrigo Paz | El Nuevo Norte","robots":{"index":"index","follow":"follow","max-snippet":"max-snippet:-1","max-image-preview":"max-image-preview:large","max-video-preview":"max-video-preview:-1"},"canonical":"https:\/\/infoelnuevonorte.com\/?p=153233","og_locale":"es_ES","og_type":"article","og_title":"Sheinbaum lamenta la \"divisi\u00f3n\" de la izquierda en Bolivia tras la victoria de Rodrigo Paz | El Nuevo Norte","og_description":"La presidenta de M\u00e9xico, Claudia Sheinbaum, lament\u00f3 este lunes la divisi\u00f3n interna entre las fuerzas progresistas en Bolivia, tras la victoria de Rodrigo Paz, en la segunda vuelta de las elecciones presidenciales del pa\u00eds suramericano, y afirm\u00f3 que la unidad es esencial para los movimientos de transformaci\u00f3n en Am\u00e9rica Latina. \u201cDesde la perspectiva de los [&hellip;]","og_url":"https:\/\/infoelnuevonorte.com\/?p=153233","og_site_name":"El Nuevo Norte","article_publisher":"https:\/\/www.facebook.com\/infoenn","article_published_time":"2025-10-20T18:10:25+00:00","article_modified_time":"2025-10-20T18:10:26+00:00","og_image":[{"width":640,"height":359,"url":"https:\/\/infoelnuevonorte.com\/wp-content\/uploads\/2025\/10\/descarga-41.png","type":"image\/png"}],"author":"T. R.","twitter_card":"summary_large_image","twitter_creator":"@Elnuevo_norte","twitter_site":"@Elnuevo_norte","twitter_misc":{"Written by":"T. R.","Est. reading time":"2 minutos"},"schema":{"@context":"https:\/\/schema.org","@graph":[{"@type":"Article","@id":"https:\/\/infoelnuevonorte.com\/?p=153233#article","isPartOf":{"@id":"https:\/\/infoelnuevonorte.com\/?p=153233"},"author":{"name":"T. R.","@id":"https:\/\/infoelnuevonorte.com\/#\/schema\/person\/3accb35eb55f55e96c492b52d085a403"},"headline":"Sheinbaum lamenta la \"divisi\u00f3n\" de la izquierda en Bolivia tras la victoria de Rodrigo Paz","datePublished":"2025-10-20T18:10:25+00:00","dateModified":"2025-10-20T18:10:26+00:00","mainEntityOfPage":{"@id":"https:\/\/infoelnuevonorte.com\/?p=153233"},"wordCount":395,"publisher":{"@id":"https:\/\/infoelnuevonorte.com\/#organization"},"image":{"@id":"https:\/\/infoelnuevonorte.com\/?p=153233#primaryimage"},"thumbnailUrl":"https:\/\/infoelnuevonorte.com\/wp-content\/uploads\/2025\/10\/descarga-41.png","articleSection":["Mundiales"],"inLanguage":"es-DO"},{"@type":"WebPage","@id":"https:\/\/infoelnuevonorte.com\/?p=153233","url":"https:\/\/infoelnuevonorte.com\/?p=153233","name":"Sheinbaum lamenta la \"divisi\u00f3n\" de la izquierda en Bolivia tras la victoria de Rodrigo Paz | El Nuevo Norte","isPartOf":{"@id":"https:\/\/infoelnuevonorte.com\/#website"},"primaryImageOfPage":{"@id":"https:\/\/infoelnuevonorte.com\/?p=153233#primaryimage"},"image":{"@id":"https:\/\/infoelnuevonorte.com\/?p=153233#primaryimage"},"thumbnailUrl":"https:\/\/infoelnuevonorte.com\/wp-content\/uploads\/2025\/10\/descarga-41.png","datePublished":"2025-10-20T18:10:25+00:00","dateModified":"2025-10-20T18:10:26+00:00","breadcrumb":{"@id":"https:\/\/infoelnuevonorte.com\/?p=153233#breadcrumb"},"inLanguage":"es-DO","potentialAction":[{"@type":"ReadAction","target":["https:\/\/infoelnuevonorte.com\/?p=153233"]}]},{"@type":"ImageObject","inLanguage":"es-DO","@id":"https:\/\/infoelnuevonorte.com\/?p=153233#primaryimage","url":"https:\/\/infoelnuevonorte.com\/wp-content\/uploads\/2025\/10\/descarga-41.png","contentUrl":"https:\/\/infoelnuevonorte.com\/wp-content\/uploads\/2025\/10\/descarga-41.png","width":640,"height":359},{"@type":"BreadcrumbList","@id":"https:\/\/infoelnuevonorte.com\/?p=153233#breadcrumb","itemListElement":[{"@type":"ListItem","position":1,"name":"Home","item":"https:\/\/infoelnuevonorte.com\/"},{"@type":"ListItem","position":2,"name":"Sheinbaum lamenta la \"divisi\u00f3n\" de la izquierda en Bolivia tras la victoria de Rodrigo Paz"}]},{"@type":"WebSite","@id":"https:\/\/infoelnuevonorte.com\/#website","url":"https:\/\/infoelnuevonorte.com\/","name":"InfoEnn","description":"Tu Voz, tu Verdad, tu Diario!!!","publisher":{"@id":"https:\/\/infoelnuevonorte.com\/#organization"},"alternateName":"El Nuevo Norte","potentialAction":[{"@type":"SearchAction","target":{"@type":"EntryPoint","urlTemplate":"https:\/\/infoelnuevonorte.com\/?s={search_term_string}"},"query-input":{"@type":"PropertyValueSpecification","valueRequired":true,"valueName":"search_term_string"}}],"inLanguage":"es-DO"},{"@type":"Organization","@id":"https:\/\/infoelnuevonorte.com\/#organization","name":"Info El Nuevo Norte","alternateName":"El Nuevo Norte","url":"https:\/\/infoelnuevonorte.com\/","logo":{"@type":"ImageObject","inLanguage":"es-DO","@id":"https:\/\/infoelnuevonorte.com\/#\/schema\/logo\/image\/","url":"https:\/\/infoelnuevonorte.com\/wp-content\/uploads\/2026\/02\/Logo-Info-enn-3d-20ani.jpeg","contentUrl":"https:\/\/infoelnuevonorte.com\/wp-content\/uploads\/2026\/02\/Logo-Info-enn-3d-20ani.jpeg","width":2046,"height":736,"caption":"Info El Nuevo Norte"},"image":{"@id":"https:\/\/infoelnuevonorte.com\/#\/schema\/logo\/image\/"},"sameAs":["https:\/\/www.facebook.com\/infoenn","https:\/\/x.com\/Elnuevo_norte","https:\/\/www.instagram.com\/infoenn","https:\/\/www.facebook.com\/ENNRD"]},{"@type":"Person","@id":"https:\/\/infoelnuevonorte.com\/#\/schema\/person\/3accb35eb55f55e96c492b52d085a403","name":"T. R.","image":{"@type":"ImageObject","inLanguage":"es-DO","@id":"https:\/\/infoelnuevonorte.com\/#\/schema\/person\/image\/","url":"https:\/\/secure.gravatar.com\/avatar\/40543a038bda97abdb765b1662e9677d?s=96&d=robohash&r=g","contentUrl":"https:\/\/secure.gravatar.com\/avatar\/40543a038bda97abdb765b1662e9677d?s=96&d=robohash&r=g","caption":"T. R."},"url":"https:\/\/infoelnuevonorte.com\/?author=2"}]}},"_links":{"self":[{"href":"https:\/\/infoelnuevonorte.com\/index.php?rest_route=\/wp\/v2\/posts\/153233"}],"collection":[{"href":"https:\/\/infoelnuevonorte.com\/index.php?rest_route=\/wp\/v2\/posts"}],"about":[{"href":"https:\/\/infoelnuevonorte.com\/index.php?rest_route=\/wp\/v2\/types\/post"}],"author":[{"embeddable":true,"href":"https:\/\/infoelnuevonorte.com\/index.php?rest_route=\/wp\/v2\/users\/2"}],"replies":[{"embeddable":true,"href":"https:\/\/infoelnuevonorte.com\/index.php?rest_route=%2Fwp%2Fv2%2Fcomments&post=153233"}],"version-history":[{"count":1,"href":"https:\/\/infoelnuevonorte.com\/index.php?rest_route=\/wp\/v2\/posts\/153233\/revisions"}],"predecessor-version":[{"id":153236,"href":"https:\/\/infoelnuevonorte.com\/index.php?rest_route=\/wp\/v2\/posts\/153233\/revisions\/153236"}],"wp:featuredmedia":[{"embeddable":true,"href":"https:\/\/infoelnuevonorte.com\/index.php?rest_route=\/wp\/v2\/media\/153235"}],"wp:attachment":[{"href":"https:\/\/infoelnuevonorte.com\/index.php?rest_route=%2Fwp%2Fv2%2Fmedia&parent=153233"}],"wp:term":[{"taxonomy":"category","embeddable":true,"href":"https:\/\/infoelnuevonorte.com\/index.php?rest_route=%2Fwp%2Fv2%2Fcategories&post=153233"},{"taxonomy":"post_tag","embeddable":true,"href":"https:\/\/infoelnuevonorte.com\/index.php?rest_route=%2Fwp%2Fv2%2Ftags&post=153233"}],"curies":[{"name":"wp","href":"https:\/\/api.w.org\/{rel}","templated":true}]}}