{"id":15571,"date":"2024-03-22T21:14:07","date_gmt":"2024-03-23T01:14:07","guid":{"rendered":"https:\/\/infoelnuevonorte.com\/?p=15571"},"modified":"2024-03-22T21:14:14","modified_gmt":"2024-03-23T01:14:14","slug":"oim-aclara-que-centro-de-atencion-en-punta-cana-es-para-migrantes-de-todas-las-nacionalidades","status":"publish","type":"post","link":"https:\/\/infoelnuevonorte.com\/?p=15571","title":{"rendered":"OIM aclara que centro de atenci\u00f3n en Punta Cana es para migrantes de todas las nacionalidades"},"content":{"rendered":"<div class=\"tdb-block-inner td-fix-index\">\n<!--[if lt IE 9]><script>document.createElement('audio');<\/script><![endif]-->\n<audio class=\"wp-audio-shortcode\" id=\"audio-15571-1\" preload=\"none\" style=\"width: 100%;\" controls=\"controls\"><source type=\"audio\/mpeg\" src=\"https:\/\/infoelnuevonorte.com\/wp-content\/uploads\/2024\/03\/ttsmaker-file-2024-3-22-21-7-4.mp3?_=1\" \/><a href=\"https:\/\/infoelnuevonorte.com\/wp-content\/uploads\/2024\/03\/ttsmaker-file-2024-3-22-21-7-4.mp3\">https:\/\/infoelnuevonorte.com\/wp-content\/uploads\/2024\/03\/ttsmaker-file-2024-3-22-21-7-4.mp3<\/a><\/audio>\n<p style=\"text-align: justify;\">La <strong>Organizaci\u00f3n Internacional para las Migraciones (OIM<\/strong>) aclar\u00f3 que no gestiona ni administra centros de refugio o asilo, por lo que el centro de atenci\u00f3n en Punta Cana est\u00e1 espec\u00edficamente dise\u00f1ado para ofrecer orientaci\u00f3n gratuita a migrantes de todas las nacionalidades que residen en la zona.<\/p>\n<p style=\"text-align: justify;\">Dijo que esta orientaci\u00f3n se centra en procedimientos y tr\u00e1mites migratorios de acuerdo con las leyes dominicanas vigentes.<\/p>\n<p style=\"text-align: justify;\">La OIM emiti\u00f3 estas declaraciones despu\u00e9s de que la invitaci\u00f3n a la inauguraci\u00f3n del centro generara controversia al ser malinterpretada como un lugar para acoger refugiados. Esto coincide con el llamado de la Oficina del Alto Comisionado de las Naciones Unidas para los Refugiados (ACNUR) para otorgar el estatus de refugiados a los haitianos.<\/p>\n<p style=\"text-align: justify;\">La Organizaci\u00f3n Internacional para las Migraciones (OIM) se dirige a la opini\u00f3n p\u00fablica con el prop\u00f3sito de clarificar ciertas informaciones que han circulado en el d\u00eda de hoy respecto al Centro de Atenci\u00f3n, Referencia y Recursos para Migrantes (CARE) en la zona de Ver\u00f3n, Punta Cana.<\/p>\n<div id=\"deult-390152680\" class=\"deult-entre-noticias\" style=\"text-align: justify;\">\n<div id=\"deult-1734244377\" class=\"deult-target\" data-advadstrackid=\"124255\" data-advadstrackbid=\"1\"><a class=\"adv-link\" href=\"https:\/\/www.godominicanrepublic.com\/es\/blog\/turismo-interno\/\" target=\"_blank\" rel=\"noopener\"><img loading=\"lazy\" decoding=\"async\" class=\"lazyautosizes lazyloaded td-animation-stack-type0-2\" src=\"https:\/\/cdn.deultimominuto.net\/wp-content\/uploads\/2022\/09\/728x90-01.jpg\" sizes=\"728px\" srcset=\"https:\/\/cdn.deultimominuto.net\/wp-content\/uploads\/2022\/09\/728x90-01.jpg 728w, https:\/\/cdn.deultimominuto.net\/wp-content\/uploads\/2022\/09\/728x90-01-392x48.jpg 392w, https:\/\/cdn.deultimominuto.net\/wp-content\/uploads\/2022\/09\/728x90-01-96x12.jpg 96w, https:\/\/cdn.deultimominuto.net\/wp-content\/uploads\/2022\/09\/728x90-01-192x24.jpg 192w, https:\/\/cdn.deultimominuto.net\/wp-content\/uploads\/2022\/09\/728x90-01-150x19.jpg 150w, https:\/\/cdn.deultimominuto.net\/wp-content\/uploads\/2022\/09\/728x90-01-300x37.jpg 300w, https:\/\/cdn.deultimominuto.net\/wp-content\/uploads\/2022\/09\/728x90-01-696x86.jpg 696w\" alt=\"Cada Rincon Banner turismo\" width=\"728\" height=\"90\" data-src=\"https:\/\/cdn.deultimominuto.net\/wp-content\/uploads\/2022\/09\/728x90-01.jpg\" data-srcset=\"https:\/\/cdn.deultimominuto.net\/wp-content\/uploads\/2022\/09\/728x90-01.jpg 728w, https:\/\/cdn.deultimominuto.net\/wp-content\/uploads\/2022\/09\/728x90-01-392x48.jpg 392w, https:\/\/cdn.deultimominuto.net\/wp-content\/uploads\/2022\/09\/728x90-01-96x12.jpg 96w, https:\/\/cdn.deultimominuto.net\/wp-content\/uploads\/2022\/09\/728x90-01-192x24.jpg 192w, https:\/\/cdn.deultimominuto.net\/wp-content\/uploads\/2022\/09\/728x90-01-150x19.jpg 150w, https:\/\/cdn.deultimominuto.net\/wp-content\/uploads\/2022\/09\/728x90-01-300x37.jpg 300w, https:\/\/cdn.deultimominuto.net\/wp-content\/uploads\/2022\/09\/728x90-01-696x86.jpg 696w\" data-sizes=\"auto\" data-eio-rwidth=\"728\" data-eio-rheight=\"90\" \/><\/a><\/div>\n<div class=\"deult-target\" data-advadstrackid=\"124255\" data-advadstrackbid=\"1\">Es importante se\u00f1alar que la oficina en Punta Cana est\u00e1 dise\u00f1ada para proporcionar orientaci\u00f3n gratuita a migrantes de todas las nacionalidades que residen en la zona en relaci\u00f3n con procedimientos y tr\u00e1mites migratorios en el marco de las leyes dominicanas. La OIM no opera ni administra centros de refugio o asilo, ya que esto est\u00e1 fuera de nuestro mandato institucional.<\/div>\n<\/div>\n<p style=\"text-align: justify;\">La OIM respeta la soberan\u00eda de la Rep\u00fablica Dominicana en la definici\u00f3n y aplicaci\u00f3n de sus pol\u00edticas migratorias.<\/p>\n<p style=\"text-align: justify;\">Este respeto se tiene igualmente con los 161 Estados miembros en donde existen oficinas de pa\u00eds. La OIM es un organismo de cooperaci\u00f3n t\u00e9cnica alineado a los requerimientos de los gobiernos y trabaja en beneficio de los migrantes.<\/p>\n<p style=\"text-align: justify;\">En este sentido, colabora a los gobiernos para una migraci\u00f3n segura, regular y ordenada; se une a los gobiernos en el combate al tr\u00e1fico y trata de migrantes, a la vez que promueve que la migraci\u00f3n en el mundo aporte al desarrollo de sus comunidades y pa\u00edses de origen, as\u00ed como al pa\u00eds de destino.<\/p>\n<p style=\"text-align: justify;\">Para m\u00e1s informaci\u00f3n y detalles, puede dirigirse a la Coordinaci\u00f3n de comunicaci\u00f3n de la Organizaci\u00f3n Internacional para las migraciones en Rep\u00fablica Dominicana.<\/p>\n<\/div>\n","protected":false},"excerpt":{"rendered":"<p>La Organizaci\u00f3n Internacional para las Migraciones (OIM) aclar\u00f3 que no gestiona ni administra centros de refugio o asilo, por lo que el centro de atenci\u00f3n en Punta Cana est\u00e1 espec\u00edficamente dise\u00f1ado para ofrecer orientaci\u00f3n gratuita a migrantes de todas las nacionalidades que residen en la zona. Dijo que esta orientaci\u00f3n se centra en procedimientos y [&hellip;]<\/p>\n","protected":false},"author":1,"featured_media":0,"comment_status":"closed","ping_status":"open","sticky":false,"template":"","format":"standard","meta":{"footnotes":""},"categories":[2,8],"tags":[282,280,74,281],"yoast_head":"<!-- This site is optimized with the Yoast SEO plugin v24.5 - https:\/\/yoast.com\/wordpress\/plugins\/seo\/ -->\n<title>OIM aclara que centro de atenci\u00f3n en Punta Cana es para migrantes de todas las nacionalidades | El Nuevo Norte<\/title>\n<meta name=\"robots\" content=\"index, follow, max-snippet:-1, max-image-preview:large, max-video-preview:-1\" \/>\n<link rel=\"canonical\" href=\"https:\/\/infoelnuevonorte.com\/?p=15571\" \/>\n<meta property=\"og:locale\" content=\"es_ES\" \/>\n<meta property=\"og:type\" content=\"article\" \/>\n<meta property=\"og:title\" content=\"OIM aclara que centro de atenci\u00f3n en Punta Cana es para migrantes de todas las nacionalidades | El Nuevo Norte\" \/>\n<meta property=\"og:description\" content=\"La Organizaci\u00f3n Internacional para las Migraciones (OIM) aclar\u00f3 que no gestiona ni administra centros de refugio o asilo, por lo que el centro de atenci\u00f3n en Punta Cana est\u00e1 espec\u00edficamente dise\u00f1ado para ofrecer orientaci\u00f3n gratuita a migrantes de todas las nacionalidades que residen en la zona. Dijo que esta orientaci\u00f3n se centra en procedimientos y [&hellip;]\" \/>\n<meta property=\"og:url\" content=\"https:\/\/infoelnuevonorte.com\/?p=15571\" \/>\n<meta property=\"og:site_name\" content=\"El Nuevo Norte\" \/>\n<meta property=\"article:publisher\" content=\"https:\/\/www.facebook.com\/infoenn\" \/>\n<meta property=\"article:published_time\" content=\"2024-03-23T01:14:07+00:00\" \/>\n<meta property=\"article:modified_time\" content=\"2024-03-23T01:14:14+00:00\" \/>\n<meta property=\"og:image\" content=\"https:\/\/infoelnuevonorte.com\/wp-content\/uploads\/2024\/03\/iom.jpg\" \/>\n\t<meta property=\"og:image:width\" content=\"474\" \/>\n\t<meta property=\"og:image:height\" content=\"248\" \/>\n\t<meta property=\"og:image:type\" content=\"image\/jpeg\" \/>\n<meta name=\"author\" content=\"InfoEnn\" \/>\n<meta name=\"twitter:card\" content=\"summary_large_image\" \/>\n<meta name=\"twitter:creator\" content=\"@Elnuevo_norte\" \/>\n<meta name=\"twitter:site\" content=\"@Elnuevo_norte\" \/>\n<meta name=\"twitter:label1\" content=\"Written by\" \/>\n\t<meta name=\"twitter:data1\" content=\"InfoEnn\" \/>\n\t<meta name=\"twitter:label2\" content=\"Est. reading time\" \/>\n\t<meta name=\"twitter:data2\" content=\"3 minutos\" \/>\n<script type=\"application\/ld+json\" class=\"yoast-schema-graph\">{\"@context\":\"https:\/\/schema.org\",\"@graph\":[{\"@type\":\"Article\",\"@id\":\"https:\/\/infoelnuevonorte.com\/?p=15571#article\",\"isPartOf\":{\"@id\":\"https:\/\/infoelnuevonorte.com\/?p=15571\"},\"author\":{\"name\":\"InfoEnn\",\"@id\":\"https:\/\/infoelnuevonorte.com\/#\/schema\/person\/fd4f6d90afe41260818b4ea94ad8ab84\"},\"headline\":\"OIM aclara que centro de atenci\u00f3n en Punta Cana es para migrantes de todas las nacionalidades\",\"datePublished\":\"2024-03-23T01:14:07+00:00\",\"dateModified\":\"2024-03-23T01:14:14+00:00\",\"mainEntityOfPage\":{\"@id\":\"https:\/\/infoelnuevonorte.com\/?p=15571\"},\"wordCount\":429,\"publisher\":{\"@id\":\"https:\/\/infoelnuevonorte.com\/#organization\"},\"image\":{\"@id\":\"https:\/\/infoelnuevonorte.com\/?p=15571#primaryimage\"},\"thumbnailUrl\":\"https:\/\/cdn.deultimominuto.net\/wp-content\/uploads\/2022\/09\/728x90-01.jpg\",\"keywords\":[\"asilo\",\"OIM\",\"Punta Cana\",\"refugio\"],\"articleSection\":[\"Actualidad |\",\"Nacionales\"],\"inLanguage\":\"es-DO\"},{\"@type\":\"WebPage\",\"@id\":\"https:\/\/infoelnuevonorte.com\/?p=15571\",\"url\":\"https:\/\/infoelnuevonorte.com\/?p=15571\",\"name\":\"OIM aclara que centro de atenci\u00f3n en Punta Cana es para migrantes de todas las nacionalidades | El Nuevo Norte\",\"isPartOf\":{\"@id\":\"https:\/\/infoelnuevonorte.com\/#website\"},\"primaryImageOfPage\":{\"@id\":\"https:\/\/infoelnuevonorte.com\/?p=15571#primaryimage\"},\"image\":{\"@id\":\"https:\/\/infoelnuevonorte.com\/?p=15571#primaryimage\"},\"thumbnailUrl\":\"https:\/\/cdn.deultimominuto.net\/wp-content\/uploads\/2022\/09\/728x90-01.jpg\",\"datePublished\":\"2024-03-23T01:14:07+00:00\",\"dateModified\":\"2024-03-23T01:14:14+00:00\",\"breadcrumb\":{\"@id\":\"https:\/\/infoelnuevonorte.com\/?p=15571#breadcrumb\"},\"inLanguage\":\"es-DO\",\"potentialAction\":[{\"@type\":\"ReadAction\",\"target\":[\"https:\/\/infoelnuevonorte.com\/?p=15571\"]}]},{\"@type\":\"ImageObject\",\"inLanguage\":\"es-DO\",\"@id\":\"https:\/\/infoelnuevonorte.com\/?p=15571#primaryimage\",\"url\":\"https:\/\/cdn.deultimominuto.net\/wp-content\/uploads\/2022\/09\/728x90-01.jpg\",\"contentUrl\":\"https:\/\/cdn.deultimominuto.net\/wp-content\/uploads\/2022\/09\/728x90-01.jpg\"},{\"@type\":\"BreadcrumbList\",\"@id\":\"https:\/\/infoelnuevonorte.com\/?p=15571#breadcrumb\",\"itemListElement\":[{\"@type\":\"ListItem\",\"position\":1,\"name\":\"Home\",\"item\":\"https:\/\/infoelnuevonorte.com\/\"},{\"@type\":\"ListItem\",\"position\":2,\"name\":\"OIM aclara que centro de atenci\u00f3n en Punta Cana es para migrantes de todas las nacionalidades\"}]},{\"@type\":\"WebSite\",\"@id\":\"https:\/\/infoelnuevonorte.com\/#website\",\"url\":\"https:\/\/infoelnuevonorte.com\/\",\"name\":\"InfoEnn\",\"description\":\"Tu Voz, tu Verdad, tu Diario!!!\",\"publisher\":{\"@id\":\"https:\/\/infoelnuevonorte.com\/#organization\"},\"alternateName\":\"El Nuevo Norte\",\"potentialAction\":[{\"@type\":\"SearchAction\",\"target\":{\"@type\":\"EntryPoint\",\"urlTemplate\":\"https:\/\/infoelnuevonorte.com\/?s={search_term_string}\"},\"query-input\":{\"@type\":\"PropertyValueSpecification\",\"valueRequired\":true,\"valueName\":\"search_term_string\"}}],\"inLanguage\":\"es-DO\"},{\"@type\":\"Organization\",\"@id\":\"https:\/\/infoelnuevonorte.com\/#organization\",\"name\":\"Info El Nuevo Norte\",\"alternateName\":\"El Nuevo Norte\",\"url\":\"https:\/\/infoelnuevonorte.com\/\",\"logo\":{\"@type\":\"ImageObject\",\"inLanguage\":\"es-DO\",\"@id\":\"https:\/\/infoelnuevonorte.com\/#\/schema\/logo\/image\/\",\"url\":\"https:\/\/infoelnuevonorte.com\/wp-content\/uploads\/2026\/02\/Logo-Info-enn-3d-20ani.jpeg\",\"contentUrl\":\"https:\/\/infoelnuevonorte.com\/wp-content\/uploads\/2026\/02\/Logo-Info-enn-3d-20ani.jpeg\",\"width\":2046,\"height\":736,\"caption\":\"Info El Nuevo Norte\"},\"image\":{\"@id\":\"https:\/\/infoelnuevonorte.com\/#\/schema\/logo\/image\/\"},\"sameAs\":[\"https:\/\/www.facebook.com\/infoenn\",\"https:\/\/x.com\/Elnuevo_norte\",\"https:\/\/www.instagram.com\/infoenn\",\"https:\/\/www.facebook.com\/ENNRD\"]},{\"@type\":\"Person\",\"@id\":\"https:\/\/infoelnuevonorte.com\/#\/schema\/person\/fd4f6d90afe41260818b4ea94ad8ab84\",\"name\":\"InfoEnn\",\"image\":{\"@type\":\"ImageObject\",\"inLanguage\":\"es-DO\",\"@id\":\"https:\/\/infoelnuevonorte.com\/#\/schema\/person\/image\/\",\"url\":\"https:\/\/secure.gravatar.com\/avatar\/d4d760a41a48ba9db0a82bfb63bb0783?s=96&d=robohash&r=g\",\"contentUrl\":\"https:\/\/secure.gravatar.com\/avatar\/d4d760a41a48ba9db0a82bfb63bb0783?s=96&d=robohash&r=g\",\"caption\":\"InfoEnn\"},\"sameAs\":[\"https:\/\/infoelnuevonorte.com\"],\"url\":\"https:\/\/infoelnuevonorte.com\/?author=1\"}]}<\/script>\n<!-- \/ Yoast SEO plugin. -->","yoast_head_json":{"title":"OIM aclara que centro de atenci\u00f3n en Punta Cana es para migrantes de todas las nacionalidades | El Nuevo Norte","robots":{"index":"index","follow":"follow","max-snippet":"max-snippet:-1","max-image-preview":"max-image-preview:large","max-video-preview":"max-video-preview:-1"},"canonical":"https:\/\/infoelnuevonorte.com\/?p=15571","og_locale":"es_ES","og_type":"article","og_title":"OIM aclara que centro de atenci\u00f3n en Punta Cana es para migrantes de todas las nacionalidades | El Nuevo Norte","og_description":"La Organizaci\u00f3n Internacional para las Migraciones (OIM) aclar\u00f3 que no gestiona ni administra centros de refugio o asilo, por lo que el centro de atenci\u00f3n en Punta Cana est\u00e1 espec\u00edficamente dise\u00f1ado para ofrecer orientaci\u00f3n gratuita a migrantes de todas las nacionalidades que residen en la zona. Dijo que esta orientaci\u00f3n se centra en procedimientos y [&hellip;]","og_url":"https:\/\/infoelnuevonorte.com\/?p=15571","og_site_name":"El Nuevo Norte","article_publisher":"https:\/\/www.facebook.com\/infoenn","article_published_time":"2024-03-23T01:14:07+00:00","article_modified_time":"2024-03-23T01:14:14+00:00","og_image":[{"width":474,"height":248,"url":"https:\/\/infoelnuevonorte.com\/wp-content\/uploads\/2024\/03\/iom.jpg","type":"image\/jpeg"}],"author":"InfoEnn","twitter_card":"summary_large_image","twitter_creator":"@Elnuevo_norte","twitter_site":"@Elnuevo_norte","twitter_misc":{"Written by":"InfoEnn","Est. reading time":"3 minutos"},"schema":{"@context":"https:\/\/schema.org","@graph":[{"@type":"Article","@id":"https:\/\/infoelnuevonorte.com\/?p=15571#article","isPartOf":{"@id":"https:\/\/infoelnuevonorte.com\/?p=15571"},"author":{"name":"InfoEnn","@id":"https:\/\/infoelnuevonorte.com\/#\/schema\/person\/fd4f6d90afe41260818b4ea94ad8ab84"},"headline":"OIM aclara que centro de atenci\u00f3n en Punta Cana es para migrantes de todas las nacionalidades","datePublished":"2024-03-23T01:14:07+00:00","dateModified":"2024-03-23T01:14:14+00:00","mainEntityOfPage":{"@id":"https:\/\/infoelnuevonorte.com\/?p=15571"},"wordCount":429,"publisher":{"@id":"https:\/\/infoelnuevonorte.com\/#organization"},"image":{"@id":"https:\/\/infoelnuevonorte.com\/?p=15571#primaryimage"},"thumbnailUrl":"https:\/\/cdn.deultimominuto.net\/wp-content\/uploads\/2022\/09\/728x90-01.jpg","keywords":["asilo","OIM","Punta Cana","refugio"],"articleSection":["Actualidad |","Nacionales"],"inLanguage":"es-DO"},{"@type":"WebPage","@id":"https:\/\/infoelnuevonorte.com\/?p=15571","url":"https:\/\/infoelnuevonorte.com\/?p=15571","name":"OIM aclara que centro de atenci\u00f3n en Punta Cana es para migrantes de todas las nacionalidades | El Nuevo Norte","isPartOf":{"@id":"https:\/\/infoelnuevonorte.com\/#website"},"primaryImageOfPage":{"@id":"https:\/\/infoelnuevonorte.com\/?p=15571#primaryimage"},"image":{"@id":"https:\/\/infoelnuevonorte.com\/?p=15571#primaryimage"},"thumbnailUrl":"https:\/\/cdn.deultimominuto.net\/wp-content\/uploads\/2022\/09\/728x90-01.jpg","datePublished":"2024-03-23T01:14:07+00:00","dateModified":"2024-03-23T01:14:14+00:00","breadcrumb":{"@id":"https:\/\/infoelnuevonorte.com\/?p=15571#breadcrumb"},"inLanguage":"es-DO","potentialAction":[{"@type":"ReadAction","target":["https:\/\/infoelnuevonorte.com\/?p=15571"]}]},{"@type":"ImageObject","inLanguage":"es-DO","@id":"https:\/\/infoelnuevonorte.com\/?p=15571#primaryimage","url":"https:\/\/cdn.deultimominuto.net\/wp-content\/uploads\/2022\/09\/728x90-01.jpg","contentUrl":"https:\/\/cdn.deultimominuto.net\/wp-content\/uploads\/2022\/09\/728x90-01.jpg"},{"@type":"BreadcrumbList","@id":"https:\/\/infoelnuevonorte.com\/?p=15571#breadcrumb","itemListElement":[{"@type":"ListItem","position":1,"name":"Home","item":"https:\/\/infoelnuevonorte.com\/"},{"@type":"ListItem","position":2,"name":"OIM aclara que centro de atenci\u00f3n en Punta Cana es para migrantes de todas las nacionalidades"}]},{"@type":"WebSite","@id":"https:\/\/infoelnuevonorte.com\/#website","url":"https:\/\/infoelnuevonorte.com\/","name":"InfoEnn","description":"Tu Voz, tu Verdad, tu Diario!!!","publisher":{"@id":"https:\/\/infoelnuevonorte.com\/#organization"},"alternateName":"El Nuevo Norte","potentialAction":[{"@type":"SearchAction","target":{"@type":"EntryPoint","urlTemplate":"https:\/\/infoelnuevonorte.com\/?s={search_term_string}"},"query-input":{"@type":"PropertyValueSpecification","valueRequired":true,"valueName":"search_term_string"}}],"inLanguage":"es-DO"},{"@type":"Organization","@id":"https:\/\/infoelnuevonorte.com\/#organization","name":"Info El Nuevo Norte","alternateName":"El Nuevo Norte","url":"https:\/\/infoelnuevonorte.com\/","logo":{"@type":"ImageObject","inLanguage":"es-DO","@id":"https:\/\/infoelnuevonorte.com\/#\/schema\/logo\/image\/","url":"https:\/\/infoelnuevonorte.com\/wp-content\/uploads\/2026\/02\/Logo-Info-enn-3d-20ani.jpeg","contentUrl":"https:\/\/infoelnuevonorte.com\/wp-content\/uploads\/2026\/02\/Logo-Info-enn-3d-20ani.jpeg","width":2046,"height":736,"caption":"Info El Nuevo Norte"},"image":{"@id":"https:\/\/infoelnuevonorte.com\/#\/schema\/logo\/image\/"},"sameAs":["https:\/\/www.facebook.com\/infoenn","https:\/\/x.com\/Elnuevo_norte","https:\/\/www.instagram.com\/infoenn","https:\/\/www.facebook.com\/ENNRD"]},{"@type":"Person","@id":"https:\/\/infoelnuevonorte.com\/#\/schema\/person\/fd4f6d90afe41260818b4ea94ad8ab84","name":"InfoEnn","image":{"@type":"ImageObject","inLanguage":"es-DO","@id":"https:\/\/infoelnuevonorte.com\/#\/schema\/person\/image\/","url":"https:\/\/secure.gravatar.com\/avatar\/d4d760a41a48ba9db0a82bfb63bb0783?s=96&d=robohash&r=g","contentUrl":"https:\/\/secure.gravatar.com\/avatar\/d4d760a41a48ba9db0a82bfb63bb0783?s=96&d=robohash&r=g","caption":"InfoEnn"},"sameAs":["https:\/\/infoelnuevonorte.com"],"url":"https:\/\/infoelnuevonorte.com\/?author=1"}]}},"_links":{"self":[{"href":"https:\/\/infoelnuevonorte.com\/index.php?rest_route=\/wp\/v2\/posts\/15571"}],"collection":[{"href":"https:\/\/infoelnuevonorte.com\/index.php?rest_route=\/wp\/v2\/posts"}],"about":[{"href":"https:\/\/infoelnuevonorte.com\/index.php?rest_route=\/wp\/v2\/types\/post"}],"author":[{"embeddable":true,"href":"https:\/\/infoelnuevonorte.com\/index.php?rest_route=\/wp\/v2\/users\/1"}],"replies":[{"embeddable":true,"href":"https:\/\/infoelnuevonorte.com\/index.php?rest_route=%2Fwp%2Fv2%2Fcomments&post=15571"}],"version-history":[{"count":0,"href":"https:\/\/infoelnuevonorte.com\/index.php?rest_route=\/wp\/v2\/posts\/15571\/revisions"}],"wp:attachment":[{"href":"https:\/\/infoelnuevonorte.com\/index.php?rest_route=%2Fwp%2Fv2%2Fmedia&parent=15571"}],"wp:term":[{"taxonomy":"category","embeddable":true,"href":"https:\/\/infoelnuevonorte.com\/index.php?rest_route=%2Fwp%2Fv2%2Fcategories&post=15571"},{"taxonomy":"post_tag","embeddable":true,"href":"https:\/\/infoelnuevonorte.com\/index.php?rest_route=%2Fwp%2Fv2%2Ftags&post=15571"}],"curies":[{"name":"wp","href":"https:\/\/api.w.org\/{rel}","templated":true}]}}