{"id":15784,"date":"2024-03-25T07:06:06","date_gmt":"2024-03-25T11:06:06","guid":{"rendered":"https:\/\/infoelnuevonorte.com\/?p=15784"},"modified":"2024-03-25T07:06:09","modified_gmt":"2024-03-25T11:06:09","slug":"destituyen-a-la-directora-del-penal-de-la-victoria","status":"publish","type":"post","link":"https:\/\/infoelnuevonorte.com\/?p=15784","title":{"rendered":"Destituyen a la directora del Penal de La Victoria"},"content":{"rendered":"<!--[if lt IE 9]><script>document.createElement('audio');<\/script><![endif]-->\n<audio class=\"wp-audio-shortcode\" id=\"audio-15784-1\" preload=\"none\" style=\"width: 100%;\" controls=\"controls\"><source type=\"audio\/mpeg\" src=\"https:\/\/infoelnuevonorte.com\/wp-content\/uploads\/2024\/03\/ttsmaker-file-2024-3-25-7-5-1.mp3?_=1\" \/><a href=\"https:\/\/infoelnuevonorte.com\/wp-content\/uploads\/2024\/03\/ttsmaker-file-2024-3-25-7-5-1.mp3\">https:\/\/infoelnuevonorte.com\/wp-content\/uploads\/2024\/03\/ttsmaker-file-2024-3-25-7-5-1.mp3<\/a><\/audio>\n<p style=\"text-align: justify;\"><strong>Santo Domingo.-<\/strong> Fue destituida la directora de la Penitenciaria de La Victoria, coronela de la Polic\u00eda Nacional Mar\u00eda Isabel Gil Iturbides. La destituci\u00f3n de Gil se produce luego de que, a su llegada al penal, se produjera un incendio que provoc\u00f3 la muerte de 13 reclusos. Adem\u00e1s, de otros tres conatos de incendio la noche del s\u00e1bado.<\/p>\n<p style=\"text-align: justify;\">Gil Iturbides ten\u00eda menos de un mes como jefa del\u00a0<strong>Penal de la Victoria\u00a0<\/strong>designada por la<a href=\"https:\/\/pgr.gob.do\/dgspc\/#\">\u00a0<\/a>Direcci\u00f3n de Prisiones. Asimismo, informaciones dan cuenta que a su salida las autoridades dispusieron que varios agentes se encargaran de la seguridad de la dama.<\/p>\n<p style=\"text-align: justify;\">La coronela<strong>, <\/strong>antes de llegar a La Victoria, se desempe\u00f1\u00f3 como jefa de la comandancia de Constanza de la\u00a0<strong>Direcci\u00f3n General de Tr\u00e1nsito y Transporte Terrestre (DIGESETTT). <\/strong>Hasta el momento no se ha informado quien sustituir\u00e1 a<strong>\u00a0Gil Iturbides<\/strong>\u00a0en la jefatura de la c\u00e1rcel de La Victoria.<\/p>\n<blockquote class=\"wp-embedded-content\" data-secret=\"39sLAIjNLr\"><p><a href=\"https:\/\/infoelnuevonorte.com\/?p=15750\">CARD propone demoler La Victoria e indemnizar familia de los fallecidos durante incendio<\/a><\/p><\/blockquote>\n<p><iframe class=\"wp-embedded-content\" sandbox=\"allow-scripts\" security=\"restricted\" style=\"position: absolute; clip: rect(1px, 1px, 1px, 1px);\" title=\"\u00abCARD propone demoler La Victoria e indemnizar familia de los fallecidos durante incendio\u00bb \u2014 InfoEnn\" src=\"https:\/\/infoelnuevonorte.com\/?p=15750&#038;embed=true#?secret=fohqxOOgjR#?secret=39sLAIjNLr\" data-secret=\"39sLAIjNLr\" width=\"600\" height=\"338\" frameborder=\"0\" marginwidth=\"0\" marginheight=\"0\" scrolling=\"no\"><\/iframe><\/p>\n","protected":false},"excerpt":{"rendered":"<p>Santo Domingo.- Fue destituida la directora de la Penitenciaria de La Victoria, coronela de la Polic\u00eda Nacional Mar\u00eda Isabel Gil Iturbides. La destituci\u00f3n de Gil se produce luego de que, a su llegada al penal, se produjera un incendio que provoc\u00f3 la muerte de 13 reclusos. Adem\u00e1s, de otros tres conatos de incendio la noche [&hellip;]<\/p>\n","protected":false},"author":1,"featured_media":0,"comment_status":"closed","ping_status":"open","sticky":false,"template":"","format":"standard","meta":{"footnotes":""},"categories":[2,8],"tags":[],"yoast_head":"<!-- This site is optimized with the Yoast SEO plugin v24.5 - https:\/\/yoast.com\/wordpress\/plugins\/seo\/ -->\n<title>Destituyen a la directora del Penal de La Victoria | El Nuevo Norte<\/title>\n<meta name=\"robots\" content=\"index, follow, max-snippet:-1, max-image-preview:large, max-video-preview:-1\" \/>\n<link rel=\"canonical\" href=\"https:\/\/infoelnuevonorte.com\/?p=15784\" \/>\n<meta property=\"og:locale\" content=\"es_ES\" \/>\n<meta property=\"og:type\" content=\"article\" \/>\n<meta property=\"og:title\" content=\"Destituyen a la directora del Penal de La Victoria | El Nuevo Norte\" \/>\n<meta property=\"og:description\" content=\"Santo Domingo.- Fue destituida la directora de la Penitenciaria de La Victoria, coronela de la Polic\u00eda Nacional Mar\u00eda Isabel Gil Iturbides. La destituci\u00f3n de Gil se produce luego de que, a su llegada al penal, se produjera un incendio que provoc\u00f3 la muerte de 13 reclusos. Adem\u00e1s, de otros tres conatos de incendio la noche [&hellip;]\" \/>\n<meta property=\"og:url\" content=\"https:\/\/infoelnuevonorte.com\/?p=15784\" \/>\n<meta property=\"og:site_name\" content=\"El Nuevo Norte\" \/>\n<meta property=\"article:publisher\" content=\"https:\/\/www.facebook.com\/infoenn\" \/>\n<meta property=\"article:published_time\" content=\"2024-03-25T11:06:06+00:00\" \/>\n<meta property=\"article:modified_time\" content=\"2024-03-25T11:06:09+00:00\" \/>\n<meta property=\"og:image\" content=\"https:\/\/infoelnuevonorte.com\/wp-content\/uploads\/2024\/03\/Gil-Iturbides-La-Victoria-750x375-1-jpg.webp\" \/>\n\t<meta property=\"og:image:width\" content=\"750\" \/>\n\t<meta property=\"og:image:height\" content=\"375\" \/>\n\t<meta property=\"og:image:type\" content=\"image\/jpeg\" \/>\n<meta name=\"author\" content=\"InfoEnn\" \/>\n<meta name=\"twitter:card\" content=\"summary_large_image\" \/>\n<meta name=\"twitter:creator\" content=\"@Elnuevo_norte\" \/>\n<meta name=\"twitter:site\" content=\"@Elnuevo_norte\" \/>\n<meta name=\"twitter:label1\" content=\"Written by\" \/>\n\t<meta name=\"twitter:data1\" content=\"InfoEnn\" \/>\n\t<meta name=\"twitter:label2\" content=\"Est. reading time\" \/>\n\t<meta name=\"twitter:data2\" content=\"1 minuto\" \/>\n<script type=\"application\/ld+json\" class=\"yoast-schema-graph\">{\"@context\":\"https:\/\/schema.org\",\"@graph\":[{\"@type\":\"Article\",\"@id\":\"https:\/\/infoelnuevonorte.com\/?p=15784#article\",\"isPartOf\":{\"@id\":\"https:\/\/infoelnuevonorte.com\/?p=15784\"},\"author\":{\"name\":\"InfoEnn\",\"@id\":\"https:\/\/infoelnuevonorte.com\/#\/schema\/person\/fd4f6d90afe41260818b4ea94ad8ab84\"},\"headline\":\"Destituyen a la directora del Penal de La Victoria\",\"datePublished\":\"2024-03-25T11:06:06+00:00\",\"dateModified\":\"2024-03-25T11:06:09+00:00\",\"mainEntityOfPage\":{\"@id\":\"https:\/\/infoelnuevonorte.com\/?p=15784\"},\"wordCount\":185,\"publisher\":{\"@id\":\"https:\/\/infoelnuevonorte.com\/#organization\"},\"articleSection\":[\"Actualidad |\",\"Nacionales\"],\"inLanguage\":\"es-DO\"},{\"@type\":\"WebPage\",\"@id\":\"https:\/\/infoelnuevonorte.com\/?p=15784\",\"url\":\"https:\/\/infoelnuevonorte.com\/?p=15784\",\"name\":\"Destituyen a la directora del Penal de La Victoria | El Nuevo Norte\",\"isPartOf\":{\"@id\":\"https:\/\/infoelnuevonorte.com\/#website\"},\"datePublished\":\"2024-03-25T11:06:06+00:00\",\"dateModified\":\"2024-03-25T11:06:09+00:00\",\"breadcrumb\":{\"@id\":\"https:\/\/infoelnuevonorte.com\/?p=15784#breadcrumb\"},\"inLanguage\":\"es-DO\",\"potentialAction\":[{\"@type\":\"ReadAction\",\"target\":[\"https:\/\/infoelnuevonorte.com\/?p=15784\"]}]},{\"@type\":\"BreadcrumbList\",\"@id\":\"https:\/\/infoelnuevonorte.com\/?p=15784#breadcrumb\",\"itemListElement\":[{\"@type\":\"ListItem\",\"position\":1,\"name\":\"Home\",\"item\":\"https:\/\/infoelnuevonorte.com\/\"},{\"@type\":\"ListItem\",\"position\":2,\"name\":\"Destituyen a la directora del Penal de La Victoria\"}]},{\"@type\":\"WebSite\",\"@id\":\"https:\/\/infoelnuevonorte.com\/#website\",\"url\":\"https:\/\/infoelnuevonorte.com\/\",\"name\":\"InfoEnn\",\"description\":\"Tu Voz, tu Verdad, tu Diario!!!\",\"publisher\":{\"@id\":\"https:\/\/infoelnuevonorte.com\/#organization\"},\"alternateName\":\"El Nuevo Norte\",\"potentialAction\":[{\"@type\":\"SearchAction\",\"target\":{\"@type\":\"EntryPoint\",\"urlTemplate\":\"https:\/\/infoelnuevonorte.com\/?s={search_term_string}\"},\"query-input\":{\"@type\":\"PropertyValueSpecification\",\"valueRequired\":true,\"valueName\":\"search_term_string\"}}],\"inLanguage\":\"es-DO\"},{\"@type\":\"Organization\",\"@id\":\"https:\/\/infoelnuevonorte.com\/#organization\",\"name\":\"Info El Nuevo Norte\",\"alternateName\":\"El Nuevo Norte\",\"url\":\"https:\/\/infoelnuevonorte.com\/\",\"logo\":{\"@type\":\"ImageObject\",\"inLanguage\":\"es-DO\",\"@id\":\"https:\/\/infoelnuevonorte.com\/#\/schema\/logo\/image\/\",\"url\":\"https:\/\/infoelnuevonorte.com\/wp-content\/uploads\/2026\/02\/Logo-Info-enn-3d-20ani.jpeg\",\"contentUrl\":\"https:\/\/infoelnuevonorte.com\/wp-content\/uploads\/2026\/02\/Logo-Info-enn-3d-20ani.jpeg\",\"width\":2046,\"height\":736,\"caption\":\"Info El Nuevo Norte\"},\"image\":{\"@id\":\"https:\/\/infoelnuevonorte.com\/#\/schema\/logo\/image\/\"},\"sameAs\":[\"https:\/\/www.facebook.com\/infoenn\",\"https:\/\/x.com\/Elnuevo_norte\",\"https:\/\/www.instagram.com\/infoenn\",\"https:\/\/www.facebook.com\/ENNRD\"]},{\"@type\":\"Person\",\"@id\":\"https:\/\/infoelnuevonorte.com\/#\/schema\/person\/fd4f6d90afe41260818b4ea94ad8ab84\",\"name\":\"InfoEnn\",\"image\":{\"@type\":\"ImageObject\",\"inLanguage\":\"es-DO\",\"@id\":\"https:\/\/infoelnuevonorte.com\/#\/schema\/person\/image\/\",\"url\":\"https:\/\/secure.gravatar.com\/avatar\/d4d760a41a48ba9db0a82bfb63bb0783?s=96&d=robohash&r=g\",\"contentUrl\":\"https:\/\/secure.gravatar.com\/avatar\/d4d760a41a48ba9db0a82bfb63bb0783?s=96&d=robohash&r=g\",\"caption\":\"InfoEnn\"},\"sameAs\":[\"https:\/\/infoelnuevonorte.com\"],\"url\":\"https:\/\/infoelnuevonorte.com\/?author=1\"}]}<\/script>\n<!-- \/ Yoast SEO plugin. -->","yoast_head_json":{"title":"Destituyen a la directora del Penal de La Victoria | El Nuevo Norte","robots":{"index":"index","follow":"follow","max-snippet":"max-snippet:-1","max-image-preview":"max-image-preview:large","max-video-preview":"max-video-preview:-1"},"canonical":"https:\/\/infoelnuevonorte.com\/?p=15784","og_locale":"es_ES","og_type":"article","og_title":"Destituyen a la directora del Penal de La Victoria | El Nuevo Norte","og_description":"Santo Domingo.- Fue destituida la directora de la Penitenciaria de La Victoria, coronela de la Polic\u00eda Nacional Mar\u00eda Isabel Gil Iturbides. La destituci\u00f3n de Gil se produce luego de que, a su llegada al penal, se produjera un incendio que provoc\u00f3 la muerte de 13 reclusos. Adem\u00e1s, de otros tres conatos de incendio la noche [&hellip;]","og_url":"https:\/\/infoelnuevonorte.com\/?p=15784","og_site_name":"El Nuevo Norte","article_publisher":"https:\/\/www.facebook.com\/infoenn","article_published_time":"2024-03-25T11:06:06+00:00","article_modified_time":"2024-03-25T11:06:09+00:00","og_image":[{"width":750,"height":375,"url":"https:\/\/infoelnuevonorte.com\/wp-content\/uploads\/2024\/03\/Gil-Iturbides-La-Victoria-750x375-1-jpg.webp","type":"image\/jpeg"}],"author":"InfoEnn","twitter_card":"summary_large_image","twitter_creator":"@Elnuevo_norte","twitter_site":"@Elnuevo_norte","twitter_misc":{"Written by":"InfoEnn","Est. reading time":"1 minuto"},"schema":{"@context":"https:\/\/schema.org","@graph":[{"@type":"Article","@id":"https:\/\/infoelnuevonorte.com\/?p=15784#article","isPartOf":{"@id":"https:\/\/infoelnuevonorte.com\/?p=15784"},"author":{"name":"InfoEnn","@id":"https:\/\/infoelnuevonorte.com\/#\/schema\/person\/fd4f6d90afe41260818b4ea94ad8ab84"},"headline":"Destituyen a la directora del Penal de La Victoria","datePublished":"2024-03-25T11:06:06+00:00","dateModified":"2024-03-25T11:06:09+00:00","mainEntityOfPage":{"@id":"https:\/\/infoelnuevonorte.com\/?p=15784"},"wordCount":185,"publisher":{"@id":"https:\/\/infoelnuevonorte.com\/#organization"},"articleSection":["Actualidad |","Nacionales"],"inLanguage":"es-DO"},{"@type":"WebPage","@id":"https:\/\/infoelnuevonorte.com\/?p=15784","url":"https:\/\/infoelnuevonorte.com\/?p=15784","name":"Destituyen a la directora del Penal de La Victoria | El Nuevo Norte","isPartOf":{"@id":"https:\/\/infoelnuevonorte.com\/#website"},"datePublished":"2024-03-25T11:06:06+00:00","dateModified":"2024-03-25T11:06:09+00:00","breadcrumb":{"@id":"https:\/\/infoelnuevonorte.com\/?p=15784#breadcrumb"},"inLanguage":"es-DO","potentialAction":[{"@type":"ReadAction","target":["https:\/\/infoelnuevonorte.com\/?p=15784"]}]},{"@type":"BreadcrumbList","@id":"https:\/\/infoelnuevonorte.com\/?p=15784#breadcrumb","itemListElement":[{"@type":"ListItem","position":1,"name":"Home","item":"https:\/\/infoelnuevonorte.com\/"},{"@type":"ListItem","position":2,"name":"Destituyen a la directora del Penal de La Victoria"}]},{"@type":"WebSite","@id":"https:\/\/infoelnuevonorte.com\/#website","url":"https:\/\/infoelnuevonorte.com\/","name":"InfoEnn","description":"Tu Voz, tu Verdad, tu Diario!!!","publisher":{"@id":"https:\/\/infoelnuevonorte.com\/#organization"},"alternateName":"El Nuevo Norte","potentialAction":[{"@type":"SearchAction","target":{"@type":"EntryPoint","urlTemplate":"https:\/\/infoelnuevonorte.com\/?s={search_term_string}"},"query-input":{"@type":"PropertyValueSpecification","valueRequired":true,"valueName":"search_term_string"}}],"inLanguage":"es-DO"},{"@type":"Organization","@id":"https:\/\/infoelnuevonorte.com\/#organization","name":"Info El Nuevo Norte","alternateName":"El Nuevo Norte","url":"https:\/\/infoelnuevonorte.com\/","logo":{"@type":"ImageObject","inLanguage":"es-DO","@id":"https:\/\/infoelnuevonorte.com\/#\/schema\/logo\/image\/","url":"https:\/\/infoelnuevonorte.com\/wp-content\/uploads\/2026\/02\/Logo-Info-enn-3d-20ani.jpeg","contentUrl":"https:\/\/infoelnuevonorte.com\/wp-content\/uploads\/2026\/02\/Logo-Info-enn-3d-20ani.jpeg","width":2046,"height":736,"caption":"Info El Nuevo Norte"},"image":{"@id":"https:\/\/infoelnuevonorte.com\/#\/schema\/logo\/image\/"},"sameAs":["https:\/\/www.facebook.com\/infoenn","https:\/\/x.com\/Elnuevo_norte","https:\/\/www.instagram.com\/infoenn","https:\/\/www.facebook.com\/ENNRD"]},{"@type":"Person","@id":"https:\/\/infoelnuevonorte.com\/#\/schema\/person\/fd4f6d90afe41260818b4ea94ad8ab84","name":"InfoEnn","image":{"@type":"ImageObject","inLanguage":"es-DO","@id":"https:\/\/infoelnuevonorte.com\/#\/schema\/person\/image\/","url":"https:\/\/secure.gravatar.com\/avatar\/d4d760a41a48ba9db0a82bfb63bb0783?s=96&d=robohash&r=g","contentUrl":"https:\/\/secure.gravatar.com\/avatar\/d4d760a41a48ba9db0a82bfb63bb0783?s=96&d=robohash&r=g","caption":"InfoEnn"},"sameAs":["https:\/\/infoelnuevonorte.com"],"url":"https:\/\/infoelnuevonorte.com\/?author=1"}]}},"_links":{"self":[{"href":"https:\/\/infoelnuevonorte.com\/index.php?rest_route=\/wp\/v2\/posts\/15784"}],"collection":[{"href":"https:\/\/infoelnuevonorte.com\/index.php?rest_route=\/wp\/v2\/posts"}],"about":[{"href":"https:\/\/infoelnuevonorte.com\/index.php?rest_route=\/wp\/v2\/types\/post"}],"author":[{"embeddable":true,"href":"https:\/\/infoelnuevonorte.com\/index.php?rest_route=\/wp\/v2\/users\/1"}],"replies":[{"embeddable":true,"href":"https:\/\/infoelnuevonorte.com\/index.php?rest_route=%2Fwp%2Fv2%2Fcomments&post=15784"}],"version-history":[{"count":0,"href":"https:\/\/infoelnuevonorte.com\/index.php?rest_route=\/wp\/v2\/posts\/15784\/revisions"}],"wp:attachment":[{"href":"https:\/\/infoelnuevonorte.com\/index.php?rest_route=%2Fwp%2Fv2%2Fmedia&parent=15784"}],"wp:term":[{"taxonomy":"category","embeddable":true,"href":"https:\/\/infoelnuevonorte.com\/index.php?rest_route=%2Fwp%2Fv2%2Fcategories&post=15784"},{"taxonomy":"post_tag","embeddable":true,"href":"https:\/\/infoelnuevonorte.com\/index.php?rest_route=%2Fwp%2Fv2%2Ftags&post=15784"}],"curies":[{"name":"wp","href":"https:\/\/api.w.org\/{rel}","templated":true}]}}