{"id":15881,"date":"2024-03-25T18:18:28","date_gmt":"2024-03-25T22:18:28","guid":{"rendered":"https:\/\/infoelnuevonorte.com\/?p=15881"},"modified":"2024-03-25T18:18:31","modified_gmt":"2024-03-25T22:18:31","slug":"presidente-abinader-anuncia-creacion-de-comite-de-seguimiento-al-plan-de-gestion-la-victoria-las-parras","status":"publish","type":"post","link":"https:\/\/infoelnuevonorte.com\/?p=15881","title":{"rendered":"Presidente Abinader anuncia creaci\u00f3n de Comit\u00e9 de Seguimiento al Plan de Gesti\u00f3n La Victoria-Las Parras"},"content":{"rendered":"<!--[if lt IE 9]><script>document.createElement('audio');<\/script><![endif]-->\n<audio class=\"wp-audio-shortcode\" id=\"audio-15881-1\" preload=\"none\" style=\"width: 100%;\" controls=\"controls\"><source type=\"audio\/mpeg\" src=\"https:\/\/infoelnuevonorte.com\/wp-content\/uploads\/2024\/03\/ttsmaker-file-2024-3-25-18-17-50.mp3?_=1\" \/><a href=\"https:\/\/infoelnuevonorte.com\/wp-content\/uploads\/2024\/03\/ttsmaker-file-2024-3-25-18-17-50.mp3\">https:\/\/infoelnuevonorte.com\/wp-content\/uploads\/2024\/03\/ttsmaker-file-2024-3-25-18-17-50.mp3<\/a><\/audio>\n<p style=\"text-align: justify;\"><strong>Santo Domingo.<\/strong> &#8211; El presidente Luis Abinader anunci\u00f3 la creaci\u00f3n del Comit\u00e9 de Seguimiento al Plan de Gesti\u00f3n La Victoria-Las Parras, la cual se encargar\u00e1 de dar continuidad a las licitaciones y contratos necesarios para la transici\u00f3n de la c\u00e1rcel La Victoria al nuevo recinto Las Parras.<\/p>\n<p style=\"text-align: justify;\">El mandatario reiter\u00f3 que el tema penitenciario ha estado pendiente durante d\u00e9cadas y \u201ccreo que lleg\u00f3 el momento, y he estado conversando con Roberto en los \u00faltimos d\u00edas, de nosotros retomar con fechas y acciones esas reformas penitenciarias\u201d.<\/p>\n<p style=\"text-align: justify;\">En ese sentido record\u00f3 que una vez asumi\u00f3 como presidente del pa\u00eds, conjuntamente con la Procuradur\u00eda General de la Rep\u00fablica, solicit\u00f3 la ayuda de Roberto Santana en el proceso de reforma penitenciara, que en ese momento presentaba temas legales con diferentes c\u00e1rceles, incluyendo Las Parras, que ten\u00edan acusaciones de corrupci\u00f3n.<\/p>\n<p style=\"text-align: justify;\">En el caso de Las Parras, se\u00f1al\u00f3 adem\u00e1s que apenas desde hace una semana, se pueden finalmente licitar \u00e1reas que no se pod\u00edan y otras que est\u00e1n en construcci\u00f3n.<\/p>\n<p style=\"text-align: justify;\">\u201cHay que admitir que tenemos una situaci\u00f3n en todas las c\u00e1rceles del pa\u00eds\u201d agreg\u00f3 el jefe de Estado, se\u00f1alando el caso de La Victoria como cr\u00edtico.<\/p>\n<p style=\"text-align: justify;\">Para llevar a cabo la reforma penitenciaria, Abinader asegur\u00f3 que ya se est\u00e1n gestionando los recursos econ\u00f3micos, de los cuales muchos se obtendr\u00e1n de la recuperaci\u00f3n de dinero de la corrupci\u00f3n, provenientes de acuerdos realizados con el Ministerio P\u00fablico.<\/p>\n<p style=\"text-align: justify;\">El Comit\u00e9 de Seguimiento al Plan de Gesti\u00f3n La Victoria-Las Parras ser\u00e1 coordinado por Jorge Subero Isa y le acompa\u00f1ar\u00e1n el Defensor del Pueblo y el director de la Oficina Nacional de la Defensa P\u00fablica.<\/p>\n<p style=\"text-align: justify;\">Asimismo, participar\u00e1n los decanos de las facultades de ingenier\u00eda de la Universidad Aut\u00f3noma de Santo Domingo (UASD), la Pontificia Universidad Cat\u00f3lica Madre y Maestra (PUCMM), la Universidad Iberoamericana (UNIBE) y el Instituto Tecnol\u00f3gico de Santo Domingo (INTEC).<\/p>\n<p style=\"text-align: justify;\">Direcci\u00f3n de Prensa del Presidente<\/p>\n","protected":false},"excerpt":{"rendered":"<p>Santo Domingo. &#8211; El presidente Luis Abinader anunci\u00f3 la creaci\u00f3n del Comit\u00e9 de Seguimiento al Plan de Gesti\u00f3n La Victoria-Las Parras, la cual se encargar\u00e1 de dar continuidad a las licitaciones y contratos necesarios para la transici\u00f3n de la c\u00e1rcel La Victoria al nuevo recinto Las Parras. El mandatario reiter\u00f3 que el tema penitenciario ha [&hellip;]<\/p>\n","protected":false},"author":1,"featured_media":0,"comment_status":"closed","ping_status":"open","sticky":false,"template":"","format":"standard","meta":{"footnotes":""},"categories":[2,8],"tags":[],"yoast_head":"<!-- This site is optimized with the Yoast SEO plugin v24.5 - https:\/\/yoast.com\/wordpress\/plugins\/seo\/ -->\n<title>Presidente Abinader anuncia creaci\u00f3n de Comit\u00e9 de Seguimiento al Plan de Gesti\u00f3n La Victoria-Las Parras | El Nuevo Norte<\/title>\n<meta name=\"robots\" content=\"index, follow, max-snippet:-1, max-image-preview:large, max-video-preview:-1\" \/>\n<link rel=\"canonical\" href=\"https:\/\/infoelnuevonorte.com\/?p=15881\" \/>\n<meta property=\"og:locale\" content=\"es_ES\" \/>\n<meta property=\"og:type\" content=\"article\" \/>\n<meta property=\"og:title\" content=\"Presidente Abinader anuncia creaci\u00f3n de Comit\u00e9 de Seguimiento al Plan de Gesti\u00f3n La Victoria-Las Parras | El Nuevo Norte\" \/>\n<meta property=\"og:description\" content=\"Santo Domingo. &#8211; El presidente Luis Abinader anunci\u00f3 la creaci\u00f3n del Comit\u00e9 de Seguimiento al Plan de Gesti\u00f3n La Victoria-Las Parras, la cual se encargar\u00e1 de dar continuidad a las licitaciones y contratos necesarios para la transici\u00f3n de la c\u00e1rcel La Victoria al nuevo recinto Las Parras. El mandatario reiter\u00f3 que el tema penitenciario ha [&hellip;]\" \/>\n<meta property=\"og:url\" content=\"https:\/\/infoelnuevonorte.com\/?p=15881\" \/>\n<meta property=\"og:site_name\" content=\"El Nuevo Norte\" \/>\n<meta property=\"article:publisher\" content=\"https:\/\/www.facebook.com\/infoenn\" \/>\n<meta property=\"article:published_time\" content=\"2024-03-25T22:18:28+00:00\" \/>\n<meta property=\"article:modified_time\" content=\"2024-03-25T22:18:31+00:00\" \/>\n<meta property=\"og:image\" content=\"https:\/\/infoelnuevonorte.com\/wp-content\/uploads\/2024\/03\/WhatsApp-Image-2024-03-25-at-6.12.37-PM-jpeg.webp\" \/>\n\t<meta property=\"og:image:width\" content=\"1600\" \/>\n\t<meta property=\"og:image:height\" content=\"1066\" \/>\n\t<meta property=\"og:image:type\" content=\"image\/jpeg\" \/>\n<meta name=\"author\" content=\"InfoEnn\" \/>\n<meta name=\"twitter:card\" content=\"summary_large_image\" \/>\n<meta name=\"twitter:creator\" content=\"@Elnuevo_norte\" \/>\n<meta name=\"twitter:site\" content=\"@Elnuevo_norte\" \/>\n<meta name=\"twitter:label1\" content=\"Written by\" \/>\n\t<meta name=\"twitter:data1\" content=\"InfoEnn\" \/>\n\t<meta name=\"twitter:label2\" content=\"Est. reading time\" \/>\n\t<meta name=\"twitter:data2\" content=\"2 minutos\" \/>\n<script type=\"application\/ld+json\" class=\"yoast-schema-graph\">{\"@context\":\"https:\/\/schema.org\",\"@graph\":[{\"@type\":\"Article\",\"@id\":\"https:\/\/infoelnuevonorte.com\/?p=15881#article\",\"isPartOf\":{\"@id\":\"https:\/\/infoelnuevonorte.com\/?p=15881\"},\"author\":{\"name\":\"InfoEnn\",\"@id\":\"https:\/\/infoelnuevonorte.com\/#\/schema\/person\/fd4f6d90afe41260818b4ea94ad8ab84\"},\"headline\":\"Presidente Abinader anuncia creaci\u00f3n de Comit\u00e9 de Seguimiento al Plan de Gesti\u00f3n La Victoria-Las Parras\",\"datePublished\":\"2024-03-25T22:18:28+00:00\",\"dateModified\":\"2024-03-25T22:18:31+00:00\",\"mainEntityOfPage\":{\"@id\":\"https:\/\/infoelnuevonorte.com\/?p=15881\"},\"wordCount\":376,\"publisher\":{\"@id\":\"https:\/\/infoelnuevonorte.com\/#organization\"},\"articleSection\":[\"Actualidad |\",\"Nacionales\"],\"inLanguage\":\"es-DO\"},{\"@type\":\"WebPage\",\"@id\":\"https:\/\/infoelnuevonorte.com\/?p=15881\",\"url\":\"https:\/\/infoelnuevonorte.com\/?p=15881\",\"name\":\"Presidente Abinader anuncia creaci\u00f3n de Comit\u00e9 de Seguimiento al Plan de Gesti\u00f3n La Victoria-Las Parras | El Nuevo Norte\",\"isPartOf\":{\"@id\":\"https:\/\/infoelnuevonorte.com\/#website\"},\"datePublished\":\"2024-03-25T22:18:28+00:00\",\"dateModified\":\"2024-03-25T22:18:31+00:00\",\"breadcrumb\":{\"@id\":\"https:\/\/infoelnuevonorte.com\/?p=15881#breadcrumb\"},\"inLanguage\":\"es-DO\",\"potentialAction\":[{\"@type\":\"ReadAction\",\"target\":[\"https:\/\/infoelnuevonorte.com\/?p=15881\"]}]},{\"@type\":\"BreadcrumbList\",\"@id\":\"https:\/\/infoelnuevonorte.com\/?p=15881#breadcrumb\",\"itemListElement\":[{\"@type\":\"ListItem\",\"position\":1,\"name\":\"Home\",\"item\":\"https:\/\/infoelnuevonorte.com\/\"},{\"@type\":\"ListItem\",\"position\":2,\"name\":\"Presidente Abinader anuncia creaci\u00f3n de Comit\u00e9 de Seguimiento al Plan de Gesti\u00f3n La Victoria-Las Parras\"}]},{\"@type\":\"WebSite\",\"@id\":\"https:\/\/infoelnuevonorte.com\/#website\",\"url\":\"https:\/\/infoelnuevonorte.com\/\",\"name\":\"InfoEnn\",\"description\":\"Tu Voz, tu Verdad, tu Diario!!!\",\"publisher\":{\"@id\":\"https:\/\/infoelnuevonorte.com\/#organization\"},\"alternateName\":\"El Nuevo Norte\",\"potentialAction\":[{\"@type\":\"SearchAction\",\"target\":{\"@type\":\"EntryPoint\",\"urlTemplate\":\"https:\/\/infoelnuevonorte.com\/?s={search_term_string}\"},\"query-input\":{\"@type\":\"PropertyValueSpecification\",\"valueRequired\":true,\"valueName\":\"search_term_string\"}}],\"inLanguage\":\"es-DO\"},{\"@type\":\"Organization\",\"@id\":\"https:\/\/infoelnuevonorte.com\/#organization\",\"name\":\"Info El Nuevo Norte\",\"alternateName\":\"El Nuevo Norte\",\"url\":\"https:\/\/infoelnuevonorte.com\/\",\"logo\":{\"@type\":\"ImageObject\",\"inLanguage\":\"es-DO\",\"@id\":\"https:\/\/infoelnuevonorte.com\/#\/schema\/logo\/image\/\",\"url\":\"https:\/\/infoelnuevonorte.com\/wp-content\/uploads\/2026\/02\/Logo-Info-enn-3d-20ani.jpeg\",\"contentUrl\":\"https:\/\/infoelnuevonorte.com\/wp-content\/uploads\/2026\/02\/Logo-Info-enn-3d-20ani.jpeg\",\"width\":2046,\"height\":736,\"caption\":\"Info El Nuevo Norte\"},\"image\":{\"@id\":\"https:\/\/infoelnuevonorte.com\/#\/schema\/logo\/image\/\"},\"sameAs\":[\"https:\/\/www.facebook.com\/infoenn\",\"https:\/\/x.com\/Elnuevo_norte\",\"https:\/\/www.instagram.com\/infoenn\",\"https:\/\/www.facebook.com\/ENNRD\"]},{\"@type\":\"Person\",\"@id\":\"https:\/\/infoelnuevonorte.com\/#\/schema\/person\/fd4f6d90afe41260818b4ea94ad8ab84\",\"name\":\"InfoEnn\",\"image\":{\"@type\":\"ImageObject\",\"inLanguage\":\"es-DO\",\"@id\":\"https:\/\/infoelnuevonorte.com\/#\/schema\/person\/image\/\",\"url\":\"https:\/\/secure.gravatar.com\/avatar\/d4d760a41a48ba9db0a82bfb63bb0783?s=96&d=robohash&r=g\",\"contentUrl\":\"https:\/\/secure.gravatar.com\/avatar\/d4d760a41a48ba9db0a82bfb63bb0783?s=96&d=robohash&r=g\",\"caption\":\"InfoEnn\"},\"sameAs\":[\"https:\/\/infoelnuevonorte.com\"],\"url\":\"https:\/\/infoelnuevonorte.com\/?author=1\"}]}<\/script>\n<!-- \/ Yoast SEO plugin. -->","yoast_head_json":{"title":"Presidente Abinader anuncia creaci\u00f3n de Comit\u00e9 de Seguimiento al Plan de Gesti\u00f3n La Victoria-Las Parras | El Nuevo Norte","robots":{"index":"index","follow":"follow","max-snippet":"max-snippet:-1","max-image-preview":"max-image-preview:large","max-video-preview":"max-video-preview:-1"},"canonical":"https:\/\/infoelnuevonorte.com\/?p=15881","og_locale":"es_ES","og_type":"article","og_title":"Presidente Abinader anuncia creaci\u00f3n de Comit\u00e9 de Seguimiento al Plan de Gesti\u00f3n La Victoria-Las Parras | El Nuevo Norte","og_description":"Santo Domingo. &#8211; El presidente Luis Abinader anunci\u00f3 la creaci\u00f3n del Comit\u00e9 de Seguimiento al Plan de Gesti\u00f3n La Victoria-Las Parras, la cual se encargar\u00e1 de dar continuidad a las licitaciones y contratos necesarios para la transici\u00f3n de la c\u00e1rcel La Victoria al nuevo recinto Las Parras. El mandatario reiter\u00f3 que el tema penitenciario ha [&hellip;]","og_url":"https:\/\/infoelnuevonorte.com\/?p=15881","og_site_name":"El Nuevo Norte","article_publisher":"https:\/\/www.facebook.com\/infoenn","article_published_time":"2024-03-25T22:18:28+00:00","article_modified_time":"2024-03-25T22:18:31+00:00","og_image":[{"width":1600,"height":1066,"url":"https:\/\/infoelnuevonorte.com\/wp-content\/uploads\/2024\/03\/WhatsApp-Image-2024-03-25-at-6.12.37-PM-jpeg.webp","type":"image\/jpeg"}],"author":"InfoEnn","twitter_card":"summary_large_image","twitter_creator":"@Elnuevo_norte","twitter_site":"@Elnuevo_norte","twitter_misc":{"Written by":"InfoEnn","Est. reading time":"2 minutos"},"schema":{"@context":"https:\/\/schema.org","@graph":[{"@type":"Article","@id":"https:\/\/infoelnuevonorte.com\/?p=15881#article","isPartOf":{"@id":"https:\/\/infoelnuevonorte.com\/?p=15881"},"author":{"name":"InfoEnn","@id":"https:\/\/infoelnuevonorte.com\/#\/schema\/person\/fd4f6d90afe41260818b4ea94ad8ab84"},"headline":"Presidente Abinader anuncia creaci\u00f3n de Comit\u00e9 de Seguimiento al Plan de Gesti\u00f3n La Victoria-Las Parras","datePublished":"2024-03-25T22:18:28+00:00","dateModified":"2024-03-25T22:18:31+00:00","mainEntityOfPage":{"@id":"https:\/\/infoelnuevonorte.com\/?p=15881"},"wordCount":376,"publisher":{"@id":"https:\/\/infoelnuevonorte.com\/#organization"},"articleSection":["Actualidad |","Nacionales"],"inLanguage":"es-DO"},{"@type":"WebPage","@id":"https:\/\/infoelnuevonorte.com\/?p=15881","url":"https:\/\/infoelnuevonorte.com\/?p=15881","name":"Presidente Abinader anuncia creaci\u00f3n de Comit\u00e9 de Seguimiento al Plan de Gesti\u00f3n La Victoria-Las Parras | El Nuevo Norte","isPartOf":{"@id":"https:\/\/infoelnuevonorte.com\/#website"},"datePublished":"2024-03-25T22:18:28+00:00","dateModified":"2024-03-25T22:18:31+00:00","breadcrumb":{"@id":"https:\/\/infoelnuevonorte.com\/?p=15881#breadcrumb"},"inLanguage":"es-DO","potentialAction":[{"@type":"ReadAction","target":["https:\/\/infoelnuevonorte.com\/?p=15881"]}]},{"@type":"BreadcrumbList","@id":"https:\/\/infoelnuevonorte.com\/?p=15881#breadcrumb","itemListElement":[{"@type":"ListItem","position":1,"name":"Home","item":"https:\/\/infoelnuevonorte.com\/"},{"@type":"ListItem","position":2,"name":"Presidente Abinader anuncia creaci\u00f3n de Comit\u00e9 de Seguimiento al Plan de Gesti\u00f3n La Victoria-Las Parras"}]},{"@type":"WebSite","@id":"https:\/\/infoelnuevonorte.com\/#website","url":"https:\/\/infoelnuevonorte.com\/","name":"InfoEnn","description":"Tu Voz, tu Verdad, tu Diario!!!","publisher":{"@id":"https:\/\/infoelnuevonorte.com\/#organization"},"alternateName":"El Nuevo Norte","potentialAction":[{"@type":"SearchAction","target":{"@type":"EntryPoint","urlTemplate":"https:\/\/infoelnuevonorte.com\/?s={search_term_string}"},"query-input":{"@type":"PropertyValueSpecification","valueRequired":true,"valueName":"search_term_string"}}],"inLanguage":"es-DO"},{"@type":"Organization","@id":"https:\/\/infoelnuevonorte.com\/#organization","name":"Info El Nuevo Norte","alternateName":"El Nuevo Norte","url":"https:\/\/infoelnuevonorte.com\/","logo":{"@type":"ImageObject","inLanguage":"es-DO","@id":"https:\/\/infoelnuevonorte.com\/#\/schema\/logo\/image\/","url":"https:\/\/infoelnuevonorte.com\/wp-content\/uploads\/2026\/02\/Logo-Info-enn-3d-20ani.jpeg","contentUrl":"https:\/\/infoelnuevonorte.com\/wp-content\/uploads\/2026\/02\/Logo-Info-enn-3d-20ani.jpeg","width":2046,"height":736,"caption":"Info El Nuevo Norte"},"image":{"@id":"https:\/\/infoelnuevonorte.com\/#\/schema\/logo\/image\/"},"sameAs":["https:\/\/www.facebook.com\/infoenn","https:\/\/x.com\/Elnuevo_norte","https:\/\/www.instagram.com\/infoenn","https:\/\/www.facebook.com\/ENNRD"]},{"@type":"Person","@id":"https:\/\/infoelnuevonorte.com\/#\/schema\/person\/fd4f6d90afe41260818b4ea94ad8ab84","name":"InfoEnn","image":{"@type":"ImageObject","inLanguage":"es-DO","@id":"https:\/\/infoelnuevonorte.com\/#\/schema\/person\/image\/","url":"https:\/\/secure.gravatar.com\/avatar\/d4d760a41a48ba9db0a82bfb63bb0783?s=96&d=robohash&r=g","contentUrl":"https:\/\/secure.gravatar.com\/avatar\/d4d760a41a48ba9db0a82bfb63bb0783?s=96&d=robohash&r=g","caption":"InfoEnn"},"sameAs":["https:\/\/infoelnuevonorte.com"],"url":"https:\/\/infoelnuevonorte.com\/?author=1"}]}},"_links":{"self":[{"href":"https:\/\/infoelnuevonorte.com\/index.php?rest_route=\/wp\/v2\/posts\/15881"}],"collection":[{"href":"https:\/\/infoelnuevonorte.com\/index.php?rest_route=\/wp\/v2\/posts"}],"about":[{"href":"https:\/\/infoelnuevonorte.com\/index.php?rest_route=\/wp\/v2\/types\/post"}],"author":[{"embeddable":true,"href":"https:\/\/infoelnuevonorte.com\/index.php?rest_route=\/wp\/v2\/users\/1"}],"replies":[{"embeddable":true,"href":"https:\/\/infoelnuevonorte.com\/index.php?rest_route=%2Fwp%2Fv2%2Fcomments&post=15881"}],"version-history":[{"count":0,"href":"https:\/\/infoelnuevonorte.com\/index.php?rest_route=\/wp\/v2\/posts\/15881\/revisions"}],"wp:attachment":[{"href":"https:\/\/infoelnuevonorte.com\/index.php?rest_route=%2Fwp%2Fv2%2Fmedia&parent=15881"}],"wp:term":[{"taxonomy":"category","embeddable":true,"href":"https:\/\/infoelnuevonorte.com\/index.php?rest_route=%2Fwp%2Fv2%2Fcategories&post=15881"},{"taxonomy":"post_tag","embeddable":true,"href":"https:\/\/infoelnuevonorte.com\/index.php?rest_route=%2Fwp%2Fv2%2Ftags&post=15881"}],"curies":[{"name":"wp","href":"https:\/\/api.w.org\/{rel}","templated":true}]}}