{"id":15885,"date":"2024-03-26T06:34:14","date_gmt":"2024-03-26T10:34:14","guid":{"rendered":"https:\/\/infoelnuevonorte.com\/?p=15885"},"modified":"2024-03-26T06:34:16","modified_gmt":"2024-03-26T10:34:16","slug":"abinader-dice-coronela-destituida-en-la-victoria-va-seguir-trabajando-con-la-reforma-penitenciaria","status":"publish","type":"post","link":"https:\/\/infoelnuevonorte.com\/?p=15885","title":{"rendered":"Abinader dice coronela destituida en La Victoria \u00abva seguir trabajando con la reforma penitenciaria\u201d"},"content":{"rendered":"<!--[if lt IE 9]><script>document.createElement('audio');<\/script><![endif]-->\n<audio class=\"wp-audio-shortcode\" id=\"audio-15885-1\" preload=\"none\" style=\"width: 100%;\" controls=\"controls\"><source type=\"audio\/mpeg\" src=\"https:\/\/infoelnuevonorte.com\/wp-content\/uploads\/2024\/03\/ttsmaker-file-2024-3-26-6-33-26.mp3?_=1\" \/><a href=\"https:\/\/infoelnuevonorte.com\/wp-content\/uploads\/2024\/03\/ttsmaker-file-2024-3-26-6-33-26.mp3\">https:\/\/infoelnuevonorte.com\/wp-content\/uploads\/2024\/03\/ttsmaker-file-2024-3-26-6-33-26.mp3<\/a><\/audio>\n<p style=\"text-align: justify;\"><strong>Santo Domingo.-<\/strong> <strong>Luis Abinader<\/strong>, presidente de la Rep\u00fablica, a trav\u00e9s su encuentro con la prensa en La Semanal, habl\u00f3 sobre <strong>Mar\u00eda Isabel Gil Morales<\/strong>, directora de <b>la Penitenciaria Nacional de La Victoria<\/b>, quien fue destituida sus funciones varios d\u00edas despu\u00e9s de\u00a0 haberse producido un incendio que dej\u00f3 un saldo de 13 muertos.<\/p>\n<p style=\"text-align: justify;\"><b>El mandatario dijo: \u201cTodos los informes que yo tengo de esa coronela son excelentes y una gran profesional, quiz\u00e1s tiene de tener un tema de experiencia en los temas penitenciarios que estoy seguro de que lo ha acumulado y lo seguir\u00e1 acumulando, <span class=\"OYPEnA text-decoration-none text-strikethrough-none\">va a seguir trabajando con nosotros con la reforma penitenciaria<\/span>\u201d.<\/b><\/p>\n<p style=\"text-align: justify;\">El jefe de Estado no destac\u00f3 alguna raz\u00f3n espec\u00edfica de la pronta destituci\u00f3n del cargo de Gil Morales.<\/p>\n<p style=\"text-align: justify;\">Recordar que la destituci\u00f3n de la coronela Gil Torres se dio a conocer este domingo,tras un incendio donde 13 reclusos fallecieron y otros resultaron heridos. Anteriormente la noche del s\u00e1bado fue registrado un conato de incendio en La Victoria.<\/p>\n","protected":false},"excerpt":{"rendered":"<p>Santo Domingo.- Luis Abinader, presidente de la Rep\u00fablica, a trav\u00e9s su encuentro con la prensa en La Semanal, habl\u00f3 sobre Mar\u00eda Isabel Gil Morales, directora de la Penitenciaria Nacional de La Victoria, quien fue destituida sus funciones varios d\u00edas despu\u00e9s de\u00a0 haberse producido un incendio que dej\u00f3 un saldo de 13 muertos. El mandatario dijo: [&hellip;]<\/p>\n","protected":false},"author":1,"featured_media":0,"comment_status":"closed","ping_status":"open","sticky":false,"template":"","format":"standard","meta":{"footnotes":""},"categories":[2,8],"tags":[],"yoast_head":"<!-- This site is optimized with the Yoast SEO plugin v24.5 - https:\/\/yoast.com\/wordpress\/plugins\/seo\/ -->\n<title>Abinader dice coronela destituida en La Victoria \u00abva seguir trabajando con la reforma penitenciaria\u201d | El Nuevo Norte<\/title>\n<meta name=\"robots\" content=\"index, follow, max-snippet:-1, max-image-preview:large, max-video-preview:-1\" \/>\n<link rel=\"canonical\" href=\"https:\/\/infoelnuevonorte.com\/?p=15885\" \/>\n<meta property=\"og:locale\" content=\"es_ES\" \/>\n<meta property=\"og:type\" content=\"article\" \/>\n<meta property=\"og:title\" content=\"Abinader dice coronela destituida en La Victoria \u00abva seguir trabajando con la reforma penitenciaria\u201d | El Nuevo Norte\" \/>\n<meta property=\"og:description\" content=\"Santo Domingo.- Luis Abinader, presidente de la Rep\u00fablica, a trav\u00e9s su encuentro con la prensa en La Semanal, habl\u00f3 sobre Mar\u00eda Isabel Gil Morales, directora de la Penitenciaria Nacional de La Victoria, quien fue destituida sus funciones varios d\u00edas despu\u00e9s de\u00a0 haberse producido un incendio que dej\u00f3 un saldo de 13 muertos. El mandatario dijo: [&hellip;]\" \/>\n<meta property=\"og:url\" content=\"https:\/\/infoelnuevonorte.com\/?p=15885\" \/>\n<meta property=\"og:site_name\" content=\"El Nuevo Norte\" \/>\n<meta property=\"article:publisher\" content=\"https:\/\/www.facebook.com\/infoenn\" \/>\n<meta property=\"article:published_time\" content=\"2024-03-26T10:34:14+00:00\" \/>\n<meta property=\"article:modified_time\" content=\"2024-03-26T10:34:16+00:00\" \/>\n<meta property=\"og:image\" content=\"https:\/\/infoelnuevonorte.com\/wp-content\/uploads\/2024\/03\/abicoro.png\" \/>\n\t<meta property=\"og:image:width\" content=\"750\" \/>\n\t<meta property=\"og:image:height\" content=\"375\" \/>\n\t<meta property=\"og:image:type\" content=\"image\/png\" \/>\n<meta name=\"author\" content=\"InfoEnn\" \/>\n<meta name=\"twitter:card\" content=\"summary_large_image\" \/>\n<meta name=\"twitter:creator\" content=\"@Elnuevo_norte\" \/>\n<meta name=\"twitter:site\" content=\"@Elnuevo_norte\" \/>\n<meta name=\"twitter:label1\" content=\"Written by\" \/>\n\t<meta name=\"twitter:data1\" content=\"InfoEnn\" \/>\n\t<meta name=\"twitter:label2\" content=\"Est. reading time\" \/>\n\t<meta name=\"twitter:data2\" content=\"1 minuto\" \/>\n<script type=\"application\/ld+json\" class=\"yoast-schema-graph\">{\"@context\":\"https:\/\/schema.org\",\"@graph\":[{\"@type\":\"Article\",\"@id\":\"https:\/\/infoelnuevonorte.com\/?p=15885#article\",\"isPartOf\":{\"@id\":\"https:\/\/infoelnuevonorte.com\/?p=15885\"},\"author\":{\"name\":\"InfoEnn\",\"@id\":\"https:\/\/infoelnuevonorte.com\/#\/schema\/person\/fd4f6d90afe41260818b4ea94ad8ab84\"},\"headline\":\"Abinader dice coronela destituida en La Victoria \u00abva seguir trabajando con la reforma penitenciaria\u201d\",\"datePublished\":\"2024-03-26T10:34:14+00:00\",\"dateModified\":\"2024-03-26T10:34:16+00:00\",\"mainEntityOfPage\":{\"@id\":\"https:\/\/infoelnuevonorte.com\/?p=15885\"},\"wordCount\":201,\"publisher\":{\"@id\":\"https:\/\/infoelnuevonorte.com\/#organization\"},\"articleSection\":[\"Actualidad |\",\"Nacionales\"],\"inLanguage\":\"es-DO\"},{\"@type\":\"WebPage\",\"@id\":\"https:\/\/infoelnuevonorte.com\/?p=15885\",\"url\":\"https:\/\/infoelnuevonorte.com\/?p=15885\",\"name\":\"Abinader dice coronela destituida en La Victoria \u00abva seguir trabajando con la reforma penitenciaria\u201d | El Nuevo Norte\",\"isPartOf\":{\"@id\":\"https:\/\/infoelnuevonorte.com\/#website\"},\"datePublished\":\"2024-03-26T10:34:14+00:00\",\"dateModified\":\"2024-03-26T10:34:16+00:00\",\"breadcrumb\":{\"@id\":\"https:\/\/infoelnuevonorte.com\/?p=15885#breadcrumb\"},\"inLanguage\":\"es-DO\",\"potentialAction\":[{\"@type\":\"ReadAction\",\"target\":[\"https:\/\/infoelnuevonorte.com\/?p=15885\"]}]},{\"@type\":\"BreadcrumbList\",\"@id\":\"https:\/\/infoelnuevonorte.com\/?p=15885#breadcrumb\",\"itemListElement\":[{\"@type\":\"ListItem\",\"position\":1,\"name\":\"Home\",\"item\":\"https:\/\/infoelnuevonorte.com\/\"},{\"@type\":\"ListItem\",\"position\":2,\"name\":\"Abinader dice coronela destituida en La Victoria \u00abva seguir trabajando con la reforma penitenciaria\u201d\"}]},{\"@type\":\"WebSite\",\"@id\":\"https:\/\/infoelnuevonorte.com\/#website\",\"url\":\"https:\/\/infoelnuevonorte.com\/\",\"name\":\"InfoEnn\",\"description\":\"Tu Voz, tu Verdad, tu Diario!!!\",\"publisher\":{\"@id\":\"https:\/\/infoelnuevonorte.com\/#organization\"},\"alternateName\":\"El Nuevo Norte\",\"potentialAction\":[{\"@type\":\"SearchAction\",\"target\":{\"@type\":\"EntryPoint\",\"urlTemplate\":\"https:\/\/infoelnuevonorte.com\/?s={search_term_string}\"},\"query-input\":{\"@type\":\"PropertyValueSpecification\",\"valueRequired\":true,\"valueName\":\"search_term_string\"}}],\"inLanguage\":\"es-DO\"},{\"@type\":\"Organization\",\"@id\":\"https:\/\/infoelnuevonorte.com\/#organization\",\"name\":\"Info El Nuevo Norte\",\"alternateName\":\"El Nuevo Norte\",\"url\":\"https:\/\/infoelnuevonorte.com\/\",\"logo\":{\"@type\":\"ImageObject\",\"inLanguage\":\"es-DO\",\"@id\":\"https:\/\/infoelnuevonorte.com\/#\/schema\/logo\/image\/\",\"url\":\"https:\/\/infoelnuevonorte.com\/wp-content\/uploads\/2026\/02\/Logo-Info-enn-3d-20ani.jpeg\",\"contentUrl\":\"https:\/\/infoelnuevonorte.com\/wp-content\/uploads\/2026\/02\/Logo-Info-enn-3d-20ani.jpeg\",\"width\":2046,\"height\":736,\"caption\":\"Info El Nuevo Norte\"},\"image\":{\"@id\":\"https:\/\/infoelnuevonorte.com\/#\/schema\/logo\/image\/\"},\"sameAs\":[\"https:\/\/www.facebook.com\/infoenn\",\"https:\/\/x.com\/Elnuevo_norte\",\"https:\/\/www.instagram.com\/infoenn\",\"https:\/\/www.facebook.com\/ENNRD\"]},{\"@type\":\"Person\",\"@id\":\"https:\/\/infoelnuevonorte.com\/#\/schema\/person\/fd4f6d90afe41260818b4ea94ad8ab84\",\"name\":\"InfoEnn\",\"image\":{\"@type\":\"ImageObject\",\"inLanguage\":\"es-DO\",\"@id\":\"https:\/\/infoelnuevonorte.com\/#\/schema\/person\/image\/\",\"url\":\"https:\/\/secure.gravatar.com\/avatar\/d4d760a41a48ba9db0a82bfb63bb0783?s=96&d=robohash&r=g\",\"contentUrl\":\"https:\/\/secure.gravatar.com\/avatar\/d4d760a41a48ba9db0a82bfb63bb0783?s=96&d=robohash&r=g\",\"caption\":\"InfoEnn\"},\"sameAs\":[\"https:\/\/infoelnuevonorte.com\"],\"url\":\"https:\/\/infoelnuevonorte.com\/?author=1\"}]}<\/script>\n<!-- \/ Yoast SEO plugin. -->","yoast_head_json":{"title":"Abinader dice coronela destituida en La Victoria \u00abva seguir trabajando con la reforma penitenciaria\u201d | El Nuevo Norte","robots":{"index":"index","follow":"follow","max-snippet":"max-snippet:-1","max-image-preview":"max-image-preview:large","max-video-preview":"max-video-preview:-1"},"canonical":"https:\/\/infoelnuevonorte.com\/?p=15885","og_locale":"es_ES","og_type":"article","og_title":"Abinader dice coronela destituida en La Victoria \u00abva seguir trabajando con la reforma penitenciaria\u201d | El Nuevo Norte","og_description":"Santo Domingo.- Luis Abinader, presidente de la Rep\u00fablica, a trav\u00e9s su encuentro con la prensa en La Semanal, habl\u00f3 sobre Mar\u00eda Isabel Gil Morales, directora de la Penitenciaria Nacional de La Victoria, quien fue destituida sus funciones varios d\u00edas despu\u00e9s de\u00a0 haberse producido un incendio que dej\u00f3 un saldo de 13 muertos. El mandatario dijo: [&hellip;]","og_url":"https:\/\/infoelnuevonorte.com\/?p=15885","og_site_name":"El Nuevo Norte","article_publisher":"https:\/\/www.facebook.com\/infoenn","article_published_time":"2024-03-26T10:34:14+00:00","article_modified_time":"2024-03-26T10:34:16+00:00","og_image":[{"width":750,"height":375,"url":"https:\/\/infoelnuevonorte.com\/wp-content\/uploads\/2024\/03\/abicoro.png","type":"image\/png"}],"author":"InfoEnn","twitter_card":"summary_large_image","twitter_creator":"@Elnuevo_norte","twitter_site":"@Elnuevo_norte","twitter_misc":{"Written by":"InfoEnn","Est. reading time":"1 minuto"},"schema":{"@context":"https:\/\/schema.org","@graph":[{"@type":"Article","@id":"https:\/\/infoelnuevonorte.com\/?p=15885#article","isPartOf":{"@id":"https:\/\/infoelnuevonorte.com\/?p=15885"},"author":{"name":"InfoEnn","@id":"https:\/\/infoelnuevonorte.com\/#\/schema\/person\/fd4f6d90afe41260818b4ea94ad8ab84"},"headline":"Abinader dice coronela destituida en La Victoria \u00abva seguir trabajando con la reforma penitenciaria\u201d","datePublished":"2024-03-26T10:34:14+00:00","dateModified":"2024-03-26T10:34:16+00:00","mainEntityOfPage":{"@id":"https:\/\/infoelnuevonorte.com\/?p=15885"},"wordCount":201,"publisher":{"@id":"https:\/\/infoelnuevonorte.com\/#organization"},"articleSection":["Actualidad |","Nacionales"],"inLanguage":"es-DO"},{"@type":"WebPage","@id":"https:\/\/infoelnuevonorte.com\/?p=15885","url":"https:\/\/infoelnuevonorte.com\/?p=15885","name":"Abinader dice coronela destituida en La Victoria \u00abva seguir trabajando con la reforma penitenciaria\u201d | El Nuevo Norte","isPartOf":{"@id":"https:\/\/infoelnuevonorte.com\/#website"},"datePublished":"2024-03-26T10:34:14+00:00","dateModified":"2024-03-26T10:34:16+00:00","breadcrumb":{"@id":"https:\/\/infoelnuevonorte.com\/?p=15885#breadcrumb"},"inLanguage":"es-DO","potentialAction":[{"@type":"ReadAction","target":["https:\/\/infoelnuevonorte.com\/?p=15885"]}]},{"@type":"BreadcrumbList","@id":"https:\/\/infoelnuevonorte.com\/?p=15885#breadcrumb","itemListElement":[{"@type":"ListItem","position":1,"name":"Home","item":"https:\/\/infoelnuevonorte.com\/"},{"@type":"ListItem","position":2,"name":"Abinader dice coronela destituida en La Victoria \u00abva seguir trabajando con la reforma penitenciaria\u201d"}]},{"@type":"WebSite","@id":"https:\/\/infoelnuevonorte.com\/#website","url":"https:\/\/infoelnuevonorte.com\/","name":"InfoEnn","description":"Tu Voz, tu Verdad, tu Diario!!!","publisher":{"@id":"https:\/\/infoelnuevonorte.com\/#organization"},"alternateName":"El Nuevo Norte","potentialAction":[{"@type":"SearchAction","target":{"@type":"EntryPoint","urlTemplate":"https:\/\/infoelnuevonorte.com\/?s={search_term_string}"},"query-input":{"@type":"PropertyValueSpecification","valueRequired":true,"valueName":"search_term_string"}}],"inLanguage":"es-DO"},{"@type":"Organization","@id":"https:\/\/infoelnuevonorte.com\/#organization","name":"Info El Nuevo Norte","alternateName":"El Nuevo Norte","url":"https:\/\/infoelnuevonorte.com\/","logo":{"@type":"ImageObject","inLanguage":"es-DO","@id":"https:\/\/infoelnuevonorte.com\/#\/schema\/logo\/image\/","url":"https:\/\/infoelnuevonorte.com\/wp-content\/uploads\/2026\/02\/Logo-Info-enn-3d-20ani.jpeg","contentUrl":"https:\/\/infoelnuevonorte.com\/wp-content\/uploads\/2026\/02\/Logo-Info-enn-3d-20ani.jpeg","width":2046,"height":736,"caption":"Info El Nuevo Norte"},"image":{"@id":"https:\/\/infoelnuevonorte.com\/#\/schema\/logo\/image\/"},"sameAs":["https:\/\/www.facebook.com\/infoenn","https:\/\/x.com\/Elnuevo_norte","https:\/\/www.instagram.com\/infoenn","https:\/\/www.facebook.com\/ENNRD"]},{"@type":"Person","@id":"https:\/\/infoelnuevonorte.com\/#\/schema\/person\/fd4f6d90afe41260818b4ea94ad8ab84","name":"InfoEnn","image":{"@type":"ImageObject","inLanguage":"es-DO","@id":"https:\/\/infoelnuevonorte.com\/#\/schema\/person\/image\/","url":"https:\/\/secure.gravatar.com\/avatar\/d4d760a41a48ba9db0a82bfb63bb0783?s=96&d=robohash&r=g","contentUrl":"https:\/\/secure.gravatar.com\/avatar\/d4d760a41a48ba9db0a82bfb63bb0783?s=96&d=robohash&r=g","caption":"InfoEnn"},"sameAs":["https:\/\/infoelnuevonorte.com"],"url":"https:\/\/infoelnuevonorte.com\/?author=1"}]}},"_links":{"self":[{"href":"https:\/\/infoelnuevonorte.com\/index.php?rest_route=\/wp\/v2\/posts\/15885"}],"collection":[{"href":"https:\/\/infoelnuevonorte.com\/index.php?rest_route=\/wp\/v2\/posts"}],"about":[{"href":"https:\/\/infoelnuevonorte.com\/index.php?rest_route=\/wp\/v2\/types\/post"}],"author":[{"embeddable":true,"href":"https:\/\/infoelnuevonorte.com\/index.php?rest_route=\/wp\/v2\/users\/1"}],"replies":[{"embeddable":true,"href":"https:\/\/infoelnuevonorte.com\/index.php?rest_route=%2Fwp%2Fv2%2Fcomments&post=15885"}],"version-history":[{"count":0,"href":"https:\/\/infoelnuevonorte.com\/index.php?rest_route=\/wp\/v2\/posts\/15885\/revisions"}],"wp:attachment":[{"href":"https:\/\/infoelnuevonorte.com\/index.php?rest_route=%2Fwp%2Fv2%2Fmedia&parent=15885"}],"wp:term":[{"taxonomy":"category","embeddable":true,"href":"https:\/\/infoelnuevonorte.com\/index.php?rest_route=%2Fwp%2Fv2%2Fcategories&post=15885"},{"taxonomy":"post_tag","embeddable":true,"href":"https:\/\/infoelnuevonorte.com\/index.php?rest_route=%2Fwp%2Fv2%2Ftags&post=15885"}],"curies":[{"name":"wp","href":"https:\/\/api.w.org\/{rel}","templated":true}]}}