{"id":15891,"date":"2024-03-26T06:40:56","date_gmt":"2024-03-26T10:40:56","guid":{"rendered":"https:\/\/infoelnuevonorte.com\/?p=15891"},"modified":"2024-03-26T06:40:59","modified_gmt":"2024-03-26T10:40:59","slug":"designan-al-coronel-roberto-nivar-como-director-de-la-carcel-la-victoria","status":"publish","type":"post","link":"https:\/\/infoelnuevonorte.com\/?p=15891","title":{"rendered":"Designan al coronel Roberto Nivar como director de la c\u00e1rcel La Victoria"},"content":{"rendered":"<!--[if lt IE 9]><script>document.createElement('audio');<\/script><![endif]-->\n<audio class=\"wp-audio-shortcode\" id=\"audio-15891-1\" preload=\"none\" style=\"width: 100%;\" controls=\"controls\"><source type=\"audio\/mpeg\" src=\"https:\/\/infoelnuevonorte.com\/wp-content\/uploads\/2024\/03\/ttsmaker-file-2024-3-26-6-40-25.mp3?_=1\" \/><a href=\"https:\/\/infoelnuevonorte.com\/wp-content\/uploads\/2024\/03\/ttsmaker-file-2024-3-26-6-40-25.mp3\">https:\/\/infoelnuevonorte.com\/wp-content\/uploads\/2024\/03\/ttsmaker-file-2024-3-26-6-40-25.mp3<\/a><\/audio>\n<p style=\"text-align: justify;\"><strong><img loading=\"lazy\" decoding=\"async\" class=\"alignleft size-full wp-image-15893\" src=\"https:\/\/infoelnuevonorte.com\/wp-content\/uploads\/2024\/03\/coroe-jpeg.webp\" alt=\"\" width=\"202\" height=\"256\" \/>SANTO DOMINGO.-\u00a0 <\/strong>La <strong>Direcci\u00f3n General de la Polic\u00eda Nacional,<\/strong> design\u00f3 este lunes nuevos comandantes en distintos departamentos<strong> operativos de la instituci\u00f3n,<\/strong> incluyendo el correspondiente al Centro de <strong>Privaci\u00f3n de Libertad La Victoria.<\/strong><\/p>\n<p style=\"text-align: justify;\">Entre las nuevas designaciones figura la del <strong>coronel Roberto Nivar,<\/strong> quien en lo adelante desempe\u00f1ar\u00e1 las funciones del Departamento Operativo de la Penitenciaria Naciona<strong>l La Victoria,<\/strong> en sustituci\u00f3n de la tambi\u00e9n <strong>coronel Mar\u00eda Isabel Gil Morales.<br \/>\n<\/strong><\/p>\n<p style=\"text-align: justify;\"><strong>Mientras que l<span class=\"grammar correction\" title=\"Esta frase no empieza con may\u00fascula.\" data-type=\"grammar\" data-suggestions=\"[{&quot;value&quot;:&quot;La&quot;}]\" data-rule=\"UPPERCASE_SENTENCE_START\" data-word=\"la\">a<\/span>\u00a0coronel Gil Morales fue designada como encargada del Departamento de Protecci\u00f3n y Seguridad a Funcionarios de la Polic\u00eda Nacional.<\/strong><\/p>\n<p style=\"text-align: justify;\">En tanto, que el coronel <strong>Ricardo Bid\u00f3 Bid\u00f3<\/strong> fue designado comandante del Departamento Operativo\u00a0 C\u00e1rcel P\u00fablica Km. 15 de Azua, en sustituci\u00f3n del <strong>coronel Roberto Nivar.\u00a0<\/strong><\/p>\n<div class=\"google-auto-placed ap_container\"><ins class=\"adsbygoogle adsbygoogle-noablate\" data-ad-format=\"auto\" data-ad-client=\"ca-pub-5130913914466357\" data-adsbygoogle-status=\"done\" data-ad-status=\"filled\"><\/p>\n<div id=\"aswift_5_host\" style=\"text-align: justify;\" tabindex=\"0\" title=\"Advertisement\" aria-label=\"Advertisement\"><\/div>\n<p><\/ins><\/div>\n","protected":false},"excerpt":{"rendered":"<p>SANTO DOMINGO.-\u00a0 La Direcci\u00f3n General de la Polic\u00eda Nacional, design\u00f3 este lunes nuevos comandantes en distintos departamentos operativos de la instituci\u00f3n, incluyendo el correspondiente al Centro de Privaci\u00f3n de Libertad La Victoria. Entre las nuevas designaciones figura la del coronel Roberto Nivar, quien en lo adelante desempe\u00f1ar\u00e1 las funciones del Departamento Operativo de la Penitenciaria [&hellip;]<\/p>\n","protected":false},"author":1,"featured_media":0,"comment_status":"closed","ping_status":"open","sticky":false,"template":"","format":"standard","meta":{"footnotes":""},"categories":[2,8],"tags":[],"yoast_head":"<!-- This site is optimized with the Yoast SEO plugin v24.5 - https:\/\/yoast.com\/wordpress\/plugins\/seo\/ -->\n<title>Designan al coronel Roberto Nivar como director de la c\u00e1rcel La Victoria | El Nuevo Norte<\/title>\n<meta name=\"robots\" content=\"index, follow, max-snippet:-1, max-image-preview:large, max-video-preview:-1\" \/>\n<link rel=\"canonical\" href=\"https:\/\/infoelnuevonorte.com\/?p=15891\" \/>\n<meta property=\"og:locale\" content=\"es_ES\" \/>\n<meta property=\"og:type\" content=\"article\" \/>\n<meta property=\"og:title\" content=\"Designan al coronel Roberto Nivar como director de la c\u00e1rcel La Victoria | El Nuevo Norte\" \/>\n<meta property=\"og:description\" content=\"SANTO DOMINGO.-\u00a0 La Direcci\u00f3n General de la Polic\u00eda Nacional, design\u00f3 este lunes nuevos comandantes en distintos departamentos operativos de la instituci\u00f3n, incluyendo el correspondiente al Centro de Privaci\u00f3n de Libertad La Victoria. Entre las nuevas designaciones figura la del coronel Roberto Nivar, quien en lo adelante desempe\u00f1ar\u00e1 las funciones del Departamento Operativo de la Penitenciaria [&hellip;]\" \/>\n<meta property=\"og:url\" content=\"https:\/\/infoelnuevonorte.com\/?p=15891\" \/>\n<meta property=\"og:site_name\" content=\"El Nuevo Norte\" \/>\n<meta property=\"article:publisher\" content=\"https:\/\/www.facebook.com\/infoenn\" \/>\n<meta property=\"article:published_time\" content=\"2024-03-26T10:40:56+00:00\" \/>\n<meta property=\"article:modified_time\" content=\"2024-03-26T10:40:59+00:00\" \/>\n<meta property=\"og:image\" content=\"https:\/\/infoelnuevonorte.com\/wp-content\/uploads\/2024\/03\/La-Victoria-1-1-jpg.webp\" \/>\n\t<meta property=\"og:image:width\" content=\"375\" \/>\n\t<meta property=\"og:image:height\" content=\"240\" \/>\n\t<meta property=\"og:image:type\" content=\"image\/jpeg\" \/>\n<meta name=\"author\" content=\"InfoEnn\" \/>\n<meta name=\"twitter:card\" content=\"summary_large_image\" \/>\n<meta name=\"twitter:creator\" content=\"@Elnuevo_norte\" \/>\n<meta name=\"twitter:site\" content=\"@Elnuevo_norte\" \/>\n<meta name=\"twitter:label1\" content=\"Written by\" \/>\n\t<meta name=\"twitter:data1\" content=\"InfoEnn\" \/>\n\t<meta name=\"twitter:label2\" content=\"Est. reading time\" \/>\n\t<meta name=\"twitter:data2\" content=\"1 minuto\" \/>\n<script type=\"application\/ld+json\" class=\"yoast-schema-graph\">{\"@context\":\"https:\/\/schema.org\",\"@graph\":[{\"@type\":\"Article\",\"@id\":\"https:\/\/infoelnuevonorte.com\/?p=15891#article\",\"isPartOf\":{\"@id\":\"https:\/\/infoelnuevonorte.com\/?p=15891\"},\"author\":{\"name\":\"InfoEnn\",\"@id\":\"https:\/\/infoelnuevonorte.com\/#\/schema\/person\/fd4f6d90afe41260818b4ea94ad8ab84\"},\"headline\":\"Designan al coronel Roberto Nivar como director de la c\u00e1rcel La Victoria\",\"datePublished\":\"2024-03-26T10:40:56+00:00\",\"dateModified\":\"2024-03-26T10:40:59+00:00\",\"mainEntityOfPage\":{\"@id\":\"https:\/\/infoelnuevonorte.com\/?p=15891\"},\"wordCount\":157,\"publisher\":{\"@id\":\"https:\/\/infoelnuevonorte.com\/#organization\"},\"image\":{\"@id\":\"https:\/\/infoelnuevonorte.com\/?p=15891#primaryimage\"},\"thumbnailUrl\":\"https:\/\/infoelnuevonorte.com\/wp-content\/uploads\/2024\/03\/coroe-jpeg.webp\",\"articleSection\":[\"Actualidad |\",\"Nacionales\"],\"inLanguage\":\"es-DO\"},{\"@type\":\"WebPage\",\"@id\":\"https:\/\/infoelnuevonorte.com\/?p=15891\",\"url\":\"https:\/\/infoelnuevonorte.com\/?p=15891\",\"name\":\"Designan al coronel Roberto Nivar como director de la c\u00e1rcel La Victoria | El Nuevo Norte\",\"isPartOf\":{\"@id\":\"https:\/\/infoelnuevonorte.com\/#website\"},\"primaryImageOfPage\":{\"@id\":\"https:\/\/infoelnuevonorte.com\/?p=15891#primaryimage\"},\"image\":{\"@id\":\"https:\/\/infoelnuevonorte.com\/?p=15891#primaryimage\"},\"thumbnailUrl\":\"https:\/\/infoelnuevonorte.com\/wp-content\/uploads\/2024\/03\/coroe-jpeg.webp\",\"datePublished\":\"2024-03-26T10:40:56+00:00\",\"dateModified\":\"2024-03-26T10:40:59+00:00\",\"breadcrumb\":{\"@id\":\"https:\/\/infoelnuevonorte.com\/?p=15891#breadcrumb\"},\"inLanguage\":\"es-DO\",\"potentialAction\":[{\"@type\":\"ReadAction\",\"target\":[\"https:\/\/infoelnuevonorte.com\/?p=15891\"]}]},{\"@type\":\"ImageObject\",\"inLanguage\":\"es-DO\",\"@id\":\"https:\/\/infoelnuevonorte.com\/?p=15891#primaryimage\",\"url\":\"\",\"contentUrl\":\"\"},{\"@type\":\"BreadcrumbList\",\"@id\":\"https:\/\/infoelnuevonorte.com\/?p=15891#breadcrumb\",\"itemListElement\":[{\"@type\":\"ListItem\",\"position\":1,\"name\":\"Home\",\"item\":\"https:\/\/infoelnuevonorte.com\/\"},{\"@type\":\"ListItem\",\"position\":2,\"name\":\"Designan al coronel Roberto Nivar como director de la c\u00e1rcel La Victoria\"}]},{\"@type\":\"WebSite\",\"@id\":\"https:\/\/infoelnuevonorte.com\/#website\",\"url\":\"https:\/\/infoelnuevonorte.com\/\",\"name\":\"InfoEnn\",\"description\":\"Tu Voz, tu Verdad, tu Diario!!!\",\"publisher\":{\"@id\":\"https:\/\/infoelnuevonorte.com\/#organization\"},\"alternateName\":\"El Nuevo Norte\",\"potentialAction\":[{\"@type\":\"SearchAction\",\"target\":{\"@type\":\"EntryPoint\",\"urlTemplate\":\"https:\/\/infoelnuevonorte.com\/?s={search_term_string}\"},\"query-input\":{\"@type\":\"PropertyValueSpecification\",\"valueRequired\":true,\"valueName\":\"search_term_string\"}}],\"inLanguage\":\"es-DO\"},{\"@type\":\"Organization\",\"@id\":\"https:\/\/infoelnuevonorte.com\/#organization\",\"name\":\"Info El Nuevo Norte\",\"alternateName\":\"El Nuevo Norte\",\"url\":\"https:\/\/infoelnuevonorte.com\/\",\"logo\":{\"@type\":\"ImageObject\",\"inLanguage\":\"es-DO\",\"@id\":\"https:\/\/infoelnuevonorte.com\/#\/schema\/logo\/image\/\",\"url\":\"https:\/\/infoelnuevonorte.com\/wp-content\/uploads\/2026\/02\/Logo-Info-enn-3d-20ani.jpeg\",\"contentUrl\":\"https:\/\/infoelnuevonorte.com\/wp-content\/uploads\/2026\/02\/Logo-Info-enn-3d-20ani.jpeg\",\"width\":2046,\"height\":736,\"caption\":\"Info El Nuevo Norte\"},\"image\":{\"@id\":\"https:\/\/infoelnuevonorte.com\/#\/schema\/logo\/image\/\"},\"sameAs\":[\"https:\/\/www.facebook.com\/infoenn\",\"https:\/\/x.com\/Elnuevo_norte\",\"https:\/\/www.instagram.com\/infoenn\",\"https:\/\/www.facebook.com\/ENNRD\"]},{\"@type\":\"Person\",\"@id\":\"https:\/\/infoelnuevonorte.com\/#\/schema\/person\/fd4f6d90afe41260818b4ea94ad8ab84\",\"name\":\"InfoEnn\",\"image\":{\"@type\":\"ImageObject\",\"inLanguage\":\"es-DO\",\"@id\":\"https:\/\/infoelnuevonorte.com\/#\/schema\/person\/image\/\",\"url\":\"https:\/\/secure.gravatar.com\/avatar\/d4d760a41a48ba9db0a82bfb63bb0783?s=96&d=robohash&r=g\",\"contentUrl\":\"https:\/\/secure.gravatar.com\/avatar\/d4d760a41a48ba9db0a82bfb63bb0783?s=96&d=robohash&r=g\",\"caption\":\"InfoEnn\"},\"sameAs\":[\"https:\/\/infoelnuevonorte.com\"],\"url\":\"https:\/\/infoelnuevonorte.com\/?author=1\"}]}<\/script>\n<!-- \/ Yoast SEO plugin. -->","yoast_head_json":{"title":"Designan al coronel Roberto Nivar como director de la c\u00e1rcel La Victoria | El Nuevo Norte","robots":{"index":"index","follow":"follow","max-snippet":"max-snippet:-1","max-image-preview":"max-image-preview:large","max-video-preview":"max-video-preview:-1"},"canonical":"https:\/\/infoelnuevonorte.com\/?p=15891","og_locale":"es_ES","og_type":"article","og_title":"Designan al coronel Roberto Nivar como director de la c\u00e1rcel La Victoria | El Nuevo Norte","og_description":"SANTO DOMINGO.-\u00a0 La Direcci\u00f3n General de la Polic\u00eda Nacional, design\u00f3 este lunes nuevos comandantes en distintos departamentos operativos de la instituci\u00f3n, incluyendo el correspondiente al Centro de Privaci\u00f3n de Libertad La Victoria. Entre las nuevas designaciones figura la del coronel Roberto Nivar, quien en lo adelante desempe\u00f1ar\u00e1 las funciones del Departamento Operativo de la Penitenciaria [&hellip;]","og_url":"https:\/\/infoelnuevonorte.com\/?p=15891","og_site_name":"El Nuevo Norte","article_publisher":"https:\/\/www.facebook.com\/infoenn","article_published_time":"2024-03-26T10:40:56+00:00","article_modified_time":"2024-03-26T10:40:59+00:00","og_image":[{"width":375,"height":240,"url":"https:\/\/infoelnuevonorte.com\/wp-content\/uploads\/2024\/03\/La-Victoria-1-1-jpg.webp","type":"image\/jpeg"}],"author":"InfoEnn","twitter_card":"summary_large_image","twitter_creator":"@Elnuevo_norte","twitter_site":"@Elnuevo_norte","twitter_misc":{"Written by":"InfoEnn","Est. reading time":"1 minuto"},"schema":{"@context":"https:\/\/schema.org","@graph":[{"@type":"Article","@id":"https:\/\/infoelnuevonorte.com\/?p=15891#article","isPartOf":{"@id":"https:\/\/infoelnuevonorte.com\/?p=15891"},"author":{"name":"InfoEnn","@id":"https:\/\/infoelnuevonorte.com\/#\/schema\/person\/fd4f6d90afe41260818b4ea94ad8ab84"},"headline":"Designan al coronel Roberto Nivar como director de la c\u00e1rcel La Victoria","datePublished":"2024-03-26T10:40:56+00:00","dateModified":"2024-03-26T10:40:59+00:00","mainEntityOfPage":{"@id":"https:\/\/infoelnuevonorte.com\/?p=15891"},"wordCount":157,"publisher":{"@id":"https:\/\/infoelnuevonorte.com\/#organization"},"image":{"@id":"https:\/\/infoelnuevonorte.com\/?p=15891#primaryimage"},"thumbnailUrl":"https:\/\/infoelnuevonorte.com\/wp-content\/uploads\/2024\/03\/coroe-jpeg.webp","articleSection":["Actualidad |","Nacionales"],"inLanguage":"es-DO"},{"@type":"WebPage","@id":"https:\/\/infoelnuevonorte.com\/?p=15891","url":"https:\/\/infoelnuevonorte.com\/?p=15891","name":"Designan al coronel Roberto Nivar como director de la c\u00e1rcel La Victoria | El Nuevo Norte","isPartOf":{"@id":"https:\/\/infoelnuevonorte.com\/#website"},"primaryImageOfPage":{"@id":"https:\/\/infoelnuevonorte.com\/?p=15891#primaryimage"},"image":{"@id":"https:\/\/infoelnuevonorte.com\/?p=15891#primaryimage"},"thumbnailUrl":"https:\/\/infoelnuevonorte.com\/wp-content\/uploads\/2024\/03\/coroe-jpeg.webp","datePublished":"2024-03-26T10:40:56+00:00","dateModified":"2024-03-26T10:40:59+00:00","breadcrumb":{"@id":"https:\/\/infoelnuevonorte.com\/?p=15891#breadcrumb"},"inLanguage":"es-DO","potentialAction":[{"@type":"ReadAction","target":["https:\/\/infoelnuevonorte.com\/?p=15891"]}]},{"@type":"ImageObject","inLanguage":"es-DO","@id":"https:\/\/infoelnuevonorte.com\/?p=15891#primaryimage","url":"","contentUrl":""},{"@type":"BreadcrumbList","@id":"https:\/\/infoelnuevonorte.com\/?p=15891#breadcrumb","itemListElement":[{"@type":"ListItem","position":1,"name":"Home","item":"https:\/\/infoelnuevonorte.com\/"},{"@type":"ListItem","position":2,"name":"Designan al coronel Roberto Nivar como director de la c\u00e1rcel La Victoria"}]},{"@type":"WebSite","@id":"https:\/\/infoelnuevonorte.com\/#website","url":"https:\/\/infoelnuevonorte.com\/","name":"InfoEnn","description":"Tu Voz, tu Verdad, tu Diario!!!","publisher":{"@id":"https:\/\/infoelnuevonorte.com\/#organization"},"alternateName":"El Nuevo Norte","potentialAction":[{"@type":"SearchAction","target":{"@type":"EntryPoint","urlTemplate":"https:\/\/infoelnuevonorte.com\/?s={search_term_string}"},"query-input":{"@type":"PropertyValueSpecification","valueRequired":true,"valueName":"search_term_string"}}],"inLanguage":"es-DO"},{"@type":"Organization","@id":"https:\/\/infoelnuevonorte.com\/#organization","name":"Info El Nuevo Norte","alternateName":"El Nuevo Norte","url":"https:\/\/infoelnuevonorte.com\/","logo":{"@type":"ImageObject","inLanguage":"es-DO","@id":"https:\/\/infoelnuevonorte.com\/#\/schema\/logo\/image\/","url":"https:\/\/infoelnuevonorte.com\/wp-content\/uploads\/2026\/02\/Logo-Info-enn-3d-20ani.jpeg","contentUrl":"https:\/\/infoelnuevonorte.com\/wp-content\/uploads\/2026\/02\/Logo-Info-enn-3d-20ani.jpeg","width":2046,"height":736,"caption":"Info El Nuevo Norte"},"image":{"@id":"https:\/\/infoelnuevonorte.com\/#\/schema\/logo\/image\/"},"sameAs":["https:\/\/www.facebook.com\/infoenn","https:\/\/x.com\/Elnuevo_norte","https:\/\/www.instagram.com\/infoenn","https:\/\/www.facebook.com\/ENNRD"]},{"@type":"Person","@id":"https:\/\/infoelnuevonorte.com\/#\/schema\/person\/fd4f6d90afe41260818b4ea94ad8ab84","name":"InfoEnn","image":{"@type":"ImageObject","inLanguage":"es-DO","@id":"https:\/\/infoelnuevonorte.com\/#\/schema\/person\/image\/","url":"https:\/\/secure.gravatar.com\/avatar\/d4d760a41a48ba9db0a82bfb63bb0783?s=96&d=robohash&r=g","contentUrl":"https:\/\/secure.gravatar.com\/avatar\/d4d760a41a48ba9db0a82bfb63bb0783?s=96&d=robohash&r=g","caption":"InfoEnn"},"sameAs":["https:\/\/infoelnuevonorte.com"],"url":"https:\/\/infoelnuevonorte.com\/?author=1"}]}},"_links":{"self":[{"href":"https:\/\/infoelnuevonorte.com\/index.php?rest_route=\/wp\/v2\/posts\/15891"}],"collection":[{"href":"https:\/\/infoelnuevonorte.com\/index.php?rest_route=\/wp\/v2\/posts"}],"about":[{"href":"https:\/\/infoelnuevonorte.com\/index.php?rest_route=\/wp\/v2\/types\/post"}],"author":[{"embeddable":true,"href":"https:\/\/infoelnuevonorte.com\/index.php?rest_route=\/wp\/v2\/users\/1"}],"replies":[{"embeddable":true,"href":"https:\/\/infoelnuevonorte.com\/index.php?rest_route=%2Fwp%2Fv2%2Fcomments&post=15891"}],"version-history":[{"count":0,"href":"https:\/\/infoelnuevonorte.com\/index.php?rest_route=\/wp\/v2\/posts\/15891\/revisions"}],"wp:attachment":[{"href":"https:\/\/infoelnuevonorte.com\/index.php?rest_route=%2Fwp%2Fv2%2Fmedia&parent=15891"}],"wp:term":[{"taxonomy":"category","embeddable":true,"href":"https:\/\/infoelnuevonorte.com\/index.php?rest_route=%2Fwp%2Fv2%2Fcategories&post=15891"},{"taxonomy":"post_tag","embeddable":true,"href":"https:\/\/infoelnuevonorte.com\/index.php?rest_route=%2Fwp%2Fv2%2Ftags&post=15891"}],"curies":[{"name":"wp","href":"https:\/\/api.w.org\/{rel}","templated":true}]}}